{"id":167157,"date":"2015-03-06T23:00:31","date_gmt":"2015-03-06T23:00:31","guid":{"rendered":"https:\/\/www.meydan.tv\/article\/cinayet-mecellesine-edilen-deyisiklik-jurnalist-arasdirmasini-cetinlesdirmek-meqsedi-dasiyir\/"},"modified":"2015-03-06T23:00:31","modified_gmt":"2015-03-06T23:00:31","slug":"cinayet-mecellesine-edilen-deyisiklik-jurnalist-arasdirmasini-cetinlesdirmek-meqsedi-dasiyir","status":"publish","type":"post","link":"https:\/\/www.meydan.tv\/az\/article\/cinayet-mecellesine-edilen-deyisiklik-jurnalist-arasdirmasini-cetinlesdirmek-meqsedi-dasiyir\/","title":{"rendered":"&#8220;Cinay\u0259t M\u0259c\u0259ll\u0259sin\u0259 edil\u0259n d\u0259yi\u015fiklik jurnalist ara\u015fd\u0131rmas\u0131n\u0131 \u00e7\u0259tinl\u0259\u015fdirm\u0259k m\u0259qs\u0259di da\u015f\u0131y\u0131r&#8221;"},"content":{"rendered":"<figure class=\"wp-block-image size-large\">\n  <img decoding=\"async\" src=\"https:\/\/www.meydan.tv\/az\/21031\/\" alt=\"\" class=\"wp-image-21031\"\/><figcaption><\/figcaption><\/figure>\n<figure class=\"wp-block-image size-large\">\n  <img decoding=\"async\" src=\"https:\/\/www.meydan.tv\/az\/21031\/\" alt=\"\" class=\"wp-image-21031\"\/><figcaption><\/figcaption><\/figure>\n<p>\n  <i><br \/>\n    \u018fl\u0259sg\u0259r M\u0259mm\u0259dli online resurslara icaz\u0259siz \u00e7\u0131x\u0131\u015f oldu\u011fu halda bu madd\u0259nin t\u0259cr\u00fcb\u0259d\u0259 t\u0259tbiq edil\u0259c\u0259yind\u0259n \u015f\u00fcbh\u0259 edir<br \/>\n  <\/i>\n<\/p>\n<p>\n  &#8220;Cinay\u0259t M\u0259c\u0259ll\u0259sin\u0259 d\u00f6vl\u0259t sirrinin yay\u0131lmas\u0131na g\u00f6r\u0259 m\u0259suliyy\u0259ti s\u0259rtl\u0259\u015fdir\u0259n yeni d\u0259yi\u015fiklikl\u0259r jurnalist ara\u015fd\u0131rmalar\u0131n\u0131 \u00e7\u0259tinl\u0259\u015fdirm\u0259k m\u0259qs\u0259di da\u015f\u0131ya bil\u0259r&#8221;. Bunu h\u00fcquq\u015f\u00fcnas \u018fl\u0259sg\u0259r M\u0259mm\u0259dli deyib.\n<\/p>\n<p>\n  Mart\u0131n 6-da Az\u0259rbaycan CM-\u0259 yeni 284-1-ci madd\u0259 \u0259lav\u0259 edilib. Bu madd\u0259 d\u00f6vl\u0259t\u0259 x\u0259yan\u0259t v\u0259 casusluq \u0259lam\u0259ti olmadan, g\u00fcc t\u0259tbiq etm\u0259k v\u0259 ya g\u00fcc t\u0259tbiqi il\u0259 h\u0259d\u0259l\u0259m\u0259k, yalan, talan yolu il\u0259 v\u0259 ya texniki vasit\u0259l\u0259rin k\u00f6m\u0259yi il\u0259 d\u00f6vl\u0259t sirri t\u0259\u015fkil ed\u0259n m\u0259lumatlar\u0131n qanunsuz \u0259ld\u0259 edilm\u0259sin\u0259 g\u00f6r\u0259 2-5 il h\u0259bs c\u0259zas\u0131 n\u0259z\u0259rd\u0259 tutur.\n<\/p>\n<p>\n  Lakin media h\u00fcquqlar\u0131 sah\u0259sind\u0259 ekspert \u018fl\u0259sg\u0259r M\u0259mm\u0259dli online resurslara icaz\u0259siz \u00e7\u0131x\u0131\u015f oldu\u011fu halda bu madd\u0259nin t\u0259cr\u00fcb\u0259d\u0259 t\u0259tbiq edil\u0259c\u0259yind\u0259n \u015f\u00fcbh\u0259 edir.\n<\/p>\n<p>\n  H\u00fcquq\u015f\u00fcnas &#8220;Turan&#8221;a deyib ki, \u0130nternet qlobal \u015f\u0259b\u0259k\u0259dir, burada veb-resurslar\u0131n s\u0131nd\u0131r\u0131lmas\u0131 yolu il\u0259 \u0259ld\u0259 edilmi\u015f m\u0259lumat yerl\u0259\u015fdiril\u0259 bil\u0259r: &#8220;Xaricd\u0259ki hakerl\u0259rin \u0259ld\u0259 etdiyi bu m\u0259lumatlar \u00fc\u00e7\u00fcnc\u00fc \u00f6lk\u0259l\u0259r vasit\u0259sil\u0259 internet\u0259 yerl\u0259\u015fdiril\u0259 bil\u0259r. Daha sonra jurnalistl\u0259r d\u0259 bu m\u0259lumatlardan istifad\u0259 ed\u0259 bil\u0259r. Bu zaman jurnalist a\u00e7\u0131q m\u0259nb\u0259d\u0259n m\u0259lumat\u0131 d\u0259rc etdiyin\u0259 g\u00f6r\u0259 m\u0259suliyy\u0259t da\u015f\u0131m\u0131r. Buna Vikiliks materiallar\u0131 n\u00fcmun\u0259 ola bil\u0259r.\u00a0Bu resursun yayd\u0131\u011f\u0131 s\u0259n\u0259dl\u0259rd\u0259n sonradan b\u00fct\u00fcn d\u00fcnyada K\u0130V-l\u0259r istifad\u0259 edibl\u0259r. Bu s\u0259b\u0259bd\u0259n Az\u0259rbaycan\u0131n h\u00fcquq-m\u00fchafiz\u0259 orqanlar\u0131n\u0131n bel\u0259 hallarda kimis\u0259 m\u0259suliyy\u0259t\u0259 c\u0259lb etm\u0259si \u00e7\u0259tin olacaq&#8221;.\n<\/p>\n<p>\n  Eksert hesab edir ki, s\u00f6z\u00fcged\u0259n norma jurnalistl\u0259ri ara\u015fd\u0131rmadan \u00e7\u0259kindirm\u0259k m\u0259qs\u0259di da\u015f\u0131y\u0131r:\u00a0&#8220;Dig\u0259r t\u0259r\u0259fd\u0259n, d\u00f6vl\u0259t sirrinin qorunmas\u0131na g\u00f6r\u0259 m\u0259suliyy\u0259t d\u00f6vl\u0259t orqanlar\u0131n\u0131n \u00fcz\u0259rin\u0259 qoyulub v\u0259 onlar informasiya m\u00fcdafi\u0259sini t\u0259min etm\u0259k \u00f6hd\u0259liyi da\u015f\u0131y\u0131rlar&#8221;.\n<\/p>\n<div>\n<div><\/div>\n<\/p><\/div>\n<\/p>\n<div>\n<p>\n      Mart\u0131n 6-da Milli M\u0259clis h\u0259m\u00e7inin CM-in 284-c\u00fc \u201cD\u00f6vl\u0259t sirrinin yay\u0131lmas\u0131\u201d madd\u0259sinin 1 v\u0259 2-ci b\u0259ndl\u0259rin\u0259 d\u0259yi\u015fiklikl\u0259r edib.\n    <\/p>\n<p>\n      284.1-ci madd\u0259y\u0259 edilmi\u015f d\u00fcz\u0259li\u015f\u0259 \u0259sas\u0259n, d\u00f6vl\u0259t\u0259 x\u0259yan\u0259t \u0259lam\u0259tl\u0259ri olmad\u0131qda, d\u00f6vl\u0259t sirri t\u0259\u015fkil ed\u0259n m\u0259lumatlar\u0131n yay\u0131lmas\u0131na g\u00f6r\u0259 c\u0259za 3 ild\u0259n 6 il\u0259d\u0259k art\u0131r\u0131l\u0131b. \u018fvv\u0259ll\u0259r bu m\u00fcdd\u0259t 2-5 il t\u0259\u015fkil edirdi.\n    <\/p>\n<p>\n      284.2-ci madd\u0259y\u0259 edilmi\u015f d\u0259yi\u015fiklikl\u0259r\u0259 \u0259sas\u0259n, h\u0259min \u0259m\u0259ll\u0259r a\u011f\u0131r n\u0259tic\u0259l\u0259r\u0259 s\u0259b\u0259b olduqda 4 ild\u0259n 8 il\u0259d\u0259k azadl\u0131qdan m\u0259hrumetm\u0259 il\u0259 c\u0259zaland\u0131r\u0131lacaq. \u018fvv\u0259l bu m\u00fcdd\u0259t 3-7 il t\u0259\u015fkil edirdi.\n    <\/p>\n<\/p><\/div><\/p>\n","protected":false},"excerpt":{"rendered":"<p>\u018fl\u0259sg\u0259r M\u0259mm\u0259dli online resurslara icaz\u0259siz \u00e7\u0131x\u0131\u015f oldu\u011fu halda bu madd\u0259nin t\u0259cr\u00fcb\u0259d\u0259 t\u0259tbiq edil\u0259c\u0259yind\u0259n \u015f\u00fcbh\u0259 edir<\/p>\n","protected":false},"author":11,"featured_media":21031,"comment_status":"closed","ping_status":"open","sticky":false,"template":"","format":"standard","meta":{"_acf_changed":false,"_sitemap_exclude":false,"_sitemap_priority":"","_sitemap_frequency":"","footnotes":""},"categories":[56],"tags":[],"class_list":["post-167157","post","type-post","status-publish","format-standard","has-post-thumbnail","hentry","category-xeberler","infinite-scroll-item","generate-columns","tablet-grid-50","mobile-grid-100","grid-parent","grid-33","no-featured-image-padding"],"acf":[],"yoast_head":"<!-- This site is optimized with the Yoast SEO plugin v28.3 - https:\/\/yoast.com\/product\/yoast-seo-wordpress\/ -->\n<title>&quot;Cinay\u0259t M\u0259c\u0259ll\u0259sin\u0259 edil\u0259n d\u0259yi\u015fiklik jurnalist ara\u015fd\u0131rmas\u0131n\u0131 \u00e7\u0259tinl\u0259\u015fdirm\u0259k m\u0259qs\u0259di da\u015f\u0131y\u0131r&quot; - MEYDAN.TV<\/title>\n<meta name=\"robots\" content=\"index, follow, max-snippet:-1, max-image-preview:large, max-video-preview:-1\" \/>\n<link rel=\"canonical\" href=\"https:\/\/www.meydan.tv\/az\/article\/cinayet-mecellesine-edilen-deyisiklik-jurnalist-arasdirmasini-cetinlesdirmek-meqsedi-dasiyir\/\" \/>\n<meta property=\"og:locale\" content=\"az_AZ\" \/>\n<meta property=\"og:type\" content=\"article\" \/>\n<meta property=\"og:title\" content=\"&quot;Cinay\u0259t M\u0259c\u0259ll\u0259sin\u0259 edil\u0259n d\u0259yi\u015fiklik jurnalist ara\u015fd\u0131rmas\u0131n\u0131 \u00e7\u0259tinl\u0259\u015fdirm\u0259k m\u0259qs\u0259di da\u015f\u0131y\u0131r&quot; - MEYDAN.TV\" \/>\n<meta property=\"og:description\" content=\"\u018fl\u0259sg\u0259r M\u0259mm\u0259dli online resurslara icaz\u0259siz \u00e7\u0131x\u0131\u015f oldu\u011fu halda bu madd\u0259nin t\u0259cr\u00fcb\u0259d\u0259 t\u0259tbiq edil\u0259c\u0259yind\u0259n \u015f\u00fcbh\u0259 edir\" \/>\n<meta property=\"og:url\" content=\"https:\/\/www.meydan.tv\/az\/article\/cinayet-mecellesine-edilen-deyisiklik-jurnalist-arasdirmasini-cetinlesdirmek-meqsedi-dasiyir\/\" \/>\n<meta property=\"og:site_name\" content=\"MEYDAN.TV\" \/>\n<meta property=\"article:published_time\" content=\"2015-03-06T23:00:31+00:00\" \/>\n<meta property=\"og:image\" content=\"https:\/\/www.meydan.tv\/wp-content\/uploads\/7572.jpg\" \/>\n\t<meta property=\"og:image:width\" content=\"591\" \/>\n\t<meta property=\"og:image:height\" content=\"489\" \/>\n\t<meta property=\"og:image:type\" content=\"image\/jpeg\" \/>\n<meta name=\"twitter:card\" content=\"summary_large_image\" \/>\n<!-- \/ Yoast SEO plugin. -->","yoast_head_json":{"title":"\"Cinay\u0259t M\u0259c\u0259ll\u0259sin\u0259 edil\u0259n d\u0259yi\u015fiklik jurnalist ara\u015fd\u0131rmas\u0131n\u0131 \u00e7\u0259tinl\u0259\u015fdirm\u0259k m\u0259qs\u0259di da\u015f\u0131y\u0131r\" - MEYDAN.TV","robots":{"index":"index","follow":"follow","max-snippet":"max-snippet:-1","max-image-preview":"max-image-preview:large","max-video-preview":"max-video-preview:-1"},"canonical":"https:\/\/www.meydan.tv\/az\/article\/cinayet-mecellesine-edilen-deyisiklik-jurnalist-arasdirmasini-cetinlesdirmek-meqsedi-dasiyir\/","og_locale":"az_AZ","og_type":"article","og_title":"\"Cinay\u0259t M\u0259c\u0259ll\u0259sin\u0259 edil\u0259n d\u0259yi\u015fiklik jurnalist ara\u015fd\u0131rmas\u0131n\u0131 \u00e7\u0259tinl\u0259\u015fdirm\u0259k m\u0259qs\u0259di da\u015f\u0131y\u0131r\" - MEYDAN.TV","og_description":"\u018fl\u0259sg\u0259r M\u0259mm\u0259dli online resurslara icaz\u0259siz \u00e7\u0131x\u0131\u015f oldu\u011fu halda bu madd\u0259nin t\u0259cr\u00fcb\u0259d\u0259 t\u0259tbiq edil\u0259c\u0259yind\u0259n \u015f\u00fcbh\u0259 edir","og_url":"https:\/\/www.meydan.tv\/az\/article\/cinayet-mecellesine-edilen-deyisiklik-jurnalist-arasdirmasini-cetinlesdirmek-meqsedi-dasiyir\/","og_site_name":"MEYDAN.TV","article_published_time":"2015-03-06T23:00:31+00:00","og_image":[{"width":591,"height":489,"url":"https:\/\/www.meydan.tv\/wp-content\/uploads\/7572.jpg","type":"image\/jpeg"}],"twitter_card":"summary_large_image","schema":{"@context":"https:\/\/schema.org","@graph":[{"@type":"Article","@id":"https:\/\/www.meydan.tv\/az\/article\/cinayet-mecellesine-edilen-deyisiklik-jurnalist-arasdirmasini-cetinlesdirmek-meqsedi-dasiyir\/#article","isPartOf":{"@id":"https:\/\/www.meydan.tv\/az\/article\/cinayet-mecellesine-edilen-deyisiklik-jurnalist-arasdirmasini-cetinlesdirmek-meqsedi-dasiyir\/"},"author":{"name":"user-manager","@id":"https:\/\/www.meydan.tv\/az\/#\/schema\/person\/10d11eccf6da3662cf5fdab9806ea91a"},"headline":"&#8220;Cinay\u0259t M\u0259c\u0259ll\u0259sin\u0259 edil\u0259n d\u0259yi\u015fiklik jurnalist ara\u015fd\u0131rmas\u0131n\u0131 \u00e7\u0259tinl\u0259\u015fdirm\u0259k m\u0259qs\u0259di da\u015f\u0131y\u0131r&#8221;","datePublished":"2015-03-06T23:00:31+00:00","mainEntityOfPage":{"@id":"https:\/\/www.meydan.tv\/az\/article\/cinayet-mecellesine-edilen-deyisiklik-jurnalist-arasdirmasini-cetinlesdirmek-meqsedi-dasiyir\/"},"wordCount":565,"publisher":{"@id":"https:\/\/www.meydan.tv\/az\/#organization"},"image":{"@id":"https:\/\/www.meydan.tv\/az\/article\/cinayet-mecellesine-edilen-deyisiklik-jurnalist-arasdirmasini-cetinlesdirmek-meqsedi-dasiyir\/#primaryimage"},"thumbnailUrl":"https:\/\/www.meydan.tv\/wp-content\/uploads\/7572.jpg","articleSection":["X\u0259b\u0259rl\u0259r"],"inLanguage":"az"},{"@type":"WebPage","@id":"https:\/\/www.meydan.tv\/az\/article\/cinayet-mecellesine-edilen-deyisiklik-jurnalist-arasdirmasini-cetinlesdirmek-meqsedi-dasiyir\/","url":"https:\/\/www.meydan.tv\/az\/article\/cinayet-mecellesine-edilen-deyisiklik-jurnalist-arasdirmasini-cetinlesdirmek-meqsedi-dasiyir\/","name":"\"Cinay\u0259t M\u0259c\u0259ll\u0259sin\u0259 edil\u0259n d\u0259yi\u015fiklik jurnalist ara\u015fd\u0131rmas\u0131n\u0131 \u00e7\u0259tinl\u0259\u015fdirm\u0259k m\u0259qs\u0259di da\u015f\u0131y\u0131r\" - MEYDAN.TV","isPartOf":{"@id":"https:\/\/www.meydan.tv\/az\/#website"},"primaryImageOfPage":{"@id":"https:\/\/www.meydan.tv\/az\/article\/cinayet-mecellesine-edilen-deyisiklik-jurnalist-arasdirmasini-cetinlesdirmek-meqsedi-dasiyir\/#primaryimage"},"image":{"@id":"https:\/\/www.meydan.tv\/az\/article\/cinayet-mecellesine-edilen-deyisiklik-jurnalist-arasdirmasini-cetinlesdirmek-meqsedi-dasiyir\/#primaryimage"},"thumbnailUrl":"https:\/\/www.meydan.tv\/wp-content\/uploads\/7572.jpg","datePublished":"2015-03-06T23:00:31+00:00","breadcrumb":{"@id":"https:\/\/www.meydan.tv\/az\/article\/cinayet-mecellesine-edilen-deyisiklik-jurnalist-arasdirmasini-cetinlesdirmek-meqsedi-dasiyir\/#breadcrumb"},"inLanguage":"az","potentialAction":[{"@type":"ReadAction","target":["https:\/\/www.meydan.tv\/az\/article\/cinayet-mecellesine-edilen-deyisiklik-jurnalist-arasdirmasini-cetinlesdirmek-meqsedi-dasiyir\/"]}]},{"@type":"ImageObject","inLanguage":"az","@id":"https:\/\/www.meydan.tv\/az\/article\/cinayet-mecellesine-edilen-deyisiklik-jurnalist-arasdirmasini-cetinlesdirmek-meqsedi-dasiyir\/#primaryimage","url":"https:\/\/www.meydan.tv\/wp-content\/uploads\/7572.jpg","contentUrl":"https:\/\/www.meydan.tv\/wp-content\/uploads\/7572.jpg","width":591,"height":489,"caption":"Source:"},{"@type":"BreadcrumbList","@id":"https:\/\/www.meydan.tv\/az\/article\/cinayet-mecellesine-edilen-deyisiklik-jurnalist-arasdirmasini-cetinlesdirmek-meqsedi-dasiyir\/#breadcrumb","itemListElement":[{"@type":"ListItem","position":1,"name":"Ana s\u0259hif\u0259","item":"https:\/\/www.meydan.tv\/az\/"},{"@type":"ListItem","position":2,"name":"X\u0259b\u0259rl\u0259r","item":"https:\/\/www.meydan.tv\/az\/section\/xeberler\/"},{"@type":"ListItem","position":3,"name":"&#8220;Cinay\u0259t M\u0259c\u0259ll\u0259sin\u0259 edil\u0259n d\u0259yi\u015fiklik jurnalist ara\u015fd\u0131rmas\u0131n\u0131 \u00e7\u0259tinl\u0259\u015fdirm\u0259k m\u0259qs\u0259di da\u015f\u0131y\u0131r&#8221;"}]},{"@type":"WebSite","@id":"https:\/\/www.meydan.tv\/az\/#website","url":"https:\/\/www.meydan.tv\/az\/","name":"MEYDAN.TV","description":"Meydan TV Az\u0259rbaycan\u0131n media m\u0259kan\u0131ndak\u0131 alternativ s\u0259sidir","publisher":{"@id":"https:\/\/www.meydan.tv\/az\/#organization"},"potentialAction":[{"@type":"SearchAction","target":{"@type":"EntryPoint","urlTemplate":"https:\/\/www.meydan.tv\/az\/?s={search_term_string}"},"query-input":{"@type":"PropertyValueSpecification","valueRequired":true,"valueName":"search_term_string"}}],"inLanguage":"az"},{"@type":"Organization","@id":"https:\/\/www.meydan.tv\/az\/#organization","name":"Meydan TV","url":"https:\/\/www.meydan.tv\/az\/","logo":{"@type":"ImageObject","inLanguage":"az","@id":"https:\/\/www.meydan.tv\/az\/#\/schema\/logo\/image\/","url":"https:\/\/www.meydan.tv\/wp-content\/uploads\/2021\/07\/meydan-logo.svg","contentUrl":"https:\/\/www.meydan.tv\/wp-content\/uploads\/2021\/07\/meydan-logo.svg","width":195,"height":46,"caption":"Meydan TV"},"image":{"@id":"https:\/\/www.meydan.tv\/az\/#\/schema\/logo\/image\/"}},{"@type":"Person","@id":"https:\/\/www.meydan.tv\/az\/#\/schema\/person\/10d11eccf6da3662cf5fdab9806ea91a","name":"user-manager"}]}},"_links":{"self":[{"href":"https:\/\/www.meydan.tv\/az\/wp-json\/wp\/v2\/posts\/167157","targetHints":{"allow":["GET"]}}],"collection":[{"href":"https:\/\/www.meydan.tv\/az\/wp-json\/wp\/v2\/posts"}],"about":[{"href":"https:\/\/www.meydan.tv\/az\/wp-json\/wp\/v2\/types\/post"}],"author":[{"embeddable":true,"href":"https:\/\/www.meydan.tv\/az\/wp-json\/wp\/v2\/users\/11"}],"replies":[{"embeddable":true,"href":"https:\/\/www.meydan.tv\/az\/wp-json\/wp\/v2\/comments?post=167157"}],"version-history":[{"count":0,"href":"https:\/\/www.meydan.tv\/az\/wp-json\/wp\/v2\/posts\/167157\/revisions"}],"wp:featuredmedia":[{"embeddable":true,"href":"https:\/\/www.meydan.tv\/az\/wp-json\/wp\/v2\/media\/21031"}],"wp:attachment":[{"href":"https:\/\/www.meydan.tv\/az\/wp-json\/wp\/v2\/media?parent=167157"}],"wp:term":[{"taxonomy":"category","embeddable":true,"href":"https:\/\/www.meydan.tv\/az\/wp-json\/wp\/v2\/categories?post=167157"},{"taxonomy":"post_tag","embeddable":true,"href":"https:\/\/www.meydan.tv\/az\/wp-json\/wp\/v2\/tags?post=167157"}],"curies":[{"name":"wp","href":"https:\/\/api.w.org\/{rel}","templated":true}]}}