{"id":167156,"date":"2015-03-06T23:42:05","date_gmt":"2015-03-06T23:42:05","guid":{"rendered":"https:\/\/www.meydan.tv\/article\/baki-olimpiya-stadionunun-cokmesi-xeberi-sayiedir\/"},"modified":"2015-03-06T23:42:05","modified_gmt":"2015-03-06T23:42:05","slug":"baki-olimpiya-stadionunun-cokmesi-xeberi-sayiedir","status":"publish","type":"post","link":"https:\/\/www.meydan.tv\/az\/article\/baki-olimpiya-stadionunun-cokmesi-xeberi-sayiedir\/","title":{"rendered":"&#8220;Bak\u0131 Olimpiya Stadionunun \u00e7\u00f6km\u0259si x\u0259b\u0259ri \u015fayi\u0259dir&#8221;"},"content":{"rendered":"<figure class=\"wp-block-image size-large\">\n  <img decoding=\"async\" src=\"https:\/\/www.meydan.tv\/az\/21043\/\" alt=\"\" class=\"wp-image-21043\"\/><figcaption><\/figcaption><\/figure>\n<p>\n  <i><br \/>\n    R\u00f6vn\u0259q Abdullayev: &#8220;Kiml\u0259rs\u0259 Bak\u0131da ke\u00e7iril\u0259c\u0259k I Avropa Oyunlar\u0131na k\u00f6lg\u0259 salmaq ist\u0259yir&#8221;<br \/>\n  <\/i>\n<\/p>\n<p>\n  D\u00f6vl\u0259t komissiyas\u0131 Bak\u0131 Olimpiya Stadionunun t\u0259hvil-t\u0259slim akt\u0131n\u0131 imzalay\u0131b.\u00a0 Report.az-\u0131n m\u0259lumat\u0131na g\u00f6r\u0259, bu bar\u0259d\u0259 jurnalistl\u0259r\u0259 AFFA prezidenti R\u00f6vn\u0259q Abdullayev a\u00e7\u0131qlama verib.\u00a0O bildirib ki, stadion G\u0259ncl\u0259r v\u0259 \u0130dman Nazirliyin\u0259 \u0259n y\u00fcks\u0259k standartlara uy\u011fun v\u0259ziyy\u0259td\u0259 t\u0259hvil verilib. R.Abdullayev arenan\u0131n \u00e7\u00f6kd\u00fcy\u00fc bar\u0259d\u0259 x\u0259b\u0259rl\u0259ri t\u0259kzib edib:\n<\/p>\n<p>\n  \u201cHam\u0131s\u0131 bo\u015f \u015feydir, \u015fayi\u0259dir. Kiml\u0259rs\u0259 Bak\u0131da ke\u00e7iril\u0259c\u0259k I Avropa Oyunlar\u0131na k\u00f6lg\u0259 salmaq ist\u0259yir. M\u0259n d\u0259 bu \u015fayi\u0259l\u0259ri e\u015fitdim. Bu, Az\u0259rbaycanda t\u0259\u015fkil olunacaq n\u00fcfuzlu yar\u0131\u015fa n\u00f6vb\u0259ti d\u0259f\u0259 qara yaxmaq c\u0259hdidir\u201d.\n<\/p>\n<p>\n  Bak\u0131 Olimpiya Stadionunda ilk n\u00fcfuzlu t\u0259dbir iyunun 12-d\u0259 ke\u00e7iril\u0259c\u0259k. H\u0259min g\u00fcn I Avropa Oyunlar\u0131n\u0131n a\u00e7\u0131l\u0131\u015f m\u0259rasimi t\u0259\u015fkil olunacaq.\n<\/p>\n<p>\n  M\u0259tbuatda v\u0259 sosial \u015f\u0259b\u0259k\u0259l\u0259rd\u0259 dola\u015fan \u015fayi\u0259l\u0259r\u0259 \u0259sas\u0259n, yeni tikil\u0259n stadionun i\u00e7ind\u0259 \u00e7\u00f6k\u00fcnt\u00fc ba\u015f verib. Stadionun t\u00fcrk m\u00fch\u0259ndisi is\u0259 t\u0259zyiql\u0259r\u0259 d\u00f6zm\u0259yib intihar edib. H\u00fcquq-m\u00fchafiz\u0259 orqanlar\u0131 yay\u0131lan m\u0259lumatla ba\u011fl\u0131 he\u00e7 bir a\u00e7\u0131qlama verm\u0259yib.<\/p>\n","protected":false},"excerpt":{"rendered":"<p>R\u00f6vn\u0259q Abdullayev: &#8220;Kiml\u0259rs\u0259 Bak\u0131da ke\u00e7iril\u0259c\u0259k I Avropa Oyunlar\u0131na k\u00f6lg\u0259 salmaq ist\u0259yir&#8221;<\/p>\n","protected":false},"author":11,"featured_media":21043,"comment_status":"closed","ping_status":"open","sticky":false,"template":"","format":"standard","meta":{"_acf_changed":false,"_sitemap_exclude":false,"_sitemap_priority":"","_sitemap_frequency":"","footnotes":""},"categories":[56],"tags":[],"class_list":["post-167156","post","type-post","status-publish","format-standard","has-post-thumbnail","hentry","category-xeberler","infinite-scroll-item","generate-columns","tablet-grid-50","mobile-grid-100","grid-parent","grid-33","no-featured-image-padding"],"acf":[],"yoast_head":"<!-- This site is optimized with the Yoast SEO plugin v28.3 - https:\/\/yoast.com\/product\/yoast-seo-wordpress\/ -->\n<title>&quot;Bak\u0131 Olimpiya Stadionunun \u00e7\u00f6km\u0259si x\u0259b\u0259ri \u015fayi\u0259dir&quot; - MEYDAN.TV<\/title>\n<meta name=\"robots\" content=\"index, follow, max-snippet:-1, max-image-preview:large, max-video-preview:-1\" \/>\n<link rel=\"canonical\" href=\"https:\/\/www.meydan.tv\/az\/article\/baki-olimpiya-stadionunun-cokmesi-xeberi-sayiedir\/\" \/>\n<meta property=\"og:locale\" content=\"az_AZ\" \/>\n<meta property=\"og:type\" content=\"article\" \/>\n<meta property=\"og:title\" content=\"&quot;Bak\u0131 Olimpiya Stadionunun \u00e7\u00f6km\u0259si x\u0259b\u0259ri \u015fayi\u0259dir&quot; - MEYDAN.TV\" \/>\n<meta property=\"og:description\" content=\"R\u00f6vn\u0259q Abdullayev: &quot;Kiml\u0259rs\u0259 Bak\u0131da ke\u00e7iril\u0259c\u0259k I Avropa Oyunlar\u0131na k\u00f6lg\u0259 salmaq ist\u0259yir&quot;\" \/>\n<meta property=\"og:url\" content=\"https:\/\/www.meydan.tv\/az\/article\/baki-olimpiya-stadionunun-cokmesi-xeberi-sayiedir\/\" \/>\n<meta property=\"og:site_name\" content=\"MEYDAN.TV\" \/>\n<meta property=\"article:published_time\" content=\"2015-03-06T23:42:05+00:00\" \/>\n<meta property=\"og:image\" content=\"https:\/\/www.meydan.tv\/wp-content\/uploads\/7573.jpg\" \/>\n\t<meta property=\"og:image:width\" content=\"768\" \/>\n\t<meta property=\"og:image:height\" content=\"482\" \/>\n\t<meta property=\"og:image:type\" content=\"image\/jpeg\" \/>\n<meta name=\"twitter:card\" content=\"summary_large_image\" \/>\n<!-- \/ Yoast SEO plugin. -->","yoast_head_json":{"title":"\"Bak\u0131 Olimpiya Stadionunun \u00e7\u00f6km\u0259si x\u0259b\u0259ri \u015fayi\u0259dir\" - MEYDAN.TV","robots":{"index":"index","follow":"follow","max-snippet":"max-snippet:-1","max-image-preview":"max-image-preview:large","max-video-preview":"max-video-preview:-1"},"canonical":"https:\/\/www.meydan.tv\/az\/article\/baki-olimpiya-stadionunun-cokmesi-xeberi-sayiedir\/","og_locale":"az_AZ","og_type":"article","og_title":"\"Bak\u0131 Olimpiya Stadionunun \u00e7\u00f6km\u0259si x\u0259b\u0259ri \u015fayi\u0259dir\" - MEYDAN.TV","og_description":"R\u00f6vn\u0259q Abdullayev: \"Kiml\u0259rs\u0259 Bak\u0131da ke\u00e7iril\u0259c\u0259k I Avropa Oyunlar\u0131na k\u00f6lg\u0259 salmaq ist\u0259yir\"","og_url":"https:\/\/www.meydan.tv\/az\/article\/baki-olimpiya-stadionunun-cokmesi-xeberi-sayiedir\/","og_site_name":"MEYDAN.TV","article_published_time":"2015-03-06T23:42:05+00:00","og_image":[{"width":768,"height":482,"url":"https:\/\/www.meydan.tv\/wp-content\/uploads\/7573.jpg","type":"image\/jpeg"}],"twitter_card":"summary_large_image","schema":{"@context":"https:\/\/schema.org","@graph":[{"@type":"Article","@id":"https:\/\/www.meydan.tv\/az\/article\/baki-olimpiya-stadionunun-cokmesi-xeberi-sayiedir\/#article","isPartOf":{"@id":"https:\/\/www.meydan.tv\/az\/article\/baki-olimpiya-stadionunun-cokmesi-xeberi-sayiedir\/"},"author":{"name":"user-manager","@id":"https:\/\/www.meydan.tv\/az\/#\/schema\/person\/10d11eccf6da3662cf5fdab9806ea91a"},"headline":"&#8220;Bak\u0131 Olimpiya Stadionunun \u00e7\u00f6km\u0259si x\u0259b\u0259ri \u015fayi\u0259dir&#8221;","datePublished":"2015-03-06T23:42:05+00:00","mainEntityOfPage":{"@id":"https:\/\/www.meydan.tv\/az\/article\/baki-olimpiya-stadionunun-cokmesi-xeberi-sayiedir\/"},"wordCount":242,"publisher":{"@id":"https:\/\/www.meydan.tv\/az\/#organization"},"image":{"@id":"https:\/\/www.meydan.tv\/az\/article\/baki-olimpiya-stadionunun-cokmesi-xeberi-sayiedir\/#primaryimage"},"thumbnailUrl":"https:\/\/www.meydan.tv\/wp-content\/uploads\/7573.jpg","articleSection":["X\u0259b\u0259rl\u0259r"],"inLanguage":"az"},{"@type":"WebPage","@id":"https:\/\/www.meydan.tv\/az\/article\/baki-olimpiya-stadionunun-cokmesi-xeberi-sayiedir\/","url":"https:\/\/www.meydan.tv\/az\/article\/baki-olimpiya-stadionunun-cokmesi-xeberi-sayiedir\/","name":"\"Bak\u0131 Olimpiya Stadionunun \u00e7\u00f6km\u0259si x\u0259b\u0259ri \u015fayi\u0259dir\" - MEYDAN.TV","isPartOf":{"@id":"https:\/\/www.meydan.tv\/az\/#website"},"primaryImageOfPage":{"@id":"https:\/\/www.meydan.tv\/az\/article\/baki-olimpiya-stadionunun-cokmesi-xeberi-sayiedir\/#primaryimage"},"image":{"@id":"https:\/\/www.meydan.tv\/az\/article\/baki-olimpiya-stadionunun-cokmesi-xeberi-sayiedir\/#primaryimage"},"thumbnailUrl":"https:\/\/www.meydan.tv\/wp-content\/uploads\/7573.jpg","datePublished":"2015-03-06T23:42:05+00:00","breadcrumb":{"@id":"https:\/\/www.meydan.tv\/az\/article\/baki-olimpiya-stadionunun-cokmesi-xeberi-sayiedir\/#breadcrumb"},"inLanguage":"az","potentialAction":[{"@type":"ReadAction","target":["https:\/\/www.meydan.tv\/az\/article\/baki-olimpiya-stadionunun-cokmesi-xeberi-sayiedir\/"]}]},{"@type":"ImageObject","inLanguage":"az","@id":"https:\/\/www.meydan.tv\/az\/article\/baki-olimpiya-stadionunun-cokmesi-xeberi-sayiedir\/#primaryimage","url":"https:\/\/www.meydan.tv\/wp-content\/uploads\/7573.jpg","contentUrl":"https:\/\/www.meydan.tv\/wp-content\/uploads\/7573.jpg","width":768,"height":482,"caption":"Source:"},{"@type":"BreadcrumbList","@id":"https:\/\/www.meydan.tv\/az\/article\/baki-olimpiya-stadionunun-cokmesi-xeberi-sayiedir\/#breadcrumb","itemListElement":[{"@type":"ListItem","position":1,"name":"Ana s\u0259hif\u0259","item":"https:\/\/www.meydan.tv\/az\/"},{"@type":"ListItem","position":2,"name":"X\u0259b\u0259rl\u0259r","item":"https:\/\/www.meydan.tv\/az\/section\/xeberler\/"},{"@type":"ListItem","position":3,"name":"&#8220;Bak\u0131 Olimpiya Stadionunun \u00e7\u00f6km\u0259si x\u0259b\u0259ri \u015fayi\u0259dir&#8221;"}]},{"@type":"WebSite","@id":"https:\/\/www.meydan.tv\/az\/#website","url":"https:\/\/www.meydan.tv\/az\/","name":"MEYDAN.TV","description":"Meydan TV Az\u0259rbaycan\u0131n media m\u0259kan\u0131ndak\u0131 alternativ s\u0259sidir","publisher":{"@id":"https:\/\/www.meydan.tv\/az\/#organization"},"potentialAction":[{"@type":"SearchAction","target":{"@type":"EntryPoint","urlTemplate":"https:\/\/www.meydan.tv\/az\/?s={search_term_string}"},"query-input":{"@type":"PropertyValueSpecification","valueRequired":true,"valueName":"search_term_string"}}],"inLanguage":"az"},{"@type":"Organization","@id":"https:\/\/www.meydan.tv\/az\/#organization","name":"Meydan TV","url":"https:\/\/www.meydan.tv\/az\/","logo":{"@type":"ImageObject","inLanguage":"az","@id":"https:\/\/www.meydan.tv\/az\/#\/schema\/logo\/image\/","url":"https:\/\/www.meydan.tv\/wp-content\/uploads\/2021\/07\/meydan-logo.svg","contentUrl":"https:\/\/www.meydan.tv\/wp-content\/uploads\/2021\/07\/meydan-logo.svg","width":195,"height":46,"caption":"Meydan TV"},"image":{"@id":"https:\/\/www.meydan.tv\/az\/#\/schema\/logo\/image\/"}},{"@type":"Person","@id":"https:\/\/www.meydan.tv\/az\/#\/schema\/person\/10d11eccf6da3662cf5fdab9806ea91a","name":"user-manager"}]}},"_links":{"self":[{"href":"https:\/\/www.meydan.tv\/az\/wp-json\/wp\/v2\/posts\/167156","targetHints":{"allow":["GET"]}}],"collection":[{"href":"https:\/\/www.meydan.tv\/az\/wp-json\/wp\/v2\/posts"}],"about":[{"href":"https:\/\/www.meydan.tv\/az\/wp-json\/wp\/v2\/types\/post"}],"author":[{"embeddable":true,"href":"https:\/\/www.meydan.tv\/az\/wp-json\/wp\/v2\/users\/11"}],"replies":[{"embeddable":true,"href":"https:\/\/www.meydan.tv\/az\/wp-json\/wp\/v2\/comments?post=167156"}],"version-history":[{"count":0,"href":"https:\/\/www.meydan.tv\/az\/wp-json\/wp\/v2\/posts\/167156\/revisions"}],"wp:featuredmedia":[{"embeddable":true,"href":"https:\/\/www.meydan.tv\/az\/wp-json\/wp\/v2\/media\/21043"}],"wp:attachment":[{"href":"https:\/\/www.meydan.tv\/az\/wp-json\/wp\/v2\/media?parent=167156"}],"wp:term":[{"taxonomy":"category","embeddable":true,"href":"https:\/\/www.meydan.tv\/az\/wp-json\/wp\/v2\/categories?post=167156"},{"taxonomy":"post_tag","embeddable":true,"href":"https:\/\/www.meydan.tv\/az\/wp-json\/wp\/v2\/tags?post=167156"}],"curies":[{"name":"wp","href":"https:\/\/api.w.org\/{rel}","templated":true}]}}