{"id":167155,"date":"2015-03-06T22:40:25","date_gmt":"2015-03-06T22:40:25","guid":{"rendered":"https:\/\/www.meydan.tv\/article\/abdulla-abdullayev-men-indi-basa-dusurem-ki-olkede-cemiyyetde-neler-bas-verir\/"},"modified":"2015-03-06T22:40:25","modified_gmt":"2015-03-06T22:40:25","slug":"abdulla-abdullayev-men-indi-basa-dusurem-ki-olkede-cemiyyetde-neler-bas-verir","status":"publish","type":"post","link":"https:\/\/www.meydan.tv\/az\/article\/abdulla-abdullayev-men-indi-basa-dusurem-ki-olkede-cemiyyetde-neler-bas-verir\/","title":{"rendered":"Abdulla Abdullayev: &#8220;M\u0259n indi ba\u015fa d\u00fc\u015f\u00fcr\u0259m ki, \u00f6lk\u0259d\u0259, c\u0259miyy\u0259td\u0259 n\u0259l\u0259r ba\u015f verir&#8221;"},"content":{"rendered":"<figure class=\"wp-block-image size-large\">\n  <img decoding=\"async\" src=\"https:\/\/www.meydan.tv\/az\/21032\/\" alt=\"\" class=\"wp-image-21032\"\/><figcaption><\/figcaption><\/figure>\n<figure class=\"wp-block-image size-large\">\n  <img decoding=\"async\" src=\"https:\/\/www.meydan.tv\/az\/21032\/\" alt=\"\" class=\"wp-image-21032\"\/><figcaption><\/figcaption><\/figure>\n<p><div>\n    <i><br \/>\n      &#8220;\u018fn yax\u015f\u0131 halda c\u0259mi iki ay ibtidai istintaq olub, m\u00fcst\u0259ntiq t\u0259cridxanaya c\u0259mi 4 d\u0259f\u0259 g\u0259lib&#8221;<br \/>\n    <\/i>\n  <\/div>\n<\/p>\n<p>\n  Mart\u0131n 6-da\u00a0\u00a0Bak\u0131 A\u011f\u0131r Cinay\u0259tl\u0259r M\u0259hk\u0259m\u0259sind\u0259 &#8220;AMAY&#8221; \u015firk\u0259tl\u0259r qrupunun qurucusu Abdulla Abdullayev \u00fcz\u0259rind\u0259 m\u0259hk\u0259m\u0259 prosesi hakim \u018ffqan Hac\u0131yevin s\u0259drliyi il\u0259 davam etdirilib.\n<\/p>\n<p>\n  &#8220;Turan&#8221; \u0130A-nin m\u0259lumat\u0131na g\u00f6r\u0259, A.Adullayev mart\u0131n 5-d\u0259 verdiyi ifad\u0259sini davam etdirib. \u201cBirlikbank\u201d\u0131n dig\u0259r banklardan g\u00f6t\u00fcrd\u00fcy\u00fc kreditl\u0259ri yubatmas\u0131na g\u00f6r\u0259 h\u0259bs\u0259 al\u0131nmas\u0131n\u0131 \u0259sass\u0131z v\u0259 c\u0259f\u0259ngiyyat adland\u0131r\u0131b. S\u0259hmdarlar\u0131n se\u00e7kisil\u0259 bank\u0131n M\u00fc\u015fahid\u0259 \u015euras\u0131n\u0131n s\u0259dri se\u00e7ildiyini dey\u0259n i\u015f adam\u0131 bu qurumun n\u0259zar\u0259tedici orqan oldu\u011funu, h\u0259r-hans\u0131 halda q\u0259rar verm\u0259k h\u00fcququ olmad\u0131\u011f\u0131n\u0131 ayd\u0131nlad\u0131b. Bank\u0131n icra\u00e7\u0131 direktorunun, direktor m\u00fcavini v\u0259 kredit departamenti m\u00fcdirinin 2011-ci ild\u0259 yol verdikl\u0259ri s\u0259hl\u0259nkarl\u0131\u011fa g\u00f6r\u0259 c\u0259zaland\u0131r\u0131ld\u0131qlar\u0131n\u0131 n\u0259z\u0259r\u0259 \u00e7atd\u0131r\u0131b. &#8220;El\u0259 h\u0259min il d\u0259 M\u0259rk\u0259zi Bank\u0131n q\u0259rar\u0131 il\u0259 \u201cBirlikbank\u201d\u0131n lisenziyas\u0131 l\u0259\u011fv edilib, M\u0259rk\u0259zi Bank oraya inzibat\u00e7\u0131 t\u0259yin edib, k\u00f6hn\u0259 hey\u0259t bankdan k\u0259narla\u015fd\u0131r\u0131l\u0131b. 2011-ci ild\u0259 \u201cBirlikbank\u201d \u0259m\u0259kda\u015flar\u0131na indiki madd\u0259l\u0259rl\u0259 cinay\u0259t i\u015fi qald\u0131r\u0131l\u0131b, m\u0259hk\u0259m\u0259 prosesi ke\u00e7irilib, \u00f6nc\u0259 a\u011f\u0131r c\u0259za alsalar da, sonrak\u0131 m\u0259rh\u0259l\u0259d\u0259 birinci instansiya m\u0259hk\u0259m\u0259sinin q\u0259rar\u0131 l\u0259\u011fv edilib&#8221;.\n<\/p>\n<p>\n  \u00dcst\u00fcnd\u0259n 4 il ke\u00e7\u0259nd\u0259n sonra bu \u015f\u0259xsl\u0259rin yenid\u0259n m\u00fchakim\u0259 olunmas\u0131n\u0131 A.Abdullayev \u0259dal\u0259tsizlik, qanunvericilik t\u0259l\u0259bl\u0259rinin pozulmas\u0131 adland\u0131r\u0131b. Bank\u0131n f\u0259aliyy\u0259til\u0259 ba\u011fl\u0131 t\u0259qsirl\u0259ndiril\u0259r\u0259k, h\u0259bs olunmas\u0131n\u0131 A.Abdullayev istintaq\u0131n na\u015f\u0131l\u0131\u011f\u0131 kimi d\u0259y\u0259rl\u0259ndirib. \u201cBu kreditl\u0259rin \u00e7oxu banklararas\u0131 kreditl\u0259rdir, m\u00fcqavil\u0259 \u00f6hd\u0259likl\u0259ridir, m\u0259nim bu i\u015f\u0259 n\u0259 aidiyyat\u0131m var?\u201d, dey\u0259 i\u015f adam\u0131 m\u00fcst\u0259ntiq\u0259 sual \u00fcnvanlay\u0131b. 350 s\u0259hif\u0259lik v\u0259 82 cildlik istintaq materilalar\u0131nda c\u0259mi 50 s\u0259hif\u0259 oxumal\u0131 hiss\u0259 oldu\u011funu dey\u0259n A.Abdullayev qalan 300 s\u0259hif\u0259nin 7 t\u0259qsirl\u0259ndiril\u0259n \u015f\u0259xsl\u0259r\u0259 qar\u015f\u0131 ittihamlar\u0131n t\u0259krarlanmas\u0131 il\u0259 dolduruldu\u011funu s\u00f6yl\u0259yib. \u201cEl\u0259 ona g\u00f6r\u0259 d\u0259 \u00a082 q\u0259piy\u0259 d\u0259ymir\u201d, dey\u0259 cinay\u0259t materiallar\u0131na m\u00fcnasib\u0259tini ifad\u0259 edib. Daha sonra A.Abdullayev m\u00fcst\u0259ntiqi istintaq m\u00fcdd\u0259tini s\u00fcni \u015f\u0259kild\u0259 uzatmaqda ititham edib. \u201c11 ayl \u00e7\u0259kdi istintaq. \u018fn yax\u015f\u0131 halda c\u0259mi iki ay ibtidai istintaq olub, m\u00fcst\u0259ntiq t\u0259cridxanaya c\u0259mi 4 d\u0259f\u0259 g\u0259lib\u201d, dey\u0259 durumu anlad\u0131b. O, ittiham\u0131 b\u00fct\u00fcnl\u00fckd\u0259 \u0259sass\u0131z v\u0259 s\u00fcbutsuz adland\u0131r\u0131b.\n<\/p>\n<div>\n<div>\n      \u0130\u015f adam\u0131 kreditl\u0259rin qaytar\u0131lmamas\u0131 n\u0259tic\u0259sind\u0259 banklara ziyan vurulmas\u0131 haqda ittiham\u0131 da r\u0259dd edib. Kredit ver\u0259n banklar\u0131n h\u0259r kv.metri 2500 manat olan sah\u0259l\u0259ri 500-1000 manat aras\u0131nda girov g\u00f6t\u00fcrd\u00fcy\u00fcn\u00fc a\u00e7\u0131qlay\u0131b. Vaxtil\u0259 \u201cTexnikabank\u201ddan g\u00f6t\u00fcr\u00fcl\u0259n 20 milyon manata g\u00f6r\u0259 43 min kv.metr sah\u0259 girov qoyulub. Sonradan bank bu sah\u0259l\u0259ri \u0259ld\u0259 etm\u0259k \u00fc\u00e7\u00fcn \u015firk\u0259td\u0259n korrupsiyaya qar\u015f\u0131 m\u00fcbariz\u0259 idar\u0259sin\u0259 \u015fikay\u0259t edib. \u201c\u018fg\u0259r ona v\u0259sait laz\u0131m idis\u0259, girovlar\u0131 h\u0259rraca \u00e7\u0131xarmal\u0131 idi, amma bank \u015fikay\u0259t ed\u0259r\u0259k cinay\u0259t i\u015fi a\u00e7d\u0131r\u0131b, m\u0259qs\u0259d d\u0259 bu idar\u0259 il\u0259 \u201cbirg\u0259 \u0259mlak\u0131m\u0131z\u0131\u201d \u0259l\u0259 ke\u00e7irm\u0259k olub\u201d.\n    <\/div>\n<\/p><\/div>\n<\/p>\n<div>\n<p>\n      \u0130stintaq\u0131n \u201c\u00e7irkli pullar\u0131n yuyulmas\u0131\u201d il\u0259 ba\u011fl\u0131 ittiham\u0131n\u0131 i\u015f adam\u0131 t\u0259kc\u0259 \u00f6z\u00fcn\u0259 yox, b\u00fct\u00fcnl\u00fckd\u0259 d\u00f6vl\u0259t\u0259 qar\u015f\u0131 h\u00f6rm\u0259tsizlik adland\u0131r\u0131b. O, istintaq\u0131n \u00e7irkli pullar adland\u0131rd\u0131\u011f\u0131 144 milyon manat\u0131ndan \u0259ks\u0259r hiss\u0259sinin banklararas\u0131 kreditl\u0259r, m\u00fc\u0259yy\u0259n hiss\u0259sinin d\u0259 m\u00fcqavil\u0259 kreditl\u0259ri oldu\u011funu deyib. Bel\u0259likl\u0259, istintaq\u0131n \u201c\u00e7irkli pullar\u0131n yuy\u0131lmas\u0131\u201d ittiham\u0131n\u0131 da\u011f\u0131d\u0131b.\n    <\/p>\n<p>\n      Abdulla Abdullayev \u00e7\u0131x\u0131\u015f\u0131n\u0131n sonunda ki, h\u0259bsd\u0259n sonra m\u00fcxt\u0259lif insanlar\u0131n aras\u0131nda olduqca Az\u0259rbaycanda ger\u00e7\u0259kd\u0259n n\u0259l\u0259r ba\u015f verdiyini \u00f6yr\u0259nir:\u00a0&#8220;M\u0259n indi ba\u015fa d\u00fc\u015f\u00fcr\u0259m ki, adamlar\u0131n i\u00e7ind\u0259 olmaq n\u0259 dem\u0259kdir. \u0130ndi g\u00f6r\u00fcr\u0259m ki, \u0259slind\u0259, \u00f6lk\u0259d\u0259, c\u0259miyy\u0259td\u0259 n\u0259l\u0259r ba\u015f verir. S\u0259n dem\u0259, m\u0259n h\u0259bsd\u0259n \u0259vv\u0259l he\u00e7 n\u0259 bilmir\u0259mmi\u015f. \u00a0\u018ftraf\u0131mdak\u0131lardan ba\u015fqa he\u00e7 n\u0259yi g\u00f6rm\u00fcrd\u00fcm. Ona g\u00f6r\u0259 d\u0259 \u00e7ox \u015feyi bilmirdim&#8230;&#8221;\n    <\/p>\n<p>\n      Hakim \u018f. Hac\u0131yev m\u0259hk\u0259m\u0259 prosesini mart\u0131n 19-na kimi t\u0259xir\u0259 sal\u0131b.\n    <\/p>\n<\/p><\/div><\/p>\n","protected":false},"excerpt":{"rendered":"<p>&#8220;\u018fn yax\u015f\u0131 halda c\u0259mi iki ay ibtidai istintaq olub, m\u00fcst\u0259ntiq t\u0259cridxanaya c\u0259mi 4 d\u0259f\u0259 g\u0259lib&#8221;<\/p>\n","protected":false},"author":11,"featured_media":21032,"comment_status":"closed","ping_status":"open","sticky":false,"template":"","format":"standard","meta":{"_acf_changed":false,"_sitemap_exclude":false,"_sitemap_priority":"","_sitemap_frequency":"","footnotes":""},"categories":[56],"tags":[],"class_list":["post-167155","post","type-post","status-publish","format-standard","has-post-thumbnail","hentry","category-xeberler","infinite-scroll-item","generate-columns","tablet-grid-50","mobile-grid-100","grid-parent","grid-33","no-featured-image-padding"],"acf":[],"yoast_head":"<!-- This site is optimized with the Yoast SEO plugin v28.3 - https:\/\/yoast.com\/product\/yoast-seo-wordpress\/ -->\n<title>Abdulla Abdullayev: &quot;M\u0259n indi ba\u015fa d\u00fc\u015f\u00fcr\u0259m ki, \u00f6lk\u0259d\u0259, c\u0259miyy\u0259td\u0259 n\u0259l\u0259r ba\u015f verir&quot; - MEYDAN.TV<\/title>\n<meta name=\"robots\" content=\"index, follow, max-snippet:-1, max-image-preview:large, max-video-preview:-1\" \/>\n<link rel=\"canonical\" href=\"https:\/\/www.meydan.tv\/az\/article\/abdulla-abdullayev-men-indi-basa-dusurem-ki-olkede-cemiyyetde-neler-bas-verir\/\" \/>\n<meta property=\"og:locale\" content=\"az_AZ\" \/>\n<meta property=\"og:type\" content=\"article\" \/>\n<meta property=\"og:title\" content=\"Abdulla Abdullayev: &quot;M\u0259n indi ba\u015fa d\u00fc\u015f\u00fcr\u0259m ki, \u00f6lk\u0259d\u0259, c\u0259miyy\u0259td\u0259 n\u0259l\u0259r ba\u015f verir&quot; - MEYDAN.TV\" \/>\n<meta property=\"og:description\" content=\"&quot;\u018fn yax\u015f\u0131 halda c\u0259mi iki ay ibtidai istintaq olub, m\u00fcst\u0259ntiq t\u0259cridxanaya c\u0259mi 4 d\u0259f\u0259 g\u0259lib&quot;\" \/>\n<meta property=\"og:url\" content=\"https:\/\/www.meydan.tv\/az\/article\/abdulla-abdullayev-men-indi-basa-dusurem-ki-olkede-cemiyyetde-neler-bas-verir\/\" \/>\n<meta property=\"og:site_name\" content=\"MEYDAN.TV\" \/>\n<meta property=\"article:published_time\" content=\"2015-03-06T22:40:25+00:00\" \/>\n<meta property=\"og:image\" content=\"https:\/\/www.meydan.tv\/wp-content\/uploads\/7571.jpg\" \/>\n\t<meta property=\"og:image:width\" content=\"275\" \/>\n\t<meta property=\"og:image:height\" content=\"183\" \/>\n\t<meta property=\"og:image:type\" content=\"image\/jpeg\" \/>\n<meta name=\"twitter:card\" content=\"summary_large_image\" \/>\n<!-- \/ Yoast SEO plugin. -->","yoast_head_json":{"title":"Abdulla Abdullayev: \"M\u0259n indi ba\u015fa d\u00fc\u015f\u00fcr\u0259m ki, \u00f6lk\u0259d\u0259, c\u0259miyy\u0259td\u0259 n\u0259l\u0259r ba\u015f verir\" - MEYDAN.TV","robots":{"index":"index","follow":"follow","max-snippet":"max-snippet:-1","max-image-preview":"max-image-preview:large","max-video-preview":"max-video-preview:-1"},"canonical":"https:\/\/www.meydan.tv\/az\/article\/abdulla-abdullayev-men-indi-basa-dusurem-ki-olkede-cemiyyetde-neler-bas-verir\/","og_locale":"az_AZ","og_type":"article","og_title":"Abdulla Abdullayev: \"M\u0259n indi ba\u015fa d\u00fc\u015f\u00fcr\u0259m ki, \u00f6lk\u0259d\u0259, c\u0259miyy\u0259td\u0259 n\u0259l\u0259r ba\u015f verir\" - MEYDAN.TV","og_description":"\"\u018fn yax\u015f\u0131 halda c\u0259mi iki ay ibtidai istintaq olub, m\u00fcst\u0259ntiq t\u0259cridxanaya c\u0259mi 4 d\u0259f\u0259 g\u0259lib\"","og_url":"https:\/\/www.meydan.tv\/az\/article\/abdulla-abdullayev-men-indi-basa-dusurem-ki-olkede-cemiyyetde-neler-bas-verir\/","og_site_name":"MEYDAN.TV","article_published_time":"2015-03-06T22:40:25+00:00","og_image":[{"width":275,"height":183,"url":"https:\/\/www.meydan.tv\/wp-content\/uploads\/7571.jpg","type":"image\/jpeg"}],"twitter_card":"summary_large_image","schema":{"@context":"https:\/\/schema.org","@graph":[{"@type":"Article","@id":"https:\/\/www.meydan.tv\/az\/article\/abdulla-abdullayev-men-indi-basa-dusurem-ki-olkede-cemiyyetde-neler-bas-verir\/#article","isPartOf":{"@id":"https:\/\/www.meydan.tv\/az\/article\/abdulla-abdullayev-men-indi-basa-dusurem-ki-olkede-cemiyyetde-neler-bas-verir\/"},"author":{"name":"user-manager","@id":"https:\/\/www.meydan.tv\/az\/#\/schema\/person\/10d11eccf6da3662cf5fdab9806ea91a"},"headline":"Abdulla Abdullayev: &#8220;M\u0259n indi ba\u015fa d\u00fc\u015f\u00fcr\u0259m ki, \u00f6lk\u0259d\u0259, c\u0259miyy\u0259td\u0259 n\u0259l\u0259r ba\u015f verir&#8221;","datePublished":"2015-03-06T22:40:25+00:00","mainEntityOfPage":{"@id":"https:\/\/www.meydan.tv\/az\/article\/abdulla-abdullayev-men-indi-basa-dusurem-ki-olkede-cemiyyetde-neler-bas-verir\/"},"wordCount":810,"publisher":{"@id":"https:\/\/www.meydan.tv\/az\/#organization"},"image":{"@id":"https:\/\/www.meydan.tv\/az\/article\/abdulla-abdullayev-men-indi-basa-dusurem-ki-olkede-cemiyyetde-neler-bas-verir\/#primaryimage"},"thumbnailUrl":"https:\/\/www.meydan.tv\/wp-content\/uploads\/7571.jpg","articleSection":["X\u0259b\u0259rl\u0259r"],"inLanguage":"az"},{"@type":"WebPage","@id":"https:\/\/www.meydan.tv\/az\/article\/abdulla-abdullayev-men-indi-basa-dusurem-ki-olkede-cemiyyetde-neler-bas-verir\/","url":"https:\/\/www.meydan.tv\/az\/article\/abdulla-abdullayev-men-indi-basa-dusurem-ki-olkede-cemiyyetde-neler-bas-verir\/","name":"Abdulla Abdullayev: \"M\u0259n indi ba\u015fa d\u00fc\u015f\u00fcr\u0259m ki, \u00f6lk\u0259d\u0259, c\u0259miyy\u0259td\u0259 n\u0259l\u0259r ba\u015f verir\" - MEYDAN.TV","isPartOf":{"@id":"https:\/\/www.meydan.tv\/az\/#website"},"primaryImageOfPage":{"@id":"https:\/\/www.meydan.tv\/az\/article\/abdulla-abdullayev-men-indi-basa-dusurem-ki-olkede-cemiyyetde-neler-bas-verir\/#primaryimage"},"image":{"@id":"https:\/\/www.meydan.tv\/az\/article\/abdulla-abdullayev-men-indi-basa-dusurem-ki-olkede-cemiyyetde-neler-bas-verir\/#primaryimage"},"thumbnailUrl":"https:\/\/www.meydan.tv\/wp-content\/uploads\/7571.jpg","datePublished":"2015-03-06T22:40:25+00:00","breadcrumb":{"@id":"https:\/\/www.meydan.tv\/az\/article\/abdulla-abdullayev-men-indi-basa-dusurem-ki-olkede-cemiyyetde-neler-bas-verir\/#breadcrumb"},"inLanguage":"az","potentialAction":[{"@type":"ReadAction","target":["https:\/\/www.meydan.tv\/az\/article\/abdulla-abdullayev-men-indi-basa-dusurem-ki-olkede-cemiyyetde-neler-bas-verir\/"]}]},{"@type":"ImageObject","inLanguage":"az","@id":"https:\/\/www.meydan.tv\/az\/article\/abdulla-abdullayev-men-indi-basa-dusurem-ki-olkede-cemiyyetde-neler-bas-verir\/#primaryimage","url":"https:\/\/www.meydan.tv\/wp-content\/uploads\/7571.jpg","contentUrl":"https:\/\/www.meydan.tv\/wp-content\/uploads\/7571.jpg","width":275,"height":183,"caption":"Source:"},{"@type":"BreadcrumbList","@id":"https:\/\/www.meydan.tv\/az\/article\/abdulla-abdullayev-men-indi-basa-dusurem-ki-olkede-cemiyyetde-neler-bas-verir\/#breadcrumb","itemListElement":[{"@type":"ListItem","position":1,"name":"Ana s\u0259hif\u0259","item":"https:\/\/www.meydan.tv\/az\/"},{"@type":"ListItem","position":2,"name":"X\u0259b\u0259rl\u0259r","item":"https:\/\/www.meydan.tv\/az\/section\/xeberler\/"},{"@type":"ListItem","position":3,"name":"Abdulla Abdullayev: &#8220;M\u0259n indi ba\u015fa d\u00fc\u015f\u00fcr\u0259m ki, \u00f6lk\u0259d\u0259, c\u0259miyy\u0259td\u0259 n\u0259l\u0259r ba\u015f verir&#8221;"}]},{"@type":"WebSite","@id":"https:\/\/www.meydan.tv\/az\/#website","url":"https:\/\/www.meydan.tv\/az\/","name":"MEYDAN.TV","description":"Meydan TV Az\u0259rbaycan\u0131n media m\u0259kan\u0131ndak\u0131 alternativ s\u0259sidir","publisher":{"@id":"https:\/\/www.meydan.tv\/az\/#organization"},"potentialAction":[{"@type":"SearchAction","target":{"@type":"EntryPoint","urlTemplate":"https:\/\/www.meydan.tv\/az\/?s={search_term_string}"},"query-input":{"@type":"PropertyValueSpecification","valueRequired":true,"valueName":"search_term_string"}}],"inLanguage":"az"},{"@type":"Organization","@id":"https:\/\/www.meydan.tv\/az\/#organization","name":"Meydan TV","url":"https:\/\/www.meydan.tv\/az\/","logo":{"@type":"ImageObject","inLanguage":"az","@id":"https:\/\/www.meydan.tv\/az\/#\/schema\/logo\/image\/","url":"https:\/\/www.meydan.tv\/wp-content\/uploads\/2021\/07\/meydan-logo.svg","contentUrl":"https:\/\/www.meydan.tv\/wp-content\/uploads\/2021\/07\/meydan-logo.svg","width":195,"height":46,"caption":"Meydan TV"},"image":{"@id":"https:\/\/www.meydan.tv\/az\/#\/schema\/logo\/image\/"}},{"@type":"Person","@id":"https:\/\/www.meydan.tv\/az\/#\/schema\/person\/10d11eccf6da3662cf5fdab9806ea91a","name":"user-manager"}]}},"_links":{"self":[{"href":"https:\/\/www.meydan.tv\/az\/wp-json\/wp\/v2\/posts\/167155","targetHints":{"allow":["GET"]}}],"collection":[{"href":"https:\/\/www.meydan.tv\/az\/wp-json\/wp\/v2\/posts"}],"about":[{"href":"https:\/\/www.meydan.tv\/az\/wp-json\/wp\/v2\/types\/post"}],"author":[{"embeddable":true,"href":"https:\/\/www.meydan.tv\/az\/wp-json\/wp\/v2\/users\/11"}],"replies":[{"embeddable":true,"href":"https:\/\/www.meydan.tv\/az\/wp-json\/wp\/v2\/comments?post=167155"}],"version-history":[{"count":0,"href":"https:\/\/www.meydan.tv\/az\/wp-json\/wp\/v2\/posts\/167155\/revisions"}],"wp:featuredmedia":[{"embeddable":true,"href":"https:\/\/www.meydan.tv\/az\/wp-json\/wp\/v2\/media\/21032"}],"wp:attachment":[{"href":"https:\/\/www.meydan.tv\/az\/wp-json\/wp\/v2\/media?parent=167155"}],"wp:term":[{"taxonomy":"category","embeddable":true,"href":"https:\/\/www.meydan.tv\/az\/wp-json\/wp\/v2\/categories?post=167155"},{"taxonomy":"post_tag","embeddable":true,"href":"https:\/\/www.meydan.tv\/az\/wp-json\/wp\/v2\/tags?post=167155"}],"curies":[{"name":"wp","href":"https:\/\/api.w.org\/{rel}","templated":true}]}}