{"id":167117,"date":"2015-03-04T12:52:24","date_gmt":"2015-03-04T12:52:24","guid":{"rendered":"https:\/\/www.meydan.tv\/article\/son-hebsler-vetendas-cemiyyetini-iflic-edib-ve-ifade-azadliginin-qapagini-baglayib\/"},"modified":"2015-03-04T12:52:24","modified_gmt":"2015-03-04T12:52:24","slug":"son-hebsler-vetendas-cemiyyetini-iflic-edib-ve-ifade-azadliginin-qapagini-baglayib","status":"publish","type":"post","link":"https:\/\/www.meydan.tv\/az\/article\/son-hebsler-vetendas-cemiyyetini-iflic-edib-ve-ifade-azadliginin-qapagini-baglayib\/","title":{"rendered":"&#8220;Son h\u0259bsl\u0259r v\u0259t\u0259nda\u015f c\u0259miyy\u0259tini iflic edib v\u0259 ifad\u0259 azadl\u0131\u011f\u0131n\u0131n &#8220;qapa\u011f\u0131n\u0131&#8221; ba\u011flay\u0131b&#8221;"},"content":{"rendered":"<figure class=\"wp-block-image size-large\">\n  <img decoding=\"async\" src=\"https:\/\/www.meydan.tv\/az\/20905\/\" alt=\"\" class=\"wp-image-20905\"\/><figcaption><\/figcaption><\/figure>\n<figure class=\"wp-block-image size-large\">\n  <img decoding=\"async\" src=\"https:\/\/www.meydan.tv\/az\/20908\/\" alt=\"\" class=\"wp-image-20908\"\/><figcaption><\/figcaption><\/figure>\n<p>\n  <i><br \/>\n    &#8220;Amnesty International&#8221;: &#8220;Neft dollarlar\u0131na g\u00f6z dik\u0259n beyn\u0259lxalq ictimaiyy\u0259t is\u0259 \u00f6lk\u0259nin repressiv taktikas\u0131 v\u0259 insan haqlar\u0131 pozuntular\u0131na g\u00f6z yumub&#8221;<br \/>\n  <\/i>\n<\/p>\n<p>\n  \u0130lk Avropa Oyunlar\u0131na ev sahibliyi ed\u0259c\u0259k Az\u0259rbaycanda insan haqlar\u0131 \u0259n a\u015fa\u011f\u0131 h\u0259dd\u0259 d\u00fc\u015f\u00fcb. Bu x\u0259b\u0259rdarl\u0131qla oyunlara 100 g\u00fcn qalm\u0131\u015f &#8220;Amnesty International&#8221; h\u00fcquq-m\u00fcdafi\u0259 t\u0259\u015fkilat\u0131 \u00e7\u0131x\u0131\u015f edib.\n<\/p>\n<p>\n  Hesabatda bildirilir ki, haz\u0131rda az\u0131 22 vicdan m\u0259hbusu &#8220;saxtakarl\u0131q, m\u0259nims\u0259m\u0259, qanunsuz narkotik madd\u0259l\u0259rd\u0259n istifad\u0259 v\u0259 h\u0259tta casusluq kimi qurama ittihamlarla m\u00fchakim\u0259sini g\u00f6zl\u0259yir&#8221;.\n<\/p>\n<\/p>\n<p>\n  &#8220;Avropa Oyunlar\u0131 iyunun 12-d\u0259 ba\u015flanacaq, 50 \u00f6lk\u0259d\u0259n 6 min atlet 20 olimpiya v\u0259 qeyri-olimpiya idman n\u00f6vl\u0259ri \u00fczr\u0259 yar\u0131\u015facaq. Bu beyn\u0259lxalq t\u0259dbir he\u00e7 k\u0259sin g\u00f6z\u00fcn\u00fc qama\u015fd\u0131rmas\u0131n, he\u00e7 k\u0259s aldanmas\u0131n. Az\u0259rbaycan t\u0259rt\u0259miz beyn\u0259lxalq imic qazanmaq v\u0259 xarici biznesi c\u0259lb etm\u0259k ist\u0259yir&#8221;, &#8211; dey\u0259 t\u0259\u015fkilat\u0131n Avropa v\u0259 Orta Asiya \u00fczr\u0259 direktoru John Dalhusein bildirir ki, bu \u00f6lk\u0259nin hakimiyy\u0259ti Avropan\u0131n \u0259n repressiv rejiml\u0259ri s\u0131ras\u0131ndad\u0131r.H\u0259bsd\u0259 olan f\u0259allar\u0131n v\u0259 h\u00fcquq m\u00fcdafi\u0259\u00e7il\u0259rinin say\u0131na g\u00f6r\u0259 m\u00fckafat verils\u0259ydi, medal qazanard\u0131.\n<\/p>\n<p>\n  Hesabatda h\u0259bsd\u0259 olan h\u00fcquq m\u00fcdafi\u0259\u00e7il\u0259ri Leyla v\u0259 Arif Yunuslar, R\u0259sul C\u0259f\u0259rov, \u0130ntiqam \u018fliyev, jurnalist X\u0259dic\u0259 \u0130smay\u0131lovan\u0131n adlar\u0131 \u00e7\u0259kilir.<br \/>\n  <br \/>\n  &#8220;Son h\u0259bsl\u0259r v\u0259t\u0259nda\u015f c\u0259miyy\u0259tini iflic edib v\u0259 ifad\u0259 azadl\u0131\u011f\u0131n\u0131n &#8220;qapa\u011f\u0131n\u0131&#8221; ba\u011flay\u0131b. Bununla da m\u00fcst\u0259qillik qazanandan b\u0259ri \u00f6lk\u0259d\u0259 insan haqlar\u0131 \u0259n a\u015fa\u011f\u0131 h\u0259dd\u0259 d\u00fc\u015f\u00fcb&#8221;, &#8211; Dalhusein bel\u0259 deyir. &#8220;Az\u0259rbaycan\u0131n neft dollarlar\u0131na g\u00f6z dik\u0259n beyn\u0259lxalq ictimaiyy\u0259t is\u0259 \u00f6lk\u0259nin repressiv taktikas\u0131 v\u0259 insan haqlar\u0131 pozuntular\u0131na g\u00f6z yumub, susub. Bu, barmaql\u0131qlar arxas\u0131nda qalanlara arxa \u00e7evirm\u0259kdir&#8221;.\n<\/p>\n<p>\n  T\u0259\u015fkilat Az\u0259rbaycan hakimiyy\u0259tini b\u00fct\u00fcn vicdan m\u0259hbuslar\u0131n\u0131 d\u0259rhal v\u0259 qeyd-\u015f\u0259rtsiz azadl\u0131\u011fa buraxma\u011fa, onlarla pis r\u0259ftar iddialar\u0131n\u0131 h\u0259rt\u0259r\u0259fli v\u0259 q\u0259r\u0259zsiz ara\u015fd\u0131rma\u011fa \u00e7a\u011f\u0131r\u0131r. Qurum, h\u0259m\u00e7inin, hakimiyy\u0259ti \u00e7a\u011f\u0131r\u0131r ki, &#8220;ifad\u0259 v\u0259 birl\u0259\u015fm\u0259 azadl\u0131qlar\u0131ndan istifad\u0259 ed\u0259nl\u0259rin h\u0259d\u0259l\u0259nm\u0259si v\u0259 cinay\u0259t m\u0259suliyy\u0259tin\u0259 c\u0259lb olunmas\u0131na son qoysun&#8221;.\n<\/p>\n<p>\n  B\u00fct\u00fcn bunlara r\u0259\u011fm\u0259n hakimiyy\u0259t \u00f6lk\u0259d\u0259 siyasi m\u0259hbus, vicdan m\u0259hbuslar\u0131n\u0131n olmad\u0131\u011f\u0131n\u0131 bildirir, \u00fcmumiyy\u0259tl\u0259, bu anlay\u0131\u015flar\u0131 q\u0259bul etmir.\n<\/p>\n<p>\n  azadliq.org\n<\/p><\/p>\n","protected":false},"excerpt":{"rendered":"<p>&#8220;Amnesty International&#8221;: &#8220;Neft dollarlar\u0131na g\u00f6z dik\u0259n beyn\u0259lxalq ictimaiyy\u0259t is\u0259 \u00f6lk\u0259nin repressiv taktikas\u0131 v\u0259 insan haqlar\u0131 pozuntular\u0131na g\u00f6z yumub&#8221;<\/p>\n","protected":false},"author":11,"featured_media":20905,"comment_status":"closed","ping_status":"open","sticky":false,"template":"","format":"standard","meta":{"_acf_changed":false,"_sitemap_exclude":false,"_sitemap_priority":"","_sitemap_frequency":"","footnotes":""},"categories":[56],"tags":[],"class_list":["post-167117","post","type-post","status-publish","format-standard","has-post-thumbnail","hentry","category-xeberler","infinite-scroll-item","generate-columns","tablet-grid-50","mobile-grid-100","grid-parent","grid-33","no-featured-image-padding"],"acf":[],"yoast_head":"<!-- This site is optimized with the Yoast SEO plugin v28.3 - https:\/\/yoast.com\/product\/yoast-seo-wordpress\/ -->\n<title>&quot;Son h\u0259bsl\u0259r v\u0259t\u0259nda\u015f c\u0259miyy\u0259tini iflic edib v\u0259 ifad\u0259 azadl\u0131\u011f\u0131n\u0131n &quot;qapa\u011f\u0131n\u0131&quot; ba\u011flay\u0131b&quot; - MEYDAN.TV<\/title>\n<meta name=\"robots\" content=\"index, follow, max-snippet:-1, max-image-preview:large, max-video-preview:-1\" \/>\n<link rel=\"canonical\" href=\"https:\/\/www.meydan.tv\/az\/article\/son-hebsler-vetendas-cemiyyetini-iflic-edib-ve-ifade-azadliginin-qapagini-baglayib\/\" \/>\n<meta property=\"og:locale\" content=\"az_AZ\" \/>\n<meta property=\"og:type\" content=\"article\" \/>\n<meta property=\"og:title\" content=\"&quot;Son h\u0259bsl\u0259r v\u0259t\u0259nda\u015f c\u0259miyy\u0259tini iflic edib v\u0259 ifad\u0259 azadl\u0131\u011f\u0131n\u0131n &quot;qapa\u011f\u0131n\u0131&quot; ba\u011flay\u0131b&quot; - MEYDAN.TV\" \/>\n<meta property=\"og:description\" content=\"&quot;Amnesty International&quot;: &quot;Neft dollarlar\u0131na g\u00f6z dik\u0259n beyn\u0259lxalq ictimaiyy\u0259t is\u0259 \u00f6lk\u0259nin repressiv taktikas\u0131 v\u0259 insan haqlar\u0131 pozuntular\u0131na g\u00f6z yumub&quot;\" \/>\n<meta property=\"og:url\" content=\"https:\/\/www.meydan.tv\/az\/article\/son-hebsler-vetendas-cemiyyetini-iflic-edib-ve-ifade-azadliginin-qapagini-baglayib\/\" \/>\n<meta property=\"og:site_name\" content=\"MEYDAN.TV\" \/>\n<meta property=\"article:published_time\" content=\"2015-03-04T12:52:24+00:00\" \/>\n<meta property=\"og:image\" content=\"https:\/\/www.meydan.tv\/wp-content\/uploads\/7519.jpg\" \/>\n\t<meta property=\"og:image:width\" content=\"225\" \/>\n\t<meta property=\"og:image:height\" content=\"225\" \/>\n\t<meta property=\"og:image:type\" content=\"image\/jpeg\" \/>\n<meta name=\"twitter:card\" content=\"summary_large_image\" \/>\n<!-- \/ Yoast SEO plugin. -->","yoast_head_json":{"title":"\"Son h\u0259bsl\u0259r v\u0259t\u0259nda\u015f c\u0259miyy\u0259tini iflic edib v\u0259 ifad\u0259 azadl\u0131\u011f\u0131n\u0131n \"qapa\u011f\u0131n\u0131\" ba\u011flay\u0131b\" - MEYDAN.TV","robots":{"index":"index","follow":"follow","max-snippet":"max-snippet:-1","max-image-preview":"max-image-preview:large","max-video-preview":"max-video-preview:-1"},"canonical":"https:\/\/www.meydan.tv\/az\/article\/son-hebsler-vetendas-cemiyyetini-iflic-edib-ve-ifade-azadliginin-qapagini-baglayib\/","og_locale":"az_AZ","og_type":"article","og_title":"\"Son h\u0259bsl\u0259r v\u0259t\u0259nda\u015f c\u0259miyy\u0259tini iflic edib v\u0259 ifad\u0259 azadl\u0131\u011f\u0131n\u0131n \"qapa\u011f\u0131n\u0131\" ba\u011flay\u0131b\" - MEYDAN.TV","og_description":"\"Amnesty International\": \"Neft dollarlar\u0131na g\u00f6z dik\u0259n beyn\u0259lxalq ictimaiyy\u0259t is\u0259 \u00f6lk\u0259nin repressiv taktikas\u0131 v\u0259 insan haqlar\u0131 pozuntular\u0131na g\u00f6z yumub\"","og_url":"https:\/\/www.meydan.tv\/az\/article\/son-hebsler-vetendas-cemiyyetini-iflic-edib-ve-ifade-azadliginin-qapagini-baglayib\/","og_site_name":"MEYDAN.TV","article_published_time":"2015-03-04T12:52:24+00:00","og_image":[{"width":225,"height":225,"url":"https:\/\/www.meydan.tv\/wp-content\/uploads\/7519.jpg","type":"image\/jpeg"}],"twitter_card":"summary_large_image","schema":{"@context":"https:\/\/schema.org","@graph":[{"@type":"Article","@id":"https:\/\/www.meydan.tv\/az\/article\/son-hebsler-vetendas-cemiyyetini-iflic-edib-ve-ifade-azadliginin-qapagini-baglayib\/#article","isPartOf":{"@id":"https:\/\/www.meydan.tv\/az\/article\/son-hebsler-vetendas-cemiyyetini-iflic-edib-ve-ifade-azadliginin-qapagini-baglayib\/"},"author":{"name":"user-manager","@id":"https:\/\/www.meydan.tv\/az\/#\/schema\/person\/10d11eccf6da3662cf5fdab9806ea91a"},"headline":"&#8220;Son h\u0259bsl\u0259r v\u0259t\u0259nda\u015f c\u0259miyy\u0259tini iflic edib v\u0259 ifad\u0259 azadl\u0131\u011f\u0131n\u0131n &#8220;qapa\u011f\u0131n\u0131&#8221; ba\u011flay\u0131b&#8221;","datePublished":"2015-03-04T12:52:24+00:00","mainEntityOfPage":{"@id":"https:\/\/www.meydan.tv\/az\/article\/son-hebsler-vetendas-cemiyyetini-iflic-edib-ve-ifade-azadliginin-qapagini-baglayib\/"},"wordCount":456,"publisher":{"@id":"https:\/\/www.meydan.tv\/az\/#organization"},"image":{"@id":"https:\/\/www.meydan.tv\/az\/article\/son-hebsler-vetendas-cemiyyetini-iflic-edib-ve-ifade-azadliginin-qapagini-baglayib\/#primaryimage"},"thumbnailUrl":"https:\/\/www.meydan.tv\/wp-content\/uploads\/7519.jpg","articleSection":["X\u0259b\u0259rl\u0259r"],"inLanguage":"az"},{"@type":"WebPage","@id":"https:\/\/www.meydan.tv\/az\/article\/son-hebsler-vetendas-cemiyyetini-iflic-edib-ve-ifade-azadliginin-qapagini-baglayib\/","url":"https:\/\/www.meydan.tv\/az\/article\/son-hebsler-vetendas-cemiyyetini-iflic-edib-ve-ifade-azadliginin-qapagini-baglayib\/","name":"\"Son h\u0259bsl\u0259r v\u0259t\u0259nda\u015f c\u0259miyy\u0259tini iflic edib v\u0259 ifad\u0259 azadl\u0131\u011f\u0131n\u0131n \"qapa\u011f\u0131n\u0131\" ba\u011flay\u0131b\" - MEYDAN.TV","isPartOf":{"@id":"https:\/\/www.meydan.tv\/az\/#website"},"primaryImageOfPage":{"@id":"https:\/\/www.meydan.tv\/az\/article\/son-hebsler-vetendas-cemiyyetini-iflic-edib-ve-ifade-azadliginin-qapagini-baglayib\/#primaryimage"},"image":{"@id":"https:\/\/www.meydan.tv\/az\/article\/son-hebsler-vetendas-cemiyyetini-iflic-edib-ve-ifade-azadliginin-qapagini-baglayib\/#primaryimage"},"thumbnailUrl":"https:\/\/www.meydan.tv\/wp-content\/uploads\/7519.jpg","datePublished":"2015-03-04T12:52:24+00:00","breadcrumb":{"@id":"https:\/\/www.meydan.tv\/az\/article\/son-hebsler-vetendas-cemiyyetini-iflic-edib-ve-ifade-azadliginin-qapagini-baglayib\/#breadcrumb"},"inLanguage":"az","potentialAction":[{"@type":"ReadAction","target":["https:\/\/www.meydan.tv\/az\/article\/son-hebsler-vetendas-cemiyyetini-iflic-edib-ve-ifade-azadliginin-qapagini-baglayib\/"]}]},{"@type":"ImageObject","inLanguage":"az","@id":"https:\/\/www.meydan.tv\/az\/article\/son-hebsler-vetendas-cemiyyetini-iflic-edib-ve-ifade-azadliginin-qapagini-baglayib\/#primaryimage","url":"https:\/\/www.meydan.tv\/wp-content\/uploads\/7519.jpg","contentUrl":"https:\/\/www.meydan.tv\/wp-content\/uploads\/7519.jpg","width":225,"height":225,"caption":"Source:"},{"@type":"BreadcrumbList","@id":"https:\/\/www.meydan.tv\/az\/article\/son-hebsler-vetendas-cemiyyetini-iflic-edib-ve-ifade-azadliginin-qapagini-baglayib\/#breadcrumb","itemListElement":[{"@type":"ListItem","position":1,"name":"Ana s\u0259hif\u0259","item":"https:\/\/www.meydan.tv\/az\/"},{"@type":"ListItem","position":2,"name":"X\u0259b\u0259rl\u0259r","item":"https:\/\/www.meydan.tv\/az\/section\/xeberler\/"},{"@type":"ListItem","position":3,"name":"&#8220;Son h\u0259bsl\u0259r v\u0259t\u0259nda\u015f c\u0259miyy\u0259tini iflic edib v\u0259 ifad\u0259 azadl\u0131\u011f\u0131n\u0131n &#8220;qapa\u011f\u0131n\u0131&#8221; ba\u011flay\u0131b&#8221;"}]},{"@type":"WebSite","@id":"https:\/\/www.meydan.tv\/az\/#website","url":"https:\/\/www.meydan.tv\/az\/","name":"MEYDAN.TV","description":"Meydan TV Az\u0259rbaycan\u0131n media m\u0259kan\u0131ndak\u0131 alternativ s\u0259sidir","publisher":{"@id":"https:\/\/www.meydan.tv\/az\/#organization"},"potentialAction":[{"@type":"SearchAction","target":{"@type":"EntryPoint","urlTemplate":"https:\/\/www.meydan.tv\/az\/?s={search_term_string}"},"query-input":{"@type":"PropertyValueSpecification","valueRequired":true,"valueName":"search_term_string"}}],"inLanguage":"az"},{"@type":"Organization","@id":"https:\/\/www.meydan.tv\/az\/#organization","name":"Meydan TV","url":"https:\/\/www.meydan.tv\/az\/","logo":{"@type":"ImageObject","inLanguage":"az","@id":"https:\/\/www.meydan.tv\/az\/#\/schema\/logo\/image\/","url":"https:\/\/www.meydan.tv\/wp-content\/uploads\/2021\/07\/meydan-logo.svg","contentUrl":"https:\/\/www.meydan.tv\/wp-content\/uploads\/2021\/07\/meydan-logo.svg","width":195,"height":46,"caption":"Meydan TV"},"image":{"@id":"https:\/\/www.meydan.tv\/az\/#\/schema\/logo\/image\/"}},{"@type":"Person","@id":"https:\/\/www.meydan.tv\/az\/#\/schema\/person\/10d11eccf6da3662cf5fdab9806ea91a","name":"user-manager"}]}},"_links":{"self":[{"href":"https:\/\/www.meydan.tv\/az\/wp-json\/wp\/v2\/posts\/167117","targetHints":{"allow":["GET"]}}],"collection":[{"href":"https:\/\/www.meydan.tv\/az\/wp-json\/wp\/v2\/posts"}],"about":[{"href":"https:\/\/www.meydan.tv\/az\/wp-json\/wp\/v2\/types\/post"}],"author":[{"embeddable":true,"href":"https:\/\/www.meydan.tv\/az\/wp-json\/wp\/v2\/users\/11"}],"replies":[{"embeddable":true,"href":"https:\/\/www.meydan.tv\/az\/wp-json\/wp\/v2\/comments?post=167117"}],"version-history":[{"count":0,"href":"https:\/\/www.meydan.tv\/az\/wp-json\/wp\/v2\/posts\/167117\/revisions"}],"wp:featuredmedia":[{"embeddable":true,"href":"https:\/\/www.meydan.tv\/az\/wp-json\/wp\/v2\/media\/20905"}],"wp:attachment":[{"href":"https:\/\/www.meydan.tv\/az\/wp-json\/wp\/v2\/media?parent=167117"}],"wp:term":[{"taxonomy":"category","embeddable":true,"href":"https:\/\/www.meydan.tv\/az\/wp-json\/wp\/v2\/categories?post=167117"},{"taxonomy":"post_tag","embeddable":true,"href":"https:\/\/www.meydan.tv\/az\/wp-json\/wp\/v2\/tags?post=167117"}],"curies":[{"name":"wp","href":"https:\/\/api.w.org\/{rel}","templated":true}]}}