{"id":167078,"date":"2015-03-02T00:23:04","date_gmt":"2015-03-02T00:23:04","guid":{"rendered":"https:\/\/www.meydan.tv\/article\/ne-ucun-boris-nemtsov-boyuk-adamdir\/"},"modified":"2015-03-02T00:23:04","modified_gmt":"2015-03-02T00:23:04","slug":"ne-ucun-boris-nemtsov-boyuk-adamdir","status":"publish","type":"post","link":"https:\/\/www.meydan.tv\/az\/article\/ne-ucun-boris-nemtsov-boyuk-adamdir\/","title":{"rendered":"N\u0259 \u00fc\u00e7\u00fcn Boris Nemtsov b\u00f6y\u00fck adamd\u0131r?"},"content":{"rendered":"<figure class=\"wp-block-image size-large\">\n  <img decoding=\"async\" src=\"https:\/\/www.meydan.tv\/az\/20751\/\" alt=\"\" class=\"wp-image-20751\"\/><figcaption><\/figcaption><\/figure>\n<figure class=\"wp-block-image size-large\">\n  <img decoding=\"async\" src=\"https:\/\/www.meydan.tv\/az\/20754\/\" alt=\"\" class=\"wp-image-20754\"\/><figcaption><\/figcaption><\/figure>\n<p>\n  Putin, yoxsa qeyrisi \u2013 K\u0130V-d\u0259 h\u0259rar\u0259tl\u0259 dart\u0131\u015f\u0131lan ictimai diskussiya. Bir \u00f6lk\u0259d\u0259 ki, prezident haqq\u0131nda q\u0259tlin sifari\u015f\u00e7isi olmas\u0131 ehtmal\u0131 kontekstind\u0259 m\u00fczakir\u0259l\u0259r gedir, dem\u0259li, bu \u00f6lk\u0259d\u0259 apriori qaydas\u0131nda getm\u0259y\u0259n n\u0259l\u0259rs\u0259 var. Rus xalq\u0131, o c\u00fcml\u0259d\u0259n h\u00f6kum\u0259t\u0259 d\u0259st\u0259yini bildir\u0259n 85% \u0259hali, n\u0259z\u0259ri olaraq Putinin \u00f6z opponentini \u00f6ld\u00fcrt\u0259 bil\u0259c\u0259yin\u0259 inanmaqdad\u0131r. Bu, r\u0259sm\u0259n v\u0259h\u015filikdir, inan\u0131lmaz v\u0259h\u015filikdir.\n<\/p>\n<p>\n  28 fevrala ke\u00e7\u0259n gec\u0259 qorxunc hissl\u0259r ke\u00e7irdim. U\u015faq vaxt\u0131, Vlad Listyevin \u00f6ld\u00fcr\u00fclm\u0259si haqq\u0131nda reportaj\u0131 g\u00f6rd\u00fcy\u00fcm zaman ke\u00e7irdiyim x\u00fcsusi, ba\u015fqa he\u00e7 n\u0259y\u0259 ox\u015famayan h\u0259y\u0259can hissi idi bu. Uzun ill\u0259r yadda\u015f\u0131m\u0131n d\u0259rinlikl\u0259rin\u0259 hopmu\u015f bu hadis\u0259ni unuda bilm\u0259dim, unuda bilmir\u0259m. Eyni hissl\u0259r Boris Nemtsovun \u00f6ld\u00fcr\u00fclm\u0259sind\u0259n sonra da ba\u015f qald\u0131rd\u0131.\n<\/p>\n<p>\n  Boris Nemtsovun n\u0259 \u00fc\u00e7\u00fcn b\u00f6y\u00fck adam oldu\u011funu q\u0131saca izah etm\u0259y\u0259 \u00e7al\u0131\u015facam.\n<\/p>\n<p>\n  <b><br \/>\n    90-lar<br \/>\n  <\/b>\n<\/p>\n<p>\n  Nemtsovun b\u0259xti h\u0259l\u0259 g\u0259ncliyind\u0259 g\u0259tirm\u0259di. \u00d6lk\u0259nin s\u00fcr\u0259tl\u0259 failedstate`y\u0259 \u00e7evrildiyi d\u00f6vrd\u0259, Nemtsov \u00f6z karyeras\u0131n\u0131n zirv\u0259sini ya\u015fay\u0131rd\u0131. \u0130rimiqyasl\u0131 o\u011furluqlar, \u00e7\u00f6km\u00fc\u015f iqtisadiyyat, iki \u00e7e\u00e7en m\u00fcharib\u0259si v\u0259 ba\u015fqa \u00e7\u0259tinlikl\u0259r yeni demokratlar\u0131n \u00e7iyinl\u0259rin\u0259 a\u011f\u0131r bir y\u00fck kimi \u00e7\u00f6km\u00fc\u015fd\u00fc. O demokratlar\u0131n aras\u0131nda Nemtsov da vard\u0131. Zaman ke\u00e7\u0259c\u0259k, rus xalq\u0131 90-larda \u00f6lk\u0259ni idar\u0259 etmi\u015f \u015f\u0259xsl\u0259r\u0259 qar\u015f\u0131 m\u0259nfi emosiyalar v\u0259 d\u00fc\u015f\u00fcnc\u0259l\u0259rl\u0259 y\u00fckl\u0259n\u0259c\u0259kdi. O d\u00f6vrd\u0259 \u00f6lk\u0259 ac\u0131ndan \u00f6l\u00fcrd\u00fc v\u0259 bir barel neftin 120$ ola bil\u0259c\u0259yi t\u0259s\u0259vv\u00fcr bel\u0259 edilmirdi. Yeltsin epoxas\u0131na olan neqativ m\u00fcnasib\u0259t, o ill\u0259rd\u0259 ba\u015fqalar\u0131ndan aktivliyi il\u0259 se\u00e7il\u0259n Nemtsova da \u015famil edilirdi.\n<\/p>\n<p>\n  \u00c7ubays, Qaydar kimi h\u0259mkarlar\u0131ndan f\u0259rqli olaraq, Nemtsov siyasi f\u0259aliyy\u0259tind\u0259n vaz ke\u00e7m\u0259di.\n<\/p>\n<p>\n  <b><br \/>\n    S\u0131f\u0131rl\u0131 ill\u0259r<br \/>\n  <\/b>\n<\/p>\n<p>\n  Zaman ke\u00e7ir, \u201cPutin sabitliyi\u201d b\u0259rq\u0259rar olurdu. Bu sabitlik h\u0259qiq\u0259t\u0259n d\u0259 i\u015fl\u0259yirdi. Korrupsiya, xammal iqtisadiyyat\u0131, hakimiyy\u0259tin d\u0259yi\u015fm\u0259zliyi \u2013 bunlar\u0131n ham\u0131s\u0131 adamlar\u0131 az maraqland\u0131r\u0131rd\u0131. Yaln\u0131z Nemtsov daima \u00e7oxsayl\u0131 aksiyalarda i\u015ftirak edir, korrupsionerl\u0259r haqda hesabatlar yay\u0131r, siyasi meydanda qalma\u011fa \u00e7al\u0131\u015f\u0131rd\u0131. Romantizmin\u0259 v\u0259 f\u0259dakarl\u0131\u011f\u0131na baxmayaraq, onu \u00e7ox az f\u0259rq edirdil\u0259r.\n<\/p>\n<p>\n  Moskvlal\u0131lar tox idil\u0259r, qalan Rusiya is\u0259 araq i\u00e7ib, Birinci kanalda x\u0259b\u0259rl\u0259r\u0259 bax\u0131rd\u0131. Nemtsov \u0259vv\u0259ll\u0259r oldu\u011fu kimi, art\u0131q federal kanallarda da g\u00f6r\u00fcnm\u00fcrd\u00fc. \u00dcmumiyy\u0259tl\u0259, real m\u00fcxalif\u0259td\u0259n televiziyalara art\u0131q he\u00e7 k\u0259s burax\u0131lm\u0131rd\u0131. Bu o d\u00f6vr idi ki, Nemtsov bel\u0259 dem\u0259k m\u00fcmk\u00fcnd\u00fcrs\u0259, undergrounda ke\u00e7mi\u015fdi. Bir daha b\u00f6y\u00fck siyas\u0259t\u0259 qay\u0131tmaq \u00fcmidi il\u0259.\n<\/p>\n<figure class=\"wp-block-image size-large\">\n  <img decoding=\"async\" src=\"https:\/\/www.meydan.tv\/az\/20757\/\" alt=\"\" class=\"wp-image-20757\"\/><figcaption><\/figcaption><\/figure>\n<p>\n  <b><br \/>\n    Dekabr 2011 \u2013 k\u00f6z\u0259r\u0259n \u00fcmidl\u0259r<br \/>\n  <\/b>\n<\/p>\n<p>\n  Parlament se\u00e7kil\u0259ri yax\u0131nla\u015f\u0131r, \u00fc\u00e7 ay sonra is\u0259 prezident se\u00e7kil\u0259r var. \u201cVahid Rusiya\u201dn\u0131n reytinql\u0259ri rekord h\u0259dd\u0259 geril\u0259yib. Putin-Medvedev rokirovkas\u0131 \u00e7ox adam\u0131 q\u0259z\u0259bl\u0259ndirib. O q\u0259d\u0259r adam\u0131 q\u0259z\u0259bl\u0259ndirib ki, ilk d\u0259f\u0259dir 10-15 ild\u0259 Moskvada 100 min adam meydana topla\u015f\u0131r. \u201cO\u011fru v\u0259 d\u0259l\u0259duzlar partiyas\u0131\u201d &#8211; xalq\u0131n Putinin partiyas\u0131na qoydu\u011fu ad budur. Yeni protest h\u0259r\u0259kat\u0131n ideoloqlar\u0131ndan biri d\u0259 Boris Nemtsovdur. Baxmayaraq ki, xalq onu acl\u0131\u011f\u0131n h\u00f6km s\u00fcrd\u00fcy\u00fc 90-larla assosiasiya edir v\u0259 s\u0259rin m\u00fcnasib\u0259t g\u00f6st\u0259rir, Nemtsov yen\u0259 d\u0259 \u00f6z i\u015fi il\u0259 m\u0259\u015f\u011fuldur. Nemtsov m\u00fcxalif\u0259t liderliyin\u0259 iddia etmir. Onun d\u0259yi\u015fiklik yan\u011f\u0131s\u0131 var v\u0259 birinci skripka kimi Navaln\u0131n\u0131 tan\u0131ma\u011fa haz\u0131rd\u0131r. Hans\u0131sa yollarla tez-tez Lifenews agentliyinin \u0259lin\u0259 d\u00fc\u015f\u0259n, sonra da ictimaiyy\u0259t aras\u0131nda yay\u0131lan telefon dan\u0131\u015f\u0131qlar\u0131ndan da bunu ayd\u0131nca g\u00f6rm\u0259k olur.\n<\/p>\n<p>\n  N\u0259tic\u0259d\u0259 yeni etiraz dal\u011fas\u0131 yat\u0131rd\u0131l\u0131r v\u0259 xalq yenid\u0259n \u201cPutinin sabitliyini\u201d se\u00e7ir. Xalq romantikadan bezib.\n<\/p>\n<p>\n  <b><br \/>\n    Noyabr 2013 \u2013 27 fevral 2015<br \/>\n  <\/b>\n<\/p>\n<p>\n  Rusiya art\u0131q \u0259vv\u0259lki Rusiya deyil, xalq da \u00e7ox d\u0259yi\u015fib. Onlar bir zamanlar qarda\u015f olduqlar\u0131 ukraynal\u0131larla q\u0131r\u011f\u0131na \u00e7\u0131xma\u011fa v\u0259 o\u011fru Yanukovi\u00e7in m\u00fcdafi\u0259sin\u0259 qalxma\u011fa haz\u0131rd\u0131rlar. Kremlin siyas\u0259tin\u0259 etiraz ed\u0259nl\u0259ri m\u0259hv etm\u0259y\u0259 qadirdirl\u0259r. M\u00fcxalifl\u0259r bu \u00f6lk\u0259d\u0259 be\u015finci kolon, nasional-satq\u0131nlar, d\u00f6vl\u0259t departamentinin agentl\u0259ri adland\u0131r\u0131l\u0131r. Onlara irimiqyasl\u0131 korrupsiya faktlar\u0131ndan, Ukraynaya gir\u0259n rus \u0259sg\u0259rind\u0259n dan\u0131\u015fanda da deyirl\u0259r ki, \u201cRusiyada Maydan olmayacaq!\u201d. Kiselyov propaqandas\u0131 rus xalq\u0131ndan keyfiyy\u0259tc\u0259 yeni bir m\u0259hsul haz\u0131rlay\u0131r. Onlar dollar\u0131 70 rubla alma\u011fa v\u0259 Rusiyan\u0131n \u201cxoxollar\u0131\u201d c\u0259zaland\u0131raca\u011f\u0131na inanma\u011fa haz\u0131rd\u0131rlar. Onlar 60% bahas\u0131na iPhone al\u0131b, onun \u00fcst\u00fcn\u0259 \u201cObama \u2013 g.t\u201d yazma\u011fa haz\u0131rd\u0131rlar. Bu nifr\u0259tin pik h\u0259ddi \u201cAntimaydan\u201d aksiyas\u0131nda ya\u015fand\u0131 \u2013 300 rubl \u00f6d\u0259y\u0259r\u0259k, h\u00f6kum\u0259tin meydana \u00e7\u0131xard\u0131\u011f\u0131 b\u00fcdc\u0259 t\u0259\u015fkilatlar\u0131n\u0131n i\u015f\u00e7il\u0259ri, t\u0259l\u0259b\u0259l\u0259r v\u0259 \u201cKad\u0131rov\u00e7u\u201dlar hara g\u0259ldikl\u0259rini d\u0259 anlam\u0131rd\u0131lar, bu revan\u015f oyununu d\u0259rk etmirdil\u0259r. T\u0259\u015fkilat\u00e7\u0131lar is\u0259 a\u00e7\u0131q etiraf edirl\u0259r ki, b\u00fct\u00fcn naraz\u0131lar\u0131 \u0259z\u0259c\u0259kl\u0259r, Nemtsov ba\u015fda olmaqla. Yeri g\u0259lmi\u015fk\u0259n m\u00fcxalif\u0259t\u00e7il\u0259r art\u0131q Putinin partiyas\u0131na \u201cO\u011fru v\u0259 quldurlar partiyas\u0131\u201d demirl\u0259r, Ukrayna hadis\u0259l\u0259rind\u0259n sonra partiyan\u0131n ad\u0131 \u201cM\u00fcharib\u0259 partiyas\u0131\u201d kimi d\u0259yi\u015fmi\u015fdi. Bu, art\u0131q \u00e7ox n\u0259h\u0259ng partiyad\u0131r v\u0259 iki-\u00fc\u00e7 kreslo istisna olmaqla, b\u00fct\u00fcn parlamenti bu partiya \u0259l\u0259 ke\u00e7irib. Onlara m\u0259xsus olan TV-l\u0259rd\u0259 aqressiyan\u0131n dozas\u0131n\u0131 bil\u0259-bil\u0259 \u00e7ox y\u00fcks\u0259k tuturlar. Onlar\u0131n pul k\u0259s\u0259n ma\u015f\u0131nlar kimi, qanun k\u0259s\u0259n printerl\u0259ri var. Onlar\u0131n m\u00fcxalif\u0259t \u0259leyhin\u0259 ke\u00e7iril\u0259n mitinql\u0259r\u0259 adam toplamaq \u00fc\u00e7\u00fcn pullar\u0131 var. \u201cM\u00fcharib\u0259 partiyas\u0131\u201d populyarl\u0131\u011f\u0131n\u0131n zirv\u0259sini ya\u015fay\u0131r, lideri is\u0259 d\u00fcnyada \u0259n n\u00fcfuzlu siyas\u0259t\u00e7i hesab olunur.\n<\/p>\n<figure class=\"wp-block-image size-large\">\n  <img decoding=\"async\" src=\"https:\/\/www.meydan.tv\/az\/20760\/\" alt=\"\" class=\"wp-image-20760\"\/><figcaption><\/figcaption><\/figure>\n<p>\n  \u201cRaz\u0131la\u015fmayanlar\u201d\u0131n \u00e7ox az bir hiss\u0259si Ukraynaya m\u00fcdaxil\u0259ni pisl\u0259y\u0259n mitinq v\u0259 aksiyalar ke\u00e7irir. Onlar\u0131n ba\u015f ideoloqu v\u0259 y\u0259qin ki, \u0259n aktiv i\u015ftirak\u00e7\u0131s\u0131 Nemtsovdur. Kr\u0131m\u0131n Ukraynaya m\u00fctl\u0259q qaytar\u0131lmas\u0131n\u0131 ondan ba\u015fqa a\u00e7\u0131q s\u00f6zl\u0259 ifad\u0259 ed\u0259n yoxdur. \u00dcmumiyy\u0259tl\u0259 Nemtsov \u00e7ox dan\u0131\u015f\u0131r. Ona h\u00f6rm\u0259t etm\u0259y\u0259 ba\u015flay\u0131ram, ilk n\u00f6vb\u0259d\u0259 ona g\u00f6r\u0259 ki, rusiyal\u0131 siyas\u0259t\u00e7il\u0259rd\u0259 bel\u0259 keyfiyy\u0259tl\u0259r\u0259 rast g\u0259lm\u0259k m\u00fc\u015fk\u00fcl m\u0259s\u0259l\u0259dir. Rusiyadan da \u00e7\u0131x\u0131b getmir, halbuki buna imkan var idi. O c\u0259surdur, intellektuald\u0131r, ideallar\u0131 u\u011frunda vuru\u015fan f\u0259daidir. O f\u0259dakarl\u0131q ed\u0259r\u0259k Navaln\u0131n\u0131n k\u00f6lg\u0259sind\u0259 qalma\u011fa da raz\u0131d\u0131r, t\u0259ki ideallar ya\u015fas\u0131n. Elektorat\u0131n naz\u0131 il\u0259 oynayaraq m\u00f6vqeyni d\u0259yi\u015fmir. O, metroda v\u0259r\u0259q\u0259l\u0259r paylay\u0131r v\u0259 1 mart \u201cBahar\u201d mitinqin\u0259 camaat niy\u0259 g\u0259lm\u0259lidir sual\u0131na \u00f6z\u00fc \u015f\u0259xs\u0259n izah verir. Nemtsov \u00e7ox diridir, onun \u00e7\u0259kisind\u0259 olan b\u00fct\u00fcn siyas\u0259t\u00e7il\u0259rd\u0259n daha diridir. O, h\u0259yat\u0131 sevir.\n<\/p>\n<p>\n  <b><br \/>\n    28 fevral 2015-d\u0259n bu g\u00fcn\u0259 kimi<br \/>\n  <\/b>\n<\/p>\n<p>\n  Boris Nemtsovu Kremlin divarlar\u0131na yax\u0131n bir yerd\u0259 g\u00fcll\u0259l\u0259yibl\u0259r. Rusiya y\u0259qin ki, yen\u0259 d\u0259yi\u015f\u0259c\u0259k.\n<\/p>\n<p>\n  P.S. Yaz\u0131n\u0131n m\u00fc\u0259llifi \u0259trafda ba\u015f ver\u0259n hadis\u0259l\u0259ri d\u0259rk etm\u0259y\u0259 v\u0259 anlama\u011fa \u00e7al\u0131\u015f\u0131r.\n<\/p>\n<figure class=\"wp-block-image size-large\">\n  <img decoding=\"async\" src=\"https:\/\/www.meydan.tv\/az\/20767\/\" alt=\"\" class=\"wp-image-20767\"\/><figcaption><\/figcaption><\/figure>\n","protected":false},"excerpt":{"rendered":"<p>Nemtsov onun \u00e7\u0259kisind\u0259 olan b\u00fct\u00fcn siyas\u0259t\u00e7il\u0259rd\u0259n diridir&#8230;<\/p>\n","protected":false},"author":11,"featured_media":20751,"comment_status":"closed","ping_status":"open","sticky":false,"template":"","format":"standard","meta":{"_acf_changed":false,"_sitemap_exclude":false,"_sitemap_priority":"","_sitemap_frequency":"","footnotes":""},"categories":[57],"tags":[],"class_list":["post-167078","post","type-post","status-publish","format-standard","has-post-thumbnail","hentry","category-menim-fikrimce","infinite-scroll-item","generate-columns","tablet-grid-50","mobile-grid-100","grid-parent","grid-33","no-featured-image-padding"],"acf":[],"yoast_head":"<!-- This site is optimized with the Yoast SEO plugin v27.4 - https:\/\/yoast.com\/product\/yoast-seo-wordpress\/ -->\n<title>N\u0259 \u00fc\u00e7\u00fcn Boris Nemtsov b\u00f6y\u00fck adamd\u0131r? - MEYDAN.TV<\/title>\n<meta name=\"robots\" content=\"index, follow, max-snippet:-1, max-image-preview:large, max-video-preview:-1\" \/>\n<link rel=\"canonical\" href=\"https:\/\/www.meydan.tv\/az\/article\/ne-ucun-boris-nemtsov-boyuk-adamdir\/\" \/>\n<meta property=\"og:locale\" content=\"az_AZ\" \/>\n<meta property=\"og:type\" content=\"article\" \/>\n<meta property=\"og:title\" content=\"N\u0259 \u00fc\u00e7\u00fcn Boris Nemtsov b\u00f6y\u00fck adamd\u0131r? - MEYDAN.TV\" \/>\n<meta property=\"og:description\" content=\"Nemtsov onun \u00e7\u0259kisind\u0259 olan b\u00fct\u00fcn siyas\u0259t\u00e7il\u0259rd\u0259n diridir...\" \/>\n<meta property=\"og:url\" content=\"https:\/\/www.meydan.tv\/az\/article\/ne-ucun-boris-nemtsov-boyuk-adamdir\/\" \/>\n<meta property=\"og:site_name\" content=\"MEYDAN.TV\" \/>\n<meta property=\"article:published_time\" content=\"2015-03-02T00:23:04+00:00\" \/>\n<meta property=\"og:image\" content=\"https:\/\/www.meydan.tv\/wp-content\/uploads\/7471.jpg\" \/>\n\t<meta property=\"og:image:width\" content=\"500\" \/>\n\t<meta property=\"og:image:height\" content=\"304\" \/>\n\t<meta property=\"og:image:type\" content=\"image\/jpeg\" \/>\n<meta name=\"author\" content=\"user-manager\" \/>\n<meta name=\"twitter:card\" content=\"summary_large_image\" \/>\n<script type=\"application\/ld+json\" class=\"yoast-schema-graph\">{\"@context\":\"https:\\\/\\\/schema.org\",\"@graph\":[{\"@type\":\"Article\",\"@id\":\"https:\\\/\\\/www.meydan.tv\\\/az\\\/article\\\/ne-ucun-boris-nemtsov-boyuk-adamdir\\\/#article\",\"isPartOf\":{\"@id\":\"https:\\\/\\\/www.meydan.tv\\\/az\\\/article\\\/ne-ucun-boris-nemtsov-boyuk-adamdir\\\/\"},\"author\":{\"name\":\"user-manager\",\"@id\":\"https:\\\/\\\/www.meydan.tv\\\/az\\\/#\\\/schema\\\/person\\\/10d11eccf6da3662cf5fdab9806ea91a\"},\"headline\":\"N\u0259 \u00fc\u00e7\u00fcn Boris Nemtsov b\u00f6y\u00fck adamd\u0131r?\",\"datePublished\":\"2015-03-02T00:23:04+00:00\",\"mainEntityOfPage\":{\"@id\":\"https:\\\/\\\/www.meydan.tv\\\/az\\\/article\\\/ne-ucun-boris-nemtsov-boyuk-adamdir\\\/\"},\"wordCount\":1317,\"publisher\":{\"@id\":\"https:\\\/\\\/www.meydan.tv\\\/az\\\/#organization\"},\"image\":{\"@id\":\"https:\\\/\\\/www.meydan.tv\\\/az\\\/article\\\/ne-ucun-boris-nemtsov-boyuk-adamdir\\\/#primaryimage\"},\"thumbnailUrl\":\"https:\\\/\\\/www.meydan.tv\\\/wp-content\\\/uploads\\\/7471.jpg\",\"articleSection\":[\"M\u0259nim Fikrimc\u0259\"],\"inLanguage\":\"az\"},{\"@type\":\"WebPage\",\"@id\":\"https:\\\/\\\/www.meydan.tv\\\/az\\\/article\\\/ne-ucun-boris-nemtsov-boyuk-adamdir\\\/\",\"url\":\"https:\\\/\\\/www.meydan.tv\\\/az\\\/article\\\/ne-ucun-boris-nemtsov-boyuk-adamdir\\\/\",\"name\":\"N\u0259 \u00fc\u00e7\u00fcn Boris Nemtsov b\u00f6y\u00fck adamd\u0131r? - MEYDAN.TV\",\"isPartOf\":{\"@id\":\"https:\\\/\\\/www.meydan.tv\\\/az\\\/#website\"},\"primaryImageOfPage\":{\"@id\":\"https:\\\/\\\/www.meydan.tv\\\/az\\\/article\\\/ne-ucun-boris-nemtsov-boyuk-adamdir\\\/#primaryimage\"},\"image\":{\"@id\":\"https:\\\/\\\/www.meydan.tv\\\/az\\\/article\\\/ne-ucun-boris-nemtsov-boyuk-adamdir\\\/#primaryimage\"},\"thumbnailUrl\":\"https:\\\/\\\/www.meydan.tv\\\/wp-content\\\/uploads\\\/7471.jpg\",\"datePublished\":\"2015-03-02T00:23:04+00:00\",\"breadcrumb\":{\"@id\":\"https:\\\/\\\/www.meydan.tv\\\/az\\\/article\\\/ne-ucun-boris-nemtsov-boyuk-adamdir\\\/#breadcrumb\"},\"inLanguage\":\"az\",\"potentialAction\":[{\"@type\":\"ReadAction\",\"target\":[\"https:\\\/\\\/www.meydan.tv\\\/az\\\/article\\\/ne-ucun-boris-nemtsov-boyuk-adamdir\\\/\"]}]},{\"@type\":\"ImageObject\",\"inLanguage\":\"az\",\"@id\":\"https:\\\/\\\/www.meydan.tv\\\/az\\\/article\\\/ne-ucun-boris-nemtsov-boyuk-adamdir\\\/#primaryimage\",\"url\":\"https:\\\/\\\/www.meydan.tv\\\/wp-content\\\/uploads\\\/7471.jpg\",\"contentUrl\":\"https:\\\/\\\/www.meydan.tv\\\/wp-content\\\/uploads\\\/7471.jpg\",\"width\":500,\"height\":304,\"caption\":\"Source:\"},{\"@type\":\"BreadcrumbList\",\"@id\":\"https:\\\/\\\/www.meydan.tv\\\/az\\\/article\\\/ne-ucun-boris-nemtsov-boyuk-adamdir\\\/#breadcrumb\",\"itemListElement\":[{\"@type\":\"ListItem\",\"position\":1,\"name\":\"Ana s\u0259hif\u0259\",\"item\":\"https:\\\/\\\/www.meydan.tv\\\/az\\\/\"},{\"@type\":\"ListItem\",\"position\":2,\"name\":\"M\u0259nim Fikrimc\u0259\",\"item\":\"https:\\\/\\\/www.meydan.tv\\\/az\\\/section\\\/menim-fikrimce\\\/\"},{\"@type\":\"ListItem\",\"position\":3,\"name\":\"N\u0259 \u00fc\u00e7\u00fcn Boris Nemtsov b\u00f6y\u00fck adamd\u0131r?\"}]},{\"@type\":\"WebSite\",\"@id\":\"https:\\\/\\\/www.meydan.tv\\\/az\\\/#website\",\"url\":\"https:\\\/\\\/www.meydan.tv\\\/az\\\/\",\"name\":\"MEYDAN.TV\",\"description\":\"Meydan TV Az\u0259rbaycan\u0131n media m\u0259kan\u0131ndak\u0131 alternativ s\u0259sidir\",\"publisher\":{\"@id\":\"https:\\\/\\\/www.meydan.tv\\\/az\\\/#organization\"},\"potentialAction\":[{\"@type\":\"SearchAction\",\"target\":{\"@type\":\"EntryPoint\",\"urlTemplate\":\"https:\\\/\\\/www.meydan.tv\\\/az\\\/?s={search_term_string}\"},\"query-input\":{\"@type\":\"PropertyValueSpecification\",\"valueRequired\":true,\"valueName\":\"search_term_string\"}}],\"inLanguage\":\"az\"},{\"@type\":\"Organization\",\"@id\":\"https:\\\/\\\/www.meydan.tv\\\/az\\\/#organization\",\"name\":\"Meydan TV\",\"url\":\"https:\\\/\\\/www.meydan.tv\\\/az\\\/\",\"logo\":{\"@type\":\"ImageObject\",\"inLanguage\":\"az\",\"@id\":\"https:\\\/\\\/www.meydan.tv\\\/az\\\/#\\\/schema\\\/logo\\\/image\\\/\",\"url\":\"https:\\\/\\\/www.meydan.tv\\\/wp-content\\\/uploads\\\/2021\\\/07\\\/meydan-logo.svg\",\"contentUrl\":\"https:\\\/\\\/www.meydan.tv\\\/wp-content\\\/uploads\\\/2021\\\/07\\\/meydan-logo.svg\",\"width\":195,\"height\":46,\"caption\":\"Meydan TV\"},\"image\":{\"@id\":\"https:\\\/\\\/www.meydan.tv\\\/az\\\/#\\\/schema\\\/logo\\\/image\\\/\"}},{\"@type\":\"Person\",\"@id\":\"https:\\\/\\\/www.meydan.tv\\\/az\\\/#\\\/schema\\\/person\\\/10d11eccf6da3662cf5fdab9806ea91a\",\"name\":\"user-manager\"}]}<\/script>\n<!-- \/ Yoast SEO plugin. -->","yoast_head_json":{"title":"N\u0259 \u00fc\u00e7\u00fcn Boris Nemtsov b\u00f6y\u00fck adamd\u0131r? - MEYDAN.TV","robots":{"index":"index","follow":"follow","max-snippet":"max-snippet:-1","max-image-preview":"max-image-preview:large","max-video-preview":"max-video-preview:-1"},"canonical":"https:\/\/www.meydan.tv\/az\/article\/ne-ucun-boris-nemtsov-boyuk-adamdir\/","og_locale":"az_AZ","og_type":"article","og_title":"N\u0259 \u00fc\u00e7\u00fcn Boris Nemtsov b\u00f6y\u00fck adamd\u0131r? - MEYDAN.TV","og_description":"Nemtsov onun \u00e7\u0259kisind\u0259 olan b\u00fct\u00fcn siyas\u0259t\u00e7il\u0259rd\u0259n diridir...","og_url":"https:\/\/www.meydan.tv\/az\/article\/ne-ucun-boris-nemtsov-boyuk-adamdir\/","og_site_name":"MEYDAN.TV","article_published_time":"2015-03-02T00:23:04+00:00","og_image":[{"width":500,"height":304,"url":"https:\/\/www.meydan.tv\/wp-content\/uploads\/7471.jpg","type":"image\/jpeg"}],"author":"user-manager","twitter_card":"summary_large_image","schema":{"@context":"https:\/\/schema.org","@graph":[{"@type":"Article","@id":"https:\/\/www.meydan.tv\/az\/article\/ne-ucun-boris-nemtsov-boyuk-adamdir\/#article","isPartOf":{"@id":"https:\/\/www.meydan.tv\/az\/article\/ne-ucun-boris-nemtsov-boyuk-adamdir\/"},"author":{"name":"user-manager","@id":"https:\/\/www.meydan.tv\/az\/#\/schema\/person\/10d11eccf6da3662cf5fdab9806ea91a"},"headline":"N\u0259 \u00fc\u00e7\u00fcn Boris Nemtsov b\u00f6y\u00fck adamd\u0131r?","datePublished":"2015-03-02T00:23:04+00:00","mainEntityOfPage":{"@id":"https:\/\/www.meydan.tv\/az\/article\/ne-ucun-boris-nemtsov-boyuk-adamdir\/"},"wordCount":1317,"publisher":{"@id":"https:\/\/www.meydan.tv\/az\/#organization"},"image":{"@id":"https:\/\/www.meydan.tv\/az\/article\/ne-ucun-boris-nemtsov-boyuk-adamdir\/#primaryimage"},"thumbnailUrl":"https:\/\/www.meydan.tv\/wp-content\/uploads\/7471.jpg","articleSection":["M\u0259nim Fikrimc\u0259"],"inLanguage":"az"},{"@type":"WebPage","@id":"https:\/\/www.meydan.tv\/az\/article\/ne-ucun-boris-nemtsov-boyuk-adamdir\/","url":"https:\/\/www.meydan.tv\/az\/article\/ne-ucun-boris-nemtsov-boyuk-adamdir\/","name":"N\u0259 \u00fc\u00e7\u00fcn Boris Nemtsov b\u00f6y\u00fck adamd\u0131r? - MEYDAN.TV","isPartOf":{"@id":"https:\/\/www.meydan.tv\/az\/#website"},"primaryImageOfPage":{"@id":"https:\/\/www.meydan.tv\/az\/article\/ne-ucun-boris-nemtsov-boyuk-adamdir\/#primaryimage"},"image":{"@id":"https:\/\/www.meydan.tv\/az\/article\/ne-ucun-boris-nemtsov-boyuk-adamdir\/#primaryimage"},"thumbnailUrl":"https:\/\/www.meydan.tv\/wp-content\/uploads\/7471.jpg","datePublished":"2015-03-02T00:23:04+00:00","breadcrumb":{"@id":"https:\/\/www.meydan.tv\/az\/article\/ne-ucun-boris-nemtsov-boyuk-adamdir\/#breadcrumb"},"inLanguage":"az","potentialAction":[{"@type":"ReadAction","target":["https:\/\/www.meydan.tv\/az\/article\/ne-ucun-boris-nemtsov-boyuk-adamdir\/"]}]},{"@type":"ImageObject","inLanguage":"az","@id":"https:\/\/www.meydan.tv\/az\/article\/ne-ucun-boris-nemtsov-boyuk-adamdir\/#primaryimage","url":"https:\/\/www.meydan.tv\/wp-content\/uploads\/7471.jpg","contentUrl":"https:\/\/www.meydan.tv\/wp-content\/uploads\/7471.jpg","width":500,"height":304,"caption":"Source:"},{"@type":"BreadcrumbList","@id":"https:\/\/www.meydan.tv\/az\/article\/ne-ucun-boris-nemtsov-boyuk-adamdir\/#breadcrumb","itemListElement":[{"@type":"ListItem","position":1,"name":"Ana s\u0259hif\u0259","item":"https:\/\/www.meydan.tv\/az\/"},{"@type":"ListItem","position":2,"name":"M\u0259nim Fikrimc\u0259","item":"https:\/\/www.meydan.tv\/az\/section\/menim-fikrimce\/"},{"@type":"ListItem","position":3,"name":"N\u0259 \u00fc\u00e7\u00fcn Boris Nemtsov b\u00f6y\u00fck adamd\u0131r?"}]},{"@type":"WebSite","@id":"https:\/\/www.meydan.tv\/az\/#website","url":"https:\/\/www.meydan.tv\/az\/","name":"MEYDAN.TV","description":"Meydan TV Az\u0259rbaycan\u0131n media m\u0259kan\u0131ndak\u0131 alternativ s\u0259sidir","publisher":{"@id":"https:\/\/www.meydan.tv\/az\/#organization"},"potentialAction":[{"@type":"SearchAction","target":{"@type":"EntryPoint","urlTemplate":"https:\/\/www.meydan.tv\/az\/?s={search_term_string}"},"query-input":{"@type":"PropertyValueSpecification","valueRequired":true,"valueName":"search_term_string"}}],"inLanguage":"az"},{"@type":"Organization","@id":"https:\/\/www.meydan.tv\/az\/#organization","name":"Meydan TV","url":"https:\/\/www.meydan.tv\/az\/","logo":{"@type":"ImageObject","inLanguage":"az","@id":"https:\/\/www.meydan.tv\/az\/#\/schema\/logo\/image\/","url":"https:\/\/www.meydan.tv\/wp-content\/uploads\/2021\/07\/meydan-logo.svg","contentUrl":"https:\/\/www.meydan.tv\/wp-content\/uploads\/2021\/07\/meydan-logo.svg","width":195,"height":46,"caption":"Meydan TV"},"image":{"@id":"https:\/\/www.meydan.tv\/az\/#\/schema\/logo\/image\/"}},{"@type":"Person","@id":"https:\/\/www.meydan.tv\/az\/#\/schema\/person\/10d11eccf6da3662cf5fdab9806ea91a","name":"user-manager"}]}},"_links":{"self":[{"href":"https:\/\/www.meydan.tv\/az\/wp-json\/wp\/v2\/posts\/167078","targetHints":{"allow":["GET"]}}],"collection":[{"href":"https:\/\/www.meydan.tv\/az\/wp-json\/wp\/v2\/posts"}],"about":[{"href":"https:\/\/www.meydan.tv\/az\/wp-json\/wp\/v2\/types\/post"}],"author":[{"embeddable":true,"href":"https:\/\/www.meydan.tv\/az\/wp-json\/wp\/v2\/users\/11"}],"replies":[{"embeddable":true,"href":"https:\/\/www.meydan.tv\/az\/wp-json\/wp\/v2\/comments?post=167078"}],"version-history":[{"count":0,"href":"https:\/\/www.meydan.tv\/az\/wp-json\/wp\/v2\/posts\/167078\/revisions"}],"wp:featuredmedia":[{"embeddable":true,"href":"https:\/\/www.meydan.tv\/az\/wp-json\/wp\/v2\/media\/20751"}],"wp:attachment":[{"href":"https:\/\/www.meydan.tv\/az\/wp-json\/wp\/v2\/media?parent=167078"}],"wp:term":[{"taxonomy":"category","embeddable":true,"href":"https:\/\/www.meydan.tv\/az\/wp-json\/wp\/v2\/categories?post=167078"},{"taxonomy":"post_tag","embeddable":true,"href":"https:\/\/www.meydan.tv\/az\/wp-json\/wp\/v2\/tags?post=167078"}],"curies":[{"name":"wp","href":"https:\/\/api.w.org\/{rel}","templated":true}]}}