{"id":167075,"date":"2015-03-01T16:27:28","date_gmt":"2015-03-01T16:27:28","guid":{"rendered":"https:\/\/www.meydan.tv\/article\/ozlerine-vurgun-ateistler\/"},"modified":"2015-03-01T16:27:28","modified_gmt":"2015-03-01T16:27:28","slug":"ozlerine-vurgun-ateistler","status":"publish","type":"post","link":"https:\/\/www.meydan.tv\/az\/article\/ozlerine-vurgun-ateistler\/","title":{"rendered":"\u00d6zl\u0259rin\u0259 vur\u011fun ateistl\u0259r\u2026"},"content":{"rendered":"<figure class=\"wp-block-image size-large\">\n  <img decoding=\"async\" src=\"https:\/\/www.meydan.tv\/az\/20745\/\" alt=\"\" class=\"wp-image-20745\"\/><figcaption><\/figcaption><\/figure>\n<figure class=\"wp-block-image size-large\">\n  <img decoding=\"async\" src=\"https:\/\/www.meydan.tv\/az\/20748\/\" alt=\"\" class=\"wp-image-20748\"\/><figcaption><\/figcaption><\/figure>\n<p>\n  B\u0259zi ateistler \u00f6zl\u0259rini dig\u0259r insanlardan daha f\u0259rqli, \u00fcst\u00fcn v\u0259 \u0259h\u0259miyy\u0259tli bir insan kimi g\u00f6r\u00fcr v\u0259 \u00f6zl\u0259rin\u0259 vurgundurlar. Bunu pe\u015f\u0259sind\u0259n,tutdugu v\u0259zif\u0259sind\u0259n as\u0131l\u0131 olmayaraq b\u00fct\u00fcn inancl\u0131lara g\u00f6st\u0259rdikl\u0259ri m\u00fcnasib\u0259td\u0259n,verdikl\u0259ri d\u0259y\u0259rd\u0259n g\u00f6rm\u0259k m\u00fcmk\u00fcnd\u00fcr.\n<\/p>\n<p>\n  Yax\u015f\u0131 xat\u0131rlay\u0131ram, kifay\u0259t q\u0259d\u0259r \u00f6z\u00fcn\u00fc t\u0259stiql\u0259mi\u015f f\u0259ls\u0259f\u0259\u00e7i Niyazi Mehti b\u0259y\u0259 bir g\u0259nc ateist cavab yazm\u0131\u015fd\u0131, b\u00f6y\u00fckl\u00fc-kicikli, dem\u0259k olar ki, b\u00fct\u00fcn ateistl\u0259r\u00a0v\u0259 h\u0259min g\u0259ncin \u00f6z\u00fc d\u0259 daxil olmaqla, cox b\u00f6yuk i\u015f g\u00f6rd\u00fckl\u0259rini d\u00fc\u015f\u00fcn\u00fcr, bunu bayram edirdil\u0259r. \u018fslind\u0259 is\u0259 onlar\u0131n he\u00e7 biri anlam\u0131rd\u0131 ki, verilmi\u015f cavab m\u0259ntiq x\u0259tas\u0131 ile dolu, savads\u0131zcasina yaz\u0131lm\u0131\u015f bir yaz\u0131d\u0131r, ist\u0259yim h\u0259min ateistin s\u0259hvl\u0259rini, c\u0131l\u0131z fikirl\u0259rini m\u00fchakim\u0259 etm\u0259k deyil. Onlar\u0131n bel\u0259 c\u0131l\u0131z, m\u0259ntiqd\u0259n k\u0259nar cavab\u0131 anlamadan, diqq\u0259tli \u015f\u0259kild\u0259 ara\u015fd\u0131rmadan, y\u00fcks\u0259k \u015f\u0259kild\u0259 d\u0259y\u0259rl\u0259ndirm\u0259l\u0259ri v\u0259 bununla \u00f6yunm\u0259l\u0259rinin s\u0259b\u0259bini g\u00f6st\u0259rm\u0259kdir.\n<\/p>\n<p>\n  Sad\u0259c\u0259, yax\u015f\u0131 anlay\u0131ram ki, bu k\u0259sl\u0259r \u00f6zl\u0259rini oldu\u011fundan daha m\u00fcv\u0259ff\u0259qiyy\u0259tli, daha a\u011f\u0131ll\u0131 kimi qiym\u0259tl\u0259ndirirl\u0259r. \u00d6zl\u0259rinin h\u0259r k\u0259sd\u0259n f\u0259rqli, \u00fcst\u00fcn v\u0259 x\u00fcsusi olduqlar\u0131 x\u0259yal\u0131 il\u0259 ya\u015fay\u0131rlar. Lakin bu \u00fcst\u00fcnl\u00fck hissi \u00f6z\u00fcn\u0259 inam da\u015f\u0131yan bir b\u00f6y\u00fckl\u00fck hissi deyil; davaml\u0131 olaraq \u0259trafdan t\u0259sdiql\u0259nm\u0259sini g\u00f6zl\u0259y\u0259n bir hissdir.\n<\/p>\n<p>\n  Bu k\u0259sl\u0259r d\u0259rinl\u0259rd\u0259 bir d\u0259y\u0259rsizlik duy\u011fusunu hiss etm\u0259z, ya da, q\u0259bul etm\u0259zl\u0259r. \u018fslind\u0259, bu tip insanlar k\u00f6vr\u0259kdirl\u0259r, lakin bu k\u00f6vr\u0259klikl\u0259rinin b\u00f6y\u00fckl\u00fck duy\u011fular\u0131na olan g\u00fcv\u0259n duy\u011fular\u0131n\u0131n z\u0259ifliyind\u0259n qaynaqland\u0131\u011f\u0131n\u0131, k\u00f6vr\u0259klikl\u0259rin\u0259 davaml\u0131 olaraq ba\u015fqalar\u0131n\u0131 g\u00fcnahland\u0131rma v\u0259 d\u0259y\u0259rinin anla\u015f\u0131lmad\u0131\u011f\u0131 duy\u011fusu yolda\u015fl\u0131q ediyini bilmirl\u0259r.\n<\/p>\n<p>\n  Psixiatriyadan anlay\u0131\u015f\u0131 olanlar ayd\u0131n \u015f\u0259kild\u0259 anlayarlar ki, buraya q\u0259d\u0259r yazd\u0131qlar\u0131mda \u201cnarsizm\u201d \u0259lam\u0259tl\u0259ri m\u00f6vcutdur. Narsisistik \u015f\u0259xsiyy\u0259t qurulu\u015funun \u0259n \u0259h\u0259miyy\u0259tli x\u00fcsusiyy\u0259tl\u0259rind\u0259n biri &#8220;megalomania&#8221;v\u0259 \u00fcst\u00fcnl\u00fck duy\u011fusudur. Lakin megalomaniya v\u0259 \u00fcst\u00fcnl\u00fck duy\u011fular\u0131 yaln\u0131z narsisistik \u015f\u0259xsiyy\u0259t\u0259 xas deyil. Adamda he\u00e7 bir psixiatrik x\u0259st\u0259lik olmadan da ola bil\u0259c\u0259yi kimi, bir \u00e7ox psixiatrik v\u0259ziyy\u0259td\u0259 d\u0259 g\u00f6r\u00fcl\u0259 bilm\u0259kd\u0259dir.\n<\/p>\n<p>\n  Sa\u011flam narsisistik doyumun \u0259n \u0259h\u0259miyy\u0259tli x\u00fcsusiyy\u0259ti, ba\u015fqalar\u0131na da d\u0259y\u0259r ver\u0259 bilm\u0259k, sev\u0259 bilm\u0259k, ba\u015fqalar\u0131n\u0131n da ehtiyaclar\u0131n\u0131 ba\u015fa d\u00fc\u015fm\u0259k x\u00fcsusiyy\u0259ti da\u015f\u0131mas\u0131d\u0131r. Sa\u011flam olmayan narsisistik doyumun \u0259n \u0259h\u0259miyy\u0259tli x\u00fcsusiyy\u0259ti is\u0259 \u00f6z\u00fcn\u00fc qiym\u0259tli hiss ed\u0259 bilm\u0259k \u00fc\u00e7\u00fcn dig\u0259rl\u0259rini d\u0259y\u0259rsizl\u0259\u015fdirm\u0259yi, a\u015fa\u011f\u0131lamagi yolunu secm\u0259sidir. Biz\u00a0dem\u0259k olar ki, h\u0259r g\u00fcn d\u0259f\u0259l\u0259rl\u0259 bel\u0259 insanlar\u0131n \u00f6zl\u0259rinin, y\u00fcr\u00fctd\u00fckl\u0259ri fikirl\u0259rin, idealogiyalarinin d\u0259y\u0259rli oldugunu hiss ed\u0259 bilm\u0259l\u0259ri \u00fcc\u00fcn, milyardlarla inancl\u0131n\u0131 d\u0259y\u0259rsizl\u0259sdirdiyin\u0259, a\u015fag\u0131lad\u0131qlar\u0131na \u015fahid oluruq\n<\/p>\n<p>\n  Narsisistik \u015e\u0259xs, ba\u015fqas\u0131n\u0131n m\u00fcv\u0259ff\u0259qiyy\u0259tl\u0259rinin \u00f6n\u0259 \u00e7\u0131xmas\u0131n\u0131 q\u0131sqanar. Ba\u015fqas\u0131n\u0131n daha qiym\u0259tli oldu\u011fu d\u00fc\u015f\u00fcnc\u0259sin\u0259 d\u00f6z\u0259 bilm\u0259z. \u018fmin\u0259m ki, sosial \u015f\u0259b\u0259k\u0259 istifad\u0259cil\u0259rinin \u0259ks\u0259riyy\u0259ti s\u00f6z\u00fcn\u00fc etdiyim insanlar t\u0259r\u0259find\u0259n milli q\u0259hramanlar\u0131m\u0131z M\u00fcbariz Ibrahimovu, Ramil S\u0259f\u0259rovu nec\u0259 qiym\u0259tl\u0259ndirm\u0259sind\u0259n x\u0259b\u0259rdard\u0131rlar, onlar bu \u015f\u0259xsl\u0259rin xalq t\u0259r\u0259find\u0259n sevilm\u0259sind\u0259n, ucald\u0131b g\u00f6yl\u0259r\u0259 qald\u0131rmas\u0131ndan narahat olurlar, \u00e7\u0259kinm\u0259d\u0259n a\u015fagilamaga, d\u0259y\u0259rsizl\u0259\u015fdirm\u0259y\u0259 cal\u0131\u015f\u0131rlar. \u018fn yax\u015f\u0131 halda onlar\u0131n q\u0259hr\u0259man olmad\u0131g\u0131n\u0131,\u0259n pis halda Agalar M\u0259mm\u0259dov kimi bel\u0259 adamlar\u0131 \u201ckamikadze\u201d adland\u0131r\u0131b, \u00f6zl\u0259rini d\u0259y\u0259rli hiss etm\u0259y\u0259 cal\u0131\u015f\u0131rlar.\n<\/p>\n<p>\n  \u0130naniram ki, h\u0259r biriniz bu yaz\u0131n\u0131 oxuduqdan sonra, bel\u0259 insanlara qar\u015f\u0131 daha diqq\u0259tli davranacaq, onlar\u0131n etdikl\u0259rin\u0259 fikir verm\u0259y\u0259c\u0259ksiniz, bunu etm\u0259niz cox vacibdir, \u00e7\u00fcnki sizl\u0259r, normal insanlar t\u0259r\u0259find\u0259n deyil, narsisistik \u015f\u0259xsiyy\u0259t pozuqlugu ya\u015fayan k\u0259sl\u0259r t\u0259r\u0259find\u0259n a\u015fag\u0131lan\u0131r, t\u0259hqir olunursunuz.<\/p>\n<p>  <b><br \/>\n    Qeyd: Yaz\u0131 b\u00fct\u00fcn ateistler\u0259 aid deyil.<br \/>\n  <\/b>\n<\/p>\n<p>\n  <b><br \/>\n    Yaz\u0131dak\u0131 fikirl\u0259r m\u00fc\u0259llifin \u015f\u0259xsi m\u00fclahiz\u0259l\u0259ridir<br \/>\n  <\/b><\/p>\n","protected":false},"excerpt":{"rendered":"<p>Onlar bu x\u0259yalla ya\u015fay\u0131rlar<\/p>\n","protected":false},"author":11,"featured_media":20745,"comment_status":"closed","ping_status":"open","sticky":false,"template":"","format":"standard","meta":{"_acf_changed":false,"_sitemap_exclude":false,"_sitemap_priority":"","_sitemap_frequency":"","footnotes":""},"categories":[57],"tags":[],"class_list":["post-167075","post","type-post","status-publish","format-standard","has-post-thumbnail","hentry","category-menim-fikrimce","infinite-scroll-item","generate-columns","tablet-grid-50","mobile-grid-100","grid-parent","grid-33","no-featured-image-padding"],"acf":[],"yoast_head":"<!-- This site is optimized with the Yoast SEO plugin v27.4 - https:\/\/yoast.com\/product\/yoast-seo-wordpress\/ -->\n<title>\u00d6zl\u0259rin\u0259 vur\u011fun ateistl\u0259r\u2026 - MEYDAN.TV<\/title>\n<meta name=\"robots\" content=\"index, follow, max-snippet:-1, max-image-preview:large, max-video-preview:-1\" \/>\n<link rel=\"canonical\" href=\"https:\/\/www.meydan.tv\/az\/article\/ozlerine-vurgun-ateistler\/\" \/>\n<meta property=\"og:locale\" content=\"az_AZ\" \/>\n<meta property=\"og:type\" content=\"article\" \/>\n<meta property=\"og:title\" content=\"\u00d6zl\u0259rin\u0259 vur\u011fun ateistl\u0259r\u2026 - MEYDAN.TV\" \/>\n<meta property=\"og:description\" content=\"Onlar bu x\u0259yalla ya\u015fay\u0131rlar\" \/>\n<meta property=\"og:url\" content=\"https:\/\/www.meydan.tv\/az\/article\/ozlerine-vurgun-ateistler\/\" \/>\n<meta property=\"og:site_name\" content=\"MEYDAN.TV\" \/>\n<meta property=\"article:published_time\" content=\"2015-03-01T16:27:28+00:00\" \/>\n<meta property=\"og:image\" content=\"https:\/\/www.meydan.tv\/wp-content\/uploads\/7464.jpg\" \/>\n\t<meta property=\"og:image:width\" content=\"500\" \/>\n\t<meta property=\"og:image:height\" content=\"500\" \/>\n\t<meta property=\"og:image:type\" content=\"image\/jpeg\" \/>\n<meta name=\"author\" content=\"user-manager\" \/>\n<meta name=\"twitter:card\" content=\"summary_large_image\" \/>\n<script type=\"application\/ld+json\" class=\"yoast-schema-graph\">{\"@context\":\"https:\\\/\\\/schema.org\",\"@graph\":[{\"@type\":\"Article\",\"@id\":\"https:\\\/\\\/www.meydan.tv\\\/az\\\/article\\\/ozlerine-vurgun-ateistler\\\/#article\",\"isPartOf\":{\"@id\":\"https:\\\/\\\/www.meydan.tv\\\/az\\\/article\\\/ozlerine-vurgun-ateistler\\\/\"},\"author\":{\"name\":\"user-manager\",\"@id\":\"https:\\\/\\\/www.meydan.tv\\\/az\\\/#\\\/schema\\\/person\\\/10d11eccf6da3662cf5fdab9806ea91a\"},\"headline\":\"\u00d6zl\u0259rin\u0259 vur\u011fun ateistl\u0259r\u2026\",\"datePublished\":\"2015-03-01T16:27:28+00:00\",\"mainEntityOfPage\":{\"@id\":\"https:\\\/\\\/www.meydan.tv\\\/az\\\/article\\\/ozlerine-vurgun-ateistler\\\/\"},\"wordCount\":824,\"publisher\":{\"@id\":\"https:\\\/\\\/www.meydan.tv\\\/az\\\/#organization\"},\"image\":{\"@id\":\"https:\\\/\\\/www.meydan.tv\\\/az\\\/article\\\/ozlerine-vurgun-ateistler\\\/#primaryimage\"},\"thumbnailUrl\":\"https:\\\/\\\/www.meydan.tv\\\/wp-content\\\/uploads\\\/7464.jpg\",\"articleSection\":[\"M\u0259nim Fikrimc\u0259\"],\"inLanguage\":\"az\"},{\"@type\":\"WebPage\",\"@id\":\"https:\\\/\\\/www.meydan.tv\\\/az\\\/article\\\/ozlerine-vurgun-ateistler\\\/\",\"url\":\"https:\\\/\\\/www.meydan.tv\\\/az\\\/article\\\/ozlerine-vurgun-ateistler\\\/\",\"name\":\"\u00d6zl\u0259rin\u0259 vur\u011fun ateistl\u0259r\u2026 - MEYDAN.TV\",\"isPartOf\":{\"@id\":\"https:\\\/\\\/www.meydan.tv\\\/az\\\/#website\"},\"primaryImageOfPage\":{\"@id\":\"https:\\\/\\\/www.meydan.tv\\\/az\\\/article\\\/ozlerine-vurgun-ateistler\\\/#primaryimage\"},\"image\":{\"@id\":\"https:\\\/\\\/www.meydan.tv\\\/az\\\/article\\\/ozlerine-vurgun-ateistler\\\/#primaryimage\"},\"thumbnailUrl\":\"https:\\\/\\\/www.meydan.tv\\\/wp-content\\\/uploads\\\/7464.jpg\",\"datePublished\":\"2015-03-01T16:27:28+00:00\",\"breadcrumb\":{\"@id\":\"https:\\\/\\\/www.meydan.tv\\\/az\\\/article\\\/ozlerine-vurgun-ateistler\\\/#breadcrumb\"},\"inLanguage\":\"az\",\"potentialAction\":[{\"@type\":\"ReadAction\",\"target\":[\"https:\\\/\\\/www.meydan.tv\\\/az\\\/article\\\/ozlerine-vurgun-ateistler\\\/\"]}]},{\"@type\":\"ImageObject\",\"inLanguage\":\"az\",\"@id\":\"https:\\\/\\\/www.meydan.tv\\\/az\\\/article\\\/ozlerine-vurgun-ateistler\\\/#primaryimage\",\"url\":\"https:\\\/\\\/www.meydan.tv\\\/wp-content\\\/uploads\\\/7464.jpg\",\"contentUrl\":\"https:\\\/\\\/www.meydan.tv\\\/wp-content\\\/uploads\\\/7464.jpg\",\"width\":500,\"height\":500,\"caption\":\"Source:\"},{\"@type\":\"BreadcrumbList\",\"@id\":\"https:\\\/\\\/www.meydan.tv\\\/az\\\/article\\\/ozlerine-vurgun-ateistler\\\/#breadcrumb\",\"itemListElement\":[{\"@type\":\"ListItem\",\"position\":1,\"name\":\"Ana s\u0259hif\u0259\",\"item\":\"https:\\\/\\\/www.meydan.tv\\\/az\\\/\"},{\"@type\":\"ListItem\",\"position\":2,\"name\":\"M\u0259nim Fikrimc\u0259\",\"item\":\"https:\\\/\\\/www.meydan.tv\\\/az\\\/section\\\/menim-fikrimce\\\/\"},{\"@type\":\"ListItem\",\"position\":3,\"name\":\"\u00d6zl\u0259rin\u0259 vur\u011fun ateistl\u0259r\u2026\"}]},{\"@type\":\"WebSite\",\"@id\":\"https:\\\/\\\/www.meydan.tv\\\/az\\\/#website\",\"url\":\"https:\\\/\\\/www.meydan.tv\\\/az\\\/\",\"name\":\"MEYDAN.TV\",\"description\":\"Meydan TV Az\u0259rbaycan\u0131n media m\u0259kan\u0131ndak\u0131 alternativ s\u0259sidir\",\"publisher\":{\"@id\":\"https:\\\/\\\/www.meydan.tv\\\/az\\\/#organization\"},\"potentialAction\":[{\"@type\":\"SearchAction\",\"target\":{\"@type\":\"EntryPoint\",\"urlTemplate\":\"https:\\\/\\\/www.meydan.tv\\\/az\\\/?s={search_term_string}\"},\"query-input\":{\"@type\":\"PropertyValueSpecification\",\"valueRequired\":true,\"valueName\":\"search_term_string\"}}],\"inLanguage\":\"az\"},{\"@type\":\"Organization\",\"@id\":\"https:\\\/\\\/www.meydan.tv\\\/az\\\/#organization\",\"name\":\"Meydan TV\",\"url\":\"https:\\\/\\\/www.meydan.tv\\\/az\\\/\",\"logo\":{\"@type\":\"ImageObject\",\"inLanguage\":\"az\",\"@id\":\"https:\\\/\\\/www.meydan.tv\\\/az\\\/#\\\/schema\\\/logo\\\/image\\\/\",\"url\":\"https:\\\/\\\/www.meydan.tv\\\/wp-content\\\/uploads\\\/2021\\\/07\\\/meydan-logo.svg\",\"contentUrl\":\"https:\\\/\\\/www.meydan.tv\\\/wp-content\\\/uploads\\\/2021\\\/07\\\/meydan-logo.svg\",\"width\":195,\"height\":46,\"caption\":\"Meydan TV\"},\"image\":{\"@id\":\"https:\\\/\\\/www.meydan.tv\\\/az\\\/#\\\/schema\\\/logo\\\/image\\\/\"}},{\"@type\":\"Person\",\"@id\":\"https:\\\/\\\/www.meydan.tv\\\/az\\\/#\\\/schema\\\/person\\\/10d11eccf6da3662cf5fdab9806ea91a\",\"name\":\"user-manager\"}]}<\/script>\n<!-- \/ Yoast SEO plugin. -->","yoast_head_json":{"title":"\u00d6zl\u0259rin\u0259 vur\u011fun ateistl\u0259r\u2026 - MEYDAN.TV","robots":{"index":"index","follow":"follow","max-snippet":"max-snippet:-1","max-image-preview":"max-image-preview:large","max-video-preview":"max-video-preview:-1"},"canonical":"https:\/\/www.meydan.tv\/az\/article\/ozlerine-vurgun-ateistler\/","og_locale":"az_AZ","og_type":"article","og_title":"\u00d6zl\u0259rin\u0259 vur\u011fun ateistl\u0259r\u2026 - MEYDAN.TV","og_description":"Onlar bu x\u0259yalla ya\u015fay\u0131rlar","og_url":"https:\/\/www.meydan.tv\/az\/article\/ozlerine-vurgun-ateistler\/","og_site_name":"MEYDAN.TV","article_published_time":"2015-03-01T16:27:28+00:00","og_image":[{"width":500,"height":500,"url":"https:\/\/www.meydan.tv\/wp-content\/uploads\/7464.jpg","type":"image\/jpeg"}],"author":"user-manager","twitter_card":"summary_large_image","schema":{"@context":"https:\/\/schema.org","@graph":[{"@type":"Article","@id":"https:\/\/www.meydan.tv\/az\/article\/ozlerine-vurgun-ateistler\/#article","isPartOf":{"@id":"https:\/\/www.meydan.tv\/az\/article\/ozlerine-vurgun-ateistler\/"},"author":{"name":"user-manager","@id":"https:\/\/www.meydan.tv\/az\/#\/schema\/person\/10d11eccf6da3662cf5fdab9806ea91a"},"headline":"\u00d6zl\u0259rin\u0259 vur\u011fun ateistl\u0259r\u2026","datePublished":"2015-03-01T16:27:28+00:00","mainEntityOfPage":{"@id":"https:\/\/www.meydan.tv\/az\/article\/ozlerine-vurgun-ateistler\/"},"wordCount":824,"publisher":{"@id":"https:\/\/www.meydan.tv\/az\/#organization"},"image":{"@id":"https:\/\/www.meydan.tv\/az\/article\/ozlerine-vurgun-ateistler\/#primaryimage"},"thumbnailUrl":"https:\/\/www.meydan.tv\/wp-content\/uploads\/7464.jpg","articleSection":["M\u0259nim Fikrimc\u0259"],"inLanguage":"az"},{"@type":"WebPage","@id":"https:\/\/www.meydan.tv\/az\/article\/ozlerine-vurgun-ateistler\/","url":"https:\/\/www.meydan.tv\/az\/article\/ozlerine-vurgun-ateistler\/","name":"\u00d6zl\u0259rin\u0259 vur\u011fun ateistl\u0259r\u2026 - MEYDAN.TV","isPartOf":{"@id":"https:\/\/www.meydan.tv\/az\/#website"},"primaryImageOfPage":{"@id":"https:\/\/www.meydan.tv\/az\/article\/ozlerine-vurgun-ateistler\/#primaryimage"},"image":{"@id":"https:\/\/www.meydan.tv\/az\/article\/ozlerine-vurgun-ateistler\/#primaryimage"},"thumbnailUrl":"https:\/\/www.meydan.tv\/wp-content\/uploads\/7464.jpg","datePublished":"2015-03-01T16:27:28+00:00","breadcrumb":{"@id":"https:\/\/www.meydan.tv\/az\/article\/ozlerine-vurgun-ateistler\/#breadcrumb"},"inLanguage":"az","potentialAction":[{"@type":"ReadAction","target":["https:\/\/www.meydan.tv\/az\/article\/ozlerine-vurgun-ateistler\/"]}]},{"@type":"ImageObject","inLanguage":"az","@id":"https:\/\/www.meydan.tv\/az\/article\/ozlerine-vurgun-ateistler\/#primaryimage","url":"https:\/\/www.meydan.tv\/wp-content\/uploads\/7464.jpg","contentUrl":"https:\/\/www.meydan.tv\/wp-content\/uploads\/7464.jpg","width":500,"height":500,"caption":"Source:"},{"@type":"BreadcrumbList","@id":"https:\/\/www.meydan.tv\/az\/article\/ozlerine-vurgun-ateistler\/#breadcrumb","itemListElement":[{"@type":"ListItem","position":1,"name":"Ana s\u0259hif\u0259","item":"https:\/\/www.meydan.tv\/az\/"},{"@type":"ListItem","position":2,"name":"M\u0259nim Fikrimc\u0259","item":"https:\/\/www.meydan.tv\/az\/section\/menim-fikrimce\/"},{"@type":"ListItem","position":3,"name":"\u00d6zl\u0259rin\u0259 vur\u011fun ateistl\u0259r\u2026"}]},{"@type":"WebSite","@id":"https:\/\/www.meydan.tv\/az\/#website","url":"https:\/\/www.meydan.tv\/az\/","name":"MEYDAN.TV","description":"Meydan TV Az\u0259rbaycan\u0131n media m\u0259kan\u0131ndak\u0131 alternativ s\u0259sidir","publisher":{"@id":"https:\/\/www.meydan.tv\/az\/#organization"},"potentialAction":[{"@type":"SearchAction","target":{"@type":"EntryPoint","urlTemplate":"https:\/\/www.meydan.tv\/az\/?s={search_term_string}"},"query-input":{"@type":"PropertyValueSpecification","valueRequired":true,"valueName":"search_term_string"}}],"inLanguage":"az"},{"@type":"Organization","@id":"https:\/\/www.meydan.tv\/az\/#organization","name":"Meydan TV","url":"https:\/\/www.meydan.tv\/az\/","logo":{"@type":"ImageObject","inLanguage":"az","@id":"https:\/\/www.meydan.tv\/az\/#\/schema\/logo\/image\/","url":"https:\/\/www.meydan.tv\/wp-content\/uploads\/2021\/07\/meydan-logo.svg","contentUrl":"https:\/\/www.meydan.tv\/wp-content\/uploads\/2021\/07\/meydan-logo.svg","width":195,"height":46,"caption":"Meydan TV"},"image":{"@id":"https:\/\/www.meydan.tv\/az\/#\/schema\/logo\/image\/"}},{"@type":"Person","@id":"https:\/\/www.meydan.tv\/az\/#\/schema\/person\/10d11eccf6da3662cf5fdab9806ea91a","name":"user-manager"}]}},"_links":{"self":[{"href":"https:\/\/www.meydan.tv\/az\/wp-json\/wp\/v2\/posts\/167075","targetHints":{"allow":["GET"]}}],"collection":[{"href":"https:\/\/www.meydan.tv\/az\/wp-json\/wp\/v2\/posts"}],"about":[{"href":"https:\/\/www.meydan.tv\/az\/wp-json\/wp\/v2\/types\/post"}],"author":[{"embeddable":true,"href":"https:\/\/www.meydan.tv\/az\/wp-json\/wp\/v2\/users\/11"}],"replies":[{"embeddable":true,"href":"https:\/\/www.meydan.tv\/az\/wp-json\/wp\/v2\/comments?post=167075"}],"version-history":[{"count":0,"href":"https:\/\/www.meydan.tv\/az\/wp-json\/wp\/v2\/posts\/167075\/revisions"}],"wp:featuredmedia":[{"embeddable":true,"href":"https:\/\/www.meydan.tv\/az\/wp-json\/wp\/v2\/media\/20745"}],"wp:attachment":[{"href":"https:\/\/www.meydan.tv\/az\/wp-json\/wp\/v2\/media?parent=167075"}],"wp:term":[{"taxonomy":"category","embeddable":true,"href":"https:\/\/www.meydan.tv\/az\/wp-json\/wp\/v2\/categories?post=167075"},{"taxonomy":"post_tag","embeddable":true,"href":"https:\/\/www.meydan.tv\/az\/wp-json\/wp\/v2\/tags?post=167075"}],"curies":[{"name":"wp","href":"https:\/\/api.w.org\/{rel}","templated":true}]}}