{"id":167028,"date":"2015-02-25T23:07:09","date_gmt":"2015-02-25T23:07:09","guid":{"rendered":"https:\/\/www.meydan.tv\/article\/islam-tecavuze-beraet-verirmi\/"},"modified":"2015-02-25T23:07:09","modified_gmt":"2015-02-25T23:07:09","slug":"islam-tecavuze-beraet-verirmi","status":"publish","type":"post","link":"https:\/\/www.meydan.tv\/az\/article\/islam-tecavuze-beraet-verirmi\/","title":{"rendered":"\u0130slam t\u0259cav\u00fcz\u0259 b\u0259ra\u0259t verirmi?"},"content":{"rendered":"<figure class=\"wp-block-image size-large\">\n  <img decoding=\"async\" src=\"https:\/\/www.meydan.tv\/az\/19120\/\" alt=\"\" class=\"wp-image-19120\"\/><figcaption><\/figcaption><\/figure>\n<\/p>\n<figure class=\"wp-block-image size-large\">\n  <img decoding=\"async\" src=\"https:\/\/www.meydan.tv\/az\/19123\/\" alt=\"\" class=\"wp-image-19123\"\/><figcaption><\/figcaption><\/figure>\n<p>\n  G\u00fcnd\u0259m sabit deyil. Dem\u0259k olar ki, h\u0259r g\u00fcn heyr\u0259tamiz hadis\u0259l\u0259rl\u0259rin \u015fahidiyik. H\u0259r bir hadis\u0259nin d\u0259 ya \u0259vv\u0259lind\u0259 ya ortas\u0131nda v\u0259 ya da ax\u0131r\u0131nda bir insan h\u00fcququ q\u0259zaya u\u011fray\u0131r.\n<\/p>\n<p>\n  Q\u0259zalarsa t\u0259sad\u00fcfi ba\u015f vermir.\n<\/p>\n<p>\n  F\u0259ls\u0259fi qaydalar\u0131 \u0259sas g\u00f6t\u00fcrs\u0259k, hans\u0131sa bir n\u0259tic\u0259nin-q\u0259zan\u0131n, hadis\u0259nin ba\u015f verm\u0259si \u00fc\u00e7\u00fcn b\u00fct\u00fcn s\u0259b\u0259bl\u0259r m\u00fctl\u0259q bir araya g\u0259lm\u0259lidir. \u018fks halda bir t\u00fck bel\u0259 yerind\u0259n t\u0259rp\u0259nm\u0259z.\n<\/p>\n<p>\n  Uza\u011fa getm\u0259y\u0259k. Sizc\u0259 \u00d6cg\u0259can bir g\u00fcn\u00fcn i\u00e7ind\u0259mi q\u0259tl\u0259 yetirildi? \u018flb\u0259tt\u0259 ki, yox! M\u0259lum hadis\u0259nin \u0259n az\u0131 bir sosioloji, psixoloji v\u0259 ya dini t\u0259r\u0259fi var.\n<\/p>\n<p>\n  M\u0259s\u0259l\u0259n, q\u0259tll\u0259 ba\u015fa \u00e7atan bir s\u0131ra cinsi t\u0259cav\u00fczl\u0259r ad\u0259t\u0259n \u015f\u0259xsiyy\u0259t pozuntusunun, u\u015faql\u0131q v\u0259 yeniyetm\u0259lik \u00e7a\u011flar\u0131ndan yaranan cinsi sap\u0131nt\u0131lar\u0131n n\u0259tic\u0259sidir ki, Freydin psixoseksual inki\u015faf m\u0259rh\u0259ll\u0259l\u0259rind\u0259 bu bar\u0259d\u0259 s\u00f6z a\u00e7\u0131l\u0131r.\n<\/p>\n<p>\n  Yaxud iqtisadi, m\u0259d\u0259ni v\u0259 dig\u0259r psixoloji probelml\u0259r d\u0259 ox\u015far hadis\u0259l\u0259rd\u0259 t\u0259sirsiz \u00f6t\u00fc\u015fm\u00fcr. Maddi v\u0259ziyy\u0259tind\u0259n dolay\u0131 normal cinsi m\u00fcnasib\u0259t qura bilm\u0259y\u0259n ehtirasl\u0131 g\u0259ncin ist\u0259nil\u0259n yaramaz h\u0259r\u0259k\u0259tl\u0259r\u0259 \u0259l atmas\u0131 m\u00fcmk\u00fcnd\u00fcr. V\u0259 ya m\u0259d\u0259niyy\u0259t, \u0259xlaq, m\u0259n\u0259viyyat kimi d\u0259y\u0259rl\u0259r\u0259 laqeyd insanlarla dolu bir c\u0259miyy\u0259td\u0259 bir qad\u0131n iff\u0259ti so\u011fortalana bilm\u0259z. Lamiy\u0259 olay\u0131 v\u0259 buna ox\u015far minl\u0259rl\u0259 cinay\u0259tl\u0259rin k\u00f6k\u00fcnd\u0259 bu m\u0259s\u0259l\u0259l\u0259r dayan\u0131r.\n<\/p>\n<p>\n  Bel\u0259 is\u0259 niy\u0259 hadis\u0259y\u0259 q\u0259d\u0259rki s\u0259b\u0259bl\u0259r g\u00f6z ard\u0131na vurulub, yaln\u0131z n\u0259tic\u0259 l\u0259n\u0259tl\u0259nir? Halbuki, cinay\u0259tl\u0259rin patoloji bax\u0131mdan t\u0259hlili daha z\u0259ruridir.\n<\/p>\n<p>\n  O\u011fru bir g\u00fcn\u00fcn i\u00e7ind\u0259 o\u011fru olmur, qatil bir g\u00fcn\u00fcn i\u00e7ind\u0259 \u0259lini qana bula\u015fd\u0131rm\u0131r, \u0259xlaqs\u0131z bir g\u00fcn\u00fcn i\u00e7ind\u0259 l\u0259yaq\u0259tini itirmir, bunu ham\u0131 bilir.\n<\/p>\n<p>\n  B\u0259lli oldu\u011fu kimi, \u0130slam dinind\u0259 m\u0259hr\u0259m-nam\u0259hr\u0259m anlay\u0131\u015f\u0131 m\u00f6vcuddur. Y\u0259ni bu h\u00f6km\u0259 \u0259sas\u0259n, h\u0259r bir ki\u015fi \u00f6z\u00fcn\u00fc qad\u0131nlara cinsi m\u0259qs\u0259dl\u0259 yax\u0131nla\u015fmaqdan qorumal\u0131, h\u0259tta olara pis niyy\u0259tl\u0259 baxmamal\u0131d\u0131r .Y\u0259ni din qad\u0131nlar\u0131n geyiml\u0259rin\u0259 dair b\u0259lli g\u00f6st\u0259ri\u015fl\u0259ri verm\u0259kl\u0259 yana\u015f\u0131 ki\u015fil\u0259r\u0259 d\u0259 g\u00f6zl\u0259rini qorma\u011f\u0131 \u0259mr edir:\n<\/p>\n<p>\n  &#8220;(Ya R\u0259sulum!) M\u00f6min ki\u015fil\u0259r\u0259 de ki, g\u00f6zl\u0259rini haram edilmi\u015f \u015feyl\u0259rd\u0259n \u00e7evirsinl\u0259r (nam\u0259hr\u0259m\u0259 baxmas\u0131nlar), ay\u0131b yerl\u0259rini (zinadan) qorusunlar. Bu onlar \u00fc\u00e7\u00fcn (\u0259d\u0259b-\u0259rkan, t\u0259mizlik bax\u0131m\u0131ndan) daha yax\u015f\u0131d\u0131r. \u015e\u00fcbh\u0259siz ki, Allah onlar\u0131n n\u0259 etdikl\u0259rind\u0259n x\u0259b\u0259rdard\u0131r!&#8221; (Qurani-K\u0259rim, 24:30)\n<\/p>\n<p>\n  Fikir tam ayd\u0131nd\u0131r: Y\u0259ni \u00d6zg\u0259can\u0131n n\u0259 geyinm\u0259sind\u0259n, nec\u0259 geyinm\u0259sind\u0259n asl\u0131 olmayaraq he\u00e7 bir f\u0259rd ona \u0259sla pis niyy\u0259tl\u0259 baxmamal\u0131d\u0131r.\n<\/p>\n<p>\n  \u018flb\u0259tt\u0259, bu g\u00f6st\u0259ri\u015fd\u0259n qabaq \u0259xlaqi s\u0259ciyy\u0259l\u0259r\u0259 yiy\u0259l\u0259nm\u0259yin, ruhun safla\u015fd\u0131r\u0131lmas\u0131n\u0131n vacibliyi vur\u011fulan\u0131r:\n<\/p>\n<p>\n  &#8220;N\u0259fsini (g\u00fcnahlardan) t\u0259mizl\u0259y\u0259n m\u00fctl\u0259q nicat tapacaqd\u0131r! Onu (g\u00fcnaha) bat\u0131ran is\u0259, \u0259lb\u0259tt\u0259, ziyana u\u011frayacaqd\u0131r.&#8221; (91: 9, 10.)\n<\/p>\n<p>\n  G\u00f6r\u00fcnd\u00fcy\u00fc kimi, ictimai davran\u0131\u015flar\u0131 t\u0259nziml\u0259m\u0259y\u0259 y\u00f6n\u0259l\u0259n din t\u0259liml\u0259ri c\u0259miy\u0259td\u0259 ba\u015f ver\u0259 bil\u0259c\u0259k bir \u00e7ox d\u0259h\u015f\u0259tli hadis\u0259l\u0259rin qar\u015f\u0131s\u0131n\u0131 almaqda effektlidir. Bunun \u00fc\u00e7\u00fcn is\u0259 d\u00fcnyag\u00f6r\u00fc\u015fl\u0259rind\u0259n asl\u0131 olmayaraq, b\u00fct\u00fcn ziyal\u0131lar\u0131n \u0259ks\u0259riyy\u0259ti m\u00fcs\u0259lman olan bir c\u0259miyy\u0259td\u0259 cinsi t\u0259hl\u00fck\u0259sizliyin t\u0259min olunmas\u0131 m\u0259qs\u0259diyl\u0259 uy\u011fun g\u00f6st\u0259ri\u015fl\u0259ri d\u0259st\u0259kl\u0259m\u0259l\u0259ri, \u00f6z ayd\u0131n d\u00fc\u015f\u00fcnc\u0259l\u0259riyl\u0259 g\u0259ncl\u0259rinin \u00f6z dini d\u0259y\u0259rl\u0259rin\u0259 daha s\u0259daq\u0259tl\u0259 yana\u015fmas\u0131na z\u0259min yaratmalar\u0131 \u00e7ox \u0259h\u0259miyy\u0259tli add\u0131m kimi d\u0259y\u0259rl\u0259ndirl\u0259 bil\u0259r. \u018fks halda, el\u0259 bir toplumla qar\u015f\u0131-qar\u015f\u0131ya g\u0259l\u0259cyik ki, orda d\u0259y\u0259r, l\u0259yaq\u0259t, iff\u0259t he\u00e7 bir \u0259h\u0259miyy\u0259t k\u0259sb etmir.\n<\/p>\n<p>\n  A\u00e7\u0131\u011f\u0131, utopik n\u0259z\u0259riy\u0259l\u0259rl\u0259 c\u0259miyy\u0259ti idar\u0259 etm\u0259k, qorumaq m\u00fcmk\u00fcn deyil. \u0130slahatlar apar\u0131lmasa, m\u0259lum hadis\u0259l\u0259rin say\u0131 daha da \u00e7oxalacaq. Hadis\u0259l\u0259rin qar\u015f\u0131s\u0131 is\u0259 yubka v\u0259 ya dikdaban geym\u0259kl\u0259 almaq m\u00fcmk\u00fcn deyl. \u00dcmumiyy\u0259tl\u0259 \u00d6zg\u0259can\u0131n v\u0259 ya \u00f6z ail\u0259si t\u0259r\u0259find\u0259n t\u0259cav\u00fcz\u0259 m\u0259ruz qalm\u0131\u015f 15 ya\u015fl\u0131 q\u0131zc\u0131\u011faz\u0131n buna ehtiyac\u0131 da yoxdur.\n<\/p>\n<p>\n  Onlar\u0131n f\u0259ryada ehtiyac\u0131 var- n\u0259tic\u0259ni deyil d\u0259 s\u0259b\u0259bl\u0259ri q\u0131nayan faryada!<\/p>\n","protected":false},"excerpt":{"rendered":"<p>\u00d6zg\u0259can\u0131n n\u0259 geyinm\u0259sind\u0259n asl\u0131l\u0131 olmayayaq&#8230;<\/p>\n","protected":false},"author":11,"featured_media":19120,"comment_status":"closed","ping_status":"open","sticky":false,"template":"","format":"standard","meta":{"_acf_changed":false,"_sitemap_exclude":false,"_sitemap_priority":"","_sitemap_frequency":"","footnotes":""},"categories":[57],"tags":[],"class_list":["post-167028","post","type-post","status-publish","format-standard","has-post-thumbnail","hentry","category-menim-fikrimce","infinite-scroll-item","generate-columns","tablet-grid-50","mobile-grid-100","grid-parent","grid-33","no-featured-image-padding"],"acf":[],"yoast_head":"<!-- This site is optimized with the Yoast SEO plugin v27.4 - https:\/\/yoast.com\/product\/yoast-seo-wordpress\/ -->\n<title>\u0130slam t\u0259cav\u00fcz\u0259 b\u0259ra\u0259t verirmi? - MEYDAN.TV<\/title>\n<meta name=\"robots\" content=\"index, follow, max-snippet:-1, max-image-preview:large, max-video-preview:-1\" \/>\n<link rel=\"canonical\" href=\"https:\/\/www.meydan.tv\/az\/article\/islam-tecavuze-beraet-verirmi\/\" \/>\n<meta property=\"og:locale\" content=\"az_AZ\" \/>\n<meta property=\"og:type\" content=\"article\" \/>\n<meta property=\"og:title\" content=\"\u0130slam t\u0259cav\u00fcz\u0259 b\u0259ra\u0259t verirmi? - MEYDAN.TV\" \/>\n<meta property=\"og:description\" content=\"\u00d6zg\u0259can\u0131n n\u0259 geyinm\u0259sind\u0259n asl\u0131l\u0131 olmayayaq...\" \/>\n<meta property=\"og:url\" content=\"https:\/\/www.meydan.tv\/az\/article\/islam-tecavuze-beraet-verirmi\/\" \/>\n<meta property=\"og:site_name\" content=\"MEYDAN.TV\" \/>\n<meta property=\"article:published_time\" content=\"2015-02-25T23:07:09+00:00\" \/>\n<meta property=\"og:image\" content=\"https:\/\/www.meydan.tv\/wp-content\/uploads\/7375.jpg\" \/>\n\t<meta property=\"og:image:width\" content=\"500\" \/>\n\t<meta property=\"og:image:height\" content=\"500\" \/>\n\t<meta property=\"og:image:type\" content=\"image\/jpeg\" \/>\n<meta name=\"author\" content=\"user-manager\" \/>\n<meta name=\"twitter:card\" content=\"summary_large_image\" \/>\n<script type=\"application\/ld+json\" class=\"yoast-schema-graph\">{\"@context\":\"https:\\\/\\\/schema.org\",\"@graph\":[{\"@type\":\"Article\",\"@id\":\"https:\\\/\\\/www.meydan.tv\\\/az\\\/article\\\/islam-tecavuze-beraet-verirmi\\\/#article\",\"isPartOf\":{\"@id\":\"https:\\\/\\\/www.meydan.tv\\\/az\\\/article\\\/islam-tecavuze-beraet-verirmi\\\/\"},\"author\":{\"name\":\"user-manager\",\"@id\":\"https:\\\/\\\/www.meydan.tv\\\/az\\\/#\\\/schema\\\/person\\\/10d11eccf6da3662cf5fdab9806ea91a\"},\"headline\":\"\u0130slam t\u0259cav\u00fcz\u0259 b\u0259ra\u0259t verirmi?\",\"datePublished\":\"2015-02-25T23:07:09+00:00\",\"mainEntityOfPage\":{\"@id\":\"https:\\\/\\\/www.meydan.tv\\\/az\\\/article\\\/islam-tecavuze-beraet-verirmi\\\/\"},\"wordCount\":875,\"publisher\":{\"@id\":\"https:\\\/\\\/www.meydan.tv\\\/az\\\/#organization\"},\"image\":{\"@id\":\"https:\\\/\\\/www.meydan.tv\\\/az\\\/article\\\/islam-tecavuze-beraet-verirmi\\\/#primaryimage\"},\"thumbnailUrl\":\"https:\\\/\\\/www.meydan.tv\\\/wp-content\\\/uploads\\\/7375.jpg\",\"articleSection\":[\"M\u0259nim Fikrimc\u0259\"],\"inLanguage\":\"az\"},{\"@type\":\"WebPage\",\"@id\":\"https:\\\/\\\/www.meydan.tv\\\/az\\\/article\\\/islam-tecavuze-beraet-verirmi\\\/\",\"url\":\"https:\\\/\\\/www.meydan.tv\\\/az\\\/article\\\/islam-tecavuze-beraet-verirmi\\\/\",\"name\":\"\u0130slam t\u0259cav\u00fcz\u0259 b\u0259ra\u0259t verirmi? - MEYDAN.TV\",\"isPartOf\":{\"@id\":\"https:\\\/\\\/www.meydan.tv\\\/az\\\/#website\"},\"primaryImageOfPage\":{\"@id\":\"https:\\\/\\\/www.meydan.tv\\\/az\\\/article\\\/islam-tecavuze-beraet-verirmi\\\/#primaryimage\"},\"image\":{\"@id\":\"https:\\\/\\\/www.meydan.tv\\\/az\\\/article\\\/islam-tecavuze-beraet-verirmi\\\/#primaryimage\"},\"thumbnailUrl\":\"https:\\\/\\\/www.meydan.tv\\\/wp-content\\\/uploads\\\/7375.jpg\",\"datePublished\":\"2015-02-25T23:07:09+00:00\",\"breadcrumb\":{\"@id\":\"https:\\\/\\\/www.meydan.tv\\\/az\\\/article\\\/islam-tecavuze-beraet-verirmi\\\/#breadcrumb\"},\"inLanguage\":\"az\",\"potentialAction\":[{\"@type\":\"ReadAction\",\"target\":[\"https:\\\/\\\/www.meydan.tv\\\/az\\\/article\\\/islam-tecavuze-beraet-verirmi\\\/\"]}]},{\"@type\":\"ImageObject\",\"inLanguage\":\"az\",\"@id\":\"https:\\\/\\\/www.meydan.tv\\\/az\\\/article\\\/islam-tecavuze-beraet-verirmi\\\/#primaryimage\",\"url\":\"https:\\\/\\\/www.meydan.tv\\\/wp-content\\\/uploads\\\/7375.jpg\",\"contentUrl\":\"https:\\\/\\\/www.meydan.tv\\\/wp-content\\\/uploads\\\/7375.jpg\",\"width\":500,\"height\":500,\"caption\":\"Source:\"},{\"@type\":\"BreadcrumbList\",\"@id\":\"https:\\\/\\\/www.meydan.tv\\\/az\\\/article\\\/islam-tecavuze-beraet-verirmi\\\/#breadcrumb\",\"itemListElement\":[{\"@type\":\"ListItem\",\"position\":1,\"name\":\"Ana s\u0259hif\u0259\",\"item\":\"https:\\\/\\\/www.meydan.tv\\\/az\\\/\"},{\"@type\":\"ListItem\",\"position\":2,\"name\":\"M\u0259nim Fikrimc\u0259\",\"item\":\"https:\\\/\\\/www.meydan.tv\\\/az\\\/section\\\/menim-fikrimce\\\/\"},{\"@type\":\"ListItem\",\"position\":3,\"name\":\"\u0130slam t\u0259cav\u00fcz\u0259 b\u0259ra\u0259t verirmi?\"}]},{\"@type\":\"WebSite\",\"@id\":\"https:\\\/\\\/www.meydan.tv\\\/az\\\/#website\",\"url\":\"https:\\\/\\\/www.meydan.tv\\\/az\\\/\",\"name\":\"MEYDAN.TV\",\"description\":\"Meydan TV Az\u0259rbaycan\u0131n media m\u0259kan\u0131ndak\u0131 alternativ s\u0259sidir\",\"publisher\":{\"@id\":\"https:\\\/\\\/www.meydan.tv\\\/az\\\/#organization\"},\"potentialAction\":[{\"@type\":\"SearchAction\",\"target\":{\"@type\":\"EntryPoint\",\"urlTemplate\":\"https:\\\/\\\/www.meydan.tv\\\/az\\\/?s={search_term_string}\"},\"query-input\":{\"@type\":\"PropertyValueSpecification\",\"valueRequired\":true,\"valueName\":\"search_term_string\"}}],\"inLanguage\":\"az\"},{\"@type\":\"Organization\",\"@id\":\"https:\\\/\\\/www.meydan.tv\\\/az\\\/#organization\",\"name\":\"Meydan TV\",\"url\":\"https:\\\/\\\/www.meydan.tv\\\/az\\\/\",\"logo\":{\"@type\":\"ImageObject\",\"inLanguage\":\"az\",\"@id\":\"https:\\\/\\\/www.meydan.tv\\\/az\\\/#\\\/schema\\\/logo\\\/image\\\/\",\"url\":\"https:\\\/\\\/www.meydan.tv\\\/wp-content\\\/uploads\\\/2021\\\/07\\\/meydan-logo.svg\",\"contentUrl\":\"https:\\\/\\\/www.meydan.tv\\\/wp-content\\\/uploads\\\/2021\\\/07\\\/meydan-logo.svg\",\"width\":195,\"height\":46,\"caption\":\"Meydan TV\"},\"image\":{\"@id\":\"https:\\\/\\\/www.meydan.tv\\\/az\\\/#\\\/schema\\\/logo\\\/image\\\/\"}},{\"@type\":\"Person\",\"@id\":\"https:\\\/\\\/www.meydan.tv\\\/az\\\/#\\\/schema\\\/person\\\/10d11eccf6da3662cf5fdab9806ea91a\",\"name\":\"user-manager\"}]}<\/script>\n<!-- \/ Yoast SEO plugin. -->","yoast_head_json":{"title":"\u0130slam t\u0259cav\u00fcz\u0259 b\u0259ra\u0259t verirmi? - MEYDAN.TV","robots":{"index":"index","follow":"follow","max-snippet":"max-snippet:-1","max-image-preview":"max-image-preview:large","max-video-preview":"max-video-preview:-1"},"canonical":"https:\/\/www.meydan.tv\/az\/article\/islam-tecavuze-beraet-verirmi\/","og_locale":"az_AZ","og_type":"article","og_title":"\u0130slam t\u0259cav\u00fcz\u0259 b\u0259ra\u0259t verirmi? - MEYDAN.TV","og_description":"\u00d6zg\u0259can\u0131n n\u0259 geyinm\u0259sind\u0259n asl\u0131l\u0131 olmayayaq...","og_url":"https:\/\/www.meydan.tv\/az\/article\/islam-tecavuze-beraet-verirmi\/","og_site_name":"MEYDAN.TV","article_published_time":"2015-02-25T23:07:09+00:00","og_image":[{"width":500,"height":500,"url":"https:\/\/www.meydan.tv\/wp-content\/uploads\/7375.jpg","type":"image\/jpeg"}],"author":"user-manager","twitter_card":"summary_large_image","schema":{"@context":"https:\/\/schema.org","@graph":[{"@type":"Article","@id":"https:\/\/www.meydan.tv\/az\/article\/islam-tecavuze-beraet-verirmi\/#article","isPartOf":{"@id":"https:\/\/www.meydan.tv\/az\/article\/islam-tecavuze-beraet-verirmi\/"},"author":{"name":"user-manager","@id":"https:\/\/www.meydan.tv\/az\/#\/schema\/person\/10d11eccf6da3662cf5fdab9806ea91a"},"headline":"\u0130slam t\u0259cav\u00fcz\u0259 b\u0259ra\u0259t verirmi?","datePublished":"2015-02-25T23:07:09+00:00","mainEntityOfPage":{"@id":"https:\/\/www.meydan.tv\/az\/article\/islam-tecavuze-beraet-verirmi\/"},"wordCount":875,"publisher":{"@id":"https:\/\/www.meydan.tv\/az\/#organization"},"image":{"@id":"https:\/\/www.meydan.tv\/az\/article\/islam-tecavuze-beraet-verirmi\/#primaryimage"},"thumbnailUrl":"https:\/\/www.meydan.tv\/wp-content\/uploads\/7375.jpg","articleSection":["M\u0259nim Fikrimc\u0259"],"inLanguage":"az"},{"@type":"WebPage","@id":"https:\/\/www.meydan.tv\/az\/article\/islam-tecavuze-beraet-verirmi\/","url":"https:\/\/www.meydan.tv\/az\/article\/islam-tecavuze-beraet-verirmi\/","name":"\u0130slam t\u0259cav\u00fcz\u0259 b\u0259ra\u0259t verirmi? - MEYDAN.TV","isPartOf":{"@id":"https:\/\/www.meydan.tv\/az\/#website"},"primaryImageOfPage":{"@id":"https:\/\/www.meydan.tv\/az\/article\/islam-tecavuze-beraet-verirmi\/#primaryimage"},"image":{"@id":"https:\/\/www.meydan.tv\/az\/article\/islam-tecavuze-beraet-verirmi\/#primaryimage"},"thumbnailUrl":"https:\/\/www.meydan.tv\/wp-content\/uploads\/7375.jpg","datePublished":"2015-02-25T23:07:09+00:00","breadcrumb":{"@id":"https:\/\/www.meydan.tv\/az\/article\/islam-tecavuze-beraet-verirmi\/#breadcrumb"},"inLanguage":"az","potentialAction":[{"@type":"ReadAction","target":["https:\/\/www.meydan.tv\/az\/article\/islam-tecavuze-beraet-verirmi\/"]}]},{"@type":"ImageObject","inLanguage":"az","@id":"https:\/\/www.meydan.tv\/az\/article\/islam-tecavuze-beraet-verirmi\/#primaryimage","url":"https:\/\/www.meydan.tv\/wp-content\/uploads\/7375.jpg","contentUrl":"https:\/\/www.meydan.tv\/wp-content\/uploads\/7375.jpg","width":500,"height":500,"caption":"Source:"},{"@type":"BreadcrumbList","@id":"https:\/\/www.meydan.tv\/az\/article\/islam-tecavuze-beraet-verirmi\/#breadcrumb","itemListElement":[{"@type":"ListItem","position":1,"name":"Ana s\u0259hif\u0259","item":"https:\/\/www.meydan.tv\/az\/"},{"@type":"ListItem","position":2,"name":"M\u0259nim Fikrimc\u0259","item":"https:\/\/www.meydan.tv\/az\/section\/menim-fikrimce\/"},{"@type":"ListItem","position":3,"name":"\u0130slam t\u0259cav\u00fcz\u0259 b\u0259ra\u0259t verirmi?"}]},{"@type":"WebSite","@id":"https:\/\/www.meydan.tv\/az\/#website","url":"https:\/\/www.meydan.tv\/az\/","name":"MEYDAN.TV","description":"Meydan TV Az\u0259rbaycan\u0131n media m\u0259kan\u0131ndak\u0131 alternativ s\u0259sidir","publisher":{"@id":"https:\/\/www.meydan.tv\/az\/#organization"},"potentialAction":[{"@type":"SearchAction","target":{"@type":"EntryPoint","urlTemplate":"https:\/\/www.meydan.tv\/az\/?s={search_term_string}"},"query-input":{"@type":"PropertyValueSpecification","valueRequired":true,"valueName":"search_term_string"}}],"inLanguage":"az"},{"@type":"Organization","@id":"https:\/\/www.meydan.tv\/az\/#organization","name":"Meydan TV","url":"https:\/\/www.meydan.tv\/az\/","logo":{"@type":"ImageObject","inLanguage":"az","@id":"https:\/\/www.meydan.tv\/az\/#\/schema\/logo\/image\/","url":"https:\/\/www.meydan.tv\/wp-content\/uploads\/2021\/07\/meydan-logo.svg","contentUrl":"https:\/\/www.meydan.tv\/wp-content\/uploads\/2021\/07\/meydan-logo.svg","width":195,"height":46,"caption":"Meydan TV"},"image":{"@id":"https:\/\/www.meydan.tv\/az\/#\/schema\/logo\/image\/"}},{"@type":"Person","@id":"https:\/\/www.meydan.tv\/az\/#\/schema\/person\/10d11eccf6da3662cf5fdab9806ea91a","name":"user-manager"}]}},"_links":{"self":[{"href":"https:\/\/www.meydan.tv\/az\/wp-json\/wp\/v2\/posts\/167028","targetHints":{"allow":["GET"]}}],"collection":[{"href":"https:\/\/www.meydan.tv\/az\/wp-json\/wp\/v2\/posts"}],"about":[{"href":"https:\/\/www.meydan.tv\/az\/wp-json\/wp\/v2\/types\/post"}],"author":[{"embeddable":true,"href":"https:\/\/www.meydan.tv\/az\/wp-json\/wp\/v2\/users\/11"}],"replies":[{"embeddable":true,"href":"https:\/\/www.meydan.tv\/az\/wp-json\/wp\/v2\/comments?post=167028"}],"version-history":[{"count":0,"href":"https:\/\/www.meydan.tv\/az\/wp-json\/wp\/v2\/posts\/167028\/revisions"}],"wp:featuredmedia":[{"embeddable":true,"href":"https:\/\/www.meydan.tv\/az\/wp-json\/wp\/v2\/media\/19120"}],"wp:attachment":[{"href":"https:\/\/www.meydan.tv\/az\/wp-json\/wp\/v2\/media?parent=167028"}],"wp:term":[{"taxonomy":"category","embeddable":true,"href":"https:\/\/www.meydan.tv\/az\/wp-json\/wp\/v2\/categories?post=167028"},{"taxonomy":"post_tag","embeddable":true,"href":"https:\/\/www.meydan.tv\/az\/wp-json\/wp\/v2\/tags?post=167028"}],"curies":[{"name":"wp","href":"https:\/\/api.w.org\/{rel}","templated":true}]}}