{"id":166944,"date":"2015-02-19T23:26:23","date_gmt":"2015-02-19T23:26:23","guid":{"rendered":"https:\/\/www.meydan.tv\/article\/deyertanimazliq\/"},"modified":"2015-02-19T23:26:23","modified_gmt":"2015-02-19T23:26:23","slug":"deyertanimazliq","status":"publish","type":"post","link":"https:\/\/www.meydan.tv\/az\/article\/deyertanimazliq\/","title":{"rendered":"D\u0259y\u0259rtan\u0131mazl\u0131q"},"content":{"rendered":"<figure class=\"wp-block-image size-large\">\n  <img decoding=\"async\" src=\"https:\/\/www.meydan.tv\/az\/20194\/\" alt=\"\" class=\"wp-image-20194\"\/><figcaption><\/figcaption><\/figure>\n<figure class=\"wp-block-image size-large\">\n  <img decoding=\"async\" src=\"https:\/\/www.meydan.tv\/az\/20197\/\" alt=\"\" class=\"wp-image-20197\"\/><figcaption><\/figcaption><\/figure>\n<p>\n  Baya\u011f\u0131la\u015fmadan \u00e7oxumuz \u015fikay\u0259tl\u0259nirik indi. \u018fslind\u0259, bu, d\u00fcnyada ged\u0259n \u00fcmumi prosesdir. Haz\u0131rda transmilli \u015firk\u0259tl\u0259r adl\u0131 bazis\u0259 malik da\u011f\u0131d\u0131c\u0131, reqressiv \u00fcst qurum \u2013 post-modernizm s\u00fcr\u0259tli inki\u015fafdad\u0131r. Post-modernizm \u0259slind\u0259 anti-modernizmlik edir v\u0259 b\u0259\u015f\u0259ri d\u0259y\u0259rl\u0259r kimi tan\u0131d\u0131\u011f\u0131m\u0131z modernizmin d\u0259y\u0259rl\u0259rini danmaqla m\u0259\u015f\u011fuldur. Bunun \u00fc\u00e7\u00fcn h\u0259tta pre-modernizm\u0259 m\u00fcraci\u0259t etm\u0259kd\u0259n d\u0259 \u00e7\u0259kinmir.\n<\/p>\n<p>\n  Halbuki, insanlar pre-modernist barbarl\u0131\u011f\u0131 devirm\u0259k \u00fc\u00e7\u00fcn milyonlarla qurban verib, y\u00fczl\u0259rl\u0259 inqilab edibl\u0259r. Lakin post-modernizmd\u0259 \u201cinsane\u201d adl\u0131 d\u0259y\u0259r d\u0259 dan\u0131l\u0131r. H\u0259r \u015fey qiym\u0259tl\u0259ndirilir, \u015f\u0259rh\u0259 tabe say\u0131l\u0131r, hermenevtik bacar\u0131qdan as\u0131l\u0131 v\u0259ziyy\u0259t\u0259 g\u0259tirilir. \u0130nsan art\u0131q f\u0259rd olmur, x\u0131rda f\u0259rdl\u0259r\u0259 par\u00e7alan\u0131r, \u00e7oxlu \u201ch\u0259qiq\u0259tl\u0259r\u201dl\u0259 ya\u015faya bilir. \u201cBu, m\u0259nim \u015f\u0259xsi fikrimdir\u201d ifad\u0259sind\u0259n h\u0259yas\u0131zcas\u0131na istifad\u0259 bu \u201ch\u0259qiq\u0259tl\u0259r\u201din h\u0259r birin\u0259 guya legitimlik qazand\u0131r\u0131r. \u0130nsan \u015f\u0259raitd\u0259n, \u00e7evr\u0259d\u0259n as\u0131l\u0131 olaraq, eyni \u015fey\u0259 m\u00fcxt\u0259lif r\u0259yl\u0259r ver\u0259 v\u0259 h\u0259r bir r\u0259yin ona m\u0259xsus olmas\u0131n\u0131 utanmadan etiraf ed\u0259 bilir.\n<\/p>\n<p>\n  \u0130nsan\u0131n d\u0259y\u0259rsizl\u0259\u015fm\u0259si gedir v\u0259 bu, ona g\u00f6r\u0259 laz\u0131md\u0131r ki, transmilli kapitalizm daha asanl\u0131qla yay\u0131ls\u0131n, bu \u015firk\u0259tl\u0259rin m\u0259hsullar\u0131na qar\u015f\u0131 dura bil\u0259c\u0259k z\u00f6vql\u0259r, m\u00fcqavim\u0259tl\u0259r daha asanl\u0131qla ictimai q\u0131na\u011fa tu\u015f edil\u0259 bilsin. Bu bar\u0259d\u0259 geni\u015f yaz\u0131m var, yayaca\u011fam y\u0259qin. Sad\u0259c\u0259, bu m\u00f6vzuda son vaxtlar diqq\u0259timi \u00e7\u0259k\u0259n m\u0259s\u0259l\u0259 d\u0259y\u0259rsizl\u0259\u015fm\u0259nin t\u0259bli\u011fini g\u00f6rm\u0259yimdir.\n<\/p>\n<p>\n  \u201cM\u0259n Amerikan\u0131 da m\u00fcdafi\u0259 etmir\u0259m, Rusiyan\u0131 da. 2-3 yer\u0259 ayr\u0131l\u0131b bir-birinizi q\u0131r\u0131rs\u0131n\u0131z\u201d. \u201cM\u0259n iqtidar da deyil\u0259m, m\u00fcxalif\u0259t d\u0259. Daha laz\u0131ml\u0131 i\u015fl\u0259rl\u0259 m\u0259\u015f\u011ful olmaq laz\u0131md\u0131r\u201d. \u201cT\u0259r\u0259f tutan fa\u015fistdir \u2013 \u00f6z t\u0259r\u0259finin fa\u015fisti\u201d. Bu ifad\u0259l\u0259r \u0259slind\u0259 xeyir v\u0259 \u015f\u0259rd\u0259n eyni m\u0259saf\u0259d\u0259 durdu\u011funu g\u00f6st\u0259rm\u0259k, klassik xeyir v\u0259 \u015f\u0259r anlay\u0131\u015flar\u0131n\u0131 q\u0259bul etm\u0259m\u0259k, h\u0259r xeyird\u0259 \u201c\u015f\u0259rlik\u201d, h\u0259r \u015f\u0259rd\u0259 \u201cxeyirlik\u201d axtarmaqd\u0131r. V\u0259 tapd\u0131\u011f\u0131n\u0131 iddia etm\u0259kdir. Bu, b\u0259zi pozulmaz b\u0259\u015f\u0259ri d\u0259y\u0259rl\u0259r\u0259 m\u00fcnasib\u0259td\u0259 m\u00fchafiz\u0259kar m\u00f6vqe tutan geri qalm\u0131\u015f d\u00fc\u015f\u00fcnc\u0259 da\u015f\u0131y\u0131c\u0131lar\u0131na legitimlik verm\u0259kdir, b\u0259ra\u0259tdir.\n<\/p>\n<p>\n  Bu, h\u0259m d\u0259 \u015f\u0259ri\u0259t, rasist mill\u0259t\u00e7ilik ist\u0259y\u0259nl\u0259r\u0259 liberall\u0131q, sosial b\u0259rab\u0259rlik kimi b\u0259\u015f\u0259ri nailiyy\u0259tl\u0259ri ifad\u0259 ed\u0259n anlay\u0131\u015f m\u00fcdafi\u0259\u00e7il\u0259ri il\u0259 eyni \u00f6l\u00e7\u00fcd\u0259 meydan verm\u0259kdir. Bu, imkan b\u0259rab\u0259rliyi anlay\u0131\u015f\u0131ndan sui-istifad\u0259 v\u0259 bu anlay\u0131\u015f\u0131n t\u0259hrif olunmas\u0131d\u0131r. Transmilli kapitalizm bunu planetar s\u0259viyy\u0259d\u0259 iqtisadiyyatda, yuxar\u0131da dediyim ifad\u0259l\u0259rin da\u015f\u0131y\u0131c\u0131lar\u0131 is\u0259 lokal s\u0259viyy\u0259d\u0259 h\u0259yat t\u0259rzind\u0259, davran\u0131\u015fda t\u0259tbiq edirl\u0259r. \u201ciphone5\u201d-i olan adam\u0131n \u201ciphone6\u201d \u00e7\u0131xan kimi n\u00f6vb\u0259y\u0259 durmas\u0131n\u0131 q\u0131namaq art\u0131q m\u00fcmk\u00fcns\u00fczl\u0259\u015fir, \u201cm\u0259nim se\u00e7imimdir\u201d dey\u0259n bir q\u0131naq el\u0259 q\u0131\u015fq\u0131r\u0131r ki, bunun \u0259slind\u0259 \u201cbizim se\u00e7imimizdir\u201d, \u201cK\u00dcTl\u0259nin se\u00e7imidir\u201d dey\u0259 s\u0259sl\u0259nm\u0259li olmas\u0131 e\u015fidilm\u0259z olur.\n<\/p>\n<p>\n  Biz\u0259 g\u0259ldikd\u0259 is\u0259, q\u0259tiyy\u0259n bu m\u0259rh\u0259l\u0259y\u0259 \u00e7atmam\u0131\u015f\u0131q. \u00c7\u00fcnki biz he\u00e7 modern c\u0259miyy\u0259t olmam\u0131\u015f\u0131q ki, post-modern d\u0259 ola bil\u0259k. Ona g\u00f6r\u0259 d\u0259, bu c\u0131rtqozluq bizd\u0259 daha iyr\u0259nc g\u00f6r\u00fcn\u00fcr. Darmada\u011f\u0131n olunmu\u015f, 3 il\u0259 (1918-20, 1992-93) toparlanma\u011fa macal tapmam\u0131\u015f c\u0259miyy\u0259tin haz\u0131rda vahid, sars\u0131lmaz (\u0259n az\u0131ndan g\u00f6r\u00fcn\u0259n), h\u0259r \u015feyin f\u00f6vq\u00fcnd\u0259 duran d\u0259y\u0259rl\u0259r\u0259 ehtiyac\u0131 var, d\u0259y\u0259rtan\u0131mazl\u0131\u011fa yox. Formala\u015fmam\u0131\u015f d\u0259y\u0259rl\u0259ri m\u0259hv etm\u0259y\u0259 giri\u015f\u0259nl\u0259r \u0259slind\u0259 bir c\u0259miyy\u0259ti, onun proqres ehtimallar\u0131n\u0131 m\u0259hv etm\u0259kl\u0259 m\u0259\u015f\u011fuldurlar. Azadl\u0131q, demokratiya, insan h\u00fcquq v\u0259 azadl\u0131qlar\u0131n\u0131n aliliyi, d\u00fcny\u0259vilik kimi onlarla d\u0259y\u0259r var ki, bunlar yaln\u0131z \u00e7ox t\u0259tbiq olunmu\u015f, insanlar\u0131 usand\u0131rm\u0131\u015f c\u0259miyy\u0259tl\u0259rd\u0259 t\u0259bii olaraq h\u0259d\u0259f\u0259 g\u0259lirl\u0259r.\n<\/p>\n<p>\n  Bizd\u0259 is\u0259 n\u0259inki usand\u0131r\u0131c\u0131 olmay\u0131blar, he\u00e7 t\u0259tbiq d\u0259 olunmay\u0131blar. Biz onlardan n\u0259 vaxt bezdik ki, imtina ed\u0259k?!\n<\/p>\n<p>\n  <b><br \/>\n    P.S. Sonra da d\u0259h\u015f\u0259t\u0259 g\u0259lirik ki, dini adlar niy\u0259 bu q\u0259d\u0259r \u00e7oxal\u0131b, Suriyada h\u0259m \u015fi\u0259, h\u0259m d\u0259 s\u00fcnni t\u0259r\u0259fd\u0259n d\u00f6y\u00fc\u015f\u0259nl\u0259rimiz niy\u0259 bu q\u0259d\u0259r art\u0131b, adamlar niy\u0259 maddiyata h\u0259r \u015feyl\u0259rini qurban ver\u0259, 5-10 manata \u00fcz\u0259 durmaqdan tutmu\u015f, daha b\u00f6y\u00fck m\u0259bl\u0259\u011f\u0259 \u0259qid\u0259sini satma\u011fa q\u0259d\u0259r al\u00e7ala bilirl\u0259r? H\u0259l\u0259 oturu\u015fmam\u0131\u015f d\u0259y\u0259rl\u0259r\u0259 h\u00fccum bu ac\u0131nacaql\u0131 n\u0259tic\u0259l\u0259rd\u0259 \u00f6z rolunu oynay\u0131r. Q\u0259rbin t\u0259bii post-modernizmi \u201clediqaqal\u0131\u011fa\u201d, \u201ccastinbiberliy\u0259\u201d, \u201ciphone-lu\u011fa\u201d, klassikaya m\u00fcraci\u0259t\u0259, burjuy, me\u015f\u015fan h\u0259yat t\u0259rzin\u0259 apar\u0131rsa, \u015e\u0259rqin s\u00fcni, yalan\u00e7\u0131 \u201cpost-modernizmi\u201d is\u0259 \u00f6z klassikas\u0131na \u2013 islama, tiranl\u0131\u011fa, feodal m\u00fcharib\u0259l\u0259rin\u0259 apar\u0131r.<br \/>\n  <\/b>\n<\/p>\n<p>\n  <b><br \/>\n    P.P.S. M\u0259nim \u201ciphone6\u201d istifad\u0259 etm\u0259mi burda \u0259ks-arqument kimi g\u0259tirm\u0259k c\u0259hdin\u0259 qar\u015f\u0131 \u0259vv\u0259lc\u0259d\u0259n deyim ki, m\u0259nim \u201ciphone-luq\u201d dediyim \u015fey iphone-dan as\u0131l\u0131 v\u0259ziyy\u0259t\u0259 sal\u0131nm\u0131\u015f k\u00fctl\u0259vi psixozdur \u2013 iphone5 ola-ola gedib 5s almaqd\u0131r, onun \u00fc\u00e7\u00fcn olan-qalan\u0131n\u0131 x\u0259rcl\u0259m\u0259kdir, n\u00f6vb\u0259y\u0259 durmaqd\u0131r. M\u0259n is\u0259 sonuncu d\u0259f\u0259 2008-ci ild\u0259 mobil telefon alma\u011fa pul x\u0259rclmi\u015f\u0259m.<br \/>\n  <\/b><\/p>\n","protected":false},"excerpt":{"rendered":"<p>Formala\u015fmam\u0131\u015f d\u0259y\u0259rl\u0259ri m\u0259hv etm\u0259k\u2026<\/p>\n","protected":false},"author":11,"featured_media":20194,"comment_status":"closed","ping_status":"open","sticky":false,"template":"","format":"standard","meta":{"_acf_changed":false,"_sitemap_exclude":false,"_sitemap_priority":"","_sitemap_frequency":"","footnotes":""},"categories":[57],"tags":[],"class_list":["post-166944","post","type-post","status-publish","format-standard","has-post-thumbnail","hentry","category-menim-fikrimce","infinite-scroll-item","generate-columns","tablet-grid-50","mobile-grid-100","grid-parent","grid-33","no-featured-image-padding"],"acf":[],"yoast_head":"<!-- This site is optimized with the Yoast SEO plugin v27.4 - https:\/\/yoast.com\/product\/yoast-seo-wordpress\/ -->\n<title>D\u0259y\u0259rtan\u0131mazl\u0131q - MEYDAN.TV<\/title>\n<meta name=\"robots\" content=\"index, follow, max-snippet:-1, max-image-preview:large, max-video-preview:-1\" \/>\n<link rel=\"canonical\" href=\"https:\/\/www.meydan.tv\/az\/article\/deyertanimazliq\/\" \/>\n<meta property=\"og:locale\" content=\"az_AZ\" \/>\n<meta property=\"og:type\" content=\"article\" \/>\n<meta property=\"og:title\" content=\"D\u0259y\u0259rtan\u0131mazl\u0131q - MEYDAN.TV\" \/>\n<meta property=\"og:description\" content=\"Formala\u015fmam\u0131\u015f d\u0259y\u0259rl\u0259ri m\u0259hv etm\u0259k\u2026\" \/>\n<meta property=\"og:url\" content=\"https:\/\/www.meydan.tv\/az\/article\/deyertanimazliq\/\" \/>\n<meta property=\"og:site_name\" content=\"MEYDAN.TV\" \/>\n<meta property=\"article:published_time\" content=\"2015-02-19T23:26:23+00:00\" \/>\n<meta property=\"og:image\" content=\"https:\/\/www.meydan.tv\/wp-content\/uploads\/7241.jpg\" \/>\n\t<meta property=\"og:image:width\" content=\"500\" \/>\n\t<meta property=\"og:image:height\" content=\"500\" \/>\n\t<meta property=\"og:image:type\" content=\"image\/jpeg\" \/>\n<meta name=\"author\" content=\"user-manager\" \/>\n<meta name=\"twitter:card\" content=\"summary_large_image\" \/>\n<script type=\"application\/ld+json\" class=\"yoast-schema-graph\">{\"@context\":\"https:\\\/\\\/schema.org\",\"@graph\":[{\"@type\":\"Article\",\"@id\":\"https:\\\/\\\/www.meydan.tv\\\/az\\\/article\\\/deyertanimazliq\\\/#article\",\"isPartOf\":{\"@id\":\"https:\\\/\\\/www.meydan.tv\\\/az\\\/article\\\/deyertanimazliq\\\/\"},\"author\":{\"name\":\"user-manager\",\"@id\":\"https:\\\/\\\/www.meydan.tv\\\/az\\\/#\\\/schema\\\/person\\\/10d11eccf6da3662cf5fdab9806ea91a\"},\"headline\":\"D\u0259y\u0259rtan\u0131mazl\u0131q\",\"datePublished\":\"2015-02-19T23:26:23+00:00\",\"mainEntityOfPage\":{\"@id\":\"https:\\\/\\\/www.meydan.tv\\\/az\\\/article\\\/deyertanimazliq\\\/\"},\"wordCount\":983,\"publisher\":{\"@id\":\"https:\\\/\\\/www.meydan.tv\\\/az\\\/#organization\"},\"image\":{\"@id\":\"https:\\\/\\\/www.meydan.tv\\\/az\\\/article\\\/deyertanimazliq\\\/#primaryimage\"},\"thumbnailUrl\":\"https:\\\/\\\/www.meydan.tv\\\/wp-content\\\/uploads\\\/7241.jpg\",\"articleSection\":[\"M\u0259nim Fikrimc\u0259\"],\"inLanguage\":\"az\"},{\"@type\":\"WebPage\",\"@id\":\"https:\\\/\\\/www.meydan.tv\\\/az\\\/article\\\/deyertanimazliq\\\/\",\"url\":\"https:\\\/\\\/www.meydan.tv\\\/az\\\/article\\\/deyertanimazliq\\\/\",\"name\":\"D\u0259y\u0259rtan\u0131mazl\u0131q - MEYDAN.TV\",\"isPartOf\":{\"@id\":\"https:\\\/\\\/www.meydan.tv\\\/az\\\/#website\"},\"primaryImageOfPage\":{\"@id\":\"https:\\\/\\\/www.meydan.tv\\\/az\\\/article\\\/deyertanimazliq\\\/#primaryimage\"},\"image\":{\"@id\":\"https:\\\/\\\/www.meydan.tv\\\/az\\\/article\\\/deyertanimazliq\\\/#primaryimage\"},\"thumbnailUrl\":\"https:\\\/\\\/www.meydan.tv\\\/wp-content\\\/uploads\\\/7241.jpg\",\"datePublished\":\"2015-02-19T23:26:23+00:00\",\"breadcrumb\":{\"@id\":\"https:\\\/\\\/www.meydan.tv\\\/az\\\/article\\\/deyertanimazliq\\\/#breadcrumb\"},\"inLanguage\":\"az\",\"potentialAction\":[{\"@type\":\"ReadAction\",\"target\":[\"https:\\\/\\\/www.meydan.tv\\\/az\\\/article\\\/deyertanimazliq\\\/\"]}]},{\"@type\":\"ImageObject\",\"inLanguage\":\"az\",\"@id\":\"https:\\\/\\\/www.meydan.tv\\\/az\\\/article\\\/deyertanimazliq\\\/#primaryimage\",\"url\":\"https:\\\/\\\/www.meydan.tv\\\/wp-content\\\/uploads\\\/7241.jpg\",\"contentUrl\":\"https:\\\/\\\/www.meydan.tv\\\/wp-content\\\/uploads\\\/7241.jpg\",\"width\":500,\"height\":500,\"caption\":\"Source:\"},{\"@type\":\"BreadcrumbList\",\"@id\":\"https:\\\/\\\/www.meydan.tv\\\/az\\\/article\\\/deyertanimazliq\\\/#breadcrumb\",\"itemListElement\":[{\"@type\":\"ListItem\",\"position\":1,\"name\":\"Ana s\u0259hif\u0259\",\"item\":\"https:\\\/\\\/www.meydan.tv\\\/az\\\/\"},{\"@type\":\"ListItem\",\"position\":2,\"name\":\"M\u0259nim Fikrimc\u0259\",\"item\":\"https:\\\/\\\/www.meydan.tv\\\/az\\\/section\\\/menim-fikrimce\\\/\"},{\"@type\":\"ListItem\",\"position\":3,\"name\":\"D\u0259y\u0259rtan\u0131mazl\u0131q\"}]},{\"@type\":\"WebSite\",\"@id\":\"https:\\\/\\\/www.meydan.tv\\\/az\\\/#website\",\"url\":\"https:\\\/\\\/www.meydan.tv\\\/az\\\/\",\"name\":\"MEYDAN.TV\",\"description\":\"Meydan TV Az\u0259rbaycan\u0131n media m\u0259kan\u0131ndak\u0131 alternativ s\u0259sidir\",\"publisher\":{\"@id\":\"https:\\\/\\\/www.meydan.tv\\\/az\\\/#organization\"},\"potentialAction\":[{\"@type\":\"SearchAction\",\"target\":{\"@type\":\"EntryPoint\",\"urlTemplate\":\"https:\\\/\\\/www.meydan.tv\\\/az\\\/?s={search_term_string}\"},\"query-input\":{\"@type\":\"PropertyValueSpecification\",\"valueRequired\":true,\"valueName\":\"search_term_string\"}}],\"inLanguage\":\"az\"},{\"@type\":\"Organization\",\"@id\":\"https:\\\/\\\/www.meydan.tv\\\/az\\\/#organization\",\"name\":\"Meydan TV\",\"url\":\"https:\\\/\\\/www.meydan.tv\\\/az\\\/\",\"logo\":{\"@type\":\"ImageObject\",\"inLanguage\":\"az\",\"@id\":\"https:\\\/\\\/www.meydan.tv\\\/az\\\/#\\\/schema\\\/logo\\\/image\\\/\",\"url\":\"https:\\\/\\\/www.meydan.tv\\\/wp-content\\\/uploads\\\/2021\\\/07\\\/meydan-logo.svg\",\"contentUrl\":\"https:\\\/\\\/www.meydan.tv\\\/wp-content\\\/uploads\\\/2021\\\/07\\\/meydan-logo.svg\",\"width\":195,\"height\":46,\"caption\":\"Meydan TV\"},\"image\":{\"@id\":\"https:\\\/\\\/www.meydan.tv\\\/az\\\/#\\\/schema\\\/logo\\\/image\\\/\"}},{\"@type\":\"Person\",\"@id\":\"https:\\\/\\\/www.meydan.tv\\\/az\\\/#\\\/schema\\\/person\\\/10d11eccf6da3662cf5fdab9806ea91a\",\"name\":\"user-manager\"}]}<\/script>\n<!-- \/ Yoast SEO plugin. -->","yoast_head_json":{"title":"D\u0259y\u0259rtan\u0131mazl\u0131q - MEYDAN.TV","robots":{"index":"index","follow":"follow","max-snippet":"max-snippet:-1","max-image-preview":"max-image-preview:large","max-video-preview":"max-video-preview:-1"},"canonical":"https:\/\/www.meydan.tv\/az\/article\/deyertanimazliq\/","og_locale":"az_AZ","og_type":"article","og_title":"D\u0259y\u0259rtan\u0131mazl\u0131q - MEYDAN.TV","og_description":"Formala\u015fmam\u0131\u015f d\u0259y\u0259rl\u0259ri m\u0259hv etm\u0259k\u2026","og_url":"https:\/\/www.meydan.tv\/az\/article\/deyertanimazliq\/","og_site_name":"MEYDAN.TV","article_published_time":"2015-02-19T23:26:23+00:00","og_image":[{"width":500,"height":500,"url":"https:\/\/www.meydan.tv\/wp-content\/uploads\/7241.jpg","type":"image\/jpeg"}],"author":"user-manager","twitter_card":"summary_large_image","schema":{"@context":"https:\/\/schema.org","@graph":[{"@type":"Article","@id":"https:\/\/www.meydan.tv\/az\/article\/deyertanimazliq\/#article","isPartOf":{"@id":"https:\/\/www.meydan.tv\/az\/article\/deyertanimazliq\/"},"author":{"name":"user-manager","@id":"https:\/\/www.meydan.tv\/az\/#\/schema\/person\/10d11eccf6da3662cf5fdab9806ea91a"},"headline":"D\u0259y\u0259rtan\u0131mazl\u0131q","datePublished":"2015-02-19T23:26:23+00:00","mainEntityOfPage":{"@id":"https:\/\/www.meydan.tv\/az\/article\/deyertanimazliq\/"},"wordCount":983,"publisher":{"@id":"https:\/\/www.meydan.tv\/az\/#organization"},"image":{"@id":"https:\/\/www.meydan.tv\/az\/article\/deyertanimazliq\/#primaryimage"},"thumbnailUrl":"https:\/\/www.meydan.tv\/wp-content\/uploads\/7241.jpg","articleSection":["M\u0259nim Fikrimc\u0259"],"inLanguage":"az"},{"@type":"WebPage","@id":"https:\/\/www.meydan.tv\/az\/article\/deyertanimazliq\/","url":"https:\/\/www.meydan.tv\/az\/article\/deyertanimazliq\/","name":"D\u0259y\u0259rtan\u0131mazl\u0131q - MEYDAN.TV","isPartOf":{"@id":"https:\/\/www.meydan.tv\/az\/#website"},"primaryImageOfPage":{"@id":"https:\/\/www.meydan.tv\/az\/article\/deyertanimazliq\/#primaryimage"},"image":{"@id":"https:\/\/www.meydan.tv\/az\/article\/deyertanimazliq\/#primaryimage"},"thumbnailUrl":"https:\/\/www.meydan.tv\/wp-content\/uploads\/7241.jpg","datePublished":"2015-02-19T23:26:23+00:00","breadcrumb":{"@id":"https:\/\/www.meydan.tv\/az\/article\/deyertanimazliq\/#breadcrumb"},"inLanguage":"az","potentialAction":[{"@type":"ReadAction","target":["https:\/\/www.meydan.tv\/az\/article\/deyertanimazliq\/"]}]},{"@type":"ImageObject","inLanguage":"az","@id":"https:\/\/www.meydan.tv\/az\/article\/deyertanimazliq\/#primaryimage","url":"https:\/\/www.meydan.tv\/wp-content\/uploads\/7241.jpg","contentUrl":"https:\/\/www.meydan.tv\/wp-content\/uploads\/7241.jpg","width":500,"height":500,"caption":"Source:"},{"@type":"BreadcrumbList","@id":"https:\/\/www.meydan.tv\/az\/article\/deyertanimazliq\/#breadcrumb","itemListElement":[{"@type":"ListItem","position":1,"name":"Ana s\u0259hif\u0259","item":"https:\/\/www.meydan.tv\/az\/"},{"@type":"ListItem","position":2,"name":"M\u0259nim Fikrimc\u0259","item":"https:\/\/www.meydan.tv\/az\/section\/menim-fikrimce\/"},{"@type":"ListItem","position":3,"name":"D\u0259y\u0259rtan\u0131mazl\u0131q"}]},{"@type":"WebSite","@id":"https:\/\/www.meydan.tv\/az\/#website","url":"https:\/\/www.meydan.tv\/az\/","name":"MEYDAN.TV","description":"Meydan TV Az\u0259rbaycan\u0131n media m\u0259kan\u0131ndak\u0131 alternativ s\u0259sidir","publisher":{"@id":"https:\/\/www.meydan.tv\/az\/#organization"},"potentialAction":[{"@type":"SearchAction","target":{"@type":"EntryPoint","urlTemplate":"https:\/\/www.meydan.tv\/az\/?s={search_term_string}"},"query-input":{"@type":"PropertyValueSpecification","valueRequired":true,"valueName":"search_term_string"}}],"inLanguage":"az"},{"@type":"Organization","@id":"https:\/\/www.meydan.tv\/az\/#organization","name":"Meydan TV","url":"https:\/\/www.meydan.tv\/az\/","logo":{"@type":"ImageObject","inLanguage":"az","@id":"https:\/\/www.meydan.tv\/az\/#\/schema\/logo\/image\/","url":"https:\/\/www.meydan.tv\/wp-content\/uploads\/2021\/07\/meydan-logo.svg","contentUrl":"https:\/\/www.meydan.tv\/wp-content\/uploads\/2021\/07\/meydan-logo.svg","width":195,"height":46,"caption":"Meydan TV"},"image":{"@id":"https:\/\/www.meydan.tv\/az\/#\/schema\/logo\/image\/"}},{"@type":"Person","@id":"https:\/\/www.meydan.tv\/az\/#\/schema\/person\/10d11eccf6da3662cf5fdab9806ea91a","name":"user-manager"}]}},"_links":{"self":[{"href":"https:\/\/www.meydan.tv\/az\/wp-json\/wp\/v2\/posts\/166944","targetHints":{"allow":["GET"]}}],"collection":[{"href":"https:\/\/www.meydan.tv\/az\/wp-json\/wp\/v2\/posts"}],"about":[{"href":"https:\/\/www.meydan.tv\/az\/wp-json\/wp\/v2\/types\/post"}],"author":[{"embeddable":true,"href":"https:\/\/www.meydan.tv\/az\/wp-json\/wp\/v2\/users\/11"}],"replies":[{"embeddable":true,"href":"https:\/\/www.meydan.tv\/az\/wp-json\/wp\/v2\/comments?post=166944"}],"version-history":[{"count":0,"href":"https:\/\/www.meydan.tv\/az\/wp-json\/wp\/v2\/posts\/166944\/revisions"}],"wp:featuredmedia":[{"embeddable":true,"href":"https:\/\/www.meydan.tv\/az\/wp-json\/wp\/v2\/media\/20194"}],"wp:attachment":[{"href":"https:\/\/www.meydan.tv\/az\/wp-json\/wp\/v2\/media?parent=166944"}],"wp:term":[{"taxonomy":"category","embeddable":true,"href":"https:\/\/www.meydan.tv\/az\/wp-json\/wp\/v2\/categories?post=166944"},{"taxonomy":"post_tag","embeddable":true,"href":"https:\/\/www.meydan.tv\/az\/wp-json\/wp\/v2\/tags?post=166944"}],"curies":[{"name":"wp","href":"https:\/\/api.w.org\/{rel}","templated":true}]}}