{"id":166936,"date":"2015-02-19T19:44:40","date_gmt":"2015-02-19T19:44:40","guid":{"rendered":"https:\/\/www.meydan.tv\/article\/elnurun-qelebesi\/"},"modified":"2015-02-19T19:44:40","modified_gmt":"2015-02-19T19:44:40","slug":"elnurun-qelebesi","status":"publish","type":"post","link":"https:\/\/www.meydan.tv\/az\/article\/elnurun-qelebesi\/","title":{"rendered":"Elnurun q\u0259l\u0259b\u0259si"},"content":{"rendered":"<figure class=\"wp-block-image size-large\">\n  <img decoding=\"async\" src=\"https:\/\/www.meydan.tv\/az\/20176\/\" alt=\"\" class=\"wp-image-20176\"\/><figcaption><\/figcaption><\/figure>\n<figure class=\"wp-block-image size-large\">\n  <img decoding=\"async\" src=\"https:\/\/www.meydan.tv\/az\/20170\/\" alt=\"\" class=\"wp-image-20170\"\/><figcaption><\/figcaption><\/figure>\n<p>\n  D\u00fcn\u0259n h\u0259myerlimiz Elnur H\u00fcseynov \u201cO s\u0259s T\u00fcrkiy\u0259&#8221; musiqi yar\u0131\u015fmas\u0131n\u0131n qalibi olub, onu \u00fcr\u0259kd\u0259n t\u0259brik edir\u0259m, g\u0259l\u0259c\u0259k f\u0259aliyy\u0259tind\u0259 u\u011furlar dil\u0259yir\u0259m. Elnurun r\u0259qab\u0259tli ortamda haqq etdiyi q\u0259l\u0259b\u0259si, d\u00fc\u015f\u00fcnm\u0259k \u00fc\u00e7\u00fcn, analiz \u00fc\u00e7\u00fcn ciddi material verir.\n<\/p>\n<p>\n  Son q\u00fcrur verici x\u0259b\u0259rl\u0259rd\u0259n biri d\u0259 AB\u015e-da ya\u015fayan Tural B\u0259dirxanl\u0131dan g\u0259lmi\u015fdi, bu g\u0259nc az\u0259rbaycanl\u0131 t\u0259hsilini AB\u015e-da al\u0131b, orada \u00e7al\u0131\u015fma\u011fa ba\u015flay\u0131b, sonra ki\u00e7ik bir \u015firk\u0259t qurub &#8211;\u00a0\u00abNamo Media\u00bb v\u0259 bu \u015firk\u0259ti \u00abTwitter\u00bb \u015firk\u0259tin\u0259 50 mln. dollra sat\u0131b.\n<\/p>\n<p>\n  Daha bir \u00f6rn\u0259k: Sergey Mixaylovi\u015f Brin \u2013 1973-c\u00fc ild\u0259 Moskvada anadan olub, 90-c\u0131 ill\u0259rd\u0259 AB\u015e-a k\u00f6\u00e7\u00fcb, ham\u0131m\u0131z\u0131n g\u00fcnd\u0259lik istifad\u0259 etdiyimiz Google \u015firk\u0259tinin yarad\u0131c\u0131lar\u0131ndan biridir, 2014-c\u00fc ilin m\u0259lumat\u0131na g\u00f6r\u0259 d\u00fcnyada milyarderl\u0259r aras\u0131nda 24-c\u00fc yerd\u0259dir, adam\u0131n 22,8 mlrd. dollar varidat\u0131 var.\n<\/p>\n<p>\n  Sual: Niy\u0259 h\u0259myerlimiz Tural, rusiyal\u0131 Sergey Azerbaycanda v\u0259 ya Rusiyada bel\u0259 bir \u015firk\u0259t qurub, u\u011fur qazana bilm\u0259dil\u0259r? Cavab\u0131 \u00e7ox sad\u0259dir: AB\u015e-da, Avropada biznes \u00fc\u00e7\u00fcn \u018fdal\u0259tli v\u0259 R\u0259qab\u0259tli m\u00fchit var. \u018fsas budur, sonra bazar\u0131n b\u00f6y\u00fckl\u00fcy\u00fc, t\u0259labat v\u0259 sair\u0259 amill\u0259r g\u0259lir, amma, ilk v\u0259 \u0259n vacib \u015f\u0259rt R\u0259qab\u0259t v\u0259 \u018fdal\u0259tdir!\n<\/p>\n<p>\n  \u0130stedadl\u0131, bacar\u0131ql\u0131, bilikli insanlar\u0131n \u00f6z bacar\u0131\u011f\u0131n\u0131, qabiliyy\u0259tini, potensial\u0131n\u0131 a\u00e7maq \u00fc\u00e7\u00fcn, m\u00fctl\u0259q r\u0259qab\u0259tli, \u0259dal\u0259tli siyasi v\u0259 iqtisadi sistem laz\u0131md\u0131r. M\u0259nim bir tan\u0131d\u0131\u011f\u0131m var, Nef\u00e7ala b\u00f6lg\u0259sind\u0259ndir, 1996-ci ild\u0259 Fransaya k\u00f6\u00e7m\u00fc\u015fd\u00fc, uzun ill\u0259r \u0259laq\u0259miz itdi, 2008-ci onu t\u0259sad\u00fcf\u0259n xaricd\u0259 g\u00f6rd\u00fcm, adam b\u00f6y\u00fck bir Fransa \u015firk\u0259tinin sati\u015f \u00fczr\u0259 direktoru i\u015fl\u0259yirdi, h\u0259yatda b\u00fct\u00fcn ist\u0259kl\u0259rin\u0259 \u00e7atm\u0131\u015fd\u0131, xo\u015fb\u0259xt idi. \u00d6z\u00fc m\u0259n\u0259 dedi ki, Neft\u00e7alada qalsayd\u0131, maksimum, yol k\u0259narlar\u0131nda \u0259lind\u0259 bal\u0131q satard\u0131. Y\u0259qin sizl\u0259rin d\u0259 onlarla bel\u0259 tan\u0131\u015flar\u0131n\u0131z var, hans\u0131lar ki, \u00f6lk\u0259d\u0259n k\u00f6\u00e7\u00fcbl\u0259r, ciddi u\u011fur hekay\u0259l\u0259ri yaz\u0131blar.\n<\/p>\n<p>\n  Elnur da Az\u0259rbaycanda u\u011fur qazana bilm\u0259di, \u00e7\u00fcnki, \u015eou-Biznes adlanan iyr\u0259nc bir m\u0259kanda istedad, bacar\u0131q, qabiliyy\u0259t deyil d\u0259, ba\u015fqa ba\u011flant\u0131lar vacib rol oynay\u0131r. Elnurun bu q\u0259l\u0259b\u0259si bir daha s\u00fcbut edir ki, qapal\u0131, r\u0259qab\u0259tsiz, \u0259dal\u0259tsiz m\u00fchitd\u0259 u\u011fur hekay\u0259si yazmaq m\u00fcmk\u00fcn deyil. Bunun g\u00fcnah\u0131 \u00e7ox bacar\u0131ql\u0131 olan xalq\u0131m\u0131zda deyil \u2013 g\u00fcnah \u0259dal\u0259tsiz, r\u0259qab\u0259t olmayan, inhisar\u00e7\u0131, t\u0259hsil\u0259 \u00f6n\u0259m verm\u0259y\u0259n bu eyb\u0259c\u0259r siyasi sistemd\u0259dir. Siyasi sistemimizi a\u00e7a bils\u0259k, r\u0259qab\u0259tli v\u0259 \u0259dal\u0259tli ets\u0259k, bizim insanlar h\u0259yatda \u00e7ox \u015fey\u0259 nail olarlar, m\u0259n buna tam \u0259min\u0259m!<\/p>\n","protected":false},"excerpt":{"rendered":"<p>V\u0259 qapal\u0131 sisteml\u0259rin faci\u0259si&#8230;<\/p>\n","protected":false},"author":11,"featured_media":20176,"comment_status":"closed","ping_status":"open","sticky":false,"template":"","format":"standard","meta":{"_acf_changed":false,"_sitemap_exclude":false,"_sitemap_priority":"","_sitemap_frequency":"","footnotes":""},"categories":[57],"tags":[],"class_list":["post-166936","post","type-post","status-publish","format-standard","has-post-thumbnail","hentry","category-menim-fikrimce","infinite-scroll-item","generate-columns","tablet-grid-50","mobile-grid-100","grid-parent","grid-33","no-featured-image-padding"],"acf":[],"yoast_head":"<!-- This site is optimized with the Yoast SEO plugin v27.4 - https:\/\/yoast.com\/product\/yoast-seo-wordpress\/ -->\n<title>Elnurun q\u0259l\u0259b\u0259si - MEYDAN.TV<\/title>\n<meta name=\"robots\" content=\"index, follow, max-snippet:-1, max-image-preview:large, max-video-preview:-1\" \/>\n<link rel=\"canonical\" href=\"https:\/\/www.meydan.tv\/az\/article\/elnurun-qelebesi\/\" \/>\n<meta property=\"og:locale\" content=\"az_AZ\" \/>\n<meta property=\"og:type\" content=\"article\" \/>\n<meta property=\"og:title\" content=\"Elnurun q\u0259l\u0259b\u0259si - MEYDAN.TV\" \/>\n<meta property=\"og:description\" content=\"V\u0259 qapal\u0131 sisteml\u0259rin faci\u0259si...\" \/>\n<meta property=\"og:url\" content=\"https:\/\/www.meydan.tv\/az\/article\/elnurun-qelebesi\/\" \/>\n<meta property=\"og:site_name\" content=\"MEYDAN.TV\" \/>\n<meta property=\"article:published_time\" content=\"2015-02-19T19:44:40+00:00\" \/>\n<meta property=\"og:image\" content=\"https:\/\/www.meydan.tv\/wp-content\/uploads\/7229.jpg\" \/>\n\t<meta property=\"og:image:width\" content=\"500\" \/>\n\t<meta property=\"og:image:height\" content=\"500\" \/>\n\t<meta property=\"og:image:type\" content=\"image\/jpeg\" \/>\n<meta name=\"author\" content=\"user-manager\" \/>\n<meta name=\"twitter:card\" content=\"summary_large_image\" \/>\n<script type=\"application\/ld+json\" class=\"yoast-schema-graph\">{\"@context\":\"https:\\\/\\\/schema.org\",\"@graph\":[{\"@type\":\"Article\",\"@id\":\"https:\\\/\\\/www.meydan.tv\\\/az\\\/article\\\/elnurun-qelebesi\\\/#article\",\"isPartOf\":{\"@id\":\"https:\\\/\\\/www.meydan.tv\\\/az\\\/article\\\/elnurun-qelebesi\\\/\"},\"author\":{\"name\":\"user-manager\",\"@id\":\"https:\\\/\\\/www.meydan.tv\\\/az\\\/#\\\/schema\\\/person\\\/10d11eccf6da3662cf5fdab9806ea91a\"},\"headline\":\"Elnurun q\u0259l\u0259b\u0259si\",\"datePublished\":\"2015-02-19T19:44:40+00:00\",\"mainEntityOfPage\":{\"@id\":\"https:\\\/\\\/www.meydan.tv\\\/az\\\/article\\\/elnurun-qelebesi\\\/\"},\"wordCount\":517,\"publisher\":{\"@id\":\"https:\\\/\\\/www.meydan.tv\\\/az\\\/#organization\"},\"image\":{\"@id\":\"https:\\\/\\\/www.meydan.tv\\\/az\\\/article\\\/elnurun-qelebesi\\\/#primaryimage\"},\"thumbnailUrl\":\"https:\\\/\\\/www.meydan.tv\\\/wp-content\\\/uploads\\\/7229.jpg\",\"articleSection\":[\"M\u0259nim Fikrimc\u0259\"],\"inLanguage\":\"az\"},{\"@type\":\"WebPage\",\"@id\":\"https:\\\/\\\/www.meydan.tv\\\/az\\\/article\\\/elnurun-qelebesi\\\/\",\"url\":\"https:\\\/\\\/www.meydan.tv\\\/az\\\/article\\\/elnurun-qelebesi\\\/\",\"name\":\"Elnurun q\u0259l\u0259b\u0259si - MEYDAN.TV\",\"isPartOf\":{\"@id\":\"https:\\\/\\\/www.meydan.tv\\\/az\\\/#website\"},\"primaryImageOfPage\":{\"@id\":\"https:\\\/\\\/www.meydan.tv\\\/az\\\/article\\\/elnurun-qelebesi\\\/#primaryimage\"},\"image\":{\"@id\":\"https:\\\/\\\/www.meydan.tv\\\/az\\\/article\\\/elnurun-qelebesi\\\/#primaryimage\"},\"thumbnailUrl\":\"https:\\\/\\\/www.meydan.tv\\\/wp-content\\\/uploads\\\/7229.jpg\",\"datePublished\":\"2015-02-19T19:44:40+00:00\",\"breadcrumb\":{\"@id\":\"https:\\\/\\\/www.meydan.tv\\\/az\\\/article\\\/elnurun-qelebesi\\\/#breadcrumb\"},\"inLanguage\":\"az\",\"potentialAction\":[{\"@type\":\"ReadAction\",\"target\":[\"https:\\\/\\\/www.meydan.tv\\\/az\\\/article\\\/elnurun-qelebesi\\\/\"]}]},{\"@type\":\"ImageObject\",\"inLanguage\":\"az\",\"@id\":\"https:\\\/\\\/www.meydan.tv\\\/az\\\/article\\\/elnurun-qelebesi\\\/#primaryimage\",\"url\":\"https:\\\/\\\/www.meydan.tv\\\/wp-content\\\/uploads\\\/7229.jpg\",\"contentUrl\":\"https:\\\/\\\/www.meydan.tv\\\/wp-content\\\/uploads\\\/7229.jpg\",\"width\":500,\"height\":500,\"caption\":\"Source:\"},{\"@type\":\"BreadcrumbList\",\"@id\":\"https:\\\/\\\/www.meydan.tv\\\/az\\\/article\\\/elnurun-qelebesi\\\/#breadcrumb\",\"itemListElement\":[{\"@type\":\"ListItem\",\"position\":1,\"name\":\"Ana s\u0259hif\u0259\",\"item\":\"https:\\\/\\\/www.meydan.tv\\\/az\\\/\"},{\"@type\":\"ListItem\",\"position\":2,\"name\":\"M\u0259nim Fikrimc\u0259\",\"item\":\"https:\\\/\\\/www.meydan.tv\\\/az\\\/section\\\/menim-fikrimce\\\/\"},{\"@type\":\"ListItem\",\"position\":3,\"name\":\"Elnurun q\u0259l\u0259b\u0259si\"}]},{\"@type\":\"WebSite\",\"@id\":\"https:\\\/\\\/www.meydan.tv\\\/az\\\/#website\",\"url\":\"https:\\\/\\\/www.meydan.tv\\\/az\\\/\",\"name\":\"MEYDAN.TV\",\"description\":\"Meydan TV Az\u0259rbaycan\u0131n media m\u0259kan\u0131ndak\u0131 alternativ s\u0259sidir\",\"publisher\":{\"@id\":\"https:\\\/\\\/www.meydan.tv\\\/az\\\/#organization\"},\"potentialAction\":[{\"@type\":\"SearchAction\",\"target\":{\"@type\":\"EntryPoint\",\"urlTemplate\":\"https:\\\/\\\/www.meydan.tv\\\/az\\\/?s={search_term_string}\"},\"query-input\":{\"@type\":\"PropertyValueSpecification\",\"valueRequired\":true,\"valueName\":\"search_term_string\"}}],\"inLanguage\":\"az\"},{\"@type\":\"Organization\",\"@id\":\"https:\\\/\\\/www.meydan.tv\\\/az\\\/#organization\",\"name\":\"Meydan TV\",\"url\":\"https:\\\/\\\/www.meydan.tv\\\/az\\\/\",\"logo\":{\"@type\":\"ImageObject\",\"inLanguage\":\"az\",\"@id\":\"https:\\\/\\\/www.meydan.tv\\\/az\\\/#\\\/schema\\\/logo\\\/image\\\/\",\"url\":\"https:\\\/\\\/www.meydan.tv\\\/wp-content\\\/uploads\\\/2021\\\/07\\\/meydan-logo.svg\",\"contentUrl\":\"https:\\\/\\\/www.meydan.tv\\\/wp-content\\\/uploads\\\/2021\\\/07\\\/meydan-logo.svg\",\"width\":195,\"height\":46,\"caption\":\"Meydan TV\"},\"image\":{\"@id\":\"https:\\\/\\\/www.meydan.tv\\\/az\\\/#\\\/schema\\\/logo\\\/image\\\/\"}},{\"@type\":\"Person\",\"@id\":\"https:\\\/\\\/www.meydan.tv\\\/az\\\/#\\\/schema\\\/person\\\/10d11eccf6da3662cf5fdab9806ea91a\",\"name\":\"user-manager\"}]}<\/script>\n<!-- \/ Yoast SEO plugin. -->","yoast_head_json":{"title":"Elnurun q\u0259l\u0259b\u0259si - MEYDAN.TV","robots":{"index":"index","follow":"follow","max-snippet":"max-snippet:-1","max-image-preview":"max-image-preview:large","max-video-preview":"max-video-preview:-1"},"canonical":"https:\/\/www.meydan.tv\/az\/article\/elnurun-qelebesi\/","og_locale":"az_AZ","og_type":"article","og_title":"Elnurun q\u0259l\u0259b\u0259si - MEYDAN.TV","og_description":"V\u0259 qapal\u0131 sisteml\u0259rin faci\u0259si...","og_url":"https:\/\/www.meydan.tv\/az\/article\/elnurun-qelebesi\/","og_site_name":"MEYDAN.TV","article_published_time":"2015-02-19T19:44:40+00:00","og_image":[{"width":500,"height":500,"url":"https:\/\/www.meydan.tv\/wp-content\/uploads\/7229.jpg","type":"image\/jpeg"}],"author":"user-manager","twitter_card":"summary_large_image","schema":{"@context":"https:\/\/schema.org","@graph":[{"@type":"Article","@id":"https:\/\/www.meydan.tv\/az\/article\/elnurun-qelebesi\/#article","isPartOf":{"@id":"https:\/\/www.meydan.tv\/az\/article\/elnurun-qelebesi\/"},"author":{"name":"user-manager","@id":"https:\/\/www.meydan.tv\/az\/#\/schema\/person\/10d11eccf6da3662cf5fdab9806ea91a"},"headline":"Elnurun q\u0259l\u0259b\u0259si","datePublished":"2015-02-19T19:44:40+00:00","mainEntityOfPage":{"@id":"https:\/\/www.meydan.tv\/az\/article\/elnurun-qelebesi\/"},"wordCount":517,"publisher":{"@id":"https:\/\/www.meydan.tv\/az\/#organization"},"image":{"@id":"https:\/\/www.meydan.tv\/az\/article\/elnurun-qelebesi\/#primaryimage"},"thumbnailUrl":"https:\/\/www.meydan.tv\/wp-content\/uploads\/7229.jpg","articleSection":["M\u0259nim Fikrimc\u0259"],"inLanguage":"az"},{"@type":"WebPage","@id":"https:\/\/www.meydan.tv\/az\/article\/elnurun-qelebesi\/","url":"https:\/\/www.meydan.tv\/az\/article\/elnurun-qelebesi\/","name":"Elnurun q\u0259l\u0259b\u0259si - MEYDAN.TV","isPartOf":{"@id":"https:\/\/www.meydan.tv\/az\/#website"},"primaryImageOfPage":{"@id":"https:\/\/www.meydan.tv\/az\/article\/elnurun-qelebesi\/#primaryimage"},"image":{"@id":"https:\/\/www.meydan.tv\/az\/article\/elnurun-qelebesi\/#primaryimage"},"thumbnailUrl":"https:\/\/www.meydan.tv\/wp-content\/uploads\/7229.jpg","datePublished":"2015-02-19T19:44:40+00:00","breadcrumb":{"@id":"https:\/\/www.meydan.tv\/az\/article\/elnurun-qelebesi\/#breadcrumb"},"inLanguage":"az","potentialAction":[{"@type":"ReadAction","target":["https:\/\/www.meydan.tv\/az\/article\/elnurun-qelebesi\/"]}]},{"@type":"ImageObject","inLanguage":"az","@id":"https:\/\/www.meydan.tv\/az\/article\/elnurun-qelebesi\/#primaryimage","url":"https:\/\/www.meydan.tv\/wp-content\/uploads\/7229.jpg","contentUrl":"https:\/\/www.meydan.tv\/wp-content\/uploads\/7229.jpg","width":500,"height":500,"caption":"Source:"},{"@type":"BreadcrumbList","@id":"https:\/\/www.meydan.tv\/az\/article\/elnurun-qelebesi\/#breadcrumb","itemListElement":[{"@type":"ListItem","position":1,"name":"Ana s\u0259hif\u0259","item":"https:\/\/www.meydan.tv\/az\/"},{"@type":"ListItem","position":2,"name":"M\u0259nim Fikrimc\u0259","item":"https:\/\/www.meydan.tv\/az\/section\/menim-fikrimce\/"},{"@type":"ListItem","position":3,"name":"Elnurun q\u0259l\u0259b\u0259si"}]},{"@type":"WebSite","@id":"https:\/\/www.meydan.tv\/az\/#website","url":"https:\/\/www.meydan.tv\/az\/","name":"MEYDAN.TV","description":"Meydan TV Az\u0259rbaycan\u0131n media m\u0259kan\u0131ndak\u0131 alternativ s\u0259sidir","publisher":{"@id":"https:\/\/www.meydan.tv\/az\/#organization"},"potentialAction":[{"@type":"SearchAction","target":{"@type":"EntryPoint","urlTemplate":"https:\/\/www.meydan.tv\/az\/?s={search_term_string}"},"query-input":{"@type":"PropertyValueSpecification","valueRequired":true,"valueName":"search_term_string"}}],"inLanguage":"az"},{"@type":"Organization","@id":"https:\/\/www.meydan.tv\/az\/#organization","name":"Meydan TV","url":"https:\/\/www.meydan.tv\/az\/","logo":{"@type":"ImageObject","inLanguage":"az","@id":"https:\/\/www.meydan.tv\/az\/#\/schema\/logo\/image\/","url":"https:\/\/www.meydan.tv\/wp-content\/uploads\/2021\/07\/meydan-logo.svg","contentUrl":"https:\/\/www.meydan.tv\/wp-content\/uploads\/2021\/07\/meydan-logo.svg","width":195,"height":46,"caption":"Meydan TV"},"image":{"@id":"https:\/\/www.meydan.tv\/az\/#\/schema\/logo\/image\/"}},{"@type":"Person","@id":"https:\/\/www.meydan.tv\/az\/#\/schema\/person\/10d11eccf6da3662cf5fdab9806ea91a","name":"user-manager"}]}},"_links":{"self":[{"href":"https:\/\/www.meydan.tv\/az\/wp-json\/wp\/v2\/posts\/166936","targetHints":{"allow":["GET"]}}],"collection":[{"href":"https:\/\/www.meydan.tv\/az\/wp-json\/wp\/v2\/posts"}],"about":[{"href":"https:\/\/www.meydan.tv\/az\/wp-json\/wp\/v2\/types\/post"}],"author":[{"embeddable":true,"href":"https:\/\/www.meydan.tv\/az\/wp-json\/wp\/v2\/users\/11"}],"replies":[{"embeddable":true,"href":"https:\/\/www.meydan.tv\/az\/wp-json\/wp\/v2\/comments?post=166936"}],"version-history":[{"count":0,"href":"https:\/\/www.meydan.tv\/az\/wp-json\/wp\/v2\/posts\/166936\/revisions"}],"wp:featuredmedia":[{"embeddable":true,"href":"https:\/\/www.meydan.tv\/az\/wp-json\/wp\/v2\/media\/20176"}],"wp:attachment":[{"href":"https:\/\/www.meydan.tv\/az\/wp-json\/wp\/v2\/media?parent=166936"}],"wp:term":[{"taxonomy":"category","embeddable":true,"href":"https:\/\/www.meydan.tv\/az\/wp-json\/wp\/v2\/categories?post=166936"},{"taxonomy":"post_tag","embeddable":true,"href":"https:\/\/www.meydan.tv\/az\/wp-json\/wp\/v2\/tags?post=166936"}],"curies":[{"name":"wp","href":"https:\/\/api.w.org\/{rel}","templated":true}]}}