{"id":166893,"date":"2015-02-16T21:05:58","date_gmt":"2015-02-16T21:05:58","guid":{"rendered":"https:\/\/www.meydan.tv\/article\/qadin-olma-yuku\/"},"modified":"2015-02-16T21:05:58","modified_gmt":"2015-02-16T21:05:58","slug":"qadin-olma-yuku","status":"publish","type":"post","link":"https:\/\/www.meydan.tv\/az\/article\/qadin-olma-yuku\/","title":{"rendered":"Qad\u0131n olma y\u00fck\u00fc"},"content":{"rendered":"<figure class=\"wp-block-image size-large\">\n  <img decoding=\"async\" src=\"https:\/\/www.meydan.tv\/az\/19996\/\" alt=\"\" class=\"wp-image-19996\"\/><figcaption><\/figcaption><\/figure>\n<figure class=\"wp-block-image size-large\">\n  <img decoding=\"async\" src=\"https:\/\/www.meydan.tv\/az\/19999\/\" alt=\"\" class=\"wp-image-19999\"\/><figcaption><\/figcaption><\/figure>\n<p>\n  \u00d6nc\u0259, \u201cseksizm\u201d n\u0259dir? D\u0259f\u0259l\u0259rl\u0259 bu bar\u0259d\u0259 yaz\u0131lsa da, g\u00f6r\u00fcrs\u0259n ki xalq\u0131m\u0131z bu m\u0259s\u0259l\u0259y\u0259 h\u0259l\u0259 d\u0259 bigan\u0259 yana\u015f\u0131r, ara\u015fd\u0131rm\u0131r v\u0259 h\u0259l\u0259 \u00e7oxlar\u0131 bu s\u00f6z\u00fcn ba\u015fl\u0131\u011f\u0131na g\u00f6r\u0259, s\u00f6hb\u0259tin intimd\u0259n getdiyini d\u00fc\u015f\u00fcn\u00fcr. He\u00e7 bu bar\u0259d\u0259 yaz\u0131lara girib, oxumur bel\u0259. Seksizm haz\u0131rda d\u00fcnyada bir \u00e7ox \u00f6lk\u0259nin \u00fczl\u0259\u015fdiyi, el\u0259 m\u0259hz \u201crasizm\u201d-\u0259 b\u0259rab\u0259r tutula bil\u0259c\u0259k q\u0259d\u0259r a\u011f\u0131r b\u0259lad\u0131r. \u201cSeksizm\u201d-in h\u0259rfi m\u0259nas\u0131 \u201ccinsi ayr\u0131-se\u00e7kilik\u201d-dir. Nec\u0259 ki, sizin r\u0259nginiz\u0259 g\u00f6r\u0259 sizi a\u015fa\u011f\u0131 g\u00f6r\u00fcb, rasistlik edirl\u0259rs\u0259, el\u0259c\u0259 d\u0259, cinsiniz\u0259 g\u00f6r\u0259 sizi a\u015fa\u011f\u0131 g\u00f6r\u00fcb, seksist davrana bil\u0259rl\u0259r. B\u0259s, c\u0259miyy\u0259td\u0259 bu probleml\u0259 niy\u0259 \u00fczl\u0259\u015filir? Bizim c\u0259miyy\u0259timizd\u0259 \u0259sas\u0259n yox, el\u0259 m\u0259hz qad\u0131nlara y\u00f6n\u0259lir bu tip yana\u015fma. M\u0259s\u0259l\u0259n, bizim c\u0259miyy\u0259td\u0259 ki\u015fiy\u0259 deyil\u0259 bil\u0259c\u0259k \u0259n a\u015fa\u011f\u0131lay\u0131c\u0131 s\u00f6z\u00a0 \u201carvad\u201d-d\u0131r, amma bu qad\u0131nlarda f\u0259rqlidir. Qad\u0131na \u201cki\u015fi\u201d des\u0259niz, bu, onu ucaltmaq kimi q\u0259l\u0259m\u0259 verilir ki, seksizm m\u0259hz buradan ba\u015flay\u0131r. V\u0259 problem, b\u0259la b\u00f6y\u00fcy\u0259-b\u00f6y\u00fcy\u0259 gedir. \u201cKi\u015fiy\u0259 filan \u015fey etm\u0259k olar, qad\u0131na yox\u201d, \u201cqad\u0131n kimdi filan i\u015f\u0259 qar\u0131\u015fs\u0131n\u201d bu deyiml\u0259ri uzad\u0131b ba\u015f\u0131n\u0131z\u0131 a\u011fr\u0131tmaq ist\u0259mir\u0259m, y\u0259qin ki \u201cseksizm\u201d-in mahiyy\u0259tini bildik.\n<\/p>\n<p>\n  C\u0259miyy\u0259ti kim bu v\u0259ziyy\u0259t\u0259 g\u0259tirib \u00e7\u0131xar\u0131r? Nec\u0259 m\u00fcbariz\u0259 apar\u0131lmal\u0131d\u0131r? Bir az ara\u015fd\u0131rma apard\u0131m Az\u0259rbaycanla ba\u011fl\u0131. Dem\u0259li, Dilar\u0259 \u018fliyeva ad\u0131na Qad\u0131nlar\u0131n H\u00fcquqlar\u0131n\u0131 M\u00fcdafi\u0259 C\u0259miyy\u0259ti var imi\u015f. 1989-cu ild\u0259 yaran\u0131b. T\u0259bii ki, bu g\u00fcn\u0259 q\u0259d\u0259r sa\u011f qal\u0131bsa, \u201cqrant yem\u0259k\u201d-d\u0259n h\u0259bsd\u0259 deyill\u0259rs\u0259, dem\u0259li, hakimiyy\u0259t y\u00f6n\u00fcml\u00fc QHT olmas\u0131 ehtimal\u0131 var. Bu ayr\u0131 m\u0259s\u0259l\u0259. Bunlar\u0131n ke\u00e7irdiyi h\u0259r-hans\u0131 bir ciddi t\u0259dbir, seminarlar tapa bilm\u0259dim. Niy\u0259 m\u0259nim, sizin verdiyiniz vergil\u0259rd\u0259n bu adamlara d\u00f6vl\u0259t qrant ay\u0131r\u0131r, bunlar he\u00e7 bir i\u015f g\u00f6rm\u00fcrl\u0259r?. Qad\u0131nlar\u0131n h\u00fcquqlar\u0131n\u0131 \u0259n \u00e7\u0259tin v\u0259ziyy\u0259tl\u0259rd\u0259 qorumurlar, \u201cseksizm\u201d bar\u0259d\u0259 seminarlar ke\u00e7irib, qad\u0131nlar\u0131n h\u00fcquqlar\u0131n\u0131 onlara \u00f6yr\u0259tmirl\u0259r? El\u0259 m\u0259hz problem bu tipli m\u00fc\u0259ssis\u0259l\u0259rd\u0259n ba\u015flay\u0131r v\u0259 d\u00f6vl\u0259tin y\u00fcr\u00fctd\u00fcy\u00fc siyas\u0259td\u0259 bitir. Qad\u0131nlar\u0131m\u0131z\u0131n, \u00fcmumiyy\u0259tl\u0259, c\u0259miyy\u0259timizin \u00f6z h\u00fcquqlar\u0131n\u0131 bilm\u0259m\u0259si, bils\u0259 d\u0259, siyas\u0259t\u0259 qar\u0131\u015fmamas\u0131 da buna t\u0259kan verir. V\u0259 g\u0259lib \u00e7\u0131x\u0131r a\u011f\u0131r n\u0259tic\u0259l\u0259r\u0259.\n<\/p>\n<p>\n  Art\u0131q bir ayd\u0131r m\u0259tbuatda ged\u0259n Lamiy\u0259 m\u0259s\u0259l\u0259sind\u0259n x\u0259b\u0259ri olmayan qalmay\u0131b y\u0259qin ki. M\u0259mur o\u011flu t\u0259r\u0259find\u0259n azya\u015fl\u0131 vaxt\u0131 zorlan\u0131b, \u00e7ar\u0259sizlikd\u0259n zorlayan \u015f\u0259xsi \u00f6ld\u00fcr\u00fcb, 12 ildir h\u0259bs yat\u0131r, i\u00e7\u0259rid\u0259 u\u015fa\u011f\u0131 olur, he\u00e7 bir b\u0259han\u0259 tapa bilm\u0259y\u0259n Penitensiar xidm\u0259t a\u00e7\u0131qlama verir ki, s\u0259n dem\u0259, \u00e7\u00f6ld\u0259n sperma g\u00f6nd\u0259ribl\u0259r v\u0259 s\u00fcni mayalanma n\u0259tic\u0259sind\u0259 u\u015faq olub. A\u00e7\u0131qlamaya ham\u0131 g\u00fcls\u0259 d\u0259, \u0259slind\u0259 m\u0259s\u0259l\u0259nin d\u0259h\u015f\u0259tinin f\u0259rqind\u0259siniz. Bu ilk \u201cLamiy\u0259\u201d deyil, bu g\u00fcn\u0259 kimi m\u0259tbuata \u00e7\u0131xmayan minl\u0259rl\u0259 \u201cLamiy\u0259\u201d olub v\u0259 \u00f6lk\u0259d\u0259 ayaqlar alt\u0131nda olan qad\u0131n h\u00fcquqlar\u0131 onlardan da yan ke\u00e7ib, qad\u0131nd\u0131lar dey\u0259, ictimai n\u0259qliyyatda, ba\u015fqa yerl\u0259rd\u0259 onlara at\u0131lan s\u00f6z\u00fc, zorlanmalar\u0131, at\u0131lan \u0259l-qollar\u0131 ictimail\u0259\u015fdirib qar\u015f\u0131 \u00e7\u0131xa bilm\u0259yibl\u0259r. Niy\u0259? \u00c7\u00fcnki c\u0259miyy\u0259timizd\u0259 \u201cf\u0131lan q\u0131z\u0131n ad\u0131 \u00e7\u0131x\u0131b\u201d basq\u0131s\u0131ndan qorxublar. He\u00e7 ki\u015fil\u0259rin bu d\u0259rdi var? Xeyr.\n<\/p>\n<p>\n  Indi c\u0259miyy\u0259timizd\u0259ki \u201cSeksizm\u201d-in d\u0259r\u0259c\u0259sinin f\u0259rqind\u0259siniz? Faci\u0259nin b\u00f6y\u00fckl\u00fcy\u00fc h\u0259l\u0259 \u00e7ox \u201cLamiy\u0259\u201d-l\u0259ri \u0259limizd\u0259n alacaq. T\u00fcrkiy\u0259d\u0259ki \u00d6zgecan hadis\u0259si il\u0259 eyni g\u00fcnd\u0259, Az\u0259rbaycanda da eyni tipli hadis\u0259 ba\u015f verdi. Qad\u0131n c\u0259s\u0259di tap\u0131ld\u0131 k\u00f6rp\u00fcn\u00fcn alt\u0131ndan, 15 b\u0131\u00e7aq z\u0259rb\u0259si, a\u011fz\u0131 c\u0131r\u0131lm\u0131\u015f v\u0259ziyy\u0259td\u0259. \u0130ctimail\u0259\u015fm\u0259di. T\u00fcrkiy\u0259nin \u00d6zgecan\u0131ndan yazanlar, ondan yazmad\u0131lar. \u00d6lk\u0259d\u0259 azad m\u0259tbuat, v\u0259t\u0259nda\u015f c\u0259miyy\u0259tl\u0259ri qalmay\u0131b ki, bu m\u0259s\u0259l\u0259y\u0259 m\u00fcnasib\u0259t bildirsinl\u0259r. Q\u0259nir\u0259kimil\u0259r n\u0259sli \u00d6zgecana a\u011flayacaq amma \u00f6z\u00fcm\u00fczd\u0259kil\u0259r he\u00e7 vecl\u0259rin\u0259 d\u0259 olmayacaq. Fikir vermi\u015f\u0259m, \u00f6lk\u0259d\u0259 \u201csiyas\u0259t\u0259 qar\u0131\u015fm\u0131ram\u201d dey\u0259nl\u0259r el\u0259 \u0259slind\u0259 \u0259n \u00e7ox siyas\u0259tl\u0259 maraqlananlard\u0131r. Onlar \u00e7ayxanalarda, sosial \u015f\u0259b\u0259k\u0259l\u0259rd\u0259, h\u0259tda milli m\u0259clisd\u0259 T\u00fcrkiy\u0259ni, Ukraynan\u0131, Rusiyan\u0131, h\u0259tda AB\u015e-dak\u0131 insan h\u00fcquqlar\u0131n\u0131 la\u011fa qoyurlar, m\u00fczakir\u0259 edirl\u0259r palaz-palaz. Amma \u00f6lk\u0259miz\u0259 g\u0259l\u0259nd\u0259&#8230;\n<\/p>\n<p>\n  Yaz\u0131m\u0131 ana b\u0259tnind\u0259 qad\u0131n oldu\u011fu \u00fc\u00e7\u00fcn abort etdirilm\u0259k ist\u0259y\u0259n, z\u00fclm v\u0259\u00a0 b\u0259la il\u0259 d\u00fcnyaya g\u0259l\u0259n, hal-haz\u0131rda da m\u00f6vcud rejimin z\u00fclm\u00fcn\u0259 u\u011fray\u0131b h\u0259bsd\u0259 olan X\u0259dic\u0259 \u0130smay\u0131l\u0131n s\u00f6z\u00fc il\u0259 tamamlay\u0131ram: &#8220;Hiss etdiyim &#8211; qad\u0131n olma y\u00fck\u00fcd\u00fcr. O qad\u0131n ki, onun bu \u00f6lk\u0259d\u0259 m\u00fccadil\u0259si, do\u011fu\u015fdan \u0259vv\u0259l ba\u015flay\u0131r&#8230;\u201d<\/p>\n","protected":false},"excerpt":{"rendered":"<p>Az\u0259rbaycanda \u201cseksizm\u201d v\u0259 \u201c\u00d6zgecanlar\u201d<\/p>\n","protected":false},"author":11,"featured_media":19996,"comment_status":"closed","ping_status":"open","sticky":false,"template":"","format":"standard","meta":{"_acf_changed":false,"_sitemap_exclude":false,"_sitemap_priority":"","_sitemap_frequency":"","footnotes":""},"categories":[57],"tags":[],"class_list":["post-166893","post","type-post","status-publish","format-standard","has-post-thumbnail","hentry","category-menim-fikrimce","infinite-scroll-item","generate-columns","tablet-grid-50","mobile-grid-100","grid-parent","grid-33","no-featured-image-padding"],"acf":[],"yoast_head":"<!-- This site is optimized with the Yoast SEO plugin v27.4 - https:\/\/yoast.com\/product\/yoast-seo-wordpress\/ -->\n<title>Qad\u0131n olma y\u00fck\u00fc - MEYDAN.TV<\/title>\n<meta name=\"robots\" content=\"index, follow, max-snippet:-1, max-image-preview:large, max-video-preview:-1\" \/>\n<link rel=\"canonical\" href=\"https:\/\/www.meydan.tv\/az\/article\/qadin-olma-yuku\/\" \/>\n<meta property=\"og:locale\" content=\"az_AZ\" \/>\n<meta property=\"og:type\" content=\"article\" \/>\n<meta property=\"og:title\" content=\"Qad\u0131n olma y\u00fck\u00fc - MEYDAN.TV\" \/>\n<meta property=\"og:description\" content=\"Az\u0259rbaycanda \u201cseksizm\u201d v\u0259 \u201c\u00d6zgecanlar\u201d\" \/>\n<meta property=\"og:url\" content=\"https:\/\/www.meydan.tv\/az\/article\/qadin-olma-yuku\/\" \/>\n<meta property=\"og:site_name\" content=\"MEYDAN.TV\" \/>\n<meta property=\"article:published_time\" content=\"2015-02-16T21:05:58+00:00\" \/>\n<meta property=\"og:image\" content=\"https:\/\/www.meydan.tv\/wp-content\/uploads\/7168.jpg\" \/>\n\t<meta property=\"og:image:width\" content=\"500\" \/>\n\t<meta property=\"og:image:height\" content=\"500\" \/>\n\t<meta property=\"og:image:type\" content=\"image\/jpeg\" \/>\n<meta name=\"author\" content=\"user-manager\" \/>\n<meta name=\"twitter:card\" content=\"summary_large_image\" \/>\n<script type=\"application\/ld+json\" class=\"yoast-schema-graph\">{\"@context\":\"https:\\\/\\\/schema.org\",\"@graph\":[{\"@type\":\"Article\",\"@id\":\"https:\\\/\\\/www.meydan.tv\\\/az\\\/article\\\/qadin-olma-yuku\\\/#article\",\"isPartOf\":{\"@id\":\"https:\\\/\\\/www.meydan.tv\\\/az\\\/article\\\/qadin-olma-yuku\\\/\"},\"author\":{\"name\":\"user-manager\",\"@id\":\"https:\\\/\\\/www.meydan.tv\\\/az\\\/#\\\/schema\\\/person\\\/10d11eccf6da3662cf5fdab9806ea91a\"},\"headline\":\"Qad\u0131n olma y\u00fck\u00fc\",\"datePublished\":\"2015-02-16T21:05:58+00:00\",\"mainEntityOfPage\":{\"@id\":\"https:\\\/\\\/www.meydan.tv\\\/az\\\/article\\\/qadin-olma-yuku\\\/\"},\"wordCount\":965,\"publisher\":{\"@id\":\"https:\\\/\\\/www.meydan.tv\\\/az\\\/#organization\"},\"image\":{\"@id\":\"https:\\\/\\\/www.meydan.tv\\\/az\\\/article\\\/qadin-olma-yuku\\\/#primaryimage\"},\"thumbnailUrl\":\"https:\\\/\\\/www.meydan.tv\\\/wp-content\\\/uploads\\\/7168.jpg\",\"articleSection\":[\"M\u0259nim Fikrimc\u0259\"],\"inLanguage\":\"az\"},{\"@type\":\"WebPage\",\"@id\":\"https:\\\/\\\/www.meydan.tv\\\/az\\\/article\\\/qadin-olma-yuku\\\/\",\"url\":\"https:\\\/\\\/www.meydan.tv\\\/az\\\/article\\\/qadin-olma-yuku\\\/\",\"name\":\"Qad\u0131n olma y\u00fck\u00fc - MEYDAN.TV\",\"isPartOf\":{\"@id\":\"https:\\\/\\\/www.meydan.tv\\\/az\\\/#website\"},\"primaryImageOfPage\":{\"@id\":\"https:\\\/\\\/www.meydan.tv\\\/az\\\/article\\\/qadin-olma-yuku\\\/#primaryimage\"},\"image\":{\"@id\":\"https:\\\/\\\/www.meydan.tv\\\/az\\\/article\\\/qadin-olma-yuku\\\/#primaryimage\"},\"thumbnailUrl\":\"https:\\\/\\\/www.meydan.tv\\\/wp-content\\\/uploads\\\/7168.jpg\",\"datePublished\":\"2015-02-16T21:05:58+00:00\",\"breadcrumb\":{\"@id\":\"https:\\\/\\\/www.meydan.tv\\\/az\\\/article\\\/qadin-olma-yuku\\\/#breadcrumb\"},\"inLanguage\":\"az\",\"potentialAction\":[{\"@type\":\"ReadAction\",\"target\":[\"https:\\\/\\\/www.meydan.tv\\\/az\\\/article\\\/qadin-olma-yuku\\\/\"]}]},{\"@type\":\"ImageObject\",\"inLanguage\":\"az\",\"@id\":\"https:\\\/\\\/www.meydan.tv\\\/az\\\/article\\\/qadin-olma-yuku\\\/#primaryimage\",\"url\":\"https:\\\/\\\/www.meydan.tv\\\/wp-content\\\/uploads\\\/7168.jpg\",\"contentUrl\":\"https:\\\/\\\/www.meydan.tv\\\/wp-content\\\/uploads\\\/7168.jpg\",\"width\":500,\"height\":500,\"caption\":\"Source:\"},{\"@type\":\"BreadcrumbList\",\"@id\":\"https:\\\/\\\/www.meydan.tv\\\/az\\\/article\\\/qadin-olma-yuku\\\/#breadcrumb\",\"itemListElement\":[{\"@type\":\"ListItem\",\"position\":1,\"name\":\"Ana s\u0259hif\u0259\",\"item\":\"https:\\\/\\\/www.meydan.tv\\\/az\\\/\"},{\"@type\":\"ListItem\",\"position\":2,\"name\":\"M\u0259nim Fikrimc\u0259\",\"item\":\"https:\\\/\\\/www.meydan.tv\\\/az\\\/section\\\/menim-fikrimce\\\/\"},{\"@type\":\"ListItem\",\"position\":3,\"name\":\"Qad\u0131n olma y\u00fck\u00fc\"}]},{\"@type\":\"WebSite\",\"@id\":\"https:\\\/\\\/www.meydan.tv\\\/az\\\/#website\",\"url\":\"https:\\\/\\\/www.meydan.tv\\\/az\\\/\",\"name\":\"MEYDAN.TV\",\"description\":\"Meydan TV Az\u0259rbaycan\u0131n media m\u0259kan\u0131ndak\u0131 alternativ s\u0259sidir\",\"publisher\":{\"@id\":\"https:\\\/\\\/www.meydan.tv\\\/az\\\/#organization\"},\"potentialAction\":[{\"@type\":\"SearchAction\",\"target\":{\"@type\":\"EntryPoint\",\"urlTemplate\":\"https:\\\/\\\/www.meydan.tv\\\/az\\\/?s={search_term_string}\"},\"query-input\":{\"@type\":\"PropertyValueSpecification\",\"valueRequired\":true,\"valueName\":\"search_term_string\"}}],\"inLanguage\":\"az\"},{\"@type\":\"Organization\",\"@id\":\"https:\\\/\\\/www.meydan.tv\\\/az\\\/#organization\",\"name\":\"Meydan TV\",\"url\":\"https:\\\/\\\/www.meydan.tv\\\/az\\\/\",\"logo\":{\"@type\":\"ImageObject\",\"inLanguage\":\"az\",\"@id\":\"https:\\\/\\\/www.meydan.tv\\\/az\\\/#\\\/schema\\\/logo\\\/image\\\/\",\"url\":\"https:\\\/\\\/www.meydan.tv\\\/wp-content\\\/uploads\\\/2021\\\/07\\\/meydan-logo.svg\",\"contentUrl\":\"https:\\\/\\\/www.meydan.tv\\\/wp-content\\\/uploads\\\/2021\\\/07\\\/meydan-logo.svg\",\"width\":195,\"height\":46,\"caption\":\"Meydan TV\"},\"image\":{\"@id\":\"https:\\\/\\\/www.meydan.tv\\\/az\\\/#\\\/schema\\\/logo\\\/image\\\/\"}},{\"@type\":\"Person\",\"@id\":\"https:\\\/\\\/www.meydan.tv\\\/az\\\/#\\\/schema\\\/person\\\/10d11eccf6da3662cf5fdab9806ea91a\",\"name\":\"user-manager\"}]}<\/script>\n<!-- \/ Yoast SEO plugin. -->","yoast_head_json":{"title":"Qad\u0131n olma y\u00fck\u00fc - MEYDAN.TV","robots":{"index":"index","follow":"follow","max-snippet":"max-snippet:-1","max-image-preview":"max-image-preview:large","max-video-preview":"max-video-preview:-1"},"canonical":"https:\/\/www.meydan.tv\/az\/article\/qadin-olma-yuku\/","og_locale":"az_AZ","og_type":"article","og_title":"Qad\u0131n olma y\u00fck\u00fc - MEYDAN.TV","og_description":"Az\u0259rbaycanda \u201cseksizm\u201d v\u0259 \u201c\u00d6zgecanlar\u201d","og_url":"https:\/\/www.meydan.tv\/az\/article\/qadin-olma-yuku\/","og_site_name":"MEYDAN.TV","article_published_time":"2015-02-16T21:05:58+00:00","og_image":[{"width":500,"height":500,"url":"https:\/\/www.meydan.tv\/wp-content\/uploads\/7168.jpg","type":"image\/jpeg"}],"author":"user-manager","twitter_card":"summary_large_image","schema":{"@context":"https:\/\/schema.org","@graph":[{"@type":"Article","@id":"https:\/\/www.meydan.tv\/az\/article\/qadin-olma-yuku\/#article","isPartOf":{"@id":"https:\/\/www.meydan.tv\/az\/article\/qadin-olma-yuku\/"},"author":{"name":"user-manager","@id":"https:\/\/www.meydan.tv\/az\/#\/schema\/person\/10d11eccf6da3662cf5fdab9806ea91a"},"headline":"Qad\u0131n olma y\u00fck\u00fc","datePublished":"2015-02-16T21:05:58+00:00","mainEntityOfPage":{"@id":"https:\/\/www.meydan.tv\/az\/article\/qadin-olma-yuku\/"},"wordCount":965,"publisher":{"@id":"https:\/\/www.meydan.tv\/az\/#organization"},"image":{"@id":"https:\/\/www.meydan.tv\/az\/article\/qadin-olma-yuku\/#primaryimage"},"thumbnailUrl":"https:\/\/www.meydan.tv\/wp-content\/uploads\/7168.jpg","articleSection":["M\u0259nim Fikrimc\u0259"],"inLanguage":"az"},{"@type":"WebPage","@id":"https:\/\/www.meydan.tv\/az\/article\/qadin-olma-yuku\/","url":"https:\/\/www.meydan.tv\/az\/article\/qadin-olma-yuku\/","name":"Qad\u0131n olma y\u00fck\u00fc - MEYDAN.TV","isPartOf":{"@id":"https:\/\/www.meydan.tv\/az\/#website"},"primaryImageOfPage":{"@id":"https:\/\/www.meydan.tv\/az\/article\/qadin-olma-yuku\/#primaryimage"},"image":{"@id":"https:\/\/www.meydan.tv\/az\/article\/qadin-olma-yuku\/#primaryimage"},"thumbnailUrl":"https:\/\/www.meydan.tv\/wp-content\/uploads\/7168.jpg","datePublished":"2015-02-16T21:05:58+00:00","breadcrumb":{"@id":"https:\/\/www.meydan.tv\/az\/article\/qadin-olma-yuku\/#breadcrumb"},"inLanguage":"az","potentialAction":[{"@type":"ReadAction","target":["https:\/\/www.meydan.tv\/az\/article\/qadin-olma-yuku\/"]}]},{"@type":"ImageObject","inLanguage":"az","@id":"https:\/\/www.meydan.tv\/az\/article\/qadin-olma-yuku\/#primaryimage","url":"https:\/\/www.meydan.tv\/wp-content\/uploads\/7168.jpg","contentUrl":"https:\/\/www.meydan.tv\/wp-content\/uploads\/7168.jpg","width":500,"height":500,"caption":"Source:"},{"@type":"BreadcrumbList","@id":"https:\/\/www.meydan.tv\/az\/article\/qadin-olma-yuku\/#breadcrumb","itemListElement":[{"@type":"ListItem","position":1,"name":"Ana s\u0259hif\u0259","item":"https:\/\/www.meydan.tv\/az\/"},{"@type":"ListItem","position":2,"name":"M\u0259nim Fikrimc\u0259","item":"https:\/\/www.meydan.tv\/az\/section\/menim-fikrimce\/"},{"@type":"ListItem","position":3,"name":"Qad\u0131n olma y\u00fck\u00fc"}]},{"@type":"WebSite","@id":"https:\/\/www.meydan.tv\/az\/#website","url":"https:\/\/www.meydan.tv\/az\/","name":"MEYDAN.TV","description":"Meydan TV Az\u0259rbaycan\u0131n media m\u0259kan\u0131ndak\u0131 alternativ s\u0259sidir","publisher":{"@id":"https:\/\/www.meydan.tv\/az\/#organization"},"potentialAction":[{"@type":"SearchAction","target":{"@type":"EntryPoint","urlTemplate":"https:\/\/www.meydan.tv\/az\/?s={search_term_string}"},"query-input":{"@type":"PropertyValueSpecification","valueRequired":true,"valueName":"search_term_string"}}],"inLanguage":"az"},{"@type":"Organization","@id":"https:\/\/www.meydan.tv\/az\/#organization","name":"Meydan TV","url":"https:\/\/www.meydan.tv\/az\/","logo":{"@type":"ImageObject","inLanguage":"az","@id":"https:\/\/www.meydan.tv\/az\/#\/schema\/logo\/image\/","url":"https:\/\/www.meydan.tv\/wp-content\/uploads\/2021\/07\/meydan-logo.svg","contentUrl":"https:\/\/www.meydan.tv\/wp-content\/uploads\/2021\/07\/meydan-logo.svg","width":195,"height":46,"caption":"Meydan TV"},"image":{"@id":"https:\/\/www.meydan.tv\/az\/#\/schema\/logo\/image\/"}},{"@type":"Person","@id":"https:\/\/www.meydan.tv\/az\/#\/schema\/person\/10d11eccf6da3662cf5fdab9806ea91a","name":"user-manager"}]}},"_links":{"self":[{"href":"https:\/\/www.meydan.tv\/az\/wp-json\/wp\/v2\/posts\/166893","targetHints":{"allow":["GET"]}}],"collection":[{"href":"https:\/\/www.meydan.tv\/az\/wp-json\/wp\/v2\/posts"}],"about":[{"href":"https:\/\/www.meydan.tv\/az\/wp-json\/wp\/v2\/types\/post"}],"author":[{"embeddable":true,"href":"https:\/\/www.meydan.tv\/az\/wp-json\/wp\/v2\/users\/11"}],"replies":[{"embeddable":true,"href":"https:\/\/www.meydan.tv\/az\/wp-json\/wp\/v2\/comments?post=166893"}],"version-history":[{"count":0,"href":"https:\/\/www.meydan.tv\/az\/wp-json\/wp\/v2\/posts\/166893\/revisions"}],"wp:featuredmedia":[{"embeddable":true,"href":"https:\/\/www.meydan.tv\/az\/wp-json\/wp\/v2\/media\/19996"}],"wp:attachment":[{"href":"https:\/\/www.meydan.tv\/az\/wp-json\/wp\/v2\/media?parent=166893"}],"wp:term":[{"taxonomy":"category","embeddable":true,"href":"https:\/\/www.meydan.tv\/az\/wp-json\/wp\/v2\/categories?post=166893"},{"taxonomy":"post_tag","embeddable":true,"href":"https:\/\/www.meydan.tv\/az\/wp-json\/wp\/v2\/tags?post=166893"}],"curies":[{"name":"wp","href":"https:\/\/api.w.org\/{rel}","templated":true}]}}