{"id":166734,"date":"2015-02-04T19:04:39","date_gmt":"2015-02-04T19:04:39","guid":{"rendered":"https:\/\/www.meydan.tv\/article\/4-ilin-tarixcesi\/"},"modified":"2015-02-04T19:04:39","modified_gmt":"2015-02-04T19:04:39","slug":"4-ilin-tarixcesi","status":"publish","type":"post","link":"https:\/\/www.meydan.tv\/az\/article\/4-ilin-tarixcesi\/","title":{"rendered":"4 ilin tarix\u00e7\u0259si"},"content":{"rendered":"<figure class=\"wp-block-image size-large\">\n  <img decoding=\"async\" src=\"https:\/\/www.meydan.tv\/az\/19427\/\" alt=\"\" class=\"wp-image-19427\"\/><figcaption><\/figcaption><\/figure>\n<figure class=\"wp-block-image size-large\">\n  <img decoding=\"async\" src=\"https:\/\/www.meydan.tv\/az\/19430\/\" alt=\"\" class=\"wp-image-19430\"\/><figcaption><\/figcaption><\/figure>\n<p>\n  Bu g\u00fcn Nida V\u0259t\u0259nda\u015f H\u0259r\u0259kat\u0131n\u0131n yaranmas\u0131ndan 4 il ke\u00e7ir.4 il \u0259vv\u0259l bir qrup g\u0259nc bir araya g\u0259l\u0259r\u0259k \u00f6lk\u0259nin, xalq\u0131n taleyin\u0259 bigan\u0259 qalmama\u011f\u0131 \u0259sas g\u0259tir\u0259r\u0259k bu q\u0259rar\u0131 q\u0259bul etdi v\u0259 Nida t\u0259sis olundu.Bu, sad\u0259c\u0259 bir ne\u00e7\u0259 g\u0259ncin qurdu\u011fu t\u0259\u015fkilat yox, h\u0259m d\u0259 \u00f6lk\u0259d\u0259 ba\u015f ver\u0259n \u00f6zba\u015f\u0131nal\u0131qlara, haqs\u0131zl\u0131qlara etiraz etm\u0259y\u0259 qalxan g\u0259ncliyin x\u0259b\u0259r\u00e7isi idi.O g\u0259nclik ki, q\u0131sa zamanda avtoritar \u00f6lk\u0259 r\u0259hb\u0259rliyini narahat etm\u0259yi bacard\u0131.Narahatl\u0131q bir k\u0259nara, bu g\u0259ncliy\u0259 qar\u015f\u0131 s\u0259rt add\u0131mlar atma\u011fa g\u0259tirib \u00e7\u0131xard\u0131.Hakimiyy\u0259tin qorxulu r\u00f6yas\u0131na \u00e7evril\u0259n bu g\u0259ncl\u0259r i\u015fl\u0259rind\u0259 he\u00e7 bir qanunsuzlu\u011fa, qeyri-sivil add\u0131mlara yol verm\u0259mi\u015fdi.Bu zaman h\u0259min g\u00fcc\u00fcn qar\u015f\u0131s\u0131n\u0131 almaq\u00e7\u00fcn bir variant var idi: \u015f\u0259rl\u0259m\u0259k.Minl\u0259rl\u0259 \u00e7irkin \u0259m\u0259ll\u0259r\u0259 qol qoyanlar \u0259lb\u0259tt\u0259 ki, bunu da ed\u0259c\u0259kdi.V\u0259 h\u0259r\u0259kat\u0131n yaranmas\u0131n\u0131n 2-ci ilind\u0259 bu intelektual, yenilik\u00e7i g\u0259ncliy\u0259 qar\u015f\u0131 repressiyalar ba\u015flad\u0131.Ard-arda bir ne\u00e7\u0259 g\u0259nc \u015f\u0259rl\u0259n\u0259r\u0259k h\u0259bs olundu.Uzun m\u00fcdd\u0259tli m\u0259hk\u0259m\u0259l\u0259r ba\u015fland\u0131.H\u0259r c\u00fcr \u00f6zba\u015f\u0131nal\u0131q etdil\u0259r.Sonda g\u00fcnahs\u0131zl\u0131qlar\u0131 s\u00fcbut olunan bu g\u0259ncl\u0259r\u0259 6 ild\u0259n 8 il\u0259d\u0259k h\u00f6km oxundu.H\u0259l\u0259 d\u0259 o g\u0259ncl\u0259rd\u0259n h\u0259bsd\u0259 olanlar var.Sad\u0259c\u0259 m\u0259hk\u0259m\u0259l\u0259r d\u00f6vr\u00fcnd\u0259 Az\u0259rbaycan hakimiyy\u0259ti polis, m\u0259hk\u0259m\u0259, prokurorluq orqanlar\u0131 vasit\u0259sil\u0259 b\u00fct\u00fcn mahiyy\u0259tini n\u00fcmayi\u015f etdirdi.M\u0259qs\u0259d is\u0259 talan\u00e7\u0131l\u0131q, \u00f6zba\u015f\u0131nal\u0131q \u0259m\u0259ll\u0259rin\u0259 etiraz ed\u0259n s\u0259sl\u0259ri bo\u011fmaq idi.Amma nail ola bilm\u0259dil\u0259r.Xalq\u0131n taley\u00fckl\u00fc m\u0259s\u0259l\u0259l\u0259rini \u00e7iyinl\u0259rind\u0259 da\u015f\u0131ma\u011fa q\u0259rar vermi\u015f g\u0259nc n\u0259sil buna imkan verm\u0259di.D\u00fczd\u00fcr, b\u00fct\u00fcn \u00f6lk\u0259d\u0259 h\u00f6km s\u00fcr\u0259n \u00fcmidsizlik Nidaya da t\u0259sir etdi, amma h\u0259r\u0259kat q\u0131sa zamanda toparlana bildi.\n<\/p>\n<p>\n  Nida yaran\u0259rk\u0259n qar\u015f\u0131s\u0131na qoydu\u011fu m\u0259qs\u0259dl\u0259r q\u0131sa m\u00fcdd\u0259tli yox, gedil\u0259si uzun v\u0259 \u00e7\u0259tin bir yol idi.Biz bu g\u00fcn d\u0259 h\u0259min yolday\u0131q, m\u0259qs\u0259dl\u0259rimiz\u0259 \u00e7atmaq u\u011frunda inamla ir\u0259lil\u0259yirik.\u00d6lk\u0259d\u0259ki azsayl\u0131 m\u00fcst\u0259qil t\u0259\u015fkilatlardan biriyik.H\u0259r i\u015fimiz f\u0259dakar \u00fczvl\u0259rimizin say\u0259sind\u0259 ger\u00e7\u0259kl\u0259\u015fir.Bu c\u00fcr v\u0259t\u0259nda\u015flar\u0131m\u0131z oldu\u011fu m\u00fcdd\u0259td\u0259 \u00f6lk\u0259mizin \u015eimali Koreyan\u0131n, \u00d6zb\u0259kistan\u0131n, Suriyan\u0131n, Misirin g\u00fcn\u00fcn\u0259 d\u00fc\u015fm\u0259sin\u0259 imkan verm\u0259y\u0259c\u0259yik.\u0130nan\u0131r\u0131q ki, getdiyimiz yol haqq yoludur.Xalq\u0131m\u0131z\u0131n azad, \u0259dal\u0259tli c\u0259miyy\u0259td\u0259 ya\u015famas\u0131n\u0131, b\u00fct\u00fcn insani haqlara sahib olmas\u0131n\u0131 ist\u0259m\u0259k, buna g\u00f6r\u0259 m\u00fcbariz\u0259 aparmaq bizim \u00fc\u00e7\u00fcn \u015f\u0259r\u0259fdir.\u018fminik ki, bir g\u00fcn b\u00fct\u00fcn m\u0259qs\u0259dl\u0259rimiz\u0259 nail olaca\u011f\u0131q.Nidam\u0131z g\u00fccl\u00fc olsun!<\/p>\n","protected":false},"excerpt":{"rendered":"<p>Nida yaran\u0259rk\u0259n qar\u015f\u0131s\u0131na qoydu\u011fu m\u0259qs\u0259dl\u0259r&#8230;<\/p>\n","protected":false},"author":11,"featured_media":19427,"comment_status":"closed","ping_status":"open","sticky":false,"template":"","format":"standard","meta":{"_acf_changed":false,"_sitemap_exclude":false,"_sitemap_priority":"","_sitemap_frequency":"","footnotes":""},"categories":[57],"tags":[],"class_list":["post-166734","post","type-post","status-publish","format-standard","has-post-thumbnail","hentry","category-menim-fikrimce","infinite-scroll-item","generate-columns","tablet-grid-50","mobile-grid-100","grid-parent","grid-33","no-featured-image-padding"],"acf":[],"yoast_head":"<!-- This site is optimized with the Yoast SEO plugin v27.4 - https:\/\/yoast.com\/product\/yoast-seo-wordpress\/ -->\n<title>4 ilin tarix\u00e7\u0259si - MEYDAN.TV<\/title>\n<meta name=\"robots\" content=\"index, follow, max-snippet:-1, max-image-preview:large, max-video-preview:-1\" \/>\n<link rel=\"canonical\" href=\"https:\/\/www.meydan.tv\/az\/article\/4-ilin-tarixcesi\/\" \/>\n<meta property=\"og:locale\" content=\"az_AZ\" \/>\n<meta property=\"og:type\" content=\"article\" \/>\n<meta property=\"og:title\" content=\"4 ilin tarix\u00e7\u0259si - MEYDAN.TV\" \/>\n<meta property=\"og:description\" content=\"Nida yaran\u0259rk\u0259n qar\u015f\u0131s\u0131na qoydu\u011fu m\u0259qs\u0259dl\u0259r...\" \/>\n<meta property=\"og:url\" content=\"https:\/\/www.meydan.tv\/az\/article\/4-ilin-tarixcesi\/\" \/>\n<meta property=\"og:site_name\" content=\"MEYDAN.TV\" \/>\n<meta property=\"article:published_time\" content=\"2015-02-04T19:04:39+00:00\" \/>\n<meta property=\"og:image\" content=\"https:\/\/www.meydan.tv\/wp-content\/uploads\/6954.jpg\" \/>\n\t<meta property=\"og:image:width\" content=\"500\" \/>\n\t<meta property=\"og:image:height\" content=\"500\" \/>\n\t<meta property=\"og:image:type\" content=\"image\/jpeg\" \/>\n<meta name=\"author\" content=\"user-manager\" \/>\n<meta name=\"twitter:card\" content=\"summary_large_image\" \/>\n<script type=\"application\/ld+json\" class=\"yoast-schema-graph\">{\"@context\":\"https:\\\/\\\/schema.org\",\"@graph\":[{\"@type\":\"Article\",\"@id\":\"https:\\\/\\\/www.meydan.tv\\\/az\\\/article\\\/4-ilin-tarixcesi\\\/#article\",\"isPartOf\":{\"@id\":\"https:\\\/\\\/www.meydan.tv\\\/az\\\/article\\\/4-ilin-tarixcesi\\\/\"},\"author\":{\"name\":\"user-manager\",\"@id\":\"https:\\\/\\\/www.meydan.tv\\\/az\\\/#\\\/schema\\\/person\\\/10d11eccf6da3662cf5fdab9806ea91a\"},\"headline\":\"4 ilin tarix\u00e7\u0259si\",\"datePublished\":\"2015-02-04T19:04:39+00:00\",\"mainEntityOfPage\":{\"@id\":\"https:\\\/\\\/www.meydan.tv\\\/az\\\/article\\\/4-ilin-tarixcesi\\\/\"},\"wordCount\":551,\"publisher\":{\"@id\":\"https:\\\/\\\/www.meydan.tv\\\/az\\\/#organization\"},\"image\":{\"@id\":\"https:\\\/\\\/www.meydan.tv\\\/az\\\/article\\\/4-ilin-tarixcesi\\\/#primaryimage\"},\"thumbnailUrl\":\"https:\\\/\\\/www.meydan.tv\\\/wp-content\\\/uploads\\\/6954.jpg\",\"articleSection\":[\"M\u0259nim Fikrimc\u0259\"],\"inLanguage\":\"az\"},{\"@type\":\"WebPage\",\"@id\":\"https:\\\/\\\/www.meydan.tv\\\/az\\\/article\\\/4-ilin-tarixcesi\\\/\",\"url\":\"https:\\\/\\\/www.meydan.tv\\\/az\\\/article\\\/4-ilin-tarixcesi\\\/\",\"name\":\"4 ilin tarix\u00e7\u0259si - MEYDAN.TV\",\"isPartOf\":{\"@id\":\"https:\\\/\\\/www.meydan.tv\\\/az\\\/#website\"},\"primaryImageOfPage\":{\"@id\":\"https:\\\/\\\/www.meydan.tv\\\/az\\\/article\\\/4-ilin-tarixcesi\\\/#primaryimage\"},\"image\":{\"@id\":\"https:\\\/\\\/www.meydan.tv\\\/az\\\/article\\\/4-ilin-tarixcesi\\\/#primaryimage\"},\"thumbnailUrl\":\"https:\\\/\\\/www.meydan.tv\\\/wp-content\\\/uploads\\\/6954.jpg\",\"datePublished\":\"2015-02-04T19:04:39+00:00\",\"breadcrumb\":{\"@id\":\"https:\\\/\\\/www.meydan.tv\\\/az\\\/article\\\/4-ilin-tarixcesi\\\/#breadcrumb\"},\"inLanguage\":\"az\",\"potentialAction\":[{\"@type\":\"ReadAction\",\"target\":[\"https:\\\/\\\/www.meydan.tv\\\/az\\\/article\\\/4-ilin-tarixcesi\\\/\"]}]},{\"@type\":\"ImageObject\",\"inLanguage\":\"az\",\"@id\":\"https:\\\/\\\/www.meydan.tv\\\/az\\\/article\\\/4-ilin-tarixcesi\\\/#primaryimage\",\"url\":\"https:\\\/\\\/www.meydan.tv\\\/wp-content\\\/uploads\\\/6954.jpg\",\"contentUrl\":\"https:\\\/\\\/www.meydan.tv\\\/wp-content\\\/uploads\\\/6954.jpg\",\"width\":500,\"height\":500,\"caption\":\"Source:\"},{\"@type\":\"BreadcrumbList\",\"@id\":\"https:\\\/\\\/www.meydan.tv\\\/az\\\/article\\\/4-ilin-tarixcesi\\\/#breadcrumb\",\"itemListElement\":[{\"@type\":\"ListItem\",\"position\":1,\"name\":\"Ana s\u0259hif\u0259\",\"item\":\"https:\\\/\\\/www.meydan.tv\\\/az\\\/\"},{\"@type\":\"ListItem\",\"position\":2,\"name\":\"M\u0259nim Fikrimc\u0259\",\"item\":\"https:\\\/\\\/www.meydan.tv\\\/az\\\/section\\\/menim-fikrimce\\\/\"},{\"@type\":\"ListItem\",\"position\":3,\"name\":\"4 ilin tarix\u00e7\u0259si\"}]},{\"@type\":\"WebSite\",\"@id\":\"https:\\\/\\\/www.meydan.tv\\\/az\\\/#website\",\"url\":\"https:\\\/\\\/www.meydan.tv\\\/az\\\/\",\"name\":\"MEYDAN.TV\",\"description\":\"Meydan TV Az\u0259rbaycan\u0131n media m\u0259kan\u0131ndak\u0131 alternativ s\u0259sidir\",\"publisher\":{\"@id\":\"https:\\\/\\\/www.meydan.tv\\\/az\\\/#organization\"},\"potentialAction\":[{\"@type\":\"SearchAction\",\"target\":{\"@type\":\"EntryPoint\",\"urlTemplate\":\"https:\\\/\\\/www.meydan.tv\\\/az\\\/?s={search_term_string}\"},\"query-input\":{\"@type\":\"PropertyValueSpecification\",\"valueRequired\":true,\"valueName\":\"search_term_string\"}}],\"inLanguage\":\"az\"},{\"@type\":\"Organization\",\"@id\":\"https:\\\/\\\/www.meydan.tv\\\/az\\\/#organization\",\"name\":\"Meydan TV\",\"url\":\"https:\\\/\\\/www.meydan.tv\\\/az\\\/\",\"logo\":{\"@type\":\"ImageObject\",\"inLanguage\":\"az\",\"@id\":\"https:\\\/\\\/www.meydan.tv\\\/az\\\/#\\\/schema\\\/logo\\\/image\\\/\",\"url\":\"https:\\\/\\\/www.meydan.tv\\\/wp-content\\\/uploads\\\/2021\\\/07\\\/meydan-logo.svg\",\"contentUrl\":\"https:\\\/\\\/www.meydan.tv\\\/wp-content\\\/uploads\\\/2021\\\/07\\\/meydan-logo.svg\",\"width\":195,\"height\":46,\"caption\":\"Meydan TV\"},\"image\":{\"@id\":\"https:\\\/\\\/www.meydan.tv\\\/az\\\/#\\\/schema\\\/logo\\\/image\\\/\"}},{\"@type\":\"Person\",\"@id\":\"https:\\\/\\\/www.meydan.tv\\\/az\\\/#\\\/schema\\\/person\\\/10d11eccf6da3662cf5fdab9806ea91a\",\"name\":\"user-manager\"}]}<\/script>\n<!-- \/ Yoast SEO plugin. -->","yoast_head_json":{"title":"4 ilin tarix\u00e7\u0259si - MEYDAN.TV","robots":{"index":"index","follow":"follow","max-snippet":"max-snippet:-1","max-image-preview":"max-image-preview:large","max-video-preview":"max-video-preview:-1"},"canonical":"https:\/\/www.meydan.tv\/az\/article\/4-ilin-tarixcesi\/","og_locale":"az_AZ","og_type":"article","og_title":"4 ilin tarix\u00e7\u0259si - MEYDAN.TV","og_description":"Nida yaran\u0259rk\u0259n qar\u015f\u0131s\u0131na qoydu\u011fu m\u0259qs\u0259dl\u0259r...","og_url":"https:\/\/www.meydan.tv\/az\/article\/4-ilin-tarixcesi\/","og_site_name":"MEYDAN.TV","article_published_time":"2015-02-04T19:04:39+00:00","og_image":[{"width":500,"height":500,"url":"https:\/\/www.meydan.tv\/wp-content\/uploads\/6954.jpg","type":"image\/jpeg"}],"author":"user-manager","twitter_card":"summary_large_image","schema":{"@context":"https:\/\/schema.org","@graph":[{"@type":"Article","@id":"https:\/\/www.meydan.tv\/az\/article\/4-ilin-tarixcesi\/#article","isPartOf":{"@id":"https:\/\/www.meydan.tv\/az\/article\/4-ilin-tarixcesi\/"},"author":{"name":"user-manager","@id":"https:\/\/www.meydan.tv\/az\/#\/schema\/person\/10d11eccf6da3662cf5fdab9806ea91a"},"headline":"4 ilin tarix\u00e7\u0259si","datePublished":"2015-02-04T19:04:39+00:00","mainEntityOfPage":{"@id":"https:\/\/www.meydan.tv\/az\/article\/4-ilin-tarixcesi\/"},"wordCount":551,"publisher":{"@id":"https:\/\/www.meydan.tv\/az\/#organization"},"image":{"@id":"https:\/\/www.meydan.tv\/az\/article\/4-ilin-tarixcesi\/#primaryimage"},"thumbnailUrl":"https:\/\/www.meydan.tv\/wp-content\/uploads\/6954.jpg","articleSection":["M\u0259nim Fikrimc\u0259"],"inLanguage":"az"},{"@type":"WebPage","@id":"https:\/\/www.meydan.tv\/az\/article\/4-ilin-tarixcesi\/","url":"https:\/\/www.meydan.tv\/az\/article\/4-ilin-tarixcesi\/","name":"4 ilin tarix\u00e7\u0259si - MEYDAN.TV","isPartOf":{"@id":"https:\/\/www.meydan.tv\/az\/#website"},"primaryImageOfPage":{"@id":"https:\/\/www.meydan.tv\/az\/article\/4-ilin-tarixcesi\/#primaryimage"},"image":{"@id":"https:\/\/www.meydan.tv\/az\/article\/4-ilin-tarixcesi\/#primaryimage"},"thumbnailUrl":"https:\/\/www.meydan.tv\/wp-content\/uploads\/6954.jpg","datePublished":"2015-02-04T19:04:39+00:00","breadcrumb":{"@id":"https:\/\/www.meydan.tv\/az\/article\/4-ilin-tarixcesi\/#breadcrumb"},"inLanguage":"az","potentialAction":[{"@type":"ReadAction","target":["https:\/\/www.meydan.tv\/az\/article\/4-ilin-tarixcesi\/"]}]},{"@type":"ImageObject","inLanguage":"az","@id":"https:\/\/www.meydan.tv\/az\/article\/4-ilin-tarixcesi\/#primaryimage","url":"https:\/\/www.meydan.tv\/wp-content\/uploads\/6954.jpg","contentUrl":"https:\/\/www.meydan.tv\/wp-content\/uploads\/6954.jpg","width":500,"height":500,"caption":"Source:"},{"@type":"BreadcrumbList","@id":"https:\/\/www.meydan.tv\/az\/article\/4-ilin-tarixcesi\/#breadcrumb","itemListElement":[{"@type":"ListItem","position":1,"name":"Ana s\u0259hif\u0259","item":"https:\/\/www.meydan.tv\/az\/"},{"@type":"ListItem","position":2,"name":"M\u0259nim Fikrimc\u0259","item":"https:\/\/www.meydan.tv\/az\/section\/menim-fikrimce\/"},{"@type":"ListItem","position":3,"name":"4 ilin tarix\u00e7\u0259si"}]},{"@type":"WebSite","@id":"https:\/\/www.meydan.tv\/az\/#website","url":"https:\/\/www.meydan.tv\/az\/","name":"MEYDAN.TV","description":"Meydan TV Az\u0259rbaycan\u0131n media m\u0259kan\u0131ndak\u0131 alternativ s\u0259sidir","publisher":{"@id":"https:\/\/www.meydan.tv\/az\/#organization"},"potentialAction":[{"@type":"SearchAction","target":{"@type":"EntryPoint","urlTemplate":"https:\/\/www.meydan.tv\/az\/?s={search_term_string}"},"query-input":{"@type":"PropertyValueSpecification","valueRequired":true,"valueName":"search_term_string"}}],"inLanguage":"az"},{"@type":"Organization","@id":"https:\/\/www.meydan.tv\/az\/#organization","name":"Meydan TV","url":"https:\/\/www.meydan.tv\/az\/","logo":{"@type":"ImageObject","inLanguage":"az","@id":"https:\/\/www.meydan.tv\/az\/#\/schema\/logo\/image\/","url":"https:\/\/www.meydan.tv\/wp-content\/uploads\/2021\/07\/meydan-logo.svg","contentUrl":"https:\/\/www.meydan.tv\/wp-content\/uploads\/2021\/07\/meydan-logo.svg","width":195,"height":46,"caption":"Meydan TV"},"image":{"@id":"https:\/\/www.meydan.tv\/az\/#\/schema\/logo\/image\/"}},{"@type":"Person","@id":"https:\/\/www.meydan.tv\/az\/#\/schema\/person\/10d11eccf6da3662cf5fdab9806ea91a","name":"user-manager"}]}},"_links":{"self":[{"href":"https:\/\/www.meydan.tv\/az\/wp-json\/wp\/v2\/posts\/166734","targetHints":{"allow":["GET"]}}],"collection":[{"href":"https:\/\/www.meydan.tv\/az\/wp-json\/wp\/v2\/posts"}],"about":[{"href":"https:\/\/www.meydan.tv\/az\/wp-json\/wp\/v2\/types\/post"}],"author":[{"embeddable":true,"href":"https:\/\/www.meydan.tv\/az\/wp-json\/wp\/v2\/users\/11"}],"replies":[{"embeddable":true,"href":"https:\/\/www.meydan.tv\/az\/wp-json\/wp\/v2\/comments?post=166734"}],"version-history":[{"count":0,"href":"https:\/\/www.meydan.tv\/az\/wp-json\/wp\/v2\/posts\/166734\/revisions"}],"wp:featuredmedia":[{"embeddable":true,"href":"https:\/\/www.meydan.tv\/az\/wp-json\/wp\/v2\/media\/19427"}],"wp:attachment":[{"href":"https:\/\/www.meydan.tv\/az\/wp-json\/wp\/v2\/media?parent=166734"}],"wp:term":[{"taxonomy":"category","embeddable":true,"href":"https:\/\/www.meydan.tv\/az\/wp-json\/wp\/v2\/categories?post=166734"},{"taxonomy":"post_tag","embeddable":true,"href":"https:\/\/www.meydan.tv\/az\/wp-json\/wp\/v2\/tags?post=166734"}],"curies":[{"name":"wp","href":"https:\/\/api.w.org\/{rel}","templated":true}]}}