{"id":166597,"date":"2015-01-23T16:57:28","date_gmt":"2015-01-23T16:57:28","guid":{"rendered":"https:\/\/www.meydan.tv\/article\/qardasinin-cesedini-yeyenler\/"},"modified":"2015-01-23T16:57:28","modified_gmt":"2015-01-23T16:57:28","slug":"qardasinin-cesedini-yeyenler","status":"publish","type":"post","link":"https:\/\/www.meydan.tv\/az\/article\/qardasinin-cesedini-yeyenler\/","title":{"rendered":"Qarda\u015f\u0131n\u0131n c\u0259s\u0259dini yey\u0259nl\u0259r&#8230;"},"content":{"rendered":"<figure class=\"wp-block-image size-large\">\n  <img decoding=\"async\" src=\"https:\/\/www.meydan.tv\/az\/18178\/\" alt=\"\" class=\"wp-image-18178\"\/><figcaption><\/figcaption><\/figure>\n<figure class=\"wp-block-image size-large\">\n  <img decoding=\"async\" src=\"https:\/\/www.meydan.tv\/az\/18184\/\" alt=\"\" class=\"wp-image-18184\"\/><figcaption><\/figcaption><\/figure>\n<p>\n  Bizimkil\u0259rd\u0259 \u00e7ox iyr\u0259nc bir tendensiya var. \u0130ki-\u00fc\u00e7 n\u0259f\u0259r bir\u00a0 yer\u0259 y\u0131\u011f\u0131ld\u0131, ba\u015flay\u0131rlar qeyb\u0259t etm\u0259y\u0259. Sanki \u00f6z aralar\u0131nda m\u00fcq\u0259dd\u0259s bir ritual yerin\u0259 yetirirl\u0259r. Bu adamlar el\u0259 bil and i\u00e7ibl\u0259r ki, tez-tez bir yer\u0259 y\u0131\u011f\u0131l\u0131b, bu ritual\u0131 yerin\u0259 yetirm\u0259liyik. Buna bir n\u00f6v \u201cm\u0259nfi enerjil\u0259rd\u0259n t\u0259mizl\u0259nm\u0259\u201d d\u0259 dem\u0259k olar. Amma proses m\u0259hz m\u0259nfi enerjinin m\u00fcbadil\u0259sidir. Bu insanlar q\u0259lbl\u0259rind\u0259 h\u0259r g\u00fcn, h\u0259r saat v\u0259 h\u0259r d\u0259qiq\u0259 formala\u015fan kin v\u0259 t\u0259k\u0259bb\u00fcr\u00fcn yaratd\u0131\u011f\u0131 m\u0259nfi enerji burul\u011fan\u0131n\u0131 h\u0259min o g\u00f6r\u00fc\u015fl\u0259r zaman\u0131 qeyb\u0259t vasit\u0259si il\u0259 \u0259trafa p\u00fcsk\u00fcr\u00fcrl\u0259r.\n<\/p>\n<p>\n  N\u0259dir qeyb\u0259t? Qeyb\u0259t bir insan\u0131n sizin yan\u0131n\u0131zda olmad\u0131\u011f\u0131 halda, o \u015f\u0259xs haqq\u0131nda onun xo\u015funa g\u0259lm\u0259y\u0259n \u015feyl\u0259r dan\u0131\u015fmaqd\u0131r. Burda m\u0259hz dal\u0131nca dan\u0131\u015f\u0131lan insan\u0131n h\u0259yat t\u0259rzi, davran\u0131\u015flar\u0131, m\u0259hr\u0259m h\u0259yat\u0131ndan tutmu\u015f, ictimai h\u0259yat\u0131na q\u0259d\u0259r m\u0259nfi yana\u015fmad\u0131r. \u018fg\u0259r qeyb\u0259t prosesind\u0259 dal\u0131nca dan\u0131\u015f\u0131lan \u015f\u0259xsin etm\u0259diyi-el\u0259m\u0259diyi fikirl\u0259r deyil\u0259rs\u0259, bu, art\u0131q iftira say\u0131l\u0131r.\n<\/p>\n<p>\n  Bir \u00e7ox tan\u0131\u015flar\u0131m v\u0259 qohumlar\u0131m yan\u0131mda onun-bunun\u00a0 dal\u0131nca dan\u0131\u015fma\u011fa ba\u015flay\u0131rlar. \u00d6z qeyb\u0259tl\u0259rin\u0259 m\u0259ni d\u0259 t\u0259hrik etm\u0259k ist\u0259yirl\u0259r. H\u0259tta q\u0259rib\u0259dir, o\u011flanlar daha f\u0259ald\u0131lar. Yazark\u0259n bel\u0259, diksinir\u0259m onlar\u0131n bu durumundan. \u018frkim \u00e7atanlara a\u00e7\u0131q \u015f\u0259kild\u0259 qeyb\u0259ti dayand\u0131rmaqlar\u0131n\u0131 xahi\u015f v\u0259 t\u0259l\u0259b edir\u0259m. \u018frkim \u00e7atmayanda\u00a0 is\u0259 sad\u0259c\u0259 m\u00f6vzunu d\u0259yi\u015fir\u0259m. H\u0259l\u0259 d\u0259 anlam\u0131ram ki,qeyb\u0259t etm\u0259yin insana hans\u0131 xeyri var?!\n<\/p>\n<p>\n  Ola bil\u0259r, yaz\u0131n\u0131 oxuyanlar qeyb\u0259t\u0259 \u00e7ox t\u0259bii yana\u015fa bil\u0259rl\u0259r. Y\u0259ni qeyb\u0259tdi d\u0259, edirl\u0259r, burda n\u0259 var ki?! Bu c\u00fcr yana\u015fan adamlar h\u0259l\u0259 anlam\u0131rlar ki, qeyb\u0259t xaosun n\u00fcv\u0259sidir. M\u0259n bu istinad\u0131m\u0131 s\u0131rf c\u0259miyy\u0259t \u00fc\u00e7\u00fcn deyir\u0259m. Bu g\u00fcn bizim c\u0259miyy\u0259timiz \u0259n b\u0259dbin, \u0259n q\u00fctbl\u0259\u015fmi\u015f\u00a0 d\u00f6vr\u00fcn\u00fc ya\u015fay\u0131r b\u0259lk\u0259 d\u0259. \u0130nsanlar\u0131m\u0131z bir-birind\u0259n \u00e7ox uzaqla\u015f\u0131blar. \u00c7ox az insan\u0131n \u00fcz\u00fcnd\u0259 g\u00fcl\u00fcms\u0259m\u0259 sezm\u0259k olur. \u0130nsanlar aqresiyyadan da\u011f\u0131lmaq \u00fczr\u0259dil\u0259r. Aqresiyya q\u0259z\u0259bin \u0259n ali formas\u0131d\u0131r. Q\u0259z\u0259b olan ruhda is\u0259 m\u00fctl\u0259q qorxu olur. Bu i\u015f\u0259 tibbi t\u0259r\u0259fd\u0259n yana\u015fmad\u0131r.\u00a0 Aqressiyalar\u0131n\u0131\u00a0 da s\u0131rf \u00f6z s\u0259viyy\u0259l\u0259rind\u0259 bildiyi, g\u00fcnd\u0259lik qar\u015f\u0131la\u015fd\u0131qlar\u0131 \u00f6zl\u0259ri kimi s\u0131radan insanlara n\u00fcmayi\u015f etdirirl\u0259r. Bu sinifd\u0259n olan insanlar h\u0259yas\u0131zcas\u0131na qeyb\u0259t\u0259 meyilli olurlar.\n<\/p>\n<p>\n  Amerkal\u0131 aliml\u0259rin son ara\u015fd\u0131rmas\u0131na g\u00f6r\u0259, qeyb\u0259t etm\u0259k \u00fcr\u0259k-qan-damar sistemin\u0259 z\u0259r\u0259r verir. Bel\u0259 ki, qeyb\u0259t zaman\u0131 insan\u0131n \u00fcr\u0259yi s\u0131x\u0131nt\u0131 i\u00e7ind\u0259 olur. Orda \u0259s\u0259b, kin, nifr\u0259t, qorxu, t\u0259k\u0259bb\u00fcr, bir s\u00f6zl\u0259, b\u00fct\u00fcn m\u0259nfi hissl\u0259rin qar\u0131\u015f\u0131\u011f\u0131 ba\u015f qald\u0131r\u0131r. Bu hissl\u0259r insan\u0131n \u00fcr\u0259yinin daha da pis s\u0131x\u0131lma\u011f\u0131na g\u0259tirib \u00e7\u0131xar\u0131r.\n<\/p>\n<p>\n  Pax\u0131l v\u0259 qeyb\u0259t\u00e7i kims\u0259 h\u0259r hans\u0131 insan\u0131n t\u0259rifl\u0259ndiyi v\u0259 sevildiyini g\u00f6rd\u00fckd\u0259, onun pax\u0131ll\u0131q duy\u011fular\u0131 qabar\u0131r v\u0259 o kims\u0259nin g\u00f6z\u0259l x\u00fcsusiyy\u0259tl\u0259rini m\u0259hv etm\u0259k \u00fc\u00e7\u00fcn \u00f6z silah\u0131n\u0131 (dilini) i\u015f\u0259 sal\u0131b qeyb\u0259t edir.<br \/>\n  <br \/>\n  Laqq\u0131rt\u0131 v\u0259 bo\u015fbo\u011faz insanlar bir-bir il\u0259 rastla\u015fd\u0131qda \u00f6zl\u0259rini g\u00f6st\u0259rm\u0259k laqq\u0131rt\u0131 v\u0259 yaltaql\u0131q etm\u0259k \u00fc\u00e7\u00fcn ba\u015fqalar\u0131n\u0131n qeyb\u0259tini ed\u0259rl\u0259r.\n<\/p>\n<p>\n  Qeyb\u0259t ed\u0259n \u015f\u0259xsl\u0259ri i\u00e7i zir-zibill\u0259, n\u0259cis v\u0259 sidikl\u0259 dolu, qapa\u011f\u0131 a\u00e7\u0131lm\u0131\u015f kanalizasiyaya b\u0259nz\u0259dir\u0259m. Bu insanlar a\u011f\u0131zlar\u0131n\u0131 a\u00e7masalar yax\u015f\u0131d\u0131r.\u00a0 \u0130nsanlar bekard\u0131lar. Qeyb\u0259t onlar \u00fc\u00e7\u00fcn hobbiy\u0259 \u00e7evirilib. Bu insanlar n\u0259 kitab oxuyurlar, n\u0259 d\u0259 kinoya bax\u0131rlar. Bu insanlar teatra, kinoteatra getmirl\u0259r. H\u0259min insanlar\u0131n dan\u0131\u015f\u0131las\u0131 m\u00f6vzusu olmad\u0131\u011f\u0131 \u00fc\u00e7\u00fcn qeyb\u0259t edirl\u0259r. M\u0259n\u0259 \u0259n \u00e7ox t\u0259sir ed\u0259n is\u0259 son zamanlar ki\u015fi cinsin\u0259 m\u0259nsub olanlar\u0131n qeyb\u0259t\u0259 olan mara\u011f\u0131n\u0131n artmas\u0131d\u0131r. Bu ki\u015ficikl\u0259r n\u0259 q\u0259d\u0259r \u015f\u0259r\u0259fsizl\u0259\u015fib. Onun-bunun q\u0131z\u0131ndan- g\u0259linind\u0259n, sinif-i\u015f yolda\u015f\u0131ndan dedi-qodu ed\u0259rk\u0259n ya\u015f\u0131 60-\u0131 ke\u00e7mi\u015f klassik m\u0259h\u0259ll\u0259 dedi-qoducusu qad\u0131nlardan bet\u0259r olurlar. Qeyb\u0259t\u00e7il\u0259rin aras\u0131nda x\u00fcsusi potensiala malik \u201csuper qeyb\u0259t\u00e7il\u0259r\u201d d\u0259 var. B\u0259li n\u0259 q\u0259d\u0259r q\u0259rib\u0259 s\u0259sl\u0259ns\u0259 d\u0259 bel\u0259l\u0259ri qeyb\u0259t m\u0259clisl\u0259rinin \u201cg\u00f6z b\u0259b\u0259yidirl\u0259r\u201d.\u00a0 Onlar m\u0259clisin q\u0131z\u0131\u015fmas\u0131nda, m\u00f6vzu bollu\u011funda \u0259v\u0259zsizdirl\u0259r.\n<\/p>\n<p>\n  \u018fhalisinin 90%-ni m\u00fcs\u0259lmanlar\u0131n t\u0259\u015fkil etdiyi \u00f6lk\u0259mizd\u0259, \u00f6zl\u0259rini m\u00fcs\u0259lman adland\u0131ran, sayan insanlar\u0131n qeyb\u0259t\u0259 bu q\u0259d\u0259r meylli olma\u011f\u0131 m\u0259ni \u00e7ox t\u0259\u0259cc\u00fcbl\u0259ndirir. M\u00fcs\u0259lmanlar\u0131n m\u00fcq\u0259dd\u0259s kitab\u0131 say\u0131lan Qurani-K\u0259rim qeyb\u0259t ed\u0259nl\u0259r\u0259 \u201cyamyam\u201d (adam \u0259ti yey\u0259n q\u0259bil\u0259) kimi yana\u015f\u0131r. H\u0259min m\u00fcq\u0259dd\u0259s kitabda qeyb\u0259t ed\u0259nl\u0259r \u00f6z qarda\u015f\u0131n\u0131n\u00a0 c\u0259s\u0259dini yey\u0259nl\u0259rl\u0259 b\u0259rab\u0259r tutulur. B\u0259li, n\u0259 q\u0259d\u0259r diksindirici, qeyri-insani \u00e7\u0131x\u0131r. Hans\u0131 insan \u00f6z qarda\u015f\u0131n\u0131n \u00e7iy \u0259tini yey\u0259r?! Amma \u00f6z\u00fcn\u00fc m\u00fcs\u0259lman z\u0259nn ed\u0259n insanlar yalandan \u201cAllahdan qorxuram\u201d deyib, \u00f6z qarda\u015flar\u0131n\u0131n c\u0259s\u0259dini yeyirl\u0259r.\n<\/p>\n<p>\n  Qeyb\u0259t c\u0259miyy\u0259timizd\u0259 sosial daya\u011f\u0131 v\u0259 b\u0259rab\u0259rliyi m\u0259hv ed\u0259n \u0259sas amill\u0259rd\u0259n biridir. Zat\u0259n \u0259n b\u0259lal\u0131 yerimiz- xalq\u0131m\u0131z\u0131n birliyinin olmama\u011f\u0131d\u0131r. Qeyb\u0259t var ik\u0259n, he\u00e7 bir b\u0259rab\u0259rlikd\u0259n s\u00f6z ged\u0259 bilm\u0259z. Qeyb\u0259t m\u0259n\u0259vi cinay\u0259tdir. \u00c7\u00fcnki o qeyb\u0259t ed\u0259n \u015f\u0259xsin \u015f\u0259r\u0259f v\u0259 hesiyyat\u0131n\u0131 m\u0259hv etm\u0259k \u00fc\u00e7\u00fcn at\u0131lan v\u0259 \u00e7al\u0131\u015f\u0131lan add\u0131md\u0131r. Qeyb\u0259t ed\u0259n insan \u0259n r\u0259zil m\u0259xluq say\u0131l\u0131r.\n<\/p>\n<p>\n  Bilmir\u0259m t\u0259sir ed\u0259c\u0259k yazd\u0131qlar\u0131m qeyb\u0259t\u00e7il\u0259r\u0259 ya yox?! Amma, onlara bir mesaj\u0131m da var.<br \/>\n  <br \/>\n  Utan\u0131n!<\/p>\n","protected":false},"excerpt":{"rendered":"<p>Bu ki\u015ficikl\u0259r n\u0259 q\u0259d\u0259r \u015f\u0259r\u0259fsizl\u0259\u015fib&#8230;<\/p>\n","protected":false},"author":11,"featured_media":18178,"comment_status":"closed","ping_status":"open","sticky":false,"template":"","format":"standard","meta":{"_acf_changed":false,"_sitemap_exclude":false,"_sitemap_priority":"","_sitemap_frequency":"","footnotes":""},"categories":[57],"tags":[],"class_list":["post-166597","post","type-post","status-publish","format-standard","has-post-thumbnail","hentry","category-menim-fikrimce","infinite-scroll-item","generate-columns","tablet-grid-50","mobile-grid-100","grid-parent","grid-33","no-featured-image-padding"],"acf":[],"yoast_head":"<!-- This site is optimized with the Yoast SEO plugin v27.4 - https:\/\/yoast.com\/product\/yoast-seo-wordpress\/ -->\n<title>Qarda\u015f\u0131n\u0131n c\u0259s\u0259dini yey\u0259nl\u0259r... - MEYDAN.TV<\/title>\n<meta name=\"robots\" content=\"index, follow, max-snippet:-1, max-image-preview:large, max-video-preview:-1\" \/>\n<link rel=\"canonical\" href=\"https:\/\/www.meydan.tv\/az\/article\/qardasinin-cesedini-yeyenler\/\" \/>\n<meta property=\"og:locale\" content=\"az_AZ\" \/>\n<meta property=\"og:type\" content=\"article\" \/>\n<meta property=\"og:title\" content=\"Qarda\u015f\u0131n\u0131n c\u0259s\u0259dini yey\u0259nl\u0259r... - MEYDAN.TV\" \/>\n<meta property=\"og:description\" content=\"Bu ki\u015ficikl\u0259r n\u0259 q\u0259d\u0259r \u015f\u0259r\u0259fsizl\u0259\u015fib...\" \/>\n<meta property=\"og:url\" content=\"https:\/\/www.meydan.tv\/az\/article\/qardasinin-cesedini-yeyenler\/\" \/>\n<meta property=\"og:site_name\" content=\"MEYDAN.TV\" \/>\n<meta property=\"article:published_time\" content=\"2015-01-23T16:57:28+00:00\" \/>\n<meta property=\"og:image\" content=\"https:\/\/www.meydan.tv\/wp-content\/uploads\/6512.jpg\" \/>\n\t<meta property=\"og:image:width\" content=\"500\" \/>\n\t<meta property=\"og:image:height\" content=\"500\" \/>\n\t<meta property=\"og:image:type\" content=\"image\/jpeg\" \/>\n<meta name=\"author\" content=\"user-manager\" \/>\n<meta name=\"twitter:card\" content=\"summary_large_image\" \/>\n<script type=\"application\/ld+json\" class=\"yoast-schema-graph\">{\"@context\":\"https:\\\/\\\/schema.org\",\"@graph\":[{\"@type\":\"Article\",\"@id\":\"https:\\\/\\\/www.meydan.tv\\\/az\\\/article\\\/qardasinin-cesedini-yeyenler\\\/#article\",\"isPartOf\":{\"@id\":\"https:\\\/\\\/www.meydan.tv\\\/az\\\/article\\\/qardasinin-cesedini-yeyenler\\\/\"},\"author\":{\"name\":\"user-manager\",\"@id\":\"https:\\\/\\\/www.meydan.tv\\\/az\\\/#\\\/schema\\\/person\\\/10d11eccf6da3662cf5fdab9806ea91a\"},\"headline\":\"Qarda\u015f\u0131n\u0131n c\u0259s\u0259dini yey\u0259nl\u0259r&#8230;\",\"datePublished\":\"2015-01-23T16:57:28+00:00\",\"mainEntityOfPage\":{\"@id\":\"https:\\\/\\\/www.meydan.tv\\\/az\\\/article\\\/qardasinin-cesedini-yeyenler\\\/\"},\"wordCount\":1125,\"publisher\":{\"@id\":\"https:\\\/\\\/www.meydan.tv\\\/az\\\/#organization\"},\"image\":{\"@id\":\"https:\\\/\\\/www.meydan.tv\\\/az\\\/article\\\/qardasinin-cesedini-yeyenler\\\/#primaryimage\"},\"thumbnailUrl\":\"https:\\\/\\\/www.meydan.tv\\\/wp-content\\\/uploads\\\/6512.jpg\",\"articleSection\":[\"M\u0259nim Fikrimc\u0259\"],\"inLanguage\":\"az\"},{\"@type\":\"WebPage\",\"@id\":\"https:\\\/\\\/www.meydan.tv\\\/az\\\/article\\\/qardasinin-cesedini-yeyenler\\\/\",\"url\":\"https:\\\/\\\/www.meydan.tv\\\/az\\\/article\\\/qardasinin-cesedini-yeyenler\\\/\",\"name\":\"Qarda\u015f\u0131n\u0131n c\u0259s\u0259dini yey\u0259nl\u0259r... - MEYDAN.TV\",\"isPartOf\":{\"@id\":\"https:\\\/\\\/www.meydan.tv\\\/az\\\/#website\"},\"primaryImageOfPage\":{\"@id\":\"https:\\\/\\\/www.meydan.tv\\\/az\\\/article\\\/qardasinin-cesedini-yeyenler\\\/#primaryimage\"},\"image\":{\"@id\":\"https:\\\/\\\/www.meydan.tv\\\/az\\\/article\\\/qardasinin-cesedini-yeyenler\\\/#primaryimage\"},\"thumbnailUrl\":\"https:\\\/\\\/www.meydan.tv\\\/wp-content\\\/uploads\\\/6512.jpg\",\"datePublished\":\"2015-01-23T16:57:28+00:00\",\"breadcrumb\":{\"@id\":\"https:\\\/\\\/www.meydan.tv\\\/az\\\/article\\\/qardasinin-cesedini-yeyenler\\\/#breadcrumb\"},\"inLanguage\":\"az\",\"potentialAction\":[{\"@type\":\"ReadAction\",\"target\":[\"https:\\\/\\\/www.meydan.tv\\\/az\\\/article\\\/qardasinin-cesedini-yeyenler\\\/\"]}]},{\"@type\":\"ImageObject\",\"inLanguage\":\"az\",\"@id\":\"https:\\\/\\\/www.meydan.tv\\\/az\\\/article\\\/qardasinin-cesedini-yeyenler\\\/#primaryimage\",\"url\":\"https:\\\/\\\/www.meydan.tv\\\/wp-content\\\/uploads\\\/6512.jpg\",\"contentUrl\":\"https:\\\/\\\/www.meydan.tv\\\/wp-content\\\/uploads\\\/6512.jpg\",\"width\":500,\"height\":500,\"caption\":\"Source:\"},{\"@type\":\"BreadcrumbList\",\"@id\":\"https:\\\/\\\/www.meydan.tv\\\/az\\\/article\\\/qardasinin-cesedini-yeyenler\\\/#breadcrumb\",\"itemListElement\":[{\"@type\":\"ListItem\",\"position\":1,\"name\":\"Ana s\u0259hif\u0259\",\"item\":\"https:\\\/\\\/www.meydan.tv\\\/az\\\/\"},{\"@type\":\"ListItem\",\"position\":2,\"name\":\"M\u0259nim Fikrimc\u0259\",\"item\":\"https:\\\/\\\/www.meydan.tv\\\/az\\\/section\\\/menim-fikrimce\\\/\"},{\"@type\":\"ListItem\",\"position\":3,\"name\":\"Qarda\u015f\u0131n\u0131n c\u0259s\u0259dini yey\u0259nl\u0259r&#8230;\"}]},{\"@type\":\"WebSite\",\"@id\":\"https:\\\/\\\/www.meydan.tv\\\/az\\\/#website\",\"url\":\"https:\\\/\\\/www.meydan.tv\\\/az\\\/\",\"name\":\"MEYDAN.TV\",\"description\":\"Meydan TV Az\u0259rbaycan\u0131n media m\u0259kan\u0131ndak\u0131 alternativ s\u0259sidir\",\"publisher\":{\"@id\":\"https:\\\/\\\/www.meydan.tv\\\/az\\\/#organization\"},\"potentialAction\":[{\"@type\":\"SearchAction\",\"target\":{\"@type\":\"EntryPoint\",\"urlTemplate\":\"https:\\\/\\\/www.meydan.tv\\\/az\\\/?s={search_term_string}\"},\"query-input\":{\"@type\":\"PropertyValueSpecification\",\"valueRequired\":true,\"valueName\":\"search_term_string\"}}],\"inLanguage\":\"az\"},{\"@type\":\"Organization\",\"@id\":\"https:\\\/\\\/www.meydan.tv\\\/az\\\/#organization\",\"name\":\"Meydan TV\",\"url\":\"https:\\\/\\\/www.meydan.tv\\\/az\\\/\",\"logo\":{\"@type\":\"ImageObject\",\"inLanguage\":\"az\",\"@id\":\"https:\\\/\\\/www.meydan.tv\\\/az\\\/#\\\/schema\\\/logo\\\/image\\\/\",\"url\":\"https:\\\/\\\/www.meydan.tv\\\/wp-content\\\/uploads\\\/2021\\\/07\\\/meydan-logo.svg\",\"contentUrl\":\"https:\\\/\\\/www.meydan.tv\\\/wp-content\\\/uploads\\\/2021\\\/07\\\/meydan-logo.svg\",\"width\":195,\"height\":46,\"caption\":\"Meydan TV\"},\"image\":{\"@id\":\"https:\\\/\\\/www.meydan.tv\\\/az\\\/#\\\/schema\\\/logo\\\/image\\\/\"}},{\"@type\":\"Person\",\"@id\":\"https:\\\/\\\/www.meydan.tv\\\/az\\\/#\\\/schema\\\/person\\\/10d11eccf6da3662cf5fdab9806ea91a\",\"name\":\"user-manager\"}]}<\/script>\n<!-- \/ Yoast SEO plugin. -->","yoast_head_json":{"title":"Qarda\u015f\u0131n\u0131n c\u0259s\u0259dini yey\u0259nl\u0259r... - MEYDAN.TV","robots":{"index":"index","follow":"follow","max-snippet":"max-snippet:-1","max-image-preview":"max-image-preview:large","max-video-preview":"max-video-preview:-1"},"canonical":"https:\/\/www.meydan.tv\/az\/article\/qardasinin-cesedini-yeyenler\/","og_locale":"az_AZ","og_type":"article","og_title":"Qarda\u015f\u0131n\u0131n c\u0259s\u0259dini yey\u0259nl\u0259r... - MEYDAN.TV","og_description":"Bu ki\u015ficikl\u0259r n\u0259 q\u0259d\u0259r \u015f\u0259r\u0259fsizl\u0259\u015fib...","og_url":"https:\/\/www.meydan.tv\/az\/article\/qardasinin-cesedini-yeyenler\/","og_site_name":"MEYDAN.TV","article_published_time":"2015-01-23T16:57:28+00:00","og_image":[{"width":500,"height":500,"url":"https:\/\/www.meydan.tv\/wp-content\/uploads\/6512.jpg","type":"image\/jpeg"}],"author":"user-manager","twitter_card":"summary_large_image","schema":{"@context":"https:\/\/schema.org","@graph":[{"@type":"Article","@id":"https:\/\/www.meydan.tv\/az\/article\/qardasinin-cesedini-yeyenler\/#article","isPartOf":{"@id":"https:\/\/www.meydan.tv\/az\/article\/qardasinin-cesedini-yeyenler\/"},"author":{"name":"user-manager","@id":"https:\/\/www.meydan.tv\/az\/#\/schema\/person\/10d11eccf6da3662cf5fdab9806ea91a"},"headline":"Qarda\u015f\u0131n\u0131n c\u0259s\u0259dini yey\u0259nl\u0259r&#8230;","datePublished":"2015-01-23T16:57:28+00:00","mainEntityOfPage":{"@id":"https:\/\/www.meydan.tv\/az\/article\/qardasinin-cesedini-yeyenler\/"},"wordCount":1125,"publisher":{"@id":"https:\/\/www.meydan.tv\/az\/#organization"},"image":{"@id":"https:\/\/www.meydan.tv\/az\/article\/qardasinin-cesedini-yeyenler\/#primaryimage"},"thumbnailUrl":"https:\/\/www.meydan.tv\/wp-content\/uploads\/6512.jpg","articleSection":["M\u0259nim Fikrimc\u0259"],"inLanguage":"az"},{"@type":"WebPage","@id":"https:\/\/www.meydan.tv\/az\/article\/qardasinin-cesedini-yeyenler\/","url":"https:\/\/www.meydan.tv\/az\/article\/qardasinin-cesedini-yeyenler\/","name":"Qarda\u015f\u0131n\u0131n c\u0259s\u0259dini yey\u0259nl\u0259r... - MEYDAN.TV","isPartOf":{"@id":"https:\/\/www.meydan.tv\/az\/#website"},"primaryImageOfPage":{"@id":"https:\/\/www.meydan.tv\/az\/article\/qardasinin-cesedini-yeyenler\/#primaryimage"},"image":{"@id":"https:\/\/www.meydan.tv\/az\/article\/qardasinin-cesedini-yeyenler\/#primaryimage"},"thumbnailUrl":"https:\/\/www.meydan.tv\/wp-content\/uploads\/6512.jpg","datePublished":"2015-01-23T16:57:28+00:00","breadcrumb":{"@id":"https:\/\/www.meydan.tv\/az\/article\/qardasinin-cesedini-yeyenler\/#breadcrumb"},"inLanguage":"az","potentialAction":[{"@type":"ReadAction","target":["https:\/\/www.meydan.tv\/az\/article\/qardasinin-cesedini-yeyenler\/"]}]},{"@type":"ImageObject","inLanguage":"az","@id":"https:\/\/www.meydan.tv\/az\/article\/qardasinin-cesedini-yeyenler\/#primaryimage","url":"https:\/\/www.meydan.tv\/wp-content\/uploads\/6512.jpg","contentUrl":"https:\/\/www.meydan.tv\/wp-content\/uploads\/6512.jpg","width":500,"height":500,"caption":"Source:"},{"@type":"BreadcrumbList","@id":"https:\/\/www.meydan.tv\/az\/article\/qardasinin-cesedini-yeyenler\/#breadcrumb","itemListElement":[{"@type":"ListItem","position":1,"name":"Ana s\u0259hif\u0259","item":"https:\/\/www.meydan.tv\/az\/"},{"@type":"ListItem","position":2,"name":"M\u0259nim Fikrimc\u0259","item":"https:\/\/www.meydan.tv\/az\/section\/menim-fikrimce\/"},{"@type":"ListItem","position":3,"name":"Qarda\u015f\u0131n\u0131n c\u0259s\u0259dini yey\u0259nl\u0259r&#8230;"}]},{"@type":"WebSite","@id":"https:\/\/www.meydan.tv\/az\/#website","url":"https:\/\/www.meydan.tv\/az\/","name":"MEYDAN.TV","description":"Meydan TV Az\u0259rbaycan\u0131n media m\u0259kan\u0131ndak\u0131 alternativ s\u0259sidir","publisher":{"@id":"https:\/\/www.meydan.tv\/az\/#organization"},"potentialAction":[{"@type":"SearchAction","target":{"@type":"EntryPoint","urlTemplate":"https:\/\/www.meydan.tv\/az\/?s={search_term_string}"},"query-input":{"@type":"PropertyValueSpecification","valueRequired":true,"valueName":"search_term_string"}}],"inLanguage":"az"},{"@type":"Organization","@id":"https:\/\/www.meydan.tv\/az\/#organization","name":"Meydan TV","url":"https:\/\/www.meydan.tv\/az\/","logo":{"@type":"ImageObject","inLanguage":"az","@id":"https:\/\/www.meydan.tv\/az\/#\/schema\/logo\/image\/","url":"https:\/\/www.meydan.tv\/wp-content\/uploads\/2021\/07\/meydan-logo.svg","contentUrl":"https:\/\/www.meydan.tv\/wp-content\/uploads\/2021\/07\/meydan-logo.svg","width":195,"height":46,"caption":"Meydan TV"},"image":{"@id":"https:\/\/www.meydan.tv\/az\/#\/schema\/logo\/image\/"}},{"@type":"Person","@id":"https:\/\/www.meydan.tv\/az\/#\/schema\/person\/10d11eccf6da3662cf5fdab9806ea91a","name":"user-manager"}]}},"_links":{"self":[{"href":"https:\/\/www.meydan.tv\/az\/wp-json\/wp\/v2\/posts\/166597","targetHints":{"allow":["GET"]}}],"collection":[{"href":"https:\/\/www.meydan.tv\/az\/wp-json\/wp\/v2\/posts"}],"about":[{"href":"https:\/\/www.meydan.tv\/az\/wp-json\/wp\/v2\/types\/post"}],"author":[{"embeddable":true,"href":"https:\/\/www.meydan.tv\/az\/wp-json\/wp\/v2\/users\/11"}],"replies":[{"embeddable":true,"href":"https:\/\/www.meydan.tv\/az\/wp-json\/wp\/v2\/comments?post=166597"}],"version-history":[{"count":0,"href":"https:\/\/www.meydan.tv\/az\/wp-json\/wp\/v2\/posts\/166597\/revisions"}],"wp:featuredmedia":[{"embeddable":true,"href":"https:\/\/www.meydan.tv\/az\/wp-json\/wp\/v2\/media\/18178"}],"wp:attachment":[{"href":"https:\/\/www.meydan.tv\/az\/wp-json\/wp\/v2\/media?parent=166597"}],"wp:term":[{"taxonomy":"category","embeddable":true,"href":"https:\/\/www.meydan.tv\/az\/wp-json\/wp\/v2\/categories?post=166597"},{"taxonomy":"post_tag","embeddable":true,"href":"https:\/\/www.meydan.tv\/az\/wp-json\/wp\/v2\/tags?post=166597"}],"curies":[{"name":"wp","href":"https:\/\/api.w.org\/{rel}","templated":true}]}}