{"id":166556,"date":"2015-01-20T06:53:17","date_gmt":"2015-01-20T06:53:17","guid":{"rendered":"https:\/\/www.meydan.tv\/article\/ermenilerle-ortaq-qanli-yanvarimiz\/"},"modified":"2015-01-20T06:53:17","modified_gmt":"2015-01-20T06:53:17","slug":"ermenilerle-ortaq-qanli-yanvarimiz","status":"publish","type":"post","link":"https:\/\/www.meydan.tv\/az\/article\/ermenilerle-ortaq-qanli-yanvarimiz\/","title":{"rendered":"Erm\u0259nil\u0259rl\u0259 ortaq Qanl\u0131 Yanvar\u0131m\u0131z"},"content":{"rendered":"<figure class=\"wp-block-image size-large\">\n  <img decoding=\"async\" src=\"https:\/\/www.meydan.tv\/az\/18757\/\" alt=\"\" class=\"wp-image-18757\"\/><figcaption><\/figcaption><\/figure>\n<figure class=\"wp-block-image size-large\">\n  <img decoding=\"async\" src=\"https:\/\/www.meydan.tv\/az\/18760\/\" alt=\"\" class=\"wp-image-18760\"\/><figcaption><\/figcaption><\/figure>\n<p>\n  D\u00fcn\u0259n saytlar\u0131n \u0259sas x\u0259b\u0259rl\u0259rind\u0259n biri o qaraqa\u015f, qarag\u00f6z k\u00f6rp\u0259nin \u00f6l\u00fcm\u00fc idi. Onun x\u0259b\u0259rl\u0259 yana\u015f\u0131 yay\u0131nlanan \u015f\u0259klind\u0259 alt\u0131ayl\u0131q k\u00f6rp\u0259 \u00e7oxsayl\u0131 tibb cihazlar\u0131na ba\u011fl\u0131 idi. Bu \u015f\u0259kil b\u0259lk\u0259 d\u0259 onun \u00f6l\u00fcm\u00fcnd\u0259n bir ne\u00e7\u0259 g\u00fcn, b\u0259lk\u0259 bir ne\u00e7\u0259 saat, b\u0259lk\u0259 bir ne\u00e7\u0259 d\u0259qiq\u0259 \u0259vv\u0259l, b\u0259lk\u0259 d\u0259 el\u0259 tibb cihazlar\u0131n\u0131n onun k\u00f6m\u0259ksiz, balaca b\u0259d\u0259nind\u0259n ayr\u0131ld\u0131\u011f\u0131 an \u00e7\u0259kilmi\u015fdi.\n<\/p>\n<p>\n  M\u0259n bu k\u00f6rp\u0259nin \u015f\u0259klin\u0259 bax\u0131r v\u0259 borucuqlar\u0131n onun a\u011fz\u0131ndan, balaca, totuq bil\u0259kl\u0259rind\u0259n nec\u0259 ayr\u0131ld\u0131\u011f\u0131n\u0131 t\u0259s\u0259vv\u00fcr edirdim. T\u0259s\u0259vv\u00fcr etm\u0259k, bu bar\u0259d\u0259 d\u00fc\u015f\u00fcnm\u0259k ist\u0259mirdim, amma t\u0259s\u0259vv\u00fcr\u00fcm irad\u0259m\u0259 tabe deyildi. Onun son n\u0259f\u0259si, \u00e7\u0131rp\u0131n\u0131\u015flar\u0131, qara kiprikl\u0259rini a\u015fa\u011f\u0131 salma\u011f\u0131, g\u00f6zl\u0259rind\u0259ki k\u00f6m\u0259ksiz v\u0259 \u00e7a\u015fq\u0131n\u00a0 ifad\u0259 x\u0259yal\u0131mda canlanaraq m\u0259n\u0259 \u0259zab verirdi.\n<\/p>\n<p>\n  G\u00fcmrid\u0259ki m\u0259lum olayda h\u0259lak olan ail\u0259d\u0259n t\u0259k, yaral\u0131 \u00e7\u0131xan Serj idi o k\u00f6rp\u0259. Erm\u0259ni u\u015fa\u011f\u0131. Balaca, erm\u0259ni o\u011flan.\n<\/p>\n<p>\n  X\u0259b\u0259ri oxuyandan, \u015f\u0259kli g\u00f6r\u0259nd\u0259n bir ne\u00e7\u0259 an sonra d\u0259h\u015f\u0259tli bir ist\u0259k sard\u0131 b\u00fct\u00fcn varl\u0131\u011f\u0131m\u0131. Tez s\u0259kkiz ayl\u0131q k\u00f6rp\u0259 o\u011flumun yan\u0131na qa\u00e7maq,\u00a0 yata\u011f\u0131nda m\u0131\u015f\u0131l-m\u0131\u015f\u0131l yatan k\u00f6rp\u0259mi g\u00f6t\u00fcr\u00fcb, ba\u011fr\u0131ma basmaq, qoxulamaq ist\u0259dim. Amma bunu ed\u0259 bilm\u0259dim. \u00c7\u00fcnki gecikmi\u015fdim. O biri otaqda eyni x\u0259b\u0259ri oxuyan h\u0259yat yolda\u015f\u0131m ota\u011f\u0131m\u0131za g\u0259ldi v\u0259 o\u011flumuzun yata\u011f\u0131na \u0259yilib, yuxulu-yuxulu onu g\u00f6t\u00fcr\u00fcb, ba\u011fr\u0131na basd\u0131. Yolda\u015f\u0131m\u0131n ya\u015farm\u0131\u015f g\u00f6zl\u0259rini g\u00f6r\u0259nd\u0259, q\u0259h\u0259rli s\u0259sini e\u015fid\u0259nd\u0259 m\u0259n\u0259 el\u0259 g\u0259ldi ki, bu an h\u0259min x\u0259b\u0259ri oxumu\u015f b\u00fct\u00fcn atalar, b\u00fct\u00fcn analar \u00f6z k\u00f6rp\u0259l\u0259rin\u0259 sar\u0131lmaq, onu b\u0259rk-b\u0259rk, sanki he\u00e7 vaxt ay\u0131rmayacaqm\u0131\u015f kimi ba\u011fr\u0131na basmaq ist\u0259dil\u0259r. Erm\u0259nili, az\u0259rbaycanl\u0131, ruslu, g\u00fcrc\u00fcl\u00fc, bir s\u00f6zl\u0259, bu x\u0259b\u0259ri oxumaq ehtimal\u0131 olan b\u00fct\u00fcn mill\u0259tl\u0259rd\u0259n olan ata-analar bir anl\u0131q balaca Serjin anas\u0131, atas\u0131 kimi hiss el\u0259dil\u0259r \u00f6zl\u0259rini. C\u0259mi birc\u0259 an sonra \u00f6vladlar\u0131n\u0131n sa\u011f oldu\u011funu, qon\u015fu otaqda yatd\u0131\u011f\u0131n\u0131 yadlar\u0131na sal\u0131b, onlar\u0131 qucaqlama\u011fa t\u0259l\u0259sdil\u0259r.\n<\/p>\n<\/p>\n<figure class=\"wp-block-image size-large\">\n  <img decoding=\"async\" src=\"https:\/\/www.meydan.tv\/az\/18763\/\" alt=\"\" class=\"wp-image-18763\"\/><figcaption><\/figcaption><\/figure>\n<p>\n  O k\u00f6rp\u0259nin \u00f6l\u00fcmqaba\u011f\u0131 \u015f\u0259kli b\u00fct\u00fcn analara, b\u00fct\u00fcn atalara \u00f6z milliyy\u0259tini, hans\u0131sa mill\u0259tl\u0259 d\u00fc\u015fm\u0259n\u00e7iliyini, tarixi, ke\u00e7mi\u015fi, h\u0259r \u015feyi, h\u0259r \u015feyi unutdurmal\u0131 idi. H\u0259min an ham\u0131 milliyy\u0259ti, tarixi, ke\u00e7mi\u015fi olmayan bir m\u0259xluq, sad\u0259c\u0259 ana, sad\u0259c\u0259 ata olmal\u0131 idi. \u018fg\u0259r Serj erm\u0259ni k\u00f6rp\u0259sidir, \u00abd\u00fc\u015fm\u0259n\u00bb xalq\u0131n \u00f6vlad\u0131d\u0131r dey\u0259, onun \u015f\u0259klini g\u00f6r\u00fcb, bu hissi ya\u015famayan, yanmayan, q\u0259h\u0259rl\u0259nm\u0259y\u0259n oldusa, dem\u0259li, i\u00e7ind\u0259 z\u0259rr\u0259 q\u0259d\u0259r d\u0259 insanl\u0131q qalmam\u0131\u015fd\u0131 o adam\u0131n.\n<\/p>\n<p>\n  D\u00fcn\u0259n ay\u0131n on doqquzu idi. Yanvar\u0131n on doqquzu. G\u00fcmri hadis\u0259sind\u0259n bir ne\u00e7\u0259 g\u00fcn ke\u00e7mi\u015f, eyni ail\u0259d\u0259n\u00a0 daha bir \u00f6l\u00fcm g\u00fcnl\u0259rdir mat\u0259m havas\u0131 ya\u015fayan erm\u0259nil\u0259ri yasa bat\u0131rd\u0131. Bizim &#8211; onlara \u00abd\u00fc\u015fm\u0259n\u00bb xalq\u0131n \u00fcm\u00fcmxalq mat\u0259minin ild\u00f6n\u00fcm\u00fcn\u0259 is\u0259 bir g\u00fcn qal\u0131rd\u0131. Bu iki xalqdan \u0259l \u00e7\u0259km\u0259k ist\u0259m\u0259y\u0259n sar\u0131 q\u00fcvv\u0259 qanl\u0131 bir t\u0259sad\u00fcfl\u0259 bizim mat\u0259mimizi, faci\u0259mizi d\u0259 eynil\u0259\u015fdirdi. Bu bir qanl\u0131 zarafat idi sanki, ill\u0259rdir, ortaq r\u0259qs, mahn\u0131, musiqi al\u0259ti, dolma, lava\u015f \u00fcst\u00fcnd\u0259 dava ed\u0259n xalqlar\u0131n faci\u0259sini, mat\u0259mini d\u0259 ortaq el\u0259di. \u0130ndi d\u0259 ortaq qanl\u0131 yanvar mat\u0259mini ya\u015fayacaqs\u0131n\u0131z, ey eyni havalara r\u0259qs edib, eyni mahn\u0131lar\u0131 oxuyub, eyni yem\u0259kl\u0259ri yeyib d\u00fc\u015fm\u0259n olan xalqlar.\n<\/p>\n<p>\n  Dem\u0259li, \u0259srl\u0259rdir r\u0259qsl\u0259rinizi, melodiyalar\u0131n\u0131z\u0131, paltarlar\u0131n\u0131z\u0131, m\u0259i\u015f\u0259tinizi, m\u0259tb\u0259xinizi eynil\u0259\u015fdirm\u0259kl\u0259 sizi yax\u0131nla\u015fd\u0131rmaq ist\u0259y\u0259n hans\u0131sa q\u00fcvv\u0259 kor-koran\u0259 variantlar axtar\u0131r bunun \u00fc\u00e7\u00fcn. Torpaq eyni, ba\u015f\u0131n\u0131z\u0131n \u00fcst\u00fcn\u00fc alan qara q\u00fcvv\u0259 eyni, m\u0259d\u0259niyy\u0259t eyni, qa\u015flar\u0131n\u0131z-g\u00f6zl\u0259riniz eyni\u2026B\u0259s, daha n\u0259yiniz birl\u0259\u015fdirilm\u0259li, daha n\u0259yiniz ortaq olmal\u0131, daha nec\u0259 bir-biriniz\u0259 ba\u011flanmal\u0131s\u0131n\u0131z ki, bitsin bu sava\u015f, bitsin bu nifr\u0259t, bitsin t\u00f6kd\u00fcy\u00fcn\u00fcz qanlar?!<\/p>\n","protected":false},"excerpt":{"rendered":"<p>D\u00fcn\u0259n b\u00fct\u00fcn atalar k\u00f6rp\u0259l\u0259rini qucaqlama\u011fa t\u0259l\u0259sdil\u0259r\u2026<\/p>\n","protected":false},"author":11,"featured_media":18757,"comment_status":"closed","ping_status":"open","sticky":false,"template":"","format":"standard","meta":{"_acf_changed":false,"_sitemap_exclude":false,"_sitemap_priority":"","_sitemap_frequency":"","footnotes":""},"categories":[57],"tags":[],"class_list":["post-166556","post","type-post","status-publish","format-standard","has-post-thumbnail","hentry","category-menim-fikrimce","infinite-scroll-item","generate-columns","tablet-grid-50","mobile-grid-100","grid-parent","grid-33","no-featured-image-padding"],"acf":[],"yoast_head":"<!-- This site is optimized with the Yoast SEO plugin v27.4 - https:\/\/yoast.com\/product\/yoast-seo-wordpress\/ -->\n<title>Erm\u0259nil\u0259rl\u0259 ortaq Qanl\u0131 Yanvar\u0131m\u0131z - MEYDAN.TV<\/title>\n<meta name=\"robots\" content=\"index, follow, max-snippet:-1, max-image-preview:large, max-video-preview:-1\" \/>\n<link rel=\"canonical\" href=\"https:\/\/www.meydan.tv\/az\/article\/ermenilerle-ortaq-qanli-yanvarimiz\/\" \/>\n<meta property=\"og:locale\" content=\"az_AZ\" \/>\n<meta property=\"og:type\" content=\"article\" \/>\n<meta property=\"og:title\" content=\"Erm\u0259nil\u0259rl\u0259 ortaq Qanl\u0131 Yanvar\u0131m\u0131z - MEYDAN.TV\" \/>\n<meta property=\"og:description\" content=\"D\u00fcn\u0259n b\u00fct\u00fcn atalar k\u00f6rp\u0259l\u0259rini qucaqlama\u011fa t\u0259l\u0259sdil\u0259r\u2026\" \/>\n<meta property=\"og:url\" content=\"https:\/\/www.meydan.tv\/az\/article\/ermenilerle-ortaq-qanli-yanvarimiz\/\" \/>\n<meta property=\"og:site_name\" content=\"MEYDAN.TV\" \/>\n<meta property=\"article:published_time\" content=\"2015-01-20T06:53:17+00:00\" \/>\n<meta property=\"og:image\" content=\"https:\/\/www.meydan.tv\/wp-content\/uploads\/6729.jpg\" \/>\n\t<meta property=\"og:image:width\" content=\"500\" \/>\n\t<meta property=\"og:image:height\" content=\"500\" \/>\n\t<meta property=\"og:image:type\" content=\"image\/jpeg\" \/>\n<meta name=\"author\" content=\"user-manager\" \/>\n<meta name=\"twitter:card\" content=\"summary_large_image\" \/>\n<script type=\"application\/ld+json\" class=\"yoast-schema-graph\">{\"@context\":\"https:\\\/\\\/schema.org\",\"@graph\":[{\"@type\":\"Article\",\"@id\":\"https:\\\/\\\/www.meydan.tv\\\/az\\\/article\\\/ermenilerle-ortaq-qanli-yanvarimiz\\\/#article\",\"isPartOf\":{\"@id\":\"https:\\\/\\\/www.meydan.tv\\\/az\\\/article\\\/ermenilerle-ortaq-qanli-yanvarimiz\\\/\"},\"author\":{\"name\":\"user-manager\",\"@id\":\"https:\\\/\\\/www.meydan.tv\\\/az\\\/#\\\/schema\\\/person\\\/10d11eccf6da3662cf5fdab9806ea91a\"},\"headline\":\"Erm\u0259nil\u0259rl\u0259 ortaq Qanl\u0131 Yanvar\u0131m\u0131z\",\"datePublished\":\"2015-01-20T06:53:17+00:00\",\"mainEntityOfPage\":{\"@id\":\"https:\\\/\\\/www.meydan.tv\\\/az\\\/article\\\/ermenilerle-ortaq-qanli-yanvarimiz\\\/\"},\"wordCount\":818,\"publisher\":{\"@id\":\"https:\\\/\\\/www.meydan.tv\\\/az\\\/#organization\"},\"image\":{\"@id\":\"https:\\\/\\\/www.meydan.tv\\\/az\\\/article\\\/ermenilerle-ortaq-qanli-yanvarimiz\\\/#primaryimage\"},\"thumbnailUrl\":\"https:\\\/\\\/www.meydan.tv\\\/wp-content\\\/uploads\\\/6729.jpg\",\"articleSection\":[\"M\u0259nim Fikrimc\u0259\"],\"inLanguage\":\"az\"},{\"@type\":\"WebPage\",\"@id\":\"https:\\\/\\\/www.meydan.tv\\\/az\\\/article\\\/ermenilerle-ortaq-qanli-yanvarimiz\\\/\",\"url\":\"https:\\\/\\\/www.meydan.tv\\\/az\\\/article\\\/ermenilerle-ortaq-qanli-yanvarimiz\\\/\",\"name\":\"Erm\u0259nil\u0259rl\u0259 ortaq Qanl\u0131 Yanvar\u0131m\u0131z - MEYDAN.TV\",\"isPartOf\":{\"@id\":\"https:\\\/\\\/www.meydan.tv\\\/az\\\/#website\"},\"primaryImageOfPage\":{\"@id\":\"https:\\\/\\\/www.meydan.tv\\\/az\\\/article\\\/ermenilerle-ortaq-qanli-yanvarimiz\\\/#primaryimage\"},\"image\":{\"@id\":\"https:\\\/\\\/www.meydan.tv\\\/az\\\/article\\\/ermenilerle-ortaq-qanli-yanvarimiz\\\/#primaryimage\"},\"thumbnailUrl\":\"https:\\\/\\\/www.meydan.tv\\\/wp-content\\\/uploads\\\/6729.jpg\",\"datePublished\":\"2015-01-20T06:53:17+00:00\",\"breadcrumb\":{\"@id\":\"https:\\\/\\\/www.meydan.tv\\\/az\\\/article\\\/ermenilerle-ortaq-qanli-yanvarimiz\\\/#breadcrumb\"},\"inLanguage\":\"az\",\"potentialAction\":[{\"@type\":\"ReadAction\",\"target\":[\"https:\\\/\\\/www.meydan.tv\\\/az\\\/article\\\/ermenilerle-ortaq-qanli-yanvarimiz\\\/\"]}]},{\"@type\":\"ImageObject\",\"inLanguage\":\"az\",\"@id\":\"https:\\\/\\\/www.meydan.tv\\\/az\\\/article\\\/ermenilerle-ortaq-qanli-yanvarimiz\\\/#primaryimage\",\"url\":\"https:\\\/\\\/www.meydan.tv\\\/wp-content\\\/uploads\\\/6729.jpg\",\"contentUrl\":\"https:\\\/\\\/www.meydan.tv\\\/wp-content\\\/uploads\\\/6729.jpg\",\"width\":500,\"height\":500,\"caption\":\"Source:\"},{\"@type\":\"BreadcrumbList\",\"@id\":\"https:\\\/\\\/www.meydan.tv\\\/az\\\/article\\\/ermenilerle-ortaq-qanli-yanvarimiz\\\/#breadcrumb\",\"itemListElement\":[{\"@type\":\"ListItem\",\"position\":1,\"name\":\"Ana s\u0259hif\u0259\",\"item\":\"https:\\\/\\\/www.meydan.tv\\\/az\\\/\"},{\"@type\":\"ListItem\",\"position\":2,\"name\":\"M\u0259nim Fikrimc\u0259\",\"item\":\"https:\\\/\\\/www.meydan.tv\\\/az\\\/section\\\/menim-fikrimce\\\/\"},{\"@type\":\"ListItem\",\"position\":3,\"name\":\"Erm\u0259nil\u0259rl\u0259 ortaq Qanl\u0131 Yanvar\u0131m\u0131z\"}]},{\"@type\":\"WebSite\",\"@id\":\"https:\\\/\\\/www.meydan.tv\\\/az\\\/#website\",\"url\":\"https:\\\/\\\/www.meydan.tv\\\/az\\\/\",\"name\":\"MEYDAN.TV\",\"description\":\"Meydan TV Az\u0259rbaycan\u0131n media m\u0259kan\u0131ndak\u0131 alternativ s\u0259sidir\",\"publisher\":{\"@id\":\"https:\\\/\\\/www.meydan.tv\\\/az\\\/#organization\"},\"potentialAction\":[{\"@type\":\"SearchAction\",\"target\":{\"@type\":\"EntryPoint\",\"urlTemplate\":\"https:\\\/\\\/www.meydan.tv\\\/az\\\/?s={search_term_string}\"},\"query-input\":{\"@type\":\"PropertyValueSpecification\",\"valueRequired\":true,\"valueName\":\"search_term_string\"}}],\"inLanguage\":\"az\"},{\"@type\":\"Organization\",\"@id\":\"https:\\\/\\\/www.meydan.tv\\\/az\\\/#organization\",\"name\":\"Meydan TV\",\"url\":\"https:\\\/\\\/www.meydan.tv\\\/az\\\/\",\"logo\":{\"@type\":\"ImageObject\",\"inLanguage\":\"az\",\"@id\":\"https:\\\/\\\/www.meydan.tv\\\/az\\\/#\\\/schema\\\/logo\\\/image\\\/\",\"url\":\"https:\\\/\\\/www.meydan.tv\\\/wp-content\\\/uploads\\\/2021\\\/07\\\/meydan-logo.svg\",\"contentUrl\":\"https:\\\/\\\/www.meydan.tv\\\/wp-content\\\/uploads\\\/2021\\\/07\\\/meydan-logo.svg\",\"width\":195,\"height\":46,\"caption\":\"Meydan TV\"},\"image\":{\"@id\":\"https:\\\/\\\/www.meydan.tv\\\/az\\\/#\\\/schema\\\/logo\\\/image\\\/\"}},{\"@type\":\"Person\",\"@id\":\"https:\\\/\\\/www.meydan.tv\\\/az\\\/#\\\/schema\\\/person\\\/10d11eccf6da3662cf5fdab9806ea91a\",\"name\":\"user-manager\"}]}<\/script>\n<!-- \/ Yoast SEO plugin. -->","yoast_head_json":{"title":"Erm\u0259nil\u0259rl\u0259 ortaq Qanl\u0131 Yanvar\u0131m\u0131z - MEYDAN.TV","robots":{"index":"index","follow":"follow","max-snippet":"max-snippet:-1","max-image-preview":"max-image-preview:large","max-video-preview":"max-video-preview:-1"},"canonical":"https:\/\/www.meydan.tv\/az\/article\/ermenilerle-ortaq-qanli-yanvarimiz\/","og_locale":"az_AZ","og_type":"article","og_title":"Erm\u0259nil\u0259rl\u0259 ortaq Qanl\u0131 Yanvar\u0131m\u0131z - MEYDAN.TV","og_description":"D\u00fcn\u0259n b\u00fct\u00fcn atalar k\u00f6rp\u0259l\u0259rini qucaqlama\u011fa t\u0259l\u0259sdil\u0259r\u2026","og_url":"https:\/\/www.meydan.tv\/az\/article\/ermenilerle-ortaq-qanli-yanvarimiz\/","og_site_name":"MEYDAN.TV","article_published_time":"2015-01-20T06:53:17+00:00","og_image":[{"width":500,"height":500,"url":"https:\/\/www.meydan.tv\/wp-content\/uploads\/6729.jpg","type":"image\/jpeg"}],"author":"user-manager","twitter_card":"summary_large_image","schema":{"@context":"https:\/\/schema.org","@graph":[{"@type":"Article","@id":"https:\/\/www.meydan.tv\/az\/article\/ermenilerle-ortaq-qanli-yanvarimiz\/#article","isPartOf":{"@id":"https:\/\/www.meydan.tv\/az\/article\/ermenilerle-ortaq-qanli-yanvarimiz\/"},"author":{"name":"user-manager","@id":"https:\/\/www.meydan.tv\/az\/#\/schema\/person\/10d11eccf6da3662cf5fdab9806ea91a"},"headline":"Erm\u0259nil\u0259rl\u0259 ortaq Qanl\u0131 Yanvar\u0131m\u0131z","datePublished":"2015-01-20T06:53:17+00:00","mainEntityOfPage":{"@id":"https:\/\/www.meydan.tv\/az\/article\/ermenilerle-ortaq-qanli-yanvarimiz\/"},"wordCount":818,"publisher":{"@id":"https:\/\/www.meydan.tv\/az\/#organization"},"image":{"@id":"https:\/\/www.meydan.tv\/az\/article\/ermenilerle-ortaq-qanli-yanvarimiz\/#primaryimage"},"thumbnailUrl":"https:\/\/www.meydan.tv\/wp-content\/uploads\/6729.jpg","articleSection":["M\u0259nim Fikrimc\u0259"],"inLanguage":"az"},{"@type":"WebPage","@id":"https:\/\/www.meydan.tv\/az\/article\/ermenilerle-ortaq-qanli-yanvarimiz\/","url":"https:\/\/www.meydan.tv\/az\/article\/ermenilerle-ortaq-qanli-yanvarimiz\/","name":"Erm\u0259nil\u0259rl\u0259 ortaq Qanl\u0131 Yanvar\u0131m\u0131z - MEYDAN.TV","isPartOf":{"@id":"https:\/\/www.meydan.tv\/az\/#website"},"primaryImageOfPage":{"@id":"https:\/\/www.meydan.tv\/az\/article\/ermenilerle-ortaq-qanli-yanvarimiz\/#primaryimage"},"image":{"@id":"https:\/\/www.meydan.tv\/az\/article\/ermenilerle-ortaq-qanli-yanvarimiz\/#primaryimage"},"thumbnailUrl":"https:\/\/www.meydan.tv\/wp-content\/uploads\/6729.jpg","datePublished":"2015-01-20T06:53:17+00:00","breadcrumb":{"@id":"https:\/\/www.meydan.tv\/az\/article\/ermenilerle-ortaq-qanli-yanvarimiz\/#breadcrumb"},"inLanguage":"az","potentialAction":[{"@type":"ReadAction","target":["https:\/\/www.meydan.tv\/az\/article\/ermenilerle-ortaq-qanli-yanvarimiz\/"]}]},{"@type":"ImageObject","inLanguage":"az","@id":"https:\/\/www.meydan.tv\/az\/article\/ermenilerle-ortaq-qanli-yanvarimiz\/#primaryimage","url":"https:\/\/www.meydan.tv\/wp-content\/uploads\/6729.jpg","contentUrl":"https:\/\/www.meydan.tv\/wp-content\/uploads\/6729.jpg","width":500,"height":500,"caption":"Source:"},{"@type":"BreadcrumbList","@id":"https:\/\/www.meydan.tv\/az\/article\/ermenilerle-ortaq-qanli-yanvarimiz\/#breadcrumb","itemListElement":[{"@type":"ListItem","position":1,"name":"Ana s\u0259hif\u0259","item":"https:\/\/www.meydan.tv\/az\/"},{"@type":"ListItem","position":2,"name":"M\u0259nim Fikrimc\u0259","item":"https:\/\/www.meydan.tv\/az\/section\/menim-fikrimce\/"},{"@type":"ListItem","position":3,"name":"Erm\u0259nil\u0259rl\u0259 ortaq Qanl\u0131 Yanvar\u0131m\u0131z"}]},{"@type":"WebSite","@id":"https:\/\/www.meydan.tv\/az\/#website","url":"https:\/\/www.meydan.tv\/az\/","name":"MEYDAN.TV","description":"Meydan TV Az\u0259rbaycan\u0131n media m\u0259kan\u0131ndak\u0131 alternativ s\u0259sidir","publisher":{"@id":"https:\/\/www.meydan.tv\/az\/#organization"},"potentialAction":[{"@type":"SearchAction","target":{"@type":"EntryPoint","urlTemplate":"https:\/\/www.meydan.tv\/az\/?s={search_term_string}"},"query-input":{"@type":"PropertyValueSpecification","valueRequired":true,"valueName":"search_term_string"}}],"inLanguage":"az"},{"@type":"Organization","@id":"https:\/\/www.meydan.tv\/az\/#organization","name":"Meydan TV","url":"https:\/\/www.meydan.tv\/az\/","logo":{"@type":"ImageObject","inLanguage":"az","@id":"https:\/\/www.meydan.tv\/az\/#\/schema\/logo\/image\/","url":"https:\/\/www.meydan.tv\/wp-content\/uploads\/2021\/07\/meydan-logo.svg","contentUrl":"https:\/\/www.meydan.tv\/wp-content\/uploads\/2021\/07\/meydan-logo.svg","width":195,"height":46,"caption":"Meydan TV"},"image":{"@id":"https:\/\/www.meydan.tv\/az\/#\/schema\/logo\/image\/"}},{"@type":"Person","@id":"https:\/\/www.meydan.tv\/az\/#\/schema\/person\/10d11eccf6da3662cf5fdab9806ea91a","name":"user-manager"}]}},"_links":{"self":[{"href":"https:\/\/www.meydan.tv\/az\/wp-json\/wp\/v2\/posts\/166556","targetHints":{"allow":["GET"]}}],"collection":[{"href":"https:\/\/www.meydan.tv\/az\/wp-json\/wp\/v2\/posts"}],"about":[{"href":"https:\/\/www.meydan.tv\/az\/wp-json\/wp\/v2\/types\/post"}],"author":[{"embeddable":true,"href":"https:\/\/www.meydan.tv\/az\/wp-json\/wp\/v2\/users\/11"}],"replies":[{"embeddable":true,"href":"https:\/\/www.meydan.tv\/az\/wp-json\/wp\/v2\/comments?post=166556"}],"version-history":[{"count":0,"href":"https:\/\/www.meydan.tv\/az\/wp-json\/wp\/v2\/posts\/166556\/revisions"}],"wp:featuredmedia":[{"embeddable":true,"href":"https:\/\/www.meydan.tv\/az\/wp-json\/wp\/v2\/media\/18757"}],"wp:attachment":[{"href":"https:\/\/www.meydan.tv\/az\/wp-json\/wp\/v2\/media?parent=166556"}],"wp:term":[{"taxonomy":"category","embeddable":true,"href":"https:\/\/www.meydan.tv\/az\/wp-json\/wp\/v2\/categories?post=166556"},{"taxonomy":"post_tag","embeddable":true,"href":"https:\/\/www.meydan.tv\/az\/wp-json\/wp\/v2\/tags?post=166556"}],"curies":[{"name":"wp","href":"https:\/\/api.w.org\/{rel}","templated":true}]}}