{"id":166543,"date":"2015-01-17T19:36:06","date_gmt":"2015-01-17T19:36:06","guid":{"rendered":"https:\/\/www.meydan.tv\/article\/seviyyesizler\/"},"modified":"2015-01-17T19:36:06","modified_gmt":"2015-01-17T19:36:06","slug":"seviyyesizler","status":"publish","type":"post","link":"https:\/\/www.meydan.tv\/az\/article\/seviyyesizler\/","title":{"rendered":"S\u0259viyy\u0259sizl\u0259r"},"content":{"rendered":"<figure class=\"wp-block-image size-large\">\n  <img decoding=\"async\" src=\"https:\/\/www.meydan.tv\/az\/18715\/\" alt=\"\" class=\"wp-image-18715\"\/><figcaption><\/figcaption><\/figure>\n<figure class=\"wp-block-image size-large\">\n  <img decoding=\"async\" src=\"https:\/\/www.meydan.tv\/az\/18712\/\" alt=\"\" class=\"wp-image-18712\"\/><figcaption><\/figcaption><\/figure>\n<p>\n  <br \/>\n  Bu g\u00fcn \u0259s\u0259bi dostlar\u0131mdan biri m\u0259n\u0259\u00a0 link atd\u0131. A\u00e7d\u0131m. Bir m\u00fc\u011f\u0259nninin m\u00fcsahib\u0259si idi. M\u00fcsa\u015fib\u0259sind\u0259 bir-iki h\u0259mkar\u0131n\u0131 danlayandan sonra t\u0259k\u0259b\u00fcrl\u0259 qeyd etmi\u015fdi ki, son ill\u0259rd\u0259 toylarda \u0259n \u00e7ox oxunub-oynanan \u00abCan-cana\u00bb mahn\u0131s\u0131na g\u00f6r\u0259 300 min manat pul qazan\u0131b. D\u00fcz 300 min. Bir mahn\u0131dan.\n<\/p>\n<p>\n  \u00d6zl\u00fcy\u00fcmd\u0259 bu m\u0259bl\u0259\u011fi yaz\u0131lar\u0131ma b\u00f6ld\u00fcm. Hesablayanda m\u0259lum oldu ki, m\u0259n bu m\u0259bl\u0259\u011fi qazana bilm\u0259k \u00fc\u00e7\u00fcn alt\u0131 min yaz\u0131 yazmal\u0131yam. H\u0259r g\u00fcn bir yaz\u0131m \u00e7ap olunsa, 17-18 il\u0259 bu m\u0259bl\u0259\u011fi qazana bil\u0259r\u0259m. Dem\u0259li, m\u0259nim \u0259n yax\u015f\u0131 halda on s\u0259kkiz ild\u0259 qazana bil\u0259c\u0259yim m\u0259bl\u0259\u011fi Az\u0259rbaycanda bir m\u00fc\u011f\u0259nni be\u015f-on d\u0259qiq\u0259 s\u0259rf edib, qura\u015fd\u0131rd\u0131\u011f\u0131 bir mahn\u0131 il\u0259 bir d\u0259f\u0259y\u0259 rahatca qazan\u0131r.\n<\/p>\n<p>\n  Bu m\u00fc\u011f\u0259nniy\u0259 q\u0259tiyy\u0259n \u00fcst\u0259n-a\u015fa\u011f\u0131 baxm\u0131ram. Adam mal\u0131n\u0131 bazara \u00e7\u0131xar\u0131b. Mal yax\u015f\u0131 sat\u0131l\u0131b. M\u00fc\u015ft\u0259risi \u00e7ox olub. O da, halal-h\u00fcmm\u0259t pulunu qazan\u0131b. R\u00fc\u015fv\u0259t almay\u0131b, yetim haqq\u0131 yem\u0259yib, alt paltar\u0131nda b\u00fclleten apar\u0131b, se\u00e7ki qutusuna atmay\u0131b. Mahn\u0131 yaz\u0131b, pul qazan\u0131b.\u00a0 Mahn\u0131s\u0131 \u00abCan-cana\u00bb olmur, n\u0259 olur-olsun, bu m\u00fc\u011f\u0259nnini danlama\u011fa, ona barmaqaras\u0131 baxma\u011fa he\u00e7 kimin haqq\u0131 yoxdur.\n<\/p>\n<p>\n  T\u0259s\u0259vv\u00fcr edin ki, bazarda alma sat\u0131rlar. \u018fn \u00e7\u00fcr\u00fck almalar \u0259n \u00e7ox, \u0259n baha sat\u0131land\u0131r. M\u00fc\u015ft\u0259ril\u0259r t\u0259z\u0259, q\u0259\u015f\u0259ng, dadl\u0131 almalar\u0131 qoyub, m\u0259hz \u00e7\u00fcr\u00fck alma al\u0131rlar. Onlara \u00e7\u00fcr\u00fck alma laz\u0131md\u0131r. T\u0259z\u0259, saf almaya pul verm\u0259k ist\u0259mirl\u0259r, yem\u0259k ist\u0259mirl\u0259r. Bir s\u00f6zl\u0259, bazarda \u00e7\u00fcr\u00fck alma \u00abihl\u0259yir\u00bb. Bel\u0259 olanda, \u00e7\u00fcr\u00fck alma satan\u0131 q\u0131namaq olarm\u0131? O n\u0259 etsin ki, m\u00fc\u015ft\u0259riy\u0259 \u00e7\u00fcr\u00fck alma laz\u0131md\u0131r?\n<\/p>\n<p>\n  Dinl\u0259dikl\u0259ri mahn\u0131lara bax\u0131n, ox\u015famaq ist\u0259dikl\u0259ri m\u00fc\u011f\u0259nnil\u0259r\u0259, apar\u0131c\u0131lara bax\u0131n. Onlar\u0131n kumirl\u0259rinin efird\u0259ki h\u0259r\u0259k\u0259tl\u0259rin\u0259, dan\u0131\u015f\u0131qlar\u0131na, davran\u0131\u015flar\u0131na\u00a0 bax\u0131n. M\u00f6vzular\u0131na, s\u00f6hb\u0259tl\u0259rin\u0259, qonaqlar\u0131na, suallar\u0131na bax\u0131n. Bu n\u0259 s\u0259viyy\u0259sizlik, bu n\u0259 d\u00fc\u015f\u00fckl\u00fck, bu n\u0259 ucuzluqdu? Vurma c\u0259dv\u0259lini bilm\u0259y\u0259n, \u0259lifbada ne\u00e7\u0259 h\u0259rfin oldu\u011funu, ismin hallar\u0131 kimi sad\u0259, ibtidai bilgil\u0259rd\u0259n x\u0259b\u0259rl\u0259ri olmayan adamlard\u0131 bunlar\u0131n kumirl\u0259ri. \u00abEyn\u015fteyn kimdi ee, bel\u0259 d\u0259 ad olar?!\u00bb dey\u0259n s\u0259viyy\u0259siz adamlara ox\u015fad\u0131rlar \u00f6zl\u0259rini. Efird\u0259 \u015fpaqat a\u00e7an, kimin kiml\u0259 yatd\u0131\u011f\u0131n\u0131 m\u00fczakir\u0259 ed\u0259n, kimis\u0259 sa\u00e7\u0131n\u0131 yolaca\u011f\u0131 il\u0259 h\u0259d\u0259l\u0259y\u0259nl\u0259r, efird\u0259 bir-birinin belin\u0259 min\u0259nl\u0259rdi bunlar\u0131n kumirl\u0259ri.\n<\/p>\n<p>\n  Kumirl\u0259ri bunlar olan, bel\u0259 adamlara ox\u015famaq ist\u0259y\u0259nl\u0259rin hesab\u0131na alababat bir m\u00fc\u011f\u0259nninin adamda ikrah do\u011furacaq q\u0259d\u0259r baya\u011f\u0131 bir mahn\u0131dan 300 min qazanma\u011f\u0131 bizi t\u0259\u0259cc\u00fcbl\u0259ndirm\u0259m\u0259lidir.\n<\/p>\n<p>\n  Az\u0259rbaycanl\u0131lar bir xalq olaraq \u00f6zl\u0259rinin \u0259n s\u0259viyy\u0259siz d\u00f6vrl\u0259rini ya\u015fay\u0131rlar. Bilmir\u0259m, bundan sonra n\u0259 olacaq, nec\u0259 olacaq? Amma indi ba\u015f ver\u0259nl\u0259rin, indiki z\u00f6vq\u00fcn, indiki \u00abm\u00fc\u011f\u0259nni-apar\u0131c\u0131-\u015foumen\u00bb orgiyas\u0131n\u0131n birc\u0259 ad\u0131\u00a0 var- s\u0259viyy\u0259sizlik. Baya\u011f\u0131l\u0131q. D\u00fc\u015f\u00fckl\u00fck. Bunu ham\u0131 bird\u0259f\u0259lik q\u0259bul etsin, raz\u0131la\u015fs\u0131n. Zaura, Elgiz\u0259, Nadir\u0259, Xatir\u0259y\u0259, R\u0259qsan\u0259y\u0259 baxan, onlar\u0131n verili\u015fl\u0259ri, mahn\u0131lar\u0131, h\u0259yatlar\u0131, kiminl\u0259 yat\u0131b-durduqlar\u0131 il\u0259, paltarlar\u0131, evl\u0259ri, ma\u015f\u0131nlar\u0131 il\u0259 maraqlanan adamlar\u0131n ham\u0131s\u0131 s\u0259viyy\u0259siz adamlard\u0131r. Onlar bunu bilm\u0259lidirl\u0259r. \u00d6zl\u0259rinin bel\u0259 g\u00f6r\u00fcnd\u00fckl\u0259rini, s\u0259viyy\u0259siz olduqlar\u0131n\u0131 bilm\u0259lidirl\u0259r.\n<\/p>\n<p>\n  Bu adamlar ona g\u00f6r\u0259 s\u0259viyy\u0259sizdirl\u0259r ki, Zaura, Elgiz\u0259, Nadir\u0259, Xatir\u0259y\u0259, R\u0259qsan\u0259y\u0259 p\u0259r\u0259sti\u015f el\u0259m\u0259k, a\u011fz\u0131ndan qat\u0131q t\u00f6k\u00fcl\u0259n \u015fou adamlar\u0131na \u00f6zl\u0259rini ox\u015fatmaq \u00fc\u00e7\u00fcn g\u0259r\u0259k n\u0259 q\u0259d\u0259r cahil, z\u00f6vqs\u00fcz, baya\u011f\u0131 adam olasan? Ax\u0131 o n\u0259 h\u0259yatd\u0131r, n\u0259 h\u0259yat t\u0259rzidir ki, orda ba\u015f ver\u0259nl\u0259r R\u0259qsan\u0259d\u0259n, Nadird\u0259n, Zaurdan, Elgizd\u0259n daha maraqs\u0131z, daha laz\u0131ms\u0131zd\u0131r. G\u00f6r\u00fcn siz n\u0259 q\u0259d\u0259r laz\u0131ms\u0131z, n\u0259 q\u0259d\u0259r bo\u015f h\u0259yat ya\u015fay\u0131rs\u0131n\u0131z ki, h\u0259yat\u0131n\u0131za Elgiz, Zaur, Nadir kimi adamlar m\u0259na qat\u0131r, maraql\u0131 edir.\n<\/p>\n<p>\n  Dem\u0259li, siz kitab oxumursunuz, q\u0259zet \u00fcz\u00fc a\u00e7m\u0131rs\u0131n\u0131z, \u00f6lk\u0259d\u0259 ba\u015f ver\u0259n ciddi hadis\u0259l\u0259rl\u0259 maraqlanm\u0131rs\u0131n\u0131z, siz\u0259 z\u00f6vq ver\u0259c\u0259k he\u00e7 bir m\u0259\u015f\u011fuliyy\u0259tiniz yoxdur, dem\u0259li, filml\u0259r\u0259 baxm\u0131rs\u0131n\u0131zz, s\u0259rgil\u0259r\u0259 getmirsiniz, dostlar\u0131n\u0131zla maraql\u0131 s\u00f6hb\u0259tl\u0259r etmirsiniz. Dem\u0259li, sizin ota\u011f\u0131n havas\u0131n\u0131 t\u0259rav\u0259tl\u0259ndir\u0259n bir dib\u00e7\u0259k bitkisi q\u0259d\u0259r xeyriniz yoxdur. Onda sual olunur, bu h\u0259yat sizin n\u0259yiniz\u0259 laz\u0131md\u0131r? Onu ya\u015faya bilmirsinizs\u0259, h\u0259yat\u0131n\u0131zla davrana bilmirsinizs\u0259, n\u0259yiniz\u0259 laz\u0131md\u0131r?\u00a0 Elgizin, Nadirin, R\u0259qsan\u0259nin, Zaurun maraq, m\u0259na qatd\u0131\u011f\u0131 h\u0259yat\u0131 ya\u015famaqdansa, bir qa\u015f\u0131q si\u00e7an z\u0259h\u0259ri i\u00e7ib, \u00f6lm\u0259k daha s\u0259viyy\u0259li h\u0259r\u0259k\u0259t deyilmi?<\/p>\n","protected":false},"excerpt":{"rendered":"<p>Elgizin, Zaurun maraq, m\u0259na qatd\u0131\u011f\u0131 h\u0259yat\u0131 ya\u015famaqdansa\u2026<\/p>\n","protected":false},"author":11,"featured_media":18715,"comment_status":"closed","ping_status":"open","sticky":false,"template":"","format":"standard","meta":{"_acf_changed":false,"_sitemap_exclude":false,"_sitemap_priority":"","_sitemap_frequency":"","footnotes":""},"categories":[57],"tags":[],"class_list":["post-166543","post","type-post","status-publish","format-standard","has-post-thumbnail","hentry","category-menim-fikrimce","infinite-scroll-item","generate-columns","tablet-grid-50","mobile-grid-100","grid-parent","grid-33","no-featured-image-padding"],"acf":[],"yoast_head":"<!-- This site is optimized with the Yoast SEO plugin v27.4 - https:\/\/yoast.com\/product\/yoast-seo-wordpress\/ -->\n<title>S\u0259viyy\u0259sizl\u0259r - MEYDAN.TV<\/title>\n<meta name=\"robots\" content=\"index, follow, max-snippet:-1, max-image-preview:large, max-video-preview:-1\" \/>\n<link rel=\"canonical\" href=\"https:\/\/www.meydan.tv\/az\/article\/seviyyesizler\/\" \/>\n<meta property=\"og:locale\" content=\"az_AZ\" \/>\n<meta property=\"og:type\" content=\"article\" \/>\n<meta property=\"og:title\" content=\"S\u0259viyy\u0259sizl\u0259r - MEYDAN.TV\" \/>\n<meta property=\"og:description\" content=\"Elgizin, Zaurun maraq, m\u0259na qatd\u0131\u011f\u0131 h\u0259yat\u0131 ya\u015famaqdansa\u2026\" \/>\n<meta property=\"og:url\" content=\"https:\/\/www.meydan.tv\/az\/article\/seviyyesizler\/\" \/>\n<meta property=\"og:site_name\" content=\"MEYDAN.TV\" \/>\n<meta property=\"article:published_time\" content=\"2015-01-17T19:36:06+00:00\" \/>\n<meta property=\"og:image\" content=\"https:\/\/www.meydan.tv\/wp-content\/uploads\/6709.jpg\" \/>\n\t<meta property=\"og:image:width\" content=\"500\" \/>\n\t<meta property=\"og:image:height\" content=\"500\" \/>\n\t<meta property=\"og:image:type\" content=\"image\/jpeg\" \/>\n<meta name=\"author\" content=\"user-manager\" \/>\n<meta name=\"twitter:card\" content=\"summary_large_image\" \/>\n<script type=\"application\/ld+json\" class=\"yoast-schema-graph\">{\"@context\":\"https:\\\/\\\/schema.org\",\"@graph\":[{\"@type\":\"Article\",\"@id\":\"https:\\\/\\\/www.meydan.tv\\\/az\\\/article\\\/seviyyesizler\\\/#article\",\"isPartOf\":{\"@id\":\"https:\\\/\\\/www.meydan.tv\\\/az\\\/article\\\/seviyyesizler\\\/\"},\"author\":{\"name\":\"user-manager\",\"@id\":\"https:\\\/\\\/www.meydan.tv\\\/az\\\/#\\\/schema\\\/person\\\/10d11eccf6da3662cf5fdab9806ea91a\"},\"headline\":\"S\u0259viyy\u0259sizl\u0259r\",\"datePublished\":\"2015-01-17T19:36:06+00:00\",\"mainEntityOfPage\":{\"@id\":\"https:\\\/\\\/www.meydan.tv\\\/az\\\/article\\\/seviyyesizler\\\/\"},\"wordCount\":920,\"publisher\":{\"@id\":\"https:\\\/\\\/www.meydan.tv\\\/az\\\/#organization\"},\"image\":{\"@id\":\"https:\\\/\\\/www.meydan.tv\\\/az\\\/article\\\/seviyyesizler\\\/#primaryimage\"},\"thumbnailUrl\":\"https:\\\/\\\/www.meydan.tv\\\/wp-content\\\/uploads\\\/6709.jpg\",\"articleSection\":[\"M\u0259nim Fikrimc\u0259\"],\"inLanguage\":\"az\"},{\"@type\":\"WebPage\",\"@id\":\"https:\\\/\\\/www.meydan.tv\\\/az\\\/article\\\/seviyyesizler\\\/\",\"url\":\"https:\\\/\\\/www.meydan.tv\\\/az\\\/article\\\/seviyyesizler\\\/\",\"name\":\"S\u0259viyy\u0259sizl\u0259r - MEYDAN.TV\",\"isPartOf\":{\"@id\":\"https:\\\/\\\/www.meydan.tv\\\/az\\\/#website\"},\"primaryImageOfPage\":{\"@id\":\"https:\\\/\\\/www.meydan.tv\\\/az\\\/article\\\/seviyyesizler\\\/#primaryimage\"},\"image\":{\"@id\":\"https:\\\/\\\/www.meydan.tv\\\/az\\\/article\\\/seviyyesizler\\\/#primaryimage\"},\"thumbnailUrl\":\"https:\\\/\\\/www.meydan.tv\\\/wp-content\\\/uploads\\\/6709.jpg\",\"datePublished\":\"2015-01-17T19:36:06+00:00\",\"breadcrumb\":{\"@id\":\"https:\\\/\\\/www.meydan.tv\\\/az\\\/article\\\/seviyyesizler\\\/#breadcrumb\"},\"inLanguage\":\"az\",\"potentialAction\":[{\"@type\":\"ReadAction\",\"target\":[\"https:\\\/\\\/www.meydan.tv\\\/az\\\/article\\\/seviyyesizler\\\/\"]}]},{\"@type\":\"ImageObject\",\"inLanguage\":\"az\",\"@id\":\"https:\\\/\\\/www.meydan.tv\\\/az\\\/article\\\/seviyyesizler\\\/#primaryimage\",\"url\":\"https:\\\/\\\/www.meydan.tv\\\/wp-content\\\/uploads\\\/6709.jpg\",\"contentUrl\":\"https:\\\/\\\/www.meydan.tv\\\/wp-content\\\/uploads\\\/6709.jpg\",\"width\":500,\"height\":500,\"caption\":\"Source:\"},{\"@type\":\"BreadcrumbList\",\"@id\":\"https:\\\/\\\/www.meydan.tv\\\/az\\\/article\\\/seviyyesizler\\\/#breadcrumb\",\"itemListElement\":[{\"@type\":\"ListItem\",\"position\":1,\"name\":\"Ana s\u0259hif\u0259\",\"item\":\"https:\\\/\\\/www.meydan.tv\\\/az\\\/\"},{\"@type\":\"ListItem\",\"position\":2,\"name\":\"M\u0259nim Fikrimc\u0259\",\"item\":\"https:\\\/\\\/www.meydan.tv\\\/az\\\/section\\\/menim-fikrimce\\\/\"},{\"@type\":\"ListItem\",\"position\":3,\"name\":\"S\u0259viyy\u0259sizl\u0259r\"}]},{\"@type\":\"WebSite\",\"@id\":\"https:\\\/\\\/www.meydan.tv\\\/az\\\/#website\",\"url\":\"https:\\\/\\\/www.meydan.tv\\\/az\\\/\",\"name\":\"MEYDAN.TV\",\"description\":\"Meydan TV Az\u0259rbaycan\u0131n media m\u0259kan\u0131ndak\u0131 alternativ s\u0259sidir\",\"publisher\":{\"@id\":\"https:\\\/\\\/www.meydan.tv\\\/az\\\/#organization\"},\"potentialAction\":[{\"@type\":\"SearchAction\",\"target\":{\"@type\":\"EntryPoint\",\"urlTemplate\":\"https:\\\/\\\/www.meydan.tv\\\/az\\\/?s={search_term_string}\"},\"query-input\":{\"@type\":\"PropertyValueSpecification\",\"valueRequired\":true,\"valueName\":\"search_term_string\"}}],\"inLanguage\":\"az\"},{\"@type\":\"Organization\",\"@id\":\"https:\\\/\\\/www.meydan.tv\\\/az\\\/#organization\",\"name\":\"Meydan TV\",\"url\":\"https:\\\/\\\/www.meydan.tv\\\/az\\\/\",\"logo\":{\"@type\":\"ImageObject\",\"inLanguage\":\"az\",\"@id\":\"https:\\\/\\\/www.meydan.tv\\\/az\\\/#\\\/schema\\\/logo\\\/image\\\/\",\"url\":\"https:\\\/\\\/www.meydan.tv\\\/wp-content\\\/uploads\\\/2021\\\/07\\\/meydan-logo.svg\",\"contentUrl\":\"https:\\\/\\\/www.meydan.tv\\\/wp-content\\\/uploads\\\/2021\\\/07\\\/meydan-logo.svg\",\"width\":195,\"height\":46,\"caption\":\"Meydan TV\"},\"image\":{\"@id\":\"https:\\\/\\\/www.meydan.tv\\\/az\\\/#\\\/schema\\\/logo\\\/image\\\/\"}},{\"@type\":\"Person\",\"@id\":\"https:\\\/\\\/www.meydan.tv\\\/az\\\/#\\\/schema\\\/person\\\/10d11eccf6da3662cf5fdab9806ea91a\",\"name\":\"user-manager\"}]}<\/script>\n<!-- \/ Yoast SEO plugin. -->","yoast_head_json":{"title":"S\u0259viyy\u0259sizl\u0259r - MEYDAN.TV","robots":{"index":"index","follow":"follow","max-snippet":"max-snippet:-1","max-image-preview":"max-image-preview:large","max-video-preview":"max-video-preview:-1"},"canonical":"https:\/\/www.meydan.tv\/az\/article\/seviyyesizler\/","og_locale":"az_AZ","og_type":"article","og_title":"S\u0259viyy\u0259sizl\u0259r - MEYDAN.TV","og_description":"Elgizin, Zaurun maraq, m\u0259na qatd\u0131\u011f\u0131 h\u0259yat\u0131 ya\u015famaqdansa\u2026","og_url":"https:\/\/www.meydan.tv\/az\/article\/seviyyesizler\/","og_site_name":"MEYDAN.TV","article_published_time":"2015-01-17T19:36:06+00:00","og_image":[{"width":500,"height":500,"url":"https:\/\/www.meydan.tv\/wp-content\/uploads\/6709.jpg","type":"image\/jpeg"}],"author":"user-manager","twitter_card":"summary_large_image","schema":{"@context":"https:\/\/schema.org","@graph":[{"@type":"Article","@id":"https:\/\/www.meydan.tv\/az\/article\/seviyyesizler\/#article","isPartOf":{"@id":"https:\/\/www.meydan.tv\/az\/article\/seviyyesizler\/"},"author":{"name":"user-manager","@id":"https:\/\/www.meydan.tv\/az\/#\/schema\/person\/10d11eccf6da3662cf5fdab9806ea91a"},"headline":"S\u0259viyy\u0259sizl\u0259r","datePublished":"2015-01-17T19:36:06+00:00","mainEntityOfPage":{"@id":"https:\/\/www.meydan.tv\/az\/article\/seviyyesizler\/"},"wordCount":920,"publisher":{"@id":"https:\/\/www.meydan.tv\/az\/#organization"},"image":{"@id":"https:\/\/www.meydan.tv\/az\/article\/seviyyesizler\/#primaryimage"},"thumbnailUrl":"https:\/\/www.meydan.tv\/wp-content\/uploads\/6709.jpg","articleSection":["M\u0259nim Fikrimc\u0259"],"inLanguage":"az"},{"@type":"WebPage","@id":"https:\/\/www.meydan.tv\/az\/article\/seviyyesizler\/","url":"https:\/\/www.meydan.tv\/az\/article\/seviyyesizler\/","name":"S\u0259viyy\u0259sizl\u0259r - MEYDAN.TV","isPartOf":{"@id":"https:\/\/www.meydan.tv\/az\/#website"},"primaryImageOfPage":{"@id":"https:\/\/www.meydan.tv\/az\/article\/seviyyesizler\/#primaryimage"},"image":{"@id":"https:\/\/www.meydan.tv\/az\/article\/seviyyesizler\/#primaryimage"},"thumbnailUrl":"https:\/\/www.meydan.tv\/wp-content\/uploads\/6709.jpg","datePublished":"2015-01-17T19:36:06+00:00","breadcrumb":{"@id":"https:\/\/www.meydan.tv\/az\/article\/seviyyesizler\/#breadcrumb"},"inLanguage":"az","potentialAction":[{"@type":"ReadAction","target":["https:\/\/www.meydan.tv\/az\/article\/seviyyesizler\/"]}]},{"@type":"ImageObject","inLanguage":"az","@id":"https:\/\/www.meydan.tv\/az\/article\/seviyyesizler\/#primaryimage","url":"https:\/\/www.meydan.tv\/wp-content\/uploads\/6709.jpg","contentUrl":"https:\/\/www.meydan.tv\/wp-content\/uploads\/6709.jpg","width":500,"height":500,"caption":"Source:"},{"@type":"BreadcrumbList","@id":"https:\/\/www.meydan.tv\/az\/article\/seviyyesizler\/#breadcrumb","itemListElement":[{"@type":"ListItem","position":1,"name":"Ana s\u0259hif\u0259","item":"https:\/\/www.meydan.tv\/az\/"},{"@type":"ListItem","position":2,"name":"M\u0259nim Fikrimc\u0259","item":"https:\/\/www.meydan.tv\/az\/section\/menim-fikrimce\/"},{"@type":"ListItem","position":3,"name":"S\u0259viyy\u0259sizl\u0259r"}]},{"@type":"WebSite","@id":"https:\/\/www.meydan.tv\/az\/#website","url":"https:\/\/www.meydan.tv\/az\/","name":"MEYDAN.TV","description":"Meydan TV Az\u0259rbaycan\u0131n media m\u0259kan\u0131ndak\u0131 alternativ s\u0259sidir","publisher":{"@id":"https:\/\/www.meydan.tv\/az\/#organization"},"potentialAction":[{"@type":"SearchAction","target":{"@type":"EntryPoint","urlTemplate":"https:\/\/www.meydan.tv\/az\/?s={search_term_string}"},"query-input":{"@type":"PropertyValueSpecification","valueRequired":true,"valueName":"search_term_string"}}],"inLanguage":"az"},{"@type":"Organization","@id":"https:\/\/www.meydan.tv\/az\/#organization","name":"Meydan TV","url":"https:\/\/www.meydan.tv\/az\/","logo":{"@type":"ImageObject","inLanguage":"az","@id":"https:\/\/www.meydan.tv\/az\/#\/schema\/logo\/image\/","url":"https:\/\/www.meydan.tv\/wp-content\/uploads\/2021\/07\/meydan-logo.svg","contentUrl":"https:\/\/www.meydan.tv\/wp-content\/uploads\/2021\/07\/meydan-logo.svg","width":195,"height":46,"caption":"Meydan TV"},"image":{"@id":"https:\/\/www.meydan.tv\/az\/#\/schema\/logo\/image\/"}},{"@type":"Person","@id":"https:\/\/www.meydan.tv\/az\/#\/schema\/person\/10d11eccf6da3662cf5fdab9806ea91a","name":"user-manager"}]}},"_links":{"self":[{"href":"https:\/\/www.meydan.tv\/az\/wp-json\/wp\/v2\/posts\/166543","targetHints":{"allow":["GET"]}}],"collection":[{"href":"https:\/\/www.meydan.tv\/az\/wp-json\/wp\/v2\/posts"}],"about":[{"href":"https:\/\/www.meydan.tv\/az\/wp-json\/wp\/v2\/types\/post"}],"author":[{"embeddable":true,"href":"https:\/\/www.meydan.tv\/az\/wp-json\/wp\/v2\/users\/11"}],"replies":[{"embeddable":true,"href":"https:\/\/www.meydan.tv\/az\/wp-json\/wp\/v2\/comments?post=166543"}],"version-history":[{"count":0,"href":"https:\/\/www.meydan.tv\/az\/wp-json\/wp\/v2\/posts\/166543\/revisions"}],"wp:featuredmedia":[{"embeddable":true,"href":"https:\/\/www.meydan.tv\/az\/wp-json\/wp\/v2\/media\/18715"}],"wp:attachment":[{"href":"https:\/\/www.meydan.tv\/az\/wp-json\/wp\/v2\/media?parent=166543"}],"wp:term":[{"taxonomy":"category","embeddable":true,"href":"https:\/\/www.meydan.tv\/az\/wp-json\/wp\/v2\/categories?post=166543"},{"taxonomy":"post_tag","embeddable":true,"href":"https:\/\/www.meydan.tv\/az\/wp-json\/wp\/v2\/tags?post=166543"}],"curies":[{"name":"wp","href":"https:\/\/api.w.org\/{rel}","templated":true}]}}