{"id":166481,"date":"2015-01-12T21:31:29","date_gmt":"2015-01-12T21:31:29","guid":{"rendered":"https:\/\/www.meydan.tv\/article\/musfiq-elesgerli-jurnalistleri-ele-salib\/"},"modified":"2015-01-12T21:31:29","modified_gmt":"2015-01-12T21:31:29","slug":"musfiq-elesgerli-jurnalistleri-ele-salib","status":"publish","type":"post","link":"https:\/\/www.meydan.tv\/az\/article\/musfiq-elesgerli-jurnalistleri-ele-salib\/","title":{"rendered":"M\u00fc\u015ffiq \u018fl\u0259sg\u0259rli jurnalistl\u0259ri \u0259l\u0259 sal\u0131b?!"},"content":{"rendered":"<figure class=\"wp-block-image size-large\">\n  <img decoding=\"async\" src=\"https:\/\/www.meydan.tv\/az\/18529\/\" alt=\"\" class=\"wp-image-18529\"\/><figcaption><\/figcaption><\/figure>\n<figure class=\"wp-block-image size-large\">\n  <img decoding=\"async\" src=\"https:\/\/www.meydan.tv\/az\/18532\/\" alt=\"\" class=\"wp-image-18532\"\/><figcaption><\/figcaption><\/figure>\n<p>\n  Jurnalistl\u0259rin H\u0259mkarlar \u0130ttifaq\u0131 (JuH\u0130) Az\u0259rbaycan jurnalistl\u0259rinin 2014-c\u00fc il \u00fczr\u0259 sosial durumlar\u0131na dair yekun hesabat\u0131n\u0131 a\u00e7\u0131qlay\u0131b. Qurumun s\u0259dri M\u00fc\u015ffiq \u018fl\u0259sg\u0259rli jurnalistl\u0259r\u0259 g\u00f6nd\u0259rdiyi m\u0259ktubunda \u00f6t\u0259n ilin onlar u\u00e7\u00fcn maddi c\u0259h\u0259td\u0259n u\u011furlu oldu\u011funu bildirm\u0259si is\u0259 m\u0259tbuat i\u015f\u00e7il\u0259rinin facebookda naraz\u0131l\u0131\u011f\u0131 il\u0259 qar\u015f\u0131lan\u0131b.\n<\/p>\n<p>\n  Onlar kimi m\u0259n d\u0259 h\u0259min m\u0259ktubu oxuduqca, el\u0259 bilir\u0259m M\u00fc\u015ffiq b\u0259y bizi q\u0259sd\u0259n q\u0131c\u0131qland\u0131r\u0131r.<br \/>\n  <br \/>\n  JuH\u0130 s\u0259dri deyir ki, orada yaz\u0131lan m\u0259lumatlar t\u0259\u015fkilat\u0131n ke\u00e7irdiyi sor\u011fuya- ictimai r\u0259y\u0259 t\u0259sir imkanlar\u0131 v\u0259 stabil d\u00f6vriliyi il\u0259 se\u00e7il\u0259n 25 \u00fcmumrespublika yay\u0131ml\u0131 q\u0259zet, 5 informasiya agentliyi, 5 x\u0259b\u0259r portal\u0131, h\u0259m\u00e7inin 10 h\u0259ft\u0259lik q\u0259zet (7 regional, 3 \u00fcmumrespublika yay\u0131ml\u0131), 5 televiziya (3 regional, 2 \u00fcmumrespublika yay\u0131ml\u0131) redaksiyalar\u0131n\u0131n \u0259m\u0259kda\u015flar\u0131 c\u0259lb edilib (\u00fcmumilikd\u0259 50 redaksiya \u0259hat\u0259 olunub).\n<\/p>\n<p>\n  Qalanlar\u0131n\u0131 k\u0259nara qoyub, Regional TV-l\u0259r\u0259 toxunmaq ist\u0259yir\u0259m. Bir q\u0259d\u0259r sonra is\u0259 niy\u0259 region TV-l\u0259ri \u0259sas g\u0259tirdiyimi d\u0259 yazacam.\n<\/p>\n<p>\n  G\u00f6r\u0259s\u0259n JuH\u0130-nin ke\u00e7irdiyi sor\u011fuda: -3 regional TV aras\u0131nda 2007-ci ild\u0259n C\u0259nub Regional Televiziyas\u0131 (\u0259vv\u0259lki ad\u0131 L\u0259nk\u0259ran TV olub) kimi f\u0259aliyy\u0259t\u0259 ba\u015flayan v\u0259 \u0259hat\u0259 dair\u0259sind\u0259 \u0259halisinin say\u0131 2 053 300 olan CTV i\u015ftirak etm\u0259yib? \u00c7\u00fcnki, el\u0259 bu g\u00fcnl\u0259rd\u0259 facebook-da L\u0259nk\u0259randa f\u0259aliyy\u0259t g\u00f6st\u0259r\u0259n CTV-nin \u0259mkda\u015flar\u0131 \u00f6z maa\u015flar\u0131ndan v\u0259 TV-d\u0259 ba\u015f ver\u0259n qanunsuzluqlardan naraz\u0131l\u0131qlar\u0131n\u0131 bildirdil\u0259r. Yaz\u0131\u015fmada i\u015f\u00e7il\u0259rin (bura h\u0259m texniki, h\u0259m d\u0259 yarad\u0131c\u0131 i\u015f\u00e7il\u0259r daxildir) 150-200 manat maa\u015f ald\u0131qlar\u0131 bar\u0259d\u0259 bildirilirdi. Bu maa\u015f\u0131 da i\u015f\u00e7il\u0259r tam ala bilmir, buna s\u0259b\u0259b is\u0259 TV-nin qoydu\u011fu \u201cqanunlara\u201d onlar\u0131n ay \u0259rzind\u0259 n\u0259 d\u0259r\u0259c\u0259d\u0259 \u201criay\u0259t\u201d etm\u0259l\u0259ri g\u00f6st\u0259rildi. Qeyd edilirdi ki, TV-d\u0259 m\u00fcst\u0259qil fikirli jurnalistl\u0259r i\u015fd\u0259n \u00e7\u0131xar\u0131lmaqla da h\u0259d\u0259l\u0259nirmi\u015f. Burada \u00e7al\u0131\u015fanlar\u0131n 90 faizi dolanmaq \u00fc\u00e7\u00fcn banklardan kredit g\u00f6t\u00fcrd\u00fcy\u00fcnd\u0259n, m\u0259cbur qal\u0131b \u201cg\u00f6st\u0259ri\u015fl\u0259r\u201d-i yerin\u0259 yetirirl\u0259r.\n<\/p>\n<p>\n  G\u00fcn\u00fcn sonuna kimi is\u0259 h\u0259min yaz\u0131\u015fma silindi. \u00c7\u00fcnki, orda naraz\u0131l\u0131q ed\u0259nl\u0259r\u0259 TV-d\u0259n z\u0259ng edil\u0259r\u0259k h\u0259d\u0259-qorxu g\u0259lindi ki, ya status silin\u0259c\u0259k ya da sizi MTN-\u0259 ver\u0259c\u0259yik. Fikir verin! Polisl\u0259 d\u0259 yox haa, birba\u015fa MTN-l\u0259 qorxudulurlar.\n<\/p>\n<figure class=\"wp-block-image size-large\">\n  <img decoding=\"async\" src=\"https:\/\/www.meydan.tv\/az\/18526\/\" alt=\"\" class=\"wp-image-18526\"\/><figcaption><\/figcaption><\/figure>\n<p>\n  \u0130ndi is\u0259 niy\u0259 ilk olaraq CTV bar\u0259d\u0259 yazd\u0131\u011f\u0131ma ayd\u0131nl\u0131q g\u0259tirim. H\u0259min CTV \u00f6lk\u0259d\u0259 f\u0259aliyy\u0259t g\u00f6st\u0259r\u0259n Region TV \u015f\u0259b\u0259k\u0259sin\u0259 daxildir, bura is\u0259<br \/>\n  <br \/>\n  G\u0259nc\u0259d\u0259ki KTV, Yevlaxdak\u0131 ELTV, \u015e\u0259kid\u0259ki Kanal S, Xa\u00e7mazdak\u0131 RTV v\u0259 Tovuzdak\u0131 TTV aiddir v\u0259 birba\u015fa iqtidara ba\u011fl\u0131d\u0131r. (adlar\u0131 m\u00fcst\u0259qil olsa da) Y\u0259ni, dolay\u0131s\u0131 il\u0259 bu Tv-l\u0259rd\u0259n birind\u0259 ged\u0259n prossesl\u0259r dig\u0259rl\u0259rind\u0259 d\u0259 t\u0259tbiq edilir. O halda sor\u011funun \u015f\u0259ffafl\u0131\u011f\u0131 da Az\u0259rbaycanda ke\u00e7iril\u0259n son b\u0259l\u0259diyy\u0259 se\u00e7kil\u0259ri kimi \u015f\u00fcbh\u0259 do\u011furur.\n<\/p>\n<p>\n  M\u00fc\u015ffiq \u018fl\u0259sg\u0259rlinin yazd\u0131\u011fna g\u00f6r\u0259, \u00fcmumrespublika yay\u0131ml\u0131 telekanallarda, informasiya agentlikl\u0259rind\u0259, g\u00fcnd\u0259lik q\u0259zetl\u0259rd\u0259 v\u0259 populyar x\u0259b\u0259r portallar\u0131nda \u00e7al\u0131\u015fan jurnalistl\u0259rin ayl\u0131q g\u0259lirl\u0259ri 500-600 manat civar\u0131nda olub. Bunu guya sor\u011fu i\u015ftirak\u00e7\u0131lar\u0131n\u0131n 93 faizi bildirib. \u201cBu, \u00f6t\u0259n ilin m\u00fcvafiq d\u00f6vr\u00fc il\u0259 m\u00fcqayis\u0259d\u0259 15 faiz art\u0131m dem\u0259kd\u201d, &#8211; dey\u0259n, M\u00fc\u015ffiq \u018fl\u0259sg\u0259rli yaz\u0131r ki, Regional televiziyalarda \u00e7al\u0131\u015fan jurnalistl\u0259rin v\u0259 m\u0259rk\u0259zi TV-l\u0259rin regional t\u0259msil\u00e7il\u0259rinin ayl\u0131q g\u0259lirl\u0259ri is\u0259 250-400 manat aral\u0131\u011f\u0131nda d\u0259yi\u015fir. Bir-iki qurumda maa\u015flar\u0131n y\u00fcks\u0259k olmas\u0131 n\u0259 vaxtdan jurnalistl\u0259rin 93%- nin fikri il\u0259 \u00fcst-\u00fcst\u0259 d\u00fc\u015f\u00fcb?\n<\/p>\n<p>\n  M\u0259ktubda 2014-c\u00fc ild\u0259 Az\u0259rbaycanda ya\u015fay\u0131\u015f minimumunun 125 manat m\u00fc\u0259yy\u0259n edilm\u0259si d\u0259 g\u00f6st\u0259rilir. G\u00f6r\u0259s\u0259n M\u00fc\u015ffiq b\u0259yin 125 manat sad\u0259c\u0259 telefon pulunu \u00f6d\u0259yir? N\u0259 is\u0259\n<\/p>\n<p>\n  M\u0259lumatda \u0259m\u0259k m\u00fcqavil\u0259l\u0259rin\u0259 d\u0259 toxunulur. Bildirilir ki, \u0259m\u0259k m\u00fcqavil\u0259l\u0259rin simvolik xarakterli olmas\u0131 problemi 2014-c\u00fc ild\u0259 d\u0259 aktuall\u0131\u011f\u0131n\u0131 qoruyur, \u0259ks\u0259r redaksiyalarda \u0259m\u0259k m\u00fcqavil\u0259l\u0259ri \u0259m\u0259k haqq\u0131 v\u0259 dig\u0259r m\u0259s\u0259l\u0259l\u0259rl\u0259 ba\u011fl\u0131 reall\u0131\u011f\u0131 \u0259ks etdirmir.\n<\/p>\n<p>\n  D\u00fcz\u00fc bu c\u00fcml\u0259ni oxuyanda bir az sevindim. Amma sonra fikirl\u0259\u015fdim ki, \u0259g\u0259r problemd\u0259n x\u0259b\u0259rdard\u0131larsa niy\u0259 ara\u015fd\u0131r\u0131lm\u0131r?\n<\/p>\n<p>\n  \u018fslind\u0259 bu m\u0259s\u0259l\u0259nin g\u00f6r\u00fcn\u0259n t\u0259r\u0259fi il\u0259 raz\u0131yam. Bir \u00e7ox jurnalistl\u0259rin (s\u00f6hb\u0259t s\u0131rf iqtidar y\u00f6nl\u00fc Tv-l\u0259rd\u0259n gedir) do\u011frudan da \u0259m\u0259k m\u00fcnasib\u0259tl\u0259ri r\u0259smil\u0259\u015fdirilib. Onlar \u00fc\u00e7\u00fcn \u0259m\u0259k kitab\u00e7alar\u0131 a\u00e7\u0131l\u0131b. Amma x\u0259b\u0259riniz varm\u0131 o \u0259m\u0259k kitab\u00e7alar\u0131 hans\u0131 v\u0259ziyy\u0259td\u0259 i\u015f\u00e7il\u0259rin \u00fcz\u00fcn\u00fc \u201ca\u011fard\u0131r\u201d? Bundan direktorlar hans\u0131 m\u0259qs\u0259dl\u0259 istifad\u0259 edir?<br \/>\n  <br \/>\n  M\u0259s\u0259l\u0259n KTV-d\u0259 \u0259g\u0259r i\u015f\u00e7i TV-nin h\u0259r hans\u0131 qanunsuzlu\u011funa boyun \u0259ymirs\u0259, direktor onu \u0259m\u0259k kitab\u00e7as\u0131na \u2013\u201cg\u00f6st\u0259rdiyi n\u00f6qsanlara\u201d g\u00f6r\u0259 i\u015fd\u0259n azad edildi yazmaqla h\u0259d\u0259l\u0259yir. Y\u0259ni a\u00e7\u0131lan ka\u011f\u0131z-ku\u011fuzlar da i\u015f\u00e7il\u0259ri qorumur. \u018fg\u0259r h\u00fcquqnu bil\u0259n jurnalist varsa, m\u0259hk\u0259m\u0259y\u0259 m\u00fcraci\u0259t edib kitab\u00e7as\u0131n\u0131 al\u0131r, yox \u0259g\u0259r jurnalist orta m\u0259kt\u0259bi bitirib xarici g\u00f6r\u00fcn\u00fc\u015f\u00fcn\u0259 g\u00f6r\u0259 (\u0259sas\u0259n Regionda) i\u015f\u0259 q\u0259bul edilibs\u0259, onda i\u015fi \u00e7\u0259tinl\u0259\u015fir. M\u00fcdirin \u015f\u0259rti il\u0259 raz\u0131la\u015fmasa, h\u0259m ayda alaca\u011f\u0131 150 manatdan, h\u0259m b\u0259zi m\u0259murlar\u0131n \u201c\u00e7ay pulusundan\u201d, h\u0259m d\u0259 tan\u0131nmaqdan \u0259l \u00e7\u0259km\u0259lidir.\n<\/p>\n<p>\n  \u018fg\u0259r i\u015f\u00e7i \u0259m\u0259k m\u00fcqavil\u0259sind\u0259 g\u00f6st\u0259ril\u0259n i\u015f saat\u0131na (g\u00fcn \u0259rzind\u0259 8 saat) imza at\u0131bsa bu o dem\u0259k deyil, i\u015f vaxt\u0131 bitdikd\u0259n sonra o evin\u0259 ged\u0259 bil\u0259r.\n<\/p>\n<p>\n  Sonda M\u00fc\u015ffiq \u018fl\u0259sg\u0259rlinin m\u0259lumat\u0131na \u0259sas\u0259n 2014-c\u00fc ilin jurnalistl\u0259r \u00fc\u00e7\u00fcn n\u0259 q\u0259d\u0259r \u201cmaraql\u0131\u201d oldu\u011funu deyim.\u00a0\u00d6lk\u0259d\u0259 b\u00fct\u00fcn m\u00fcst\u0259qil f\u0259aliyy\u0259t g\u00f6st\u0259r\u0259n jurnlistl\u0259ri i\u015fsiz qoyma\u011f\u0131 bacard\u0131n\u0131z.\n<\/p>\n<p>\n  Meydan TV i\u015f\u00e7il\u0259r\u0259 edil\u0259n t\u0259zyiql\u0259ri n\u0259z\u0259r\u0259 alaraq, Bak\u0131 ofisini ba\u011flama\u011fa m\u0259cbur qald\u0131. Obyektiv TV-nin ofisi, Azadl\u0131qRadiosunun Bak\u0131 ofisi m\u00f6h\u00fcrl\u0259ndi, MediaForum is\u0259 ba\u011fland\u0131. O halda siz hans\u0131 ir\u0259lil\u0259yi\u015fd\u0259n v\u0259 93%-d\u0259n dan\u0131\u015f\u0131rs\u0131n\u0131z? \u0130ndi \u00f6lk\u0259d\u0259 100-l\u0259rl\u0259 m\u00fcst\u0259qil jurnalis i\u015fsizdir.\n<\/p>\n<p>\n  Bir d\u0259 \u0259g\u0259r M\u00fc\u015ffiq \u018fl\u0259sg\u0259rli \u00f6lk\u0259d\u0259 fa\u0259liyy\u0259t g\u00f6st\u0259r\u0259n b\u00fct\u00fcn m\u00fcst\u0259qil jurnalistl\u0259rin e-maill\u0259rini bilirs\u0259, niy\u0259 sor\u011fularda onlar\u0131n fikrini \u00f6yr\u0259nmir?\n<\/p>\n<p>\n  Bel\u0259<\/p>\n","protected":false},"excerpt":{"rendered":"<p>JuH\u0130-nin ke\u00e7irdiyi sor\u011funun \u015f\u0259ffal\u0131\u011f\u0131 da Az\u0259rbaycanda son d\u0259f\u0259 ke\u00e7iril\u0259n b\u0259l\u0259diyy\u0259 se\u00e7kil\u0259rinin g\u00fcn\u00fcd\u0259dir&#8230;<\/p>\n","protected":false},"author":11,"featured_media":18529,"comment_status":"closed","ping_status":"open","sticky":false,"template":"","format":"standard","meta":{"_acf_changed":false,"_sitemap_exclude":false,"_sitemap_priority":"","_sitemap_frequency":"","footnotes":""},"categories":[57],"tags":[],"class_list":["post-166481","post","type-post","status-publish","format-standard","has-post-thumbnail","hentry","category-menim-fikrimce","infinite-scroll-item","generate-columns","tablet-grid-50","mobile-grid-100","grid-parent","grid-33","no-featured-image-padding"],"acf":[],"yoast_head":"<!-- This site is optimized with the Yoast SEO plugin v27.4 - https:\/\/yoast.com\/product\/yoast-seo-wordpress\/ -->\n<title>M\u00fc\u015ffiq \u018fl\u0259sg\u0259rli jurnalistl\u0259ri \u0259l\u0259 sal\u0131b?! - MEYDAN.TV<\/title>\n<meta name=\"robots\" content=\"index, follow, max-snippet:-1, max-image-preview:large, max-video-preview:-1\" \/>\n<link rel=\"canonical\" href=\"https:\/\/www.meydan.tv\/az\/article\/musfiq-elesgerli-jurnalistleri-ele-salib\/\" \/>\n<meta property=\"og:locale\" content=\"az_AZ\" \/>\n<meta property=\"og:type\" content=\"article\" \/>\n<meta property=\"og:title\" content=\"M\u00fc\u015ffiq \u018fl\u0259sg\u0259rli jurnalistl\u0259ri \u0259l\u0259 sal\u0131b?! - MEYDAN.TV\" \/>\n<meta property=\"og:description\" content=\"JuH\u0130-nin ke\u00e7irdiyi sor\u011funun \u015f\u0259ffal\u0131\u011f\u0131 da Az\u0259rbaycanda son d\u0259f\u0259 ke\u00e7iril\u0259n b\u0259l\u0259diyy\u0259 se\u00e7kil\u0259rinin g\u00fcn\u00fcd\u0259dir...\" \/>\n<meta property=\"og:url\" content=\"https:\/\/www.meydan.tv\/az\/article\/musfiq-elesgerli-jurnalistleri-ele-salib\/\" \/>\n<meta property=\"og:site_name\" content=\"MEYDAN.TV\" \/>\n<meta property=\"article:published_time\" content=\"2015-01-12T21:31:29+00:00\" \/>\n<meta property=\"og:image\" content=\"https:\/\/www.meydan.tv\/wp-content\/uploads\/6637.jpg\" \/>\n\t<meta property=\"og:image:width\" content=\"500\" \/>\n\t<meta property=\"og:image:height\" content=\"500\" \/>\n\t<meta property=\"og:image:type\" content=\"image\/jpeg\" \/>\n<meta name=\"author\" content=\"user-manager\" \/>\n<meta name=\"twitter:card\" content=\"summary_large_image\" \/>\n<script type=\"application\/ld+json\" class=\"yoast-schema-graph\">{\"@context\":\"https:\\\/\\\/schema.org\",\"@graph\":[{\"@type\":\"Article\",\"@id\":\"https:\\\/\\\/www.meydan.tv\\\/az\\\/article\\\/musfiq-elesgerli-jurnalistleri-ele-salib\\\/#article\",\"isPartOf\":{\"@id\":\"https:\\\/\\\/www.meydan.tv\\\/az\\\/article\\\/musfiq-elesgerli-jurnalistleri-ele-salib\\\/\"},\"author\":{\"name\":\"user-manager\",\"@id\":\"https:\\\/\\\/www.meydan.tv\\\/az\\\/#\\\/schema\\\/person\\\/10d11eccf6da3662cf5fdab9806ea91a\"},\"headline\":\"M\u00fc\u015ffiq \u018fl\u0259sg\u0259rli jurnalistl\u0259ri \u0259l\u0259 sal\u0131b?!\",\"datePublished\":\"2015-01-12T21:31:29+00:00\",\"mainEntityOfPage\":{\"@id\":\"https:\\\/\\\/www.meydan.tv\\\/az\\\/article\\\/musfiq-elesgerli-jurnalistleri-ele-salib\\\/\"},\"wordCount\":1212,\"publisher\":{\"@id\":\"https:\\\/\\\/www.meydan.tv\\\/az\\\/#organization\"},\"image\":{\"@id\":\"https:\\\/\\\/www.meydan.tv\\\/az\\\/article\\\/musfiq-elesgerli-jurnalistleri-ele-salib\\\/#primaryimage\"},\"thumbnailUrl\":\"https:\\\/\\\/www.meydan.tv\\\/wp-content\\\/uploads\\\/6637.jpg\",\"articleSection\":[\"M\u0259nim Fikrimc\u0259\"],\"inLanguage\":\"az\"},{\"@type\":\"WebPage\",\"@id\":\"https:\\\/\\\/www.meydan.tv\\\/az\\\/article\\\/musfiq-elesgerli-jurnalistleri-ele-salib\\\/\",\"url\":\"https:\\\/\\\/www.meydan.tv\\\/az\\\/article\\\/musfiq-elesgerli-jurnalistleri-ele-salib\\\/\",\"name\":\"M\u00fc\u015ffiq \u018fl\u0259sg\u0259rli jurnalistl\u0259ri \u0259l\u0259 sal\u0131b?! - MEYDAN.TV\",\"isPartOf\":{\"@id\":\"https:\\\/\\\/www.meydan.tv\\\/az\\\/#website\"},\"primaryImageOfPage\":{\"@id\":\"https:\\\/\\\/www.meydan.tv\\\/az\\\/article\\\/musfiq-elesgerli-jurnalistleri-ele-salib\\\/#primaryimage\"},\"image\":{\"@id\":\"https:\\\/\\\/www.meydan.tv\\\/az\\\/article\\\/musfiq-elesgerli-jurnalistleri-ele-salib\\\/#primaryimage\"},\"thumbnailUrl\":\"https:\\\/\\\/www.meydan.tv\\\/wp-content\\\/uploads\\\/6637.jpg\",\"datePublished\":\"2015-01-12T21:31:29+00:00\",\"breadcrumb\":{\"@id\":\"https:\\\/\\\/www.meydan.tv\\\/az\\\/article\\\/musfiq-elesgerli-jurnalistleri-ele-salib\\\/#breadcrumb\"},\"inLanguage\":\"az\",\"potentialAction\":[{\"@type\":\"ReadAction\",\"target\":[\"https:\\\/\\\/www.meydan.tv\\\/az\\\/article\\\/musfiq-elesgerli-jurnalistleri-ele-salib\\\/\"]}]},{\"@type\":\"ImageObject\",\"inLanguage\":\"az\",\"@id\":\"https:\\\/\\\/www.meydan.tv\\\/az\\\/article\\\/musfiq-elesgerli-jurnalistleri-ele-salib\\\/#primaryimage\",\"url\":\"https:\\\/\\\/www.meydan.tv\\\/wp-content\\\/uploads\\\/6637.jpg\",\"contentUrl\":\"https:\\\/\\\/www.meydan.tv\\\/wp-content\\\/uploads\\\/6637.jpg\",\"width\":500,\"height\":500,\"caption\":\"Source:\"},{\"@type\":\"BreadcrumbList\",\"@id\":\"https:\\\/\\\/www.meydan.tv\\\/az\\\/article\\\/musfiq-elesgerli-jurnalistleri-ele-salib\\\/#breadcrumb\",\"itemListElement\":[{\"@type\":\"ListItem\",\"position\":1,\"name\":\"Ana s\u0259hif\u0259\",\"item\":\"https:\\\/\\\/www.meydan.tv\\\/az\\\/\"},{\"@type\":\"ListItem\",\"position\":2,\"name\":\"M\u0259nim Fikrimc\u0259\",\"item\":\"https:\\\/\\\/www.meydan.tv\\\/az\\\/section\\\/menim-fikrimce\\\/\"},{\"@type\":\"ListItem\",\"position\":3,\"name\":\"M\u00fc\u015ffiq \u018fl\u0259sg\u0259rli jurnalistl\u0259ri \u0259l\u0259 sal\u0131b?!\"}]},{\"@type\":\"WebSite\",\"@id\":\"https:\\\/\\\/www.meydan.tv\\\/az\\\/#website\",\"url\":\"https:\\\/\\\/www.meydan.tv\\\/az\\\/\",\"name\":\"MEYDAN.TV\",\"description\":\"Meydan TV Az\u0259rbaycan\u0131n media m\u0259kan\u0131ndak\u0131 alternativ s\u0259sidir\",\"publisher\":{\"@id\":\"https:\\\/\\\/www.meydan.tv\\\/az\\\/#organization\"},\"potentialAction\":[{\"@type\":\"SearchAction\",\"target\":{\"@type\":\"EntryPoint\",\"urlTemplate\":\"https:\\\/\\\/www.meydan.tv\\\/az\\\/?s={search_term_string}\"},\"query-input\":{\"@type\":\"PropertyValueSpecification\",\"valueRequired\":true,\"valueName\":\"search_term_string\"}}],\"inLanguage\":\"az\"},{\"@type\":\"Organization\",\"@id\":\"https:\\\/\\\/www.meydan.tv\\\/az\\\/#organization\",\"name\":\"Meydan TV\",\"url\":\"https:\\\/\\\/www.meydan.tv\\\/az\\\/\",\"logo\":{\"@type\":\"ImageObject\",\"inLanguage\":\"az\",\"@id\":\"https:\\\/\\\/www.meydan.tv\\\/az\\\/#\\\/schema\\\/logo\\\/image\\\/\",\"url\":\"https:\\\/\\\/www.meydan.tv\\\/wp-content\\\/uploads\\\/2021\\\/07\\\/meydan-logo.svg\",\"contentUrl\":\"https:\\\/\\\/www.meydan.tv\\\/wp-content\\\/uploads\\\/2021\\\/07\\\/meydan-logo.svg\",\"width\":195,\"height\":46,\"caption\":\"Meydan TV\"},\"image\":{\"@id\":\"https:\\\/\\\/www.meydan.tv\\\/az\\\/#\\\/schema\\\/logo\\\/image\\\/\"}},{\"@type\":\"Person\",\"@id\":\"https:\\\/\\\/www.meydan.tv\\\/az\\\/#\\\/schema\\\/person\\\/10d11eccf6da3662cf5fdab9806ea91a\",\"name\":\"user-manager\"}]}<\/script>\n<!-- \/ Yoast SEO plugin. -->","yoast_head_json":{"title":"M\u00fc\u015ffiq \u018fl\u0259sg\u0259rli jurnalistl\u0259ri \u0259l\u0259 sal\u0131b?! - MEYDAN.TV","robots":{"index":"index","follow":"follow","max-snippet":"max-snippet:-1","max-image-preview":"max-image-preview:large","max-video-preview":"max-video-preview:-1"},"canonical":"https:\/\/www.meydan.tv\/az\/article\/musfiq-elesgerli-jurnalistleri-ele-salib\/","og_locale":"az_AZ","og_type":"article","og_title":"M\u00fc\u015ffiq \u018fl\u0259sg\u0259rli jurnalistl\u0259ri \u0259l\u0259 sal\u0131b?! - MEYDAN.TV","og_description":"JuH\u0130-nin ke\u00e7irdiyi sor\u011funun \u015f\u0259ffal\u0131\u011f\u0131 da Az\u0259rbaycanda son d\u0259f\u0259 ke\u00e7iril\u0259n b\u0259l\u0259diyy\u0259 se\u00e7kil\u0259rinin g\u00fcn\u00fcd\u0259dir...","og_url":"https:\/\/www.meydan.tv\/az\/article\/musfiq-elesgerli-jurnalistleri-ele-salib\/","og_site_name":"MEYDAN.TV","article_published_time":"2015-01-12T21:31:29+00:00","og_image":[{"width":500,"height":500,"url":"https:\/\/www.meydan.tv\/wp-content\/uploads\/6637.jpg","type":"image\/jpeg"}],"author":"user-manager","twitter_card":"summary_large_image","schema":{"@context":"https:\/\/schema.org","@graph":[{"@type":"Article","@id":"https:\/\/www.meydan.tv\/az\/article\/musfiq-elesgerli-jurnalistleri-ele-salib\/#article","isPartOf":{"@id":"https:\/\/www.meydan.tv\/az\/article\/musfiq-elesgerli-jurnalistleri-ele-salib\/"},"author":{"name":"user-manager","@id":"https:\/\/www.meydan.tv\/az\/#\/schema\/person\/10d11eccf6da3662cf5fdab9806ea91a"},"headline":"M\u00fc\u015ffiq \u018fl\u0259sg\u0259rli jurnalistl\u0259ri \u0259l\u0259 sal\u0131b?!","datePublished":"2015-01-12T21:31:29+00:00","mainEntityOfPage":{"@id":"https:\/\/www.meydan.tv\/az\/article\/musfiq-elesgerli-jurnalistleri-ele-salib\/"},"wordCount":1212,"publisher":{"@id":"https:\/\/www.meydan.tv\/az\/#organization"},"image":{"@id":"https:\/\/www.meydan.tv\/az\/article\/musfiq-elesgerli-jurnalistleri-ele-salib\/#primaryimage"},"thumbnailUrl":"https:\/\/www.meydan.tv\/wp-content\/uploads\/6637.jpg","articleSection":["M\u0259nim Fikrimc\u0259"],"inLanguage":"az"},{"@type":"WebPage","@id":"https:\/\/www.meydan.tv\/az\/article\/musfiq-elesgerli-jurnalistleri-ele-salib\/","url":"https:\/\/www.meydan.tv\/az\/article\/musfiq-elesgerli-jurnalistleri-ele-salib\/","name":"M\u00fc\u015ffiq \u018fl\u0259sg\u0259rli jurnalistl\u0259ri \u0259l\u0259 sal\u0131b?! - MEYDAN.TV","isPartOf":{"@id":"https:\/\/www.meydan.tv\/az\/#website"},"primaryImageOfPage":{"@id":"https:\/\/www.meydan.tv\/az\/article\/musfiq-elesgerli-jurnalistleri-ele-salib\/#primaryimage"},"image":{"@id":"https:\/\/www.meydan.tv\/az\/article\/musfiq-elesgerli-jurnalistleri-ele-salib\/#primaryimage"},"thumbnailUrl":"https:\/\/www.meydan.tv\/wp-content\/uploads\/6637.jpg","datePublished":"2015-01-12T21:31:29+00:00","breadcrumb":{"@id":"https:\/\/www.meydan.tv\/az\/article\/musfiq-elesgerli-jurnalistleri-ele-salib\/#breadcrumb"},"inLanguage":"az","potentialAction":[{"@type":"ReadAction","target":["https:\/\/www.meydan.tv\/az\/article\/musfiq-elesgerli-jurnalistleri-ele-salib\/"]}]},{"@type":"ImageObject","inLanguage":"az","@id":"https:\/\/www.meydan.tv\/az\/article\/musfiq-elesgerli-jurnalistleri-ele-salib\/#primaryimage","url":"https:\/\/www.meydan.tv\/wp-content\/uploads\/6637.jpg","contentUrl":"https:\/\/www.meydan.tv\/wp-content\/uploads\/6637.jpg","width":500,"height":500,"caption":"Source:"},{"@type":"BreadcrumbList","@id":"https:\/\/www.meydan.tv\/az\/article\/musfiq-elesgerli-jurnalistleri-ele-salib\/#breadcrumb","itemListElement":[{"@type":"ListItem","position":1,"name":"Ana s\u0259hif\u0259","item":"https:\/\/www.meydan.tv\/az\/"},{"@type":"ListItem","position":2,"name":"M\u0259nim Fikrimc\u0259","item":"https:\/\/www.meydan.tv\/az\/section\/menim-fikrimce\/"},{"@type":"ListItem","position":3,"name":"M\u00fc\u015ffiq \u018fl\u0259sg\u0259rli jurnalistl\u0259ri \u0259l\u0259 sal\u0131b?!"}]},{"@type":"WebSite","@id":"https:\/\/www.meydan.tv\/az\/#website","url":"https:\/\/www.meydan.tv\/az\/","name":"MEYDAN.TV","description":"Meydan TV Az\u0259rbaycan\u0131n media m\u0259kan\u0131ndak\u0131 alternativ s\u0259sidir","publisher":{"@id":"https:\/\/www.meydan.tv\/az\/#organization"},"potentialAction":[{"@type":"SearchAction","target":{"@type":"EntryPoint","urlTemplate":"https:\/\/www.meydan.tv\/az\/?s={search_term_string}"},"query-input":{"@type":"PropertyValueSpecification","valueRequired":true,"valueName":"search_term_string"}}],"inLanguage":"az"},{"@type":"Organization","@id":"https:\/\/www.meydan.tv\/az\/#organization","name":"Meydan TV","url":"https:\/\/www.meydan.tv\/az\/","logo":{"@type":"ImageObject","inLanguage":"az","@id":"https:\/\/www.meydan.tv\/az\/#\/schema\/logo\/image\/","url":"https:\/\/www.meydan.tv\/wp-content\/uploads\/2021\/07\/meydan-logo.svg","contentUrl":"https:\/\/www.meydan.tv\/wp-content\/uploads\/2021\/07\/meydan-logo.svg","width":195,"height":46,"caption":"Meydan TV"},"image":{"@id":"https:\/\/www.meydan.tv\/az\/#\/schema\/logo\/image\/"}},{"@type":"Person","@id":"https:\/\/www.meydan.tv\/az\/#\/schema\/person\/10d11eccf6da3662cf5fdab9806ea91a","name":"user-manager"}]}},"_links":{"self":[{"href":"https:\/\/www.meydan.tv\/az\/wp-json\/wp\/v2\/posts\/166481","targetHints":{"allow":["GET"]}}],"collection":[{"href":"https:\/\/www.meydan.tv\/az\/wp-json\/wp\/v2\/posts"}],"about":[{"href":"https:\/\/www.meydan.tv\/az\/wp-json\/wp\/v2\/types\/post"}],"author":[{"embeddable":true,"href":"https:\/\/www.meydan.tv\/az\/wp-json\/wp\/v2\/users\/11"}],"replies":[{"embeddable":true,"href":"https:\/\/www.meydan.tv\/az\/wp-json\/wp\/v2\/comments?post=166481"}],"version-history":[{"count":0,"href":"https:\/\/www.meydan.tv\/az\/wp-json\/wp\/v2\/posts\/166481\/revisions"}],"wp:featuredmedia":[{"embeddable":true,"href":"https:\/\/www.meydan.tv\/az\/wp-json\/wp\/v2\/media\/18529"}],"wp:attachment":[{"href":"https:\/\/www.meydan.tv\/az\/wp-json\/wp\/v2\/media?parent=166481"}],"wp:term":[{"taxonomy":"category","embeddable":true,"href":"https:\/\/www.meydan.tv\/az\/wp-json\/wp\/v2\/categories?post=166481"},{"taxonomy":"post_tag","embeddable":true,"href":"https:\/\/www.meydan.tv\/az\/wp-json\/wp\/v2\/tags?post=166481"}],"curies":[{"name":"wp","href":"https:\/\/api.w.org\/{rel}","templated":true}]}}