{"id":166460,"date":"2015-01-10T04:12:37","date_gmt":"2015-01-10T04:12:37","guid":{"rendered":"https:\/\/www.meydan.tv\/article\/rengli-bayraq-arzusu-ile\/"},"modified":"2015-01-10T04:12:37","modified_gmt":"2015-01-10T04:12:37","slug":"rengli-bayraq-arzusu-ile","status":"publish","type":"post","link":"https:\/\/www.meydan.tv\/az\/article\/rengli-bayraq-arzusu-ile\/","title":{"rendered":"R\u0259ngli bayraq arzusu il\u0259"},"content":{"rendered":"<figure class=\"wp-block-image size-large\">\n  <img decoding=\"async\" src=\"https:\/\/www.meydan.tv\/az\/18427\/\" alt=\"\" class=\"wp-image-18427\"\/><figcaption><\/figcaption><\/figure>\n<figure class=\"wp-block-image size-large\">\n  <img decoding=\"async\" src=\"https:\/\/www.meydan.tv\/az\/18430\/\" alt=\"\" class=\"wp-image-18430\"\/><figcaption><\/figcaption><\/figure>\n<p>\n  <b><br \/>\n    Redaksiyadan: Meydan TV Zaur Qurbanl\u0131n\u0131n h\u0259bsd\u0259 oldu\u011fu m\u00fcdd\u0259td\u0259 yazd\u0131\u011f\u0131 m\u0259ktub v\u0259 yaz\u0131lar\u0131 yay\u0131nlama\u011fa davam edir. Bu m\u0259ktubda Zaur \u00f6t\u0259n il LGBT bayra\u011f\u0131 il\u0259 \u00f6z\u00fcn\u00fc asaraq intihar etmi\u015f \u0130sa \u015eahmarl\u0131n\u0131n \u00f6l\u00fcm\u00fc bar\u0259d\u0259 yaz\u0131r. \u0130nformasiya t\u0259cridi s\u0259s\u0259bind\u0259n \u0130san\u0131n intihar x\u0259b\u0259rini Zaur t\u0259xmin\u0259n bir il sonra \u00f6yr\u0259nib.<br \/>\n  <\/b>\n<\/p>\n<p>\n  <i><br \/>\n    Bu g\u00fcn &#8220;Marmot g\u00fcn\u00fc&#8221; filmin\u0259 baxd\u0131q &#8211; AzTV-nin t\u0259rc\u00fcm\u0259sind\u0259. &#8220;He&#8217;s gay&#8221; c\u00fcml\u0259sini &#8220;O, yax\u015f\u0131 adam deyil&#8221; kimi t\u0259rc\u00fcm\u0259 edildiyini g\u00f6r\u0259nd\u0259, \u00e7oxdan yazmaq ist\u0259diyim m\u00f6vzuda yazmaq q\u0259rar\u0131na g\u0259ldim.<br \/>\n  <\/i>\n<\/p>\n<p>\n  <i><br \/>\n    Rasist \u00f6lk\u0259d\u0259 ya\u015fay\u0131r\u0131q. Qad\u0131na ikinci d\u0259r\u0259c\u0259li adam v\u0259 ya insanab\u0259nz\u0259r meymun kimi yana\u015f\u0131lan \u00f6lk\u0259d\u0259 hormonoloji v\u0259 ya iradi olaraq qad\u0131n kimi olan ki\u015fil\u0259r\u0259 &#8220;yax\u015f\u0131 adam deyil&#8221; dem\u0259k t\u0259biidir. Bel\u0259 bir \u00f6lk\u0259d\u0259 bu &#8220;yax\u015f\u0131 olmayan&#8221; adamlar\u0131n intihar\u0131 da t\u0259biidir. Bu \u00f6lk\u0259d\u0259 vicdanl\u0131, l\u0259yaq\u0259tli, \u015f\u0259r\u0259fli, namuslu, qeyr\u0259tli, dindar, ateist adamlar\u0131n da intihar\u0131 t\u0259biidir. \u0130ntihar etm\u0259y\u0259nl\u0259ri q\u0131nam\u0131ram, q\u0259tiyy\u0259n. Onsuz da, \u0259traf\u0131m\u0131zda bir ne\u00e7\u0259 zidd h\u0259qiq\u0259tin yana\u015f\u0131 ya\u015fad\u0131\u011f\u0131na, h\u0259r birimizin iki v\u0259 daha \u00e7ox h\u0259yat\u0131 eyni zamanda ya\u015fad\u0131\u011f\u0131m\u0131za g\u00f6r\u0259, q\u0259rib\u0259 \u00f6lk\u0259nin sakinl\u0259ri say\u0131l\u0131r\u0131q, intihar etm\u0259diyimiz\u0259 g\u00f6r\u0259 yox.<br \/>\n  <\/i>\n<\/p>\n<p>\n  <i><br \/>\n    Amma hara f\u0131rlatsaq da, iki\u00fczl\u00fcy\u00fck. M\u00fcdirin\u0259 yaltaqlan\u0131b arvad\u0131na \u201exox\u201c g\u0259l\u0259n ki\u015fil\u0259r, H\u00fcseyn Cavidi t\u0259dris edib, lif\u00e7iyin\u0259 b\u00fclleten dolduran m\u00fc\u0259llim\u0259l\u0259r, &#8220;Hippokrat and\u0131&#8221; i\u00e7ib, \u0259m\u0259yinin 120 manat qiym\u0259tl\u0259ndirilm\u0259sin\u0259 d\u00f6z\u0259n h\u0259kiml\u0259r, atas\u0131ndan gizli siqaret \u00e7\u0259k\u0259n qaqa\u015flar, anas\u0131ndan gizli piv\u0259 i\u00e7\u0259n xan\u0131mlar, siyasi q\u0259rar verm\u0259kd\u0259n &#8220;pado\u015f olmu\u015fuq&#8221; dey\u0259n hakiml\u0259r, anal v\u0259 oral seks krallar\u0131 olan, eyni zamanda bakir\u0259liyini qoruyan q\u0131zlar, evl\u0259nm\u0259y\u0259 bakir\u0259 q\u0131z axtaran o\u011flanlar olaraq, ham\u0131m\u0131z iki\u00fczl\u00fcy\u00fck.<br \/>\n  <\/i>\n<\/p>\n<p>\n  <i><br \/>\n    \u0130ki\u00fczl\u00fc olmayan Faina Kunqurovad\u0131r &#8211; acl\u0131q aksiyas\u0131 ed\u0259nd\u0259 ac\u0131ndan \u00f6l\u00fcr; iki\u00fczl\u00fc olmayan Zaur H\u0259s\u0259novdur &#8211; intihar ed\u0259nd\u0259 \u00f6l\u00fcr; iki\u00fczl\u00fc olmayan Elmar H\u00fcseynovdur \u2013 a\u011fz\u0131na \u011f\u00fcll\u0259 at\u0131lana q\u0259d\u0259r susmur. M\u0259nim q\u0259hr\u0259manlar\u0131m yaln\u0131z \u00f6l\u00fcl\u0259r deyil. Amma bu yaz\u0131n\u0131n q\u0259hr\u0259man\u0131na h\u00f6rm\u0259t \u0259lam\u0259ti olaraq, yaln\u0131z \u00f6l\u00fc q\u0259hr\u0259manlar\u0131m\u0131 sadalay\u0131ram.<br \/>\n  <\/i>\n<\/p>\n<p>\n  <i><br \/>\n    M\u0259n \u0130sa \u015eahmarl\u0131n\u0131n LGBT bayra\u011f\u0131ndan \u00f6z\u00fcn\u00fc asd\u0131\u011f\u0131n\u0131 1 ay \u0259vv\u0259l \u00f6yr\u0259ndim. Bu, simvolika deyildi. Bu, ba\u015fdan-ba\u015fa iki\u00fczl\u00fcl\u0259rl\u0259 dolu \u00f6lk\u0259d\u0259 t\u0259k\u00fczl\u00fc olma\u011f\u0131n b\u0259yan\u0131 idi. Bu, bir liberal\u0131n AB-nin v\u0259 ya AB\u015e-\u0131n bayra\u011f\u0131ndan, sol\u00e7unun q\u0131rm\u0131z\u0131 oraq-\u00e7\u0259kicli par\u00e7adan, v\u0259t\u0259np\u0259rv\u0259rin Az\u0259rbaycan bayra\u011f\u0131ndan&#8230; \u00f6z\u00fcn\u00fc asmas\u0131 dem\u0259kdir. Kim edib bel\u0259?! Kimin c\u0259sar\u0259ti \u00e7at\u0131b?!<br \/>\n  <\/i>\n<\/p>\n<p>\n  <i><br \/>\n    O q\u0259d\u0259r iki\u00fczl\u00fcy\u00fck ki, \u00f6l\u0259nd\u0259 d\u0259 s\u0259ssiz, mesajs\u0131z \u00f6l\u00fcr\u00fck. K\u00f6rp\u00fcd\u0259n \u00f6z\u00fcn\u00fc atmaq ist\u0259y\u0259nl\u0259r\u0259 &#8220;tullan, tullan&#8221; dey\u0259nl\u0259ri q\u0131naya bil\u0259r\u0259m, amma o \u00e7a\u011f\u0131r\u0131\u015f normal q\u0259bul olunmal\u0131d\u0131r. Ham\u0131m\u0131z o h\u0259dd\u0259 \u00e7atanda, tullana bilm\u0259liyik.<br \/>\n  <\/i>\n<\/p>\n<p>\n  <i><br \/>\n    \u0130sa \u015eahmarl\u0131 deyirdi ki, &#8220;bu d\u00fcnya m\u0259nim r\u0259ngl\u0259rimi da\u015f\u0131yacaq g\u00fccd\u0259 deyil&#8221;. S\u0259mimi olsaq, ham\u0131m\u0131z \u0130san\u0131n g\u00fcn\u00fcnd\u0259yik. Bu \u00f6lk\u0259 hans\u0131m\u0131z\u0131n r\u0259ngl\u0259rini da\u015f\u0131yacaq g\u00fccd\u0259dir ki?! Mentalitetl\u0259 ya\u015fayan adam bu q\u0259d\u0259r namussuzlu\u011fu, qeyr\u0259tsizliyi niy\u0259 qald\u0131r\u0131r ki?! Liberal bu q\u0259d\u0259r imkan b\u0259rab\u0259rsizliyin\u0259, sol\u00e7u bu q\u0259d\u0259r sosial b\u0259rab\u0259rsizliy\u0259 niy\u0259 d\u00f6z\u00fcr ki?! \u00dcmumiyy\u0259tl\u0259, ham\u0131m\u0131z bu q\u0259d\u0259r al\u00e7almaya niy\u0259 d\u00f6z\u00fcr\u00fck ki?!<br \/>\n  <\/i>\n<\/p>\n<p>\n  <i><br \/>\n    \u0130sa d\u00f6zm\u0259di, s\u0259mimi oldu, \u00f6z\u00fcn\u00fc ifad\u0259 ed\u0259n r\u0259ngl\u0259rd\u0259n as\u0131ld\u0131 . M\u0259n humanizmin, liberalizmin, feminizmin bayra\u011f\u0131ndan \u00f6z\u00fcm\u00fc asa bilm\u0259diyim\u0259 g\u00f6r\u0259, \u0130sadan a\u015fa\u011f\u0131yam. D\u0259y\u0259rl\u0259rimizin h\u0259r an, h\u0259r saat tapdand\u0131\u011f\u0131n\u0131 g\u00f6r\u0259r\u0259k, ya\u015fay\u0131r\u0131qsa, n\u0259 yaz\u0131q biz\u0259.<br \/>\n  <\/i>\n<\/p>\n<p>\n  <i><br \/>\n    Bu yax\u0131nda m\u0259\u015fhur \u00fcz\u0259duran Tural Mustafayev bar\u0259d\u0259 yay\u0131lan m\u0259lumatda israrla qeyd edirdil\u0259r ki, o, \u0130sa \u015eahmarl\u0131 il\u0259 bir evd\u0259 qal\u0131b. Sanki bu, adam al\u00e7aldan bir \u015feymi\u015f. \u018fksin\u0259di, yolda\u015flar. Biz \u0130sa olma\u011fa g\u00fcc\u00fc \u00e7atmayan &#8220;al\u00e7ald\u0131lm\u0131\u015f v\u0259 t\u0259hqir edilmi\u015fl\u0259r&#8221;ik. Ham\u0131m\u0131z \u0130sa kimi olsayd\u0131q, s\u0259mimi, t\u0259k\u00fczl\u00fc, daha l\u0259yaq\u0259tli insan olard\u0131q.<br \/>\n  <\/i>\n<\/p>\n<p>\n  <i><br \/>\n    \u018fsl v\u0259t\u0259nda\u015f \u00f6lk\u0259d\u0259ki ger\u00e7\u0259kl\u0259ri g\u00f6r\u0259n v\u0259 \u0259n az\u0131ndan \u00e7atd\u0131ran adamd\u0131r. Bu q\u0259d\u0259r d\u0259h\u015f\u0259ti g\u00f6r\u00fcb h\u0259l\u0259 d\u0259 rahat ya\u015fayan adamlara r\u0259ngli bir bayraq v\u0259 \u0130sa \u015eahmarl\u0131 \u015f\u0259xsiyy\u0259ti arzulay\u0131ram.<br \/>\n  <\/i>\n<\/p>\n<p>\n  <b><br \/>\n    28.12.2014<br \/>\n  <\/b>\n<\/p>\n<p>\n  <b><br \/>\n    B\u0130T<br \/>\n  <\/b><\/p>\n","protected":false},"excerpt":{"rendered":"<p>M\u0259nim q\u0259hr\u0259manlar\u0131m yaln\u0131z \u00f6l\u00fcl\u0259r deyil&#8230;<\/p>\n","protected":false},"author":11,"featured_media":18427,"comment_status":"closed","ping_status":"open","sticky":false,"template":"","format":"standard","meta":{"_acf_changed":false,"_sitemap_exclude":false,"_sitemap_priority":"","_sitemap_frequency":"","footnotes":""},"categories":[57],"tags":[],"class_list":["post-166460","post","type-post","status-publish","format-standard","has-post-thumbnail","hentry","category-menim-fikrimce","infinite-scroll-item","generate-columns","tablet-grid-50","mobile-grid-100","grid-parent","grid-33","no-featured-image-padding"],"acf":[],"yoast_head":"<!-- This site is optimized with the Yoast SEO plugin v27.4 - https:\/\/yoast.com\/product\/yoast-seo-wordpress\/ -->\n<title>R\u0259ngli bayraq arzusu il\u0259 - MEYDAN.TV<\/title>\n<meta name=\"robots\" content=\"index, follow, max-snippet:-1, max-image-preview:large, max-video-preview:-1\" \/>\n<link rel=\"canonical\" href=\"https:\/\/www.meydan.tv\/az\/article\/rengli-bayraq-arzusu-ile\/\" \/>\n<meta property=\"og:locale\" content=\"az_AZ\" \/>\n<meta property=\"og:type\" content=\"article\" \/>\n<meta property=\"og:title\" content=\"R\u0259ngli bayraq arzusu il\u0259 - MEYDAN.TV\" \/>\n<meta property=\"og:description\" content=\"M\u0259nim q\u0259hr\u0259manlar\u0131m yaln\u0131z \u00f6l\u00fcl\u0259r deyil...\" \/>\n<meta property=\"og:url\" content=\"https:\/\/www.meydan.tv\/az\/article\/rengli-bayraq-arzusu-ile\/\" \/>\n<meta property=\"og:site_name\" content=\"MEYDAN.TV\" \/>\n<meta property=\"article:published_time\" content=\"2015-01-10T04:12:37+00:00\" \/>\n<meta property=\"og:image\" content=\"https:\/\/www.meydan.tv\/wp-content\/uploads\/6605.jpg\" \/>\n\t<meta property=\"og:image:width\" content=\"500\" \/>\n\t<meta property=\"og:image:height\" content=\"500\" \/>\n\t<meta property=\"og:image:type\" content=\"image\/jpeg\" \/>\n<meta name=\"author\" content=\"user-manager\" \/>\n<meta name=\"twitter:card\" content=\"summary_large_image\" \/>\n<script type=\"application\/ld+json\" class=\"yoast-schema-graph\">{\"@context\":\"https:\\\/\\\/schema.org\",\"@graph\":[{\"@type\":\"Article\",\"@id\":\"https:\\\/\\\/www.meydan.tv\\\/az\\\/article\\\/rengli-bayraq-arzusu-ile\\\/#article\",\"isPartOf\":{\"@id\":\"https:\\\/\\\/www.meydan.tv\\\/az\\\/article\\\/rengli-bayraq-arzusu-ile\\\/\"},\"author\":{\"name\":\"user-manager\",\"@id\":\"https:\\\/\\\/www.meydan.tv\\\/az\\\/#\\\/schema\\\/person\\\/10d11eccf6da3662cf5fdab9806ea91a\"},\"headline\":\"R\u0259ngli bayraq arzusu il\u0259\",\"datePublished\":\"2015-01-10T04:12:37+00:00\",\"mainEntityOfPage\":{\"@id\":\"https:\\\/\\\/www.meydan.tv\\\/az\\\/article\\\/rengli-bayraq-arzusu-ile\\\/\"},\"wordCount\":885,\"publisher\":{\"@id\":\"https:\\\/\\\/www.meydan.tv\\\/az\\\/#organization\"},\"image\":{\"@id\":\"https:\\\/\\\/www.meydan.tv\\\/az\\\/article\\\/rengli-bayraq-arzusu-ile\\\/#primaryimage\"},\"thumbnailUrl\":\"https:\\\/\\\/www.meydan.tv\\\/wp-content\\\/uploads\\\/6605.jpg\",\"articleSection\":[\"M\u0259nim Fikrimc\u0259\"],\"inLanguage\":\"az\"},{\"@type\":\"WebPage\",\"@id\":\"https:\\\/\\\/www.meydan.tv\\\/az\\\/article\\\/rengli-bayraq-arzusu-ile\\\/\",\"url\":\"https:\\\/\\\/www.meydan.tv\\\/az\\\/article\\\/rengli-bayraq-arzusu-ile\\\/\",\"name\":\"R\u0259ngli bayraq arzusu il\u0259 - MEYDAN.TV\",\"isPartOf\":{\"@id\":\"https:\\\/\\\/www.meydan.tv\\\/az\\\/#website\"},\"primaryImageOfPage\":{\"@id\":\"https:\\\/\\\/www.meydan.tv\\\/az\\\/article\\\/rengli-bayraq-arzusu-ile\\\/#primaryimage\"},\"image\":{\"@id\":\"https:\\\/\\\/www.meydan.tv\\\/az\\\/article\\\/rengli-bayraq-arzusu-ile\\\/#primaryimage\"},\"thumbnailUrl\":\"https:\\\/\\\/www.meydan.tv\\\/wp-content\\\/uploads\\\/6605.jpg\",\"datePublished\":\"2015-01-10T04:12:37+00:00\",\"breadcrumb\":{\"@id\":\"https:\\\/\\\/www.meydan.tv\\\/az\\\/article\\\/rengli-bayraq-arzusu-ile\\\/#breadcrumb\"},\"inLanguage\":\"az\",\"potentialAction\":[{\"@type\":\"ReadAction\",\"target\":[\"https:\\\/\\\/www.meydan.tv\\\/az\\\/article\\\/rengli-bayraq-arzusu-ile\\\/\"]}]},{\"@type\":\"ImageObject\",\"inLanguage\":\"az\",\"@id\":\"https:\\\/\\\/www.meydan.tv\\\/az\\\/article\\\/rengli-bayraq-arzusu-ile\\\/#primaryimage\",\"url\":\"https:\\\/\\\/www.meydan.tv\\\/wp-content\\\/uploads\\\/6605.jpg\",\"contentUrl\":\"https:\\\/\\\/www.meydan.tv\\\/wp-content\\\/uploads\\\/6605.jpg\",\"width\":500,\"height\":500,\"caption\":\"Source:\"},{\"@type\":\"BreadcrumbList\",\"@id\":\"https:\\\/\\\/www.meydan.tv\\\/az\\\/article\\\/rengli-bayraq-arzusu-ile\\\/#breadcrumb\",\"itemListElement\":[{\"@type\":\"ListItem\",\"position\":1,\"name\":\"Ana s\u0259hif\u0259\",\"item\":\"https:\\\/\\\/www.meydan.tv\\\/az\\\/\"},{\"@type\":\"ListItem\",\"position\":2,\"name\":\"M\u0259nim Fikrimc\u0259\",\"item\":\"https:\\\/\\\/www.meydan.tv\\\/az\\\/section\\\/menim-fikrimce\\\/\"},{\"@type\":\"ListItem\",\"position\":3,\"name\":\"R\u0259ngli bayraq arzusu il\u0259\"}]},{\"@type\":\"WebSite\",\"@id\":\"https:\\\/\\\/www.meydan.tv\\\/az\\\/#website\",\"url\":\"https:\\\/\\\/www.meydan.tv\\\/az\\\/\",\"name\":\"MEYDAN.TV\",\"description\":\"Meydan TV Az\u0259rbaycan\u0131n media m\u0259kan\u0131ndak\u0131 alternativ s\u0259sidir\",\"publisher\":{\"@id\":\"https:\\\/\\\/www.meydan.tv\\\/az\\\/#organization\"},\"potentialAction\":[{\"@type\":\"SearchAction\",\"target\":{\"@type\":\"EntryPoint\",\"urlTemplate\":\"https:\\\/\\\/www.meydan.tv\\\/az\\\/?s={search_term_string}\"},\"query-input\":{\"@type\":\"PropertyValueSpecification\",\"valueRequired\":true,\"valueName\":\"search_term_string\"}}],\"inLanguage\":\"az\"},{\"@type\":\"Organization\",\"@id\":\"https:\\\/\\\/www.meydan.tv\\\/az\\\/#organization\",\"name\":\"Meydan TV\",\"url\":\"https:\\\/\\\/www.meydan.tv\\\/az\\\/\",\"logo\":{\"@type\":\"ImageObject\",\"inLanguage\":\"az\",\"@id\":\"https:\\\/\\\/www.meydan.tv\\\/az\\\/#\\\/schema\\\/logo\\\/image\\\/\",\"url\":\"https:\\\/\\\/www.meydan.tv\\\/wp-content\\\/uploads\\\/2021\\\/07\\\/meydan-logo.svg\",\"contentUrl\":\"https:\\\/\\\/www.meydan.tv\\\/wp-content\\\/uploads\\\/2021\\\/07\\\/meydan-logo.svg\",\"width\":195,\"height\":46,\"caption\":\"Meydan TV\"},\"image\":{\"@id\":\"https:\\\/\\\/www.meydan.tv\\\/az\\\/#\\\/schema\\\/logo\\\/image\\\/\"}},{\"@type\":\"Person\",\"@id\":\"https:\\\/\\\/www.meydan.tv\\\/az\\\/#\\\/schema\\\/person\\\/10d11eccf6da3662cf5fdab9806ea91a\",\"name\":\"user-manager\"}]}<\/script>\n<!-- \/ Yoast SEO plugin. -->","yoast_head_json":{"title":"R\u0259ngli bayraq arzusu il\u0259 - MEYDAN.TV","robots":{"index":"index","follow":"follow","max-snippet":"max-snippet:-1","max-image-preview":"max-image-preview:large","max-video-preview":"max-video-preview:-1"},"canonical":"https:\/\/www.meydan.tv\/az\/article\/rengli-bayraq-arzusu-ile\/","og_locale":"az_AZ","og_type":"article","og_title":"R\u0259ngli bayraq arzusu il\u0259 - MEYDAN.TV","og_description":"M\u0259nim q\u0259hr\u0259manlar\u0131m yaln\u0131z \u00f6l\u00fcl\u0259r deyil...","og_url":"https:\/\/www.meydan.tv\/az\/article\/rengli-bayraq-arzusu-ile\/","og_site_name":"MEYDAN.TV","article_published_time":"2015-01-10T04:12:37+00:00","og_image":[{"width":500,"height":500,"url":"https:\/\/www.meydan.tv\/wp-content\/uploads\/6605.jpg","type":"image\/jpeg"}],"author":"user-manager","twitter_card":"summary_large_image","schema":{"@context":"https:\/\/schema.org","@graph":[{"@type":"Article","@id":"https:\/\/www.meydan.tv\/az\/article\/rengli-bayraq-arzusu-ile\/#article","isPartOf":{"@id":"https:\/\/www.meydan.tv\/az\/article\/rengli-bayraq-arzusu-ile\/"},"author":{"name":"user-manager","@id":"https:\/\/www.meydan.tv\/az\/#\/schema\/person\/10d11eccf6da3662cf5fdab9806ea91a"},"headline":"R\u0259ngli bayraq arzusu il\u0259","datePublished":"2015-01-10T04:12:37+00:00","mainEntityOfPage":{"@id":"https:\/\/www.meydan.tv\/az\/article\/rengli-bayraq-arzusu-ile\/"},"wordCount":885,"publisher":{"@id":"https:\/\/www.meydan.tv\/az\/#organization"},"image":{"@id":"https:\/\/www.meydan.tv\/az\/article\/rengli-bayraq-arzusu-ile\/#primaryimage"},"thumbnailUrl":"https:\/\/www.meydan.tv\/wp-content\/uploads\/6605.jpg","articleSection":["M\u0259nim Fikrimc\u0259"],"inLanguage":"az"},{"@type":"WebPage","@id":"https:\/\/www.meydan.tv\/az\/article\/rengli-bayraq-arzusu-ile\/","url":"https:\/\/www.meydan.tv\/az\/article\/rengli-bayraq-arzusu-ile\/","name":"R\u0259ngli bayraq arzusu il\u0259 - MEYDAN.TV","isPartOf":{"@id":"https:\/\/www.meydan.tv\/az\/#website"},"primaryImageOfPage":{"@id":"https:\/\/www.meydan.tv\/az\/article\/rengli-bayraq-arzusu-ile\/#primaryimage"},"image":{"@id":"https:\/\/www.meydan.tv\/az\/article\/rengli-bayraq-arzusu-ile\/#primaryimage"},"thumbnailUrl":"https:\/\/www.meydan.tv\/wp-content\/uploads\/6605.jpg","datePublished":"2015-01-10T04:12:37+00:00","breadcrumb":{"@id":"https:\/\/www.meydan.tv\/az\/article\/rengli-bayraq-arzusu-ile\/#breadcrumb"},"inLanguage":"az","potentialAction":[{"@type":"ReadAction","target":["https:\/\/www.meydan.tv\/az\/article\/rengli-bayraq-arzusu-ile\/"]}]},{"@type":"ImageObject","inLanguage":"az","@id":"https:\/\/www.meydan.tv\/az\/article\/rengli-bayraq-arzusu-ile\/#primaryimage","url":"https:\/\/www.meydan.tv\/wp-content\/uploads\/6605.jpg","contentUrl":"https:\/\/www.meydan.tv\/wp-content\/uploads\/6605.jpg","width":500,"height":500,"caption":"Source:"},{"@type":"BreadcrumbList","@id":"https:\/\/www.meydan.tv\/az\/article\/rengli-bayraq-arzusu-ile\/#breadcrumb","itemListElement":[{"@type":"ListItem","position":1,"name":"Ana s\u0259hif\u0259","item":"https:\/\/www.meydan.tv\/az\/"},{"@type":"ListItem","position":2,"name":"M\u0259nim Fikrimc\u0259","item":"https:\/\/www.meydan.tv\/az\/section\/menim-fikrimce\/"},{"@type":"ListItem","position":3,"name":"R\u0259ngli bayraq arzusu il\u0259"}]},{"@type":"WebSite","@id":"https:\/\/www.meydan.tv\/az\/#website","url":"https:\/\/www.meydan.tv\/az\/","name":"MEYDAN.TV","description":"Meydan TV Az\u0259rbaycan\u0131n media m\u0259kan\u0131ndak\u0131 alternativ s\u0259sidir","publisher":{"@id":"https:\/\/www.meydan.tv\/az\/#organization"},"potentialAction":[{"@type":"SearchAction","target":{"@type":"EntryPoint","urlTemplate":"https:\/\/www.meydan.tv\/az\/?s={search_term_string}"},"query-input":{"@type":"PropertyValueSpecification","valueRequired":true,"valueName":"search_term_string"}}],"inLanguage":"az"},{"@type":"Organization","@id":"https:\/\/www.meydan.tv\/az\/#organization","name":"Meydan TV","url":"https:\/\/www.meydan.tv\/az\/","logo":{"@type":"ImageObject","inLanguage":"az","@id":"https:\/\/www.meydan.tv\/az\/#\/schema\/logo\/image\/","url":"https:\/\/www.meydan.tv\/wp-content\/uploads\/2021\/07\/meydan-logo.svg","contentUrl":"https:\/\/www.meydan.tv\/wp-content\/uploads\/2021\/07\/meydan-logo.svg","width":195,"height":46,"caption":"Meydan TV"},"image":{"@id":"https:\/\/www.meydan.tv\/az\/#\/schema\/logo\/image\/"}},{"@type":"Person","@id":"https:\/\/www.meydan.tv\/az\/#\/schema\/person\/10d11eccf6da3662cf5fdab9806ea91a","name":"user-manager"}]}},"_links":{"self":[{"href":"https:\/\/www.meydan.tv\/az\/wp-json\/wp\/v2\/posts\/166460","targetHints":{"allow":["GET"]}}],"collection":[{"href":"https:\/\/www.meydan.tv\/az\/wp-json\/wp\/v2\/posts"}],"about":[{"href":"https:\/\/www.meydan.tv\/az\/wp-json\/wp\/v2\/types\/post"}],"author":[{"embeddable":true,"href":"https:\/\/www.meydan.tv\/az\/wp-json\/wp\/v2\/users\/11"}],"replies":[{"embeddable":true,"href":"https:\/\/www.meydan.tv\/az\/wp-json\/wp\/v2\/comments?post=166460"}],"version-history":[{"count":0,"href":"https:\/\/www.meydan.tv\/az\/wp-json\/wp\/v2\/posts\/166460\/revisions"}],"wp:featuredmedia":[{"embeddable":true,"href":"https:\/\/www.meydan.tv\/az\/wp-json\/wp\/v2\/media\/18427"}],"wp:attachment":[{"href":"https:\/\/www.meydan.tv\/az\/wp-json\/wp\/v2\/media?parent=166460"}],"wp:term":[{"taxonomy":"category","embeddable":true,"href":"https:\/\/www.meydan.tv\/az\/wp-json\/wp\/v2\/categories?post=166460"},{"taxonomy":"post_tag","embeddable":true,"href":"https:\/\/www.meydan.tv\/az\/wp-json\/wp\/v2\/tags?post=166460"}],"curies":[{"name":"wp","href":"https:\/\/api.w.org\/{rel}","templated":true}]}}