{"id":166392,"date":"2015-01-04T04:12:42","date_gmt":"2015-01-04T04:12:42","guid":{"rendered":"https:\/\/www.meydan.tv\/article\/reso\/"},"modified":"2015-01-04T04:12:42","modified_gmt":"2015-01-04T04:12:42","slug":"reso","status":"publish","type":"post","link":"https:\/\/www.meydan.tv\/az\/article\/reso\/","title":{"rendered":"R\u0259\u015fo"},"content":{"rendered":"<figure class=\"wp-block-image size-large\">\n  <img decoding=\"async\" src=\"https:\/\/www.meydan.tv\/az\/18199\/\" alt=\"\" class=\"wp-image-18199\"\/><figcaption><\/figcaption><\/figure>\n<figure class=\"wp-block-image size-large\">\n  <img decoding=\"async\" src=\"https:\/\/www.meydan.tv\/az\/18202\/\" alt=\"\" class=\"wp-image-18202\"\/><figcaption><\/figcaption><\/figure>\n<p>\n  <b><br \/>\n    Redaksiyadan: Zaur Qurbanl\u0131 bu m\u0259ktubu h\u0259bsd\u0259 olanda yaz\u0131b. M\u0259ktub N\u0130DA VH-nin \u00fczv\u00fc R\u0259\u015fad\u0259t Axundova \u00fcnvanlan\u0131b.<br \/>\n  <\/b>\n<\/p>\n<p>\n  G\u0259r\u0259k, g\u0259ldi, yazasan. Yoxsa bir ay qalm\u0131\u015f yazmazd\u0131m. Araz\u0131n do\u011fum g\u00fcn\u00fcnd\u0259 yazard\u0131m. 2011-ci ild\u0259 bizim bir \u201cPartizan\u201d adl\u0131 qrupumuz var idi. Sonra qrupa Turqut, \u00dczeyir, R\u0259\u015fad\u0259t qo\u015fuldu. O vaxt ictimai sektorda yeni idim. \u00dczeyiri \u0259vv\u0259ld\u0259n az-maz tan\u0131y\u0131rd\u0131m. Turqut v\u0259 R\u0259\u015fad\u0259ti is\u0259 he\u00e7 g\u00f6rm\u0259mi\u015fdim. \u0130nc\u0259liyin\u0259 q\u0259d\u0259r demir\u0259m, \u201cPartizan\u201dda bir se\u00e7im an\u0131 oldu v\u0259 m\u0259n bu 3 n\u0259f\u0259ri se\u00e7dim. (Sonra birlikd\u0259 \u201cNida\u201dn\u0131 yaratd\u0131q). N\u0259 yax\u015f\u0131 ki, bel\u0259 el\u0259dim. H\u0259yat\u0131m\u0131n \u0259n do\u011fru se\u00e7iml\u0259rind\u0259ndir. Onlar ham\u0131s\u0131 m\u0259n\u0259 \u0259zizdirl\u0259r. Amma s\u0259mimi olum. R\u0259\u015fad\u0259t az\u0131 bir k\u00f6yn\u0259k daha yax\u0131nd\u0131r. M\u0259nc\u0259 ham\u0131 m\u0259nim kimi hiss edir- R\u0259\u015fad\u0259ti tan\u0131yan ham\u0131. H\u0259r k\u0259s\u0259 do\u011fma.\n<\/p>\n<p>\n  \u201cFuck oil\u201d mitinqi kimi m\u0259\u015fhur olan kadrdan ba\u015fqa R\u0259\u015fad\u0259t haqda \u0259m\u0259lli bilgi yox idi. Sonra tan\u0131\u015fd\u0131m v\u0259 sevdim. H\u0259qiq\u0259t\u0259n,sevdim .Bir d\u0259f\u0259 \u0130smi m\u0259n\u0259 demi\u015fdi ki, sizi sevir\u0259m (h\u0259bsd\u0259kil\u0259ri deyirdi). O q\u0259d\u0259r s\u0259mimi demi\u015fdi ki, m\u0259nim \u00fc\u00e7\u00fcn ana, v\u0259t\u0259n, qad\u0131n v\u0259 s. sevgisind\u0259n ba\u015fqa bir d\u0259 bel\u0259 bir sevginin oldu\u011funun f\u0259rqin\u0259 vard\u0131m. Bu, dost,m\u00fcbariz\u0259, n\u0259 bilim n\u0259 sevgisidir, bilmir\u0259m. Amma m\u0259n R\u0259\u015fad\u0259ti bu sevgi il\u0259 sevir\u0259m. Siz bilirsiniz ki, R\u0259\u015fad\u0259tin g\u00fccl\u00fc, f\u00f6vq\u0259lad\u0259 t\u0259\u015fkilat\u00e7\u0131l\u0131q qabiliyy\u0259ti, yaxud avtoritarizmi, n\u0259 bilim, \u00f6z\u00fcn\u0259 bir q\u0259d\u0259r h\u00f6rm\u0259t qazand\u0131racaq ekstraordinar qabiliyy\u0259ti yoxdur?! Amma onun \u0259traf\u0131ndak\u0131lar bilirl\u0259r ki, o, h\u0259mi\u015f\u0259 \u0259n n\u00fcfuzlu, \u0259n \u00e7ox h\u00f6rm\u0259t olunand\u0131r. \u201cNida\u201d \u0130dar\u0259 Hey\u0259ti se\u00e7kil\u0259rind\u0259n birind\u0259 m\u0259n R\u0259\u015fad\u0259t q\u0259d\u0259r s\u0259s alm\u0131\u015fd\u0131m. V\u0259 bu, m\u0259nim n\u00fcfuzumu xeyli art\u0131rd\u0131.\n<\/p>\n<p>\n  \u201cR\u0259\u015fad\u0259t q\u0259d\u0259r\u201d, \u201cR\u0259\u015fad\u0259t kimi\u201d&#8230;o, bizim etalonumuzdur-c\u0259sar\u0259t, vicdan, s\u0259mimiyy\u0259t, m\u00fcbarizlik,dostluq, yolda\u015fl\u0131q&#8230;. etalonumuz. Bir d\u0259f\u0259 Nida\u00e7\u0131larla aramda anla\u015f\u0131lmazl\u0131q yaranm\u0131\u015fd\u0131.S\u0259hvimi ba\u015fa salmaqdan \u00f6tr\u00fc R\u0259\u015fad\u0259tl\u0259 t\u0259kb\u0259t\u0259k g\u00f6r\u00fc\u015fd\u00fcm. O g\u00f6r\u00fc\u015fd\u0259 dan\u0131\u015fd\u0131\u011f\u0131m adam\u0131 t\u0259svir ed\u0259 bilm\u0259y\u0259c\u0259m. Sad\u0259c\u0259 onu deyim ki, onda g\u00f6rd\u00fcy\u00fcm s\u0259mimiyy\u0259t m\u0259nd\u0259 bir fikri q\u0259til\u0259\u015fdirdi &#8211; m\u0259n onun tutdu\u011fu, getdiyi yolda ba\u015f\u0131m\u0131 qoyma\u011fa haz\u0131r olmal\u0131yam.\n<\/p>\n<p>\n  Yeni tutulanda bir-birimizi g\u00f6rm\u00fcrd\u00fck. Bir d\u0259f\u0259 T\u0259cridxanada v\u0259kilin yan\u0131ndan \u00e7\u0131xanda g\u00f6rd\u00fcm R\u0259\u015fad\u0259t qon\u015fu otaqdad\u0131r. Art\u0131q aylar idi ki, g\u00f6r\u00fc\u015fm\u00fcrd\u00fck. N\u0259zar\u0259t\u00e7il\u0259r yeti\u015f\u0259n\u0259 q\u0259d\u0259r g\u00f6r\u00fc\u015f\u0259 bildik. N\u0259d\u0259ns\u0259 onda m\u0259n\u0259 el\u0259 g\u0259ldi ki , \u201cFuck oil\u201d \u015f\u0259kli il\u0259 qucaqla\u015f\u0131ram. R\u0259\u015fad\u0259t he\u00e7 vaxt fotogenik olmayacaq. \u00c7\u00fcnki o q\u0259d\u0259r s\u0259mimidir ki, h\u0259mi\u015f\u0259 adama yax\u0131n olur. H\u0259min o \u201cfuck oil\u201d \u015f\u0259klin\u0259 bax\u0131n, ordan n\u0259 t\u0259\u0259ss\u00fcrat alsan\u0131z, \u0259min olun ki, R\u0259\u015fad\u0259t odur.\n<\/p>\n<p>\n  Son m\u0259hk\u0259m\u0259 prosesl\u0259rind\u0259n birind\u0259 hal \u015fahidi g\u0259tirmi\u015fdil\u0259r \u00fcz\u00fcm\u00fcz\u0259 durma\u011fa. Y\u0259qin xat\u0131rlay\u0131rs\u0131n\u0131z-s\u00fcp\u00fcrg\u0259\u00e7i paltar\u0131nda, m\u0259zlum, yaz\u0131q, b\u0259db\u0259xt xalq\u0131m\u0131z\u0131n tipik sur\u0259ti. Ham\u0131m\u0131z t\u0259sirl\u0259ndik. Amma R\u0259\u015fad\u0259t\u0259 baxanda m\u0259n m\u0259hv oldum. G\u00f6zl\u0259ri dolmu\u015fdu &#8211; \u201cbu xalq\u0131 n\u0259 g\u00fcn\u0259 qoyublar\u201d?! dey\u0259. \u018flb\u0259tt\u0259, siyasi m\u0259hbus kimi mill\u0259tin i\u015f\u0131qlar\u0131n\u0131 t\u00fcrm\u0259l\u0259r\u0259 doldurublar. Amma o anda bir \u015feyi fikirl\u0259\u015firdim: \u201cax\u0131, bu adam\u0131 nec\u0259 tutmaq olar? \u201cR\u0259\u015fad\u0259t el\u0259 bir i\u015f\u0131qd\u0131r ki, onu tutmaq Stalinizmd\u0259n daha art\u0131q q\u0259ddarl\u0131qd\u0131r, kimi g\u0259lmi\u015fdi onda m\u0259n\u0259.\n<\/p>\n<p>\n  Adam \u0259n \u00e7ox inand\u0131\u011f\u0131 d\u0259y\u0259rl\u0259r\u0259 d\u0259 h\u0259rd\u0259n \u015f\u00fcbh\u0259 edir. \u018fn g\u00fccl\u00fc \u015f\u00fcbh\u0259l\u0259rimd\u0259 d\u0259 m\u0259nim yol g\u00f6st\u0259r\u0259n bir i\u015f\u0131\u011f\u0131m olur. M\u0259n bilir\u0259m ki, R\u0259\u015fad\u0259tl\u0259 bir yoldayam. \u00d6z\u00fcn\u0259 d\u0259 demi\u015f\u0259m. SSR\u0130-d\u0259n d\u0259 totalitar rejimd\u0259 olsaq, bu meydana \u00e7\u0131xma\u011fa vicdanl\u0131 adam axtarsam, R\u0259\u015fad\u0259t yan\u0131mda olacaq. S\u0131rf ona g\u00f6r\u0259 ki 1968-d\u0259 Praqaya d\u0259st\u0259k \u00fc\u00e7\u00fcn Q\u0131z\u0131l Meydana \u00e7\u0131xan 7 n\u0259f\u0259rd\u0259n biri dediyi kimi, g\u00f6st\u0259r\u0259k ki, bu xalq h\u0259l\u0259 \u00f6lm\u0259yib.1 ay \u0259vv\u0259ld\u0259n t\u0259brik edir\u0259m, ba\u015fqan. S\u0259nin qeyr\u0259tini 9 milyona b\u00f6l\u00fcb, bu camaata paylasayd\u0131q, d\u00fcnyan\u0131n \u0259n azad \u00f6lk\u0259si olard\u0131q.<br \/>\n  <br \/>\n  S\u0259ni sevir\u0259m, Re\u015fo.\n<\/p>\n<p>\n  <i><br \/>\n    <b><br \/>\n      Zaur Qurbanl\u0131<br \/>\n    <\/b><br \/>\n  <\/i><br \/>\n  <br \/>\n  <i><br \/>\n    <b><br \/>\n      18.03.2014<br \/>\n    <\/b><br \/>\n  <\/i><br \/>\n  <i><br \/>\n    <b><br \/>\n      Bak\u0131 \u0130stintaq T\u0259cridxanas\u0131<br \/>\n    <\/b><br \/>\n  <\/i><\/p>\n","protected":false},"excerpt":{"rendered":"<p>S\u0259nin qeyr\u0259tini 9 milyona b\u00f6l\u00fcb, bu camaata paylasayd\u0131q&#8230;<\/p>\n","protected":false},"author":11,"featured_media":18199,"comment_status":"closed","ping_status":"open","sticky":false,"template":"","format":"standard","meta":{"_acf_changed":false,"_sitemap_exclude":false,"_sitemap_priority":"","_sitemap_frequency":"","footnotes":""},"categories":[57],"tags":[],"class_list":["post-166392","post","type-post","status-publish","format-standard","has-post-thumbnail","hentry","category-menim-fikrimce","infinite-scroll-item","generate-columns","tablet-grid-50","mobile-grid-100","grid-parent","grid-33","no-featured-image-padding"],"acf":[],"yoast_head":"<!-- This site is optimized with the Yoast SEO plugin v27.4 - https:\/\/yoast.com\/product\/yoast-seo-wordpress\/ -->\n<title>R\u0259\u015fo - MEYDAN.TV<\/title>\n<meta name=\"robots\" content=\"index, follow, max-snippet:-1, max-image-preview:large, max-video-preview:-1\" \/>\n<link rel=\"canonical\" href=\"https:\/\/www.meydan.tv\/az\/article\/reso\/\" \/>\n<meta property=\"og:locale\" content=\"az_AZ\" \/>\n<meta property=\"og:type\" content=\"article\" \/>\n<meta property=\"og:title\" content=\"R\u0259\u015fo - MEYDAN.TV\" \/>\n<meta property=\"og:description\" content=\"S\u0259nin qeyr\u0259tini 9 milyona b\u00f6l\u00fcb, bu camaata paylasayd\u0131q...\" \/>\n<meta property=\"og:url\" content=\"https:\/\/www.meydan.tv\/az\/article\/reso\/\" \/>\n<meta property=\"og:site_name\" content=\"MEYDAN.TV\" \/>\n<meta property=\"article:published_time\" content=\"2015-01-04T04:12:42+00:00\" \/>\n<meta property=\"og:image\" content=\"https:\/\/www.meydan.tv\/wp-content\/uploads\/6517.jpg\" \/>\n\t<meta property=\"og:image:width\" content=\"500\" \/>\n\t<meta property=\"og:image:height\" content=\"500\" \/>\n\t<meta property=\"og:image:type\" content=\"image\/jpeg\" \/>\n<meta name=\"author\" content=\"user-manager\" \/>\n<meta name=\"twitter:card\" content=\"summary_large_image\" \/>\n<script type=\"application\/ld+json\" class=\"yoast-schema-graph\">{\"@context\":\"https:\\\/\\\/schema.org\",\"@graph\":[{\"@type\":\"Article\",\"@id\":\"https:\\\/\\\/www.meydan.tv\\\/az\\\/article\\\/reso\\\/#article\",\"isPartOf\":{\"@id\":\"https:\\\/\\\/www.meydan.tv\\\/az\\\/article\\\/reso\\\/\"},\"author\":{\"name\":\"user-manager\",\"@id\":\"https:\\\/\\\/www.meydan.tv\\\/az\\\/#\\\/schema\\\/person\\\/10d11eccf6da3662cf5fdab9806ea91a\"},\"headline\":\"R\u0259\u015fo\",\"datePublished\":\"2015-01-04T04:12:42+00:00\",\"mainEntityOfPage\":{\"@id\":\"https:\\\/\\\/www.meydan.tv\\\/az\\\/article\\\/reso\\\/\"},\"wordCount\":859,\"publisher\":{\"@id\":\"https:\\\/\\\/www.meydan.tv\\\/az\\\/#organization\"},\"image\":{\"@id\":\"https:\\\/\\\/www.meydan.tv\\\/az\\\/article\\\/reso\\\/#primaryimage\"},\"thumbnailUrl\":\"https:\\\/\\\/www.meydan.tv\\\/wp-content\\\/uploads\\\/6517.jpg\",\"articleSection\":[\"M\u0259nim Fikrimc\u0259\"],\"inLanguage\":\"az\"},{\"@type\":\"WebPage\",\"@id\":\"https:\\\/\\\/www.meydan.tv\\\/az\\\/article\\\/reso\\\/\",\"url\":\"https:\\\/\\\/www.meydan.tv\\\/az\\\/article\\\/reso\\\/\",\"name\":\"R\u0259\u015fo - MEYDAN.TV\",\"isPartOf\":{\"@id\":\"https:\\\/\\\/www.meydan.tv\\\/az\\\/#website\"},\"primaryImageOfPage\":{\"@id\":\"https:\\\/\\\/www.meydan.tv\\\/az\\\/article\\\/reso\\\/#primaryimage\"},\"image\":{\"@id\":\"https:\\\/\\\/www.meydan.tv\\\/az\\\/article\\\/reso\\\/#primaryimage\"},\"thumbnailUrl\":\"https:\\\/\\\/www.meydan.tv\\\/wp-content\\\/uploads\\\/6517.jpg\",\"datePublished\":\"2015-01-04T04:12:42+00:00\",\"breadcrumb\":{\"@id\":\"https:\\\/\\\/www.meydan.tv\\\/az\\\/article\\\/reso\\\/#breadcrumb\"},\"inLanguage\":\"az\",\"potentialAction\":[{\"@type\":\"ReadAction\",\"target\":[\"https:\\\/\\\/www.meydan.tv\\\/az\\\/article\\\/reso\\\/\"]}]},{\"@type\":\"ImageObject\",\"inLanguage\":\"az\",\"@id\":\"https:\\\/\\\/www.meydan.tv\\\/az\\\/article\\\/reso\\\/#primaryimage\",\"url\":\"https:\\\/\\\/www.meydan.tv\\\/wp-content\\\/uploads\\\/6517.jpg\",\"contentUrl\":\"https:\\\/\\\/www.meydan.tv\\\/wp-content\\\/uploads\\\/6517.jpg\",\"width\":500,\"height\":500,\"caption\":\"Source:\"},{\"@type\":\"BreadcrumbList\",\"@id\":\"https:\\\/\\\/www.meydan.tv\\\/az\\\/article\\\/reso\\\/#breadcrumb\",\"itemListElement\":[{\"@type\":\"ListItem\",\"position\":1,\"name\":\"Ana s\u0259hif\u0259\",\"item\":\"https:\\\/\\\/www.meydan.tv\\\/az\\\/\"},{\"@type\":\"ListItem\",\"position\":2,\"name\":\"M\u0259nim Fikrimc\u0259\",\"item\":\"https:\\\/\\\/www.meydan.tv\\\/az\\\/section\\\/menim-fikrimce\\\/\"},{\"@type\":\"ListItem\",\"position\":3,\"name\":\"R\u0259\u015fo\"}]},{\"@type\":\"WebSite\",\"@id\":\"https:\\\/\\\/www.meydan.tv\\\/az\\\/#website\",\"url\":\"https:\\\/\\\/www.meydan.tv\\\/az\\\/\",\"name\":\"MEYDAN.TV\",\"description\":\"Meydan TV Az\u0259rbaycan\u0131n media m\u0259kan\u0131ndak\u0131 alternativ s\u0259sidir\",\"publisher\":{\"@id\":\"https:\\\/\\\/www.meydan.tv\\\/az\\\/#organization\"},\"potentialAction\":[{\"@type\":\"SearchAction\",\"target\":{\"@type\":\"EntryPoint\",\"urlTemplate\":\"https:\\\/\\\/www.meydan.tv\\\/az\\\/?s={search_term_string}\"},\"query-input\":{\"@type\":\"PropertyValueSpecification\",\"valueRequired\":true,\"valueName\":\"search_term_string\"}}],\"inLanguage\":\"az\"},{\"@type\":\"Organization\",\"@id\":\"https:\\\/\\\/www.meydan.tv\\\/az\\\/#organization\",\"name\":\"Meydan TV\",\"url\":\"https:\\\/\\\/www.meydan.tv\\\/az\\\/\",\"logo\":{\"@type\":\"ImageObject\",\"inLanguage\":\"az\",\"@id\":\"https:\\\/\\\/www.meydan.tv\\\/az\\\/#\\\/schema\\\/logo\\\/image\\\/\",\"url\":\"https:\\\/\\\/www.meydan.tv\\\/wp-content\\\/uploads\\\/2021\\\/07\\\/meydan-logo.svg\",\"contentUrl\":\"https:\\\/\\\/www.meydan.tv\\\/wp-content\\\/uploads\\\/2021\\\/07\\\/meydan-logo.svg\",\"width\":195,\"height\":46,\"caption\":\"Meydan TV\"},\"image\":{\"@id\":\"https:\\\/\\\/www.meydan.tv\\\/az\\\/#\\\/schema\\\/logo\\\/image\\\/\"}},{\"@type\":\"Person\",\"@id\":\"https:\\\/\\\/www.meydan.tv\\\/az\\\/#\\\/schema\\\/person\\\/10d11eccf6da3662cf5fdab9806ea91a\",\"name\":\"user-manager\"}]}<\/script>\n<!-- \/ Yoast SEO plugin. -->","yoast_head_json":{"title":"R\u0259\u015fo - MEYDAN.TV","robots":{"index":"index","follow":"follow","max-snippet":"max-snippet:-1","max-image-preview":"max-image-preview:large","max-video-preview":"max-video-preview:-1"},"canonical":"https:\/\/www.meydan.tv\/az\/article\/reso\/","og_locale":"az_AZ","og_type":"article","og_title":"R\u0259\u015fo - MEYDAN.TV","og_description":"S\u0259nin qeyr\u0259tini 9 milyona b\u00f6l\u00fcb, bu camaata paylasayd\u0131q...","og_url":"https:\/\/www.meydan.tv\/az\/article\/reso\/","og_site_name":"MEYDAN.TV","article_published_time":"2015-01-04T04:12:42+00:00","og_image":[{"width":500,"height":500,"url":"https:\/\/www.meydan.tv\/wp-content\/uploads\/6517.jpg","type":"image\/jpeg"}],"author":"user-manager","twitter_card":"summary_large_image","schema":{"@context":"https:\/\/schema.org","@graph":[{"@type":"Article","@id":"https:\/\/www.meydan.tv\/az\/article\/reso\/#article","isPartOf":{"@id":"https:\/\/www.meydan.tv\/az\/article\/reso\/"},"author":{"name":"user-manager","@id":"https:\/\/www.meydan.tv\/az\/#\/schema\/person\/10d11eccf6da3662cf5fdab9806ea91a"},"headline":"R\u0259\u015fo","datePublished":"2015-01-04T04:12:42+00:00","mainEntityOfPage":{"@id":"https:\/\/www.meydan.tv\/az\/article\/reso\/"},"wordCount":859,"publisher":{"@id":"https:\/\/www.meydan.tv\/az\/#organization"},"image":{"@id":"https:\/\/www.meydan.tv\/az\/article\/reso\/#primaryimage"},"thumbnailUrl":"https:\/\/www.meydan.tv\/wp-content\/uploads\/6517.jpg","articleSection":["M\u0259nim Fikrimc\u0259"],"inLanguage":"az"},{"@type":"WebPage","@id":"https:\/\/www.meydan.tv\/az\/article\/reso\/","url":"https:\/\/www.meydan.tv\/az\/article\/reso\/","name":"R\u0259\u015fo - MEYDAN.TV","isPartOf":{"@id":"https:\/\/www.meydan.tv\/az\/#website"},"primaryImageOfPage":{"@id":"https:\/\/www.meydan.tv\/az\/article\/reso\/#primaryimage"},"image":{"@id":"https:\/\/www.meydan.tv\/az\/article\/reso\/#primaryimage"},"thumbnailUrl":"https:\/\/www.meydan.tv\/wp-content\/uploads\/6517.jpg","datePublished":"2015-01-04T04:12:42+00:00","breadcrumb":{"@id":"https:\/\/www.meydan.tv\/az\/article\/reso\/#breadcrumb"},"inLanguage":"az","potentialAction":[{"@type":"ReadAction","target":["https:\/\/www.meydan.tv\/az\/article\/reso\/"]}]},{"@type":"ImageObject","inLanguage":"az","@id":"https:\/\/www.meydan.tv\/az\/article\/reso\/#primaryimage","url":"https:\/\/www.meydan.tv\/wp-content\/uploads\/6517.jpg","contentUrl":"https:\/\/www.meydan.tv\/wp-content\/uploads\/6517.jpg","width":500,"height":500,"caption":"Source:"},{"@type":"BreadcrumbList","@id":"https:\/\/www.meydan.tv\/az\/article\/reso\/#breadcrumb","itemListElement":[{"@type":"ListItem","position":1,"name":"Ana s\u0259hif\u0259","item":"https:\/\/www.meydan.tv\/az\/"},{"@type":"ListItem","position":2,"name":"M\u0259nim Fikrimc\u0259","item":"https:\/\/www.meydan.tv\/az\/section\/menim-fikrimce\/"},{"@type":"ListItem","position":3,"name":"R\u0259\u015fo"}]},{"@type":"WebSite","@id":"https:\/\/www.meydan.tv\/az\/#website","url":"https:\/\/www.meydan.tv\/az\/","name":"MEYDAN.TV","description":"Meydan TV Az\u0259rbaycan\u0131n media m\u0259kan\u0131ndak\u0131 alternativ s\u0259sidir","publisher":{"@id":"https:\/\/www.meydan.tv\/az\/#organization"},"potentialAction":[{"@type":"SearchAction","target":{"@type":"EntryPoint","urlTemplate":"https:\/\/www.meydan.tv\/az\/?s={search_term_string}"},"query-input":{"@type":"PropertyValueSpecification","valueRequired":true,"valueName":"search_term_string"}}],"inLanguage":"az"},{"@type":"Organization","@id":"https:\/\/www.meydan.tv\/az\/#organization","name":"Meydan TV","url":"https:\/\/www.meydan.tv\/az\/","logo":{"@type":"ImageObject","inLanguage":"az","@id":"https:\/\/www.meydan.tv\/az\/#\/schema\/logo\/image\/","url":"https:\/\/www.meydan.tv\/wp-content\/uploads\/2021\/07\/meydan-logo.svg","contentUrl":"https:\/\/www.meydan.tv\/wp-content\/uploads\/2021\/07\/meydan-logo.svg","width":195,"height":46,"caption":"Meydan TV"},"image":{"@id":"https:\/\/www.meydan.tv\/az\/#\/schema\/logo\/image\/"}},{"@type":"Person","@id":"https:\/\/www.meydan.tv\/az\/#\/schema\/person\/10d11eccf6da3662cf5fdab9806ea91a","name":"user-manager"}]}},"_links":{"self":[{"href":"https:\/\/www.meydan.tv\/az\/wp-json\/wp\/v2\/posts\/166392","targetHints":{"allow":["GET"]}}],"collection":[{"href":"https:\/\/www.meydan.tv\/az\/wp-json\/wp\/v2\/posts"}],"about":[{"href":"https:\/\/www.meydan.tv\/az\/wp-json\/wp\/v2\/types\/post"}],"author":[{"embeddable":true,"href":"https:\/\/www.meydan.tv\/az\/wp-json\/wp\/v2\/users\/11"}],"replies":[{"embeddable":true,"href":"https:\/\/www.meydan.tv\/az\/wp-json\/wp\/v2\/comments?post=166392"}],"version-history":[{"count":0,"href":"https:\/\/www.meydan.tv\/az\/wp-json\/wp\/v2\/posts\/166392\/revisions"}],"wp:featuredmedia":[{"embeddable":true,"href":"https:\/\/www.meydan.tv\/az\/wp-json\/wp\/v2\/media\/18199"}],"wp:attachment":[{"href":"https:\/\/www.meydan.tv\/az\/wp-json\/wp\/v2\/media?parent=166392"}],"wp:term":[{"taxonomy":"category","embeddable":true,"href":"https:\/\/www.meydan.tv\/az\/wp-json\/wp\/v2\/categories?post=166392"},{"taxonomy":"post_tag","embeddable":true,"href":"https:\/\/www.meydan.tv\/az\/wp-json\/wp\/v2\/tags?post=166392"}],"curies":[{"name":"wp","href":"https:\/\/api.w.org\/{rel}","templated":true}]}}