{"id":166378,"date":"2014-12-31T20:13:33","date_gmt":"2014-12-31T20:13:33","guid":{"rendered":"https:\/\/www.meydan.tv\/article\/azerbaycan-2014-nailiyyetleri-infoqrafika\/"},"modified":"2014-12-31T20:13:33","modified_gmt":"2014-12-31T20:13:33","slug":"azerbaycan-2014-nailiyyetleri-infoqrafika","status":"publish","type":"post","link":"https:\/\/www.meydan.tv\/az\/article\/azerbaycan-2014-nailiyyetleri-infoqrafika\/","title":{"rendered":"Az\u0259rbaycan 2014 &#8220;nailiyy\u0259tl\u0259ri&#8221; (infoqrafika)"},"content":{"rendered":"<figure class=\"wp-block-image size-large\">\n  <img decoding=\"async\" src=\"https:\/\/www.meydan.tv\/az\/18126\/\" alt=\"\" class=\"wp-image-18126\"\/><figcaption><\/figcaption><\/figure>\n<\/p>\n<figure class=\"wp-block-image size-large\">\n  <img decoding=\"async\" src=\"https:\/\/www.meydan.tv\/az\/18129\/\" alt=\"\" class=\"wp-image-18129\"\/><figcaption><\/figcaption><\/figure>\n<p>\n  &#8211; Az\u0259rbaycan 2014-c\u00fc ild\u0259 \u0259n korrupsiyala\u015fm\u0131\u015f 175 \u00f6lk\u0259 aras\u0131nda 126-c\u0131 yerd\u0259dir.\n<\/p>\n<p>\n  &#8211; Media azadl\u0131\u011f\u0131 sah\u0259sind\u0259 Az\u0259rbaycan 199 \u00f6lk\u0259 s\u0131ras\u0131nda 183-c\u00fc pill\u0259d\u0259 yer al\u0131b.\n<\/p>\n<p>\n  &#8211; D\u00fcnyan\u0131n 65 \u00f6lk\u0259si siyah\u0131s\u0131nda interneti qism\u0259n azad \u00f6lk\u0259l\u0259r aras\u0131nda 55-ci s\u0131radad\u0131r.\n<\/p>\n<p>\n  &#8211; Dig\u0259r ill\u0259r\u0259 nisb\u0259td\u0259 bu il \u0259sg\u0259r \u00f6l\u00fcml\u0259ri say\u0131nda da art\u0131m var: 90 h\u0259rb\u00e7i&#8230;\n<\/p>\n<p>\n  &#8211; H\u0259m\u00e7inin \u0259n \u00e7ox siyasi m\u0259hbusun oldu\u011fu \u00f6lk\u0259l\u0259r aras\u0131nday\u0131q: 140-dan \u00e7ox&#8230;\n<\/p>\n<p>\n  &#8211; Eyni zamanda \u0259n \u00e7ox yol q\u0259zalar\u0131n\u0131n oldu\u011fu il kimi d\u0259 yadda qald\u0131: 1000-d\u0259n \u00e7ox \u00f6l\u00fc, 2500-\u0259 yax\u0131n yaral\u0131.\n<\/p>\n<p>\n  &#8211; 2014-c\u00fc ili intihar ili d\u0259 adland\u0131rmaq olar: 1000-d\u0259n \u00e7ox intihara c\u0259hd, 600-d\u0259n \u00e7ox intihar<\/p>\n","protected":false},"excerpt":{"rendered":"<p>2014-c\u00fc ild\u0259 siyasi-ictimai v\u0259 media sah\u0259sind\u0259 olan yekun n\u0259tic\u0259l\u0259r, statistikalar&#8230;<\/p>\n","protected":false},"author":11,"featured_media":18126,"comment_status":"closed","ping_status":"open","sticky":false,"template":"","format":"standard","meta":{"_acf_changed":false,"_sitemap_exclude":false,"_sitemap_priority":"","_sitemap_frequency":"","footnotes":""},"categories":[56],"tags":[],"class_list":["post-166378","post","type-post","status-publish","format-standard","has-post-thumbnail","hentry","category-xeberler","infinite-scroll-item","generate-columns","tablet-grid-50","mobile-grid-100","grid-parent","grid-33","no-featured-image-padding"],"acf":[],"yoast_head":"<!-- This site is optimized with the Yoast SEO plugin v27.4 - https:\/\/yoast.com\/product\/yoast-seo-wordpress\/ -->\n<title>Az\u0259rbaycan 2014 &quot;nailiyy\u0259tl\u0259ri&quot; (infoqrafika) - MEYDAN.TV<\/title>\n<meta name=\"robots\" content=\"index, follow, max-snippet:-1, max-image-preview:large, max-video-preview:-1\" \/>\n<link rel=\"canonical\" href=\"https:\/\/www.meydan.tv\/az\/article\/azerbaycan-2014-nailiyyetleri-infoqrafika\/\" \/>\n<meta property=\"og:locale\" content=\"az_AZ\" \/>\n<meta property=\"og:type\" content=\"article\" \/>\n<meta property=\"og:title\" content=\"Az\u0259rbaycan 2014 &quot;nailiyy\u0259tl\u0259ri&quot; (infoqrafika) - MEYDAN.TV\" \/>\n<meta property=\"og:description\" content=\"2014-c\u00fc ild\u0259 siyasi-ictimai v\u0259 media sah\u0259sind\u0259 olan yekun n\u0259tic\u0259l\u0259r, statistikalar...\" \/>\n<meta property=\"og:url\" content=\"https:\/\/www.meydan.tv\/az\/article\/azerbaycan-2014-nailiyyetleri-infoqrafika\/\" \/>\n<meta property=\"og:site_name\" content=\"MEYDAN.TV\" \/>\n<meta property=\"article:published_time\" content=\"2014-12-31T20:13:33+00:00\" \/>\n<meta property=\"og:image\" content=\"https:\/\/www.meydan.tv\/wp-content\/uploads\/6794.jpg\" \/>\n\t<meta property=\"og:image:width\" content=\"500\" \/>\n\t<meta property=\"og:image:height\" content=\"304\" \/>\n\t<meta property=\"og:image:type\" content=\"image\/jpeg\" \/>\n<meta name=\"author\" content=\"user-manager\" \/>\n<meta name=\"twitter:card\" content=\"summary_large_image\" \/>\n<script type=\"application\/ld+json\" class=\"yoast-schema-graph\">{\"@context\":\"https:\\\/\\\/schema.org\",\"@graph\":[{\"@type\":\"Article\",\"@id\":\"https:\\\/\\\/www.meydan.tv\\\/az\\\/article\\\/azerbaycan-2014-nailiyyetleri-infoqrafika\\\/#article\",\"isPartOf\":{\"@id\":\"https:\\\/\\\/www.meydan.tv\\\/az\\\/article\\\/azerbaycan-2014-nailiyyetleri-infoqrafika\\\/\"},\"author\":{\"name\":\"user-manager\",\"@id\":\"https:\\\/\\\/www.meydan.tv\\\/az\\\/#\\\/schema\\\/person\\\/10d11eccf6da3662cf5fdab9806ea91a\"},\"headline\":\"Az\u0259rbaycan 2014 &#8220;nailiyy\u0259tl\u0259ri&#8221; (infoqrafika)\",\"datePublished\":\"2014-12-31T20:13:33+00:00\",\"mainEntityOfPage\":{\"@id\":\"https:\\\/\\\/www.meydan.tv\\\/az\\\/article\\\/azerbaycan-2014-nailiyyetleri-infoqrafika\\\/\"},\"wordCount\":145,\"publisher\":{\"@id\":\"https:\\\/\\\/www.meydan.tv\\\/az\\\/#organization\"},\"image\":{\"@id\":\"https:\\\/\\\/www.meydan.tv\\\/az\\\/article\\\/azerbaycan-2014-nailiyyetleri-infoqrafika\\\/#primaryimage\"},\"thumbnailUrl\":\"https:\\\/\\\/www.meydan.tv\\\/wp-content\\\/uploads\\\/6794.jpg\",\"articleSection\":[\"X\u0259b\u0259rl\u0259r\"],\"inLanguage\":\"az\"},{\"@type\":\"WebPage\",\"@id\":\"https:\\\/\\\/www.meydan.tv\\\/az\\\/article\\\/azerbaycan-2014-nailiyyetleri-infoqrafika\\\/\",\"url\":\"https:\\\/\\\/www.meydan.tv\\\/az\\\/article\\\/azerbaycan-2014-nailiyyetleri-infoqrafika\\\/\",\"name\":\"Az\u0259rbaycan 2014 \\\"nailiyy\u0259tl\u0259ri\\\" (infoqrafika) - MEYDAN.TV\",\"isPartOf\":{\"@id\":\"https:\\\/\\\/www.meydan.tv\\\/az\\\/#website\"},\"primaryImageOfPage\":{\"@id\":\"https:\\\/\\\/www.meydan.tv\\\/az\\\/article\\\/azerbaycan-2014-nailiyyetleri-infoqrafika\\\/#primaryimage\"},\"image\":{\"@id\":\"https:\\\/\\\/www.meydan.tv\\\/az\\\/article\\\/azerbaycan-2014-nailiyyetleri-infoqrafika\\\/#primaryimage\"},\"thumbnailUrl\":\"https:\\\/\\\/www.meydan.tv\\\/wp-content\\\/uploads\\\/6794.jpg\",\"datePublished\":\"2014-12-31T20:13:33+00:00\",\"breadcrumb\":{\"@id\":\"https:\\\/\\\/www.meydan.tv\\\/az\\\/article\\\/azerbaycan-2014-nailiyyetleri-infoqrafika\\\/#breadcrumb\"},\"inLanguage\":\"az\",\"potentialAction\":[{\"@type\":\"ReadAction\",\"target\":[\"https:\\\/\\\/www.meydan.tv\\\/az\\\/article\\\/azerbaycan-2014-nailiyyetleri-infoqrafika\\\/\"]}]},{\"@type\":\"ImageObject\",\"inLanguage\":\"az\",\"@id\":\"https:\\\/\\\/www.meydan.tv\\\/az\\\/article\\\/azerbaycan-2014-nailiyyetleri-infoqrafika\\\/#primaryimage\",\"url\":\"https:\\\/\\\/www.meydan.tv\\\/wp-content\\\/uploads\\\/6794.jpg\",\"contentUrl\":\"https:\\\/\\\/www.meydan.tv\\\/wp-content\\\/uploads\\\/6794.jpg\",\"width\":500,\"height\":304,\"caption\":\"Source:\"},{\"@type\":\"BreadcrumbList\",\"@id\":\"https:\\\/\\\/www.meydan.tv\\\/az\\\/article\\\/azerbaycan-2014-nailiyyetleri-infoqrafika\\\/#breadcrumb\",\"itemListElement\":[{\"@type\":\"ListItem\",\"position\":1,\"name\":\"Ana s\u0259hif\u0259\",\"item\":\"https:\\\/\\\/www.meydan.tv\\\/az\\\/\"},{\"@type\":\"ListItem\",\"position\":2,\"name\":\"X\u0259b\u0259rl\u0259r\",\"item\":\"https:\\\/\\\/www.meydan.tv\\\/az\\\/section\\\/xeberler\\\/\"},{\"@type\":\"ListItem\",\"position\":3,\"name\":\"Az\u0259rbaycan 2014 &#8220;nailiyy\u0259tl\u0259ri&#8221; (infoqrafika)\"}]},{\"@type\":\"WebSite\",\"@id\":\"https:\\\/\\\/www.meydan.tv\\\/az\\\/#website\",\"url\":\"https:\\\/\\\/www.meydan.tv\\\/az\\\/\",\"name\":\"MEYDAN.TV\",\"description\":\"Meydan TV Az\u0259rbaycan\u0131n media m\u0259kan\u0131ndak\u0131 alternativ s\u0259sidir\",\"publisher\":{\"@id\":\"https:\\\/\\\/www.meydan.tv\\\/az\\\/#organization\"},\"potentialAction\":[{\"@type\":\"SearchAction\",\"target\":{\"@type\":\"EntryPoint\",\"urlTemplate\":\"https:\\\/\\\/www.meydan.tv\\\/az\\\/?s={search_term_string}\"},\"query-input\":{\"@type\":\"PropertyValueSpecification\",\"valueRequired\":true,\"valueName\":\"search_term_string\"}}],\"inLanguage\":\"az\"},{\"@type\":\"Organization\",\"@id\":\"https:\\\/\\\/www.meydan.tv\\\/az\\\/#organization\",\"name\":\"Meydan TV\",\"url\":\"https:\\\/\\\/www.meydan.tv\\\/az\\\/\",\"logo\":{\"@type\":\"ImageObject\",\"inLanguage\":\"az\",\"@id\":\"https:\\\/\\\/www.meydan.tv\\\/az\\\/#\\\/schema\\\/logo\\\/image\\\/\",\"url\":\"https:\\\/\\\/www.meydan.tv\\\/wp-content\\\/uploads\\\/2021\\\/07\\\/meydan-logo.svg\",\"contentUrl\":\"https:\\\/\\\/www.meydan.tv\\\/wp-content\\\/uploads\\\/2021\\\/07\\\/meydan-logo.svg\",\"width\":195,\"height\":46,\"caption\":\"Meydan TV\"},\"image\":{\"@id\":\"https:\\\/\\\/www.meydan.tv\\\/az\\\/#\\\/schema\\\/logo\\\/image\\\/\"}},{\"@type\":\"Person\",\"@id\":\"https:\\\/\\\/www.meydan.tv\\\/az\\\/#\\\/schema\\\/person\\\/10d11eccf6da3662cf5fdab9806ea91a\",\"name\":\"user-manager\"}]}<\/script>\n<!-- \/ Yoast SEO plugin. -->","yoast_head_json":{"title":"Az\u0259rbaycan 2014 \"nailiyy\u0259tl\u0259ri\" (infoqrafika) - MEYDAN.TV","robots":{"index":"index","follow":"follow","max-snippet":"max-snippet:-1","max-image-preview":"max-image-preview:large","max-video-preview":"max-video-preview:-1"},"canonical":"https:\/\/www.meydan.tv\/az\/article\/azerbaycan-2014-nailiyyetleri-infoqrafika\/","og_locale":"az_AZ","og_type":"article","og_title":"Az\u0259rbaycan 2014 \"nailiyy\u0259tl\u0259ri\" (infoqrafika) - MEYDAN.TV","og_description":"2014-c\u00fc ild\u0259 siyasi-ictimai v\u0259 media sah\u0259sind\u0259 olan yekun n\u0259tic\u0259l\u0259r, statistikalar...","og_url":"https:\/\/www.meydan.tv\/az\/article\/azerbaycan-2014-nailiyyetleri-infoqrafika\/","og_site_name":"MEYDAN.TV","article_published_time":"2014-12-31T20:13:33+00:00","og_image":[{"width":500,"height":304,"url":"https:\/\/www.meydan.tv\/wp-content\/uploads\/6794.jpg","type":"image\/jpeg"}],"author":"user-manager","twitter_card":"summary_large_image","schema":{"@context":"https:\/\/schema.org","@graph":[{"@type":"Article","@id":"https:\/\/www.meydan.tv\/az\/article\/azerbaycan-2014-nailiyyetleri-infoqrafika\/#article","isPartOf":{"@id":"https:\/\/www.meydan.tv\/az\/article\/azerbaycan-2014-nailiyyetleri-infoqrafika\/"},"author":{"name":"user-manager","@id":"https:\/\/www.meydan.tv\/az\/#\/schema\/person\/10d11eccf6da3662cf5fdab9806ea91a"},"headline":"Az\u0259rbaycan 2014 &#8220;nailiyy\u0259tl\u0259ri&#8221; (infoqrafika)","datePublished":"2014-12-31T20:13:33+00:00","mainEntityOfPage":{"@id":"https:\/\/www.meydan.tv\/az\/article\/azerbaycan-2014-nailiyyetleri-infoqrafika\/"},"wordCount":145,"publisher":{"@id":"https:\/\/www.meydan.tv\/az\/#organization"},"image":{"@id":"https:\/\/www.meydan.tv\/az\/article\/azerbaycan-2014-nailiyyetleri-infoqrafika\/#primaryimage"},"thumbnailUrl":"https:\/\/www.meydan.tv\/wp-content\/uploads\/6794.jpg","articleSection":["X\u0259b\u0259rl\u0259r"],"inLanguage":"az"},{"@type":"WebPage","@id":"https:\/\/www.meydan.tv\/az\/article\/azerbaycan-2014-nailiyyetleri-infoqrafika\/","url":"https:\/\/www.meydan.tv\/az\/article\/azerbaycan-2014-nailiyyetleri-infoqrafika\/","name":"Az\u0259rbaycan 2014 \"nailiyy\u0259tl\u0259ri\" (infoqrafika) - MEYDAN.TV","isPartOf":{"@id":"https:\/\/www.meydan.tv\/az\/#website"},"primaryImageOfPage":{"@id":"https:\/\/www.meydan.tv\/az\/article\/azerbaycan-2014-nailiyyetleri-infoqrafika\/#primaryimage"},"image":{"@id":"https:\/\/www.meydan.tv\/az\/article\/azerbaycan-2014-nailiyyetleri-infoqrafika\/#primaryimage"},"thumbnailUrl":"https:\/\/www.meydan.tv\/wp-content\/uploads\/6794.jpg","datePublished":"2014-12-31T20:13:33+00:00","breadcrumb":{"@id":"https:\/\/www.meydan.tv\/az\/article\/azerbaycan-2014-nailiyyetleri-infoqrafika\/#breadcrumb"},"inLanguage":"az","potentialAction":[{"@type":"ReadAction","target":["https:\/\/www.meydan.tv\/az\/article\/azerbaycan-2014-nailiyyetleri-infoqrafika\/"]}]},{"@type":"ImageObject","inLanguage":"az","@id":"https:\/\/www.meydan.tv\/az\/article\/azerbaycan-2014-nailiyyetleri-infoqrafika\/#primaryimage","url":"https:\/\/www.meydan.tv\/wp-content\/uploads\/6794.jpg","contentUrl":"https:\/\/www.meydan.tv\/wp-content\/uploads\/6794.jpg","width":500,"height":304,"caption":"Source:"},{"@type":"BreadcrumbList","@id":"https:\/\/www.meydan.tv\/az\/article\/azerbaycan-2014-nailiyyetleri-infoqrafika\/#breadcrumb","itemListElement":[{"@type":"ListItem","position":1,"name":"Ana s\u0259hif\u0259","item":"https:\/\/www.meydan.tv\/az\/"},{"@type":"ListItem","position":2,"name":"X\u0259b\u0259rl\u0259r","item":"https:\/\/www.meydan.tv\/az\/section\/xeberler\/"},{"@type":"ListItem","position":3,"name":"Az\u0259rbaycan 2014 &#8220;nailiyy\u0259tl\u0259ri&#8221; (infoqrafika)"}]},{"@type":"WebSite","@id":"https:\/\/www.meydan.tv\/az\/#website","url":"https:\/\/www.meydan.tv\/az\/","name":"MEYDAN.TV","description":"Meydan TV Az\u0259rbaycan\u0131n media m\u0259kan\u0131ndak\u0131 alternativ s\u0259sidir","publisher":{"@id":"https:\/\/www.meydan.tv\/az\/#organization"},"potentialAction":[{"@type":"SearchAction","target":{"@type":"EntryPoint","urlTemplate":"https:\/\/www.meydan.tv\/az\/?s={search_term_string}"},"query-input":{"@type":"PropertyValueSpecification","valueRequired":true,"valueName":"search_term_string"}}],"inLanguage":"az"},{"@type":"Organization","@id":"https:\/\/www.meydan.tv\/az\/#organization","name":"Meydan TV","url":"https:\/\/www.meydan.tv\/az\/","logo":{"@type":"ImageObject","inLanguage":"az","@id":"https:\/\/www.meydan.tv\/az\/#\/schema\/logo\/image\/","url":"https:\/\/www.meydan.tv\/wp-content\/uploads\/2021\/07\/meydan-logo.svg","contentUrl":"https:\/\/www.meydan.tv\/wp-content\/uploads\/2021\/07\/meydan-logo.svg","width":195,"height":46,"caption":"Meydan TV"},"image":{"@id":"https:\/\/www.meydan.tv\/az\/#\/schema\/logo\/image\/"}},{"@type":"Person","@id":"https:\/\/www.meydan.tv\/az\/#\/schema\/person\/10d11eccf6da3662cf5fdab9806ea91a","name":"user-manager"}]}},"_links":{"self":[{"href":"https:\/\/www.meydan.tv\/az\/wp-json\/wp\/v2\/posts\/166378","targetHints":{"allow":["GET"]}}],"collection":[{"href":"https:\/\/www.meydan.tv\/az\/wp-json\/wp\/v2\/posts"}],"about":[{"href":"https:\/\/www.meydan.tv\/az\/wp-json\/wp\/v2\/types\/post"}],"author":[{"embeddable":true,"href":"https:\/\/www.meydan.tv\/az\/wp-json\/wp\/v2\/users\/11"}],"replies":[{"embeddable":true,"href":"https:\/\/www.meydan.tv\/az\/wp-json\/wp\/v2\/comments?post=166378"}],"version-history":[{"count":0,"href":"https:\/\/www.meydan.tv\/az\/wp-json\/wp\/v2\/posts\/166378\/revisions"}],"wp:featuredmedia":[{"embeddable":true,"href":"https:\/\/www.meydan.tv\/az\/wp-json\/wp\/v2\/media\/18126"}],"wp:attachment":[{"href":"https:\/\/www.meydan.tv\/az\/wp-json\/wp\/v2\/media?parent=166378"}],"wp:term":[{"taxonomy":"category","embeddable":true,"href":"https:\/\/www.meydan.tv\/az\/wp-json\/wp\/v2\/categories?post=166378"},{"taxonomy":"post_tag","embeddable":true,"href":"https:\/\/www.meydan.tv\/az\/wp-json\/wp\/v2\/tags?post=166378"}],"curies":[{"name":"wp","href":"https:\/\/api.w.org\/{rel}","templated":true}]}}