{"id":166339,"date":"2014-12-27T00:09:23","date_gmt":"2014-12-27T00:09:23","guid":{"rendered":"https:\/\/www.meydan.tv\/article\/siyasete-qarismayan-qurbanlar\/"},"modified":"2014-12-27T00:09:23","modified_gmt":"2014-12-27T00:09:23","slug":"siyasete-qarismayan-qurbanlar","status":"publish","type":"post","link":"https:\/\/www.meydan.tv\/az\/article\/siyasete-qarismayan-qurbanlar\/","title":{"rendered":"Siyas\u0259t\u0259 qar\u0131\u015fmayan qurbanlar"},"content":{"rendered":"<figure class=\"wp-block-image size-large\">\n  <img decoding=\"async\" src=\"https:\/\/www.meydan.tv\/az\/17964\/\" alt=\"\" class=\"wp-image-17964\"\/><figcaption><\/figcaption><\/figure>\n<figure class=\"wp-block-image size-large\">\n  <img decoding=\"async\" src=\"https:\/\/www.meydan.tv\/az\/17967\/\" alt=\"\" class=\"wp-image-17967\"\/><figcaption><\/figcaption><\/figure>\n<p>\n  Elvin \u018fsg\u0259rov &#8211; onun c\u0259mi 30 ya\u015f\u0131 vard\u0131. Baki sakini olan Elvin, 2011-ci il, yanvar\u0131n 13-d\u0259 Nizami rayon 24-c\u00fc Polis \u0130dar\u0259sind\u0259 d\u00f6y\u00fcl\u0259r\u0259k \u00f6ld\u00fcr\u00fcl\u00fcb. O polis\u0259 x\u0259sar\u0259t yetirm\u0259kd\u0259 ittiham olunurdu. R\u0259smil\u0259r onun qa\u00e7ark\u0259n y\u0131x\u0131l\u0131b \u00f6ld\u00fcy\u00fcn\u00fc iddia edirl\u0259r. Daha sonra m\u0259rhuma qar\u015f\u0131 Cinay\u0259t M\u0259c\u0259ll\u0259sinin 315-ci (hakimiyy\u0259t n\u00fcmay\u0259nd\u0259sin\u0259 qar\u015f\u0131 zor t\u0259tbiq etm\u0259 v\u0259 ya m\u00fcqavim\u0259t g\u00f6st\u0259rm\u0259) madd\u0259si il\u0259 cinay\u0259t i\u015fi a\u00e7\u0131l\u0131b.\n<\/p>\n<figure class=\"wp-block-image size-large\">\n  <img decoding=\"async\" src=\"https:\/\/www.meydan.tv\/az\/17970\/\" alt=\"\" class=\"wp-image-17970\"\/><figcaption><\/figcaption><\/figure>\n<p>\n  Turac Zeynalov &#8211; 31 ya\u015fl\u0131 Culfa sakini Nax\u00e7\u0131van aeroportunda s\u00fcr\u00fcc\u00fc i\u015fl\u0259yirdi. 2011-ci ilin avqustunda ona qar\u015f\u0131 Cinay\u0259t M\u0259c\u0259ll\u0259sinin 274-c\u00fc madd\u0259si il\u0259 cinay\u0259t i\u015fi a\u00e7\u0131l\u0131b. O, d\u00f6vl\u0259t\u0259 x\u0259yan\u0259td\u0259 ittiham olunurdu. Zeynalov, 2011-ci il avqustun 26-da tutulub, 3 g\u00fcn Nax\u00e7\u0131van\u0131n MTN t\u0259cridxanas\u0131nda saxlad\u0131qdan sonra ail\u0259sin\u0259 meyiti verilib. R\u0259smil\u0259r onun d\u0259ri x\u0259r\u00e7\u0259ngind\u0259n \u00f6ld\u00fcy\u00fcn\u00fc iddia edirl\u0259r. Xat\u0131rlad\u0131m ki, Turac Zeynalov h\u0259tta hakim Yeni Az\u0259rbaycan Partiyas\u0131n\u0131n \u00fczv\u00fc idi.\n<\/p>\n<figure class=\"wp-block-image size-large\">\n  <img decoding=\"async\" src=\"https:\/\/www.meydan.tv\/az\/17973\/\" alt=\"\" class=\"wp-image-17973\"\/><figcaption><\/figcaption><\/figure>\n<p>\n  Ceyhun Qubatov &#8211; 18 ya\u015fl\u0131, 3 ay\u0131n \u0259sg\u0259ri idi. 2013-c\u00fc ild\u0259 Ab\u015feron rayonundan h\u0259rbi xidm\u0259t\u0259 apar\u0131lan Ceyhun Qubatov yanvar\u0131n 8-d\u0259 M\u00fcdafi\u0259 Nazirliyinin Da\u015fk\u0259s\u0259nd\u0259ki N sayl\u0131 h\u0259rbi hiss\u0259sind\u0259 d\u00fcnyas\u0131n\u0131 d\u0259yi\u015fib. Ekspertiza r\u0259yind\u0259 \u0259sg\u0259rin \u00fcr\u0259k \u00e7at\u0131\u015fmazl\u0131\u011f\u0131ndan d\u00fcnyas\u0131n\u0131 d\u0259yi\u015fdiyi qeyd olunub. Amma onun \u00fcz\u0259rind\u0259ki x\u0259sar\u0259t izl\u0259rind\u0259n d\u00f6y\u00fcl\u0259r\u0259k \u00f6ld\u00fcr\u00fcld\u00fcy\u00fc iddia olunur. Bu i\u015fl\u0259 ba\u011fl\u0131 Cinay\u0259t M\u0259c\u0259ll\u0259sinin 342.2-ci (Qullu\u011fa s\u0259hl\u0259nkar yana\u015fma a\u011f\u0131r n\u0259tic\u0259l\u0259r\u0259 s\u0259b\u0259b olduqda) madd\u0259si il\u0259 cinay\u0259t i\u015fi ba\u015flanm\u0131\u015fd\u0131r.\n<\/p>\n<figure class=\"wp-block-image size-large\">\n  <img decoding=\"async\" src=\"https:\/\/www.meydan.tv\/az\/17976\/\" alt=\"\" class=\"wp-image-17976\"\/><figcaption><\/figcaption><\/figure>\n<p>\n  El\u015fad Babayev &#8211; 31 ya\u015fl\u0131 m\u0259hbus idi. 2014-c\u00fc il dekabr\u0131n 22-d\u0259 14 sayl\u0131 C\u0259za\u00e7\u0259km\u0259 M\u00fc\u0259ssis\u0259sind\u0259 karserd\u0259 i\u015fg\u0259nc\u0259 il\u0259 \u00f6ld\u00fcr\u00fcl\u00fcb. Bu iddiaya s\u0259b\u0259b onun b\u0259d\u0259nind\u0259ki x\u0259sar\u0259t izl\u0259ridir. Ail\u0259si d\u0259 El\u015fad\u0131n h\u0259bsxana i\u015f\u00e7il\u0259ri t\u0259r\u0259find\u0259n \u00f6ld\u00fcr\u00fcld\u00fcy\u00fcn\u00fc iddia edirl\u0259r. R\u0259smi m\u0259lumatda deyilir ki, \u00f6l\u00fcm\u00fcn\u00fcn s\u0259b\u0259bi ara\u015fd\u0131r\u0131l\u0131r v\u0259 ictimaiyy\u0259t\u0259 bu bar\u0259d\u0259 m\u0259lumat veril\u0259c\u0259k.\n<\/p>\n<figure class=\"wp-block-image size-large\">\n  <img decoding=\"async\" src=\"https:\/\/www.meydan.tv\/az\/17982\/\" alt=\"\" class=\"wp-image-17982\"\/><figcaption><\/figcaption><\/figure>\n<p>\n  Bu 4 n\u0259f\u0259r sad\u0259c\u0259 son 3 ild\u0259 hakimiyy\u0259tin qoluzorbal\u0131 xidm\u0259t\u00e7il\u0259ri (h\u00fcquq m\u00fchafiz\u0259 orqan \u0259m\u0259kda\u015flar\u0131) t\u0259r\u0259find\u0259n \u00f6ld\u00fcr\u00fcl\u0259n Az\u0259rbaycan v\u0259t\u0259nda\u015flar\u0131d\u0131r. Bu siyah\u0131n\u0131 \u00e7ox uzatmaq da olard\u0131. Sad\u0259c\u0259 m\u00fcxt\u0259lif sah\u0259l\u0259rd\u0259 \u00e7al\u0131\u015fan, he\u00e7 bir siyasi v\u0259 ictimai f\u0259aliyy\u0259ti olmayan adamlar\u0131 qeyd etdim ki, oxuyub g\u00f6r\u0259siniz bu hakimiyy\u0259t sad\u0259c\u0259 onunla m\u00fcbariz\u0259 aparanlar\u0131 yox, ham\u0131n\u0131n \u00f6l\u00fcm\u00fcn\u0259 susay\u0131b.\n<\/p>\n<p>\n  H\u0259tta m\u0259n dey\u0259rdim ki, siyas\u0259t\u0259 qar\u0131\u015fanlar he\u00e7 bu q\u0259d\u0259r \u00f6ld\u00fcr\u00fclm\u00fcrl\u0259r. Onlar \u0259n pis halda h\u0259bs edil\u0259r\u0259k, ya\u015famlar\u0131n\u0131 bir-t\u0259h\u0259r s\u00fcrd\u00fcr\u00fcrl\u0259r.\n<\/p>\n<p>\n  H\u0259l\u0259 \u00fcst\u0259lik bu hadis\u0259l\u0259rin he\u00e7 bir \u0259dal\u0259tli \u015f\u0259kild\u0259 \u00f6z h\u0259llini tapmay\u0131b. H\u0259l\u0259 d\u0259 cinay\u0259tkarlar \u00f6z pe\u015f\u0259l\u0259rind\u0259, \u00f6z z\u00fclml\u0259rin\u0259 davam edirl\u0259r. Siyas\u0259ti, se\u00e7kini filan tullay\u0131n bir k\u0259nara. M\u0259n\u0259 deyin g\u00f6r\u0259k, bir \u00f6lk\u0259d\u0259 ist\u0259nil\u0259n bir v\u0259t\u0259nda\u015f\u0131n h\u0259yat\u0131na t\u0259hl\u00fck\u0259 varsa, h\u0259tta t\u0259hl\u00fck\u0259 olub bitdikd\u0259n sonra bel\u0259, t\u0259hl\u00fck\u0259ni yaradan \u00fcns\u00fcrl\u0259r h\u00fcquqi yollarla c\u0259zaland\u0131r\u0131lm\u0131rsa, o \u00f6lk\u0259d\u0259 hans\u0131 insan haqq\u0131ndan, onun ya\u015fam\u0131ndan, rifah\u0131ndan, qanunlardan, i\u015fl\u0259k h\u00fcquq sistemind\u0259n s\u00f6hb\u0259t ged\u0259 bil\u0259r?<\/p>\n","protected":false},"excerpt":{"rendered":"<p>Onlar analoqu olmayan siyas\u0259t\u0259 nec\u0259 v\u0259 niy\u0259 qurban gedirl\u0259r?<\/p>\n","protected":false},"author":11,"featured_media":17964,"comment_status":"closed","ping_status":"open","sticky":false,"template":"","format":"standard","meta":{"_acf_changed":false,"_sitemap_exclude":false,"_sitemap_priority":"","_sitemap_frequency":"","footnotes":""},"categories":[57],"tags":[],"class_list":["post-166339","post","type-post","status-publish","format-standard","has-post-thumbnail","hentry","category-menim-fikrimce","infinite-scroll-item","generate-columns","tablet-grid-50","mobile-grid-100","grid-parent","grid-33","no-featured-image-padding"],"acf":[],"yoast_head":"<!-- This site is optimized with the Yoast SEO plugin v27.4 - https:\/\/yoast.com\/product\/yoast-seo-wordpress\/ -->\n<title>Siyas\u0259t\u0259 qar\u0131\u015fmayan qurbanlar - MEYDAN.TV<\/title>\n<meta name=\"robots\" content=\"index, follow, max-snippet:-1, max-image-preview:large, max-video-preview:-1\" \/>\n<link rel=\"canonical\" href=\"https:\/\/www.meydan.tv\/az\/article\/siyasete-qarismayan-qurbanlar\/\" \/>\n<meta property=\"og:locale\" content=\"az_AZ\" \/>\n<meta property=\"og:type\" content=\"article\" \/>\n<meta property=\"og:title\" content=\"Siyas\u0259t\u0259 qar\u0131\u015fmayan qurbanlar - MEYDAN.TV\" \/>\n<meta property=\"og:description\" content=\"Onlar analoqu olmayan siyas\u0259t\u0259 nec\u0259 v\u0259 niy\u0259 qurban gedirl\u0259r?\" \/>\n<meta property=\"og:url\" content=\"https:\/\/www.meydan.tv\/az\/article\/siyasete-qarismayan-qurbanlar\/\" \/>\n<meta property=\"og:site_name\" content=\"MEYDAN.TV\" \/>\n<meta property=\"article:published_time\" content=\"2014-12-27T00:09:23+00:00\" \/>\n<meta property=\"og:image\" content=\"https:\/\/www.meydan.tv\/wp-content\/uploads\/6431.jpg\" \/>\n\t<meta property=\"og:image:width\" content=\"355\" \/>\n\t<meta property=\"og:image:height\" content=\"400\" \/>\n\t<meta property=\"og:image:type\" content=\"image\/jpeg\" \/>\n<meta name=\"author\" content=\"user-manager\" \/>\n<meta name=\"twitter:card\" content=\"summary_large_image\" \/>\n<script type=\"application\/ld+json\" class=\"yoast-schema-graph\">{\"@context\":\"https:\\\/\\\/schema.org\",\"@graph\":[{\"@type\":\"Article\",\"@id\":\"https:\\\/\\\/www.meydan.tv\\\/az\\\/article\\\/siyasete-qarismayan-qurbanlar\\\/#article\",\"isPartOf\":{\"@id\":\"https:\\\/\\\/www.meydan.tv\\\/az\\\/article\\\/siyasete-qarismayan-qurbanlar\\\/\"},\"author\":{\"name\":\"user-manager\",\"@id\":\"https:\\\/\\\/www.meydan.tv\\\/az\\\/#\\\/schema\\\/person\\\/10d11eccf6da3662cf5fdab9806ea91a\"},\"headline\":\"Siyas\u0259t\u0259 qar\u0131\u015fmayan qurbanlar\",\"datePublished\":\"2014-12-27T00:09:23+00:00\",\"mainEntityOfPage\":{\"@id\":\"https:\\\/\\\/www.meydan.tv\\\/az\\\/article\\\/siyasete-qarismayan-qurbanlar\\\/\"},\"wordCount\":683,\"publisher\":{\"@id\":\"https:\\\/\\\/www.meydan.tv\\\/az\\\/#organization\"},\"image\":{\"@id\":\"https:\\\/\\\/www.meydan.tv\\\/az\\\/article\\\/siyasete-qarismayan-qurbanlar\\\/#primaryimage\"},\"thumbnailUrl\":\"https:\\\/\\\/www.meydan.tv\\\/wp-content\\\/uploads\\\/6431.jpg\",\"articleSection\":[\"M\u0259nim Fikrimc\u0259\"],\"inLanguage\":\"az\"},{\"@type\":\"WebPage\",\"@id\":\"https:\\\/\\\/www.meydan.tv\\\/az\\\/article\\\/siyasete-qarismayan-qurbanlar\\\/\",\"url\":\"https:\\\/\\\/www.meydan.tv\\\/az\\\/article\\\/siyasete-qarismayan-qurbanlar\\\/\",\"name\":\"Siyas\u0259t\u0259 qar\u0131\u015fmayan qurbanlar - MEYDAN.TV\",\"isPartOf\":{\"@id\":\"https:\\\/\\\/www.meydan.tv\\\/az\\\/#website\"},\"primaryImageOfPage\":{\"@id\":\"https:\\\/\\\/www.meydan.tv\\\/az\\\/article\\\/siyasete-qarismayan-qurbanlar\\\/#primaryimage\"},\"image\":{\"@id\":\"https:\\\/\\\/www.meydan.tv\\\/az\\\/article\\\/siyasete-qarismayan-qurbanlar\\\/#primaryimage\"},\"thumbnailUrl\":\"https:\\\/\\\/www.meydan.tv\\\/wp-content\\\/uploads\\\/6431.jpg\",\"datePublished\":\"2014-12-27T00:09:23+00:00\",\"breadcrumb\":{\"@id\":\"https:\\\/\\\/www.meydan.tv\\\/az\\\/article\\\/siyasete-qarismayan-qurbanlar\\\/#breadcrumb\"},\"inLanguage\":\"az\",\"potentialAction\":[{\"@type\":\"ReadAction\",\"target\":[\"https:\\\/\\\/www.meydan.tv\\\/az\\\/article\\\/siyasete-qarismayan-qurbanlar\\\/\"]}]},{\"@type\":\"ImageObject\",\"inLanguage\":\"az\",\"@id\":\"https:\\\/\\\/www.meydan.tv\\\/az\\\/article\\\/siyasete-qarismayan-qurbanlar\\\/#primaryimage\",\"url\":\"https:\\\/\\\/www.meydan.tv\\\/wp-content\\\/uploads\\\/6431.jpg\",\"contentUrl\":\"https:\\\/\\\/www.meydan.tv\\\/wp-content\\\/uploads\\\/6431.jpg\",\"width\":355,\"height\":400,\"caption\":\"Source:\"},{\"@type\":\"BreadcrumbList\",\"@id\":\"https:\\\/\\\/www.meydan.tv\\\/az\\\/article\\\/siyasete-qarismayan-qurbanlar\\\/#breadcrumb\",\"itemListElement\":[{\"@type\":\"ListItem\",\"position\":1,\"name\":\"Ana s\u0259hif\u0259\",\"item\":\"https:\\\/\\\/www.meydan.tv\\\/az\\\/\"},{\"@type\":\"ListItem\",\"position\":2,\"name\":\"M\u0259nim Fikrimc\u0259\",\"item\":\"https:\\\/\\\/www.meydan.tv\\\/az\\\/section\\\/menim-fikrimce\\\/\"},{\"@type\":\"ListItem\",\"position\":3,\"name\":\"Siyas\u0259t\u0259 qar\u0131\u015fmayan qurbanlar\"}]},{\"@type\":\"WebSite\",\"@id\":\"https:\\\/\\\/www.meydan.tv\\\/az\\\/#website\",\"url\":\"https:\\\/\\\/www.meydan.tv\\\/az\\\/\",\"name\":\"MEYDAN.TV\",\"description\":\"Meydan TV Az\u0259rbaycan\u0131n media m\u0259kan\u0131ndak\u0131 alternativ s\u0259sidir\",\"publisher\":{\"@id\":\"https:\\\/\\\/www.meydan.tv\\\/az\\\/#organization\"},\"potentialAction\":[{\"@type\":\"SearchAction\",\"target\":{\"@type\":\"EntryPoint\",\"urlTemplate\":\"https:\\\/\\\/www.meydan.tv\\\/az\\\/?s={search_term_string}\"},\"query-input\":{\"@type\":\"PropertyValueSpecification\",\"valueRequired\":true,\"valueName\":\"search_term_string\"}}],\"inLanguage\":\"az\"},{\"@type\":\"Organization\",\"@id\":\"https:\\\/\\\/www.meydan.tv\\\/az\\\/#organization\",\"name\":\"Meydan TV\",\"url\":\"https:\\\/\\\/www.meydan.tv\\\/az\\\/\",\"logo\":{\"@type\":\"ImageObject\",\"inLanguage\":\"az\",\"@id\":\"https:\\\/\\\/www.meydan.tv\\\/az\\\/#\\\/schema\\\/logo\\\/image\\\/\",\"url\":\"https:\\\/\\\/www.meydan.tv\\\/wp-content\\\/uploads\\\/2021\\\/07\\\/meydan-logo.svg\",\"contentUrl\":\"https:\\\/\\\/www.meydan.tv\\\/wp-content\\\/uploads\\\/2021\\\/07\\\/meydan-logo.svg\",\"width\":195,\"height\":46,\"caption\":\"Meydan TV\"},\"image\":{\"@id\":\"https:\\\/\\\/www.meydan.tv\\\/az\\\/#\\\/schema\\\/logo\\\/image\\\/\"}},{\"@type\":\"Person\",\"@id\":\"https:\\\/\\\/www.meydan.tv\\\/az\\\/#\\\/schema\\\/person\\\/10d11eccf6da3662cf5fdab9806ea91a\",\"name\":\"user-manager\"}]}<\/script>\n<!-- \/ Yoast SEO plugin. -->","yoast_head_json":{"title":"Siyas\u0259t\u0259 qar\u0131\u015fmayan qurbanlar - MEYDAN.TV","robots":{"index":"index","follow":"follow","max-snippet":"max-snippet:-1","max-image-preview":"max-image-preview:large","max-video-preview":"max-video-preview:-1"},"canonical":"https:\/\/www.meydan.tv\/az\/article\/siyasete-qarismayan-qurbanlar\/","og_locale":"az_AZ","og_type":"article","og_title":"Siyas\u0259t\u0259 qar\u0131\u015fmayan qurbanlar - MEYDAN.TV","og_description":"Onlar analoqu olmayan siyas\u0259t\u0259 nec\u0259 v\u0259 niy\u0259 qurban gedirl\u0259r?","og_url":"https:\/\/www.meydan.tv\/az\/article\/siyasete-qarismayan-qurbanlar\/","og_site_name":"MEYDAN.TV","article_published_time":"2014-12-27T00:09:23+00:00","og_image":[{"width":355,"height":400,"url":"https:\/\/www.meydan.tv\/wp-content\/uploads\/6431.jpg","type":"image\/jpeg"}],"author":"user-manager","twitter_card":"summary_large_image","schema":{"@context":"https:\/\/schema.org","@graph":[{"@type":"Article","@id":"https:\/\/www.meydan.tv\/az\/article\/siyasete-qarismayan-qurbanlar\/#article","isPartOf":{"@id":"https:\/\/www.meydan.tv\/az\/article\/siyasete-qarismayan-qurbanlar\/"},"author":{"name":"user-manager","@id":"https:\/\/www.meydan.tv\/az\/#\/schema\/person\/10d11eccf6da3662cf5fdab9806ea91a"},"headline":"Siyas\u0259t\u0259 qar\u0131\u015fmayan qurbanlar","datePublished":"2014-12-27T00:09:23+00:00","mainEntityOfPage":{"@id":"https:\/\/www.meydan.tv\/az\/article\/siyasete-qarismayan-qurbanlar\/"},"wordCount":683,"publisher":{"@id":"https:\/\/www.meydan.tv\/az\/#organization"},"image":{"@id":"https:\/\/www.meydan.tv\/az\/article\/siyasete-qarismayan-qurbanlar\/#primaryimage"},"thumbnailUrl":"https:\/\/www.meydan.tv\/wp-content\/uploads\/6431.jpg","articleSection":["M\u0259nim Fikrimc\u0259"],"inLanguage":"az"},{"@type":"WebPage","@id":"https:\/\/www.meydan.tv\/az\/article\/siyasete-qarismayan-qurbanlar\/","url":"https:\/\/www.meydan.tv\/az\/article\/siyasete-qarismayan-qurbanlar\/","name":"Siyas\u0259t\u0259 qar\u0131\u015fmayan qurbanlar - MEYDAN.TV","isPartOf":{"@id":"https:\/\/www.meydan.tv\/az\/#website"},"primaryImageOfPage":{"@id":"https:\/\/www.meydan.tv\/az\/article\/siyasete-qarismayan-qurbanlar\/#primaryimage"},"image":{"@id":"https:\/\/www.meydan.tv\/az\/article\/siyasete-qarismayan-qurbanlar\/#primaryimage"},"thumbnailUrl":"https:\/\/www.meydan.tv\/wp-content\/uploads\/6431.jpg","datePublished":"2014-12-27T00:09:23+00:00","breadcrumb":{"@id":"https:\/\/www.meydan.tv\/az\/article\/siyasete-qarismayan-qurbanlar\/#breadcrumb"},"inLanguage":"az","potentialAction":[{"@type":"ReadAction","target":["https:\/\/www.meydan.tv\/az\/article\/siyasete-qarismayan-qurbanlar\/"]}]},{"@type":"ImageObject","inLanguage":"az","@id":"https:\/\/www.meydan.tv\/az\/article\/siyasete-qarismayan-qurbanlar\/#primaryimage","url":"https:\/\/www.meydan.tv\/wp-content\/uploads\/6431.jpg","contentUrl":"https:\/\/www.meydan.tv\/wp-content\/uploads\/6431.jpg","width":355,"height":400,"caption":"Source:"},{"@type":"BreadcrumbList","@id":"https:\/\/www.meydan.tv\/az\/article\/siyasete-qarismayan-qurbanlar\/#breadcrumb","itemListElement":[{"@type":"ListItem","position":1,"name":"Ana s\u0259hif\u0259","item":"https:\/\/www.meydan.tv\/az\/"},{"@type":"ListItem","position":2,"name":"M\u0259nim Fikrimc\u0259","item":"https:\/\/www.meydan.tv\/az\/section\/menim-fikrimce\/"},{"@type":"ListItem","position":3,"name":"Siyas\u0259t\u0259 qar\u0131\u015fmayan qurbanlar"}]},{"@type":"WebSite","@id":"https:\/\/www.meydan.tv\/az\/#website","url":"https:\/\/www.meydan.tv\/az\/","name":"MEYDAN.TV","description":"Meydan TV Az\u0259rbaycan\u0131n media m\u0259kan\u0131ndak\u0131 alternativ s\u0259sidir","publisher":{"@id":"https:\/\/www.meydan.tv\/az\/#organization"},"potentialAction":[{"@type":"SearchAction","target":{"@type":"EntryPoint","urlTemplate":"https:\/\/www.meydan.tv\/az\/?s={search_term_string}"},"query-input":{"@type":"PropertyValueSpecification","valueRequired":true,"valueName":"search_term_string"}}],"inLanguage":"az"},{"@type":"Organization","@id":"https:\/\/www.meydan.tv\/az\/#organization","name":"Meydan TV","url":"https:\/\/www.meydan.tv\/az\/","logo":{"@type":"ImageObject","inLanguage":"az","@id":"https:\/\/www.meydan.tv\/az\/#\/schema\/logo\/image\/","url":"https:\/\/www.meydan.tv\/wp-content\/uploads\/2021\/07\/meydan-logo.svg","contentUrl":"https:\/\/www.meydan.tv\/wp-content\/uploads\/2021\/07\/meydan-logo.svg","width":195,"height":46,"caption":"Meydan TV"},"image":{"@id":"https:\/\/www.meydan.tv\/az\/#\/schema\/logo\/image\/"}},{"@type":"Person","@id":"https:\/\/www.meydan.tv\/az\/#\/schema\/person\/10d11eccf6da3662cf5fdab9806ea91a","name":"user-manager"}]}},"_links":{"self":[{"href":"https:\/\/www.meydan.tv\/az\/wp-json\/wp\/v2\/posts\/166339","targetHints":{"allow":["GET"]}}],"collection":[{"href":"https:\/\/www.meydan.tv\/az\/wp-json\/wp\/v2\/posts"}],"about":[{"href":"https:\/\/www.meydan.tv\/az\/wp-json\/wp\/v2\/types\/post"}],"author":[{"embeddable":true,"href":"https:\/\/www.meydan.tv\/az\/wp-json\/wp\/v2\/users\/11"}],"replies":[{"embeddable":true,"href":"https:\/\/www.meydan.tv\/az\/wp-json\/wp\/v2\/comments?post=166339"}],"version-history":[{"count":0,"href":"https:\/\/www.meydan.tv\/az\/wp-json\/wp\/v2\/posts\/166339\/revisions"}],"wp:featuredmedia":[{"embeddable":true,"href":"https:\/\/www.meydan.tv\/az\/wp-json\/wp\/v2\/media\/17964"}],"wp:attachment":[{"href":"https:\/\/www.meydan.tv\/az\/wp-json\/wp\/v2\/media?parent=166339"}],"wp:term":[{"taxonomy":"category","embeddable":true,"href":"https:\/\/www.meydan.tv\/az\/wp-json\/wp\/v2\/categories?post=166339"},{"taxonomy":"post_tag","embeddable":true,"href":"https:\/\/www.meydan.tv\/az\/wp-json\/wp\/v2\/tags?post=166339"}],"curies":[{"name":"wp","href":"https:\/\/api.w.org\/{rel}","templated":true}]}}