{"id":166262,"date":"2014-12-22T00:35:04","date_gmt":"2014-12-22T00:35:04","guid":{"rendered":"https:\/\/www.meydan.tv\/article\/men-nece-aqressiv-oldum\/"},"modified":"2014-12-22T00:35:04","modified_gmt":"2014-12-22T00:35:04","slug":"men-nece-aqressiv-oldum","status":"publish","type":"post","link":"https:\/\/www.meydan.tv\/az\/article\/men-nece-aqressiv-oldum\/","title":{"rendered":"M\u0259n nec\u0259 aqressiv oldum?"},"content":{"rendered":"<figure class=\"wp-block-image size-large\">\n  <img decoding=\"async\" src=\"https:\/\/www.meydan.tv\/az\/17660\/\" alt=\"\" class=\"wp-image-17660\"\/><figcaption><\/figcaption><\/figure>\n<figure class=\"wp-block-image size-large\">\n  <img decoding=\"async\" src=\"https:\/\/www.meydan.tv\/az\/17663\/\" alt=\"\" class=\"wp-image-17663\"\/><figcaption><\/figcaption><\/figure>\n<p>\n  Bir \u00e7ox insan ba\u015fqalar\u0131na qar\u015f\u0131 m\u00fchakim\u0259 edici v\u0259 \u015f\u00fcbh\u0259li n\u0259z\u0259rl\u0259rl\u0259 bax\u0131r. Bu qaraq\u0259lbliliyin ni\u015fan\u0259sidir. H\u0259r \u015feyd\u0259 \u00f6z\u00fcn\u00fc haql\u0131 hesab edir. Bu is\u0259 cahilliyin ni\u015fan\u0259sidir. S\u00f6z\u00fcm m\u0259ni tan\u0131may\u0131b, publisistikadan v\u0259 \u0259d\u0259bi t\u0259nqidd\u0259n x\u0259b\u0259ri olmayanlarad\u0131r. Yazarlar c\u0259miyy\u0259tin h\u0259kiml\u0259ridir.. M\u0259n \u00f6z\u00fcm\u00fc ali yazar z\u0259nn etmir\u0259m. Bu sah\u0259d\u0259 yeniy\u0259m v\u0259 h\u0259v\u0259sliy\u0259m. H\u0259r g\u00fcn \u00f6z\u00fcm\u00fc inki\u015faf etdirm\u0259y\u0259 \u00e7al\u0131\u015f\u0131ram. \u0130n\u015fallah, h\u0259r \u015fey daha yax\u015f\u0131 olacaq. Q\u0259tiyy\u0259n \u00f6z\u00fcm\u0259 b\u0259dbin fikirl\u0259r g\u0259tirmir\u0259m. M\u0259ni q\u0131nayanlar\u0131 da q\u0131nam\u0131ram. \u00c7\u00fcnki q\u0131namaq, s\u0259hv tutmaq asan m\u0259s\u0259l\u0259dir. \u00c7\u0259tini ba\u015fqas\u0131n\u0131n yerin\u0259 \u00f6z\u00fcn\u00fc qoymaq v\u0259 tam sa\u011flam, detall\u0131 t\u0259hlildir.\n<\/p>\n<p>\n  Anlay\u0131\u015f\u0131n, s\u0259brin v\u0259 \u0259n \u0259sas E\u015eQin q\u0131t oldu\u011fu toplumda bu hal \u00e7ox t\u0259biidir. E\u015fq v\u0259 sevgi yoxdursa, dem\u0259li, orda q\u00fctbl\u0259\u015fm\u0259, \u0259s\u0259b, nifr\u0259t, bir s\u00f6zl\u0259, a\u011fl\u0131n\u0131za n\u0259 m\u0259nfi \u00fcns\u00fcrl\u0259r g\u0259lirs\u0259, onlar m\u00f6vcuddur. Bax, bunlara qar\u015f\u0131 m\u0259hz s\u0259rt fikird\u0259 olmal\u0131 v\u0259 ilk n\u00f6vb\u0259d\u0259 \u00f6z\u00fcm\u00fczd\u0259n, sonra is\u0259 c\u0259miyy\u0259td\u0259kil\u0259rin ruhundan bu \u00fcns\u00fcrl\u0259rin \u00e7\u0131xmas\u0131 \u00fc\u00e7\u00fcn vuru\u015fmal\u0131y\u0131q..\n<\/p>\n<p>\n  M\u0259n insanlara xitab ed\u0259rk\u0259n, m\u00fcq\u0259dd\u0259s yollar g\u00f6st\u0259rmir\u0259m. M\u0259n pey\u011f\u0259mb\u0259r v\u0259 ya ideal birisi deyil\u0259m. Hadis\u0259l\u0259ri v\u0259 probleml\u0259ri yazmaqda niyy\u0259tim n\u0259 qeyb\u0259t, n\u0259 b\u0259dbinlik, n\u0259 \u00e7ar\u0259sizlik deyil. Ham\u0131 g\u00f6rm\u0259k ist\u0259diyini g\u00f6r\u0259r zat\u0259n. Sad\u0259c\u0259 i\u00e7i m\u0259n qar\u0131\u015f\u0131q, h\u0259r birimizin b\u00f6y\u00fck islahatlara ehtiyac\u0131 var. Bir \u00e7oxlar\u0131 asan \u015f\u0259kild\u0259, he\u00e7 m\u0259ni tan\u0131madan deyirl\u0259r: \u201caqressivs\u0259n\u201d..\n<\/p>\n<p>\n  M\u0259n aqressiya-filan t\u0259bli\u011f etmir\u0259m. \u00c7ox pozitiv\u0259m. B\u0259li, ruhum etirazkar v\u0259 naraz\u0131d\u0131r. Bunu eqoistlikd\u0259n etmir\u0259m. \u0130nsanlar\u0131n haqq\u0131 tapdan\u0131rsa, \u0259dal\u0259tsizlik meydan sulay\u0131rsa, insanlar\u0131n bir \u00e7oxu \u0259lillikd\u0259n x\u0259b\u0259rsizs\u0259, onlar\u0131 dil\u0259n\u00e7i z\u0259nn edirs\u0259, onlara yaz\u0131q v\u0259 axmaq bax\u0131\u015flarla bax\u0131b,kompleks\u0259 sal\u0131b, ev dusta\u011f\u0131na \u00e7evirirs\u0259, intim h\u0259yat\u0131n\u0131n olmamas\u0131ndan \u015f\u00fcbh\u0259l\u0259nib, m\u00fcnasib\u0259td\u0259n qa\u00e7\u0131b v\u0259 ya onu yar\u0131 yolda burax\u0131rsa, m\u0259n niy\u0259 yazmay\u0131m olanlar\u0131?\n<\/p>\n<p>\n  Siz deyirsiniz, pozitiv \u015feyl\u0259r yaz. M\u0259n pessimist deyil\u0259m. Siz c\u0259miyy\u0259timizi v\u0259 \u0259lilliyi olan insanlar\u0131 ancaq pozitiv g\u00f6rm\u0259k ist\u0259yirsinizs\u0259, l\u00fctf\u0259n AzTv-y\u0259 bax\u0131n. Orda h\u0259r \u015fey siz\u0259 g\u00f6z\u0259l v\u0259 q\u00fcsursuz t\u0259qdim olunacaq. M\u0259n h\u0259yat\u0131 \u00e7ox sevir\u0259m. Sizin pis s\u00f6zl\u0259riniz m\u0259n\u0259 pis t\u0259sir etmir, amma siz\u0259 ac\u0131y\u0131ram. Siz bel\u0259 \u015feyl\u0259r\u0259 \u00f6yr\u0259\u015fmisiniz. O q\u0259d\u0259r bekar, m\u00fctali\u0259d\u0259n uzaqs\u0131n\u0131z ki, \u00f6z\u00fcn\u00fcz\u00fc ali insan m\u00fcnasib\u0259tl\u0259rinin formala\u015fmas\u0131 v\u0259 davran\u0131\u015f\u0131 \u00fczr\u0259 m\u00fct\u0259x\u0259sis z\u0259nn edirsiniz. H\u0259tta b\u0259zi \u0259lind\u0259n kitab d\u00fc\u015fm\u0259y\u0259nl\u0259r d\u0259 var. H\u0259rd\u0259n d\u00fc\u015f\u00fcn\u00fcr\u0259m, ilahi, do\u011furdan bu insan kitab oxuyub?\n<\/p>\n<p>\n  \u0130ndi ham\u0131 t\u00f6k\u00fcl\u00fc\u015f\u0259c\u0259k ki, t\u0259nqid\u0259 d\u00f6z\u00fcm\u00fcn yoxdur. Niy\u0259 olmas\u0131n ax\u0131?! Bilir\u0259m ki, inki\u015faf bir \u00e7ox hallarda t\u0259nqidl\u0259 m\u00fcmk\u00fcnd\u00fcr. Ancaq sa\u011flam v\u0259 q\u0259r\u0259zsiz t\u0259nqidl\u0259! Bir \u00e7ox halda, oxucular\u0131n t\u0259nqid v\u0259 iradlar\u0131ndan n\u0259tic\u0259 \u00e7\u0131xartm\u0131\u015fam. Sa\u011f olsunlar. M\u0259nim \u0259n yax\u015f\u0131 dostum m\u0259ni t\u0259nqid ed\u0259n dostumdur. Harold Pinter deyib ki, \u201cO yazardan \u00f6z\u00fcn\u00fcz\u00fc g\u00f6zl\u0259yin ki, siz\u0259 ideyalar\u0131n\u0131 zorla s\u0131r\u0131y\u0131r, \u015f\u0259xsiyy\u0259tinin \u0259h\u0259miyy\u0259tind\u0259n, insan\u0131 \u00e7ox sevdiyind\u0259n d\u0259m vurur.\u201d Aha, biz sizin \u00fc\u00e7\u00fcn sinov getmirik, ist\u0259yimiz b\u0259rab\u0259r h\u00fcquqlu v\u0259 sivil c\u0259miyy\u0259tin qurulmas\u0131d\u0131r. M\u0259n kobud biriy\u0259m v\u0259 bu xasiyy\u0259timi y\u00fcng\u00fcll\u0259\u015fdirm\u0259y\u0259 \u00e7al\u0131\u015f\u0131ram. Yanl\u0131\u015flar\u0131m \u00e7oxdur, amma g\u00fcn\u0259\u015fi v\u0259 g\u0259l\u0259c\u0259yi g\u00f6r\u00fcr\u0259m. G\u0259l\u0259c\u0259yimiz g\u00f6z\u0259l olacaq. Ba\u015f\u0131n\u0131z\u0131 a\u011fr\u0131tmal\u0131yd\u0131m, q\u00fcsura baxmay\u0131n.<\/p>\n","protected":false},"excerpt":{"rendered":"<p>O yazardan \u00f6z\u00fcn\u00fcz\u00fc g\u00f6zl\u0259yin ki&#8230;<\/p>\n","protected":false},"author":11,"featured_media":17660,"comment_status":"closed","ping_status":"open","sticky":false,"template":"","format":"standard","meta":{"_acf_changed":false,"_sitemap_exclude":false,"_sitemap_priority":"","_sitemap_frequency":"","footnotes":""},"categories":[57],"tags":[],"class_list":["post-166262","post","type-post","status-publish","format-standard","has-post-thumbnail","hentry","category-menim-fikrimce","infinite-scroll-item","generate-columns","tablet-grid-50","mobile-grid-100","grid-parent","grid-33","no-featured-image-padding"],"acf":[],"yoast_head":"<!-- This site is optimized with the Yoast SEO plugin v27.4 - https:\/\/yoast.com\/product\/yoast-seo-wordpress\/ -->\n<title>M\u0259n nec\u0259 aqressiv oldum? - MEYDAN.TV<\/title>\n<meta name=\"robots\" content=\"index, follow, max-snippet:-1, max-image-preview:large, max-video-preview:-1\" \/>\n<link rel=\"canonical\" href=\"https:\/\/www.meydan.tv\/az\/article\/men-nece-aqressiv-oldum\/\" \/>\n<meta property=\"og:locale\" content=\"az_AZ\" \/>\n<meta property=\"og:type\" content=\"article\" \/>\n<meta property=\"og:title\" content=\"M\u0259n nec\u0259 aqressiv oldum? - MEYDAN.TV\" \/>\n<meta property=\"og:description\" content=\"O yazardan \u00f6z\u00fcn\u00fcz\u00fc g\u00f6zl\u0259yin ki...\" \/>\n<meta property=\"og:url\" content=\"https:\/\/www.meydan.tv\/az\/article\/men-nece-aqressiv-oldum\/\" \/>\n<meta property=\"og:site_name\" content=\"MEYDAN.TV\" \/>\n<meta property=\"article:published_time\" content=\"2014-12-22T00:35:04+00:00\" \/>\n<meta property=\"og:image\" content=\"https:\/\/www.meydan.tv\/wp-content\/uploads\/6309.jpg\" \/>\n\t<meta property=\"og:image:width\" content=\"500\" \/>\n\t<meta property=\"og:image:height\" content=\"500\" \/>\n\t<meta property=\"og:image:type\" content=\"image\/jpeg\" \/>\n<meta name=\"author\" content=\"user-manager\" \/>\n<meta name=\"twitter:card\" content=\"summary_large_image\" \/>\n<script type=\"application\/ld+json\" class=\"yoast-schema-graph\">{\"@context\":\"https:\\\/\\\/schema.org\",\"@graph\":[{\"@type\":\"Article\",\"@id\":\"https:\\\/\\\/www.meydan.tv\\\/az\\\/article\\\/men-nece-aqressiv-oldum\\\/#article\",\"isPartOf\":{\"@id\":\"https:\\\/\\\/www.meydan.tv\\\/az\\\/article\\\/men-nece-aqressiv-oldum\\\/\"},\"author\":{\"name\":\"user-manager\",\"@id\":\"https:\\\/\\\/www.meydan.tv\\\/az\\\/#\\\/schema\\\/person\\\/10d11eccf6da3662cf5fdab9806ea91a\"},\"headline\":\"M\u0259n nec\u0259 aqressiv oldum?\",\"datePublished\":\"2014-12-22T00:35:04+00:00\",\"mainEntityOfPage\":{\"@id\":\"https:\\\/\\\/www.meydan.tv\\\/az\\\/article\\\/men-nece-aqressiv-oldum\\\/\"},\"wordCount\":742,\"publisher\":{\"@id\":\"https:\\\/\\\/www.meydan.tv\\\/az\\\/#organization\"},\"image\":{\"@id\":\"https:\\\/\\\/www.meydan.tv\\\/az\\\/article\\\/men-nece-aqressiv-oldum\\\/#primaryimage\"},\"thumbnailUrl\":\"https:\\\/\\\/www.meydan.tv\\\/wp-content\\\/uploads\\\/6309.jpg\",\"articleSection\":[\"M\u0259nim Fikrimc\u0259\"],\"inLanguage\":\"az\"},{\"@type\":\"WebPage\",\"@id\":\"https:\\\/\\\/www.meydan.tv\\\/az\\\/article\\\/men-nece-aqressiv-oldum\\\/\",\"url\":\"https:\\\/\\\/www.meydan.tv\\\/az\\\/article\\\/men-nece-aqressiv-oldum\\\/\",\"name\":\"M\u0259n nec\u0259 aqressiv oldum? - MEYDAN.TV\",\"isPartOf\":{\"@id\":\"https:\\\/\\\/www.meydan.tv\\\/az\\\/#website\"},\"primaryImageOfPage\":{\"@id\":\"https:\\\/\\\/www.meydan.tv\\\/az\\\/article\\\/men-nece-aqressiv-oldum\\\/#primaryimage\"},\"image\":{\"@id\":\"https:\\\/\\\/www.meydan.tv\\\/az\\\/article\\\/men-nece-aqressiv-oldum\\\/#primaryimage\"},\"thumbnailUrl\":\"https:\\\/\\\/www.meydan.tv\\\/wp-content\\\/uploads\\\/6309.jpg\",\"datePublished\":\"2014-12-22T00:35:04+00:00\",\"breadcrumb\":{\"@id\":\"https:\\\/\\\/www.meydan.tv\\\/az\\\/article\\\/men-nece-aqressiv-oldum\\\/#breadcrumb\"},\"inLanguage\":\"az\",\"potentialAction\":[{\"@type\":\"ReadAction\",\"target\":[\"https:\\\/\\\/www.meydan.tv\\\/az\\\/article\\\/men-nece-aqressiv-oldum\\\/\"]}]},{\"@type\":\"ImageObject\",\"inLanguage\":\"az\",\"@id\":\"https:\\\/\\\/www.meydan.tv\\\/az\\\/article\\\/men-nece-aqressiv-oldum\\\/#primaryimage\",\"url\":\"https:\\\/\\\/www.meydan.tv\\\/wp-content\\\/uploads\\\/6309.jpg\",\"contentUrl\":\"https:\\\/\\\/www.meydan.tv\\\/wp-content\\\/uploads\\\/6309.jpg\",\"width\":500,\"height\":500,\"caption\":\"Source:\"},{\"@type\":\"BreadcrumbList\",\"@id\":\"https:\\\/\\\/www.meydan.tv\\\/az\\\/article\\\/men-nece-aqressiv-oldum\\\/#breadcrumb\",\"itemListElement\":[{\"@type\":\"ListItem\",\"position\":1,\"name\":\"Ana s\u0259hif\u0259\",\"item\":\"https:\\\/\\\/www.meydan.tv\\\/az\\\/\"},{\"@type\":\"ListItem\",\"position\":2,\"name\":\"M\u0259nim Fikrimc\u0259\",\"item\":\"https:\\\/\\\/www.meydan.tv\\\/az\\\/section\\\/menim-fikrimce\\\/\"},{\"@type\":\"ListItem\",\"position\":3,\"name\":\"M\u0259n nec\u0259 aqressiv oldum?\"}]},{\"@type\":\"WebSite\",\"@id\":\"https:\\\/\\\/www.meydan.tv\\\/az\\\/#website\",\"url\":\"https:\\\/\\\/www.meydan.tv\\\/az\\\/\",\"name\":\"MEYDAN.TV\",\"description\":\"Meydan TV Az\u0259rbaycan\u0131n media m\u0259kan\u0131ndak\u0131 alternativ s\u0259sidir\",\"publisher\":{\"@id\":\"https:\\\/\\\/www.meydan.tv\\\/az\\\/#organization\"},\"potentialAction\":[{\"@type\":\"SearchAction\",\"target\":{\"@type\":\"EntryPoint\",\"urlTemplate\":\"https:\\\/\\\/www.meydan.tv\\\/az\\\/?s={search_term_string}\"},\"query-input\":{\"@type\":\"PropertyValueSpecification\",\"valueRequired\":true,\"valueName\":\"search_term_string\"}}],\"inLanguage\":\"az\"},{\"@type\":\"Organization\",\"@id\":\"https:\\\/\\\/www.meydan.tv\\\/az\\\/#organization\",\"name\":\"Meydan TV\",\"url\":\"https:\\\/\\\/www.meydan.tv\\\/az\\\/\",\"logo\":{\"@type\":\"ImageObject\",\"inLanguage\":\"az\",\"@id\":\"https:\\\/\\\/www.meydan.tv\\\/az\\\/#\\\/schema\\\/logo\\\/image\\\/\",\"url\":\"https:\\\/\\\/www.meydan.tv\\\/wp-content\\\/uploads\\\/2021\\\/07\\\/meydan-logo.svg\",\"contentUrl\":\"https:\\\/\\\/www.meydan.tv\\\/wp-content\\\/uploads\\\/2021\\\/07\\\/meydan-logo.svg\",\"width\":195,\"height\":46,\"caption\":\"Meydan TV\"},\"image\":{\"@id\":\"https:\\\/\\\/www.meydan.tv\\\/az\\\/#\\\/schema\\\/logo\\\/image\\\/\"}},{\"@type\":\"Person\",\"@id\":\"https:\\\/\\\/www.meydan.tv\\\/az\\\/#\\\/schema\\\/person\\\/10d11eccf6da3662cf5fdab9806ea91a\",\"name\":\"user-manager\"}]}<\/script>\n<!-- \/ Yoast SEO plugin. -->","yoast_head_json":{"title":"M\u0259n nec\u0259 aqressiv oldum? - MEYDAN.TV","robots":{"index":"index","follow":"follow","max-snippet":"max-snippet:-1","max-image-preview":"max-image-preview:large","max-video-preview":"max-video-preview:-1"},"canonical":"https:\/\/www.meydan.tv\/az\/article\/men-nece-aqressiv-oldum\/","og_locale":"az_AZ","og_type":"article","og_title":"M\u0259n nec\u0259 aqressiv oldum? - MEYDAN.TV","og_description":"O yazardan \u00f6z\u00fcn\u00fcz\u00fc g\u00f6zl\u0259yin ki...","og_url":"https:\/\/www.meydan.tv\/az\/article\/men-nece-aqressiv-oldum\/","og_site_name":"MEYDAN.TV","article_published_time":"2014-12-22T00:35:04+00:00","og_image":[{"width":500,"height":500,"url":"https:\/\/www.meydan.tv\/wp-content\/uploads\/6309.jpg","type":"image\/jpeg"}],"author":"user-manager","twitter_card":"summary_large_image","schema":{"@context":"https:\/\/schema.org","@graph":[{"@type":"Article","@id":"https:\/\/www.meydan.tv\/az\/article\/men-nece-aqressiv-oldum\/#article","isPartOf":{"@id":"https:\/\/www.meydan.tv\/az\/article\/men-nece-aqressiv-oldum\/"},"author":{"name":"user-manager","@id":"https:\/\/www.meydan.tv\/az\/#\/schema\/person\/10d11eccf6da3662cf5fdab9806ea91a"},"headline":"M\u0259n nec\u0259 aqressiv oldum?","datePublished":"2014-12-22T00:35:04+00:00","mainEntityOfPage":{"@id":"https:\/\/www.meydan.tv\/az\/article\/men-nece-aqressiv-oldum\/"},"wordCount":742,"publisher":{"@id":"https:\/\/www.meydan.tv\/az\/#organization"},"image":{"@id":"https:\/\/www.meydan.tv\/az\/article\/men-nece-aqressiv-oldum\/#primaryimage"},"thumbnailUrl":"https:\/\/www.meydan.tv\/wp-content\/uploads\/6309.jpg","articleSection":["M\u0259nim Fikrimc\u0259"],"inLanguage":"az"},{"@type":"WebPage","@id":"https:\/\/www.meydan.tv\/az\/article\/men-nece-aqressiv-oldum\/","url":"https:\/\/www.meydan.tv\/az\/article\/men-nece-aqressiv-oldum\/","name":"M\u0259n nec\u0259 aqressiv oldum? - MEYDAN.TV","isPartOf":{"@id":"https:\/\/www.meydan.tv\/az\/#website"},"primaryImageOfPage":{"@id":"https:\/\/www.meydan.tv\/az\/article\/men-nece-aqressiv-oldum\/#primaryimage"},"image":{"@id":"https:\/\/www.meydan.tv\/az\/article\/men-nece-aqressiv-oldum\/#primaryimage"},"thumbnailUrl":"https:\/\/www.meydan.tv\/wp-content\/uploads\/6309.jpg","datePublished":"2014-12-22T00:35:04+00:00","breadcrumb":{"@id":"https:\/\/www.meydan.tv\/az\/article\/men-nece-aqressiv-oldum\/#breadcrumb"},"inLanguage":"az","potentialAction":[{"@type":"ReadAction","target":["https:\/\/www.meydan.tv\/az\/article\/men-nece-aqressiv-oldum\/"]}]},{"@type":"ImageObject","inLanguage":"az","@id":"https:\/\/www.meydan.tv\/az\/article\/men-nece-aqressiv-oldum\/#primaryimage","url":"https:\/\/www.meydan.tv\/wp-content\/uploads\/6309.jpg","contentUrl":"https:\/\/www.meydan.tv\/wp-content\/uploads\/6309.jpg","width":500,"height":500,"caption":"Source:"},{"@type":"BreadcrumbList","@id":"https:\/\/www.meydan.tv\/az\/article\/men-nece-aqressiv-oldum\/#breadcrumb","itemListElement":[{"@type":"ListItem","position":1,"name":"Ana s\u0259hif\u0259","item":"https:\/\/www.meydan.tv\/az\/"},{"@type":"ListItem","position":2,"name":"M\u0259nim Fikrimc\u0259","item":"https:\/\/www.meydan.tv\/az\/section\/menim-fikrimce\/"},{"@type":"ListItem","position":3,"name":"M\u0259n nec\u0259 aqressiv oldum?"}]},{"@type":"WebSite","@id":"https:\/\/www.meydan.tv\/az\/#website","url":"https:\/\/www.meydan.tv\/az\/","name":"MEYDAN.TV","description":"Meydan TV Az\u0259rbaycan\u0131n media m\u0259kan\u0131ndak\u0131 alternativ s\u0259sidir","publisher":{"@id":"https:\/\/www.meydan.tv\/az\/#organization"},"potentialAction":[{"@type":"SearchAction","target":{"@type":"EntryPoint","urlTemplate":"https:\/\/www.meydan.tv\/az\/?s={search_term_string}"},"query-input":{"@type":"PropertyValueSpecification","valueRequired":true,"valueName":"search_term_string"}}],"inLanguage":"az"},{"@type":"Organization","@id":"https:\/\/www.meydan.tv\/az\/#organization","name":"Meydan TV","url":"https:\/\/www.meydan.tv\/az\/","logo":{"@type":"ImageObject","inLanguage":"az","@id":"https:\/\/www.meydan.tv\/az\/#\/schema\/logo\/image\/","url":"https:\/\/www.meydan.tv\/wp-content\/uploads\/2021\/07\/meydan-logo.svg","contentUrl":"https:\/\/www.meydan.tv\/wp-content\/uploads\/2021\/07\/meydan-logo.svg","width":195,"height":46,"caption":"Meydan TV"},"image":{"@id":"https:\/\/www.meydan.tv\/az\/#\/schema\/logo\/image\/"}},{"@type":"Person","@id":"https:\/\/www.meydan.tv\/az\/#\/schema\/person\/10d11eccf6da3662cf5fdab9806ea91a","name":"user-manager"}]}},"_links":{"self":[{"href":"https:\/\/www.meydan.tv\/az\/wp-json\/wp\/v2\/posts\/166262","targetHints":{"allow":["GET"]}}],"collection":[{"href":"https:\/\/www.meydan.tv\/az\/wp-json\/wp\/v2\/posts"}],"about":[{"href":"https:\/\/www.meydan.tv\/az\/wp-json\/wp\/v2\/types\/post"}],"author":[{"embeddable":true,"href":"https:\/\/www.meydan.tv\/az\/wp-json\/wp\/v2\/users\/11"}],"replies":[{"embeddable":true,"href":"https:\/\/www.meydan.tv\/az\/wp-json\/wp\/v2\/comments?post=166262"}],"version-history":[{"count":0,"href":"https:\/\/www.meydan.tv\/az\/wp-json\/wp\/v2\/posts\/166262\/revisions"}],"wp:featuredmedia":[{"embeddable":true,"href":"https:\/\/www.meydan.tv\/az\/wp-json\/wp\/v2\/media\/17660"}],"wp:attachment":[{"href":"https:\/\/www.meydan.tv\/az\/wp-json\/wp\/v2\/media?parent=166262"}],"wp:term":[{"taxonomy":"category","embeddable":true,"href":"https:\/\/www.meydan.tv\/az\/wp-json\/wp\/v2\/categories?post=166262"},{"taxonomy":"post_tag","embeddable":true,"href":"https:\/\/www.meydan.tv\/az\/wp-json\/wp\/v2\/tags?post=166262"}],"curies":[{"name":"wp","href":"https:\/\/api.w.org\/{rel}","templated":true}]}}