{"id":166254,"date":"2014-12-20T20:18:16","date_gmt":"2014-12-20T20:18:16","guid":{"rendered":"https:\/\/www.meydan.tv\/article\/arbeit-macht-frei\/"},"modified":"2014-12-20T20:18:16","modified_gmt":"2014-12-20T20:18:16","slug":"arbeit-macht-frei","status":"publish","type":"post","link":"https:\/\/www.meydan.tv\/az\/article\/arbeit-macht-frei\/","title":{"rendered":"ARBEIT  MACHT FREI"},"content":{"rendered":"<figure class=\"wp-block-image size-large\">\n  <img decoding=\"async\" src=\"https:\/\/www.meydan.tv\/az\/17645\/\" alt=\"\" class=\"wp-image-17645\"\/><figcaption><\/figcaption><\/figure>\n<figure class=\"wp-block-image size-large\">\n  <img decoding=\"async\" src=\"https:\/\/www.meydan.tv\/az\/17648\/\" alt=\"\" class=\"wp-image-17648\"\/><figcaption><\/figcaption><\/figure>\n<p>\n  Oktyabr ay\u0131n\u0131n 27-d\u0259 h\u0259bsimin 16 ay\u0131 tamam oldu. M\u0259hkum olundu\u011fum m\u00fcdd\u0259tin 1\/3hiss\u0259si arxada qald\u0131. Art\u0131q ert\u0259si g\u00fcn Qarada\u011f rayon m\u0259hk\u0259m\u0259sin\u0259 m\u00fcraci\u0259t ed\u0259r\u0259k Az\u0259rbaycan Respublikas\u0131 Cinay\u0259t M\u0259c\u0259ll\u0259sinin 71-ci v\u0259 C\u0259zalar\u0131n \u0130cras\u0131 M\u0259c\u0259ll\u0259sinin 170-ci madd\u0259l\u0259rin\u0259 uy\u011fun olaraq, c\u0259zan\u0131n \u00e7\u0259kilm\u0259mi\u015f hiss\u0259sini ba\u015fqa c\u0259za il\u0259 CM-nin 42-ci madd\u0259sind\u0259 n\u0259z\u0259rd\u0259 tutulan islah i\u015fl\u0259ri \u0259v\u0259z olunmas\u0131n\u0131 ist\u0259dim. \u018fslind\u0259 ist\u0259diyimin h\u0259yata ke\u00e7irilm\u0259si \u00fc\u00e7\u00fcn he\u00e7 bir ciddi mane\u0259 yox idi. H\u0259bsd\u0259 ke\u00e7irdiyim m\u00fcdd\u0259t \u0259rzind\u0259 t\u0259r\u0259fimd\u0259n he\u00e7 bir qayda pozuntusuna yol verilm\u0259mi\u015fdi v\u0259 he\u00e7 bir inzibati t\u0259nbeh\u0259 m\u0259ruz qalmam\u0131\u015fd\u0131m. Lakin ayd\u0131n idi ki, bunlar ham\u0131s\u0131 t\u0259f\u0259rr\u00fcatd\u0131r, yuxar\u0131dan hans\u0131 g\u00f6st\u0259ri\u015f ver\u0259c\u0259kdil\u0259rs\u0259, o da h\u0259yata ke\u00e7\u0259c\u0259kdi. Onu da deyim ki, m\u0259niml\u0259 eyni c\u0259za\u00e7\u0259km\u0259 m\u00fc\u0259ss\u0259sind\u0259 c\u0259za \u00e7\u0259k\u0259n dig\u0259r siyasi m\u0259hbus Qurban M\u0259mm\u0259dov da eyni vaxtda v\u0259 eyni t\u0259l\u0259bl\u0259 eyni instansiyaya m\u00fcraci\u0259t etmi\u015fdi.\n<\/p>\n<p>\n  Noyabr\u0131n 7-d\u0259 s\u0259h\u0259r yoxlamas\u0131 zaman\u0131 C\u00c7M-nin t\u0259rbiy\u0259vi i\u015fl\u0259r \u00fczr\u0259 r\u0259is m\u00fcavini Natiq Hac\u0131yev ikimiz\u0259 d\u0259 x\u0259b\u0259r verdi ki, saat 15:00-da m\u0259hk\u0259m\u0259miz olacaq. X\u0259b\u0259r bir q\u0259d\u0259r g\u00f6zl\u0259nilm\u0259z idi. \u00c7\u00fcnki analoji m\u0259hk\u0259m\u0259l\u0259r ad\u0259t\u0259n 30-40 dustaq \u00fc\u00e7\u00fcn bir g\u00fcnd\u0259 ke\u00e7irilir. G\u00f6r\u00fcn\u00fcr, C\u00c7M-nin r\u0259hb\u0259rliyi v\u0259 Qarada\u011f m\u0259hk\u0259m\u0259si biziml\u0259 eyni g\u00fcnd\u0259 h\u0259qiq\u0259t\u0259n cinay\u0259t t\u00f6r\u0259tmi\u015f m\u0259hbuslar\u0131n da i\u015fin\u0259 baxaraq, onlar\u0131 azad etm\u0259kd\u0259n, bizi is\u0259 m\u0259hb\u0259sd\u0259 saxlamaqdan diskomfort hiss etmi\u015fdi. Bu da h\u0259ya hissind\u0259n x\u0259b\u0259r verir ki, \u00f6zl\u00fcy\u00fcnd\u0259 m\u00fcsb\u0259t hald\u0131r.\n<\/p>\n<p>\n  Saat 15-\u0259 bir ne\u00e7\u0259 d\u0259qiq\u0259 qalm\u0131\u015f s\u0259sg\u00fccl\u0259ndirici vasit\u0259sil\u0259 bizl\u0259ri n\u00f6vb\u0259t\u00e7i hiss\u0259y\u0259 \u00e7a\u011f\u0131rd\u0131lar. M\u00fc\u0259ssis\u0259d\u0259 bel\u0259 m\u0259hk\u0259m\u0259l\u0259r \u00fc\u00e7\u00fcn x\u00fcsusi zal olmad\u0131\u011f\u0131ndan proses el\u0259 r\u0259is m\u00fcavini Natiq Hac\u0131yevin ki\u00e7ik kabinetind\u0259 ke\u00e7irildi. Prokuror F\u0259rahim H\u00fcseynli v\u0259 d\u00f6vl\u0259t t\u0259r\u0259find\u0259n ayr\u0131lm\u0131\u015f v\u0259kil \u015e\u00fck\u00fcr \u015e\u0131x\u0131yevin, el\u0259c\u0259 d\u0259 14 sayl\u0131 C\u00c7M-nin n\u00fcmay\u0259nd\u0259si Natiq Hac\u0131yevin i\u015ftirak\u0131 il\u0259 ke\u00e7iril\u0259n m\u0259hk\u0259m\u0259y\u0259 hakim R\u0259\u015fad M\u0259mm\u0259dov s\u0259drlik edirdi. Proses a\u00e7\u0131q elan edil\u0259nd\u0259n sonra s\u00f6z m\u0259n\u0259 verildi v\u0259 m\u0259n d\u0259 t\u0259l\u0259bimi \u0259sasland\u0131ran q\u0131sa \u00e7\u0131x\u0131\u015f etdim. Bundan sonra s\u00f6z Natiq m\u00fc\u0259llim\u0259 verildi. R\u0259is m\u00fcavini h\u0259bsim \u0259rzind\u0259 daxili rejim qaydalar\u0131n\u0131 pozmad\u0131\u011f\u0131m\u0131 t\u0259sdiql\u0259y\u0259nd\u0259n sonra m\u0259ni xasiyy\u0259tc\u0259 qapal\u0131 v\u0259 \u0259s\u0259bi kimi xarakteriz\u0259 etdi. Daha sonra \u201cm\u0259hkum Yadigar Sad\u0131qovun t\u0259hsil\u0259 m\u00fcnasib\u0259ti m\u00fcsb\u0259t olsa da, m\u00fcnt\u0259z\u0259m olaraq m\u00fc\u0259ssis\u0259nin kitabxanas\u0131nda m\u00fctali\u0259 il\u0259 m\u0259\u015f\u011ful olmas\u0131na baxmayaraq, onun \u0259m\u0259y\u0259 m\u00fcnasib\u0259ti q\u0259na\u0259tb\u0259x\u015f deyil. M\u00fc\u0259ssis\u0259 \u0259razisinin abadla\u015fd\u0131r\u0131lmas\u0131 v\u0259 m\u0259hkumlar\u0131n m\u0259d\u0259ni-m\u0259i\u015f\u0259t \u015f\u0259raitinin yax\u015f\u0131la\u015fd\u0131r\u0131lmas\u0131 i\u015fl\u0259rind\u0259 i\u015ftirak etm\u0259y\u0259 h\u0259v\u0259s g\u00f6st\u0259rmir. T\u00f6r\u0259tdiyi cinay\u0259t \u0259m\u0259lini etiraf etmir v\u0259 pe\u015fman\u00e7\u0131l\u0131q hissi ke\u00e7irmir, bar\u0259sind\u0259 m\u0259hk\u0259m\u0259l\u0259r t\u0259r\u0259find\u0259n \u00e7\u0131xar\u0131lm\u0131\u015f h\u00f6km v\u0259 q\u0259rarlarla raz\u0131la\u015fm\u0131r v\u0259 \u0259sass\u0131z h\u0259bs olundu\u011funu iddia edir\u201d-s\u00f6yl\u0259di.\n<\/p>\n<p>\n  Bu \u00e7\u0131x\u0131\u015fdan sonra ayd\u0131n idi ki, b\u00f6y\u00fck yerd\u0259n g\u0259l\u0259n \u0259mrin mahiyy\u0259ti n\u0259d\u0259n ibar\u0259tdir v\u0259 m\u0259hk\u0259m\u0259 hans\u0131 h\u00f6km\u00fc \u00e7\u0131xaracaq. Bununla bel\u0259, xasiyy\u0259tnam\u0259d\u0259ki arqumentl\u0259ri pu\u00e7 etm\u0259k y\u00f6n\u00fcnd\u0259 \u00e7\u0131x\u0131\u015f etdim. Fikirl\u0259\u015fdim ki, rejim m\u0259ni sosial \u015f\u0259b\u0259k\u0259l\u0259rd\u0259 debat aparmaqdan m\u0259hrum edib, he\u00e7 olmasa, burada qurdumu \u00f6ld\u00fcr\u00fcm. 20 g\u00fcn \u0259rzind\u0259 yazd\u0131\u011f\u0131m v\u0259 1 saat dediyim \u201cson s\u00f6z\u201d L\u0259nl\u0259ran m\u0259hk\u0259m\u0259sinin hakimi El\u00e7in Kaz\u0131mova t\u0259sir etm\u0259mi\u015fdis\u0259, bu ekspromt \u00e7\u0131x\u0131\u015f\u0131m\u0131n R\u0259\u015fad M\u0259mm\u0259dova t\u0259sirsiz \u00f6t\u00fc\u015f\u0259c\u0259yi \u015f\u00fcbh\u0259siz idi. Lakin, nec\u0259 dey\u0259rl\u0259r, s\u00f6hb\u0259tdir d\u0259, edirdik.\n<\/p>\n<p>\n  M\u0259ni az-\u00e7ox tan\u0131yanlar \u00fc\u00e7\u00fcn \u0259n g\u00f6zl\u0259nilm\u0259z arqument, y\u0259qin ki, xarakterc\u0259 qapal\u0131 v\u0259 \u0259s\u0259bi olma\u011f\u0131m haqq\u0131ndad\u0131r. Lakin bu analoji hallar \u00fc\u00e7\u00fcn, y\u0259ni ist\u0259yi r\u0259dd edil\u0259c\u0259k m\u0259hbuslar \u00fc\u00e7\u00fcn \u201cn\u00f6vb\u0259t\u00e7i\u201d arqumentl\u0259rd\u0259ndir. Bu yen\u0259 \u015f\u00fck\u00fcrl\u00fcd\u00fcr, Qurban b\u0259y\u0259 \u201ceqoist\u201d dam\u011fas\u0131 yap\u0131\u015fd\u0131rm\u0131\u015fd\u0131lar. \u00dcmid ed\u0259k ki, h\u0259bsimin sonuna q\u0259d\u0259r C\u00c7M-nin r\u0259hb\u0259rliyi bu m\u0259nfi, Mo\u015fu demi\u015fk\u0259n, c\u0259miyy\u0259timiz\u0259 xarakterik olmayan x\u00fcsusiyy\u0259tl\u0259ri bizl\u0259rd\u0259 islah ed\u0259c\u0259kl\u0259r. Ke\u00e7\u0259k dig\u0259r arqumentl\u0259r\u0259.\n<\/p>\n<p>\n  \u018fm\u0259y\u0259 m\u0259nfi m\u00fcnasib\u0259t iddias\u0131 \u00a0c\u0259f\u0259ngiyyatd\u0131r. Bu \u015f\u0259rtin CM-d\u0259 v\u0259 C\u0130M-d\u0259 peyda olmas\u0131n\u0131n 2 \u0259sas\u0131 var ki, ikisi d\u0259 sovet d\u00f6vr\u00fcn\u0259 aiddir. Biri kollektiv\u00e7ilik, ictimai maraqlar\u0131n f\u0259rdin azadl\u0131qlar\u0131ndan \u00fcst\u00fcn tutulmas\u0131 il\u0259 ba\u011fl\u0131 idi. Y\u0259ni, cinay\u0259t t\u00f6r\u0259dib c\u0259miyy\u0259t\u0259 ziyan vurmusan, indi d\u0259 faydal\u0131 i\u015fl\u0259rl\u0259 m\u0259\u015f\u011ful ol, m\u0259hsul istehsal et. Dig\u0259r s\u0259b\u0259b is\u0259 o idi ki, cinay\u0259tkar al\u0259min qanunlar\u0131 il\u0259 ya\u015fayan \u015f\u0259xsl\u0259r \u0259m\u0259k f\u0259aliyy\u0259tind\u0259n imtina edir, yaln\u0131z cinay\u0259t yolu il\u0259 qazananlar hesab\u0131na ya\u015fay\u0131rd\u0131lar. Muzdlu i\u015fl\u0259 m\u0259\u015f\u011ful olmu\u015f \u015f\u0259xs cinay\u0259tkar ierarxiyas\u0131nda y\u00fcks\u0259l\u0259, \u201cqanuni o\u011fru\u201d ad\u0131n\u0131 ala bilm\u0259zdi. M\u00fcvafiq olaraq, \u0259m\u0259k f\u0259aliyy\u0259tin\u0259 ba\u015flayan \u015f\u0259xs is\u0259 art\u0131q professional cinay\u0259tkarl\u0131qdan imtina etmi\u015f, islah yolunda olan say\u0131l\u0131rd\u0131. Sovet ideologiyas\u0131na g\u00f6r\u0259, \u0259m\u0259k h\u0259tta meymunu insana \u00e7evirmi\u015fdi, cinay\u0259tkar\u0131 islah etm\u0259zdimi?\n<\/p>\n<p>\n  \u0130ndi o zamanlardan \u00e7ox ke\u00e7ib, \u00e7ox \u015feyl\u0259r d\u0259yi\u015fib. \u018fvv\u0259ll\u0259r h\u0259r islah-\u0259m\u0259k d\u00fc\u015f\u0259rg\u0259sinin yan\u0131nda \u201cpromzona\u201d s\u0259naye m\u00fc\u0259ssis\u0259l\u0259rinin yerl\u0259\u015fdiyi \u0259razi olard\u0131. Bug\u00fcn onlar l\u0259\u011fv edilib, \u00fcst\u0259lik, dustaqlar\u0131n saxland\u0131\u011f\u0131 yer d\u0259 c\u0259za\u00e7\u0259km\u0259 m\u00fc\u0259ssis\u0259si adlan\u0131r. Y\u0259ni m\u0259hkumlar\u0131 \u0259m\u0259k yolu il\u0259 islah etm\u0259k t\u0259cr\u00fcb\u0259sind\u0259n imtina edilib.\n<\/p>\n<p>\n  Bununla bel\u0259, indi d\u0259 C\u00c7M-l\u0259rind\u0259 \u0259m\u0259k f\u0259aliyy\u0259ti il\u0259 m\u0259\u015f\u011ful olanlar var. Bunlar \u0259sas\u0259n \u0259razinin ya\u015fay\u0131\u015f yerl\u0259rinin t\u0259mizl\u0259nm\u0259si il\u0259 m\u0259\u015f\u011ful olanlar, anbarlara n\u0259zar\u0259t ed\u0259nl\u0259r, b\u0259rb\u0259r, d\u0259rzi, pin\u0259\u00e7i, hamam\u00e7\u0131 v\u0259 sair\u0259l\u0259rdir ki, h\u0259r ay hesablar\u0131na 100 manat pul k\u00f6\u015f\u00fcr\u00fcl\u00fcr. Maa\u015f almad\u0131\u011f\u0131m halda m\u0259nd\u0259n \u0259razinin abadla\u015fd\u0131r\u0131lmas\u0131nda i\u015ftiirak etm\u0259yi t\u0259l\u0259b etm\u0259k absurddur. H\u0259l\u0259 onu demir\u0259m ki, el\u0259 \u00f6lk\u0259ni abadla\u015fd\u0131rmaq ist\u0259yim\u0259 g\u00f6r\u0259 h\u0259bs olundum.\n<\/p>\n<p>\n  \u00dcmumiyy\u0259tl\u0259, \u0259m\u0259k f\u0259aliyy\u0259tin\u0259 17 ya\u015f\u0131nda ba\u015flayan, uzun m\u00fcdd\u0259t pedoqoji f\u0259aliyy\u0259tl\u0259 m\u0259\u015f\u011ful olan birisin\u0259 \u201c\u0259m\u0259y\u0259 m\u00fcnasib\u0259ti q\u0259na\u0259tb\u0259x\u015f deyil\u201d xarakteristikas\u0131 s\u0259rs\u0259mlikd\u0259n ba\u015fqa \u015fey deyil. \u018fn maraql\u0131 t\u0259zad is\u0259 ondan ibar\u0259tdir ki, azadl\u0131qda m\u0259ni i\u015fl\u0259m\u0259y\u0259 qoymayan, sevdiyim pe\u015f\u0259md\u0259n ay\u0131ran rejim indi d\u0259 i\u015fl\u0259m\u0259m\u0259k b\u0259han\u0259si il\u0259 h\u0259bsd\u0259 saxlay\u0131r.\n<\/p>\n<p>\n  P.S. M\u0259hk\u0259m\u0259d\u0259n sonra yad\u0131ma tarixi bir fakt d\u00fc\u015fd\u00fc. Nasist konslagerl\u0259rind\u0259n birinin, yan\u0131lm\u0131ramsa, Osvensim (Au\u015fvits) d\u00fc\u015f\u0259rg\u0259sinin qap\u0131s\u0131nda almanca \u201c\u018fm\u0259k azad edir\u201d s\u00f6zl\u0259ri yaz\u0131lm\u0131\u015fd\u0131. \u0130nternetd\u0259 \u015f\u0259klini d\u0259 g\u00f6rm\u00fc\u015fd\u00fcm. Dey\u0259s\u0259n, tarixi eksponat kimi saxlan\u0131l\u0131r. Eyni ifad\u0259ni bizim c\u0259za\u00e7\u0259km\u0259 m\u00fc\u0259ssis\u0259l\u0259rinin d\u0259 darvazas\u0131na yazsayd\u0131lar, \u00f6nc\u0259d\u0259n i\u015fimizi bil\u0259rdik.<\/p>\n","protected":false},"excerpt":{"rendered":"<p>\u018fm\u0259k azad edir&#8230;<\/p>\n","protected":false},"author":11,"featured_media":17645,"comment_status":"closed","ping_status":"open","sticky":false,"template":"","format":"standard","meta":{"_acf_changed":false,"_sitemap_exclude":false,"_sitemap_priority":"","_sitemap_frequency":"","footnotes":""},"categories":[57],"tags":[],"class_list":["post-166254","post","type-post","status-publish","format-standard","has-post-thumbnail","hentry","category-menim-fikrimce","infinite-scroll-item","generate-columns","tablet-grid-50","mobile-grid-100","grid-parent","grid-33","no-featured-image-padding"],"acf":[],"yoast_head":"<!-- This site is optimized with the Yoast SEO plugin v27.4 - https:\/\/yoast.com\/product\/yoast-seo-wordpress\/ -->\n<title>ARBEIT MACHT FREI - MEYDAN.TV<\/title>\n<meta name=\"robots\" content=\"index, follow, max-snippet:-1, max-image-preview:large, max-video-preview:-1\" \/>\n<link rel=\"canonical\" href=\"https:\/\/www.meydan.tv\/az\/article\/arbeit-macht-frei\/\" \/>\n<meta property=\"og:locale\" content=\"az_AZ\" \/>\n<meta property=\"og:type\" content=\"article\" \/>\n<meta property=\"og:title\" content=\"ARBEIT MACHT FREI - MEYDAN.TV\" \/>\n<meta property=\"og:description\" content=\"\u018fm\u0259k azad edir...\" \/>\n<meta property=\"og:url\" content=\"https:\/\/www.meydan.tv\/az\/article\/arbeit-macht-frei\/\" \/>\n<meta property=\"og:site_name\" content=\"MEYDAN.TV\" \/>\n<meta property=\"article:published_time\" content=\"2014-12-20T20:18:16+00:00\" \/>\n<meta property=\"og:image\" content=\"https:\/\/www.meydan.tv\/wp-content\/uploads\/6294.jpg\" \/>\n\t<meta property=\"og:image:width\" content=\"500\" \/>\n\t<meta property=\"og:image:height\" content=\"500\" \/>\n\t<meta property=\"og:image:type\" content=\"image\/jpeg\" \/>\n<meta name=\"author\" content=\"user-manager\" \/>\n<meta name=\"twitter:card\" content=\"summary_large_image\" \/>\n<script type=\"application\/ld+json\" class=\"yoast-schema-graph\">{\"@context\":\"https:\\\/\\\/schema.org\",\"@graph\":[{\"@type\":\"Article\",\"@id\":\"https:\\\/\\\/www.meydan.tv\\\/az\\\/article\\\/arbeit-macht-frei\\\/#article\",\"isPartOf\":{\"@id\":\"https:\\\/\\\/www.meydan.tv\\\/az\\\/article\\\/arbeit-macht-frei\\\/\"},\"author\":{\"name\":\"user-manager\",\"@id\":\"https:\\\/\\\/www.meydan.tv\\\/az\\\/#\\\/schema\\\/person\\\/10d11eccf6da3662cf5fdab9806ea91a\"},\"headline\":\"ARBEIT MACHT FREI\",\"datePublished\":\"2014-12-20T20:18:16+00:00\",\"mainEntityOfPage\":{\"@id\":\"https:\\\/\\\/www.meydan.tv\\\/az\\\/article\\\/arbeit-macht-frei\\\/\"},\"wordCount\":1419,\"publisher\":{\"@id\":\"https:\\\/\\\/www.meydan.tv\\\/az\\\/#organization\"},\"image\":{\"@id\":\"https:\\\/\\\/www.meydan.tv\\\/az\\\/article\\\/arbeit-macht-frei\\\/#primaryimage\"},\"thumbnailUrl\":\"https:\\\/\\\/www.meydan.tv\\\/wp-content\\\/uploads\\\/6294.jpg\",\"articleSection\":[\"M\u0259nim Fikrimc\u0259\"],\"inLanguage\":\"az\"},{\"@type\":\"WebPage\",\"@id\":\"https:\\\/\\\/www.meydan.tv\\\/az\\\/article\\\/arbeit-macht-frei\\\/\",\"url\":\"https:\\\/\\\/www.meydan.tv\\\/az\\\/article\\\/arbeit-macht-frei\\\/\",\"name\":\"ARBEIT MACHT FREI - MEYDAN.TV\",\"isPartOf\":{\"@id\":\"https:\\\/\\\/www.meydan.tv\\\/az\\\/#website\"},\"primaryImageOfPage\":{\"@id\":\"https:\\\/\\\/www.meydan.tv\\\/az\\\/article\\\/arbeit-macht-frei\\\/#primaryimage\"},\"image\":{\"@id\":\"https:\\\/\\\/www.meydan.tv\\\/az\\\/article\\\/arbeit-macht-frei\\\/#primaryimage\"},\"thumbnailUrl\":\"https:\\\/\\\/www.meydan.tv\\\/wp-content\\\/uploads\\\/6294.jpg\",\"datePublished\":\"2014-12-20T20:18:16+00:00\",\"breadcrumb\":{\"@id\":\"https:\\\/\\\/www.meydan.tv\\\/az\\\/article\\\/arbeit-macht-frei\\\/#breadcrumb\"},\"inLanguage\":\"az\",\"potentialAction\":[{\"@type\":\"ReadAction\",\"target\":[\"https:\\\/\\\/www.meydan.tv\\\/az\\\/article\\\/arbeit-macht-frei\\\/\"]}]},{\"@type\":\"ImageObject\",\"inLanguage\":\"az\",\"@id\":\"https:\\\/\\\/www.meydan.tv\\\/az\\\/article\\\/arbeit-macht-frei\\\/#primaryimage\",\"url\":\"https:\\\/\\\/www.meydan.tv\\\/wp-content\\\/uploads\\\/6294.jpg\",\"contentUrl\":\"https:\\\/\\\/www.meydan.tv\\\/wp-content\\\/uploads\\\/6294.jpg\",\"width\":500,\"height\":500,\"caption\":\"Source:\"},{\"@type\":\"BreadcrumbList\",\"@id\":\"https:\\\/\\\/www.meydan.tv\\\/az\\\/article\\\/arbeit-macht-frei\\\/#breadcrumb\",\"itemListElement\":[{\"@type\":\"ListItem\",\"position\":1,\"name\":\"Ana s\u0259hif\u0259\",\"item\":\"https:\\\/\\\/www.meydan.tv\\\/az\\\/\"},{\"@type\":\"ListItem\",\"position\":2,\"name\":\"M\u0259nim Fikrimc\u0259\",\"item\":\"https:\\\/\\\/www.meydan.tv\\\/az\\\/section\\\/menim-fikrimce\\\/\"},{\"@type\":\"ListItem\",\"position\":3,\"name\":\"ARBEIT MACHT FREI\"}]},{\"@type\":\"WebSite\",\"@id\":\"https:\\\/\\\/www.meydan.tv\\\/az\\\/#website\",\"url\":\"https:\\\/\\\/www.meydan.tv\\\/az\\\/\",\"name\":\"MEYDAN.TV\",\"description\":\"Meydan TV Az\u0259rbaycan\u0131n media m\u0259kan\u0131ndak\u0131 alternativ s\u0259sidir\",\"publisher\":{\"@id\":\"https:\\\/\\\/www.meydan.tv\\\/az\\\/#organization\"},\"potentialAction\":[{\"@type\":\"SearchAction\",\"target\":{\"@type\":\"EntryPoint\",\"urlTemplate\":\"https:\\\/\\\/www.meydan.tv\\\/az\\\/?s={search_term_string}\"},\"query-input\":{\"@type\":\"PropertyValueSpecification\",\"valueRequired\":true,\"valueName\":\"search_term_string\"}}],\"inLanguage\":\"az\"},{\"@type\":\"Organization\",\"@id\":\"https:\\\/\\\/www.meydan.tv\\\/az\\\/#organization\",\"name\":\"Meydan TV\",\"url\":\"https:\\\/\\\/www.meydan.tv\\\/az\\\/\",\"logo\":{\"@type\":\"ImageObject\",\"inLanguage\":\"az\",\"@id\":\"https:\\\/\\\/www.meydan.tv\\\/az\\\/#\\\/schema\\\/logo\\\/image\\\/\",\"url\":\"https:\\\/\\\/www.meydan.tv\\\/wp-content\\\/uploads\\\/2021\\\/07\\\/meydan-logo.svg\",\"contentUrl\":\"https:\\\/\\\/www.meydan.tv\\\/wp-content\\\/uploads\\\/2021\\\/07\\\/meydan-logo.svg\",\"width\":195,\"height\":46,\"caption\":\"Meydan TV\"},\"image\":{\"@id\":\"https:\\\/\\\/www.meydan.tv\\\/az\\\/#\\\/schema\\\/logo\\\/image\\\/\"}},{\"@type\":\"Person\",\"@id\":\"https:\\\/\\\/www.meydan.tv\\\/az\\\/#\\\/schema\\\/person\\\/10d11eccf6da3662cf5fdab9806ea91a\",\"name\":\"user-manager\"}]}<\/script>\n<!-- \/ Yoast SEO plugin. -->","yoast_head_json":{"title":"ARBEIT MACHT FREI - MEYDAN.TV","robots":{"index":"index","follow":"follow","max-snippet":"max-snippet:-1","max-image-preview":"max-image-preview:large","max-video-preview":"max-video-preview:-1"},"canonical":"https:\/\/www.meydan.tv\/az\/article\/arbeit-macht-frei\/","og_locale":"az_AZ","og_type":"article","og_title":"ARBEIT MACHT FREI - MEYDAN.TV","og_description":"\u018fm\u0259k azad edir...","og_url":"https:\/\/www.meydan.tv\/az\/article\/arbeit-macht-frei\/","og_site_name":"MEYDAN.TV","article_published_time":"2014-12-20T20:18:16+00:00","og_image":[{"width":500,"height":500,"url":"https:\/\/www.meydan.tv\/wp-content\/uploads\/6294.jpg","type":"image\/jpeg"}],"author":"user-manager","twitter_card":"summary_large_image","schema":{"@context":"https:\/\/schema.org","@graph":[{"@type":"Article","@id":"https:\/\/www.meydan.tv\/az\/article\/arbeit-macht-frei\/#article","isPartOf":{"@id":"https:\/\/www.meydan.tv\/az\/article\/arbeit-macht-frei\/"},"author":{"name":"user-manager","@id":"https:\/\/www.meydan.tv\/az\/#\/schema\/person\/10d11eccf6da3662cf5fdab9806ea91a"},"headline":"ARBEIT MACHT FREI","datePublished":"2014-12-20T20:18:16+00:00","mainEntityOfPage":{"@id":"https:\/\/www.meydan.tv\/az\/article\/arbeit-macht-frei\/"},"wordCount":1419,"publisher":{"@id":"https:\/\/www.meydan.tv\/az\/#organization"},"image":{"@id":"https:\/\/www.meydan.tv\/az\/article\/arbeit-macht-frei\/#primaryimage"},"thumbnailUrl":"https:\/\/www.meydan.tv\/wp-content\/uploads\/6294.jpg","articleSection":["M\u0259nim Fikrimc\u0259"],"inLanguage":"az"},{"@type":"WebPage","@id":"https:\/\/www.meydan.tv\/az\/article\/arbeit-macht-frei\/","url":"https:\/\/www.meydan.tv\/az\/article\/arbeit-macht-frei\/","name":"ARBEIT MACHT FREI - MEYDAN.TV","isPartOf":{"@id":"https:\/\/www.meydan.tv\/az\/#website"},"primaryImageOfPage":{"@id":"https:\/\/www.meydan.tv\/az\/article\/arbeit-macht-frei\/#primaryimage"},"image":{"@id":"https:\/\/www.meydan.tv\/az\/article\/arbeit-macht-frei\/#primaryimage"},"thumbnailUrl":"https:\/\/www.meydan.tv\/wp-content\/uploads\/6294.jpg","datePublished":"2014-12-20T20:18:16+00:00","breadcrumb":{"@id":"https:\/\/www.meydan.tv\/az\/article\/arbeit-macht-frei\/#breadcrumb"},"inLanguage":"az","potentialAction":[{"@type":"ReadAction","target":["https:\/\/www.meydan.tv\/az\/article\/arbeit-macht-frei\/"]}]},{"@type":"ImageObject","inLanguage":"az","@id":"https:\/\/www.meydan.tv\/az\/article\/arbeit-macht-frei\/#primaryimage","url":"https:\/\/www.meydan.tv\/wp-content\/uploads\/6294.jpg","contentUrl":"https:\/\/www.meydan.tv\/wp-content\/uploads\/6294.jpg","width":500,"height":500,"caption":"Source:"},{"@type":"BreadcrumbList","@id":"https:\/\/www.meydan.tv\/az\/article\/arbeit-macht-frei\/#breadcrumb","itemListElement":[{"@type":"ListItem","position":1,"name":"Ana s\u0259hif\u0259","item":"https:\/\/www.meydan.tv\/az\/"},{"@type":"ListItem","position":2,"name":"M\u0259nim Fikrimc\u0259","item":"https:\/\/www.meydan.tv\/az\/section\/menim-fikrimce\/"},{"@type":"ListItem","position":3,"name":"ARBEIT MACHT FREI"}]},{"@type":"WebSite","@id":"https:\/\/www.meydan.tv\/az\/#website","url":"https:\/\/www.meydan.tv\/az\/","name":"MEYDAN.TV","description":"Meydan TV Az\u0259rbaycan\u0131n media m\u0259kan\u0131ndak\u0131 alternativ s\u0259sidir","publisher":{"@id":"https:\/\/www.meydan.tv\/az\/#organization"},"potentialAction":[{"@type":"SearchAction","target":{"@type":"EntryPoint","urlTemplate":"https:\/\/www.meydan.tv\/az\/?s={search_term_string}"},"query-input":{"@type":"PropertyValueSpecification","valueRequired":true,"valueName":"search_term_string"}}],"inLanguage":"az"},{"@type":"Organization","@id":"https:\/\/www.meydan.tv\/az\/#organization","name":"Meydan TV","url":"https:\/\/www.meydan.tv\/az\/","logo":{"@type":"ImageObject","inLanguage":"az","@id":"https:\/\/www.meydan.tv\/az\/#\/schema\/logo\/image\/","url":"https:\/\/www.meydan.tv\/wp-content\/uploads\/2021\/07\/meydan-logo.svg","contentUrl":"https:\/\/www.meydan.tv\/wp-content\/uploads\/2021\/07\/meydan-logo.svg","width":195,"height":46,"caption":"Meydan TV"},"image":{"@id":"https:\/\/www.meydan.tv\/az\/#\/schema\/logo\/image\/"}},{"@type":"Person","@id":"https:\/\/www.meydan.tv\/az\/#\/schema\/person\/10d11eccf6da3662cf5fdab9806ea91a","name":"user-manager"}]}},"_links":{"self":[{"href":"https:\/\/www.meydan.tv\/az\/wp-json\/wp\/v2\/posts\/166254","targetHints":{"allow":["GET"]}}],"collection":[{"href":"https:\/\/www.meydan.tv\/az\/wp-json\/wp\/v2\/posts"}],"about":[{"href":"https:\/\/www.meydan.tv\/az\/wp-json\/wp\/v2\/types\/post"}],"author":[{"embeddable":true,"href":"https:\/\/www.meydan.tv\/az\/wp-json\/wp\/v2\/users\/11"}],"replies":[{"embeddable":true,"href":"https:\/\/www.meydan.tv\/az\/wp-json\/wp\/v2\/comments?post=166254"}],"version-history":[{"count":0,"href":"https:\/\/www.meydan.tv\/az\/wp-json\/wp\/v2\/posts\/166254\/revisions"}],"wp:featuredmedia":[{"embeddable":true,"href":"https:\/\/www.meydan.tv\/az\/wp-json\/wp\/v2\/media\/17645"}],"wp:attachment":[{"href":"https:\/\/www.meydan.tv\/az\/wp-json\/wp\/v2\/media?parent=166254"}],"wp:term":[{"taxonomy":"category","embeddable":true,"href":"https:\/\/www.meydan.tv\/az\/wp-json\/wp\/v2\/categories?post=166254"},{"taxonomy":"post_tag","embeddable":true,"href":"https:\/\/www.meydan.tv\/az\/wp-json\/wp\/v2\/tags?post=166254"}],"curies":[{"name":"wp","href":"https:\/\/api.w.org\/{rel}","templated":true}]}}