{"id":166150,"date":"2014-12-11T11:59:26","date_gmt":"2014-12-11T11:59:26","guid":{"rendered":"https:\/\/www.meydan.tv\/article\/kamal-abdullaya-yarinmaq\/"},"modified":"2014-12-11T11:59:26","modified_gmt":"2014-12-11T11:59:26","slug":"kamal-abdullaya-yarinmaq","status":"publish","type":"post","link":"https:\/\/www.meydan.tv\/az\/article\/kamal-abdullaya-yarinmaq\/","title":{"rendered":"Kamal Abdullaya yar\u0131nmaq"},"content":{"rendered":"<figure class=\"wp-block-image size-large\">\n  <img decoding=\"async\" src=\"https:\/\/www.meydan.tv\/az\/17275\/\" alt=\"\" class=\"wp-image-17275\"\/><figcaption><\/figcaption><\/figure>\n<figure class=\"wp-block-image size-large\">\n  <img decoding=\"async\" src=\"https:\/\/www.meydan.tv\/az\/17278\/\" alt=\"\" class=\"wp-image-17278\"\/><figcaption><\/figcaption><\/figure>\n<p>\n  Professor R\u0259hman B\u0259d\u0259lov yaz\u0131\u00e7\u0131, Slavyan Universitetin ke\u00e7mi\u015f rektoru, haz\u0131rda Az\u0259rbaycan Respublmkas\u0131n\u0131n\u00a0 Prezidenti yan\u0131nda Bilik Fondunun Himay\u0259\u00e7ilik \u015euras\u0131n\u0131n \u00fczv\u00fc\u00a0 Kamal Abdulla bar\u0259d\u0259 uzun bir t\u0259rifnam\u0259 yaz\u0131b. Bu t\u0259rifnam\u0259ni g\u0259ncl\u0259rin tribunas\u0131 kimi tan\u0131nan Kultura.az sayt\u0131nda d\u0259rc etdirm\u0259k ist\u0259yib. Sayt r\u0259hb\u0259rliyi t\u0259rifnam\u0259, yar\u0131nma, tamada t\u0259rifi tipli yaz\u0131lar\u0131 d\u0259rc etm\u0259yi do\u011fru hesab etm\u0259diyind\u0259n, R\u0259hman m\u00fc\u0259llimin yaz\u0131s\u0131n\u0131 sayta yerl\u0259\u015fdirm\u0259yibl\u0259r. Cavab olaraq, R\u0259hman m\u00fc\u0259llim ad\u0131n\u0131n Kultura.az-\u0131n yazarlar\u0131 siyah\u0131s\u0131ndan \u00e7\u0131xar\u0131lmas\u0131n\u0131 t\u0259l\u0259b edib.\n<\/p>\n<p>\n  R\u0259hman m\u00fc\u0259llim\u0259 h\u0259r zaman b\u00f6y\u00fck h\u00f6rm\u0259tim olub. T\u0259k \u00f6z\u00fcm deyil, dostlar\u0131m, \u00e7evr\u0259m, yax\u0131n tan\u0131\u015flar\u0131m &#8211; ham\u0131s\u0131 professor R\u0259hman B\u0259d\u0259lov bar\u0259d\u0259 say\u011f\u0131, ehtiramla dan\u0131\u015f\u0131blar. S\u0259b\u0259bi, R\u0259hman m\u00fc\u0259llimi ciddi, sanball\u0131 elm adam\u0131 kimi tan\u0131maqla yana\u015f\u0131, h\u0259m d\u0259 onun g\u0259ncl\u0259rin dostu olma\u011f\u0131d\u0131r. M\u0259nsub oldu\u011fu ziyal\u0131 n\u0259slin ba\u015fqa \u00fczvl\u0259ri kimi g\u0259ncl\u0259rl\u0259 d\u00fc\u015fm\u0259n k\u0259silm\u0259m\u0259yi, yeni, f\u0259rqli fikr\u0259 d\u00fc\u015fm\u0259n m\u00f6vqe tutmama\u011f\u0131, v\u0259t\u0259nda\u015f m\u00f6vqeyi, prinsipiall\u0131\u011f\u0131 &#8211; \u00e7ox \u015feyl\u0259r bizi ona h\u00f6rm\u0259t v\u0259 ehtiram b\u0259sl\u0259m\u0259y\u0259 m\u0259cbur edib.\n<\/p>\n<p>\n  \u015e\u0259xs\u0259n m\u0259n R\u0259hman m\u00fc\u0259llimi h\u0259m d\u0259 bir yaz\u0131\u00e7\u0131 kimi tan\u0131y\u0131r v\u0259 r\u0259\u011fb\u0259t b\u0259sl\u0259yir\u0259m. Milli m\u0259tbuat\u0131m\u0131z\u0131n banisi H\u0259s\u0259n b\u0259y Z\u0259rdabinin h\u0259yat v\u0259 f\u0259aliyy\u0259ti bar\u0259d\u0259 yazd\u0131\u011f\u0131 \u00abZ\u0259rdabl\u0131 adam\u00bb \u0259s\u0259ri h\u0259m tarixi yans\u0131tma, h\u0259m d\u0259 b\u0259diilik bax\u0131m\u0131ndan olduqca qiym\u0259tli \u0259s\u0259rdir. Amma \u00e7ox t\u0259\u0259ss\u00fcf ki, \u0259ks\u0259r az\u0259rbaycanl\u0131lar\u0131n bir b\u0259las\u0131 var ki, p\u0259r\u0259sti\u015f etdikl\u0259ri, heyran olduqlar\u0131 tarixi \u015f\u0259xsiyy\u0259tl\u0259rin h\u0259yatlar\u0131na ox\u015far bir h\u0259yat ya\u015famaq bar\u0259d\u0259 q\u0259tiyy\u0259n v\u0259 q\u0259tiyy\u0259n d\u00fc\u015f\u00fcnm\u00fcrl\u0259r, bu fikri \u00f6zl\u0259rin\u0259 yax\u0131n buraxm\u0131rlar, buraxmaq da ist\u0259mirl\u0259r.\n<\/p>\n<p>\n  Bu m\u0259nada \u00f6lk\u0259 \u0259sl d\u0259lixanad\u0131r. Sol\u00e7ular var ki, tarixi ideallar\u0131 da\u011flarda, me\u015f\u0259l\u0259rd\u0259 k\u00f6hn\u0259, c\u0131r\u0131q pal-paltarda partizanl\u0131q ed\u0259n \u00c7e Gevarad\u0131r, amma \u00f6zl\u0259ri \u015f\u0259h\u0259rin \u0259n bahal\u0131 kafelirnd\u0259 oturub, \u0259n qlamur yem\u0259kl\u0259rini yeyir, brend geyinir, komfort h\u0259yat t\u0259rzi ke\u00e7irirl\u0259r. G\u0259lir-\u00e7\u0131xar\u0131n\u0131 \u00e7ox yax\u015f\u0131 bil\u0259n, d\u0259qiq hesablamalar aparan, birc\u0259 q\u0259piyind\u0259n ke\u00e7m\u0259y\u0259n deputat deyir ki, m\u0259n d\u0259rvi\u015fl\u0259rin h\u0259yat t\u0259rzini sevir\u0259m. Ba\u015f nazirin m\u00fcavini, y\u00fcz doxsan s\u0259kkiz ya\u015f\u0131nda h\u0259l\u0259 d\u0259 k\u00fcrs\u00fcs\u00fcn\u00fc \u0259ld\u0259n verm\u0259k ist\u0259m\u0259y\u0259n\u00a0 El\u00e7in \u018ff\u0259ndiyev 37 ya\u015f\u0131nda d\u00fcnyas\u0131n\u0131 d\u0259yi\u015fmi\u015f Tomas Vulf bar\u0259d\u0259 \u00abm\u0259nim dostum Tomas Vulf\u00bb ifad\u0259sini i\u015fl\u0259dir. Qorxaql\u0131\u011f\u0131ndan ill\u0259rl\u0259 Anar\u0131n arxas\u0131nda gizl\u0259nib, ill\u0259rdir ev, t\u0259qa\u00fcd, v\u0259zif\u0259 arzusuna qalib g\u0259l\u0259 bilm\u0259y\u0259n, bu qorxusuna g\u00f6r\u0259 d\u0259f\u0259l\u0259rl\u0259 h\u0259qiq\u0259ti hulqumundan o t\u0259r\u0259f\u0259 \u00f6t\u00fcr\u0259n \u015fair deyir ki, m\u0259nim ideal\u0131m \u0130osif Brodskidir. Bu \u00f6lk\u0259d\u0259 adamlar n\u0259inki \u00f6z dostlar\u0131na, ail\u0259l\u0259rin\u0259, yax\u0131nlar\u0131na,\u00a0 m\u00fcasirl\u0259rin\u0259, h\u0259tta tarixi \u015f\u0259xsiyy\u0259tl\u0259r\u0259, tarix\u0259 qar\u015f\u0131 da saxta, yalan\u00e7\u0131d\u0131rlar.\n<\/p>\n<p>\n  D\u0259y\u0259rli professorun yaz\u0131\u00e7\u0131 kimi tan\u0131nan Kamal Abdulla bar\u0259d\u0259 m\u0259dhiyy\u0259 yazd\u0131\u011f\u0131n\u0131, daha do\u011frusu, yaz\u0131lan m\u0259dhiyy\u0259y\u0259 \u015f\u0259rik \u00e7\u0131xd\u0131\u011f\u0131n\u0131 e\u015fid\u0259nd\u0259, sad\u0259c\u0259 \u015foka d\u00fc\u015fd\u00fcm. G\u0259lin, bir anl\u0131q h\u0259r \u015feyi qoyaq k\u0259nara. Yuxar\u0131da yazd\u0131qlar\u0131m\u0131 da unudun. H\u0259tta t\u0259s\u0259vv\u00fcr ed\u0259k ki, Kamal Abdulla do\u011frudan da \u00e7ox yax\u015f\u0131 yaz\u0131\u00e7\u0131, g\u00f6z\u0259l insan, n\u00fcmun\u0259vi ata, mehriban r\u0259hb\u0259r, dahi dramaturq, m\u0259\u015fhur dissident, f\u0259al bloqqer, \u00fcmidverici aktivist v\u0259 daha n\u0259 bilim, kimdir. G\u0259lin, bir anl\u0131q bunlar\u0131 q\u0259bul ed\u0259k, raz\u0131la\u015faq v\u0259 gerisini d\u00fc\u015f\u00fcn\u0259k. Ax\u0131 yetmi\u015f ya\u015f\u0131nda adam, t\u0259vaz\u00f6kar ziyal\u0131, g\u0259ncliyin dostu professor (qoy, o lap R\u0259hman B\u0259d\u0259lov olsun) q\u0131l\u0131nc\u0131n\u0131n dal\u0131 da, qaba\u011f\u0131 da k\u0259s\u0259n y\u00fcks\u0259k \u00e7inli m\u0259mur bar\u0259d\u0259 niy\u0259 t\u0259rif yazmal\u0131d\u0131r? Tutaq ki, lap yazd\u0131qlar\u0131 h\u0259qiq\u0259tdir. Lap el\u0259 h\u0259r \u015fey yazd\u0131\u011f\u0131 kimidir. Professor bunu niy\u0259 yazmal\u0131d\u0131r ki? Ziyal\u0131 niy\u0259 \u00ab\u00e7inovnik\u00bb bar\u0259d\u0259 t\u0259rif yazmal\u0131d\u0131r ax\u0131? Y\u00fcks\u0259k \u00e7inli m\u0259mur bar\u0259d\u0259 t\u0259rif yazan bir professorla, ba\u015f redaktorunun statusunu b\u0259y\u0259n\u0259n yaltaq m\u00fcxbir, r\u0259isin\u0259 qap\u0131 a\u00e7an polis n\u0259f\u0259ri, m\u00fcdiri g\u00fcl\u00fcms\u0259y\u0259nd\u0259 g\u00fcl\u00fcms\u0259y\u0259n, m\u00fcdirin qan\u0131 qara olanda qan\u0131 qaralan jek i\u015f\u00e7isi aras\u0131nda f\u0259rq n\u0259dir?\n<\/p>\n<p>\n  \u0130kincisi, Kamal Abdullan\u0131n ist\u0259r insan, ist\u0259r yaz\u0131\u00e7\u0131 kimi hans\u0131 keyfiyy\u0259tl\u0259ri var ki, o keyfiyy\u0259tl\u0259r m\u0259s\u0259l\u0259n, g\u0259nc yaz\u0131\u00e7\u0131 Mirmehdi A\u011fao\u011fluda yoxdur? \u018fg\u0259r ortada ba\u015fqa maraq yoxdusa, \u0259g\u0259r illah da ki, kimins\u0259 yarad\u0131c\u0131l\u0131\u011f\u0131n\u0131, \u015f\u0259xsiyy\u0259tini t\u0259rifl\u0259m\u0259y\u0259 ehtiyac varsa, professor niy\u0259 g\u00f6t\u00fcr\u00fcb, g\u0259nc yazarlardan birinin yarad\u0131c\u0131l\u0131\u011f\u0131na, \u015f\u0259xsiyy\u0259tin\u0259 yaz\u0131 h\u0259sr el\u0259mir?\n<\/p>\n<p>\n  Bu n\u0259dir, n\u0259 dem\u0259kdir ax\u0131, h\u00f6rm\u0259tli Sovet ziyal\u0131lar\u0131? Siz ham\u0131n\u0131z \u00f6z\u00fcn\u00fcz\u00fc biab\u0131r el\u0259m\u0259d\u0259n \u00f6lm\u0259m\u0259k \u00fc\u00e7\u00fcn andm\u0131 i\u00e7misiniz? And i\u00e7misiniz ki, he\u00e7 biriniz s\u0131nmadan, \u0259yilm\u0259d\u0259n, yar\u0131nmadan, kimins\u0259 q\u0131l\u0131nc\u0131n\u0131n alt\u0131ndan ke\u00e7m\u0259d\u0259n \u00f6lm\u0259y\u0259c\u0259ksiz? And i\u00e7misiniz ki, ill\u0259rl\u0259 qazand\u0131\u011f\u0131n\u0131z h\u00f6rm\u0259ti, ehtiram\u0131, r\u0259\u011fb\u0259ti birc\u0259 an\u0131n i\u00e7ind\u0259 hans\u0131sa varl\u0131, v\u0259zif\u0259li \u00ab\u00e7inovnik\u00bbin ba\u011f evind\u0259ki qonaql\u0131\u011fa d\u0259yi\u015f\u0259c\u0259ksiz? Bir \u00e7inovnikl\u0259 oturub-durmaq, onun dostu olmaq, m\u0259clisl\u0259rind\u0259 oturmaq bu q\u0259d\u0259rmi eqonuzu s\u0131\u011fallay\u0131r?! Siz bu q\u0259d\u0259rmi balaca, m\u0259zlum, yaz\u0131q imi\u015fsiniz?\n<\/p>\n<p>\n  Yazd\u0131qlar\u0131m s\u0259rt oldusa, \u00fczr ist\u0259yir\u0259m, amma bunun ba\u015fqa ad\u0131 yoxdur, R\u0259hman m\u00fc\u0259llim. \u018fg\u0259r\u00a0 yaz\u0131\u00e7\u0131, filosof, ziyal\u0131 \u015f\u00f6hr\u0259t, n\u00fcfuz, ya\u015f, sosial status bax\u0131m\u0131ndan \u00f6z\u00fcnd\u0259n a\u015fa\u011f\u0131 adam bar\u0259d\u0259 t\u0259rif yaz\u0131rsa, bunun ad\u0131 jestdir, d\u0259st\u0259kdir. \u018fg\u0259r yaz\u0131\u00e7\u0131, filosof, ziyal\u0131 n\u00fcfuz, v\u0259zif\u0259, sosial status bax\u0131m\u0131ndan \u00f6z\u00fcnd\u0259n yuxar\u0131da dayanan adam bar\u0259d\u0259 t\u0259rif yaz\u0131rsa, bunun ad\u0131 m\u0259dhiyy\u0259dir.<\/p>\n","protected":false},"excerpt":{"rendered":"<p>Siz bu q\u0259d\u0259rmi balaca, m\u0259zlum, yaz\u0131q imi\u015fsiniz?<\/p>\n","protected":false},"author":11,"featured_media":17275,"comment_status":"closed","ping_status":"open","sticky":false,"template":"","format":"standard","meta":{"_acf_changed":false,"_sitemap_exclude":false,"_sitemap_priority":"","_sitemap_frequency":"","footnotes":""},"categories":[57],"tags":[],"class_list":["post-166150","post","type-post","status-publish","format-standard","has-post-thumbnail","hentry","category-menim-fikrimce","infinite-scroll-item","generate-columns","tablet-grid-50","mobile-grid-100","grid-parent","grid-33","no-featured-image-padding"],"acf":[],"yoast_head":"<!-- This site is optimized with the Yoast SEO plugin v27.4 - https:\/\/yoast.com\/product\/yoast-seo-wordpress\/ -->\n<title>Kamal Abdullaya yar\u0131nmaq - MEYDAN.TV<\/title>\n<meta name=\"robots\" content=\"index, follow, max-snippet:-1, max-image-preview:large, max-video-preview:-1\" \/>\n<link rel=\"canonical\" href=\"https:\/\/www.meydan.tv\/az\/article\/kamal-abdullaya-yarinmaq\/\" \/>\n<meta property=\"og:locale\" content=\"az_AZ\" \/>\n<meta property=\"og:type\" content=\"article\" \/>\n<meta property=\"og:title\" content=\"Kamal Abdullaya yar\u0131nmaq - MEYDAN.TV\" \/>\n<meta property=\"og:description\" content=\"Siz bu q\u0259d\u0259rmi balaca, m\u0259zlum, yaz\u0131q imi\u015fsiniz?\" \/>\n<meta property=\"og:url\" content=\"https:\/\/www.meydan.tv\/az\/article\/kamal-abdullaya-yarinmaq\/\" \/>\n<meta property=\"og:site_name\" content=\"MEYDAN.TV\" \/>\n<meta property=\"article:published_time\" content=\"2014-12-11T11:59:26+00:00\" \/>\n<meta property=\"og:image\" content=\"https:\/\/www.meydan.tv\/wp-content\/uploads\/6167.jpg\" \/>\n\t<meta property=\"og:image:width\" content=\"500\" \/>\n\t<meta property=\"og:image:height\" content=\"500\" \/>\n\t<meta property=\"og:image:type\" content=\"image\/jpeg\" \/>\n<meta name=\"author\" content=\"user-manager\" \/>\n<meta name=\"twitter:card\" content=\"summary_large_image\" \/>\n<script type=\"application\/ld+json\" class=\"yoast-schema-graph\">{\"@context\":\"https:\\\/\\\/schema.org\",\"@graph\":[{\"@type\":\"Article\",\"@id\":\"https:\\\/\\\/www.meydan.tv\\\/az\\\/article\\\/kamal-abdullaya-yarinmaq\\\/#article\",\"isPartOf\":{\"@id\":\"https:\\\/\\\/www.meydan.tv\\\/az\\\/article\\\/kamal-abdullaya-yarinmaq\\\/\"},\"author\":{\"name\":\"user-manager\",\"@id\":\"https:\\\/\\\/www.meydan.tv\\\/az\\\/#\\\/schema\\\/person\\\/10d11eccf6da3662cf5fdab9806ea91a\"},\"headline\":\"Kamal Abdullaya yar\u0131nmaq\",\"datePublished\":\"2014-12-11T11:59:26+00:00\",\"mainEntityOfPage\":{\"@id\":\"https:\\\/\\\/www.meydan.tv\\\/az\\\/article\\\/kamal-abdullaya-yarinmaq\\\/\"},\"wordCount\":1163,\"publisher\":{\"@id\":\"https:\\\/\\\/www.meydan.tv\\\/az\\\/#organization\"},\"image\":{\"@id\":\"https:\\\/\\\/www.meydan.tv\\\/az\\\/article\\\/kamal-abdullaya-yarinmaq\\\/#primaryimage\"},\"thumbnailUrl\":\"https:\\\/\\\/www.meydan.tv\\\/wp-content\\\/uploads\\\/6167.jpg\",\"articleSection\":[\"M\u0259nim Fikrimc\u0259\"],\"inLanguage\":\"az\"},{\"@type\":\"WebPage\",\"@id\":\"https:\\\/\\\/www.meydan.tv\\\/az\\\/article\\\/kamal-abdullaya-yarinmaq\\\/\",\"url\":\"https:\\\/\\\/www.meydan.tv\\\/az\\\/article\\\/kamal-abdullaya-yarinmaq\\\/\",\"name\":\"Kamal Abdullaya yar\u0131nmaq - MEYDAN.TV\",\"isPartOf\":{\"@id\":\"https:\\\/\\\/www.meydan.tv\\\/az\\\/#website\"},\"primaryImageOfPage\":{\"@id\":\"https:\\\/\\\/www.meydan.tv\\\/az\\\/article\\\/kamal-abdullaya-yarinmaq\\\/#primaryimage\"},\"image\":{\"@id\":\"https:\\\/\\\/www.meydan.tv\\\/az\\\/article\\\/kamal-abdullaya-yarinmaq\\\/#primaryimage\"},\"thumbnailUrl\":\"https:\\\/\\\/www.meydan.tv\\\/wp-content\\\/uploads\\\/6167.jpg\",\"datePublished\":\"2014-12-11T11:59:26+00:00\",\"breadcrumb\":{\"@id\":\"https:\\\/\\\/www.meydan.tv\\\/az\\\/article\\\/kamal-abdullaya-yarinmaq\\\/#breadcrumb\"},\"inLanguage\":\"az\",\"potentialAction\":[{\"@type\":\"ReadAction\",\"target\":[\"https:\\\/\\\/www.meydan.tv\\\/az\\\/article\\\/kamal-abdullaya-yarinmaq\\\/\"]}]},{\"@type\":\"ImageObject\",\"inLanguage\":\"az\",\"@id\":\"https:\\\/\\\/www.meydan.tv\\\/az\\\/article\\\/kamal-abdullaya-yarinmaq\\\/#primaryimage\",\"url\":\"https:\\\/\\\/www.meydan.tv\\\/wp-content\\\/uploads\\\/6167.jpg\",\"contentUrl\":\"https:\\\/\\\/www.meydan.tv\\\/wp-content\\\/uploads\\\/6167.jpg\",\"width\":500,\"height\":500,\"caption\":\"Source:\"},{\"@type\":\"BreadcrumbList\",\"@id\":\"https:\\\/\\\/www.meydan.tv\\\/az\\\/article\\\/kamal-abdullaya-yarinmaq\\\/#breadcrumb\",\"itemListElement\":[{\"@type\":\"ListItem\",\"position\":1,\"name\":\"Ana s\u0259hif\u0259\",\"item\":\"https:\\\/\\\/www.meydan.tv\\\/az\\\/\"},{\"@type\":\"ListItem\",\"position\":2,\"name\":\"M\u0259nim Fikrimc\u0259\",\"item\":\"https:\\\/\\\/www.meydan.tv\\\/az\\\/section\\\/menim-fikrimce\\\/\"},{\"@type\":\"ListItem\",\"position\":3,\"name\":\"Kamal Abdullaya yar\u0131nmaq\"}]},{\"@type\":\"WebSite\",\"@id\":\"https:\\\/\\\/www.meydan.tv\\\/az\\\/#website\",\"url\":\"https:\\\/\\\/www.meydan.tv\\\/az\\\/\",\"name\":\"MEYDAN.TV\",\"description\":\"Meydan TV Az\u0259rbaycan\u0131n media m\u0259kan\u0131ndak\u0131 alternativ s\u0259sidir\",\"publisher\":{\"@id\":\"https:\\\/\\\/www.meydan.tv\\\/az\\\/#organization\"},\"potentialAction\":[{\"@type\":\"SearchAction\",\"target\":{\"@type\":\"EntryPoint\",\"urlTemplate\":\"https:\\\/\\\/www.meydan.tv\\\/az\\\/?s={search_term_string}\"},\"query-input\":{\"@type\":\"PropertyValueSpecification\",\"valueRequired\":true,\"valueName\":\"search_term_string\"}}],\"inLanguage\":\"az\"},{\"@type\":\"Organization\",\"@id\":\"https:\\\/\\\/www.meydan.tv\\\/az\\\/#organization\",\"name\":\"Meydan TV\",\"url\":\"https:\\\/\\\/www.meydan.tv\\\/az\\\/\",\"logo\":{\"@type\":\"ImageObject\",\"inLanguage\":\"az\",\"@id\":\"https:\\\/\\\/www.meydan.tv\\\/az\\\/#\\\/schema\\\/logo\\\/image\\\/\",\"url\":\"https:\\\/\\\/www.meydan.tv\\\/wp-content\\\/uploads\\\/2021\\\/07\\\/meydan-logo.svg\",\"contentUrl\":\"https:\\\/\\\/www.meydan.tv\\\/wp-content\\\/uploads\\\/2021\\\/07\\\/meydan-logo.svg\",\"width\":195,\"height\":46,\"caption\":\"Meydan TV\"},\"image\":{\"@id\":\"https:\\\/\\\/www.meydan.tv\\\/az\\\/#\\\/schema\\\/logo\\\/image\\\/\"}},{\"@type\":\"Person\",\"@id\":\"https:\\\/\\\/www.meydan.tv\\\/az\\\/#\\\/schema\\\/person\\\/10d11eccf6da3662cf5fdab9806ea91a\",\"name\":\"user-manager\"}]}<\/script>\n<!-- \/ Yoast SEO plugin. -->","yoast_head_json":{"title":"Kamal Abdullaya yar\u0131nmaq - MEYDAN.TV","robots":{"index":"index","follow":"follow","max-snippet":"max-snippet:-1","max-image-preview":"max-image-preview:large","max-video-preview":"max-video-preview:-1"},"canonical":"https:\/\/www.meydan.tv\/az\/article\/kamal-abdullaya-yarinmaq\/","og_locale":"az_AZ","og_type":"article","og_title":"Kamal Abdullaya yar\u0131nmaq - MEYDAN.TV","og_description":"Siz bu q\u0259d\u0259rmi balaca, m\u0259zlum, yaz\u0131q imi\u015fsiniz?","og_url":"https:\/\/www.meydan.tv\/az\/article\/kamal-abdullaya-yarinmaq\/","og_site_name":"MEYDAN.TV","article_published_time":"2014-12-11T11:59:26+00:00","og_image":[{"width":500,"height":500,"url":"https:\/\/www.meydan.tv\/wp-content\/uploads\/6167.jpg","type":"image\/jpeg"}],"author":"user-manager","twitter_card":"summary_large_image","schema":{"@context":"https:\/\/schema.org","@graph":[{"@type":"Article","@id":"https:\/\/www.meydan.tv\/az\/article\/kamal-abdullaya-yarinmaq\/#article","isPartOf":{"@id":"https:\/\/www.meydan.tv\/az\/article\/kamal-abdullaya-yarinmaq\/"},"author":{"name":"user-manager","@id":"https:\/\/www.meydan.tv\/az\/#\/schema\/person\/10d11eccf6da3662cf5fdab9806ea91a"},"headline":"Kamal Abdullaya yar\u0131nmaq","datePublished":"2014-12-11T11:59:26+00:00","mainEntityOfPage":{"@id":"https:\/\/www.meydan.tv\/az\/article\/kamal-abdullaya-yarinmaq\/"},"wordCount":1163,"publisher":{"@id":"https:\/\/www.meydan.tv\/az\/#organization"},"image":{"@id":"https:\/\/www.meydan.tv\/az\/article\/kamal-abdullaya-yarinmaq\/#primaryimage"},"thumbnailUrl":"https:\/\/www.meydan.tv\/wp-content\/uploads\/6167.jpg","articleSection":["M\u0259nim Fikrimc\u0259"],"inLanguage":"az"},{"@type":"WebPage","@id":"https:\/\/www.meydan.tv\/az\/article\/kamal-abdullaya-yarinmaq\/","url":"https:\/\/www.meydan.tv\/az\/article\/kamal-abdullaya-yarinmaq\/","name":"Kamal Abdullaya yar\u0131nmaq - MEYDAN.TV","isPartOf":{"@id":"https:\/\/www.meydan.tv\/az\/#website"},"primaryImageOfPage":{"@id":"https:\/\/www.meydan.tv\/az\/article\/kamal-abdullaya-yarinmaq\/#primaryimage"},"image":{"@id":"https:\/\/www.meydan.tv\/az\/article\/kamal-abdullaya-yarinmaq\/#primaryimage"},"thumbnailUrl":"https:\/\/www.meydan.tv\/wp-content\/uploads\/6167.jpg","datePublished":"2014-12-11T11:59:26+00:00","breadcrumb":{"@id":"https:\/\/www.meydan.tv\/az\/article\/kamal-abdullaya-yarinmaq\/#breadcrumb"},"inLanguage":"az","potentialAction":[{"@type":"ReadAction","target":["https:\/\/www.meydan.tv\/az\/article\/kamal-abdullaya-yarinmaq\/"]}]},{"@type":"ImageObject","inLanguage":"az","@id":"https:\/\/www.meydan.tv\/az\/article\/kamal-abdullaya-yarinmaq\/#primaryimage","url":"https:\/\/www.meydan.tv\/wp-content\/uploads\/6167.jpg","contentUrl":"https:\/\/www.meydan.tv\/wp-content\/uploads\/6167.jpg","width":500,"height":500,"caption":"Source:"},{"@type":"BreadcrumbList","@id":"https:\/\/www.meydan.tv\/az\/article\/kamal-abdullaya-yarinmaq\/#breadcrumb","itemListElement":[{"@type":"ListItem","position":1,"name":"Ana s\u0259hif\u0259","item":"https:\/\/www.meydan.tv\/az\/"},{"@type":"ListItem","position":2,"name":"M\u0259nim Fikrimc\u0259","item":"https:\/\/www.meydan.tv\/az\/section\/menim-fikrimce\/"},{"@type":"ListItem","position":3,"name":"Kamal Abdullaya yar\u0131nmaq"}]},{"@type":"WebSite","@id":"https:\/\/www.meydan.tv\/az\/#website","url":"https:\/\/www.meydan.tv\/az\/","name":"MEYDAN.TV","description":"Meydan TV Az\u0259rbaycan\u0131n media m\u0259kan\u0131ndak\u0131 alternativ s\u0259sidir","publisher":{"@id":"https:\/\/www.meydan.tv\/az\/#organization"},"potentialAction":[{"@type":"SearchAction","target":{"@type":"EntryPoint","urlTemplate":"https:\/\/www.meydan.tv\/az\/?s={search_term_string}"},"query-input":{"@type":"PropertyValueSpecification","valueRequired":true,"valueName":"search_term_string"}}],"inLanguage":"az"},{"@type":"Organization","@id":"https:\/\/www.meydan.tv\/az\/#organization","name":"Meydan TV","url":"https:\/\/www.meydan.tv\/az\/","logo":{"@type":"ImageObject","inLanguage":"az","@id":"https:\/\/www.meydan.tv\/az\/#\/schema\/logo\/image\/","url":"https:\/\/www.meydan.tv\/wp-content\/uploads\/2021\/07\/meydan-logo.svg","contentUrl":"https:\/\/www.meydan.tv\/wp-content\/uploads\/2021\/07\/meydan-logo.svg","width":195,"height":46,"caption":"Meydan TV"},"image":{"@id":"https:\/\/www.meydan.tv\/az\/#\/schema\/logo\/image\/"}},{"@type":"Person","@id":"https:\/\/www.meydan.tv\/az\/#\/schema\/person\/10d11eccf6da3662cf5fdab9806ea91a","name":"user-manager"}]}},"_links":{"self":[{"href":"https:\/\/www.meydan.tv\/az\/wp-json\/wp\/v2\/posts\/166150","targetHints":{"allow":["GET"]}}],"collection":[{"href":"https:\/\/www.meydan.tv\/az\/wp-json\/wp\/v2\/posts"}],"about":[{"href":"https:\/\/www.meydan.tv\/az\/wp-json\/wp\/v2\/types\/post"}],"author":[{"embeddable":true,"href":"https:\/\/www.meydan.tv\/az\/wp-json\/wp\/v2\/users\/11"}],"replies":[{"embeddable":true,"href":"https:\/\/www.meydan.tv\/az\/wp-json\/wp\/v2\/comments?post=166150"}],"version-history":[{"count":0,"href":"https:\/\/www.meydan.tv\/az\/wp-json\/wp\/v2\/posts\/166150\/revisions"}],"wp:featuredmedia":[{"embeddable":true,"href":"https:\/\/www.meydan.tv\/az\/wp-json\/wp\/v2\/media\/17275"}],"wp:attachment":[{"href":"https:\/\/www.meydan.tv\/az\/wp-json\/wp\/v2\/media?parent=166150"}],"wp:term":[{"taxonomy":"category","embeddable":true,"href":"https:\/\/www.meydan.tv\/az\/wp-json\/wp\/v2\/categories?post=166150"},{"taxonomy":"post_tag","embeddable":true,"href":"https:\/\/www.meydan.tv\/az\/wp-json\/wp\/v2\/tags?post=166150"}],"curies":[{"name":"wp","href":"https:\/\/api.w.org\/{rel}","templated":true}]}}