{"id":166148,"date":"2014-12-10T21:01:55","date_gmt":"2014-12-10T21:01:55","guid":{"rendered":"https:\/\/www.meydan.tv\/article\/umidler-mehv-olmasin\/"},"modified":"2014-12-10T21:01:55","modified_gmt":"2014-12-10T21:01:55","slug":"umidler-mehv-olmasin","status":"publish","type":"post","link":"https:\/\/www.meydan.tv\/az\/article\/umidler-mehv-olmasin\/","title":{"rendered":"\u00dcmidl\u0259r m\u0259hv olmas\u0131n\u2026"},"content":{"rendered":"<figure class=\"wp-block-image size-large\">\n  <img decoding=\"async\" src=\"https:\/\/www.meydan.tv\/az\/17233\/\" alt=\"\" class=\"wp-image-17233\"\/><figcaption><\/figcaption><\/figure>\n<figure class=\"wp-block-image size-large\">\n  <img decoding=\"async\" src=\"https:\/\/www.meydan.tv\/az\/17236\/\" alt=\"\" class=\"wp-image-17236\"\/><figcaption><\/figcaption><\/figure>\n<p>\n  H\u0259bsxanaya d\u00fc\u015f\u0259nd\u0259n b\u0259ri m\u00fcxt\u0259lif insanlarla qar\u015f\u0131la\u015fm\u0131\u015fam. \u00dcnsiyy\u0259td\u0259 olmu\u015fam. H\u0259r xasiyy\u0259td\u0259 insan tan\u0131m\u0131\u015fam. Amma 2013-\u00fcn mart\u0131ndan bu yana tan\u0131d\u0131\u011f\u0131m insanlar aras\u0131nda m\u0259n\u0259 \u0259n \u00e7ox t\u0259sir ed\u0259n bir n\u0259f\u0259r olub. \u00dcmid.\n<\/p>\n<p>\n  \u00dcmidl\u0259 tan\u0131\u015fl\u0131\u011f\u0131m.\n<\/p>\n<p>\n  H\u0259bsxanaya d\u00fc\u015fm\u0259yimin \u00fc\u00e7\u00fcnc\u00fc g\u00fcn\u00fc idi. Kamerada bekar\u00e7\u0131l\u0131q idi. zindanda adam\u0131n n\u0259 i\u015fi ola bil\u0259r ki? B\u00fct\u00fcn g\u00fcn\u00fc d\u00fc\u015f\u00fcn\u00fcrd\u00fcm. D\u00fc\u015f\u00fcn\u00fcrd\u00fcm ki, m\u0259nd\u0259n sonra kim h\u0259bs olunacaq? \u0130\u015fl\u0259r nec\u0259 istiqam\u0259t alacaq? D\u00fc\u015f\u00fcn\u00fcrd\u00fcm v\u0259 \u00fcr\u0259yim s\u0131x\u0131l\u0131rd\u0131.\u00a0 \u00dcmid h\u0259min vaxtlarda g\u0259lmi\u015fdi\u2026 Onun h\u0259yat hekay\u0259si m\u0259ni s\u0131x\u0131nt\u0131dan qurtard\u0131.\n<\/p>\n<p>\n  \u00dcmid s\u0259mimi, s\u0259mimi oldu\u011fu q\u0259d\u0259r d\u0259 sad\u0259l\u00f6vh u\u015faq idi. \u00c7irkaba bula\u015fmam\u0131\u015fd\u0131.\u00a0 2013-c\u00fc ilin mart\u0131nda narkotik ittiham\u0131 il\u0259 h\u0259bs olunmu\u015fdu. \u00dcmidd\u0259n sonra m\u0259n m\u00fcxt\u0259lif vaxtlarda 20 n\u0259f\u0259r\u0259 yax\u0131n dustaqla eyni kameran\u0131 b\u00f6l\u00fc\u015fm\u00fc\u015f\u0259m. Amma m\u0259n\u0259 \u00dcmid q\u0259d\u0259r t\u0259sir ed\u0259n olmay\u0131b. \u00dcmidl\u0259 c\u0259mi 3 g\u00fcn bir kamerada qald\u0131m, bu \u00fc\u00e7 g\u00fcnd\u0259 ona \u00e7ox \u015fey \u00f6yr\u0259tm\u0259y\u0259 \u00e7al\u0131\u015fd\u0131m. Amma vaxt \u00e7ox az idi. Onun \u0259n b\u00f6y\u00fck arzusu m\u0259niml\u0259 eyni kamerada qalmaq idi. Ayr\u0131landa o da, m\u0259n d\u0259 k\u00f6vr\u0259lmi\u015fdik.\n<\/p>\n<p>\n  \u00dcmid 1991-ci ild\u0259, \u015eamax\u0131 rayonunun Sabir k\u0259ndind\u0259 anadan olub. Dem\u0259k olar, m\u0259kt\u0259b\u0259 he\u00e7 getm\u0259yib. Oxuyub-yazma\u011f\u0131 bilmir. H\u0259rfl\u0259ri g\u00fccl\u0259 tan\u0131y\u0131r. Fiziki anlamda \u00e7ox g\u00fccl\u00fc v\u0259 m\u00f6hk\u0259mdi, da\u015fdan yum\u015faq n\u0259 varsa, yeyir. 8-9 ya\u015flar\u0131ndan o \u00e7iynind\u0259 ov t\u00fcf\u0259ngi il\u0259 g\u0259zib. 14 ya\u015f\u0131 olanda da\u011fda 3 canavar \u00f6ld\u00fcr\u00fcb. Atas\u0131 ruhi x\u0259st\u0259 olub. 90-c\u0131 ill\u0259rin sonlar\u0131ndan atas\u0131n\u0131n x\u0259st\u0259liyi \u015fidd\u0259tl\u0259nib v\u0259 ail\u0259 ba\u015fs\u0131z qal\u0131b.\n<\/p>\n<p>\n  M\u0259cbur qal\u0131b, b\u00fct\u00fcn mal-heyvan\u0131, torpaqlar\u0131n\u0131 satan ail\u0259 m\u00fcflis olub. 2009-c\u00fc ilin aprelind\u0259 \u00dcmid h\u0259rbi xidm\u0259t\u0259 gedib. S\u0259rh\u0259d b\u00f6lg\u0259sin\u0259 d\u00fc\u015f\u00fcb. Orda da ba\u015fa vurub xidm\u0259tini. Yax\u015f\u0131 xidm\u0259t el\u0259diyin\u0259 g\u00f6r\u0259 d\u0259f\u0259l\u0259rl\u0259 f\u0259xri f\u0259rmanla t\u0259ltif edilib. Deyirdi ki, M\u00fcbarizin h\u0259r\u0259k\u0259tind\u0259n \u00e7ox t\u0259sirl\u0259nib, onun kimi olmaq ist\u0259yib. Amma soru\u015fanda ki, qar\u015f\u0131na erm\u0259nil\u0259r \u00e7\u0131xsayd\u0131, n\u0259 ed\u0259rdin, cavab verm\u0259y\u0259 \u00e7\u0259tinlik \u00e7\u0259kirdi. Deyirdi ki, bu bar\u0259d\u0259 d\u00fc\u015f\u00fcnm\u0259yib.\u00a0 \u00dcmumiyy\u0259tl\u0259, o zehnini \u00e7ox i\u015fl\u0259tmirdi.\u00a0 \u00dcmid daha \u00e7ox \u0259z\u0259l\u0259l\u0259rin\u0259 g\u00fcv\u0259nirdi. 2010-cu ilin oktyabr\u0131nda h\u0259rbi xidm\u0259td\u0259n qay\u0131danda maddi v\u0259ziyy\u0259ti \u00e7ox pis oldu\u011fundan, Moskvaya gedir. Day\u0131 adland\u0131rd\u0131\u011f\u0131 k\u0259ndlisinin yan\u0131na. Bir m\u00fcdd\u0259t sonra \u00ab\u00c7erkizov\u00bb bazar\u0131 ba\u011fland\u0131\u011f\u0131ndan, v\u0259t\u0259n\u0259 qay\u0131tmal\u0131 olur.\n<\/p>\n<p>\n  Bir m\u00fcdd\u0259t \u015fadl\u0131q saray\u0131nda ofisiant i\u015fl\u0259yir. Sevdiyi xan\u0131mla ni\u015fanlan\u0131r. Qazanc\u0131 az oldu\u011fundan, Bak\u0131ya g\u0259lir ki, f\u0259hl\u0259 i\u015fl\u0259sin. 2013-cu il, mart\u0131n sonu yen\u0259 Bak\u0131ya g\u0259lir. Ke\u015fl\u0259 q\u0259s\u0259b\u0259sind\u0259 y\u00fckbo\u015faltma m\u0259nt\u0259q\u0259sind\u0259 f\u0259hl\u0259 i\u015fl\u0259yirmi\u015f. Bura h\u0259min yermi\u015f ki, onun dediyin\u0259 g\u00f6r\u0259 bir oliqarx\u0131n o\u011flu burdan h\u0259r g\u00fcn y\u00fcz min \u00ab\u015fapka\u00bb al\u0131rm\u0131\u015f.\n<\/p>\n<p>\n  Mart\u0131n 29-u \u00dcmid yen\u0259 Ke\u015fl\u0259y\u0259 gedir, g\u00fcnortaya q\u0259d\u0259r g\u00f6zl\u0259s\u0259 d\u0259, i\u015f olmur. Durub, m\u0259rk\u0259z\u0259 g\u0259lir, bir m\u00fcdd\u0259t skamyada oturur. Q\u0259fild\u0259n ona bir adam yax\u0131nla\u015f\u0131r. Ordan-burdan s\u00f6hb\u0259t edirl\u0259r. Sonra adam ona 600 manatqazanc\u0131 olan \u00abi\u015f\u00bb t\u0259klif edir. \u0130\u015fin mahiyy\u0259ti is\u0259 bundan ibar\u0259t olur ki, \u00dcmid marixuanadolu torban\u0131 g\u00f6t\u00fcr\u00fcb, ordan uzaqla\u015fmal\u0131 imi\u015f. Cibind\u0259 birc\u0259 q\u0259piyi d\u0259 olmad\u0131\u011f\u0131ndan, o, raz\u0131la\u015f\u0131r. Torban\u0131 g\u00f6t\u00fcr\u00fcb, 3-4 ad\u0131m uzaqla\u015fan kimi, polisl\u0259r yax\u0131nla\u015f\u0131r v\u0259 \u00dcmidi yaxaly\u0131b, ma\u015fina mindirirl\u0259r.\n<\/p>\n<p>\n  Polis b\u00f6lm\u0259sind\u0259 h\u0259r \u015feyi oldu\u011fu kimi dan\u0131\u015f\u0131r. Onlar da torban\u0131 bir az da doldurub, \u00abk\u00fclli miqdar\u00bb edirl\u0259r. D\u00f6vl\u0259t hesab\u0131na da bir v\u0259kil verirl\u0259r, onun da i\u015finin ad\u0131 bu olur ki, \u00abbu u\u015fa\u011f\u0131 niy\u0259 b\u0259db\u0259xt edirsiz\u00bb deyib, m\u0259s\u0259l\u0259ni bitirsin. Sonra da 234.4.3 v\u0259 234.4.1-ci madd\u0259l\u0259r, \u00fc\u00e7 ayl\u0131q h\u0259bs q\u0259tiimkan t\u0259dbiri. Dostlardan biri \u00dcmidi ili\u015fdir\u0259n adam\u0131 tan\u0131y\u0131r, deyir ki, o adam polis imi\u015f.\n<\/p>\n<p>\n  \u00dcmid cinay\u0259tkard\u0131m\u0131? Qanunla m\u00fchakim\u0259 ets\u0259k, o cinay\u0259t edib. Yax\u015f\u0131, b\u0259s, \u00dcmidi birc\u0259 tik\u0259 \u00e7\u00f6r\u0259k \u00fc\u00e7\u00fcn cinay\u0259t i\u015fl\u0259m\u0259y\u0259 m\u0259cbur ed\u0259nl\u0259r kimdi?\n<\/p>\n<\/p>\n<p>\n  \u0130ndi o hardad\u0131r, ba\u015f\u0131na n\u0259 g\u0259lib, bilmir\u0259m, x\u0259b\u0259rim yoxdur. Ona h\u00fcquqi yard\u0131m g\u00f6st\u0259r\u0259c\u0259k kims\u0259 yox idi, y\u0259qin ki, 7-8 il i\u015f al\u0131b. \u018fmin\u0259m ki, burda qalsa, h\u0259bsxana h\u0259yat\u0131 o sad\u0259l\u00f6vh u\u015fa\u011f\u0131 ya m\u0259n\u0259vi, ya fiziki m\u0259nada m\u0259hv ed\u0259c\u0259k. Amma birc\u0259 \u00fcmidim var ki, o m\u0259n\u0259 he\u00e7 vaxt d\u0259yi\u015fm\u0259y\u0259c\u0259yin\u0259, h\u0259mi\u015f\u0259 bel\u0259 t\u0259miz qalaca\u011f\u0131na, \u00e7irkaba bula\u015fmayaca\u011f\u0131na s\u00f6z vermi\u015fdi.<\/p>\n","protected":false},"excerpt":{"rendered":"<p>Onun \u0259n b\u00f6y\u00fck arzusu m\u0259niml\u0259 bir kamerada qalmaq idi&#8230;<\/p>\n","protected":false},"author":11,"featured_media":17233,"comment_status":"closed","ping_status":"open","sticky":false,"template":"","format":"standard","meta":{"_acf_changed":false,"_sitemap_exclude":false,"_sitemap_priority":"","_sitemap_frequency":"","footnotes":""},"categories":[57],"tags":[],"class_list":["post-166148","post","type-post","status-publish","format-standard","has-post-thumbnail","hentry","category-menim-fikrimce","infinite-scroll-item","generate-columns","tablet-grid-50","mobile-grid-100","grid-parent","grid-33","no-featured-image-padding"],"acf":[],"yoast_head":"<!-- This site is optimized with the Yoast SEO plugin v27.4 - https:\/\/yoast.com\/product\/yoast-seo-wordpress\/ -->\n<title>\u00dcmidl\u0259r m\u0259hv olmas\u0131n\u2026 - MEYDAN.TV<\/title>\n<meta name=\"robots\" content=\"index, follow, max-snippet:-1, max-image-preview:large, max-video-preview:-1\" \/>\n<link rel=\"canonical\" href=\"https:\/\/www.meydan.tv\/az\/article\/umidler-mehv-olmasin\/\" \/>\n<meta property=\"og:locale\" content=\"az_AZ\" \/>\n<meta property=\"og:type\" content=\"article\" \/>\n<meta property=\"og:title\" content=\"\u00dcmidl\u0259r m\u0259hv olmas\u0131n\u2026 - MEYDAN.TV\" \/>\n<meta property=\"og:description\" content=\"Onun \u0259n b\u00f6y\u00fck arzusu m\u0259niml\u0259 bir kamerada qalmaq idi...\" \/>\n<meta property=\"og:url\" content=\"https:\/\/www.meydan.tv\/az\/article\/umidler-mehv-olmasin\/\" \/>\n<meta property=\"og:site_name\" content=\"MEYDAN.TV\" \/>\n<meta property=\"article:published_time\" content=\"2014-12-10T21:01:55+00:00\" \/>\n<meta property=\"og:image\" content=\"https:\/\/www.meydan.tv\/wp-content\/uploads\/6161.jpg\" \/>\n\t<meta property=\"og:image:width\" content=\"500\" \/>\n\t<meta property=\"og:image:height\" content=\"500\" \/>\n\t<meta property=\"og:image:type\" content=\"image\/jpeg\" \/>\n<meta name=\"author\" content=\"user-manager\" \/>\n<meta name=\"twitter:card\" content=\"summary_large_image\" \/>\n<script type=\"application\/ld+json\" class=\"yoast-schema-graph\">{\"@context\":\"https:\\\/\\\/schema.org\",\"@graph\":[{\"@type\":\"Article\",\"@id\":\"https:\\\/\\\/www.meydan.tv\\\/az\\\/article\\\/umidler-mehv-olmasin\\\/#article\",\"isPartOf\":{\"@id\":\"https:\\\/\\\/www.meydan.tv\\\/az\\\/article\\\/umidler-mehv-olmasin\\\/\"},\"author\":{\"name\":\"user-manager\",\"@id\":\"https:\\\/\\\/www.meydan.tv\\\/az\\\/#\\\/schema\\\/person\\\/10d11eccf6da3662cf5fdab9806ea91a\"},\"headline\":\"\u00dcmidl\u0259r m\u0259hv olmas\u0131n\u2026\",\"datePublished\":\"2014-12-10T21:01:55+00:00\",\"mainEntityOfPage\":{\"@id\":\"https:\\\/\\\/www.meydan.tv\\\/az\\\/article\\\/umidler-mehv-olmasin\\\/\"},\"wordCount\":929,\"publisher\":{\"@id\":\"https:\\\/\\\/www.meydan.tv\\\/az\\\/#organization\"},\"image\":{\"@id\":\"https:\\\/\\\/www.meydan.tv\\\/az\\\/article\\\/umidler-mehv-olmasin\\\/#primaryimage\"},\"thumbnailUrl\":\"https:\\\/\\\/www.meydan.tv\\\/wp-content\\\/uploads\\\/6161.jpg\",\"articleSection\":[\"M\u0259nim Fikrimc\u0259\"],\"inLanguage\":\"az\"},{\"@type\":\"WebPage\",\"@id\":\"https:\\\/\\\/www.meydan.tv\\\/az\\\/article\\\/umidler-mehv-olmasin\\\/\",\"url\":\"https:\\\/\\\/www.meydan.tv\\\/az\\\/article\\\/umidler-mehv-olmasin\\\/\",\"name\":\"\u00dcmidl\u0259r m\u0259hv olmas\u0131n\u2026 - MEYDAN.TV\",\"isPartOf\":{\"@id\":\"https:\\\/\\\/www.meydan.tv\\\/az\\\/#website\"},\"primaryImageOfPage\":{\"@id\":\"https:\\\/\\\/www.meydan.tv\\\/az\\\/article\\\/umidler-mehv-olmasin\\\/#primaryimage\"},\"image\":{\"@id\":\"https:\\\/\\\/www.meydan.tv\\\/az\\\/article\\\/umidler-mehv-olmasin\\\/#primaryimage\"},\"thumbnailUrl\":\"https:\\\/\\\/www.meydan.tv\\\/wp-content\\\/uploads\\\/6161.jpg\",\"datePublished\":\"2014-12-10T21:01:55+00:00\",\"breadcrumb\":{\"@id\":\"https:\\\/\\\/www.meydan.tv\\\/az\\\/article\\\/umidler-mehv-olmasin\\\/#breadcrumb\"},\"inLanguage\":\"az\",\"potentialAction\":[{\"@type\":\"ReadAction\",\"target\":[\"https:\\\/\\\/www.meydan.tv\\\/az\\\/article\\\/umidler-mehv-olmasin\\\/\"]}]},{\"@type\":\"ImageObject\",\"inLanguage\":\"az\",\"@id\":\"https:\\\/\\\/www.meydan.tv\\\/az\\\/article\\\/umidler-mehv-olmasin\\\/#primaryimage\",\"url\":\"https:\\\/\\\/www.meydan.tv\\\/wp-content\\\/uploads\\\/6161.jpg\",\"contentUrl\":\"https:\\\/\\\/www.meydan.tv\\\/wp-content\\\/uploads\\\/6161.jpg\",\"width\":500,\"height\":500,\"caption\":\"Source:\"},{\"@type\":\"BreadcrumbList\",\"@id\":\"https:\\\/\\\/www.meydan.tv\\\/az\\\/article\\\/umidler-mehv-olmasin\\\/#breadcrumb\",\"itemListElement\":[{\"@type\":\"ListItem\",\"position\":1,\"name\":\"Ana s\u0259hif\u0259\",\"item\":\"https:\\\/\\\/www.meydan.tv\\\/az\\\/\"},{\"@type\":\"ListItem\",\"position\":2,\"name\":\"M\u0259nim Fikrimc\u0259\",\"item\":\"https:\\\/\\\/www.meydan.tv\\\/az\\\/section\\\/menim-fikrimce\\\/\"},{\"@type\":\"ListItem\",\"position\":3,\"name\":\"\u00dcmidl\u0259r m\u0259hv olmas\u0131n\u2026\"}]},{\"@type\":\"WebSite\",\"@id\":\"https:\\\/\\\/www.meydan.tv\\\/az\\\/#website\",\"url\":\"https:\\\/\\\/www.meydan.tv\\\/az\\\/\",\"name\":\"MEYDAN.TV\",\"description\":\"Meydan TV Az\u0259rbaycan\u0131n media m\u0259kan\u0131ndak\u0131 alternativ s\u0259sidir\",\"publisher\":{\"@id\":\"https:\\\/\\\/www.meydan.tv\\\/az\\\/#organization\"},\"potentialAction\":[{\"@type\":\"SearchAction\",\"target\":{\"@type\":\"EntryPoint\",\"urlTemplate\":\"https:\\\/\\\/www.meydan.tv\\\/az\\\/?s={search_term_string}\"},\"query-input\":{\"@type\":\"PropertyValueSpecification\",\"valueRequired\":true,\"valueName\":\"search_term_string\"}}],\"inLanguage\":\"az\"},{\"@type\":\"Organization\",\"@id\":\"https:\\\/\\\/www.meydan.tv\\\/az\\\/#organization\",\"name\":\"Meydan TV\",\"url\":\"https:\\\/\\\/www.meydan.tv\\\/az\\\/\",\"logo\":{\"@type\":\"ImageObject\",\"inLanguage\":\"az\",\"@id\":\"https:\\\/\\\/www.meydan.tv\\\/az\\\/#\\\/schema\\\/logo\\\/image\\\/\",\"url\":\"https:\\\/\\\/www.meydan.tv\\\/wp-content\\\/uploads\\\/2021\\\/07\\\/meydan-logo.svg\",\"contentUrl\":\"https:\\\/\\\/www.meydan.tv\\\/wp-content\\\/uploads\\\/2021\\\/07\\\/meydan-logo.svg\",\"width\":195,\"height\":46,\"caption\":\"Meydan TV\"},\"image\":{\"@id\":\"https:\\\/\\\/www.meydan.tv\\\/az\\\/#\\\/schema\\\/logo\\\/image\\\/\"}},{\"@type\":\"Person\",\"@id\":\"https:\\\/\\\/www.meydan.tv\\\/az\\\/#\\\/schema\\\/person\\\/10d11eccf6da3662cf5fdab9806ea91a\",\"name\":\"user-manager\"}]}<\/script>\n<!-- \/ Yoast SEO plugin. -->","yoast_head_json":{"title":"\u00dcmidl\u0259r m\u0259hv olmas\u0131n\u2026 - MEYDAN.TV","robots":{"index":"index","follow":"follow","max-snippet":"max-snippet:-1","max-image-preview":"max-image-preview:large","max-video-preview":"max-video-preview:-1"},"canonical":"https:\/\/www.meydan.tv\/az\/article\/umidler-mehv-olmasin\/","og_locale":"az_AZ","og_type":"article","og_title":"\u00dcmidl\u0259r m\u0259hv olmas\u0131n\u2026 - MEYDAN.TV","og_description":"Onun \u0259n b\u00f6y\u00fck arzusu m\u0259niml\u0259 bir kamerada qalmaq idi...","og_url":"https:\/\/www.meydan.tv\/az\/article\/umidler-mehv-olmasin\/","og_site_name":"MEYDAN.TV","article_published_time":"2014-12-10T21:01:55+00:00","og_image":[{"width":500,"height":500,"url":"https:\/\/www.meydan.tv\/wp-content\/uploads\/6161.jpg","type":"image\/jpeg"}],"author":"user-manager","twitter_card":"summary_large_image","schema":{"@context":"https:\/\/schema.org","@graph":[{"@type":"Article","@id":"https:\/\/www.meydan.tv\/az\/article\/umidler-mehv-olmasin\/#article","isPartOf":{"@id":"https:\/\/www.meydan.tv\/az\/article\/umidler-mehv-olmasin\/"},"author":{"name":"user-manager","@id":"https:\/\/www.meydan.tv\/az\/#\/schema\/person\/10d11eccf6da3662cf5fdab9806ea91a"},"headline":"\u00dcmidl\u0259r m\u0259hv olmas\u0131n\u2026","datePublished":"2014-12-10T21:01:55+00:00","mainEntityOfPage":{"@id":"https:\/\/www.meydan.tv\/az\/article\/umidler-mehv-olmasin\/"},"wordCount":929,"publisher":{"@id":"https:\/\/www.meydan.tv\/az\/#organization"},"image":{"@id":"https:\/\/www.meydan.tv\/az\/article\/umidler-mehv-olmasin\/#primaryimage"},"thumbnailUrl":"https:\/\/www.meydan.tv\/wp-content\/uploads\/6161.jpg","articleSection":["M\u0259nim Fikrimc\u0259"],"inLanguage":"az"},{"@type":"WebPage","@id":"https:\/\/www.meydan.tv\/az\/article\/umidler-mehv-olmasin\/","url":"https:\/\/www.meydan.tv\/az\/article\/umidler-mehv-olmasin\/","name":"\u00dcmidl\u0259r m\u0259hv olmas\u0131n\u2026 - MEYDAN.TV","isPartOf":{"@id":"https:\/\/www.meydan.tv\/az\/#website"},"primaryImageOfPage":{"@id":"https:\/\/www.meydan.tv\/az\/article\/umidler-mehv-olmasin\/#primaryimage"},"image":{"@id":"https:\/\/www.meydan.tv\/az\/article\/umidler-mehv-olmasin\/#primaryimage"},"thumbnailUrl":"https:\/\/www.meydan.tv\/wp-content\/uploads\/6161.jpg","datePublished":"2014-12-10T21:01:55+00:00","breadcrumb":{"@id":"https:\/\/www.meydan.tv\/az\/article\/umidler-mehv-olmasin\/#breadcrumb"},"inLanguage":"az","potentialAction":[{"@type":"ReadAction","target":["https:\/\/www.meydan.tv\/az\/article\/umidler-mehv-olmasin\/"]}]},{"@type":"ImageObject","inLanguage":"az","@id":"https:\/\/www.meydan.tv\/az\/article\/umidler-mehv-olmasin\/#primaryimage","url":"https:\/\/www.meydan.tv\/wp-content\/uploads\/6161.jpg","contentUrl":"https:\/\/www.meydan.tv\/wp-content\/uploads\/6161.jpg","width":500,"height":500,"caption":"Source:"},{"@type":"BreadcrumbList","@id":"https:\/\/www.meydan.tv\/az\/article\/umidler-mehv-olmasin\/#breadcrumb","itemListElement":[{"@type":"ListItem","position":1,"name":"Ana s\u0259hif\u0259","item":"https:\/\/www.meydan.tv\/az\/"},{"@type":"ListItem","position":2,"name":"M\u0259nim Fikrimc\u0259","item":"https:\/\/www.meydan.tv\/az\/section\/menim-fikrimce\/"},{"@type":"ListItem","position":3,"name":"\u00dcmidl\u0259r m\u0259hv olmas\u0131n\u2026"}]},{"@type":"WebSite","@id":"https:\/\/www.meydan.tv\/az\/#website","url":"https:\/\/www.meydan.tv\/az\/","name":"MEYDAN.TV","description":"Meydan TV Az\u0259rbaycan\u0131n media m\u0259kan\u0131ndak\u0131 alternativ s\u0259sidir","publisher":{"@id":"https:\/\/www.meydan.tv\/az\/#organization"},"potentialAction":[{"@type":"SearchAction","target":{"@type":"EntryPoint","urlTemplate":"https:\/\/www.meydan.tv\/az\/?s={search_term_string}"},"query-input":{"@type":"PropertyValueSpecification","valueRequired":true,"valueName":"search_term_string"}}],"inLanguage":"az"},{"@type":"Organization","@id":"https:\/\/www.meydan.tv\/az\/#organization","name":"Meydan TV","url":"https:\/\/www.meydan.tv\/az\/","logo":{"@type":"ImageObject","inLanguage":"az","@id":"https:\/\/www.meydan.tv\/az\/#\/schema\/logo\/image\/","url":"https:\/\/www.meydan.tv\/wp-content\/uploads\/2021\/07\/meydan-logo.svg","contentUrl":"https:\/\/www.meydan.tv\/wp-content\/uploads\/2021\/07\/meydan-logo.svg","width":195,"height":46,"caption":"Meydan TV"},"image":{"@id":"https:\/\/www.meydan.tv\/az\/#\/schema\/logo\/image\/"}},{"@type":"Person","@id":"https:\/\/www.meydan.tv\/az\/#\/schema\/person\/10d11eccf6da3662cf5fdab9806ea91a","name":"user-manager"}]}},"_links":{"self":[{"href":"https:\/\/www.meydan.tv\/az\/wp-json\/wp\/v2\/posts\/166148","targetHints":{"allow":["GET"]}}],"collection":[{"href":"https:\/\/www.meydan.tv\/az\/wp-json\/wp\/v2\/posts"}],"about":[{"href":"https:\/\/www.meydan.tv\/az\/wp-json\/wp\/v2\/types\/post"}],"author":[{"embeddable":true,"href":"https:\/\/www.meydan.tv\/az\/wp-json\/wp\/v2\/users\/11"}],"replies":[{"embeddable":true,"href":"https:\/\/www.meydan.tv\/az\/wp-json\/wp\/v2\/comments?post=166148"}],"version-history":[{"count":0,"href":"https:\/\/www.meydan.tv\/az\/wp-json\/wp\/v2\/posts\/166148\/revisions"}],"wp:featuredmedia":[{"embeddable":true,"href":"https:\/\/www.meydan.tv\/az\/wp-json\/wp\/v2\/media\/17233"}],"wp:attachment":[{"href":"https:\/\/www.meydan.tv\/az\/wp-json\/wp\/v2\/media?parent=166148"}],"wp:term":[{"taxonomy":"category","embeddable":true,"href":"https:\/\/www.meydan.tv\/az\/wp-json\/wp\/v2\/categories?post=166148"},{"taxonomy":"post_tag","embeddable":true,"href":"https:\/\/www.meydan.tv\/az\/wp-json\/wp\/v2\/tags?post=166148"}],"curies":[{"name":"wp","href":"https:\/\/api.w.org\/{rel}","templated":true}]}}