{"id":166114,"date":"2014-12-09T01:22:48","date_gmt":"2014-12-09T01:22:48","guid":{"rendered":"https:\/\/www.meydan.tv\/article\/meydan-tv-niye-baglandi\/"},"modified":"2014-12-09T01:22:48","modified_gmt":"2014-12-09T01:22:48","slug":"meydan-tv-niye-baglandi","status":"publish","type":"post","link":"https:\/\/www.meydan.tv\/az\/article\/meydan-tv-niye-baglandi\/","title":{"rendered":"Meydan TV niy\u0259 ba\u011fland\u0131?"},"content":{"rendered":"<figure class=\"wp-block-image size-large\">\n  <img decoding=\"async\" src=\"https:\/\/www.meydan.tv\/az\/17212\/\" alt=\"\" class=\"wp-image-17212\"\/><figcaption><\/figcaption><\/figure>\n<figure class=\"wp-block-image size-large\">\n  <img decoding=\"async\" src=\"https:\/\/www.meydan.tv\/az\/17212\/\" alt=\"\" class=\"wp-image-17212\"\/><figcaption><\/figcaption><\/figure>\n<p>\n  Son g\u00fcnl\u0259r, h\u0259ft\u0259l\u0259r v\u0259 aylar Az\u0259rbaycan b\u00f6y\u00fck s\u00fcr\u0259tl\u0259 avtoritar c\u0259miyy\u0259td\u0259n totalitar c\u0259miyy\u0259t\u0259 do\u011fru ir\u0259lil\u0259yir. Bu &#8220;inki\u015faf\u0131&#8221; g\u00f6rm\u0259m\u0259k art\u0131q m\u00fcmk\u00fcn deyil. D\u00f6vl\u0259ti Az\u0259rbaycanda z\u0259bt ed\u0259n bir qrup insan &#8220;inki\u015faf\u0131n&#8221; yeni m\u0259rh\u0259l\u0259sin\u0259 q\u0259d\u0259m qoyublar. Onlar art\u0131q siyasi partiyalara, QHT-l\u0259r\u0259, media qurumlar\u0131na, beynalxalq t\u0259\u015fkilatlara qalib g\u0259ldil\u0259r, \u00f6z g\u00fccl\u0259rin g\u00f6st\u0259r\u0259 bildil\u0259r. \u0130ndi d\u0259 insanlar\u0131n yem\u0259kl\u0259rin\u0259, geyiml\u0259rin\u0259, musiqisin\u0259, yaslar\u0131na, toylar\u0131na, yuxular\u0131na, arzular\u0131na, \u00fcmidl\u0259rin\u0259 v\u0259 ail\u0259l\u0259rin\u0259 n\u0259zar\u0259t etm\u0259y\u0259 ba\u015flay\u0131rlar. Siyas\u0259t\u0259 qar\u0131\u015fmayan xalq\u0131n \u0259n g\u00f6z\u0259l v\u0259 haqq etdiyi g\u00fcnl\u0259ri h\u0259l\u0259 ir\u0259lid\u0259dir.\n<\/p>\n<p>\n  Meydan TV yaln\u0131z ki\u00e7ik arzularla v\u0259 \u00fcmidl\u0259rl\u0259 m\u0259\u015f\u011ful olan ki\u00e7ik bir media layih\u0259si idi. Amma arzular\u0131n v\u0259 \u00fcmidl\u0259rin hakimiyy\u0259tin n\u0259zar\u0259tind\u0259n \u00e7\u0131xmamas\u0131 \u00fc\u00e7\u00fcn Meydan TV Bak\u0131da ba\u011flanmal\u0131 idi. Ba\u015fqa c\u00fcr ola da bilm\u0259zdi. N\u0259zar\u0259t total v\u0259 h\u0259rt\u0259r\u0259fli olmal\u0131d\u0131r, Meydan TV is\u0259 buna nail olmaq \u00fc\u00e7\u00fcn mane\u0259 faktoruna \u00e7evrilib.\n<\/p>\n<p>\n  G\u00fcc anlam\u0131nda, \u00f6lk\u0259nin ikinci adam\u0131 Ramiz Mehdiyev ki\u00e7ik bir media layih\u0259sini, Meydan TV-ni \u201ckonstitusion qurulu\u015fu g\u00fccl\u0259 devirm\u0259y\u0259 c\u0259hd g\u00f6st\u0259rm\u0259k&#8221;d\u0259 ittiham edir. Bunu Avropan\u0131n Demokratiyaya D\u0259st\u0259k Fondunun maliyy\u0259 d\u0259st\u0259yi il\u0259 etdiyimizi iddia edir, ba\u015fqa s\u00f6zl\u0259 des\u0259k, o, Fondu d\u0259st\u0259kl\u0259y\u0259n Avropa Birliyini v\u0259 Avropa Birliyinin \u00fczv d\u00f6vl\u0259tl\u0259rini d\u00f6vl\u0259t \u00e7evrili\u015fini d\u0259st\u0259kl\u0259m\u0259kd\u0259 ittiham edir. \u00c7ox ciddi ittihamd\u0131r v\u0259 bu ittiham\u0131n ham\u0131m\u0131z \u00fc\u00e7\u00fcn v\u0259 onun \u00f6z\u00fc \u00fc\u00e7\u00fcn d\u0259 \u00e7ox ciddi t\u0259siri olacaq.\n<\/p>\n<p>\n  Bu arada Eynulla F\u0259tullayevin analizl\u0259rin\u0259 g\u00f6r\u0259 m\u0259nas\u0131z v\u0259 \u00e7ox z\u0259if bir media layih\u0259sin\u0259 Ramiz Mehdiyevd\u0259n bel\u0259 y\u00fcks\u0259k qiym\u0259tin verilm\u0259si Eynullan\u0131n intellektin\u0259 \u00e7ox b\u00f6y\u00fck z\u0259rb\u0259 olacaq.\u00a0 Eynulla m\u00fc\u0259llim analiz el\u0259mi\u015fdi ki, Meydan TV-nin t\u0259siri 0 v\u0259 ya he\u00e7\u0259 b\u0259rab\u0259rdir. Amma Ramiz Mehdiyev deyir ki, bu \u201che\u00e7\u201d Az\u0259rbaycanda d\u00f6vl\u0259t \u00e7evrili\u015fi ed\u0259 bil\u0259r. \u0130ndi xalq hakimiyy\u0259tin hans\u0131 qoluna, hans\u0131 dilin\u0259 inans\u0131n?\n<\/p>\n<p>\n  Bu arada m\u00fcxalif\u0259t d\u00fc\u015f\u0259rg\u0259sind\u0259 Ramiz b\u0259yin manifestosunda adlar\u0131 \u00e7\u0259kilm\u0259y\u0259n aqsaqqallar da inciyibl\u0259r ki, Ramiz m\u00fc\u0259llim onlar\u0131 d\u00f6vl\u0259t\u0259 bir t\u0259hl\u00fck\u0259 kimi g\u00f6rm\u00fcr, amma kiml\u0259rin is\u0259 ad\u0131n\u0131 \u00e7\u0259kir. Q\u0259rib\u0259dir, Az\u0259rbaycanda s\u0259nin h\u0259d\u0259fd\u0259 oldu\u011funa da pax\u0131ll\u0131q ed\u0259 bilirl\u0259r. R\u0259smi deyir\u0259m ki, yeri bo\u015faltd\u0131q. Kim ist\u0259yirs\u0259, indi h\u0259d\u0259f\u0259 \u00e7evril\u0259 bil\u0259r. Biz q\u0259hraman deyilik. Qorxuruq, \u00e7\u0259kinirik, yaln\u0131z media i\u015fimizi g\u00f6rm\u0259k ist\u0259yirik. Amma Ramiz bizi e\u015fidirmi?\n<\/p>\n<p>\n  Ramiz m\u00fc\u0259llim el\u0259 bilir ki, art\u0131q soyuq m\u00fcharib\u0259 bir daha qay\u0131d\u0131b v\u0259 yeni Sovet \u0130ttifaq\u0131 2.0 yaran\u0131b h\u0259l\u0259 70 il m\u00f6vcud olacaq. \u018fslind\u0259, bu Sovet \u0130ttifaq\u0131 2.0 daha tez \u00e7\u00f6k\u0259c\u0259k. D\u00fcnyada futurist yaz\u0131\u00e7\u0131 Alvin Toflerin dediyi kimi s\u00fcr\u0259tl\u0259r, d\u0259yi\u015fim s\u00fcr\u0259ti \u00e7ox art\u0131b. Ramiz b\u0259y dey\u0259s\u0259n, m\u0259qal\u0259sini neft qiym\u0259tl\u0259ri h\u0259l\u0259 d\u00fc\u015fm\u0259mi\u015fd\u0259n qabaq haz\u0131rlam\u0131\u015fd\u0131, yoxsa bel\u0259 qlobal v\u0259 strateji s\u0259hvl\u0259r\u0259 yol verm\u0259zdi. Ramiz m\u00fc\u0259llim \u00fcm\u00fcmmilli futurist Heyd\u0259r \u018fliyevin balansla\u015fd\u0131r\u0131lm\u0131\u015f siyas\u0259tin\u0259 d\u0259 x\u0259yan\u0259t edib. Bunun n\u0259tic\u0259si bu hakmiyy\u0259t \u00fc\u00e7\u00fcn v\u0259 \u00e7ox t\u0259\u0259ss\u00fcf ki, xalq\u0131m\u0131z \u00fc\u00e7\u00fcn \u00e7ox ac\u0131nacaql\u0131 olacaq. Az\u0259rbaycan bu g\u00fcn g\u0259l\u0259c\u0259yi olmayan totalitar c\u0259miyy\u0259t v\u0259 d\u00f6vl\u0259tl\u0259rin klubuna daxil olur. Bel\u0259 v\u0259ziyy\u0259td\u0259 is\u0259 Meydan TV yaln\u0131z ba\u011flanmal\u0131 idi v\u0259 ba\u011fland\u0131 da. Biz balansla\u015fd\u0131r\u0131lmam\u0131\u015f siyas\u0259tin qurban\u0131 olduq.\n<\/p>\n<p>\n  Sonda is\u0259 \u0259sl q\u0259hr\u0259manlar bar\u0259sind\u0259 dan\u0131\u015fmal\u0131yam. M\u0259nim q\u0259hramanlar\u0131m Bak\u0131da Meydan Tv il\u0259 q\u0131sa m\u00fcdd\u0259t d\u0259 olsa \u0259m\u0259kda\u015fl\u0131q ed\u0259n jurnalist h\u0259mkarlar\u0131md\u0131r. Onlar\u0131n i\u015fl\u0259ri, onlar\u0131n c\u0259sar\u0259ti, onlar\u0131n f\u0259d\u0259karl\u0131\u011f\u0131 hakimiyy\u0259ti Meydan TV-y\u0259 bel\u0259 y\u00fcks\u0259k qiym\u0259t verm\u0259y\u0259 m\u0259cbur etdi. Bu adamlar m\u0259nim \u00fc\u00e7\u00fcn \u00e7ox qiym\u0259tlidir. Onlar\u0131n h\u0259yatlar\u0131 m\u0259nim \u00fc\u00e7\u00fcn d\u0259y\u0259rlidir. T\u0259hl\u00fck\u0259sizliyi d\u0259y\u0259rlidir. Onlar Meydan TV-d\u0259 i\u015fl\u0259dikl\u0259ri vaxt \u0259rzind\u0259 (ist\u0259r bir h\u0259ft\u0259, ist\u0259r bir il olsun, f\u0259rqi yoxdur) m\u0259n\u0259 Az\u0259rbaycanda yax\u015f\u0131, vicdanl\u0131 jurnalistl\u0259rin h\u0259l\u0259 d\u0259 var oldu\u011funa \u0259min etdil\u0259r. Bu \u00f6lk\u0259d\u0259 jurnalistl\u0259r h\u0259l\u0259 d\u0259 m\u0259hrumiyy\u0259tl\u0259r\u0259, narahatl\u0131q, t\u0259qib v\u0259 t\u0259zyiql\u0259r\u0259 m\u0259ruz qalsa da \u00f6z i\u015fl\u0259rini davam etdirm\u0259k \u0259zmini n\u00fcmayi\u015f etdirdil\u0259r.<\/p>\n","protected":false},"excerpt":{"rendered":"<p>Biz q\u0259hraman deyilik!<\/p>\n","protected":false},"author":11,"featured_media":17212,"comment_status":"closed","ping_status":"open","sticky":false,"template":"","format":"standard","meta":{"_acf_changed":false,"_sitemap_exclude":false,"_sitemap_priority":"","_sitemap_frequency":"","footnotes":""},"categories":[57],"tags":[],"class_list":["post-166114","post","type-post","status-publish","format-standard","has-post-thumbnail","hentry","category-menim-fikrimce","infinite-scroll-item","generate-columns","tablet-grid-50","mobile-grid-100","grid-parent","grid-33","no-featured-image-padding"],"acf":[],"yoast_head":"<!-- This site is optimized with the Yoast SEO plugin v27.4 - https:\/\/yoast.com\/product\/yoast-seo-wordpress\/ -->\n<title>Meydan TV niy\u0259 ba\u011fland\u0131? - MEYDAN.TV<\/title>\n<meta name=\"robots\" content=\"index, follow, max-snippet:-1, max-image-preview:large, max-video-preview:-1\" \/>\n<link rel=\"canonical\" href=\"https:\/\/www.meydan.tv\/az\/article\/meydan-tv-niye-baglandi\/\" \/>\n<meta property=\"og:locale\" content=\"az_AZ\" \/>\n<meta property=\"og:type\" content=\"article\" \/>\n<meta property=\"og:title\" content=\"Meydan TV niy\u0259 ba\u011fland\u0131? - MEYDAN.TV\" \/>\n<meta property=\"og:description\" content=\"Biz q\u0259hraman deyilik!\" \/>\n<meta property=\"og:url\" content=\"https:\/\/www.meydan.tv\/az\/article\/meydan-tv-niye-baglandi\/\" \/>\n<meta property=\"og:site_name\" content=\"MEYDAN.TV\" \/>\n<meta property=\"article:published_time\" content=\"2014-12-09T01:22:48+00:00\" \/>\n<meta property=\"og:image\" content=\"https:\/\/www.meydan.tv\/wp-content\/uploads\/6145.jpg\" \/>\n\t<meta property=\"og:image:width\" content=\"746\" \/>\n\t<meta property=\"og:image:height\" content=\"130\" \/>\n\t<meta property=\"og:image:type\" content=\"image\/jpeg\" \/>\n<meta name=\"author\" content=\"user-manager\" \/>\n<meta name=\"twitter:card\" content=\"summary_large_image\" \/>\n<script type=\"application\/ld+json\" class=\"yoast-schema-graph\">{\"@context\":\"https:\\\/\\\/schema.org\",\"@graph\":[{\"@type\":\"Article\",\"@id\":\"https:\\\/\\\/www.meydan.tv\\\/az\\\/article\\\/meydan-tv-niye-baglandi\\\/#article\",\"isPartOf\":{\"@id\":\"https:\\\/\\\/www.meydan.tv\\\/az\\\/article\\\/meydan-tv-niye-baglandi\\\/\"},\"author\":{\"name\":\"user-manager\",\"@id\":\"https:\\\/\\\/www.meydan.tv\\\/az\\\/#\\\/schema\\\/person\\\/10d11eccf6da3662cf5fdab9806ea91a\"},\"headline\":\"Meydan TV niy\u0259 ba\u011fland\u0131?\",\"datePublished\":\"2014-12-09T01:22:48+00:00\",\"mainEntityOfPage\":{\"@id\":\"https:\\\/\\\/www.meydan.tv\\\/az\\\/article\\\/meydan-tv-niye-baglandi\\\/\"},\"wordCount\":870,\"publisher\":{\"@id\":\"https:\\\/\\\/www.meydan.tv\\\/az\\\/#organization\"},\"image\":{\"@id\":\"https:\\\/\\\/www.meydan.tv\\\/az\\\/article\\\/meydan-tv-niye-baglandi\\\/#primaryimage\"},\"thumbnailUrl\":\"https:\\\/\\\/www.meydan.tv\\\/wp-content\\\/uploads\\\/6145.jpg\",\"articleSection\":[\"M\u0259nim Fikrimc\u0259\"],\"inLanguage\":\"az\"},{\"@type\":\"WebPage\",\"@id\":\"https:\\\/\\\/www.meydan.tv\\\/az\\\/article\\\/meydan-tv-niye-baglandi\\\/\",\"url\":\"https:\\\/\\\/www.meydan.tv\\\/az\\\/article\\\/meydan-tv-niye-baglandi\\\/\",\"name\":\"Meydan TV niy\u0259 ba\u011fland\u0131? - MEYDAN.TV\",\"isPartOf\":{\"@id\":\"https:\\\/\\\/www.meydan.tv\\\/az\\\/#website\"},\"primaryImageOfPage\":{\"@id\":\"https:\\\/\\\/www.meydan.tv\\\/az\\\/article\\\/meydan-tv-niye-baglandi\\\/#primaryimage\"},\"image\":{\"@id\":\"https:\\\/\\\/www.meydan.tv\\\/az\\\/article\\\/meydan-tv-niye-baglandi\\\/#primaryimage\"},\"thumbnailUrl\":\"https:\\\/\\\/www.meydan.tv\\\/wp-content\\\/uploads\\\/6145.jpg\",\"datePublished\":\"2014-12-09T01:22:48+00:00\",\"breadcrumb\":{\"@id\":\"https:\\\/\\\/www.meydan.tv\\\/az\\\/article\\\/meydan-tv-niye-baglandi\\\/#breadcrumb\"},\"inLanguage\":\"az\",\"potentialAction\":[{\"@type\":\"ReadAction\",\"target\":[\"https:\\\/\\\/www.meydan.tv\\\/az\\\/article\\\/meydan-tv-niye-baglandi\\\/\"]}]},{\"@type\":\"ImageObject\",\"inLanguage\":\"az\",\"@id\":\"https:\\\/\\\/www.meydan.tv\\\/az\\\/article\\\/meydan-tv-niye-baglandi\\\/#primaryimage\",\"url\":\"https:\\\/\\\/www.meydan.tv\\\/wp-content\\\/uploads\\\/6145.jpg\",\"contentUrl\":\"https:\\\/\\\/www.meydan.tv\\\/wp-content\\\/uploads\\\/6145.jpg\",\"width\":746,\"height\":130,\"caption\":\"Source:\"},{\"@type\":\"BreadcrumbList\",\"@id\":\"https:\\\/\\\/www.meydan.tv\\\/az\\\/article\\\/meydan-tv-niye-baglandi\\\/#breadcrumb\",\"itemListElement\":[{\"@type\":\"ListItem\",\"position\":1,\"name\":\"Ana s\u0259hif\u0259\",\"item\":\"https:\\\/\\\/www.meydan.tv\\\/az\\\/\"},{\"@type\":\"ListItem\",\"position\":2,\"name\":\"M\u0259nim Fikrimc\u0259\",\"item\":\"https:\\\/\\\/www.meydan.tv\\\/az\\\/section\\\/menim-fikrimce\\\/\"},{\"@type\":\"ListItem\",\"position\":3,\"name\":\"Meydan TV niy\u0259 ba\u011fland\u0131?\"}]},{\"@type\":\"WebSite\",\"@id\":\"https:\\\/\\\/www.meydan.tv\\\/az\\\/#website\",\"url\":\"https:\\\/\\\/www.meydan.tv\\\/az\\\/\",\"name\":\"MEYDAN.TV\",\"description\":\"Meydan TV Az\u0259rbaycan\u0131n media m\u0259kan\u0131ndak\u0131 alternativ s\u0259sidir\",\"publisher\":{\"@id\":\"https:\\\/\\\/www.meydan.tv\\\/az\\\/#organization\"},\"potentialAction\":[{\"@type\":\"SearchAction\",\"target\":{\"@type\":\"EntryPoint\",\"urlTemplate\":\"https:\\\/\\\/www.meydan.tv\\\/az\\\/?s={search_term_string}\"},\"query-input\":{\"@type\":\"PropertyValueSpecification\",\"valueRequired\":true,\"valueName\":\"search_term_string\"}}],\"inLanguage\":\"az\"},{\"@type\":\"Organization\",\"@id\":\"https:\\\/\\\/www.meydan.tv\\\/az\\\/#organization\",\"name\":\"Meydan TV\",\"url\":\"https:\\\/\\\/www.meydan.tv\\\/az\\\/\",\"logo\":{\"@type\":\"ImageObject\",\"inLanguage\":\"az\",\"@id\":\"https:\\\/\\\/www.meydan.tv\\\/az\\\/#\\\/schema\\\/logo\\\/image\\\/\",\"url\":\"https:\\\/\\\/www.meydan.tv\\\/wp-content\\\/uploads\\\/2021\\\/07\\\/meydan-logo.svg\",\"contentUrl\":\"https:\\\/\\\/www.meydan.tv\\\/wp-content\\\/uploads\\\/2021\\\/07\\\/meydan-logo.svg\",\"width\":195,\"height\":46,\"caption\":\"Meydan TV\"},\"image\":{\"@id\":\"https:\\\/\\\/www.meydan.tv\\\/az\\\/#\\\/schema\\\/logo\\\/image\\\/\"}},{\"@type\":\"Person\",\"@id\":\"https:\\\/\\\/www.meydan.tv\\\/az\\\/#\\\/schema\\\/person\\\/10d11eccf6da3662cf5fdab9806ea91a\",\"name\":\"user-manager\"}]}<\/script>\n<!-- \/ Yoast SEO plugin. -->","yoast_head_json":{"title":"Meydan TV niy\u0259 ba\u011fland\u0131? - MEYDAN.TV","robots":{"index":"index","follow":"follow","max-snippet":"max-snippet:-1","max-image-preview":"max-image-preview:large","max-video-preview":"max-video-preview:-1"},"canonical":"https:\/\/www.meydan.tv\/az\/article\/meydan-tv-niye-baglandi\/","og_locale":"az_AZ","og_type":"article","og_title":"Meydan TV niy\u0259 ba\u011fland\u0131? - MEYDAN.TV","og_description":"Biz q\u0259hraman deyilik!","og_url":"https:\/\/www.meydan.tv\/az\/article\/meydan-tv-niye-baglandi\/","og_site_name":"MEYDAN.TV","article_published_time":"2014-12-09T01:22:48+00:00","og_image":[{"width":746,"height":130,"url":"https:\/\/www.meydan.tv\/wp-content\/uploads\/6145.jpg","type":"image\/jpeg"}],"author":"user-manager","twitter_card":"summary_large_image","schema":{"@context":"https:\/\/schema.org","@graph":[{"@type":"Article","@id":"https:\/\/www.meydan.tv\/az\/article\/meydan-tv-niye-baglandi\/#article","isPartOf":{"@id":"https:\/\/www.meydan.tv\/az\/article\/meydan-tv-niye-baglandi\/"},"author":{"name":"user-manager","@id":"https:\/\/www.meydan.tv\/az\/#\/schema\/person\/10d11eccf6da3662cf5fdab9806ea91a"},"headline":"Meydan TV niy\u0259 ba\u011fland\u0131?","datePublished":"2014-12-09T01:22:48+00:00","mainEntityOfPage":{"@id":"https:\/\/www.meydan.tv\/az\/article\/meydan-tv-niye-baglandi\/"},"wordCount":870,"publisher":{"@id":"https:\/\/www.meydan.tv\/az\/#organization"},"image":{"@id":"https:\/\/www.meydan.tv\/az\/article\/meydan-tv-niye-baglandi\/#primaryimage"},"thumbnailUrl":"https:\/\/www.meydan.tv\/wp-content\/uploads\/6145.jpg","articleSection":["M\u0259nim Fikrimc\u0259"],"inLanguage":"az"},{"@type":"WebPage","@id":"https:\/\/www.meydan.tv\/az\/article\/meydan-tv-niye-baglandi\/","url":"https:\/\/www.meydan.tv\/az\/article\/meydan-tv-niye-baglandi\/","name":"Meydan TV niy\u0259 ba\u011fland\u0131? - MEYDAN.TV","isPartOf":{"@id":"https:\/\/www.meydan.tv\/az\/#website"},"primaryImageOfPage":{"@id":"https:\/\/www.meydan.tv\/az\/article\/meydan-tv-niye-baglandi\/#primaryimage"},"image":{"@id":"https:\/\/www.meydan.tv\/az\/article\/meydan-tv-niye-baglandi\/#primaryimage"},"thumbnailUrl":"https:\/\/www.meydan.tv\/wp-content\/uploads\/6145.jpg","datePublished":"2014-12-09T01:22:48+00:00","breadcrumb":{"@id":"https:\/\/www.meydan.tv\/az\/article\/meydan-tv-niye-baglandi\/#breadcrumb"},"inLanguage":"az","potentialAction":[{"@type":"ReadAction","target":["https:\/\/www.meydan.tv\/az\/article\/meydan-tv-niye-baglandi\/"]}]},{"@type":"ImageObject","inLanguage":"az","@id":"https:\/\/www.meydan.tv\/az\/article\/meydan-tv-niye-baglandi\/#primaryimage","url":"https:\/\/www.meydan.tv\/wp-content\/uploads\/6145.jpg","contentUrl":"https:\/\/www.meydan.tv\/wp-content\/uploads\/6145.jpg","width":746,"height":130,"caption":"Source:"},{"@type":"BreadcrumbList","@id":"https:\/\/www.meydan.tv\/az\/article\/meydan-tv-niye-baglandi\/#breadcrumb","itemListElement":[{"@type":"ListItem","position":1,"name":"Ana s\u0259hif\u0259","item":"https:\/\/www.meydan.tv\/az\/"},{"@type":"ListItem","position":2,"name":"M\u0259nim Fikrimc\u0259","item":"https:\/\/www.meydan.tv\/az\/section\/menim-fikrimce\/"},{"@type":"ListItem","position":3,"name":"Meydan TV niy\u0259 ba\u011fland\u0131?"}]},{"@type":"WebSite","@id":"https:\/\/www.meydan.tv\/az\/#website","url":"https:\/\/www.meydan.tv\/az\/","name":"MEYDAN.TV","description":"Meydan TV Az\u0259rbaycan\u0131n media m\u0259kan\u0131ndak\u0131 alternativ s\u0259sidir","publisher":{"@id":"https:\/\/www.meydan.tv\/az\/#organization"},"potentialAction":[{"@type":"SearchAction","target":{"@type":"EntryPoint","urlTemplate":"https:\/\/www.meydan.tv\/az\/?s={search_term_string}"},"query-input":{"@type":"PropertyValueSpecification","valueRequired":true,"valueName":"search_term_string"}}],"inLanguage":"az"},{"@type":"Organization","@id":"https:\/\/www.meydan.tv\/az\/#organization","name":"Meydan TV","url":"https:\/\/www.meydan.tv\/az\/","logo":{"@type":"ImageObject","inLanguage":"az","@id":"https:\/\/www.meydan.tv\/az\/#\/schema\/logo\/image\/","url":"https:\/\/www.meydan.tv\/wp-content\/uploads\/2021\/07\/meydan-logo.svg","contentUrl":"https:\/\/www.meydan.tv\/wp-content\/uploads\/2021\/07\/meydan-logo.svg","width":195,"height":46,"caption":"Meydan TV"},"image":{"@id":"https:\/\/www.meydan.tv\/az\/#\/schema\/logo\/image\/"}},{"@type":"Person","@id":"https:\/\/www.meydan.tv\/az\/#\/schema\/person\/10d11eccf6da3662cf5fdab9806ea91a","name":"user-manager"}]}},"_links":{"self":[{"href":"https:\/\/www.meydan.tv\/az\/wp-json\/wp\/v2\/posts\/166114","targetHints":{"allow":["GET"]}}],"collection":[{"href":"https:\/\/www.meydan.tv\/az\/wp-json\/wp\/v2\/posts"}],"about":[{"href":"https:\/\/www.meydan.tv\/az\/wp-json\/wp\/v2\/types\/post"}],"author":[{"embeddable":true,"href":"https:\/\/www.meydan.tv\/az\/wp-json\/wp\/v2\/users\/11"}],"replies":[{"embeddable":true,"href":"https:\/\/www.meydan.tv\/az\/wp-json\/wp\/v2\/comments?post=166114"}],"version-history":[{"count":0,"href":"https:\/\/www.meydan.tv\/az\/wp-json\/wp\/v2\/posts\/166114\/revisions"}],"wp:featuredmedia":[{"embeddable":true,"href":"https:\/\/www.meydan.tv\/az\/wp-json\/wp\/v2\/media\/17212"}],"wp:attachment":[{"href":"https:\/\/www.meydan.tv\/az\/wp-json\/wp\/v2\/media?parent=166114"}],"wp:term":[{"taxonomy":"category","embeddable":true,"href":"https:\/\/www.meydan.tv\/az\/wp-json\/wp\/v2\/categories?post=166114"},{"taxonomy":"post_tag","embeddable":true,"href":"https:\/\/www.meydan.tv\/az\/wp-json\/wp\/v2\/tags?post=166114"}],"curies":[{"name":"wp","href":"https:\/\/api.w.org\/{rel}","templated":true}]}}