{"id":166087,"date":"2014-12-05T17:33:45","date_gmt":"2014-12-05T17:33:45","guid":{"rendered":"https:\/\/www.meydan.tv\/article\/hebsxanada-dusunduyum-erdogan\/"},"modified":"2014-12-05T17:33:45","modified_gmt":"2014-12-05T17:33:45","slug":"hebsxanada-dusunduyum-erdogan","status":"publish","type":"post","link":"https:\/\/www.meydan.tv\/az\/article\/hebsxanada-dusunduyum-erdogan\/","title":{"rendered":"H\u0259bsxanada d\u00fc\u015f\u00fcnd\u00fcy\u00fcm \u018frdo\u011fan"},"content":{"rendered":"<figure class=\"wp-block-image size-large\">\n  <img decoding=\"async\" src=\"https:\/\/www.meydan.tv\/az\/16924\/\" alt=\"\" class=\"wp-image-16924\"\/><figcaption><\/figcaption><\/figure>\n<figure class=\"wp-block-image size-large\">\n  <img decoding=\"async\" src=\"https:\/\/www.meydan.tv\/az\/16921\/\" alt=\"\" class=\"wp-image-16921\"\/><figcaption><\/figcaption><\/figure>\n<\/p>\n<p>\n  H\u0259bsd\u0259 maraql\u0131 x\u0259b\u0259rl\u0259r e\u015fidirik. B\u0259z\u0259n bu x\u0259b\u0259rl\u0259r biz\u0259 gec \u00e7at\u0131r. M\u0259s\u0259l\u0259n, d\u0259qiq n\u0259 vaxt, bilmir\u0259m, amma e\u015fitdim ki, T\u00fcrkiy\u0259 prezidenti R\u0259c\u0259b Tayyip \u018frdo\u011fan a\u00e7\u0131qlama verib ki, Amerikan\u0131 Xristofor Kolumb deyil, m\u00fcs\u0259lmanlar k\u0259\u015ff edib. \u018frdo\u011fan\u0131n dediyin\u0259 g\u00f6r\u0259, Kolumbdan 314 il \u0259vv\u0259l, \u00a0y\u0259ni 1178-ci ild\u0259 Amerika sahill\u0259rin\u0259 ilk d\u0259f\u0259 m\u00fcs\u0259lman d\u0259niz\u00e7il\u0259r g\u0259lib. X. Kolumbun memuarlar\u0131nda Kuba da\u011flar\u0131n\u0131n ba\u015f\u0131nda bir m\u0259scidin olmas\u0131 g\u00f6st\u0259rilib. Kolumbdan daha \u0259vv\u0259l Amerikada\u00a0 islam dini m\u00f6vcud olub v\u0259 geni\u015f yay\u0131l\u0131b. Bu a\u00e7\u0131qlama d\u00fcnyada geni\u015f s\u0259s-k\u00fcy do\u011furub.\n<\/p>\n<p>\n  H\u0259bsd\u0259 New-York Times, The Washington Post, The Guardian v\u0259 s. oxumaq imkan\u0131m\u0131z yoxdur. Biz h\u0259bsd\u0259 ancaq Yeni M\u00fcsavat oxuya bilirik. M\u0259n d\u0259 onun yalan\u00e7\u0131s\u0131yam. \u00a0Oxudu\u011fum q\u0259d\u0259ril\u0259, b\u00f6y\u00fck \u0259ks\u0259riyy\u0259t \u00a0\u018frdo\u011fan\u0131 yalan\u00e7\u0131 \u00e7\u0131xarma\u011fa t\u0259l\u0259sir. Bel\u0259 m\u0259lum olur ki, Amerikan\u0131n k\u0259\u015ffin\u0259 skandinaviyal\u0131lar, ispanlar, portuqalllar, irlandlar, h\u0259tta yaponlar da iddial\u0131d\u0131rlar. Bu bar\u0259d\u0259 geni\u015f ara\u015fd\u0131rmlaar, arxeoloji qaz\u0131nt\u0131lar apar\u0131lm\u0131\u015f, ciddi-ciddi aliml\u0259r cildl\u0259rl\u0259 kitablar yazm\u0131\u015flar.\n<\/p>\n<p>\n  Amerikan\u0131 ilk k\u0259\u015ff ed\u0259n xalq olma\u011f\u0131n n\u0259 m\u0259nas\u0131 var, bu, h\u0259min xalqa n\u0259 kimi \u00fcst\u00fcnl\u00fckl\u0259r g\u0259tirir, bilmir\u0259m. H\u0259bsd\u0259 is\u0259 bel\u0259 \u015feyl\u0259r he\u00e7 maraqland\u0131rm\u0131r. M\u0259n\u0259 g\u00f6r\u0259 \u00e7ox m\u0259nas\u0131z bir i\u015fdir. Amerikan\u0131 k\u0259\u015ff ed\u0259n X. Kolumbdur v\u0259 m\u0259hz bundan sonra Amerikan\u0131n avropal\u0131lar t\u0259r\u0259find\u0259n amans\u0131z istismar\u0131 ba\u015flanm\u0131\u015fd\u0131r.\n<\/p>\n<p>\n  Ancaq \u018frdo\u011fan\u0131n s\u00f6z\u00fcn\u00fc q\u0259rib\u00e7iliy\u0259 salmayaq. \u00c7\u00fcnki Amerikan\u0131n k\u0259\u015ffind\u0259 m\u00fcs\u0259lmanlar\u0131n, konkretl\u0259\u015fdirs\u0259k, Osmanl\u0131 \u0130mperiyas\u0131n\u0131n b\u00f6y\u00fck rolu var. 1453-c\u00fc ild\u0259 Sultan M\u0259h\u0259mm\u0259d t\u0259r\u0259find\u0259n Konstantinopol (\u0130stanbul) f\u0259th edildikd\u0259n sonra faktiki olaraq avropal\u0131lar\u0131n \u015e\u0259rq\u0259 yolu k\u0259sildi. \u00a0Avropal\u0131lar \u00f6zl\u0259rin\u0259 alternativ yollar axtarma\u011fa ba\u015flad\u0131lar v\u0259 bir s\u0259hv n\u0259tic\u0259sind\u0259 Amerika k\u0259\u015ff olundu. Bu hadis\u0259ni m\u00fcs\u0259lmanlar\u0131n f\u0259alk\u0259tl\u0259rinin ba\u015flan\u011f\u0131c\u0131 da hesab etm\u0259k olar. H\u0259min d\u00f6vrl\u0259rd\u0259 m\u00fcs\u0259lmanlar inki\u015faf s\u0259viyy\u0259sin\u0259 g\u00f6r\u0259, Avropadan xeyli ir\u0259lid\u0259 idil\u0259r. Osmanl\u0131 \u0130mperiyas\u0131 m\u0259lum olan d\u00fcnyan\u0131n bir xeyli hiss\u0259sin\u0259 n\u0259zar\u0259t edirdi v\u0259 bu \u0259razil\u0259r h\u0259min d\u00f6vr \u00fc\u00e7\u00fcn \u00e7ox \u0259lveri\u015fli idi. Ancaq Amerikan\u0131n, el\u0259c\u0259 d\u0259 Hindistan v\u0259 \u00c7in\u0259 d\u0259niz yolunun k\u0259\u015ff olunmas\u0131 Avropan\u0131n s\u00fcr\u0259tl\u0259 inki\u015faf etm\u0259sin\u0259 s\u0259b\u0259b oldu. Avropa yeni ucuz xammal, ucuz i\u015f\u00e7i q\u00fcvv\u0259si v\u0259 bazar \u0259ld\u0259 etdi.\n<\/p>\n<p>\n  D\u0259niz yollar\u0131n\u0131n k\u0259\u015ffi avropl\u0131lara \u0259n\u0259n\u0259vi yollardan imtina em\u0259y\u0259 imkan verdi. N\u0259tic\u0259d\u0259 Osmanl\u0131 \u0130mperiyas\u0131 b\u00fct\u00fcn bu inki\u015fafdan k\u0259narda qald\u0131. Osmanl\u0131 \u0130mperiyas\u0131n\u0131n h\u0259m d\u0259 m\u00fcs\u0259lmanlar\u0131n dini lideri olmas\u0131n\u0131 n\u0259z\u0259r\u0259 alsaq, bu h\u0259m d\u0259 m\u00fcs\u0259lman d\u00fcnyas\u0131n\u0131n inki\u015fafdan k\u0259narda qalmas\u0131 dem\u0259k idi. Pis-yax\u015f\u0131, Birinci D\u00fcnya M\u00fcharib\u0259sinin sonuna kimi ya\u015fayan Osmanl\u0131 \u0130mperiyas\u0131 da\u011f\u0131ld\u0131qdan sonra m\u00fcs\u0259lman d\u00fcnyas\u0131n\u0131n\u00a0 Avropa v\u0259 Amerika t\u0259r\u0259find\u0259n istismar\u0131 ba\u015fland\u0131. T\u00fcrkiy\u0259ni bu v\u0259ziyy\u0259td\u0259n \u201c\u00fcmm\u0259t d\u00f6vl\u0259t\u201d ideyas\u0131n\u0131 bir k\u0259nara at\u0131b, Avropa trendi \u201cmill\u0259t- d\u00f6vl\u0259t\u201d ideyas\u0131 il\u0259 C\u00fcmhuriyy\u0259t quran Atat\u00fcrk xilas etdi. Atat\u00fcrk inki\u015faf etmi\u015f Avropa v\u0259 Amerika il\u0259 bacarmayaca\u011f\u0131n\u0131 bilirdi v\u0259 ona g\u00f6r\u0259 minimalist siyas\u0259t y\u00fcr\u00fcd\u00fcrd\u00fc v\u0259 h\u0259tta Mosulu bel\u0259 ingilisl\u0259r\u0259 g\u00fcz\u0259\u015ft\u0259 getdi.\n<\/p>\n<p>\n  Ancaq \u018frdo\u011fan Atata\u00fcrk\u00fcn minimalist siyas\u0259ti \u0259v\u0259zin\u0259 maksimalist siyas\u0259t y\u00fcr\u00fctm\u0259y\u0259 ba\u015flay\u0131b v\u0259 yenid\u0259n \u201c\u00fcmm\u0259t d\u00f6vl\u0259t\u201d ideyas\u0131n\u0131 yay\u0131r. T\u00fcrkiy\u0259d\u0259 Osmanl\u0131ya do\u011fru bir qay\u0131d\u0131\u015f havas\u0131 \u0259sdirilir.\u00a0 \u018frdo\u011fan \u00f6z\u00fcn\u00fc m\u00fcs\u0259lmanlar\u0131n lideri kimi apar\u0131r. Misird\u0259, Suriyada, \u0130raqda, F\u0259l\u0259stind\u0259 olanlara m\u00fcdaxil\u0259 edir, \u00f6z\u00fcn\u00fc Sultan M\u0259h\u0259mm\u0259din, Sultan S\u00fcleyman\u0131n davam\u00e7\u0131s\u0131 kimi g\u00f6r\u00fcr.\n<\/p>\n<p>\n  D\u00fczd\u00fcr, t\u00fcrkl\u0259r h\u0259mi\u015f\u0259 m\u00fcs\u0259lman d\u00fcnyas\u0131n\u0131n avanqard\u0131 olublar. Ancaq d\u00f6vr \u00e7ox d\u0259yi\u015fib, d\u00fcnya h\u0259min d\u00fcnya deyil, g\u00fcc m\u0259rk\u0259zl\u0259ri f\u0259rqlidir. \u0130qtisadi g\u00fcc indi daha \u00f6n\u0259mlidir. M\u00fcs\u0259lman d\u00fcnyas\u0131n\u0131n \u00f6z\u00fcnd\u0259 d\u0259 neft pullar\u0131nda varlanm\u0131\u015f yeni oyun\u00e7ular var. (S\u0259udiyy\u0259 \u018fr\u0259bistan\u0131, Q\u0259t\u0259r v\u0259 s.) T\u00fcrkiy\u0259 iqtisadiyyat\u0131 is\u0259 xarici s\u0259rmayenin \u0259lind\u0259dir. \u00d6z\u00fcn\u00fc\u00a0 Sultan M\u0259h\u0259mm\u0259din davam\u00e7\u0131s\u0131 hesab ed\u0259n \u018frdo\u011fan is\u0259 olsa-olsa Avropa il\u0259 biab\u0131r\u00e7\u0131 m\u00fcqavil\u0259l\u0259r imzalayan XIX \u0259sr Oosmanl\u0131 sultanlar\u0131n\u0131n davam\u00e7\u0131s\u0131 ola bil\u0259r.\u018fn \u00e7ox is\u0259 \u201cG\u0259nc \u00a0t\u00fcrkl\u0259r\u201din lideri \u018fnv\u0259r Pa\u015faya b\u0259nz\u0259yir.\u00a0 Onun sonu Orta Asiya s\u0259hralar\u0131nda g\u0259ldi.\n<\/p>\n<p>\n  T\u0259ki \u018frdo\u011fan\u0131n sonu bel\u0259 olmas\u0131n.\n<\/p>\n<p>\n  N\u0259tic\u0259si T\u00fcrkiy\u0259 \u00fc\u00e7\u00fcn ac\u0131nacaql\u0131 olar.<\/p>\n","protected":false},"excerpt":{"rendered":"<p>\u201cM\u0259hb\u0259sd\u0259n m\u0259ktublar\u201d silsil\u0259sind\u0259n<\/p>\n","protected":false},"author":11,"featured_media":16924,"comment_status":"closed","ping_status":"open","sticky":false,"template":"","format":"standard","meta":{"_acf_changed":false,"_sitemap_exclude":false,"_sitemap_priority":"","_sitemap_frequency":"","footnotes":""},"categories":[57],"tags":[],"class_list":["post-166087","post","type-post","status-publish","format-standard","has-post-thumbnail","hentry","category-menim-fikrimce","infinite-scroll-item","generate-columns","tablet-grid-50","mobile-grid-100","grid-parent","grid-33","no-featured-image-padding"],"acf":[],"yoast_head":"<!-- This site is optimized with the Yoast SEO plugin v27.4 - https:\/\/yoast.com\/product\/yoast-seo-wordpress\/ -->\n<title>H\u0259bsxanada d\u00fc\u015f\u00fcnd\u00fcy\u00fcm \u018frdo\u011fan - MEYDAN.TV<\/title>\n<meta name=\"robots\" content=\"index, follow, max-snippet:-1, max-image-preview:large, max-video-preview:-1\" \/>\n<link rel=\"canonical\" href=\"https:\/\/www.meydan.tv\/az\/article\/hebsxanada-dusunduyum-erdogan\/\" \/>\n<meta property=\"og:locale\" content=\"az_AZ\" \/>\n<meta property=\"og:type\" content=\"article\" \/>\n<meta property=\"og:title\" content=\"H\u0259bsxanada d\u00fc\u015f\u00fcnd\u00fcy\u00fcm \u018frdo\u011fan - MEYDAN.TV\" \/>\n<meta property=\"og:description\" content=\"\u201cM\u0259hb\u0259sd\u0259n m\u0259ktublar\u201d silsil\u0259sind\u0259n\" \/>\n<meta property=\"og:url\" content=\"https:\/\/www.meydan.tv\/az\/article\/hebsxanada-dusunduyum-erdogan\/\" \/>\n<meta property=\"og:site_name\" content=\"MEYDAN.TV\" \/>\n<meta property=\"article:published_time\" content=\"2014-12-05T17:33:45+00:00\" \/>\n<meta property=\"og:image\" content=\"https:\/\/www.meydan.tv\/wp-content\/uploads\/6063.jpg\" \/>\n\t<meta property=\"og:image:width\" content=\"500\" \/>\n\t<meta property=\"og:image:height\" content=\"500\" \/>\n\t<meta property=\"og:image:type\" content=\"image\/jpeg\" \/>\n<meta name=\"author\" content=\"user-manager\" \/>\n<meta name=\"twitter:card\" content=\"summary_large_image\" \/>\n<script type=\"application\/ld+json\" class=\"yoast-schema-graph\">{\"@context\":\"https:\\\/\\\/schema.org\",\"@graph\":[{\"@type\":\"Article\",\"@id\":\"https:\\\/\\\/www.meydan.tv\\\/az\\\/article\\\/hebsxanada-dusunduyum-erdogan\\\/#article\",\"isPartOf\":{\"@id\":\"https:\\\/\\\/www.meydan.tv\\\/az\\\/article\\\/hebsxanada-dusunduyum-erdogan\\\/\"},\"author\":{\"name\":\"user-manager\",\"@id\":\"https:\\\/\\\/www.meydan.tv\\\/az\\\/#\\\/schema\\\/person\\\/10d11eccf6da3662cf5fdab9806ea91a\"},\"headline\":\"H\u0259bsxanada d\u00fc\u015f\u00fcnd\u00fcy\u00fcm \u018frdo\u011fan\",\"datePublished\":\"2014-12-05T17:33:45+00:00\",\"mainEntityOfPage\":{\"@id\":\"https:\\\/\\\/www.meydan.tv\\\/az\\\/article\\\/hebsxanada-dusunduyum-erdogan\\\/\"},\"wordCount\":920,\"publisher\":{\"@id\":\"https:\\\/\\\/www.meydan.tv\\\/az\\\/#organization\"},\"image\":{\"@id\":\"https:\\\/\\\/www.meydan.tv\\\/az\\\/article\\\/hebsxanada-dusunduyum-erdogan\\\/#primaryimage\"},\"thumbnailUrl\":\"https:\\\/\\\/www.meydan.tv\\\/wp-content\\\/uploads\\\/6063.jpg\",\"articleSection\":[\"M\u0259nim Fikrimc\u0259\"],\"inLanguage\":\"az\"},{\"@type\":\"WebPage\",\"@id\":\"https:\\\/\\\/www.meydan.tv\\\/az\\\/article\\\/hebsxanada-dusunduyum-erdogan\\\/\",\"url\":\"https:\\\/\\\/www.meydan.tv\\\/az\\\/article\\\/hebsxanada-dusunduyum-erdogan\\\/\",\"name\":\"H\u0259bsxanada d\u00fc\u015f\u00fcnd\u00fcy\u00fcm \u018frdo\u011fan - MEYDAN.TV\",\"isPartOf\":{\"@id\":\"https:\\\/\\\/www.meydan.tv\\\/az\\\/#website\"},\"primaryImageOfPage\":{\"@id\":\"https:\\\/\\\/www.meydan.tv\\\/az\\\/article\\\/hebsxanada-dusunduyum-erdogan\\\/#primaryimage\"},\"image\":{\"@id\":\"https:\\\/\\\/www.meydan.tv\\\/az\\\/article\\\/hebsxanada-dusunduyum-erdogan\\\/#primaryimage\"},\"thumbnailUrl\":\"https:\\\/\\\/www.meydan.tv\\\/wp-content\\\/uploads\\\/6063.jpg\",\"datePublished\":\"2014-12-05T17:33:45+00:00\",\"breadcrumb\":{\"@id\":\"https:\\\/\\\/www.meydan.tv\\\/az\\\/article\\\/hebsxanada-dusunduyum-erdogan\\\/#breadcrumb\"},\"inLanguage\":\"az\",\"potentialAction\":[{\"@type\":\"ReadAction\",\"target\":[\"https:\\\/\\\/www.meydan.tv\\\/az\\\/article\\\/hebsxanada-dusunduyum-erdogan\\\/\"]}]},{\"@type\":\"ImageObject\",\"inLanguage\":\"az\",\"@id\":\"https:\\\/\\\/www.meydan.tv\\\/az\\\/article\\\/hebsxanada-dusunduyum-erdogan\\\/#primaryimage\",\"url\":\"https:\\\/\\\/www.meydan.tv\\\/wp-content\\\/uploads\\\/6063.jpg\",\"contentUrl\":\"https:\\\/\\\/www.meydan.tv\\\/wp-content\\\/uploads\\\/6063.jpg\",\"width\":500,\"height\":500,\"caption\":\"Source:\"},{\"@type\":\"BreadcrumbList\",\"@id\":\"https:\\\/\\\/www.meydan.tv\\\/az\\\/article\\\/hebsxanada-dusunduyum-erdogan\\\/#breadcrumb\",\"itemListElement\":[{\"@type\":\"ListItem\",\"position\":1,\"name\":\"Ana s\u0259hif\u0259\",\"item\":\"https:\\\/\\\/www.meydan.tv\\\/az\\\/\"},{\"@type\":\"ListItem\",\"position\":2,\"name\":\"M\u0259nim Fikrimc\u0259\",\"item\":\"https:\\\/\\\/www.meydan.tv\\\/az\\\/section\\\/menim-fikrimce\\\/\"},{\"@type\":\"ListItem\",\"position\":3,\"name\":\"H\u0259bsxanada d\u00fc\u015f\u00fcnd\u00fcy\u00fcm \u018frdo\u011fan\"}]},{\"@type\":\"WebSite\",\"@id\":\"https:\\\/\\\/www.meydan.tv\\\/az\\\/#website\",\"url\":\"https:\\\/\\\/www.meydan.tv\\\/az\\\/\",\"name\":\"MEYDAN.TV\",\"description\":\"Meydan TV Az\u0259rbaycan\u0131n media m\u0259kan\u0131ndak\u0131 alternativ s\u0259sidir\",\"publisher\":{\"@id\":\"https:\\\/\\\/www.meydan.tv\\\/az\\\/#organization\"},\"potentialAction\":[{\"@type\":\"SearchAction\",\"target\":{\"@type\":\"EntryPoint\",\"urlTemplate\":\"https:\\\/\\\/www.meydan.tv\\\/az\\\/?s={search_term_string}\"},\"query-input\":{\"@type\":\"PropertyValueSpecification\",\"valueRequired\":true,\"valueName\":\"search_term_string\"}}],\"inLanguage\":\"az\"},{\"@type\":\"Organization\",\"@id\":\"https:\\\/\\\/www.meydan.tv\\\/az\\\/#organization\",\"name\":\"Meydan TV\",\"url\":\"https:\\\/\\\/www.meydan.tv\\\/az\\\/\",\"logo\":{\"@type\":\"ImageObject\",\"inLanguage\":\"az\",\"@id\":\"https:\\\/\\\/www.meydan.tv\\\/az\\\/#\\\/schema\\\/logo\\\/image\\\/\",\"url\":\"https:\\\/\\\/www.meydan.tv\\\/wp-content\\\/uploads\\\/2021\\\/07\\\/meydan-logo.svg\",\"contentUrl\":\"https:\\\/\\\/www.meydan.tv\\\/wp-content\\\/uploads\\\/2021\\\/07\\\/meydan-logo.svg\",\"width\":195,\"height\":46,\"caption\":\"Meydan TV\"},\"image\":{\"@id\":\"https:\\\/\\\/www.meydan.tv\\\/az\\\/#\\\/schema\\\/logo\\\/image\\\/\"}},{\"@type\":\"Person\",\"@id\":\"https:\\\/\\\/www.meydan.tv\\\/az\\\/#\\\/schema\\\/person\\\/10d11eccf6da3662cf5fdab9806ea91a\",\"name\":\"user-manager\"}]}<\/script>\n<!-- \/ Yoast SEO plugin. -->","yoast_head_json":{"title":"H\u0259bsxanada d\u00fc\u015f\u00fcnd\u00fcy\u00fcm \u018frdo\u011fan - MEYDAN.TV","robots":{"index":"index","follow":"follow","max-snippet":"max-snippet:-1","max-image-preview":"max-image-preview:large","max-video-preview":"max-video-preview:-1"},"canonical":"https:\/\/www.meydan.tv\/az\/article\/hebsxanada-dusunduyum-erdogan\/","og_locale":"az_AZ","og_type":"article","og_title":"H\u0259bsxanada d\u00fc\u015f\u00fcnd\u00fcy\u00fcm \u018frdo\u011fan - MEYDAN.TV","og_description":"\u201cM\u0259hb\u0259sd\u0259n m\u0259ktublar\u201d silsil\u0259sind\u0259n","og_url":"https:\/\/www.meydan.tv\/az\/article\/hebsxanada-dusunduyum-erdogan\/","og_site_name":"MEYDAN.TV","article_published_time":"2014-12-05T17:33:45+00:00","og_image":[{"width":500,"height":500,"url":"https:\/\/www.meydan.tv\/wp-content\/uploads\/6063.jpg","type":"image\/jpeg"}],"author":"user-manager","twitter_card":"summary_large_image","schema":{"@context":"https:\/\/schema.org","@graph":[{"@type":"Article","@id":"https:\/\/www.meydan.tv\/az\/article\/hebsxanada-dusunduyum-erdogan\/#article","isPartOf":{"@id":"https:\/\/www.meydan.tv\/az\/article\/hebsxanada-dusunduyum-erdogan\/"},"author":{"name":"user-manager","@id":"https:\/\/www.meydan.tv\/az\/#\/schema\/person\/10d11eccf6da3662cf5fdab9806ea91a"},"headline":"H\u0259bsxanada d\u00fc\u015f\u00fcnd\u00fcy\u00fcm \u018frdo\u011fan","datePublished":"2014-12-05T17:33:45+00:00","mainEntityOfPage":{"@id":"https:\/\/www.meydan.tv\/az\/article\/hebsxanada-dusunduyum-erdogan\/"},"wordCount":920,"publisher":{"@id":"https:\/\/www.meydan.tv\/az\/#organization"},"image":{"@id":"https:\/\/www.meydan.tv\/az\/article\/hebsxanada-dusunduyum-erdogan\/#primaryimage"},"thumbnailUrl":"https:\/\/www.meydan.tv\/wp-content\/uploads\/6063.jpg","articleSection":["M\u0259nim Fikrimc\u0259"],"inLanguage":"az"},{"@type":"WebPage","@id":"https:\/\/www.meydan.tv\/az\/article\/hebsxanada-dusunduyum-erdogan\/","url":"https:\/\/www.meydan.tv\/az\/article\/hebsxanada-dusunduyum-erdogan\/","name":"H\u0259bsxanada d\u00fc\u015f\u00fcnd\u00fcy\u00fcm \u018frdo\u011fan - MEYDAN.TV","isPartOf":{"@id":"https:\/\/www.meydan.tv\/az\/#website"},"primaryImageOfPage":{"@id":"https:\/\/www.meydan.tv\/az\/article\/hebsxanada-dusunduyum-erdogan\/#primaryimage"},"image":{"@id":"https:\/\/www.meydan.tv\/az\/article\/hebsxanada-dusunduyum-erdogan\/#primaryimage"},"thumbnailUrl":"https:\/\/www.meydan.tv\/wp-content\/uploads\/6063.jpg","datePublished":"2014-12-05T17:33:45+00:00","breadcrumb":{"@id":"https:\/\/www.meydan.tv\/az\/article\/hebsxanada-dusunduyum-erdogan\/#breadcrumb"},"inLanguage":"az","potentialAction":[{"@type":"ReadAction","target":["https:\/\/www.meydan.tv\/az\/article\/hebsxanada-dusunduyum-erdogan\/"]}]},{"@type":"ImageObject","inLanguage":"az","@id":"https:\/\/www.meydan.tv\/az\/article\/hebsxanada-dusunduyum-erdogan\/#primaryimage","url":"https:\/\/www.meydan.tv\/wp-content\/uploads\/6063.jpg","contentUrl":"https:\/\/www.meydan.tv\/wp-content\/uploads\/6063.jpg","width":500,"height":500,"caption":"Source:"},{"@type":"BreadcrumbList","@id":"https:\/\/www.meydan.tv\/az\/article\/hebsxanada-dusunduyum-erdogan\/#breadcrumb","itemListElement":[{"@type":"ListItem","position":1,"name":"Ana s\u0259hif\u0259","item":"https:\/\/www.meydan.tv\/az\/"},{"@type":"ListItem","position":2,"name":"M\u0259nim Fikrimc\u0259","item":"https:\/\/www.meydan.tv\/az\/section\/menim-fikrimce\/"},{"@type":"ListItem","position":3,"name":"H\u0259bsxanada d\u00fc\u015f\u00fcnd\u00fcy\u00fcm \u018frdo\u011fan"}]},{"@type":"WebSite","@id":"https:\/\/www.meydan.tv\/az\/#website","url":"https:\/\/www.meydan.tv\/az\/","name":"MEYDAN.TV","description":"Meydan TV Az\u0259rbaycan\u0131n media m\u0259kan\u0131ndak\u0131 alternativ s\u0259sidir","publisher":{"@id":"https:\/\/www.meydan.tv\/az\/#organization"},"potentialAction":[{"@type":"SearchAction","target":{"@type":"EntryPoint","urlTemplate":"https:\/\/www.meydan.tv\/az\/?s={search_term_string}"},"query-input":{"@type":"PropertyValueSpecification","valueRequired":true,"valueName":"search_term_string"}}],"inLanguage":"az"},{"@type":"Organization","@id":"https:\/\/www.meydan.tv\/az\/#organization","name":"Meydan TV","url":"https:\/\/www.meydan.tv\/az\/","logo":{"@type":"ImageObject","inLanguage":"az","@id":"https:\/\/www.meydan.tv\/az\/#\/schema\/logo\/image\/","url":"https:\/\/www.meydan.tv\/wp-content\/uploads\/2021\/07\/meydan-logo.svg","contentUrl":"https:\/\/www.meydan.tv\/wp-content\/uploads\/2021\/07\/meydan-logo.svg","width":195,"height":46,"caption":"Meydan TV"},"image":{"@id":"https:\/\/www.meydan.tv\/az\/#\/schema\/logo\/image\/"}},{"@type":"Person","@id":"https:\/\/www.meydan.tv\/az\/#\/schema\/person\/10d11eccf6da3662cf5fdab9806ea91a","name":"user-manager"}]}},"_links":{"self":[{"href":"https:\/\/www.meydan.tv\/az\/wp-json\/wp\/v2\/posts\/166087","targetHints":{"allow":["GET"]}}],"collection":[{"href":"https:\/\/www.meydan.tv\/az\/wp-json\/wp\/v2\/posts"}],"about":[{"href":"https:\/\/www.meydan.tv\/az\/wp-json\/wp\/v2\/types\/post"}],"author":[{"embeddable":true,"href":"https:\/\/www.meydan.tv\/az\/wp-json\/wp\/v2\/users\/11"}],"replies":[{"embeddable":true,"href":"https:\/\/www.meydan.tv\/az\/wp-json\/wp\/v2\/comments?post=166087"}],"version-history":[{"count":0,"href":"https:\/\/www.meydan.tv\/az\/wp-json\/wp\/v2\/posts\/166087\/revisions"}],"wp:featuredmedia":[{"embeddable":true,"href":"https:\/\/www.meydan.tv\/az\/wp-json\/wp\/v2\/media\/16924"}],"wp:attachment":[{"href":"https:\/\/www.meydan.tv\/az\/wp-json\/wp\/v2\/media?parent=166087"}],"wp:term":[{"taxonomy":"category","embeddable":true,"href":"https:\/\/www.meydan.tv\/az\/wp-json\/wp\/v2\/categories?post=166087"},{"taxonomy":"post_tag","embeddable":true,"href":"https:\/\/www.meydan.tv\/az\/wp-json\/wp\/v2\/tags?post=166087"}],"curies":[{"name":"wp","href":"https:\/\/api.w.org\/{rel}","templated":true}]}}