{"id":166040,"date":"2014-12-01T10:40:54","date_gmt":"2014-12-01T10:40:54","guid":{"rendered":"https:\/\/www.meydan.tv\/article\/zakir-hesenovun-dovrunde-orduda-ne-deyisdi-muqayiseli-cedvel\/"},"modified":"2014-12-01T10:40:54","modified_gmt":"2014-12-01T10:40:54","slug":"zakir-hesenovun-dovrunde-orduda-ne-deyisdi-muqayiseli-cedvel","status":"publish","type":"post","link":"https:\/\/www.meydan.tv\/az\/article\/zakir-hesenovun-dovrunde-orduda-ne-deyisdi-muqayiseli-cedvel\/","title":{"rendered":"Zakir H\u0259s\u0259novun d\u00f6vr\u00fcnd\u0259 orduda n\u0259 d\u0259yi\u015fdi? &#8211; M\u00dcQAY\u0130S\u018fL\u0130 C\u018fDV\u018fL"},"content":{"rendered":"<figure class=\"wp-block-image size-large\">\n  <img decoding=\"async\" src=\"https:\/\/www.meydan.tv\/az\/16834\/\" alt=\"\" class=\"wp-image-16834\"\/><figcaption><\/figcaption><\/figure>\n<figure class=\"wp-block-image size-large\">\n  <img decoding=\"async\" src=\"https:\/\/www.meydan.tv\/az\/16837\/\" alt=\"\" class=\"wp-image-16837\"\/><figcaption><\/figcaption><\/figure>\n<p>\n  Dem\u0259li bel\u0259. Bir il bundan \u0259vv\u0259l biz Az\u0259rbaycan Silahl\u0131 Q\u00fcvv\u0259l\u0259rind\u0259 ciddi probleml\u0259rin olmas\u0131 bar\u0259d\u0259 fikirl\u0259rimizi b\u0259yan edirdik. Daxili Qo\u015funlar komandan\u0131 Zakir H\u0259s\u0259nov m\u00fcdafi\u0259 naziri t\u0259yin oldunduqdan sonra is\u0259 bir \u00e7oxlar\u0131 ordudak\u0131 probleml\u0259rin h\u0259ll olunaca\u011f\u0131n\u0131 d\u00fc\u015f\u00fcn\u00fcrd\u00fc. Yeni nazir\u0259 \u00fcnvanlanm\u0131\u015f \u0259sas suallar bel\u0259 idi: \u0259sg\u0259r \u00f6lml\u0259rinin qar\u015f\u0131s\u0131 al\u0131nacaqm\u0131? Orduda korrupsiyaya v\u0259 r\u00fc\u015fv\u0259txorlu\u011fa son qoyulacaqm\u0131? Az\u0259rbaycan Ordusu NATO standartlar\u0131na ke\u00e7\u0259c\u0259kmi? C\u0259miyy\u0259tl\u0259 \u0259laq\u0259l\u0259r qurulacaqm\u0131? Bir m\u00fcdd\u0259td\u0259n sonra M\u00fcdafi\u0259 Nazirliyinin b\u00fct\u00fcn bu v\u0259 dig\u0259r suallara cavablar\u0131 ham\u0131ya b\u0259lli oldu. Bel\u0259likl\u0259, Z.H\u0259s\u0259novun m\u00fcdafi\u0259 naziri t\u0259yin olunmas\u0131ndan bu yana t\u0259xmin\u0259n 1 il 1 ay ke\u00e7\u0259nd\u0259n sonra m\u00fcqayis\u0259li v\u0259ziyy\u0259t bel\u0259dir:\n<\/p>\n<table>\n<tbody>\n<tr>\n<td>\n<p>\n            <b><br \/>\n              S\u0259f\u0259r \u018fbiyev d\u00f6vr\u00fcnd\u0259<br \/>\n            <\/b>\n          <\/p>\n<\/td>\n<td>\n<p>\n            <b><br \/>\n              Zakir H\u0259s\u0259nov d\u00f6vr\u00fcnd\u0259<br \/>\n            <\/b>\n          <\/p>\n<\/td>\n<\/tr>\n<tr>\n<td>\n<p>\n            Orduda m\u0259n\u0259vi-psixoloji durumun k\u0259skinl\u0259\u015fm\u0259si v\u0259 n\u0259tic\u0259d\u0259 orduda qeyri-d\u00f6y\u00fc\u015f itkil\u0259rinin artmas\u0131\n          <\/p>\n<\/td>\n<td>\n<p>\n            2014-c\u00fc ild\u0259 m\u0259tbuatda v\u0259 sosial \u015f\u0259b\u0259k\u0259l\u0259rd\u0259 yay\u0131lm\u0131\u015f m\u0259lumatlara g\u00f6r\u0259, qeyri-d\u00f6y\u00fc\u015f itkil\u0259rinin say\u0131nda azalma m\u00fc\u015fahid\u0259 olunmay\u0131b, \u0259slind\u0259 b\u0259zi g\u00f6st\u0259ricil\u0259r (intiharlar, qeyri-nizamnam\u0259 hallar\u0131) \u00fczr\u0259 qeyri-d\u00f6y\u00fc\u015f itkil\u0259ri art\u0131b\n          <\/p>\n<\/td>\n<\/tr>\n<tr>\n<td>\n<p>\n            H\u0259rbi qulluq\u00e7ular\u0131n sosial t\u0259minat\u0131n\u0131n a\u015fa\u011f\u0131 olmas\u0131 v\u0259 bunun n\u0259tic\u0259sind\u0259 zabitl\u0259rin v\u0259 gizirl\u0259rin m\u0259vacibl\u0259rinin azl\u0131\u011f\u0131\n          <\/p>\n<\/td>\n<td>\n<p>\n            Zakir H\u0259s\u0259novun nazirliyi d\u00f6vr\u00fcnd\u0259 h\u0259rbi qulluq\u00e7ular\u0131n m\u0259vacibl\u0259ri art\u0131r\u0131lmay\u0131b. Son bir ild\u0259 h\u0259rbi qulluq\u00e7ular\u0131n sosial t\u0259minat\u0131n\u0131n y\u00fcks\u0259ldilm\u0259si istiqam\u0259tind\u0259 h\u0259r hans\u0131 effektiv add\u0131mlar at\u0131lmay\u0131b.\n          <\/p>\n<\/td>\n<\/tr>\n<tr>\n<td>\n<p>\n            Silahl\u0131 Q\u00fcvv\u0259l\u0259rd\u0259 r\u00fc\u015fv\u0259t v\u0259 korrupsiyaya dair \u00e7oxsayl\u0131 \u015f\u00fcbh\u0259l\u0259r, c\u0259miyy\u0259t qar\u015f\u0131s\u0131nda hesabatl\u0131l\u0131\u011f\u0131n v\u0259 \u015f\u0259ffafl\u0131\u011f\u0131n olmamas\u0131\n          <\/p>\n<\/td>\n<td>\n<p>\n            Orduda r\u00fc\u015fv\u0259t v\u0259 korrupsiyaya dair \u015f\u00fcbh\u0259l\u0259r davam edir. Zakir H\u0259s\u0259nov K\u0130V-\u0259 a\u00e7\u0131qlamas\u0131nda korrupsiyaya qar\u015f\u0131 m\u00fcbariz\u0259 apar\u0131laca\u011f\u0131n\u0131 b\u0259yan ets\u0259 d\u0259, bu istiqam\u0259td\u0259 nazirliyin h\u0259r hans\u0131 f\u0259aliyy\u0259t s\u0259n\u0259di ictimaiyy\u0259t\u0259 b\u0259lli deyil. C\u0259miyy\u0259t qar\u015f\u0131s\u0131nda hesabatl\u0131l\u0131q v\u0259 \u00fcmumiyy\u0259tl\u0259, \u015f\u0259ffafl\u0131qdan s\u00f6hb\u0259t ged\u0259 bilm\u0259z. Prezident \u0130lham \u018fliyevin imzalad\u0131\u011f\u0131 son q\u0259rarla ordunun daha da qapal\u0131 olmas\u0131 r\u0259smil\u0259\u015fdirilib\n          <\/p>\n<\/td>\n<\/tr>\n<tr>\n<td>\n<p>\n            T\u0259hl\u00fck\u0259sizlik v\u0259 M\u00fcdafi\u0259 sektorunda insan haqlar\u0131n\u0131n qorunmas\u0131na dair qanunvericilik bazas\u0131n\u0131n t\u0259kmill\u0259\u015fdirilm\u0259m\u0259si\n          <\/p>\n<\/td>\n<td>\n<p>\n            Son bir il \u0259rzind\u0259 T\u0259hl\u00fck\u0259sizlik v\u0259 M\u00fcdafi\u0259 sektorunda qanunvericiliyin t\u0259kmill\u0259\u015fdirilm\u0259si istiqam\u0259tind\u0259 h\u0259r hans\u0131 ciddi d\u0259yi\u015fiklik h\u0259yata ke\u00e7irilm\u0259yib. \u0130nsan haqlar\u0131n\u0131n qorunmas\u0131n\u0131n g\u00fccl\u0259ndirilm\u0259sin\u0259 d\u0259lal\u0259t ed\u0259n m\u0259qamlar ortada yoxdur\n          <\/p>\n<\/td>\n<\/tr>\n<tr>\n<td>\n<p>\n            Orduya ictimai n\u0259zar\u0259tin h\u0259yata ke\u00e7irilm\u0259sin\u0259 v\u0259 mediaya a\u00e7\u0131ql\u0131\u011fa meylin olmamas\u0131\n          <\/p>\n<\/td>\n<td>\n<p>\n            Bu istiqam\u0259td\u0259 h\u0259r hans\u0131 proses yoxdur. Son durum onu g\u00f6st\u0259rir ki, M\u00fcdafi\u0259 Nazirliyi tamamil\u0259 orduya ictimai n\u0259zar\u0259t ideyas\u0131na v\u0259 mediaya a\u00e7\u0131ql\u0131\u011fa qar\u015f\u0131d\u0131r. Son prosesl\u0259r g\u00f6st\u0259rir ki, faktiki olaraq t\u0259k-t\u00fck m\u00fcst\u0259qil media M\u00fcdafi\u0259 Nazirliyind\u0259n as\u0131l\u0131 v\u0259ziyy\u0259t\u0259 sal\u0131n\u0131r.\n          <\/p>\n<\/td>\n<\/tr>\n<tr>\n<td>\n<p>\n            Ordudak\u0131 \u00f6l\u00fcml\u0259r\u0259 g\u00f6r\u0259 c\u0259zaland\u0131rma mexanizminin m\u00f6vcud olmamas\u0131 v\u0259 bu istiqam\u0259td\u0259 ictimaiyy\u0259t\u0259 m\u0259lumatlar\u0131n verilm\u0259m\u0259si\n          <\/p>\n<\/td>\n<td>\n<p>\n            Proses \u00fcmumiyy\u0259tl\u0259, qapal\u0131d\u0131r. Ba\u015f ver\u0259n \u00f6l\u00fcml\u0259r\u0259 g\u00f6r\u0259 kiml\u0259rins\u0259 c\u0259zaland\u0131r\u0131ld\u0131\u011f\u0131 ictimaiyy\u0259t\u0259 b\u0259lli deyil.\n          <\/p>\n<\/td>\n<\/tr>\n<tr>\n<td>\n<p>\n            H\u0259rbi qulluq\u00e7ular\u0131n (xidm\u0259td\u0259 v\u0259 ehtiyatda olanlar) m\u0259nzil problemi\n          <\/p>\n<\/td>\n<td>\n<p>\n            Bu istiqam\u0259td\u0259 h\u0259r hans\u0131 diqq\u0259t\u00e7\u0259k\u0259n ir\u0259lil\u0259yi\u015f m\u00fc\u015fahid\u0259 olunmur. H\u0259rbi ekspertl\u0259rin m\u0259lumatlar\u0131na g\u00f6r\u0259, minl\u0259rl\u0259 h\u0259rbi qulluq\u00e7u (xidm\u0259td\u0259 v\u0259 ehtiyatda olanlar) evsiz durumdad\u0131rlar\n          <\/p>\n<\/td>\n<\/tr>\n<tr>\n<td>\n<p>\n            M\u00fcdafi\u0259 Nazirliyinin h\u0259rbi qulluq\u00e7ulara v\u0259 ehtiyatda olanlara olan borclar\u0131n\u0131n \u00f6d\u0259nilm\u0259m\u0259si\n          <\/p>\n<\/p>\n<\/td>\n<td>\n<p>\n            Bu istiqam\u0259td\u0259 durum dem\u0259k olar ki d\u0259yi\u015fm\u0259yib. \u0130stifad\u0259 olunmam\u0131\u015f \u0259\u015fya v\u0259 \u0259mlak borclar\u0131n\u0131n \u00f6d\u0259nilm\u0259si istiqam\u0259tind\u0259 bir s\u0131ra add\u0131mlar at\u0131lsa da, istifad\u0259 olunmam\u0131\u015f m\u0259zuniyy\u0259t haqlar\u0131n\u0131n \u00f6d\u0259nilm\u0259si (x\u00fcsusil\u0259 ehtiyatda olanlara) v\u0259 vaxtil\u0259 \u00f6n x\u0259td\u0259 xidm\u0259t\u0259 g\u00f6r\u0259 verilm\u0259li olan 3-c\u00fc qat \u0259m\u0259k haqq\u0131n\u0131n \u00f6d\u0259nilm\u0259si istiqam\u0259tind\u0259 h\u0259r hans\u0131 add\u0131mlar g\u00f6z\u0259 d\u0259ymir\n          <\/p>\n<\/td>\n<\/tr>\n<tr>\n<td>\n<p>\n            NATO standartlar\u0131n\u0131n t\u0259tbiqinin dayand\u0131r\u0131lmas\u0131\n          <\/p>\n<\/td>\n<td>\n<p>\n            Son durum onu g\u00f6st\u0259rir ki, Az\u0259rbaycan Silahl\u0131 Q\u00fcvv\u0259l\u0259rind\u0259 NATO-nun m\u00fcxt\u0259lif s\u0259n\u0259dl\u0259ri \u00fczr\u0259 islahatlar\u0131n h\u0259yata ke\u00e7irilm\u0259si prosesi il\u0259 ba\u011fl\u0131 h\u0259r hans\u0131 yenilik yoxdur. Prosesin dayand\u0131r\u0131lmas\u0131 davam edir. H\u0259tta v\u0259ziyy\u0259t o yer\u0259 g\u0259lib \u00e7\u0131x\u0131b ki, Az\u0259rbaycan t\u0259r\u0259fi NATO il\u0259 F\u0259rdi T\u0259r\u0259fda\u015fl\u0131\u011fa dair \u018fm\u0259liyyat Plan\u0131n\u0131n (Individual Partnership Action Plan) n\u00f6vb\u0259ti \u2013 4-c\u00fc m\u0259rh\u0259l\u0259sinin raz\u0131la\u015fd\u0131r\u0131lmas\u0131 prosesini l\u0259ngidir.\n          <\/p>\n<\/td>\n<\/tr>\n<tr>\n<td>\n<p>\n            Silahl\u0131 Q\u00fcvv\u0259l\u0259rin quruculuq plan\u0131n\u0131n olmamas\u0131\n          <\/p>\n<\/td>\n<td>\n<p>\n            Bu ilin iyun ay\u0131nda Zakir H\u0259s\u0259nov Silahl\u0131 Q\u00fcvv\u0259l\u0259rin quruculuq plan\u0131n\u0131n haz\u0131rlanmas\u0131 x\u0259b\u0259rini b\u0259yan etdi. Amma bu prosesl\u0259 ba\u011fl\u0131 ortada h\u0259r hans\u0131 yeni informasiya yoxdur.\n          <\/p>\n<\/td>\n<\/tr>\n<tr>\n<td>\n<p>\n            Kadr b\u00f6hran\u0131\n          <\/p>\n<\/td>\n<td>\n<p>\n            Zakir H\u0259s\u0259novun d\u00f6vr\u00fcnd\u0259 y\u00fczl\u0259rl\u0259 zabitin v\u0259zif\u0259si d\u0259yi\u015fdirilib, b\u0259zil\u0259ri ehtiyata g\u00f6nd\u0259rilibl\u0259r. Amma \u0259sas problem \u2013 Az\u0259rbaycan Ordusunda \u018fbiyev d\u00f6vr\u00fcnd\u0259 qanunsuzluqlar\u0131n n\u0259tic\u0259si olaraq yaranm\u0131\u015f kadr b\u00f6hran\u0131n\u0131n h\u0259lli istiqam\u0259tind\u0259 konkret add\u0131mlar at\u0131lmay\u0131b. Bu istiqam\u0259td\u0259 h\u0259r hans\u0131 strategiya s\u0259rgil\u0259nm\u0259yib.\n          <\/p>\n<\/td>\n<\/tr>\n<tr>\n<td>\n<p>\n            Silahlanma v\u0259 h\u0259rbi texnika problemi\n          <\/p>\n<\/td>\n<td>\n<p>\n            Zakir H\u0259s\u0259novun r\u0259hb\u0259rliyi d\u00f6vr\u00fcnd\u0259 Silahl\u0131 Q\u00fcvv\u0259l\u0259rin silahlanma strategiyas\u0131 ictimaiyy\u0259t\u0259 a\u00e7\u0131q deyil. H\u0259r il b\u00f6y\u00fck miqdarda v\u0259saitin silahlanma v\u0259 h\u0259rbi texnikaya x\u0259rcl\u0259nm\u0259sinin nec\u0259 \u0259sasland\u0131r\u0131lmas\u0131 c\u0259miyy\u0259td\u0259n qapal\u0131 saxlan\u0131l\u0131r\n          <\/p>\n<\/td>\n<\/tr>\n<tr>\n<td>\n<p>\n            Parlament qar\u015f\u0131s\u0131nda hesabatl\u0131l\u0131q problemi\n          <\/p>\n<\/td>\n<td>\n<p>\n            Zakir H\u0259s\u0259nov nazir oldu\u011fu m\u00fcdd\u0259td\u0259 parlament qar\u015f\u0131s\u0131nda hesabat verm\u0259yib. Bel\u0259likl\u0259, M\u00fcdafi\u0259 Nazirliyinin parlament qar\u015f\u0131s\u0131nda n\u0259 d\u0259r\u0259c\u0259d\u0259 hesabatl\u0131 olmas\u0131 il\u0259 ba\u011fl\u0131 yaranm\u0131\u015f problem davam edir.\n          <\/p>\n<\/td>\n<\/tr>\n<\/tbody>\n<\/table>\n<p>\n  Bel\u0259likl\u0259, g\u00f6r\u00fcnd\u00fcy\u00fc kimi, Az\u0259rbaycan Silahl\u0131 Q\u00fcvv\u0259l\u0259rinin ciddi probleml\u0259ri qalmaqda davam edir. Sual oluna bil\u0259r ki, Zakir H\u0259s\u0259nov g\u0259l\u0259nd\u0259n b\u0259ri orduda t\u0259liml\u0259r, d\u00f6y\u00fc\u015f m\u0259\u015f\u011f\u0259l\u0259l\u0259ri art\u0131bsa, bunlar ordunun g\u00fcc\u00fcn\u00fcn artmas\u0131n\u0131n \u0259lam\u0259ti deyilmi? Cavab\u0131m bel\u0259dir ki, xeyr, \u0259lam\u0259ti deyil. \u00c7\u00fcnki m\u00fcasir ordular\u0131n g\u00fcc\u00fc insan faktoruna n\u0259 d\u0259r\u0259c\u0259d\u0259 \u00f6n\u0259m verilm\u0259sind\u0259n as\u0131l\u0131d\u0131r. Silah v\u0259 h\u0259rbi texnikan\u0131n m\u00fcasir v\u0259 \u00e7ox olmas\u0131 yax\u015f\u0131d\u0131r (\u0259slind\u0259 bu ba\u015fqa s\u00f6hb\u0259tin m\u00f6vzusudur v\u0259 bu m\u0259s\u0259l\u0259d\u0259 ciddi v\u0259 \u0259sasl\u0131 \u015f\u00fcbh\u0259l\u0259r ola bil\u0259r), amma onlar\u0131 idar\u0259 ed\u0259c\u0259k insanlar\u0131n hans\u0131 durumda olmas\u0131 qat-qat vacibdir. \u018fg\u0259r ordumuzdak\u0131 zabitl\u0259rin v\u0259 gizirl\u0259rin t\u0259minat\u0131, m\u0259vacibl\u0259ri onlar\u0131n v\u0259 ail\u0259l\u0259rinin sosial rifahlar\u0131na b\u0259s ed\u0259c\u0259k s\u0259viyy\u0259d\u0259 deyils\u0259, \u00e7oxlar\u0131 m\u0259nzilsizdirs\u0259, \u00f6l\u00fcml\u0259r art\u0131rsa, korrupsiyaya dair \u015f\u00fcbh\u0259l\u0259r varsa, onda hans\u0131 g\u00fccl\u00fc ordudan dan\u0131\u015fmaq olar?\n<\/p>\n<p>\n  <b><br \/>\n    P.S. \u018fvv\u0259lc\u0259d\u0259n onu b\u0259yan edim ki, bu yaz\u0131 v\u0259t\u0259nini d\u00f6vl\u0259tini, mill\u0259tini sev\u0259n, onun ordusunun g\u00fccl\u00fc olmas\u0131n\u0131 ist\u0259y\u0259n bir \u015f\u0259xsin \u2013 m\u0259nim beynimin m\u0259hsuludur. Bu yaz\u0131 he\u00e7 d\u0259 \u201cerm\u0259ni d\u0259yirman\u0131na su t\u00f6km\u0259k\u201d m\u0259qs\u0259dil\u0259 yaz\u0131lmay\u0131b. Eyni zamanda yaz\u0131n\u0131n \u201cerm\u0259ni d\u0259yirman\u0131na su t\u00f6km\u0259k\u201d m\u0259qs\u0259dil\u0259 yaz\u0131ld\u0131\u011f\u0131n\u0131 d\u00fc\u015f\u00fcn\u0259n insanlar\u0131n azad d\u00fc\u015f\u00fcnm\u0259 haqq\u0131na h\u00f6rm\u0259t edilir. H\u0259qiq\u0259t h\u0259r c\u00fcr yalandan daha \u00fcst\u00fcnd\u00fcr \u2013 bu da m\u0259nim d\u00fc\u015f\u00fcnc\u0259mdir.<br \/>\n  <\/b><\/p>\n","protected":false},"excerpt":{"rendered":"<p>Daxili Qo\u015funlar komandan\u0131 Zakir H\u0259s\u0259nov m\u00fcdafi\u0259 naziri t\u0259yin oldunduqdan sonra&#8230;<\/p>\n","protected":false},"author":11,"featured_media":16834,"comment_status":"closed","ping_status":"open","sticky":false,"template":"","format":"standard","meta":{"_acf_changed":false,"_sitemap_exclude":false,"_sitemap_priority":"","_sitemap_frequency":"","footnotes":""},"categories":[57],"tags":[],"class_list":["post-166040","post","type-post","status-publish","format-standard","has-post-thumbnail","hentry","category-menim-fikrimce","infinite-scroll-item","generate-columns","tablet-grid-50","mobile-grid-100","grid-parent","grid-33","no-featured-image-padding"],"acf":[],"yoast_head":"<!-- This site is optimized with the Yoast SEO plugin v27.4 - https:\/\/yoast.com\/product\/yoast-seo-wordpress\/ -->\n<title>Zakir H\u0259s\u0259novun d\u00f6vr\u00fcnd\u0259 orduda n\u0259 d\u0259yi\u015fdi? - M\u00dcQAY\u0130S\u018fL\u0130 C\u018fDV\u018fL - MEYDAN.TV<\/title>\n<meta name=\"robots\" content=\"index, follow, max-snippet:-1, max-image-preview:large, max-video-preview:-1\" \/>\n<link rel=\"canonical\" href=\"https:\/\/www.meydan.tv\/az\/article\/zakir-hesenovun-dovrunde-orduda-ne-deyisdi-muqayiseli-cedvel\/\" \/>\n<meta property=\"og:locale\" content=\"az_AZ\" \/>\n<meta property=\"og:type\" content=\"article\" \/>\n<meta property=\"og:title\" content=\"Zakir H\u0259s\u0259novun d\u00f6vr\u00fcnd\u0259 orduda n\u0259 d\u0259yi\u015fdi? - M\u00dcQAY\u0130S\u018fL\u0130 C\u018fDV\u018fL - MEYDAN.TV\" \/>\n<meta property=\"og:description\" content=\"Daxili Qo\u015funlar komandan\u0131 Zakir H\u0259s\u0259nov m\u00fcdafi\u0259 naziri t\u0259yin oldunduqdan sonra...\" \/>\n<meta property=\"og:url\" content=\"https:\/\/www.meydan.tv\/az\/article\/zakir-hesenovun-dovrunde-orduda-ne-deyisdi-muqayiseli-cedvel\/\" \/>\n<meta property=\"og:site_name\" content=\"MEYDAN.TV\" \/>\n<meta property=\"article:published_time\" content=\"2014-12-01T10:40:54+00:00\" \/>\n<meta property=\"og:image\" content=\"https:\/\/www.meydan.tv\/wp-content\/uploads\/5987.jpg\" \/>\n\t<meta property=\"og:image:width\" content=\"500\" \/>\n\t<meta property=\"og:image:height\" content=\"500\" \/>\n\t<meta property=\"og:image:type\" content=\"image\/jpeg\" \/>\n<meta name=\"author\" content=\"user-manager\" \/>\n<meta name=\"twitter:card\" content=\"summary_large_image\" \/>\n<script type=\"application\/ld+json\" class=\"yoast-schema-graph\">{\"@context\":\"https:\\\/\\\/schema.org\",\"@graph\":[{\"@type\":\"Article\",\"@id\":\"https:\\\/\\\/www.meydan.tv\\\/az\\\/article\\\/zakir-hesenovun-dovrunde-orduda-ne-deyisdi-muqayiseli-cedvel\\\/#article\",\"isPartOf\":{\"@id\":\"https:\\\/\\\/www.meydan.tv\\\/az\\\/article\\\/zakir-hesenovun-dovrunde-orduda-ne-deyisdi-muqayiseli-cedvel\\\/\"},\"author\":{\"name\":\"user-manager\",\"@id\":\"https:\\\/\\\/www.meydan.tv\\\/az\\\/#\\\/schema\\\/person\\\/10d11eccf6da3662cf5fdab9806ea91a\"},\"headline\":\"Zakir H\u0259s\u0259novun d\u00f6vr\u00fcnd\u0259 orduda n\u0259 d\u0259yi\u015fdi? &#8211; M\u00dcQAY\u0130S\u018fL\u0130 C\u018fDV\u018fL\",\"datePublished\":\"2014-12-01T10:40:54+00:00\",\"mainEntityOfPage\":{\"@id\":\"https:\\\/\\\/www.meydan.tv\\\/az\\\/article\\\/zakir-hesenovun-dovrunde-orduda-ne-deyisdi-muqayiseli-cedvel\\\/\"},\"wordCount\":1427,\"publisher\":{\"@id\":\"https:\\\/\\\/www.meydan.tv\\\/az\\\/#organization\"},\"image\":{\"@id\":\"https:\\\/\\\/www.meydan.tv\\\/az\\\/article\\\/zakir-hesenovun-dovrunde-orduda-ne-deyisdi-muqayiseli-cedvel\\\/#primaryimage\"},\"thumbnailUrl\":\"https:\\\/\\\/www.meydan.tv\\\/wp-content\\\/uploads\\\/5987.jpg\",\"articleSection\":[\"M\u0259nim Fikrimc\u0259\"],\"inLanguage\":\"az\"},{\"@type\":\"WebPage\",\"@id\":\"https:\\\/\\\/www.meydan.tv\\\/az\\\/article\\\/zakir-hesenovun-dovrunde-orduda-ne-deyisdi-muqayiseli-cedvel\\\/\",\"url\":\"https:\\\/\\\/www.meydan.tv\\\/az\\\/article\\\/zakir-hesenovun-dovrunde-orduda-ne-deyisdi-muqayiseli-cedvel\\\/\",\"name\":\"Zakir H\u0259s\u0259novun d\u00f6vr\u00fcnd\u0259 orduda n\u0259 d\u0259yi\u015fdi? - M\u00dcQAY\u0130S\u018fL\u0130 C\u018fDV\u018fL - MEYDAN.TV\",\"isPartOf\":{\"@id\":\"https:\\\/\\\/www.meydan.tv\\\/az\\\/#website\"},\"primaryImageOfPage\":{\"@id\":\"https:\\\/\\\/www.meydan.tv\\\/az\\\/article\\\/zakir-hesenovun-dovrunde-orduda-ne-deyisdi-muqayiseli-cedvel\\\/#primaryimage\"},\"image\":{\"@id\":\"https:\\\/\\\/www.meydan.tv\\\/az\\\/article\\\/zakir-hesenovun-dovrunde-orduda-ne-deyisdi-muqayiseli-cedvel\\\/#primaryimage\"},\"thumbnailUrl\":\"https:\\\/\\\/www.meydan.tv\\\/wp-content\\\/uploads\\\/5987.jpg\",\"datePublished\":\"2014-12-01T10:40:54+00:00\",\"breadcrumb\":{\"@id\":\"https:\\\/\\\/www.meydan.tv\\\/az\\\/article\\\/zakir-hesenovun-dovrunde-orduda-ne-deyisdi-muqayiseli-cedvel\\\/#breadcrumb\"},\"inLanguage\":\"az\",\"potentialAction\":[{\"@type\":\"ReadAction\",\"target\":[\"https:\\\/\\\/www.meydan.tv\\\/az\\\/article\\\/zakir-hesenovun-dovrunde-orduda-ne-deyisdi-muqayiseli-cedvel\\\/\"]}]},{\"@type\":\"ImageObject\",\"inLanguage\":\"az\",\"@id\":\"https:\\\/\\\/www.meydan.tv\\\/az\\\/article\\\/zakir-hesenovun-dovrunde-orduda-ne-deyisdi-muqayiseli-cedvel\\\/#primaryimage\",\"url\":\"https:\\\/\\\/www.meydan.tv\\\/wp-content\\\/uploads\\\/5987.jpg\",\"contentUrl\":\"https:\\\/\\\/www.meydan.tv\\\/wp-content\\\/uploads\\\/5987.jpg\",\"width\":500,\"height\":500,\"caption\":\"Source:\"},{\"@type\":\"BreadcrumbList\",\"@id\":\"https:\\\/\\\/www.meydan.tv\\\/az\\\/article\\\/zakir-hesenovun-dovrunde-orduda-ne-deyisdi-muqayiseli-cedvel\\\/#breadcrumb\",\"itemListElement\":[{\"@type\":\"ListItem\",\"position\":1,\"name\":\"Ana s\u0259hif\u0259\",\"item\":\"https:\\\/\\\/www.meydan.tv\\\/az\\\/\"},{\"@type\":\"ListItem\",\"position\":2,\"name\":\"M\u0259nim Fikrimc\u0259\",\"item\":\"https:\\\/\\\/www.meydan.tv\\\/az\\\/section\\\/menim-fikrimce\\\/\"},{\"@type\":\"ListItem\",\"position\":3,\"name\":\"Zakir H\u0259s\u0259novun d\u00f6vr\u00fcnd\u0259 orduda n\u0259 d\u0259yi\u015fdi? &#8211; M\u00dcQAY\u0130S\u018fL\u0130 C\u018fDV\u018fL\"}]},{\"@type\":\"WebSite\",\"@id\":\"https:\\\/\\\/www.meydan.tv\\\/az\\\/#website\",\"url\":\"https:\\\/\\\/www.meydan.tv\\\/az\\\/\",\"name\":\"MEYDAN.TV\",\"description\":\"Meydan TV Az\u0259rbaycan\u0131n media m\u0259kan\u0131ndak\u0131 alternativ s\u0259sidir\",\"publisher\":{\"@id\":\"https:\\\/\\\/www.meydan.tv\\\/az\\\/#organization\"},\"potentialAction\":[{\"@type\":\"SearchAction\",\"target\":{\"@type\":\"EntryPoint\",\"urlTemplate\":\"https:\\\/\\\/www.meydan.tv\\\/az\\\/?s={search_term_string}\"},\"query-input\":{\"@type\":\"PropertyValueSpecification\",\"valueRequired\":true,\"valueName\":\"search_term_string\"}}],\"inLanguage\":\"az\"},{\"@type\":\"Organization\",\"@id\":\"https:\\\/\\\/www.meydan.tv\\\/az\\\/#organization\",\"name\":\"Meydan TV\",\"url\":\"https:\\\/\\\/www.meydan.tv\\\/az\\\/\",\"logo\":{\"@type\":\"ImageObject\",\"inLanguage\":\"az\",\"@id\":\"https:\\\/\\\/www.meydan.tv\\\/az\\\/#\\\/schema\\\/logo\\\/image\\\/\",\"url\":\"https:\\\/\\\/www.meydan.tv\\\/wp-content\\\/uploads\\\/2021\\\/07\\\/meydan-logo.svg\",\"contentUrl\":\"https:\\\/\\\/www.meydan.tv\\\/wp-content\\\/uploads\\\/2021\\\/07\\\/meydan-logo.svg\",\"width\":195,\"height\":46,\"caption\":\"Meydan TV\"},\"image\":{\"@id\":\"https:\\\/\\\/www.meydan.tv\\\/az\\\/#\\\/schema\\\/logo\\\/image\\\/\"}},{\"@type\":\"Person\",\"@id\":\"https:\\\/\\\/www.meydan.tv\\\/az\\\/#\\\/schema\\\/person\\\/10d11eccf6da3662cf5fdab9806ea91a\",\"name\":\"user-manager\"}]}<\/script>\n<!-- \/ Yoast SEO plugin. -->","yoast_head_json":{"title":"Zakir H\u0259s\u0259novun d\u00f6vr\u00fcnd\u0259 orduda n\u0259 d\u0259yi\u015fdi? - M\u00dcQAY\u0130S\u018fL\u0130 C\u018fDV\u018fL - MEYDAN.TV","robots":{"index":"index","follow":"follow","max-snippet":"max-snippet:-1","max-image-preview":"max-image-preview:large","max-video-preview":"max-video-preview:-1"},"canonical":"https:\/\/www.meydan.tv\/az\/article\/zakir-hesenovun-dovrunde-orduda-ne-deyisdi-muqayiseli-cedvel\/","og_locale":"az_AZ","og_type":"article","og_title":"Zakir H\u0259s\u0259novun d\u00f6vr\u00fcnd\u0259 orduda n\u0259 d\u0259yi\u015fdi? - M\u00dcQAY\u0130S\u018fL\u0130 C\u018fDV\u018fL - MEYDAN.TV","og_description":"Daxili Qo\u015funlar komandan\u0131 Zakir H\u0259s\u0259nov m\u00fcdafi\u0259 naziri t\u0259yin oldunduqdan sonra...","og_url":"https:\/\/www.meydan.tv\/az\/article\/zakir-hesenovun-dovrunde-orduda-ne-deyisdi-muqayiseli-cedvel\/","og_site_name":"MEYDAN.TV","article_published_time":"2014-12-01T10:40:54+00:00","og_image":[{"width":500,"height":500,"url":"https:\/\/www.meydan.tv\/wp-content\/uploads\/5987.jpg","type":"image\/jpeg"}],"author":"user-manager","twitter_card":"summary_large_image","schema":{"@context":"https:\/\/schema.org","@graph":[{"@type":"Article","@id":"https:\/\/www.meydan.tv\/az\/article\/zakir-hesenovun-dovrunde-orduda-ne-deyisdi-muqayiseli-cedvel\/#article","isPartOf":{"@id":"https:\/\/www.meydan.tv\/az\/article\/zakir-hesenovun-dovrunde-orduda-ne-deyisdi-muqayiseli-cedvel\/"},"author":{"name":"user-manager","@id":"https:\/\/www.meydan.tv\/az\/#\/schema\/person\/10d11eccf6da3662cf5fdab9806ea91a"},"headline":"Zakir H\u0259s\u0259novun d\u00f6vr\u00fcnd\u0259 orduda n\u0259 d\u0259yi\u015fdi? &#8211; M\u00dcQAY\u0130S\u018fL\u0130 C\u018fDV\u018fL","datePublished":"2014-12-01T10:40:54+00:00","mainEntityOfPage":{"@id":"https:\/\/www.meydan.tv\/az\/article\/zakir-hesenovun-dovrunde-orduda-ne-deyisdi-muqayiseli-cedvel\/"},"wordCount":1427,"publisher":{"@id":"https:\/\/www.meydan.tv\/az\/#organization"},"image":{"@id":"https:\/\/www.meydan.tv\/az\/article\/zakir-hesenovun-dovrunde-orduda-ne-deyisdi-muqayiseli-cedvel\/#primaryimage"},"thumbnailUrl":"https:\/\/www.meydan.tv\/wp-content\/uploads\/5987.jpg","articleSection":["M\u0259nim Fikrimc\u0259"],"inLanguage":"az"},{"@type":"WebPage","@id":"https:\/\/www.meydan.tv\/az\/article\/zakir-hesenovun-dovrunde-orduda-ne-deyisdi-muqayiseli-cedvel\/","url":"https:\/\/www.meydan.tv\/az\/article\/zakir-hesenovun-dovrunde-orduda-ne-deyisdi-muqayiseli-cedvel\/","name":"Zakir H\u0259s\u0259novun d\u00f6vr\u00fcnd\u0259 orduda n\u0259 d\u0259yi\u015fdi? - M\u00dcQAY\u0130S\u018fL\u0130 C\u018fDV\u018fL - MEYDAN.TV","isPartOf":{"@id":"https:\/\/www.meydan.tv\/az\/#website"},"primaryImageOfPage":{"@id":"https:\/\/www.meydan.tv\/az\/article\/zakir-hesenovun-dovrunde-orduda-ne-deyisdi-muqayiseli-cedvel\/#primaryimage"},"image":{"@id":"https:\/\/www.meydan.tv\/az\/article\/zakir-hesenovun-dovrunde-orduda-ne-deyisdi-muqayiseli-cedvel\/#primaryimage"},"thumbnailUrl":"https:\/\/www.meydan.tv\/wp-content\/uploads\/5987.jpg","datePublished":"2014-12-01T10:40:54+00:00","breadcrumb":{"@id":"https:\/\/www.meydan.tv\/az\/article\/zakir-hesenovun-dovrunde-orduda-ne-deyisdi-muqayiseli-cedvel\/#breadcrumb"},"inLanguage":"az","potentialAction":[{"@type":"ReadAction","target":["https:\/\/www.meydan.tv\/az\/article\/zakir-hesenovun-dovrunde-orduda-ne-deyisdi-muqayiseli-cedvel\/"]}]},{"@type":"ImageObject","inLanguage":"az","@id":"https:\/\/www.meydan.tv\/az\/article\/zakir-hesenovun-dovrunde-orduda-ne-deyisdi-muqayiseli-cedvel\/#primaryimage","url":"https:\/\/www.meydan.tv\/wp-content\/uploads\/5987.jpg","contentUrl":"https:\/\/www.meydan.tv\/wp-content\/uploads\/5987.jpg","width":500,"height":500,"caption":"Source:"},{"@type":"BreadcrumbList","@id":"https:\/\/www.meydan.tv\/az\/article\/zakir-hesenovun-dovrunde-orduda-ne-deyisdi-muqayiseli-cedvel\/#breadcrumb","itemListElement":[{"@type":"ListItem","position":1,"name":"Ana s\u0259hif\u0259","item":"https:\/\/www.meydan.tv\/az\/"},{"@type":"ListItem","position":2,"name":"M\u0259nim Fikrimc\u0259","item":"https:\/\/www.meydan.tv\/az\/section\/menim-fikrimce\/"},{"@type":"ListItem","position":3,"name":"Zakir H\u0259s\u0259novun d\u00f6vr\u00fcnd\u0259 orduda n\u0259 d\u0259yi\u015fdi? &#8211; M\u00dcQAY\u0130S\u018fL\u0130 C\u018fDV\u018fL"}]},{"@type":"WebSite","@id":"https:\/\/www.meydan.tv\/az\/#website","url":"https:\/\/www.meydan.tv\/az\/","name":"MEYDAN.TV","description":"Meydan TV Az\u0259rbaycan\u0131n media m\u0259kan\u0131ndak\u0131 alternativ s\u0259sidir","publisher":{"@id":"https:\/\/www.meydan.tv\/az\/#organization"},"potentialAction":[{"@type":"SearchAction","target":{"@type":"EntryPoint","urlTemplate":"https:\/\/www.meydan.tv\/az\/?s={search_term_string}"},"query-input":{"@type":"PropertyValueSpecification","valueRequired":true,"valueName":"search_term_string"}}],"inLanguage":"az"},{"@type":"Organization","@id":"https:\/\/www.meydan.tv\/az\/#organization","name":"Meydan TV","url":"https:\/\/www.meydan.tv\/az\/","logo":{"@type":"ImageObject","inLanguage":"az","@id":"https:\/\/www.meydan.tv\/az\/#\/schema\/logo\/image\/","url":"https:\/\/www.meydan.tv\/wp-content\/uploads\/2021\/07\/meydan-logo.svg","contentUrl":"https:\/\/www.meydan.tv\/wp-content\/uploads\/2021\/07\/meydan-logo.svg","width":195,"height":46,"caption":"Meydan TV"},"image":{"@id":"https:\/\/www.meydan.tv\/az\/#\/schema\/logo\/image\/"}},{"@type":"Person","@id":"https:\/\/www.meydan.tv\/az\/#\/schema\/person\/10d11eccf6da3662cf5fdab9806ea91a","name":"user-manager"}]}},"_links":{"self":[{"href":"https:\/\/www.meydan.tv\/az\/wp-json\/wp\/v2\/posts\/166040","targetHints":{"allow":["GET"]}}],"collection":[{"href":"https:\/\/www.meydan.tv\/az\/wp-json\/wp\/v2\/posts"}],"about":[{"href":"https:\/\/www.meydan.tv\/az\/wp-json\/wp\/v2\/types\/post"}],"author":[{"embeddable":true,"href":"https:\/\/www.meydan.tv\/az\/wp-json\/wp\/v2\/users\/11"}],"replies":[{"embeddable":true,"href":"https:\/\/www.meydan.tv\/az\/wp-json\/wp\/v2\/comments?post=166040"}],"version-history":[{"count":0,"href":"https:\/\/www.meydan.tv\/az\/wp-json\/wp\/v2\/posts\/166040\/revisions"}],"wp:featuredmedia":[{"embeddable":true,"href":"https:\/\/www.meydan.tv\/az\/wp-json\/wp\/v2\/media\/16834"}],"wp:attachment":[{"href":"https:\/\/www.meydan.tv\/az\/wp-json\/wp\/v2\/media?parent=166040"}],"wp:term":[{"taxonomy":"category","embeddable":true,"href":"https:\/\/www.meydan.tv\/az\/wp-json\/wp\/v2\/categories?post=166040"},{"taxonomy":"post_tag","embeddable":true,"href":"https:\/\/www.meydan.tv\/az\/wp-json\/wp\/v2\/tags?post=166040"}],"curies":[{"name":"wp","href":"https:\/\/api.w.org\/{rel}","templated":true}]}}