{"id":166036,"date":"2014-11-30T17:50:05","date_gmt":"2014-11-30T17:50:05","guid":{"rendered":"https:\/\/www.meydan.tv\/article\/metbuatin-cesaret-balansi\/"},"modified":"2014-11-30T17:50:05","modified_gmt":"2014-11-30T17:50:05","slug":"metbuatin-cesaret-balansi","status":"publish","type":"post","link":"https:\/\/www.meydan.tv\/az\/article\/metbuatin-cesaret-balansi\/","title":{"rendered":"M\u0259tbuat\u0131n c\u0259sar\u0259t balans\u0131"},"content":{"rendered":"<figure class=\"wp-block-image size-large\">\n  <img decoding=\"async\" src=\"https:\/\/www.meydan.tv\/az\/13136\/\" alt=\"\" class=\"wp-image-13136\"\/><figcaption><\/figcaption><\/figure>\n<\/p>\n<figure class=\"wp-block-image size-large\">\n  <img decoding=\"async\" src=\"https:\/\/www.meydan.tv\/az\/12944\/\" alt=\"\" class=\"wp-image-12944\"\/><figcaption><\/figcaption><\/figure>\n<p>\n  4 il \u00f6lk\u0259nin \u0259n m\u0259nas\u0131z fakult\u0259l\u0259rind\u0259n birind\u0259 oxumu\u015fam. Baku D\u00f6vl\u0259t Universitetinin Jurnalistika fakult\u0259si. H\u0259min fakult\u0259nin m\u0259n\u0259 xeyri o oldu ki, Zeynal M\u0259mm\u0259dli, Aynur xan\u0131mlar (Aynur adl\u0131 2 m\u00fc\u0259llim vard\u0131) kimi m\u00fc\u0259lliml\u0259ri g\u00f6rd\u00fcm v\u0259 ictimai siyasi h\u0259yatla daha yax\u0131ndan tan\u0131\u015f oldum. Jurnalistikan\u0131 is\u0259 daha \u00e7ox (80%-d\u0259n \u00e7ox dey\u0259rdim) t\u0259cr\u00fcb\u0259d\u0259 \u00f6yr\u0259ndim. Universiteti bitirdikd\u0259n sonra anlad\u0131m ki, h\u0259r hans\u0131sa bir ixtisas ver\u0259n fak\u00fclt\u0259 se\u00e7m\u0259liydim, n\u0259inki absurd bir fakult\u0259ni. \u0130ndi \u201cjurfak\u201d he\u00e7 laz\u0131m deyil.\n<\/p>\n<p>\n  Bu il TQDK uzun ill\u0259rd\u0259n sonra ilk d\u0259f\u0259 jurnalistika fakult\u0259sin\u0259 talib olanlardan qabiliyy\u0259t imtahan\u0131 g\u00f6t\u00fcrd\u00fc. Ona g\u00f6r\u0259 uzun ill\u0259rd\u0259n sonra deyir\u0259m ki, bu imtahan sovet d\u00f6vr\u00fcnd\u0259 vard\u0131 v\u0259 1992-ci ild\u0259 ilk d\u0259f\u0259 ke\u00e7iril\u0259n test imtahan\u0131ndan sonra l\u0259\u011fv olunmu\u015fdu. Bu, bir t\u0259r\u0259fd\u0259n baxanda yax\u015f\u0131 hald\u0131. Ona g\u00f6r\u0259 ki, biz oxuyan vaxt\u0131 jurnalistikaya \u00e7ox az t\u0259l\u0259b\u0259 yolda\u015f\u0131m\u0131z y\u00f6n\u0259ldi. Qalan\u0131 ba\u015fqa pe\u015f\u0259 se\u00e7dil\u0259r. \u0130ndiki imtahan y\u0259qin daha \u00e7ox jurnalist olmaq ist\u0259y\u0259nl\u0259ri y\u0131\u011far sinif\u0259.\n<\/p>\n<p>\n  Fakult\u0259d\u0259n ald\u0131\u011f\u0131m son m\u0259lumatlara g\u00f6r\u0259, xeyli texniki imkanlar yarad\u0131l\u0131b t\u0259l\u0259b\u0259l\u0259r \u00fc\u00e7\u00fcn. X\u00fcsus\u0259n tv v\u0259 radio jurnalistl\u0259r \u00fc\u00e7\u00fcn. Bizim o zaman x\u0259yal\u0131nda oldu\u011fumuz \u015f\u0259rait var. Oran\u0131n m\u0259zunlar\u0131 4-c\u00fc kursu bitirdikd\u0259, mikrafon, kamera, montaj kimi m\u0259vhumlarla daha yax\u0131ndan tan\u0131\u015f olacaqlar. Tv, radio v\u0259 q\u0259zet redaksilar\u0131na ged\u0259nd\u0259 g\u00f6zl\u0259rini d\u00f6ym\u0259y\u0259c\u0259kl\u0259r. Rahat al\u0131\u015facaqlar yeni i\u015fl\u0259rin\u0259. Amma texniki bilikl\u0259r h\u0259l\u0259 tam jurnalistika dem\u0259k deyil.\n<\/p>\n<p>\n  Bizim zaman\u0131m\u0131zda dekan \u0259vv\u0259lc\u0259 Akif m\u00fc\u0259llim idi. Fak\u00fclt\u0259 u\u015faqlar\u0131na mitinql\u0259r\u0259 getm\u0259yi qada\u011fan etmirdi. Sad\u0259c\u0259 \u201cehtiyatl\u0131 olun\u201d deyirdi (Sonrak\u0131 dekan is\u0259 \u0259ksin\u0259 olaraq getm\u0259m\u0259y\u0259 \u00e7a\u011f\u0131r\u0131rd\u0131. \u0130ndikil\u0259ri Hafiz Hac\u0131yevin mitinql\u0259rin\u0259 s\u00fcr\u00fcy\u00fcrl\u0259r). D\u0259rsl\u0259rind\u0259 jurnalistikan\u0131n azad m\u00fchit olmasa m\u00f6vcud olmayaca\u011f\u0131n\u0131 x\u00fcsusi qeyd edirdi. D\u0259f\u0259l\u0259rl\u0259 \u201cpe\u015f\u0259 etikas\u0131\u201d deyil\u0259n anlay\u0131\u015f bar\u0259d\u0259 diskussiyalar\u0131m\u0131z olurdu. \u018fn \u00e7ox da \u00fcz\u0259rind\u0259 durdu\u011fumuz balans m\u0259s\u0259l\u0259siydi. T\u0259r\u0259fl\u0259rin m\u00f6vqel\u0259rini \u00f6yr\u0259nm\u0259k v\u0259 ya verm\u0259k. Bunu olmazsa ,olmaz bilirdik. \u018fg\u0259r bu qayda pozularsa, art\u0131q m\u00fcst\u0259qil jurnalistikan\u0131n olmad\u0131\u011f\u0131n\u0131 \u00f6yr\u0259nmi\u015fdik. El\u0259 olurdu d\u0259rs\u0259 g\u0259l\u0259nd\u0259 h\u0259r hans\u0131sa q\u0259zet al\u0131rd\u0131q, sinifd\u0259 m\u00fczakir\u0259 edirdik. Harada balans pozulub, hans\u0131nda riay\u0259t olunub. Zeynal M\u0259mm\u0259dlinin s\u00f6zl\u0259rin\u0259 g\u00f6r\u0259, bu, BBC-nin d\u00fcnya medias\u0131na \u0259rma\u011fan\u0131yd\u0131. H\u0259tta \u0130ngilt\u0259r\u0259nin \u00f6z\u00fcnd\u0259 bel\u0259 \u00fcmummilli m\u0259s\u0259l\u0259l\u0259rd\u0259 laz\u0131ms\u0131z \u015f\u0259kild\u0259 balansl\u0131 davranmaqda g\u00fcnahland\u0131rm\u0131\u015fd\u0131lar. Bu o d\u00f6vl\u0259r idi ki, \u00f6lk\u0259nin m\u00fcst\u0259qilliyind\u0259n he\u00e7 10 il bel\u0259 ke\u00e7m\u0259mi\u015fdi v\u0259 biz d\u0259 \u00f6lk\u0259nin g\u0259l\u0259c\u0259k medias\u0131n\u0131 m\u00fcst\u0259qil, balansl\u0131 t\u0259s\u0259vv\u00fcr edirdik. Amma\u2026.\n<\/p>\n<p>\n  M\u0259zun olduqdan sonrak\u0131 13 il bir daha t\u0259sdiq etdi ki, jurnalistikada balans bel s\u00fctunudu. Onsuz m\u0259tbuat ancaq press-reliz ola bil\u0259r uza\u011f\u0131. Ancaq Az\u0259rbaycan ictimaiyy\u0259ti n\u0259yi g\u00f6rd\u00fc? Getdikc\u0259 bir q\u00fctb\u0259 y\u0131\u011f\u0131lan K\u0130V-l\u0259ri. M\u00fcst\u0259qil (h\u0259m d\u0259 m\u00fcxalif) m\u0259tbuat bacard\u0131qca s\u0131radan \u00e7\u0131xard\u0131ld\u0131. \u018fv\u0259zind\u0259 oliqarxlar\u0131n maliyy\u0259l\u0259\u015fdirdikl\u0259ri media qurumlar\u0131 parazit kimi yay\u0131lma\u011fa ba\u015flad\u0131. Ham\u0131s\u0131 da bir-birinin tay\u0131. Sad\u0259c\u0259 dizayn v\u0259 ad f\u0259rql\u0259ri il\u0259 n\u0259z\u0259r\u0259 \u00e7arp\u0131r. Yayd\u0131qlar\u0131 x\u0259b\u0259rl\u0259ri t\u0259snifatla\u015fd\u0131rsaq, bel\u0259 m\u0259nz\u0259r\u0259 al\u0131nar:\n<\/p>\n<p>\n  -kriminal x\u0259b\u0259rl\u0259r<br \/>\n  <br \/>\n  -d\u00f6vl\u0259t qurumlar\u0131n yayd\u0131qlar\u0131 m\u0259lumatlar<br \/>\n  <br \/>\n  -xarici mediadan t\u0259rc\u00fcm\u0259l\u0259r<br \/>\n  <br \/>\n  -fotosesiyalar<br \/>\n  <br \/>\n  -media sahibl\u0259rinin sifari\u015fli yaz\u0131lar\u0131\n<\/p>\n<p>\n  <br \/>\n  V\u0259 dig\u0259r x\u0131rda janrlar. Hakimiyy\u0259tin m\u0259murlar\u0131n\u0131n maliy\u0259l\u0259\u015fdirdiyi bu K\u0130V-l\u0259rin buynuzlar\u0131 sifari\u015fli yaz\u0131larda \u00e7\u0131x\u0131r. M\u0259s\u0259l\u0259n, h\u00fcquq m\u00fcdaif\u0259\u00e7isi Leyla Yunus bar\u0259d\u0259 h\u0259min saytlara \u00f6t\u00fcr\u00fcl\u0259n yaz\u0131larda L.Yunus a\u011fla g\u0259l\u0259n v\u0259 g\u0259lm\u0259y\u0259n cinay\u0259tl\u0259rd\u0259 su\u00e7lan\u0131l\u0131r. Yaz\u0131 birind\u0259 \u00e7\u0131xan kimi dig\u0259r saytlar da sanki t\u0259limatlar\u0131 bel\u0259ymi\u015f kimi o yaz\u0131n\u0131 oldu\u011fu kimi qoyurlar. He\u00e7 biri d\u0259 ad\u0131 \u00e7\u0259kil\u0259n \u015f\u0259xsd\u0259n v\u0259 ya onun v\u0259kilind\u0259n soru\u015fmur ki, siz\u0259 qar\u015f\u0131 bel\u0259 ittihamlar var, n\u0259 deyirsiniz buna?\n<\/p>\n<p>\n  Dig\u0259r yana\u015fma m\u00fcxalif\u0259tl\u0259 ba\u011fl\u0131 x\u0259b\u0259rl\u0259r\u0259 m\u00fcnasib\u0259tdi. Bel\u0259 ki, hans\u0131sa m\u00fcxalif\u0259t n\u00fcmay\u0259nd\u0259sin\u0259 (\u0259sas deyil ki, r\u0259smi m\u00fcxalif partiyan\u0131n \u00fczv\u00fc olsun. Hakimiyy\u0259t \u00fc\u00e7\u00fcn haqq\u0131 m\u00fcdafi\u0259 ed\u0259n v\u0259kil d\u0259, ictimai f\u0259al da, yazar da, adic\u0259 f\u0259hl\u0259 d\u0259 t\u0259hl\u00fck\u0259li m\u00fcxalif\u0259t\u00e7idi) aid x\u0259b\u0259rl\u0259rd\u0259 q\u0259r\u0259z m\u00fctl\u0259q olur. \u0130nformasiya ayr\u0131ca g\u00f6t\u00fcr\u0259nd\u0259 q\u0259r\u0259z g\u00f6rs\u0259nm\u0259s\u0259 d\u0259, kontekstd\u0259 m\u00fctl\u0259q var. Bir ne\u00e7\u0259 misal verim. N\u0130DA-\u00e7\u0131lar\u0131n m\u0259hk\u0259m\u0259sind\u0259 ba\u015f ver\u0259n hadis\u0259l\u0259ri quru informasiya kimi yazd\u0131lar: Filan vaxt\u0131 m\u0259hk\u0259m\u0259 oldu, filan v\u0259sat\u0259t qald\u0131r\u0131ld\u0131, filan vaxta ke\u00e7irildi. \u0130lk bax\u0131\u015fdan qeyri-adi he\u00e7 n\u0259 yoxdu. Amma m\u00fcst\u0259qil saytlara v\u0259 facebook-a bax\u0131rsan ki, m\u0259hk\u0259m\u0259 prosesind\u0259 xeyli insident olub. Lakin pultla idar\u0259 olunan media bunu verm\u0259z, daha do\u011frusu, ver\u0259 bim\u0259z. H\u0259min media h\u0259m d\u0259 N\u0130DA-\u00e7\u0131larla ba\u011fl\u0131 \u0259vv\u0259ll\u0259r he\u00e7 bir informasiya da verm\u0259yibl\u0259r. Y\u0259ni N\u0130DA m\u00f6vzusu onlar\u0131n s\u0259hif\u0259l\u0259rin\u0259 bird\u0259n d\u00fc\u015f\u00fcr.\n<\/p>\n<p>\n  El\u0259 h\u0259min N\u0130DA-\u00e7\u0131lar bar\u0259d\u0259 (m\u0259hk\u0259m\u0259 h\u00f6km\u00fc \u00e7\u0131xmam\u0131\u015f) hakimiyy\u0259t n\u00fcmay\u0259nd\u0259l\u0259rinin fikirl\u0259rini h\u0259min K\u0130V-l\u0259r n\u00f6qt\u0259-verg\u00fcl\u00fcn\u0259 toxunmadan verdil\u0259r. N\u0130DA-\u00e7\u0131lar\u0131n v\u0259kill\u0259rini, valideynl\u0259rini, yax\u0131nlar\u0131n\u0131 aray\u0131b soru\u015fmad\u0131lar ki, b\u0259s siz n\u0259 d\u00fc\u015f\u00fcn\u00fcrs\u00fcn\u00fcz? A\u011f\u0131r cinay\u0259td\u0259 ittiham olunursunuz ax\u0131.<\/p>\n<p>  H\u0259bsd\u0259 olan siyasi v\u0259 vicdan m\u0259hbuslar\u0131na \u0259hv \u0259riz\u0259si yazd\u0131r\u0131l\u0131r, ancaq m\u00f6vqe verilmir, hans\u0131sa biri \u00e7\u0131x\u0131b AXCP-d\u0259n \u00e7\u0131xd\u0131\u011f\u0131n\u0131 b\u0259yan edir, amma partiyan\u0131n fikrini soru\u015fan yox. Xarici mediadan hans\u0131sa uydurma x\u0259b\u0259ri t\u0259rc\u00fcm\u0259 edib verirl\u0259r, amma h\u0259ms\u00f6hb\u0259tin\u0259 bir z\u0259ng bel\u0259 q\u0131y\u0131lm\u0131r.\n<\/p>\n<p>\n  C\u0259mil H\u0259s\u0259nliyl\u0259 \u018fli K\u0259rimlinin hans\u0131sa t\u0259dbir\u0259 qat\u0131lmama\u011f\u0131n\u0131 \u0259ld\u0259 bayraq edib at\u0131l\u0131b d\u00fc\u015fd\u00fcl\u0259r. \u00d6z al\u0259ml\u0259rind\u0259 ara vururdular. Lakin pe\u015f\u0259 etikas\u0131n\u0131 n\u0259z\u0259r\u0259 al\u0131b \u018fli K\u0259rimli bir k\u0259nara (ona qar\u015f\u0131 x\u00fcsusi qada\u011fan\u0131n oldu\u011funu n\u0259z\u0259r\u0259 al\u0131b) C\u0259mil H\u0259s\u0259nlid\u0259n bel\u0259 hesab sormaq olard\u0131. O ki b\u00fct\u00fcn z\u0259ngl\u0259r\u0259 a\u00e7\u0131qd\u0131, h\u0259v\u0259sl\u0259 suallara cavab verir.\n<\/p>\n<p>\n  H\u0259min bu pultla idar\u0259 olunan median\u0131n r\u0259hb\u0259rliyini h\u0259r il iyulun 22-d\u0259 hans\u0131sa m\u00fckafat\u0131n t\u0259qdimat\u0131nda, ziyaf\u0259tl\u0259rd\u0259 g\u00f6r\u00fcn. \u018fdalan\u0131rlar. Sanki b\u00f6y\u00fck bir media holdinqinin sahibidirl\u0259r. Yazd\u0131qlar\u0131 ictimai r\u0259y\u0259 el\u0259 t\u0259sir g\u00f6st\u0259rir ki, b\u00fct\u00f6v n\u0259sli bunlar\u0131n yaz\u0131lar\u0131 t\u0259rbiy\u0259 edib. G\u0259ncl\u0259r\u0259 \u201cbizim vaxt\u0131m\u0131zda\u201d s\u00f6z\u00fcyl\u0259 ba\u015flayan c\u00fcml\u0259l\u0259r qururlar, indiki jurnalistl\u0259ri haz\u0131r\u0131n naziri olmaqda su\u00e7l\u0131rlar: \u201cBizim vaxt\u0131m\u0131zda internet n\u0259 g\u0259zirdi, bir x\u0259b\u0259rin dal\u0131nca hardan hara gedirdik\u201d. Sanki \u00f6z zamanlar\u0131nda internet bu q\u0259d\u0259r yay\u011f\u0131nla\u015fsayd\u0131, istifad\u0259 etm\u0259y\u0259c\u0259kdil\u0259r. Ancaq he\u00e7 biri d\u0259 dilin\u0259 g\u0259tirmir ki, \u201cbizim zaman\u0131m\u0131zda az-\u00e7ox balans qorunurdu. Maraq v\u0259 intriqa xatirin\u0259 qar\u015f\u0131 t\u0259r\u0259fin fikrini \u00f6yr\u0259nirdik. Lakin pulu ver\u0259n boslar\u0131m\u0131z art\u0131q bunu da qada\u011fan edibl\u0259r\u201d.\n<\/p>\n<p>\n  M\u0259tbua \u015euras\u0131 adl\u0131 \u0259caib qurum v\u0259 onun \u0259z\u0259li, \u0259b\u0259di r\u0259hb\u0259ri \u018fflatun Ama\u015fov bel\u0259 m\u0259s\u0259l\u0259l\u0259ri he\u00e7 zaman g\u00f6rm\u0259zl\u0259r. \u0130ndiy\u0259 q\u0259d\u0259r bir d\u0259f\u0259 d\u0259 olsun iclaslar\u0131nda balans m\u0259s\u0259l\u0259sini m\u00fczakir\u0259 etdiyini n\u0259 g\u00f6rd\u00fcm, n\u0259 d\u0259 e\u015fitdim. \u018fv\u0259zind\u0259 arada y\u0131\u011f\u0131\u015f\u0131b hakim siyasi konyukturaya sadiqlikl\u0259rini n\u00fcmayi\u015f etdirm\u0259k bar\u0259d\u0259 yarad\u0131c\u0131l\u0131qlar\u0131n\u0131 i\u015f\u0259 sal\u0131rlar.\n<\/p>\n<p>\n  Median\u0131n monitorinqi il\u0259 m\u0259\u015f\u011ful olanlar da bu problemi qabartmazlar. Ara\u015fd\u0131rma h\u0259d\u0259fl\u0259ri filan s\u00f6z\u00fc ne\u00e7\u0259 d\u0259f\u0259 istifad\u0259 etdil\u0259r, filan m\u00f6zular \u0259sas oldu, filan adlar \u00e7ox \u00e7\u0259kildi v\u0259 s. statistik hesabatlar.d\u0131r Olsa-olsa b\u0259zi m\u00fcxalify\u00f6nl\u00fc QHT-l\u0259rin hesabatlar\u0131nda media balans\u0131 qeyd olunsun. \u00dcmumilikd\u0259 is\u0259 bu m\u00f6vzuya toxunulmur.<\/p>\n","protected":false},"excerpt":{"rendered":"<p>M\u0259tbua \u015euras\u0131 adl\u0131 \u0259caib qurum v\u0259 onun \u0259z\u0259li, \u0259b\u0259di r\u0259hb\u0259ri \u018fflatun Ama\u015fov bel\u0259 m\u0259s\u0259l\u0259l\u0259ri he\u00e7 zaman g\u00f6rm\u0259zl\u0259r.<\/p>\n","protected":false},"author":11,"featured_media":13136,"comment_status":"closed","ping_status":"open","sticky":false,"template":"","format":"standard","meta":{"_acf_changed":false,"_sitemap_exclude":false,"_sitemap_priority":"","_sitemap_frequency":"","footnotes":""},"categories":[57],"tags":[],"class_list":["post-166036","post","type-post","status-publish","format-standard","has-post-thumbnail","hentry","category-menim-fikrimce","infinite-scroll-item","generate-columns","tablet-grid-50","mobile-grid-100","grid-parent","grid-33","no-featured-image-padding"],"acf":[],"yoast_head":"<!-- This site is optimized with the Yoast SEO plugin v27.4 - https:\/\/yoast.com\/product\/yoast-seo-wordpress\/ -->\n<title>M\u0259tbuat\u0131n c\u0259sar\u0259t balans\u0131 - MEYDAN.TV<\/title>\n<meta name=\"robots\" content=\"index, follow, max-snippet:-1, max-image-preview:large, max-video-preview:-1\" \/>\n<link rel=\"canonical\" href=\"https:\/\/www.meydan.tv\/az\/article\/metbuatin-cesaret-balansi\/\" \/>\n<meta property=\"og:locale\" content=\"az_AZ\" \/>\n<meta property=\"og:type\" content=\"article\" \/>\n<meta property=\"og:title\" content=\"M\u0259tbuat\u0131n c\u0259sar\u0259t balans\u0131 - MEYDAN.TV\" \/>\n<meta property=\"og:description\" content=\"M\u0259tbua \u015euras\u0131 adl\u0131 \u0259caib qurum v\u0259 onun \u0259z\u0259li, \u0259b\u0259di r\u0259hb\u0259ri \u018fflatun Ama\u015fov bel\u0259 m\u0259s\u0259l\u0259l\u0259ri he\u00e7 zaman g\u00f6rm\u0259zl\u0259r.\" \/>\n<meta property=\"og:url\" content=\"https:\/\/www.meydan.tv\/az\/article\/metbuatin-cesaret-balansi\/\" \/>\n<meta property=\"og:site_name\" content=\"MEYDAN.TV\" \/>\n<meta property=\"article:published_time\" content=\"2014-11-30T17:50:05+00:00\" \/>\n<meta property=\"og:image\" content=\"https:\/\/www.meydan.tv\/wp-content\/uploads\/4431.jpg\" \/>\n\t<meta property=\"og:image:width\" content=\"400\" \/>\n\t<meta property=\"og:image:height\" content=\"400\" \/>\n\t<meta property=\"og:image:type\" content=\"image\/jpeg\" \/>\n<meta name=\"author\" content=\"user-manager\" \/>\n<meta name=\"twitter:card\" content=\"summary_large_image\" \/>\n<script type=\"application\/ld+json\" class=\"yoast-schema-graph\">{\"@context\":\"https:\\\/\\\/schema.org\",\"@graph\":[{\"@type\":\"Article\",\"@id\":\"https:\\\/\\\/www.meydan.tv\\\/az\\\/article\\\/metbuatin-cesaret-balansi\\\/#article\",\"isPartOf\":{\"@id\":\"https:\\\/\\\/www.meydan.tv\\\/az\\\/article\\\/metbuatin-cesaret-balansi\\\/\"},\"author\":{\"name\":\"user-manager\",\"@id\":\"https:\\\/\\\/www.meydan.tv\\\/az\\\/#\\\/schema\\\/person\\\/10d11eccf6da3662cf5fdab9806ea91a\"},\"headline\":\"M\u0259tbuat\u0131n c\u0259sar\u0259t balans\u0131\",\"datePublished\":\"2014-11-30T17:50:05+00:00\",\"mainEntityOfPage\":{\"@id\":\"https:\\\/\\\/www.meydan.tv\\\/az\\\/article\\\/metbuatin-cesaret-balansi\\\/\"},\"wordCount\":1561,\"publisher\":{\"@id\":\"https:\\\/\\\/www.meydan.tv\\\/az\\\/#organization\"},\"image\":{\"@id\":\"https:\\\/\\\/www.meydan.tv\\\/az\\\/article\\\/metbuatin-cesaret-balansi\\\/#primaryimage\"},\"thumbnailUrl\":\"https:\\\/\\\/www.meydan.tv\\\/wp-content\\\/uploads\\\/4431.jpg\",\"articleSection\":[\"M\u0259nim Fikrimc\u0259\"],\"inLanguage\":\"az\"},{\"@type\":\"WebPage\",\"@id\":\"https:\\\/\\\/www.meydan.tv\\\/az\\\/article\\\/metbuatin-cesaret-balansi\\\/\",\"url\":\"https:\\\/\\\/www.meydan.tv\\\/az\\\/article\\\/metbuatin-cesaret-balansi\\\/\",\"name\":\"M\u0259tbuat\u0131n c\u0259sar\u0259t balans\u0131 - MEYDAN.TV\",\"isPartOf\":{\"@id\":\"https:\\\/\\\/www.meydan.tv\\\/az\\\/#website\"},\"primaryImageOfPage\":{\"@id\":\"https:\\\/\\\/www.meydan.tv\\\/az\\\/article\\\/metbuatin-cesaret-balansi\\\/#primaryimage\"},\"image\":{\"@id\":\"https:\\\/\\\/www.meydan.tv\\\/az\\\/article\\\/metbuatin-cesaret-balansi\\\/#primaryimage\"},\"thumbnailUrl\":\"https:\\\/\\\/www.meydan.tv\\\/wp-content\\\/uploads\\\/4431.jpg\",\"datePublished\":\"2014-11-30T17:50:05+00:00\",\"breadcrumb\":{\"@id\":\"https:\\\/\\\/www.meydan.tv\\\/az\\\/article\\\/metbuatin-cesaret-balansi\\\/#breadcrumb\"},\"inLanguage\":\"az\",\"potentialAction\":[{\"@type\":\"ReadAction\",\"target\":[\"https:\\\/\\\/www.meydan.tv\\\/az\\\/article\\\/metbuatin-cesaret-balansi\\\/\"]}]},{\"@type\":\"ImageObject\",\"inLanguage\":\"az\",\"@id\":\"https:\\\/\\\/www.meydan.tv\\\/az\\\/article\\\/metbuatin-cesaret-balansi\\\/#primaryimage\",\"url\":\"https:\\\/\\\/www.meydan.tv\\\/wp-content\\\/uploads\\\/4431.jpg\",\"contentUrl\":\"https:\\\/\\\/www.meydan.tv\\\/wp-content\\\/uploads\\\/4431.jpg\",\"width\":400,\"height\":400,\"caption\":\"Source:\"},{\"@type\":\"BreadcrumbList\",\"@id\":\"https:\\\/\\\/www.meydan.tv\\\/az\\\/article\\\/metbuatin-cesaret-balansi\\\/#breadcrumb\",\"itemListElement\":[{\"@type\":\"ListItem\",\"position\":1,\"name\":\"Ana s\u0259hif\u0259\",\"item\":\"https:\\\/\\\/www.meydan.tv\\\/az\\\/\"},{\"@type\":\"ListItem\",\"position\":2,\"name\":\"M\u0259nim Fikrimc\u0259\",\"item\":\"https:\\\/\\\/www.meydan.tv\\\/az\\\/section\\\/menim-fikrimce\\\/\"},{\"@type\":\"ListItem\",\"position\":3,\"name\":\"M\u0259tbuat\u0131n c\u0259sar\u0259t balans\u0131\"}]},{\"@type\":\"WebSite\",\"@id\":\"https:\\\/\\\/www.meydan.tv\\\/az\\\/#website\",\"url\":\"https:\\\/\\\/www.meydan.tv\\\/az\\\/\",\"name\":\"MEYDAN.TV\",\"description\":\"Meydan TV Az\u0259rbaycan\u0131n media m\u0259kan\u0131ndak\u0131 alternativ s\u0259sidir\",\"publisher\":{\"@id\":\"https:\\\/\\\/www.meydan.tv\\\/az\\\/#organization\"},\"potentialAction\":[{\"@type\":\"SearchAction\",\"target\":{\"@type\":\"EntryPoint\",\"urlTemplate\":\"https:\\\/\\\/www.meydan.tv\\\/az\\\/?s={search_term_string}\"},\"query-input\":{\"@type\":\"PropertyValueSpecification\",\"valueRequired\":true,\"valueName\":\"search_term_string\"}}],\"inLanguage\":\"az\"},{\"@type\":\"Organization\",\"@id\":\"https:\\\/\\\/www.meydan.tv\\\/az\\\/#organization\",\"name\":\"Meydan TV\",\"url\":\"https:\\\/\\\/www.meydan.tv\\\/az\\\/\",\"logo\":{\"@type\":\"ImageObject\",\"inLanguage\":\"az\",\"@id\":\"https:\\\/\\\/www.meydan.tv\\\/az\\\/#\\\/schema\\\/logo\\\/image\\\/\",\"url\":\"https:\\\/\\\/www.meydan.tv\\\/wp-content\\\/uploads\\\/2021\\\/07\\\/meydan-logo.svg\",\"contentUrl\":\"https:\\\/\\\/www.meydan.tv\\\/wp-content\\\/uploads\\\/2021\\\/07\\\/meydan-logo.svg\",\"width\":195,\"height\":46,\"caption\":\"Meydan TV\"},\"image\":{\"@id\":\"https:\\\/\\\/www.meydan.tv\\\/az\\\/#\\\/schema\\\/logo\\\/image\\\/\"}},{\"@type\":\"Person\",\"@id\":\"https:\\\/\\\/www.meydan.tv\\\/az\\\/#\\\/schema\\\/person\\\/10d11eccf6da3662cf5fdab9806ea91a\",\"name\":\"user-manager\"}]}<\/script>\n<!-- \/ Yoast SEO plugin. -->","yoast_head_json":{"title":"M\u0259tbuat\u0131n c\u0259sar\u0259t balans\u0131 - MEYDAN.TV","robots":{"index":"index","follow":"follow","max-snippet":"max-snippet:-1","max-image-preview":"max-image-preview:large","max-video-preview":"max-video-preview:-1"},"canonical":"https:\/\/www.meydan.tv\/az\/article\/metbuatin-cesaret-balansi\/","og_locale":"az_AZ","og_type":"article","og_title":"M\u0259tbuat\u0131n c\u0259sar\u0259t balans\u0131 - MEYDAN.TV","og_description":"M\u0259tbua \u015euras\u0131 adl\u0131 \u0259caib qurum v\u0259 onun \u0259z\u0259li, \u0259b\u0259di r\u0259hb\u0259ri \u018fflatun Ama\u015fov bel\u0259 m\u0259s\u0259l\u0259l\u0259ri he\u00e7 zaman g\u00f6rm\u0259zl\u0259r.","og_url":"https:\/\/www.meydan.tv\/az\/article\/metbuatin-cesaret-balansi\/","og_site_name":"MEYDAN.TV","article_published_time":"2014-11-30T17:50:05+00:00","og_image":[{"width":400,"height":400,"url":"https:\/\/www.meydan.tv\/wp-content\/uploads\/4431.jpg","type":"image\/jpeg"}],"author":"user-manager","twitter_card":"summary_large_image","schema":{"@context":"https:\/\/schema.org","@graph":[{"@type":"Article","@id":"https:\/\/www.meydan.tv\/az\/article\/metbuatin-cesaret-balansi\/#article","isPartOf":{"@id":"https:\/\/www.meydan.tv\/az\/article\/metbuatin-cesaret-balansi\/"},"author":{"name":"user-manager","@id":"https:\/\/www.meydan.tv\/az\/#\/schema\/person\/10d11eccf6da3662cf5fdab9806ea91a"},"headline":"M\u0259tbuat\u0131n c\u0259sar\u0259t balans\u0131","datePublished":"2014-11-30T17:50:05+00:00","mainEntityOfPage":{"@id":"https:\/\/www.meydan.tv\/az\/article\/metbuatin-cesaret-balansi\/"},"wordCount":1561,"publisher":{"@id":"https:\/\/www.meydan.tv\/az\/#organization"},"image":{"@id":"https:\/\/www.meydan.tv\/az\/article\/metbuatin-cesaret-balansi\/#primaryimage"},"thumbnailUrl":"https:\/\/www.meydan.tv\/wp-content\/uploads\/4431.jpg","articleSection":["M\u0259nim Fikrimc\u0259"],"inLanguage":"az"},{"@type":"WebPage","@id":"https:\/\/www.meydan.tv\/az\/article\/metbuatin-cesaret-balansi\/","url":"https:\/\/www.meydan.tv\/az\/article\/metbuatin-cesaret-balansi\/","name":"M\u0259tbuat\u0131n c\u0259sar\u0259t balans\u0131 - MEYDAN.TV","isPartOf":{"@id":"https:\/\/www.meydan.tv\/az\/#website"},"primaryImageOfPage":{"@id":"https:\/\/www.meydan.tv\/az\/article\/metbuatin-cesaret-balansi\/#primaryimage"},"image":{"@id":"https:\/\/www.meydan.tv\/az\/article\/metbuatin-cesaret-balansi\/#primaryimage"},"thumbnailUrl":"https:\/\/www.meydan.tv\/wp-content\/uploads\/4431.jpg","datePublished":"2014-11-30T17:50:05+00:00","breadcrumb":{"@id":"https:\/\/www.meydan.tv\/az\/article\/metbuatin-cesaret-balansi\/#breadcrumb"},"inLanguage":"az","potentialAction":[{"@type":"ReadAction","target":["https:\/\/www.meydan.tv\/az\/article\/metbuatin-cesaret-balansi\/"]}]},{"@type":"ImageObject","inLanguage":"az","@id":"https:\/\/www.meydan.tv\/az\/article\/metbuatin-cesaret-balansi\/#primaryimage","url":"https:\/\/www.meydan.tv\/wp-content\/uploads\/4431.jpg","contentUrl":"https:\/\/www.meydan.tv\/wp-content\/uploads\/4431.jpg","width":400,"height":400,"caption":"Source:"},{"@type":"BreadcrumbList","@id":"https:\/\/www.meydan.tv\/az\/article\/metbuatin-cesaret-balansi\/#breadcrumb","itemListElement":[{"@type":"ListItem","position":1,"name":"Ana s\u0259hif\u0259","item":"https:\/\/www.meydan.tv\/az\/"},{"@type":"ListItem","position":2,"name":"M\u0259nim Fikrimc\u0259","item":"https:\/\/www.meydan.tv\/az\/section\/menim-fikrimce\/"},{"@type":"ListItem","position":3,"name":"M\u0259tbuat\u0131n c\u0259sar\u0259t balans\u0131"}]},{"@type":"WebSite","@id":"https:\/\/www.meydan.tv\/az\/#website","url":"https:\/\/www.meydan.tv\/az\/","name":"MEYDAN.TV","description":"Meydan TV Az\u0259rbaycan\u0131n media m\u0259kan\u0131ndak\u0131 alternativ s\u0259sidir","publisher":{"@id":"https:\/\/www.meydan.tv\/az\/#organization"},"potentialAction":[{"@type":"SearchAction","target":{"@type":"EntryPoint","urlTemplate":"https:\/\/www.meydan.tv\/az\/?s={search_term_string}"},"query-input":{"@type":"PropertyValueSpecification","valueRequired":true,"valueName":"search_term_string"}}],"inLanguage":"az"},{"@type":"Organization","@id":"https:\/\/www.meydan.tv\/az\/#organization","name":"Meydan TV","url":"https:\/\/www.meydan.tv\/az\/","logo":{"@type":"ImageObject","inLanguage":"az","@id":"https:\/\/www.meydan.tv\/az\/#\/schema\/logo\/image\/","url":"https:\/\/www.meydan.tv\/wp-content\/uploads\/2021\/07\/meydan-logo.svg","contentUrl":"https:\/\/www.meydan.tv\/wp-content\/uploads\/2021\/07\/meydan-logo.svg","width":195,"height":46,"caption":"Meydan TV"},"image":{"@id":"https:\/\/www.meydan.tv\/az\/#\/schema\/logo\/image\/"}},{"@type":"Person","@id":"https:\/\/www.meydan.tv\/az\/#\/schema\/person\/10d11eccf6da3662cf5fdab9806ea91a","name":"user-manager"}]}},"_links":{"self":[{"href":"https:\/\/www.meydan.tv\/az\/wp-json\/wp\/v2\/posts\/166036","targetHints":{"allow":["GET"]}}],"collection":[{"href":"https:\/\/www.meydan.tv\/az\/wp-json\/wp\/v2\/posts"}],"about":[{"href":"https:\/\/www.meydan.tv\/az\/wp-json\/wp\/v2\/types\/post"}],"author":[{"embeddable":true,"href":"https:\/\/www.meydan.tv\/az\/wp-json\/wp\/v2\/users\/11"}],"replies":[{"embeddable":true,"href":"https:\/\/www.meydan.tv\/az\/wp-json\/wp\/v2\/comments?post=166036"}],"version-history":[{"count":0,"href":"https:\/\/www.meydan.tv\/az\/wp-json\/wp\/v2\/posts\/166036\/revisions"}],"wp:featuredmedia":[{"embeddable":true,"href":"https:\/\/www.meydan.tv\/az\/wp-json\/wp\/v2\/media\/13136"}],"wp:attachment":[{"href":"https:\/\/www.meydan.tv\/az\/wp-json\/wp\/v2\/media?parent=166036"}],"wp:term":[{"taxonomy":"category","embeddable":true,"href":"https:\/\/www.meydan.tv\/az\/wp-json\/wp\/v2\/categories?post=166036"},{"taxonomy":"post_tag","embeddable":true,"href":"https:\/\/www.meydan.tv\/az\/wp-json\/wp\/v2\/tags?post=166036"}],"curies":[{"name":"wp","href":"https:\/\/api.w.org\/{rel}","templated":true}]}}