{"id":166034,"date":"2014-11-30T04:11:07","date_gmt":"2014-11-30T04:11:07","guid":{"rendered":"https:\/\/www.meydan.tv\/article\/bekarciliqdan-adam-oldurenler\/"},"modified":"2014-11-30T04:11:07","modified_gmt":"2014-11-30T04:11:07","slug":"bekarciliqdan-adam-oldurenler","status":"publish","type":"post","link":"https:\/\/www.meydan.tv\/az\/article\/bekarciliqdan-adam-oldurenler\/","title":{"rendered":"Bekar\u00e7\u0131l\u0131qdan adam \u00f6ld\u00fcr\u0259nl\u0259r"},"content":{"rendered":"<figure class=\"wp-block-image size-large\">\n  <img decoding=\"async\" src=\"https:\/\/www.meydan.tv\/az\/16813\/\" alt=\"\" class=\"wp-image-16813\"\/><figcaption><\/figcaption><\/figure>\n<figure class=\"wp-block-image size-large\">\n  <img decoding=\"async\" src=\"https:\/\/www.meydan.tv\/az\/16816\/\" alt=\"\" class=\"wp-image-16816\"\/><figcaption><\/figcaption><\/figure>\n<p>\n  <b><br \/>\n    <br \/>\n    \u0130st\u0259r iyirmi\u00a0 ya\u015f\u0131 olsun, ist\u0259r s\u0259ks\u0259n , \u00f6yr\u0259nm\u0259kd\u0259n vaz ke\u00e7\u0259n insan ya\u015fl\u0131d\u0131r. \u00d6yr\u0259nm\u0259yi davam ed\u0259n ist\u0259nil\u0259n \u015f\u0259xs is\u0259 g\u0259nc qal\u0131r. Ed\u0259 bil\u0259c\u0259yin \u0259n b\u00f6y\u00fck \u015fey odur ki, a\u011fl\u0131n\u0131 h\u0259mi\u015f\u0259 g\u0259nc saxlayasan.<br \/>\n  <\/b>\n<\/p>\n<p>\n  <b><br \/>\n    Mark Tven<br \/>\n  <\/b>\n<\/p>\n<\/p>\n<p>\n  \u00d6lk\u0259nin t\u0259\u0259ss\u00fcb\u00fc bir t\u0259r\u0259f\u0259, indi \u015f\u0259rqin t\u0259\u0259ss\u00fcb\u00fcn\u00fc \u00e7\u0259k\u0259n n\u0259 q\u0259d\u0259r adam peyda olub. Reall\u0131\u011f\u0131 q\u0259bul etm\u0259k ist\u0259mirl\u0259r, qal\u0131blar ke\u00e7mi\u015fd\u0259 . Q\u0259rb aliml\u0259ri yaxud da bir m\u0259\u015fhur adam \u015f\u0259rq haqq\u0131nda m\u00fcsb\u0259t bir fikir bildirdikd\u0259 u\u015faq kimi sevinirl\u0259r. Bununla onlar ist\u0259r-ist\u0259m\u0259z \u0259slind\u0259 g\u00fcc\u00fcn v\u0259 t\u0259r\u0259qqinin harda oldu\u011funu yax\u015f\u0131 bildikl\u0259rini n\u00fcmayi\u015f etdirirl\u0259r.\n<\/p>\n<p>\n  Bu c\u00fcr adamlara ba\u015f qo\u015fma\u011fa d\u0259ym\u0259z. Onlarla s\u00f6hb\u0259t etm\u0259yi, m\u00fcbahis\u0259y\u0259 giri\u015fm\u0259yi he\u00e7 kim\u0259 m\u0259sl\u0259h\u0259t g\u00f6rm\u00fcr\u0259m. Onlar\u0131n m\u0259nfi enerjisi sizi s\u00f6nd\u00fcr\u0259r. Onlardan uzaq dayanmaq laz\u0131md\u0131. \u0130\u015fl\u0259m\u0259k, savadlanmaq, dil \u00f6yr\u0259nm\u0259k, \u00e7al\u0131\u015fmaq ,\u00a0bu kimi adamlara \u0259n yax\u015f\u0131, \u0259n tutarl\u0131 cavabd\u0131. O ki, qald\u0131 yaz\u0131n\u0131n m\u00fc\u0259llifin\u0259, m\u0259n yaz\u0131m\u0131 yaz\u0131b, qonorar\u0131m\u0131 al\u0131ram. \u018flb\u0259tt\u0259 \u00f6z\u00fcm\u0259 ki\u00e7ik bir bioqrafiya d\u00fcz\u0259ld\u0259 bilm\u0259s\u0259ydim, b\u00fct\u00fcn bu m\u0259\u011flubiyy\u0259tl\u0259ri h\u0259zm ed\u0259 bilm\u0259zdim. \u0130yirmi il m\u0259\u011flub olmaq asan deyil. \u00dcst\u0259lik bu m\u0259\u011flubiyy\u0259tl\u0259rin bir ne\u00e7\u0259si g\u0259nclik d\u00f6vr\u00fcn\u0259 d\u00fc\u015f\u00fcr. H\u0259r d\u0259f\u0259 b\u00f6y\u00fck bir ruh d\u00fc\u015fk\u00fcnl\u00fcy\u00fc ya\u015fad\u0131qdan sonra t\u0259z\u0259d\u0259n q\u00fcvv\u0259ni b\u0259rpa etm\u0259k \u00f6z m\u00f6vcudlu\u011funu qorumaq sizl\u0259r\u0259 asan g\u0259lm\u0259sin.\n<\/p>\n<p>\n  O vaxt m\u0259nsub oldu\u011fum c\u0259bh\u0259d\u0259 xeyli g\u0259ncl\u0259r vard\u0131. Onlar\u0131n h\u0259r biri f\u0259rqli tale ya\u015fad\u0131. H\u0259rd\u0259n qar\u015f\u0131la\u015f\u0131r\u0131q, dayan\u0131b, g\u00f6r\u00fc\u015f\u00fcb s\u00f6hb\u0259t etdik-etm\u0259dik, bir anda n\u0259 q\u0259d\u0259r h\u0259yat s\u0259hn\u0259l\u0259ri \u00a0yada d\u00fc\u015f\u00fcr. B\u0259z\u0259n g\u00f6r\u00fc\u015f\u0259nd\u0259 he\u00e7 ke\u00e7mi\u015f haqda bir k\u0259lm\u0259 d\u0259 dan\u0131\u015fm\u0131r\u0131q. El\u0259 hal-\u0259hval tuturuq nec\u0259s\u0259n, n\u0259 var n\u0259 yox, salamatl\u0131qd\u0131rm\u0131.. V\u0259ssalam. N\u0259 dan\u0131\u015faq, onsuz da h\u0259r \u015fey m\u0259lumdu. Sa\u011f olsun, m\u00fcxalif\u0259t liderl\u0259rimiz, yax\u015f\u0131 \u00fcz\u00fcm\u00fcz\u00fc a\u011f el\u0259dil\u0259r. N\u0259l\u0259r yada d\u00fc\u015fm\u00fcr. \u00a0\u0130claslar, t\u0259dbirl\u0259r, g\u00f6r\u00fc\u015fl\u0259r, m\u00fcbahis\u0259l\u0259r, davalar, intriqalar, dostluq, \u00e7ayxanalar, yem\u0259kxanalar, toylar, n\u0259zak\u0259t qaydalar\u0131, g\u0259l\u0259c\u0259y\u0259 \u00fcmidl\u0259r, arzular,el\u0259 bir ab-hava ki, orda \u0259n vecsiz ki\u015fiy\u0259 d\u0259 b\u0259y, \u0259n eyb\u0259c\u0259r q\u0131za da xan\u0131m deyirl\u0259r&#8230;\n<\/p>\n<p>\n  H\u0259r\u0259 bir t\u0259r\u0259f\u0259 da\u011f\u0131ld\u0131. \u0130ndi biri d\u0259li olub, biri ail\u0259 qurub, biri xaricd\u0259di, \u00f6l\u0259nl\u0259r var art\u0131q, biri tamam s\u0131f\u0131rdad\u0131, biri alver edir, ba\u015fqas\u0131 Rusiyada n\u0259yl\u0259s\u0259 m\u0259\u015f\u011fuldu, bilmirs\u0259n yax\u015f\u0131 ya\u015fay\u0131r, bilmirs\u0259n pis ya\u015fay\u0131r, biri h\u0259kimdi, biri m\u00fc\u0259llim&#8230; H\u0259r\u0259 bir t\u0259r\u0259fd\u0259, h\u0259r\u0259 bir i\u015fl\u0259 m\u0259\u015f\u011fuldu. Xeyli adam da yoxa \u00e7\u0131x\u0131b. El\u0259 bil he\u00e7 \u0259vv\u0259ld\u0259n yox imi\u015fl\u0259r. H\u0259rd\u0259n \u00f6z \u00f6z\u00fcm\u0259 d\u00fc\u015f\u00fcn\u00fcr\u0259m, onlar do\u011furdan da olublar, yoxsa bu bir il\u011f\u0131m idi&#8230;\n<\/p>\n<p>\n  Sovet d\u00f6vr\u00fcnd\u0259 bir ad\u0259tfason \u015fey vard\u0131. Bir o\u011furluq, cinay\u0259t hadis\u0259si ba\u015f ver\u0259nd\u0259 ham\u0131dan \u0259vv\u0259l avara-uvara, i\u015fsiz ortal\u0131qda g\u0259z\u0259n adamlar\u0131 \u00e7a\u011f\u0131r\u0131b sor\u011fu-sual edirdil\u0259r. Ola bilsin, bu h\u0259r yerd\u0259 h\u0259r zaman bel\u0259 olub. Lakin sovet zaman\u0131 bu sor\u011fu daha a\u00e7\u0131q-a\u015fkar apar\u0131l\u0131rd\u0131 . Yad\u0131mdad\u0131, tan\u0131\u015f bir u\u015faq iki g\u00fcn d\u0259rs\u0259 getm\u0259mi\u015fdi. M\u0259kt\u0259bd\u0259n ev\u0259 dedil\u0259r. Atas\u0131 u\u015fa\u011f\u0131 qorxutmaq \u00fc\u00e7\u00fcn bir az da artistiziml\u0259 dedi:- ist\u0259yirs\u0259n, g\u0259lib m\u0259ni tutsunlar?\u00a0 U\u015faq do\u011furdan da qorxumu\u015fdu ki, m\u0259kt\u0259bd\u0259n qa\u00e7sa onun atas\u0131n\u0131 tuta bil\u0259rl\u0259r. Bir qoca ki\u015fi tan\u0131y\u0131rd\u0131m.. \u0130mkan vermirdi n\u0259sild\u0259 bir adam bo\u015f- bekar dayans\u0131n. \u018fsg\u0259rlikd\u0259n g\u0259ldi, \u00fc\u00e7-d\u00f6rd g\u00fcn formada \u00f6z\u00fcn\u00fc ona-buna g\u00f6st\u0259rdi, v\u0259ssalam. Bas\u0131rd\u0131 i\u015fl\u0259m\u0259y\u0259. Birini hardasa qarovul\u00e7u, birini tikintid\u0259 f\u0259hl\u0259, birini s\u00fcr\u00fcc\u00fc, birini \u00e7\u00f6r\u0259k zavodunda n\u0259 bilim n\u0259&#8230;\n<\/p>\n<p>\n  H\u0259mi\u015f\u0259 d\u0259 dey\u0259rdi:- adam\u0131n ba\u015f\u0131na n\u0259 pis i\u015f g\u0259lirs\u0259, ham\u0131s\u0131 bekar\u00e7\u0131l\u0131qdan g\u0259lir.\n<\/p>\n<p>\n  Sonradan m\u0259n bunu Taqorda da oxudum, Volterd\u0259 d\u0259. S\u00f6hb\u0259t ondan getmir, adam el\u0259 m\u00fctl\u0259q hardasa i\u015fl\u0259yib, maa\u015f almal\u0131d\u0131. Yox, insan\u0131n \u00fcmumiyy\u0259tl\u0259 avara olmas\u0131, bekar\u00e7\u0131l\u0131qdan \u0259ziyy\u0259t \u00e7\u0259km\u0259si \u00e7ox pis hald\u0131. \u0130nsan, \u00fcmumiyy\u0259tl\u0259, bo\u015f qalmamal\u0131d\u0131. N\u0259s\u0259 bir hobbisi olmal\u0131d\u0131. Vaxt\u0131n\u0131n d\u0259y\u0259rini bilm\u0259lidi. \u00d6yr\u0259nm\u0259lidi. G\u00f6zl\u0259m\u0259milidir ki, m\u00fctl\u0259q i\u015f tapandan sonra el\u0259 i\u015fl\u0259m\u0259lidi. Z\u0259hm\u0259t \u00f6z s\u00f6z\u00fcn\u00fc ax\u0131r \u0259vv\u0259l deyir. Hemenquey deyirdi ki, inadkarl\u0131\u011f\u0131m m\u0259ni yaz\u0131\u00e7\u0131 etdi. Daimilik u\u011furun vacib \u015f\u0259rtl\u0259rind\u0259n biridi.\n<\/p>\n<p>\n  \u0130nsan\u0131n i\u015fd\u0259n yorulmas\u0131 bir az yalan s\u00f6hb\u0259tdi. \u0130nsan m\u0259nas\u0131z i\u015fd\u0259n yorula bil\u0259r. Buna katorqa i\u015fi dey\u0259 bil\u0259rik. O i\u015f ki, he\u00e7 bir s\u0259m\u0259r\u0259si yoxdu. El\u0259 bil m\u0259nas\u0131z yer\u0259 bir vedr\u0259d\u0259ki suyu qa\u015f\u0131qla o biri vedr\u0259y\u0259 t\u00f6k\u00fcrs\u0259n. \u0130nsan bekar\u00e7\u0131l\u0131qdan daha \u00e7ox yorulur. Hans\u0131 g\u00fcn\u00fc i\u015fl\u0259yir\u0259ms\u0259, h\u0259min g\u00fcn yediyim-i\u00e7diyim d\u0259 can\u0131ma yat\u0131r. Rahat g\u0259z\u0259 bilir\u0259m. Ba\u015fa d\u00fc\u015f\u00fcrs\u0259n ki, g\u00fcn bo\u015f yer\u0259 getm\u0259yib. M\u00fc\u015fahid\u0259 edir\u0259m, h\u0259qiq\u0259t\u0259n d\u0259 bu g\u00fcn xeyli insan bekar\u00e7\u0131l\u0131qdan b\u00f6y\u00fck \u0259ziyy\u0259t \u00e7\u0259kir. Onlar \u00f6zl\u0259rini ifad\u0259 ed\u0259 bilmirl\u0259r. T\u0259\u015fvi\u015f i\u00e7\u0259risind\u0259dirl\u0259r. S\u00f6hb\u0259t qism\u0259n savadl\u0131, m\u0259rif\u0259tli adamlardan\u00a0 gedir. O insanlar ki, onlar\u0131n \u00a0h\u0259r hans\u0131 bir sah\u0259d\u0259 \u00e7al\u0131\u015fmas\u0131 c\u0259miyy\u0259t \u00fc\u00e7\u00fcn yararl\u0131 ola bil\u0259r. Onlar ruhdan d\u00fc\u015fm\u0259sinl\u0259r. \u018fn vacib \u015f\u0259rt \u00a0bekar qalmamaqd\u0131. N\u0259s\u0259 faydal\u0131 bir i\u015fl\u0259 m\u0259\u015f\u011ful olmaqd\u0131.\n<\/p>\n<p>\n  \u00d6z \u015f\u0259xsi t\u0259cr\u00fcb\u0259md\u0259n misal g\u0259tir\u0259 bil\u0259r\u0259m. H\u0259r c\u00fcr ax\u0131na, h\u0259r c\u00fcr h\u0259r\u0259kata qo\u015fulmu\u015fam, xeyli axmaq h\u0259r\u0259k\u0259tl\u0259rim olub, i\u015f tapa bilm\u0259m\u0259kd\u0259n b\u00f6y\u00fck \u0259ziyy\u0259t \u00e7\u0259kmi\u015f\u0259m, evd\u0259n minn\u0259tl\u0259 pul veribl\u0259r, almaq da \u00e7\u0259tin olub. Lakin n\u0259 ba\u015f verirdis\u0259 versin, hans\u0131 ruhi v\u0259ziyy\u0259td\u0259 olurdumsa olum, m\u00fctali\u0259d\u0259n qalm\u0131rd\u0131m. D\u00fc\u015f\u00fcn\u00fcr\u0259m ki, bu da az-\u00e7ox \u00f6z t\u0259sirini g\u00f6st\u0259rdi. Bo\u015fluq, bekar\u00e7\u0131l\u0131q adam\u0131 ruhdan sal\u0131r. \u00d6lk\u0259mizd\u0259 xeyli insan\u0131n hobbisi yoxdu. Onlar vaxt\u0131n\u0131 hara x\u0259rcl\u0259y\u0259c\u0259kl\u0259rini bilmirl\u0259r. Bilmirl\u0259r, n\u0259 etsinl\u0259r. Bo\u015fluq v\u0259 bekar\u00e7\u0131l\u0131q onlar\u0131 h\u0259r c\u00fcr \u0259m\u0259l\u0259 \u0259l atma\u011fa s\u00f6vq edir. M\u0259n\u0259vi d\u00fcnyalar\u0131 kasadd\u0131r dey\u0259 narahatd\u0131lar.\n<\/p>\n<p>\n  Halbuki n\u0259 q\u0259d\u0259r i\u015f g\u00f6rm\u0259k olar. Ba\u011f salmaq olar. G\u00fcl \u0259km\u0259k olar. Kolleksiya y\u0131\u011fmaq olar. Hans\u0131sa bir s\u0259n\u0259tl\u0259 m\u0259\u015f\u011ful olmaq olar. \u00d6yr\u0259nm\u0259k ist\u0259y\u0259n adam \u00fc\u00e7\u00fcn bu g\u00fcn h\u0259r bir \u015f\u0259rait var. Qal\u0131r vaxt\u0131n qiym\u0259tini bilm\u0259k. \u00a0Vaxt \u00e7oxlu\u011fundan \u0259ziyy\u0259t \u00e7\u0259k\u0259nl\u0259r \u00a0evin mebelini d\u0259yi\u015firl\u0259r. G\u00fccl\u0259ri tikintiy\u0259 \u00e7at\u0131r. Da\u015f, qum, sement, armatur onlar\u0131n sevimli oyuncaqlar\u0131d\u0131r.\n<\/p>\n<p>\n  Bu q\u0259d\u0259r tikirl\u0259r, bu q\u0259d\u0259r s\u00f6k\u00fcrl\u0259r yen\u0259 d\u0259 rahat ola bilmirl\u0259r. Bekar\u00e7\u0131l\u0131qdan dava-dala\u015f sal\u0131rlar, h\u0259tta vurub bir-birl\u0259rini d\u0259 \u00f6ld\u00fcr\u00fcrl\u0259r. Ciddi deyir\u0259m. \u018fg\u0259r siz \u00f6lk\u0259d\u0259 ba\u015f ver\u0259n q\u0259tl hadis\u0259l\u0259rinin bir \u00e7oxunu bir balaca d\u0259rind\u0259n analiz ets\u0259niz g\u00f6r\u0259c\u0259ksiniz ki, q\u0259tli t\u00f6r\u0259d\u0259n adam bekar\u00e7\u0131l\u0131qdan \u0259ziyy\u0259t \u00e7\u0259kirmi\u015f.\n<\/p>\n<p>\n  Torpa\u011fa s\u0259pilmi\u015f peyin, sand\u0131\u011fa doldurulmu\u015f q\u0131z\u0131ldan qiym\u0259tlidi.<\/p>\n","protected":false},"excerpt":{"rendered":"<p>Ist\u0259r iyirmi  ya\u015f\u0131 olsun, ist\u0259r s\u0259ks\u0259n , \u00f6yr\u0259nm\u0259kd\u0259n vaz ke\u00e7\u0259n insan ya\u015fl\u0131d\u0131r&#8230;<\/p>\n","protected":false},"author":11,"featured_media":16813,"comment_status":"closed","ping_status":"open","sticky":false,"template":"","format":"standard","meta":{"_acf_changed":false,"_sitemap_exclude":false,"_sitemap_priority":"","_sitemap_frequency":"","footnotes":""},"categories":[57],"tags":[],"class_list":["post-166034","post","type-post","status-publish","format-standard","has-post-thumbnail","hentry","category-menim-fikrimce","infinite-scroll-item","generate-columns","tablet-grid-50","mobile-grid-100","grid-parent","grid-33","no-featured-image-padding"],"acf":[],"yoast_head":"<!-- This site is optimized with the Yoast SEO plugin v27.4 - https:\/\/yoast.com\/product\/yoast-seo-wordpress\/ -->\n<title>Bekar\u00e7\u0131l\u0131qdan adam \u00f6ld\u00fcr\u0259nl\u0259r - MEYDAN.TV<\/title>\n<meta name=\"robots\" content=\"index, follow, max-snippet:-1, max-image-preview:large, max-video-preview:-1\" \/>\n<link rel=\"canonical\" href=\"https:\/\/www.meydan.tv\/az\/article\/bekarciliqdan-adam-oldurenler\/\" \/>\n<meta property=\"og:locale\" content=\"az_AZ\" \/>\n<meta property=\"og:type\" content=\"article\" \/>\n<meta property=\"og:title\" content=\"Bekar\u00e7\u0131l\u0131qdan adam \u00f6ld\u00fcr\u0259nl\u0259r - MEYDAN.TV\" \/>\n<meta property=\"og:description\" content=\"Ist\u0259r iyirmi ya\u015f\u0131 olsun, ist\u0259r s\u0259ks\u0259n , \u00f6yr\u0259nm\u0259kd\u0259n vaz ke\u00e7\u0259n insan ya\u015fl\u0131d\u0131r...\" \/>\n<meta property=\"og:url\" content=\"https:\/\/www.meydan.tv\/az\/article\/bekarciliqdan-adam-oldurenler\/\" \/>\n<meta property=\"og:site_name\" content=\"MEYDAN.TV\" \/>\n<meta property=\"article:published_time\" content=\"2014-11-30T04:11:07+00:00\" \/>\n<meta property=\"og:image\" content=\"https:\/\/www.meydan.tv\/wp-content\/uploads\/5975.jpg\" \/>\n\t<meta property=\"og:image:width\" content=\"500\" \/>\n\t<meta property=\"og:image:height\" content=\"500\" \/>\n\t<meta property=\"og:image:type\" content=\"image\/jpeg\" \/>\n<meta name=\"author\" content=\"user-manager\" \/>\n<meta name=\"twitter:card\" content=\"summary_large_image\" \/>\n<script type=\"application\/ld+json\" class=\"yoast-schema-graph\">{\"@context\":\"https:\\\/\\\/schema.org\",\"@graph\":[{\"@type\":\"Article\",\"@id\":\"https:\\\/\\\/www.meydan.tv\\\/az\\\/article\\\/bekarciliqdan-adam-oldurenler\\\/#article\",\"isPartOf\":{\"@id\":\"https:\\\/\\\/www.meydan.tv\\\/az\\\/article\\\/bekarciliqdan-adam-oldurenler\\\/\"},\"author\":{\"name\":\"user-manager\",\"@id\":\"https:\\\/\\\/www.meydan.tv\\\/az\\\/#\\\/schema\\\/person\\\/10d11eccf6da3662cf5fdab9806ea91a\"},\"headline\":\"Bekar\u00e7\u0131l\u0131qdan adam \u00f6ld\u00fcr\u0259nl\u0259r\",\"datePublished\":\"2014-11-30T04:11:07+00:00\",\"mainEntityOfPage\":{\"@id\":\"https:\\\/\\\/www.meydan.tv\\\/az\\\/article\\\/bekarciliqdan-adam-oldurenler\\\/\"},\"wordCount\":1454,\"publisher\":{\"@id\":\"https:\\\/\\\/www.meydan.tv\\\/az\\\/#organization\"},\"image\":{\"@id\":\"https:\\\/\\\/www.meydan.tv\\\/az\\\/article\\\/bekarciliqdan-adam-oldurenler\\\/#primaryimage\"},\"thumbnailUrl\":\"https:\\\/\\\/www.meydan.tv\\\/wp-content\\\/uploads\\\/5975.jpg\",\"articleSection\":[\"M\u0259nim Fikrimc\u0259\"],\"inLanguage\":\"az\"},{\"@type\":\"WebPage\",\"@id\":\"https:\\\/\\\/www.meydan.tv\\\/az\\\/article\\\/bekarciliqdan-adam-oldurenler\\\/\",\"url\":\"https:\\\/\\\/www.meydan.tv\\\/az\\\/article\\\/bekarciliqdan-adam-oldurenler\\\/\",\"name\":\"Bekar\u00e7\u0131l\u0131qdan adam \u00f6ld\u00fcr\u0259nl\u0259r - MEYDAN.TV\",\"isPartOf\":{\"@id\":\"https:\\\/\\\/www.meydan.tv\\\/az\\\/#website\"},\"primaryImageOfPage\":{\"@id\":\"https:\\\/\\\/www.meydan.tv\\\/az\\\/article\\\/bekarciliqdan-adam-oldurenler\\\/#primaryimage\"},\"image\":{\"@id\":\"https:\\\/\\\/www.meydan.tv\\\/az\\\/article\\\/bekarciliqdan-adam-oldurenler\\\/#primaryimage\"},\"thumbnailUrl\":\"https:\\\/\\\/www.meydan.tv\\\/wp-content\\\/uploads\\\/5975.jpg\",\"datePublished\":\"2014-11-30T04:11:07+00:00\",\"breadcrumb\":{\"@id\":\"https:\\\/\\\/www.meydan.tv\\\/az\\\/article\\\/bekarciliqdan-adam-oldurenler\\\/#breadcrumb\"},\"inLanguage\":\"az\",\"potentialAction\":[{\"@type\":\"ReadAction\",\"target\":[\"https:\\\/\\\/www.meydan.tv\\\/az\\\/article\\\/bekarciliqdan-adam-oldurenler\\\/\"]}]},{\"@type\":\"ImageObject\",\"inLanguage\":\"az\",\"@id\":\"https:\\\/\\\/www.meydan.tv\\\/az\\\/article\\\/bekarciliqdan-adam-oldurenler\\\/#primaryimage\",\"url\":\"https:\\\/\\\/www.meydan.tv\\\/wp-content\\\/uploads\\\/5975.jpg\",\"contentUrl\":\"https:\\\/\\\/www.meydan.tv\\\/wp-content\\\/uploads\\\/5975.jpg\",\"width\":500,\"height\":500,\"caption\":\"Source:\"},{\"@type\":\"BreadcrumbList\",\"@id\":\"https:\\\/\\\/www.meydan.tv\\\/az\\\/article\\\/bekarciliqdan-adam-oldurenler\\\/#breadcrumb\",\"itemListElement\":[{\"@type\":\"ListItem\",\"position\":1,\"name\":\"Ana s\u0259hif\u0259\",\"item\":\"https:\\\/\\\/www.meydan.tv\\\/az\\\/\"},{\"@type\":\"ListItem\",\"position\":2,\"name\":\"M\u0259nim Fikrimc\u0259\",\"item\":\"https:\\\/\\\/www.meydan.tv\\\/az\\\/section\\\/menim-fikrimce\\\/\"},{\"@type\":\"ListItem\",\"position\":3,\"name\":\"Bekar\u00e7\u0131l\u0131qdan adam \u00f6ld\u00fcr\u0259nl\u0259r\"}]},{\"@type\":\"WebSite\",\"@id\":\"https:\\\/\\\/www.meydan.tv\\\/az\\\/#website\",\"url\":\"https:\\\/\\\/www.meydan.tv\\\/az\\\/\",\"name\":\"MEYDAN.TV\",\"description\":\"Meydan TV Az\u0259rbaycan\u0131n media m\u0259kan\u0131ndak\u0131 alternativ s\u0259sidir\",\"publisher\":{\"@id\":\"https:\\\/\\\/www.meydan.tv\\\/az\\\/#organization\"},\"potentialAction\":[{\"@type\":\"SearchAction\",\"target\":{\"@type\":\"EntryPoint\",\"urlTemplate\":\"https:\\\/\\\/www.meydan.tv\\\/az\\\/?s={search_term_string}\"},\"query-input\":{\"@type\":\"PropertyValueSpecification\",\"valueRequired\":true,\"valueName\":\"search_term_string\"}}],\"inLanguage\":\"az\"},{\"@type\":\"Organization\",\"@id\":\"https:\\\/\\\/www.meydan.tv\\\/az\\\/#organization\",\"name\":\"Meydan TV\",\"url\":\"https:\\\/\\\/www.meydan.tv\\\/az\\\/\",\"logo\":{\"@type\":\"ImageObject\",\"inLanguage\":\"az\",\"@id\":\"https:\\\/\\\/www.meydan.tv\\\/az\\\/#\\\/schema\\\/logo\\\/image\\\/\",\"url\":\"https:\\\/\\\/www.meydan.tv\\\/wp-content\\\/uploads\\\/2021\\\/07\\\/meydan-logo.svg\",\"contentUrl\":\"https:\\\/\\\/www.meydan.tv\\\/wp-content\\\/uploads\\\/2021\\\/07\\\/meydan-logo.svg\",\"width\":195,\"height\":46,\"caption\":\"Meydan TV\"},\"image\":{\"@id\":\"https:\\\/\\\/www.meydan.tv\\\/az\\\/#\\\/schema\\\/logo\\\/image\\\/\"}},{\"@type\":\"Person\",\"@id\":\"https:\\\/\\\/www.meydan.tv\\\/az\\\/#\\\/schema\\\/person\\\/10d11eccf6da3662cf5fdab9806ea91a\",\"name\":\"user-manager\"}]}<\/script>\n<!-- \/ Yoast SEO plugin. -->","yoast_head_json":{"title":"Bekar\u00e7\u0131l\u0131qdan adam \u00f6ld\u00fcr\u0259nl\u0259r - MEYDAN.TV","robots":{"index":"index","follow":"follow","max-snippet":"max-snippet:-1","max-image-preview":"max-image-preview:large","max-video-preview":"max-video-preview:-1"},"canonical":"https:\/\/www.meydan.tv\/az\/article\/bekarciliqdan-adam-oldurenler\/","og_locale":"az_AZ","og_type":"article","og_title":"Bekar\u00e7\u0131l\u0131qdan adam \u00f6ld\u00fcr\u0259nl\u0259r - MEYDAN.TV","og_description":"Ist\u0259r iyirmi ya\u015f\u0131 olsun, ist\u0259r s\u0259ks\u0259n , \u00f6yr\u0259nm\u0259kd\u0259n vaz ke\u00e7\u0259n insan ya\u015fl\u0131d\u0131r...","og_url":"https:\/\/www.meydan.tv\/az\/article\/bekarciliqdan-adam-oldurenler\/","og_site_name":"MEYDAN.TV","article_published_time":"2014-11-30T04:11:07+00:00","og_image":[{"width":500,"height":500,"url":"https:\/\/www.meydan.tv\/wp-content\/uploads\/5975.jpg","type":"image\/jpeg"}],"author":"user-manager","twitter_card":"summary_large_image","schema":{"@context":"https:\/\/schema.org","@graph":[{"@type":"Article","@id":"https:\/\/www.meydan.tv\/az\/article\/bekarciliqdan-adam-oldurenler\/#article","isPartOf":{"@id":"https:\/\/www.meydan.tv\/az\/article\/bekarciliqdan-adam-oldurenler\/"},"author":{"name":"user-manager","@id":"https:\/\/www.meydan.tv\/az\/#\/schema\/person\/10d11eccf6da3662cf5fdab9806ea91a"},"headline":"Bekar\u00e7\u0131l\u0131qdan adam \u00f6ld\u00fcr\u0259nl\u0259r","datePublished":"2014-11-30T04:11:07+00:00","mainEntityOfPage":{"@id":"https:\/\/www.meydan.tv\/az\/article\/bekarciliqdan-adam-oldurenler\/"},"wordCount":1454,"publisher":{"@id":"https:\/\/www.meydan.tv\/az\/#organization"},"image":{"@id":"https:\/\/www.meydan.tv\/az\/article\/bekarciliqdan-adam-oldurenler\/#primaryimage"},"thumbnailUrl":"https:\/\/www.meydan.tv\/wp-content\/uploads\/5975.jpg","articleSection":["M\u0259nim Fikrimc\u0259"],"inLanguage":"az"},{"@type":"WebPage","@id":"https:\/\/www.meydan.tv\/az\/article\/bekarciliqdan-adam-oldurenler\/","url":"https:\/\/www.meydan.tv\/az\/article\/bekarciliqdan-adam-oldurenler\/","name":"Bekar\u00e7\u0131l\u0131qdan adam \u00f6ld\u00fcr\u0259nl\u0259r - MEYDAN.TV","isPartOf":{"@id":"https:\/\/www.meydan.tv\/az\/#website"},"primaryImageOfPage":{"@id":"https:\/\/www.meydan.tv\/az\/article\/bekarciliqdan-adam-oldurenler\/#primaryimage"},"image":{"@id":"https:\/\/www.meydan.tv\/az\/article\/bekarciliqdan-adam-oldurenler\/#primaryimage"},"thumbnailUrl":"https:\/\/www.meydan.tv\/wp-content\/uploads\/5975.jpg","datePublished":"2014-11-30T04:11:07+00:00","breadcrumb":{"@id":"https:\/\/www.meydan.tv\/az\/article\/bekarciliqdan-adam-oldurenler\/#breadcrumb"},"inLanguage":"az","potentialAction":[{"@type":"ReadAction","target":["https:\/\/www.meydan.tv\/az\/article\/bekarciliqdan-adam-oldurenler\/"]}]},{"@type":"ImageObject","inLanguage":"az","@id":"https:\/\/www.meydan.tv\/az\/article\/bekarciliqdan-adam-oldurenler\/#primaryimage","url":"https:\/\/www.meydan.tv\/wp-content\/uploads\/5975.jpg","contentUrl":"https:\/\/www.meydan.tv\/wp-content\/uploads\/5975.jpg","width":500,"height":500,"caption":"Source:"},{"@type":"BreadcrumbList","@id":"https:\/\/www.meydan.tv\/az\/article\/bekarciliqdan-adam-oldurenler\/#breadcrumb","itemListElement":[{"@type":"ListItem","position":1,"name":"Ana s\u0259hif\u0259","item":"https:\/\/www.meydan.tv\/az\/"},{"@type":"ListItem","position":2,"name":"M\u0259nim Fikrimc\u0259","item":"https:\/\/www.meydan.tv\/az\/section\/menim-fikrimce\/"},{"@type":"ListItem","position":3,"name":"Bekar\u00e7\u0131l\u0131qdan adam \u00f6ld\u00fcr\u0259nl\u0259r"}]},{"@type":"WebSite","@id":"https:\/\/www.meydan.tv\/az\/#website","url":"https:\/\/www.meydan.tv\/az\/","name":"MEYDAN.TV","description":"Meydan TV Az\u0259rbaycan\u0131n media m\u0259kan\u0131ndak\u0131 alternativ s\u0259sidir","publisher":{"@id":"https:\/\/www.meydan.tv\/az\/#organization"},"potentialAction":[{"@type":"SearchAction","target":{"@type":"EntryPoint","urlTemplate":"https:\/\/www.meydan.tv\/az\/?s={search_term_string}"},"query-input":{"@type":"PropertyValueSpecification","valueRequired":true,"valueName":"search_term_string"}}],"inLanguage":"az"},{"@type":"Organization","@id":"https:\/\/www.meydan.tv\/az\/#organization","name":"Meydan TV","url":"https:\/\/www.meydan.tv\/az\/","logo":{"@type":"ImageObject","inLanguage":"az","@id":"https:\/\/www.meydan.tv\/az\/#\/schema\/logo\/image\/","url":"https:\/\/www.meydan.tv\/wp-content\/uploads\/2021\/07\/meydan-logo.svg","contentUrl":"https:\/\/www.meydan.tv\/wp-content\/uploads\/2021\/07\/meydan-logo.svg","width":195,"height":46,"caption":"Meydan TV"},"image":{"@id":"https:\/\/www.meydan.tv\/az\/#\/schema\/logo\/image\/"}},{"@type":"Person","@id":"https:\/\/www.meydan.tv\/az\/#\/schema\/person\/10d11eccf6da3662cf5fdab9806ea91a","name":"user-manager"}]}},"_links":{"self":[{"href":"https:\/\/www.meydan.tv\/az\/wp-json\/wp\/v2\/posts\/166034","targetHints":{"allow":["GET"]}}],"collection":[{"href":"https:\/\/www.meydan.tv\/az\/wp-json\/wp\/v2\/posts"}],"about":[{"href":"https:\/\/www.meydan.tv\/az\/wp-json\/wp\/v2\/types\/post"}],"author":[{"embeddable":true,"href":"https:\/\/www.meydan.tv\/az\/wp-json\/wp\/v2\/users\/11"}],"replies":[{"embeddable":true,"href":"https:\/\/www.meydan.tv\/az\/wp-json\/wp\/v2\/comments?post=166034"}],"version-history":[{"count":0,"href":"https:\/\/www.meydan.tv\/az\/wp-json\/wp\/v2\/posts\/166034\/revisions"}],"wp:featuredmedia":[{"embeddable":true,"href":"https:\/\/www.meydan.tv\/az\/wp-json\/wp\/v2\/media\/16813"}],"wp:attachment":[{"href":"https:\/\/www.meydan.tv\/az\/wp-json\/wp\/v2\/media?parent=166034"}],"wp:term":[{"taxonomy":"category","embeddable":true,"href":"https:\/\/www.meydan.tv\/az\/wp-json\/wp\/v2\/categories?post=166034"},{"taxonomy":"post_tag","embeddable":true,"href":"https:\/\/www.meydan.tv\/az\/wp-json\/wp\/v2\/tags?post=166034"}],"curies":[{"name":"wp","href":"https:\/\/api.w.org\/{rel}","templated":true}]}}