{"id":166010,"date":"2014-11-28T05:04:29","date_gmt":"2014-11-28T05:04:29","guid":{"rendered":"https:\/\/www.meydan.tv\/article\/suseli-skafdaki-cehizler\/"},"modified":"2014-11-28T05:04:29","modified_gmt":"2014-11-28T05:04:29","slug":"suseli-skafdaki-cehizler","status":"publish","type":"post","link":"https:\/\/www.meydan.tv\/az\/article\/suseli-skafdaki-cehizler\/","title":{"rendered":"\u015e\u00fc\u015f\u0259li \u015fkafdak\u0131 cehizl\u0259r&#8230;"},"content":{"rendered":"<figure class=\"wp-block-image size-large\">\n  <img decoding=\"async\" src=\"https:\/\/www.meydan.tv\/az\/16686\/\" alt=\"\" class=\"wp-image-16686\"\/><figcaption><\/figcaption><\/figure>\n<figure class=\"wp-block-image size-large\">\n  <img decoding=\"async\" src=\"https:\/\/www.meydan.tv\/az\/16689\/\" alt=\"\" class=\"wp-image-16689\"\/><figcaption><\/figcaption><\/figure>\n<p>\n  Az\u0259rbaycanl\u0131 ail\u0259l\u0259rinin \u00a0evind\u0259 b\u00f6y\u00fck qutulara ox\u015fayan \u015f\u00fc\u015f\u0259li \u015fkaflar olur. Onlar\u0131n i\u00e7ind\u0259 anadan q\u0131za \u00f6t\u00fcr\u00fcl\u0259n, \u00e7ox vaxt is\u0259 sonunda laz\u0131ms\u0131z \u0259\u015fya kimi evin bir k\u00fcnc\u00fcn\u0259 y\u0131\u011f\u0131lan, vaxt\u0131nda bahal\u0131 pullara al\u0131nm\u0131\u015f m\u00fcxt\u0259lif servisl\u0259r olur. Bu qablar bir \u00e7ox az\u0259rbaycanl\u0131 evl\u0259rinin dekorasiyas\u0131n\u0131 t\u0259\u015fkil edir.\n<\/p>\n<p>\n  Az\u0259rbaycana bir il m\u00fcdd\u0259tin\u0259 g\u0259l\u0259n xarici xan\u0131mla h\u00f6rm\u0259tli bir t\u0259lim zaman\u0131 s\u00f6hb\u0259t ed\u0259rk\u0259n \u00f6z t\u0259\u0259ss\u00fcratlar\u0131n\u0131 bel\u0259 b\u00f6l\u00fc\u015f\u00fcrd\u00fc.\u00a0\u00a0 \u00dcmumiyy\u0259tl\u0259,\u00a0 dem\u0259k olar ki, h\u0259r bir az\u0259rbaycanl\u0131n\u0131n evind\u0259 bu tipli mebell\u0259r olur. B\u0259zil\u0259rimizin evind\u0259, bir q\u0259d\u0259r oxumu\u015f, savadl\u0131 ail\u0259l\u0259rd\u0259 bununla yana\u015f\u0131 b\u00f6y\u00fck, g\u00f6z\u0259g\u0259limli bi\u00e7imd\u0259 kitab \u015fkaflar\u0131 da var. Son vaxtlar sosial \u015f\u0259b\u0259k\u0259l\u0259rd\u0259 g\u0259ncl\u0259rin evd\u0259 g\u00f6r\u00fcb-g\u00f6t\u00fcrd\u00fcy\u00fc yox, \u00f6z d\u00fcnyalar\u0131n\u0131n m\u0259hsulu olan xudmani kitab \u015fkaflar\u0131n\u0131n \u015f\u0259kill\u0259rin\u0259 d\u0259 rast g\u0259lm\u0259k olur.\n<\/p>\n<p>\n  Axr\u0131nc\u0131 d\u0259f\u0259 k\u0259ndd\u0259 ged\u0259nd\u0259 evimizd\u0259ki kitab \u015fkaf\u0131nda qalan son kitablar\u0131n\u0131n \u00fczl\u0259rini c\u0131r\u0131q-c\u0131r\u0131q, \u00f6z\u00fc d\u0259 zibillikd\u0259 g\u00f6rd\u00fcm.\u00a0 Anam \u00e7ox ya\u015fla\u015f\u0131b, atam da, evd\u0259ki hans\u0131sa \u0259\u015fyalar\u0131n qay\u011f\u0131s\u0131na qala bilmirl\u0259r art\u0131q. N\u0259 harda k\u00f6hn\u0259lib s\u0131n\u0131r-da\u011f\u0131l\u0131rsa el\u0259 orda da qal\u0131r.\n<\/p>\n<p>\n  Evimizd\u0259 u\u015faq vaxt\u0131ndan qalma kitab \u015fkaf\u0131n\u0131n yerind\u0259 bir q\u0259d\u0259r m\u00fcasir d\u0259b\u0259 uy\u011fun televizor alt\u0131\u011f\u0131 var. \u0130\u00e7i d\u0259 ki, bombo\u015f. Amma etiraf edim ki, \u00fcmumi Az\u0259rbaycan ail\u0259l\u0259rind\u0259 oldu\u011fu kimi bizim d\u0259 evimizin g\u00f6rk\u0259mli yerind\u0259 o b\u00f6y\u00fck qutulara b\u0259nz\u0259y\u0259n, i\u00e7ind\u0259 d\u0259 laz\u0131ms\u0131z qab-qacaq olan mebel dayan\u0131b.\n<\/p>\n<p>\n  Ki\u00e7ik ya\u015flar\u0131ndan u\u015faqlar\u0131n\u0131 oxuma\u011fa, yaz\u0131 yazma\u011fa h\u0259v\u0259sl\u0259ndir\u0259n orta statistik Az\u0259rbaycan ail\u0259si\u00a0 niy\u0259 g\u00f6r\u0259s\u0259n\u00a0 bu i\u015fi u\u015faqlar\u0131na vizual \u015f\u0259kild\u0259 s\u00fcbut etm\u0259k ist\u0259mir ki, kitab do\u011furdan da m\u00fcq\u0259dd\u0259sdir, oxumaq bizim g\u0259l\u0259c\u0259yimiz\u0259 i\u015f\u0131q sal\u0131r.\n<\/p>\n<p>\n  \u00c7ox yax\u0131n bir qohumumun evind\u0259 oluram tez-tez. Kiray\u0259 qald\u0131\u011f\u0131m \u00fc\u00e7\u00fcn he\u00e7 vaxt kitab \u015fkaf\u0131m olmay\u0131b. Burdan ora, ordan bura da\u015f\u0131nmaq \u00e7\u0259tindir, h\u0259l\u0259 \u00fcst\u0259lik kitab \u015fkaf\u0131n varsa bu \u00e7ox a\u011f\u0131r y\u00fckd\u00fcr.\u00a0 Bunun \u00fc\u00e7\u00fcn\u00a0 b\u00fct\u00fcn kitablar\u0131m\u0131 yek\u0259 paltar \u00e7omadanlar\u0131na y\u0131\u011f\u0131b, h\u0259min qohumlar\u0131n evin\u0259 yerl\u0259\u015fdirdim. Bir g\u00fcn onlara ba\u015f \u00e7\u0259k\u0259nd\u0259, kitab\u00a0 \u00e7omadanlar\u0131m\u0131 evd\u0259 g\u00f6rm\u0259dim, soru\u015fanda cavab verdil\u0259r ki, \u00e7omadanlar h\u0259y\u0259td\u0259dir, evd\u0259 yer olmad\u0131\u011f\u0131 \u00fc\u00e7\u00fcn onlar\u0131 h\u0259y\u0259t\u0259 qoyduq. S\u00f6z\u00fcn d\u00fczi h\u0259r d\u0259f\u0259 ya\u011f\u0131\u015f ya\u011fanda \u00f6z\u00fcm\u00fc yox o kitablar\u0131 d\u00fc\u015f\u00fcn\u00fcr\u0259m, g\u00f6r\u0259s\u0259n bu d\u0259f\u0259 ne\u00e7\u0259 kitab suyun i\u00e7ind\u0259 qalacaq? Hans\u0131 yazar\u0131n pay\u0131na bu d\u0259f\u0259 h\u00f6rm\u0259tsizlik d\u00fc\u015f\u0259c\u0259k? Qoqolun, Dostoyevskinin, Herman Hessenin, Heminqueyin, Umberto Econun, \u00c7ak Palanikin yoxsa Seymur Baycan\u0131nm\u0131?\u00a0 G\u0259r\u0259k yazarlar m\u0259ni ba\u011f\u0131\u015flas\u0131n, bu v\u0259ziyy\u0259td\u0259n \u00e7ox utan\u0131ram. Amma n\u0259 etm\u0259k olar, ail\u0259nin bahal\u0131 qab-qaca\u011fa, i\u00e7gi rumkalar\u0131na, taxta par\u00e7alar\u0131na verdiyi d\u0259y\u0259r bu kitablara veril\u0259n d\u0259y\u0259rd\u0259n qat-qat \u00e7oxdur.\n<\/p>\n<p>\n  Kredit\u0259 girib b\u00f6y\u00fck ma\u015f\u0131nlar, yek\u0259 g\u00f6z\u0259 g\u0259limli mebill\u0259r, yek\u0259 \u0259ld\u0259 g\u00fccl\u0259 tutulacaq telefonlar ala bil\u0259rik. Ay\u0131n sonunda can\u0131m\u0131z \u00e7\u0131xa-\u00e7\u0131xa\u00a0 sabah 9 dan ax\u015fam 7 y\u0259 kimi i\u015fl\u0259yib b\u00fct\u00fcn h\u0259yat\u0131m\u0131z\u0131 s\u0259rf etdiyimiz\u00a0 i\u015fimizd\u0259n biz\u0259 \u00e7atan maa\u015f\u0131 rahatl\u0131qla banklara \u00f6d\u0259y\u0259 bil\u0259rik. Evimizin b\u0259z\u0259yini, \u00f6z\u00fcm\u00fcz\u00fcn d\u0259y\u0259rli oldu\u011fumuzu bel\u0259 bahal\u0131 \u0259\u015fyalarla kimins\u0259 g\u00f6z\u00fcn\u0259 soxmaqla, eqomuzu t\u0259tmin ed\u0259 bil\u0259rik. Amma sonra.. Evd\u0259 d\u0259 u\u015faqlar\u0131m\u0131z\u0131n ba\u015f\u0131na d\u00f6y\u0259-d\u00f6y\u0259 kitaba, elm\u0259 h\u0259v\u0259sl\u0259ndirm\u0259k \u00fc\u00e7\u00fcn, yaz\u0131q u\u015fa\u011f\u0131 n g\u00fcn\u00fcn\u00fc g\u00f6y \u0259skiy\u0259 b\u00fck\u0259rik.\n<\/p>\n<p>\n  Burdan ke\u00e7mirmi u\u015faqlar\u0131 d\u00fczg\u00fcn t\u0259rbiy\u0259nin, d\u00fczg\u00fcn y\u00f6nl\u0259ndirm\u0259nin yolu? U\u015faqlara m\u0259cbur g\u00f6rd\u00fctd\u00fcrd\u00fcy\u00fcm\u00fcz i\u015fl\u0259, d\u0259y\u0259r verdikl\u0259rimiz aras\u0131nda paradokslar yoxdurmu?<\/p>\n","protected":false},"excerpt":{"rendered":"<p>Qoqolun, Dostoyevskinin, yoxsa Seymur Baycan\u0131n?<\/p>\n","protected":false},"author":11,"featured_media":16686,"comment_status":"closed","ping_status":"open","sticky":false,"template":"","format":"standard","meta":{"_acf_changed":false,"_sitemap_exclude":false,"_sitemap_priority":"","_sitemap_frequency":"","footnotes":""},"categories":[57],"tags":[],"class_list":["post-166010","post","type-post","status-publish","format-standard","has-post-thumbnail","hentry","category-menim-fikrimce","infinite-scroll-item","generate-columns","tablet-grid-50","mobile-grid-100","grid-parent","grid-33","no-featured-image-padding"],"acf":[],"yoast_head":"<!-- This site is optimized with the Yoast SEO plugin v27.4 - https:\/\/yoast.com\/product\/yoast-seo-wordpress\/ -->\n<title>\u015e\u00fc\u015f\u0259li \u015fkafdak\u0131 cehizl\u0259r... - MEYDAN.TV<\/title>\n<meta name=\"robots\" content=\"index, follow, max-snippet:-1, max-image-preview:large, max-video-preview:-1\" \/>\n<link rel=\"canonical\" href=\"https:\/\/www.meydan.tv\/az\/article\/suseli-skafdaki-cehizler\/\" \/>\n<meta property=\"og:locale\" content=\"az_AZ\" \/>\n<meta property=\"og:type\" content=\"article\" \/>\n<meta property=\"og:title\" content=\"\u015e\u00fc\u015f\u0259li \u015fkafdak\u0131 cehizl\u0259r... - MEYDAN.TV\" \/>\n<meta property=\"og:description\" content=\"Qoqolun, Dostoyevskinin, yoxsa Seymur Baycan\u0131n?\" \/>\n<meta property=\"og:url\" content=\"https:\/\/www.meydan.tv\/az\/article\/suseli-skafdaki-cehizler\/\" \/>\n<meta property=\"og:site_name\" content=\"MEYDAN.TV\" \/>\n<meta property=\"article:published_time\" content=\"2014-11-28T05:04:29+00:00\" \/>\n<meta property=\"og:image\" content=\"https:\/\/www.meydan.tv\/wp-content\/uploads\/5940.jpg\" \/>\n\t<meta property=\"og:image:width\" content=\"500\" \/>\n\t<meta property=\"og:image:height\" content=\"500\" \/>\n\t<meta property=\"og:image:type\" content=\"image\/jpeg\" \/>\n<meta name=\"author\" content=\"user-manager\" \/>\n<meta name=\"twitter:card\" content=\"summary_large_image\" \/>\n<script type=\"application\/ld+json\" class=\"yoast-schema-graph\">{\"@context\":\"https:\\\/\\\/schema.org\",\"@graph\":[{\"@type\":\"Article\",\"@id\":\"https:\\\/\\\/www.meydan.tv\\\/az\\\/article\\\/suseli-skafdaki-cehizler\\\/#article\",\"isPartOf\":{\"@id\":\"https:\\\/\\\/www.meydan.tv\\\/az\\\/article\\\/suseli-skafdaki-cehizler\\\/\"},\"author\":{\"name\":\"user-manager\",\"@id\":\"https:\\\/\\\/www.meydan.tv\\\/az\\\/#\\\/schema\\\/person\\\/10d11eccf6da3662cf5fdab9806ea91a\"},\"headline\":\"\u015e\u00fc\u015f\u0259li \u015fkafdak\u0131 cehizl\u0259r&#8230;\",\"datePublished\":\"2014-11-28T05:04:29+00:00\",\"mainEntityOfPage\":{\"@id\":\"https:\\\/\\\/www.meydan.tv\\\/az\\\/article\\\/suseli-skafdaki-cehizler\\\/\"},\"wordCount\":762,\"publisher\":{\"@id\":\"https:\\\/\\\/www.meydan.tv\\\/az\\\/#organization\"},\"image\":{\"@id\":\"https:\\\/\\\/www.meydan.tv\\\/az\\\/article\\\/suseli-skafdaki-cehizler\\\/#primaryimage\"},\"thumbnailUrl\":\"https:\\\/\\\/www.meydan.tv\\\/wp-content\\\/uploads\\\/5940.jpg\",\"articleSection\":[\"M\u0259nim Fikrimc\u0259\"],\"inLanguage\":\"az\"},{\"@type\":\"WebPage\",\"@id\":\"https:\\\/\\\/www.meydan.tv\\\/az\\\/article\\\/suseli-skafdaki-cehizler\\\/\",\"url\":\"https:\\\/\\\/www.meydan.tv\\\/az\\\/article\\\/suseli-skafdaki-cehizler\\\/\",\"name\":\"\u015e\u00fc\u015f\u0259li \u015fkafdak\u0131 cehizl\u0259r... - MEYDAN.TV\",\"isPartOf\":{\"@id\":\"https:\\\/\\\/www.meydan.tv\\\/az\\\/#website\"},\"primaryImageOfPage\":{\"@id\":\"https:\\\/\\\/www.meydan.tv\\\/az\\\/article\\\/suseli-skafdaki-cehizler\\\/#primaryimage\"},\"image\":{\"@id\":\"https:\\\/\\\/www.meydan.tv\\\/az\\\/article\\\/suseli-skafdaki-cehizler\\\/#primaryimage\"},\"thumbnailUrl\":\"https:\\\/\\\/www.meydan.tv\\\/wp-content\\\/uploads\\\/5940.jpg\",\"datePublished\":\"2014-11-28T05:04:29+00:00\",\"breadcrumb\":{\"@id\":\"https:\\\/\\\/www.meydan.tv\\\/az\\\/article\\\/suseli-skafdaki-cehizler\\\/#breadcrumb\"},\"inLanguage\":\"az\",\"potentialAction\":[{\"@type\":\"ReadAction\",\"target\":[\"https:\\\/\\\/www.meydan.tv\\\/az\\\/article\\\/suseli-skafdaki-cehizler\\\/\"]}]},{\"@type\":\"ImageObject\",\"inLanguage\":\"az\",\"@id\":\"https:\\\/\\\/www.meydan.tv\\\/az\\\/article\\\/suseli-skafdaki-cehizler\\\/#primaryimage\",\"url\":\"https:\\\/\\\/www.meydan.tv\\\/wp-content\\\/uploads\\\/5940.jpg\",\"contentUrl\":\"https:\\\/\\\/www.meydan.tv\\\/wp-content\\\/uploads\\\/5940.jpg\",\"width\":500,\"height\":500,\"caption\":\"Source:\"},{\"@type\":\"BreadcrumbList\",\"@id\":\"https:\\\/\\\/www.meydan.tv\\\/az\\\/article\\\/suseli-skafdaki-cehizler\\\/#breadcrumb\",\"itemListElement\":[{\"@type\":\"ListItem\",\"position\":1,\"name\":\"Ana s\u0259hif\u0259\",\"item\":\"https:\\\/\\\/www.meydan.tv\\\/az\\\/\"},{\"@type\":\"ListItem\",\"position\":2,\"name\":\"M\u0259nim Fikrimc\u0259\",\"item\":\"https:\\\/\\\/www.meydan.tv\\\/az\\\/section\\\/menim-fikrimce\\\/\"},{\"@type\":\"ListItem\",\"position\":3,\"name\":\"\u015e\u00fc\u015f\u0259li \u015fkafdak\u0131 cehizl\u0259r&#8230;\"}]},{\"@type\":\"WebSite\",\"@id\":\"https:\\\/\\\/www.meydan.tv\\\/az\\\/#website\",\"url\":\"https:\\\/\\\/www.meydan.tv\\\/az\\\/\",\"name\":\"MEYDAN.TV\",\"description\":\"Meydan TV Az\u0259rbaycan\u0131n media m\u0259kan\u0131ndak\u0131 alternativ s\u0259sidir\",\"publisher\":{\"@id\":\"https:\\\/\\\/www.meydan.tv\\\/az\\\/#organization\"},\"potentialAction\":[{\"@type\":\"SearchAction\",\"target\":{\"@type\":\"EntryPoint\",\"urlTemplate\":\"https:\\\/\\\/www.meydan.tv\\\/az\\\/?s={search_term_string}\"},\"query-input\":{\"@type\":\"PropertyValueSpecification\",\"valueRequired\":true,\"valueName\":\"search_term_string\"}}],\"inLanguage\":\"az\"},{\"@type\":\"Organization\",\"@id\":\"https:\\\/\\\/www.meydan.tv\\\/az\\\/#organization\",\"name\":\"Meydan TV\",\"url\":\"https:\\\/\\\/www.meydan.tv\\\/az\\\/\",\"logo\":{\"@type\":\"ImageObject\",\"inLanguage\":\"az\",\"@id\":\"https:\\\/\\\/www.meydan.tv\\\/az\\\/#\\\/schema\\\/logo\\\/image\\\/\",\"url\":\"https:\\\/\\\/www.meydan.tv\\\/wp-content\\\/uploads\\\/2021\\\/07\\\/meydan-logo.svg\",\"contentUrl\":\"https:\\\/\\\/www.meydan.tv\\\/wp-content\\\/uploads\\\/2021\\\/07\\\/meydan-logo.svg\",\"width\":195,\"height\":46,\"caption\":\"Meydan TV\"},\"image\":{\"@id\":\"https:\\\/\\\/www.meydan.tv\\\/az\\\/#\\\/schema\\\/logo\\\/image\\\/\"}},{\"@type\":\"Person\",\"@id\":\"https:\\\/\\\/www.meydan.tv\\\/az\\\/#\\\/schema\\\/person\\\/10d11eccf6da3662cf5fdab9806ea91a\",\"name\":\"user-manager\"}]}<\/script>\n<!-- \/ Yoast SEO plugin. -->","yoast_head_json":{"title":"\u015e\u00fc\u015f\u0259li \u015fkafdak\u0131 cehizl\u0259r... - MEYDAN.TV","robots":{"index":"index","follow":"follow","max-snippet":"max-snippet:-1","max-image-preview":"max-image-preview:large","max-video-preview":"max-video-preview:-1"},"canonical":"https:\/\/www.meydan.tv\/az\/article\/suseli-skafdaki-cehizler\/","og_locale":"az_AZ","og_type":"article","og_title":"\u015e\u00fc\u015f\u0259li \u015fkafdak\u0131 cehizl\u0259r... - MEYDAN.TV","og_description":"Qoqolun, Dostoyevskinin, yoxsa Seymur Baycan\u0131n?","og_url":"https:\/\/www.meydan.tv\/az\/article\/suseli-skafdaki-cehizler\/","og_site_name":"MEYDAN.TV","article_published_time":"2014-11-28T05:04:29+00:00","og_image":[{"width":500,"height":500,"url":"https:\/\/www.meydan.tv\/wp-content\/uploads\/5940.jpg","type":"image\/jpeg"}],"author":"user-manager","twitter_card":"summary_large_image","schema":{"@context":"https:\/\/schema.org","@graph":[{"@type":"Article","@id":"https:\/\/www.meydan.tv\/az\/article\/suseli-skafdaki-cehizler\/#article","isPartOf":{"@id":"https:\/\/www.meydan.tv\/az\/article\/suseli-skafdaki-cehizler\/"},"author":{"name":"user-manager","@id":"https:\/\/www.meydan.tv\/az\/#\/schema\/person\/10d11eccf6da3662cf5fdab9806ea91a"},"headline":"\u015e\u00fc\u015f\u0259li \u015fkafdak\u0131 cehizl\u0259r&#8230;","datePublished":"2014-11-28T05:04:29+00:00","mainEntityOfPage":{"@id":"https:\/\/www.meydan.tv\/az\/article\/suseli-skafdaki-cehizler\/"},"wordCount":762,"publisher":{"@id":"https:\/\/www.meydan.tv\/az\/#organization"},"image":{"@id":"https:\/\/www.meydan.tv\/az\/article\/suseli-skafdaki-cehizler\/#primaryimage"},"thumbnailUrl":"https:\/\/www.meydan.tv\/wp-content\/uploads\/5940.jpg","articleSection":["M\u0259nim Fikrimc\u0259"],"inLanguage":"az"},{"@type":"WebPage","@id":"https:\/\/www.meydan.tv\/az\/article\/suseli-skafdaki-cehizler\/","url":"https:\/\/www.meydan.tv\/az\/article\/suseli-skafdaki-cehizler\/","name":"\u015e\u00fc\u015f\u0259li \u015fkafdak\u0131 cehizl\u0259r... - MEYDAN.TV","isPartOf":{"@id":"https:\/\/www.meydan.tv\/az\/#website"},"primaryImageOfPage":{"@id":"https:\/\/www.meydan.tv\/az\/article\/suseli-skafdaki-cehizler\/#primaryimage"},"image":{"@id":"https:\/\/www.meydan.tv\/az\/article\/suseli-skafdaki-cehizler\/#primaryimage"},"thumbnailUrl":"https:\/\/www.meydan.tv\/wp-content\/uploads\/5940.jpg","datePublished":"2014-11-28T05:04:29+00:00","breadcrumb":{"@id":"https:\/\/www.meydan.tv\/az\/article\/suseli-skafdaki-cehizler\/#breadcrumb"},"inLanguage":"az","potentialAction":[{"@type":"ReadAction","target":["https:\/\/www.meydan.tv\/az\/article\/suseli-skafdaki-cehizler\/"]}]},{"@type":"ImageObject","inLanguage":"az","@id":"https:\/\/www.meydan.tv\/az\/article\/suseli-skafdaki-cehizler\/#primaryimage","url":"https:\/\/www.meydan.tv\/wp-content\/uploads\/5940.jpg","contentUrl":"https:\/\/www.meydan.tv\/wp-content\/uploads\/5940.jpg","width":500,"height":500,"caption":"Source:"},{"@type":"BreadcrumbList","@id":"https:\/\/www.meydan.tv\/az\/article\/suseli-skafdaki-cehizler\/#breadcrumb","itemListElement":[{"@type":"ListItem","position":1,"name":"Ana s\u0259hif\u0259","item":"https:\/\/www.meydan.tv\/az\/"},{"@type":"ListItem","position":2,"name":"M\u0259nim Fikrimc\u0259","item":"https:\/\/www.meydan.tv\/az\/section\/menim-fikrimce\/"},{"@type":"ListItem","position":3,"name":"\u015e\u00fc\u015f\u0259li \u015fkafdak\u0131 cehizl\u0259r&#8230;"}]},{"@type":"WebSite","@id":"https:\/\/www.meydan.tv\/az\/#website","url":"https:\/\/www.meydan.tv\/az\/","name":"MEYDAN.TV","description":"Meydan TV Az\u0259rbaycan\u0131n media m\u0259kan\u0131ndak\u0131 alternativ s\u0259sidir","publisher":{"@id":"https:\/\/www.meydan.tv\/az\/#organization"},"potentialAction":[{"@type":"SearchAction","target":{"@type":"EntryPoint","urlTemplate":"https:\/\/www.meydan.tv\/az\/?s={search_term_string}"},"query-input":{"@type":"PropertyValueSpecification","valueRequired":true,"valueName":"search_term_string"}}],"inLanguage":"az"},{"@type":"Organization","@id":"https:\/\/www.meydan.tv\/az\/#organization","name":"Meydan TV","url":"https:\/\/www.meydan.tv\/az\/","logo":{"@type":"ImageObject","inLanguage":"az","@id":"https:\/\/www.meydan.tv\/az\/#\/schema\/logo\/image\/","url":"https:\/\/www.meydan.tv\/wp-content\/uploads\/2021\/07\/meydan-logo.svg","contentUrl":"https:\/\/www.meydan.tv\/wp-content\/uploads\/2021\/07\/meydan-logo.svg","width":195,"height":46,"caption":"Meydan TV"},"image":{"@id":"https:\/\/www.meydan.tv\/az\/#\/schema\/logo\/image\/"}},{"@type":"Person","@id":"https:\/\/www.meydan.tv\/az\/#\/schema\/person\/10d11eccf6da3662cf5fdab9806ea91a","name":"user-manager"}]}},"_links":{"self":[{"href":"https:\/\/www.meydan.tv\/az\/wp-json\/wp\/v2\/posts\/166010","targetHints":{"allow":["GET"]}}],"collection":[{"href":"https:\/\/www.meydan.tv\/az\/wp-json\/wp\/v2\/posts"}],"about":[{"href":"https:\/\/www.meydan.tv\/az\/wp-json\/wp\/v2\/types\/post"}],"author":[{"embeddable":true,"href":"https:\/\/www.meydan.tv\/az\/wp-json\/wp\/v2\/users\/11"}],"replies":[{"embeddable":true,"href":"https:\/\/www.meydan.tv\/az\/wp-json\/wp\/v2\/comments?post=166010"}],"version-history":[{"count":0,"href":"https:\/\/www.meydan.tv\/az\/wp-json\/wp\/v2\/posts\/166010\/revisions"}],"wp:featuredmedia":[{"embeddable":true,"href":"https:\/\/www.meydan.tv\/az\/wp-json\/wp\/v2\/media\/16686"}],"wp:attachment":[{"href":"https:\/\/www.meydan.tv\/az\/wp-json\/wp\/v2\/media?parent=166010"}],"wp:term":[{"taxonomy":"category","embeddable":true,"href":"https:\/\/www.meydan.tv\/az\/wp-json\/wp\/v2\/categories?post=166010"},{"taxonomy":"post_tag","embeddable":true,"href":"https:\/\/www.meydan.tv\/az\/wp-json\/wp\/v2\/tags?post=166010"}],"curies":[{"name":"wp","href":"https:\/\/api.w.org\/{rel}","templated":true}]}}