{"id":165983,"date":"2014-11-25T03:14:21","date_gmt":"2014-11-25T03:14:21","guid":{"rendered":"https:\/\/www.meydan.tv\/article\/mehbes-yoldasimin-hekayeti\/"},"modified":"2014-11-25T03:14:21","modified_gmt":"2014-11-25T03:14:21","slug":"mehbes-yoldasimin-hekayeti","status":"publish","type":"post","link":"https:\/\/www.meydan.tv\/az\/article\/mehbes-yoldasimin-hekayeti\/","title":{"rendered":"M\u0259hb\u0259s yolda\u015f\u0131m\u0131n hekay\u0259ti"},"content":{"rendered":"<figure class=\"wp-block-image size-large\">\n  <img decoding=\"async\" src=\"https:\/\/www.meydan.tv\/az\/16083\/\" alt=\"\" class=\"wp-image-16083\"\/><figcaption><\/figcaption><\/figure>\n<figure class=\"wp-block-image size-large\">\n  <img decoding=\"async\" src=\"https:\/\/www.meydan.tv\/az\/15271\/\" alt=\"\" class=\"wp-image-15271\"\/><figcaption><\/figcaption><\/figure>\n<p>\n  Mahmud Az\u0259rbaycana siyasi s\u0131\u011f\u0131nacaq almaq m\u0259qs\u0259di il\u0259 g\u0259libmi\u015f. Dedikl\u0259rinin n\u0259 q\u0259d\u0259r h\u0259qiqi oldu\u011funu ara\u015fd\u0131rmaq imkan\u0131m yoxdur. M\u0259n sad\u0259c\u0259 ictimaiyy\u0259tin diqq\u0259tini bu \u0259hvalata y\u00f6n\u0259ltm\u0259k, edam astanas\u0131nda oldu\u011funu iddia ed\u0259n \u015f\u0259xsi bu m\u00fcdhi\u015f aqib\u0259td\u0259n xilas etm\u0259k ist\u0259yir\u0259m.\n<\/p>\n<p>\n  Mahmud \u018fzizulla o\u011flu Naci 1982-ci ild\u0259 \u0130ran \u0130slam Respublikas\u0131n\u0131n \u018frd\u0259bil ostan\u0131nda anadan olub, milliyy\u0259tc\u0259 az\u0259rbaycanl\u0131d\u0131r. Z\u0259ncan universitetind\u0259 t\u0259hsil al\u0131b. Lakin \u0259m\u0259k f\u0259aliyy\u0259ti jurnalistikadan ibar\u0259t olub. \u201cKeyhan\u201d, \u201c\u0130ran\u201d, \u201cH\u0259m\u015f\u0259hri\u201d, \u201cAsiman\u201d q\u0259zetl\u0259rind\u0259 yaz\u0131lar\u0131 \u00e7ap olunub. \u0130slahatlar t\u0259r\u0259fdar\u0131, \u0130ran az\u0259rbaycanl\u0131lar\u0131n\u0131n h\u00fcquqlar\u0131n\u0131n car\u00e7\u0131s\u0131 kimi tan\u0131n\u0131b.<br \/>\n  <br \/>\n  Mahmud Naci edam v\u0259 qisas (\u201cg\u00f6z\u0259 g\u00f6z\u201d prinsipi il\u0259 edam) hallar\u0131n\u0131n \u0259leyhdar\u0131 olub, bu y\u00f6nd\u0259 f\u0259aliyy\u0259t g\u00f6st\u0259r\u0259n v\u0259 \u0259sas\u0259n edam olunanlar\u0131n ail\u0259 \u00fczvl\u0259rinin birl\u0259\u015fdiyi t\u0259\u015fkilatla s\u0131x \u0259m\u0259kda\u015fl\u0131q edib. 2008-ci ilin prezident se\u00e7kil\u0259ri zaman\u0131 m\u00fcxalif namiz\u0259d Mirh\u00fcseyn Mus\u0259vinin f\u0259al t\u0259r\u0259fdar\u0131 kimi etirazlarda i\u015ftirak edib, m\u0259qal\u0259l\u0259r yaz\u0131b. Buna g\u00f6r\u0259 d\u0259 i\u011fti\u015fa\u015flara t\u0259hrik, milli t\u0259hl\u00fck\u0259sizliy\u0259 h\u0259d\u0259 ittiham\u0131 il\u0259 10 il m\u00fcdd\u0259tin\u0259 azadl\u0131qdan m\u0259hrum edilib. M\u0259hb\u0259s h\u0259yat\u0131n\u0131n 3 ilini Tehran\u0131n m\u0259\u015fhur Evin, qalan\u0131n\u0131 is\u0259 K\u0259r\u0259c \u015f\u0259h\u0259rinin Goh\u0259rda\u015f h\u0259bsxanalar\u0131nda ke\u00e7irib. Zindanda da edam c\u0259zas\u0131 il\u0259 m\u00fcbariz\u0259sini davam etdirib.\n<\/p>\n<p>\n  X\u00fcsus\u0259n Goh\u0259rda\u015fda h\u0259yata ke\u00e7iril\u0259n edamlar\u0131n \u015f\u0259klini \u00e7\u0259k\u0259r\u0259k \u0259m\u0259kda\u015fl\u0131q etdiyi t\u0259\u015fkilata \u00f6t\u00fcr\u0259 bilib. 2014-c\u00fc ilin Novruz bayram\u0131nda siyasi m\u0259hbuslara v\u0259 y\u00fcng\u00fcl cinay\u0259t t\u00f6r\u0259tmi\u015f m\u0259hbuslara veril\u0259n 15 g\u00fcnl\u00fck m\u0259zuniyy\u0259t zaman\u0131 edam \u015f\u0259kill\u0259rini onun \u00e7\u0259kdiyinin ayd\u0131nla\u015fmas\u0131, bu s\u0259b\u0259bd\u0259n d\u0259 haqq\u0131nda \u201cd\u00f6vl\u0259t sirrini yayma\u201d ittiham\u0131 il\u0259 yeni cinay\u0259t i\u015finin a\u00e7\u0131ld\u0131\u011f\u0131ndan x\u0259b\u0259r tutub. Bu madd\u0259 is\u0259 edama q\u0259d\u0259r c\u0259za n\u0259z\u0259rd\u0259 tutur.\n<\/p>\n<p>\n  Mahmud Naci qeyri-leqal yolla \u0130ran\u0131 t\u0259rk etm\u0259k q\u0259rar\u0131na g\u0259lir. Aprelin 2-d\u0259 C\u0259lilabad rayonunun \u0259razisin\u0259 daxil olur v\u0259 burada saat 9:40-da s\u0259rh\u0259d\u00e7il\u0259r t\u0259r\u0259find\u0259n saxlan\u0131l\u0131r. Bel\u0259c\u0259, Mahmud Naci \u00f6l\u00fcm t\u0259hl\u00fck\u0259sind\u0259n qurtulur.\n<\/p>\n<p>\n  Lakin hadis\u0259l\u0259rin sonrak\u0131 inki\u015faf\u0131 he\u00e7 d\u0259 q\u0259hr\u0259man\u0131m\u0131z\u0131n \u00fcmid etdiyi istiqam\u0259td\u0259 getmir. N\u0259 istintaq, n\u0259 d\u0259 m\u0259hk\u0259m\u0259 zaman\u0131 onun siyasi s\u0131\u011f\u0131nacaq ist\u0259m\u0259si n\u0259z\u0259r\u0259 al\u0131nm\u0131r. S\u0259rh\u0259d\u00e7il\u0259rin onu polis\u0259 t\u0259hvil verm\u0259sind\u0259n sonra he\u00e7 bir ba\u015fqa t\u0259\u015fkilat\u0131n n\u00fcmay\u0259nd\u0259si Mahmudla g\u00f6r\u00fc\u015fm\u00fcr, ist\u0259yinin n\u0259 q\u0259d\u0259r s\u0259mimi oldu\u011funu ara\u015fd\u0131rm\u0131r. C\u0259lilabad rayon m\u0259hk\u0259m\u0259sinin 11 iyul 2014-c\u00fc il tarixli h\u00f6km\u00fc il\u0259 Mahmud \u018fzizulla o\u011flu Naci 1 il m\u00fcdd\u0259tin\u0259 azadl\u0131qdan m\u0259hrum edilir. Hakim \u018fli\u0259jd\u0259r \u018fl\u0259kb\u0259rovun \u00e7\u0131xard\u0131\u011f\u0131 h\u00f6kmd\u0259 oxuyuruq: \u201c\u0130\u015f materiallar\u0131nda olan 13 may 2014-c\u00fc il tarixli s\u00fcbutlar\u0131n qiym\u0259tl\u0259ndirilm\u0259si haqq\u0131nda q\u0259rardan g\u00f6r\u00fcn\u00fcr ki, Naci Mahmud \u018fzizulla o\u011flu \u0130ran \u0130slam Respublikas\u0131n\u0131n x\u00fcsusi xidm\u0259t orqanlar\u0131 t\u0259r\u0259find\u0259n t\u0259qib olundu\u011fu \u00fc\u00e7\u00fcn d\u00f6vl\u0259t s\u0259rh\u0259dini qanunsuz yolla ke\u00e7diyini bildirs\u0259 d\u0259, onun bu ifad\u0259si cinay\u0259t i\u015finin materiallar\u0131 il\u0259 t\u0259sdiq olunmur, bu hal\u0131n m\u00f6vcud olmas\u0131 bel\u0259 d\u00f6vl\u0259t s\u0259rh\u0259dini qanunsuz ke\u00e7m\u0259sin\u0259 \u0259sas vermir&#8230;\u201d\n<\/p>\n<p>\n  Hakim CM-nin 318-ci madd\u0259sinin \u201cQeyd\u201d hiss\u0259sini \u00f6zba\u015f\u0131na l\u0259\u011fv edib. Dig\u0259r t\u0259r\u0259fd\u0259n, onun fikrinc\u0259, x\u00fcsusi xidm\u0259t orqanlar\u0131 t\u0259r\u0259find\u0259n t\u0259qib olunan \u015f\u0259xs d\u00f6vl\u0259t s\u0259rh\u0259dini n\u0259zar\u0259t-burax\u0131l\u0131\u015f m\u0259nt\u0259q\u0259si vasit\u0259sil\u0259 ke\u00e7m\u0259lidir. Bu zaman h\u0259qiq\u0259t\u0259n t\u0259qib olunmas\u0131 haqq\u0131nda \u201cETEAlAT\u201ddan aray\u0131\u015f da t\u0259qdim ets\u0259, lap yax\u015f\u0131 olar. Hakimin iddias\u0131na r\u0259\u011fm\u0259n, cinay\u0259t i\u015finin materiallar\u0131nda Mahmudun dedikl\u0259rin\u0259 k\u00f6lg\u0259 salacaq. \u015e\u00fcbh\u0259l\u0259r\u0259 \u0259sas ver\u0259c\u0259k he\u00e7 bir fakt yoxdur. Adam s\u0259rh\u0259di g\u00fcn\u00fcn i\u015f\u0131ql\u0131 vaxt\u0131nda ke\u00e7ib, d\u00fcz s\u0259rh\u0259d\u00e7il\u0259r\u0259 t\u0259r\u0259f gedib, saxlan\u0131lark\u0259n gizl\u0259nm\u0259y\u0259, qa\u00e7ma\u011fa c\u0259hd g\u00f6st\u0259rm\u0259yib. M\u0259hk\u0259m\u0259 prosesind\u0259 \u015fahid kimi dindiril\u0259n s\u0259rh\u0259d\u00e7il\u0259r d\u0259 bu faktlar\u0131 t\u0259sdiq edirl\u0259r. Raz\u0131la\u015f\u0131n ki, s\u0259rh\u0259di ba\u015fqa m\u0259qs\u0259dl\u0259rl\u0259 ke\u00e7m\u0259k ist\u0259y\u0259n \u015f\u0259xs bel\u0259 davranmazd\u0131. Dig\u0259r t\u0259r\u0259fd\u0259n, Mahmud Nacinin s\u0131\u011f\u0131nacaq ist\u0259yinin n\u0259 q\u0259d\u0259r s\u0259mimi olmas\u0131 bar\u0259d\u0259 bu sah\u0259d\u0259 he\u00e7 bir t\u0259cr\u00fcb\u0259si olmayan polis m\u00fcst\u0259ntiqi q\u0259rar ver\u0259 bilm\u0259zdi. Yaln\u0131z miqrasiya sah\u0259sind\u0259 f\u0259aliyy\u0259t g\u00f6st\u0259r\u0259n t\u0259\u015fkilatlar\u0131n g\u0259ldiyi n\u0259tic\u0259 m\u0259nk\u0259m\u0259 h\u00f6km\u00fc \u00fc\u00e7\u00fcn \u0259sas ola bil\u0259rdi.\n<\/p>\n<p>\n  \u00dcmumiyy\u0259tl\u0259, bu i\u015fl\u0259 ba\u011fl\u0131 \u00e7ox q\u0259rib\u0259 m\u0259nz\u0259r\u0259 yaran\u0131r. \u015e\u0259xs s\u0259rh\u0259di ke\u00e7\u0259r\u0259k s\u0131\u011f\u0131nacaq ist\u0259yir, lakin bu ist\u0259yi tamamil\u0259 inkar edilir, onunla adi s\u0259rh\u0259d pozucusu kimi davran\u0131l\u0131r, \u0259laq\u0259dar t\u0259\u015fkilatlardan kims\u0259 onunla g\u00f6r\u00fc\u015fm\u00fcr.\n<\/p>\n<p>\n  M\u0259hk\u0259m\u0259 h\u00f6km\u00fcn\u0259 g\u00f6r\u0259 Mahmud Naci ona t\u0259yin olunmu\u015f c\u0259zan\u0131 \u00e7\u0259kdikd\u0259n sonra m\u0259cburi sur\u0259td\u0259 Az\u0259rbaycan Respublikas\u0131n\u0131n h\u00fcdudlar\u0131ndan k\u0259nara \u00e7\u0131xar\u0131lmal\u0131d\u0131r. Q\u0259rarda bilavasit\u0259 yaz\u0131lmasa da, t\u0259cr\u00fcb\u0259d\u0259 \u0259cn\u0259bi v\u0259t\u0259nda\u015flar c\u0259za m\u00fcdd\u0259ti bitdikd\u0259n sonra \u00f6z \u00f6lk\u0259l\u0259rin\u0259 deportasiya edilirl\u0259r. Bel\u0259likl\u0259, 5 aydan sonra edama q\u0259d\u0259r c\u0259za n\u0259z\u0259rd\u0259 tutan \u201cd\u00f6vl\u0259t sirrini yaymaq\u201dda ittiham olunan , \u00fcst\u0259lik \u0130randa \u201cv\u0259t\u0259n\u0259 x\u0259yan\u0259t\u201d kimi s\u0259ciyy\u0259l\u0259ndiril\u0259n dig\u0259r \u00f6lk\u0259d\u0259n siyasi s\u0131\u011f\u0131nacaq ist\u0259yind\u0259 bulunmu\u015f Mahmud Naci \u00f6z \u00f6lk\u0259sin\u0259 deportasiya edil\u0259c\u0259k.\n<\/p>\n<p>\n  M\u0259qal\u0259nin q\u0259hr\u0259man\u0131 h\u0259l\u0259 istintaq alt\u0131nda olark\u0259n Az\u0259rbaycan Respublikas\u0131n\u0131n prezidentin\u0259 m\u00fcraci\u0259t etdiyini, lakin cavab almad\u0131\u011f\u0131n\u0131 s\u00f6yl\u0259yir. M\u0259ktubunun prezident\u0259 \u00e7atmad\u0131\u011f\u0131n\u0131 d\u00fc\u015f\u00fcn\u00fcr. M\u0259nim t\u0259kilifim\u0259 r\u0259\u011fm\u0259n, beyn\u0259lxalq humanitar t\u0259\u015fkilatlara, o c\u00fcml\u0259d\u0259n Beyn\u0259lxalq Q\u0131rm\u0131z\u0131 Xa\u00e7 komit\u0259sin\u0259 m\u00fcraci\u0259t etm\u0259k ist\u0259mir. \u201cM\u0259n Az\u0259rbaycan Respublikas\u0131ndak\u0131 prosesl\u0259ri bacard\u0131qca izl\u0259m\u0259y\u0259 \u00e7al\u0131\u015fm\u0131\u015fam. \u0130lham \u018fliyevin ilk d\u0259f\u0259 prezident se\u00e7il\u0259rk\u0259n d\u00fcnyadak\u0131 b\u00fct\u00fcn az\u0259rbaycanl\u0131lar\u0131n prezidenti olmas\u0131 haqq\u0131nda dedikl\u0259rini xat\u0131rlay\u0131ram. Avropaya, Amerikaya getm\u0259k ist\u0259mir\u0259m. \u00d6z v\u0259t\u0259nimd\u0259n, \u00f6z prezidentimd\u0259n s\u0131\u011f\u0131nacaq ist\u0259yir\u0259m. \u0130nan\u0131ram ki, o m\u0259nim s\u0259simi e\u015fid\u0259c\u0259k v\u0259 edama g\u00f6nd\u0259rm\u0259y\u0259c\u0259k\u201d,-deyir Mahmud Naci.\n<\/p>\n<p>\n  \u018flav\u0259 ed\u0259k ki, sivil \u00f6lk\u0259l\u0259r, h\u0259tta cinay\u0259tkara bel\u0259, \u00f6lk\u0259sind\u0259 edam c\u0259zas\u0131 g\u00f6zl\u0259yirs\u0259, geriy\u0259 deportasiya etmirl\u0259r. Az\u0259rbaycandan s\u0131\u011f\u0131nacaq ist\u0259mi\u015f \u015f\u0259xsi edama g\u00f6nd\u0259rm\u0259yimiz \u00f6lk\u0259miz ad\u0131na r\u0259zal\u0259t olar. Buna yol verm\u0259m\u0259k \u00fc\u00e7\u00fcn ictimaiyy\u0259t, x\u00fcsus\u0259n d\u0259 Mahmud Nacinin jurnalist h\u0259mkarlar\u0131 m\u0259s\u0259l\u0259ni diqq\u0259td\u0259 saxlamal\u0131, onun haray\u0131n\u0131n d\u00f6vl\u0259t r\u0259hb\u0259rliyin\u0259 getm\u0259sin\u0259 \u00e7al\u0131\u015fmal\u0131d\u0131rlar.<\/p>\n","protected":false},"excerpt":{"rendered":"<p>S\u0131\u011f\u0131nacaq yerin\u0259 zindan<\/p>\n","protected":false},"author":11,"featured_media":16083,"comment_status":"closed","ping_status":"open","sticky":false,"template":"","format":"standard","meta":{"_acf_changed":false,"_sitemap_exclude":false,"_sitemap_priority":"","_sitemap_frequency":"","footnotes":""},"categories":[57],"tags":[],"class_list":["post-165983","post","type-post","status-publish","format-standard","has-post-thumbnail","hentry","category-menim-fikrimce","infinite-scroll-item","generate-columns","tablet-grid-50","mobile-grid-100","grid-parent","grid-33","no-featured-image-padding"],"acf":[],"yoast_head":"<!-- This site is optimized with the Yoast SEO plugin v27.4 - https:\/\/yoast.com\/product\/yoast-seo-wordpress\/ -->\n<title>M\u0259hb\u0259s yolda\u015f\u0131m\u0131n hekay\u0259ti - MEYDAN.TV<\/title>\n<meta name=\"robots\" content=\"index, follow, max-snippet:-1, max-image-preview:large, max-video-preview:-1\" \/>\n<link rel=\"canonical\" href=\"https:\/\/www.meydan.tv\/az\/article\/mehbes-yoldasimin-hekayeti\/\" \/>\n<meta property=\"og:locale\" content=\"az_AZ\" \/>\n<meta property=\"og:type\" content=\"article\" \/>\n<meta property=\"og:title\" content=\"M\u0259hb\u0259s yolda\u015f\u0131m\u0131n hekay\u0259ti - MEYDAN.TV\" \/>\n<meta property=\"og:description\" content=\"S\u0131\u011f\u0131nacaq yerin\u0259 zindan\" \/>\n<meta property=\"og:url\" content=\"https:\/\/www.meydan.tv\/az\/article\/mehbes-yoldasimin-hekayeti\/\" \/>\n<meta property=\"og:site_name\" content=\"MEYDAN.TV\" \/>\n<meta property=\"article:published_time\" content=\"2014-11-25T03:14:21+00:00\" \/>\n<meta property=\"og:image\" content=\"https:\/\/www.meydan.tv\/wp-content\/uploads\/5663.jpg\" \/>\n\t<meta property=\"og:image:width\" content=\"500\" \/>\n\t<meta property=\"og:image:height\" content=\"500\" \/>\n\t<meta property=\"og:image:type\" content=\"image\/jpeg\" \/>\n<meta name=\"author\" content=\"user-manager\" \/>\n<meta name=\"twitter:card\" content=\"summary_large_image\" \/>\n<script type=\"application\/ld+json\" class=\"yoast-schema-graph\">{\"@context\":\"https:\\\/\\\/schema.org\",\"@graph\":[{\"@type\":\"Article\",\"@id\":\"https:\\\/\\\/www.meydan.tv\\\/az\\\/article\\\/mehbes-yoldasimin-hekayeti\\\/#article\",\"isPartOf\":{\"@id\":\"https:\\\/\\\/www.meydan.tv\\\/az\\\/article\\\/mehbes-yoldasimin-hekayeti\\\/\"},\"author\":{\"name\":\"user-manager\",\"@id\":\"https:\\\/\\\/www.meydan.tv\\\/az\\\/#\\\/schema\\\/person\\\/10d11eccf6da3662cf5fdab9806ea91a\"},\"headline\":\"M\u0259hb\u0259s yolda\u015f\u0131m\u0131n hekay\u0259ti\",\"datePublished\":\"2014-11-25T03:14:21+00:00\",\"mainEntityOfPage\":{\"@id\":\"https:\\\/\\\/www.meydan.tv\\\/az\\\/article\\\/mehbes-yoldasimin-hekayeti\\\/\"},\"wordCount\":1331,\"publisher\":{\"@id\":\"https:\\\/\\\/www.meydan.tv\\\/az\\\/#organization\"},\"image\":{\"@id\":\"https:\\\/\\\/www.meydan.tv\\\/az\\\/article\\\/mehbes-yoldasimin-hekayeti\\\/#primaryimage\"},\"thumbnailUrl\":\"https:\\\/\\\/www.meydan.tv\\\/wp-content\\\/uploads\\\/5663.jpg\",\"articleSection\":[\"M\u0259nim Fikrimc\u0259\"],\"inLanguage\":\"az\"},{\"@type\":\"WebPage\",\"@id\":\"https:\\\/\\\/www.meydan.tv\\\/az\\\/article\\\/mehbes-yoldasimin-hekayeti\\\/\",\"url\":\"https:\\\/\\\/www.meydan.tv\\\/az\\\/article\\\/mehbes-yoldasimin-hekayeti\\\/\",\"name\":\"M\u0259hb\u0259s yolda\u015f\u0131m\u0131n hekay\u0259ti - MEYDAN.TV\",\"isPartOf\":{\"@id\":\"https:\\\/\\\/www.meydan.tv\\\/az\\\/#website\"},\"primaryImageOfPage\":{\"@id\":\"https:\\\/\\\/www.meydan.tv\\\/az\\\/article\\\/mehbes-yoldasimin-hekayeti\\\/#primaryimage\"},\"image\":{\"@id\":\"https:\\\/\\\/www.meydan.tv\\\/az\\\/article\\\/mehbes-yoldasimin-hekayeti\\\/#primaryimage\"},\"thumbnailUrl\":\"https:\\\/\\\/www.meydan.tv\\\/wp-content\\\/uploads\\\/5663.jpg\",\"datePublished\":\"2014-11-25T03:14:21+00:00\",\"breadcrumb\":{\"@id\":\"https:\\\/\\\/www.meydan.tv\\\/az\\\/article\\\/mehbes-yoldasimin-hekayeti\\\/#breadcrumb\"},\"inLanguage\":\"az\",\"potentialAction\":[{\"@type\":\"ReadAction\",\"target\":[\"https:\\\/\\\/www.meydan.tv\\\/az\\\/article\\\/mehbes-yoldasimin-hekayeti\\\/\"]}]},{\"@type\":\"ImageObject\",\"inLanguage\":\"az\",\"@id\":\"https:\\\/\\\/www.meydan.tv\\\/az\\\/article\\\/mehbes-yoldasimin-hekayeti\\\/#primaryimage\",\"url\":\"https:\\\/\\\/www.meydan.tv\\\/wp-content\\\/uploads\\\/5663.jpg\",\"contentUrl\":\"https:\\\/\\\/www.meydan.tv\\\/wp-content\\\/uploads\\\/5663.jpg\",\"width\":500,\"height\":500,\"caption\":\"Source:\"},{\"@type\":\"BreadcrumbList\",\"@id\":\"https:\\\/\\\/www.meydan.tv\\\/az\\\/article\\\/mehbes-yoldasimin-hekayeti\\\/#breadcrumb\",\"itemListElement\":[{\"@type\":\"ListItem\",\"position\":1,\"name\":\"Ana s\u0259hif\u0259\",\"item\":\"https:\\\/\\\/www.meydan.tv\\\/az\\\/\"},{\"@type\":\"ListItem\",\"position\":2,\"name\":\"M\u0259nim Fikrimc\u0259\",\"item\":\"https:\\\/\\\/www.meydan.tv\\\/az\\\/section\\\/menim-fikrimce\\\/\"},{\"@type\":\"ListItem\",\"position\":3,\"name\":\"M\u0259hb\u0259s yolda\u015f\u0131m\u0131n hekay\u0259ti\"}]},{\"@type\":\"WebSite\",\"@id\":\"https:\\\/\\\/www.meydan.tv\\\/az\\\/#website\",\"url\":\"https:\\\/\\\/www.meydan.tv\\\/az\\\/\",\"name\":\"MEYDAN.TV\",\"description\":\"Meydan TV Az\u0259rbaycan\u0131n media m\u0259kan\u0131ndak\u0131 alternativ s\u0259sidir\",\"publisher\":{\"@id\":\"https:\\\/\\\/www.meydan.tv\\\/az\\\/#organization\"},\"potentialAction\":[{\"@type\":\"SearchAction\",\"target\":{\"@type\":\"EntryPoint\",\"urlTemplate\":\"https:\\\/\\\/www.meydan.tv\\\/az\\\/?s={search_term_string}\"},\"query-input\":{\"@type\":\"PropertyValueSpecification\",\"valueRequired\":true,\"valueName\":\"search_term_string\"}}],\"inLanguage\":\"az\"},{\"@type\":\"Organization\",\"@id\":\"https:\\\/\\\/www.meydan.tv\\\/az\\\/#organization\",\"name\":\"Meydan TV\",\"url\":\"https:\\\/\\\/www.meydan.tv\\\/az\\\/\",\"logo\":{\"@type\":\"ImageObject\",\"inLanguage\":\"az\",\"@id\":\"https:\\\/\\\/www.meydan.tv\\\/az\\\/#\\\/schema\\\/logo\\\/image\\\/\",\"url\":\"https:\\\/\\\/www.meydan.tv\\\/wp-content\\\/uploads\\\/2021\\\/07\\\/meydan-logo.svg\",\"contentUrl\":\"https:\\\/\\\/www.meydan.tv\\\/wp-content\\\/uploads\\\/2021\\\/07\\\/meydan-logo.svg\",\"width\":195,\"height\":46,\"caption\":\"Meydan TV\"},\"image\":{\"@id\":\"https:\\\/\\\/www.meydan.tv\\\/az\\\/#\\\/schema\\\/logo\\\/image\\\/\"}},{\"@type\":\"Person\",\"@id\":\"https:\\\/\\\/www.meydan.tv\\\/az\\\/#\\\/schema\\\/person\\\/10d11eccf6da3662cf5fdab9806ea91a\",\"name\":\"user-manager\"}]}<\/script>\n<!-- \/ Yoast SEO plugin. -->","yoast_head_json":{"title":"M\u0259hb\u0259s yolda\u015f\u0131m\u0131n hekay\u0259ti - MEYDAN.TV","robots":{"index":"index","follow":"follow","max-snippet":"max-snippet:-1","max-image-preview":"max-image-preview:large","max-video-preview":"max-video-preview:-1"},"canonical":"https:\/\/www.meydan.tv\/az\/article\/mehbes-yoldasimin-hekayeti\/","og_locale":"az_AZ","og_type":"article","og_title":"M\u0259hb\u0259s yolda\u015f\u0131m\u0131n hekay\u0259ti - MEYDAN.TV","og_description":"S\u0131\u011f\u0131nacaq yerin\u0259 zindan","og_url":"https:\/\/www.meydan.tv\/az\/article\/mehbes-yoldasimin-hekayeti\/","og_site_name":"MEYDAN.TV","article_published_time":"2014-11-25T03:14:21+00:00","og_image":[{"width":500,"height":500,"url":"https:\/\/www.meydan.tv\/wp-content\/uploads\/5663.jpg","type":"image\/jpeg"}],"author":"user-manager","twitter_card":"summary_large_image","schema":{"@context":"https:\/\/schema.org","@graph":[{"@type":"Article","@id":"https:\/\/www.meydan.tv\/az\/article\/mehbes-yoldasimin-hekayeti\/#article","isPartOf":{"@id":"https:\/\/www.meydan.tv\/az\/article\/mehbes-yoldasimin-hekayeti\/"},"author":{"name":"user-manager","@id":"https:\/\/www.meydan.tv\/az\/#\/schema\/person\/10d11eccf6da3662cf5fdab9806ea91a"},"headline":"M\u0259hb\u0259s yolda\u015f\u0131m\u0131n hekay\u0259ti","datePublished":"2014-11-25T03:14:21+00:00","mainEntityOfPage":{"@id":"https:\/\/www.meydan.tv\/az\/article\/mehbes-yoldasimin-hekayeti\/"},"wordCount":1331,"publisher":{"@id":"https:\/\/www.meydan.tv\/az\/#organization"},"image":{"@id":"https:\/\/www.meydan.tv\/az\/article\/mehbes-yoldasimin-hekayeti\/#primaryimage"},"thumbnailUrl":"https:\/\/www.meydan.tv\/wp-content\/uploads\/5663.jpg","articleSection":["M\u0259nim Fikrimc\u0259"],"inLanguage":"az"},{"@type":"WebPage","@id":"https:\/\/www.meydan.tv\/az\/article\/mehbes-yoldasimin-hekayeti\/","url":"https:\/\/www.meydan.tv\/az\/article\/mehbes-yoldasimin-hekayeti\/","name":"M\u0259hb\u0259s yolda\u015f\u0131m\u0131n hekay\u0259ti - MEYDAN.TV","isPartOf":{"@id":"https:\/\/www.meydan.tv\/az\/#website"},"primaryImageOfPage":{"@id":"https:\/\/www.meydan.tv\/az\/article\/mehbes-yoldasimin-hekayeti\/#primaryimage"},"image":{"@id":"https:\/\/www.meydan.tv\/az\/article\/mehbes-yoldasimin-hekayeti\/#primaryimage"},"thumbnailUrl":"https:\/\/www.meydan.tv\/wp-content\/uploads\/5663.jpg","datePublished":"2014-11-25T03:14:21+00:00","breadcrumb":{"@id":"https:\/\/www.meydan.tv\/az\/article\/mehbes-yoldasimin-hekayeti\/#breadcrumb"},"inLanguage":"az","potentialAction":[{"@type":"ReadAction","target":["https:\/\/www.meydan.tv\/az\/article\/mehbes-yoldasimin-hekayeti\/"]}]},{"@type":"ImageObject","inLanguage":"az","@id":"https:\/\/www.meydan.tv\/az\/article\/mehbes-yoldasimin-hekayeti\/#primaryimage","url":"https:\/\/www.meydan.tv\/wp-content\/uploads\/5663.jpg","contentUrl":"https:\/\/www.meydan.tv\/wp-content\/uploads\/5663.jpg","width":500,"height":500,"caption":"Source:"},{"@type":"BreadcrumbList","@id":"https:\/\/www.meydan.tv\/az\/article\/mehbes-yoldasimin-hekayeti\/#breadcrumb","itemListElement":[{"@type":"ListItem","position":1,"name":"Ana s\u0259hif\u0259","item":"https:\/\/www.meydan.tv\/az\/"},{"@type":"ListItem","position":2,"name":"M\u0259nim Fikrimc\u0259","item":"https:\/\/www.meydan.tv\/az\/section\/menim-fikrimce\/"},{"@type":"ListItem","position":3,"name":"M\u0259hb\u0259s yolda\u015f\u0131m\u0131n hekay\u0259ti"}]},{"@type":"WebSite","@id":"https:\/\/www.meydan.tv\/az\/#website","url":"https:\/\/www.meydan.tv\/az\/","name":"MEYDAN.TV","description":"Meydan TV Az\u0259rbaycan\u0131n media m\u0259kan\u0131ndak\u0131 alternativ s\u0259sidir","publisher":{"@id":"https:\/\/www.meydan.tv\/az\/#organization"},"potentialAction":[{"@type":"SearchAction","target":{"@type":"EntryPoint","urlTemplate":"https:\/\/www.meydan.tv\/az\/?s={search_term_string}"},"query-input":{"@type":"PropertyValueSpecification","valueRequired":true,"valueName":"search_term_string"}}],"inLanguage":"az"},{"@type":"Organization","@id":"https:\/\/www.meydan.tv\/az\/#organization","name":"Meydan TV","url":"https:\/\/www.meydan.tv\/az\/","logo":{"@type":"ImageObject","inLanguage":"az","@id":"https:\/\/www.meydan.tv\/az\/#\/schema\/logo\/image\/","url":"https:\/\/www.meydan.tv\/wp-content\/uploads\/2021\/07\/meydan-logo.svg","contentUrl":"https:\/\/www.meydan.tv\/wp-content\/uploads\/2021\/07\/meydan-logo.svg","width":195,"height":46,"caption":"Meydan TV"},"image":{"@id":"https:\/\/www.meydan.tv\/az\/#\/schema\/logo\/image\/"}},{"@type":"Person","@id":"https:\/\/www.meydan.tv\/az\/#\/schema\/person\/10d11eccf6da3662cf5fdab9806ea91a","name":"user-manager"}]}},"_links":{"self":[{"href":"https:\/\/www.meydan.tv\/az\/wp-json\/wp\/v2\/posts\/165983","targetHints":{"allow":["GET"]}}],"collection":[{"href":"https:\/\/www.meydan.tv\/az\/wp-json\/wp\/v2\/posts"}],"about":[{"href":"https:\/\/www.meydan.tv\/az\/wp-json\/wp\/v2\/types\/post"}],"author":[{"embeddable":true,"href":"https:\/\/www.meydan.tv\/az\/wp-json\/wp\/v2\/users\/11"}],"replies":[{"embeddable":true,"href":"https:\/\/www.meydan.tv\/az\/wp-json\/wp\/v2\/comments?post=165983"}],"version-history":[{"count":0,"href":"https:\/\/www.meydan.tv\/az\/wp-json\/wp\/v2\/posts\/165983\/revisions"}],"wp:featuredmedia":[{"embeddable":true,"href":"https:\/\/www.meydan.tv\/az\/wp-json\/wp\/v2\/media\/16083"}],"wp:attachment":[{"href":"https:\/\/www.meydan.tv\/az\/wp-json\/wp\/v2\/media?parent=165983"}],"wp:term":[{"taxonomy":"category","embeddable":true,"href":"https:\/\/www.meydan.tv\/az\/wp-json\/wp\/v2\/categories?post=165983"},{"taxonomy":"post_tag","embeddable":true,"href":"https:\/\/www.meydan.tv\/az\/wp-json\/wp\/v2\/tags?post=165983"}],"curies":[{"name":"wp","href":"https:\/\/api.w.org\/{rel}","templated":true}]}}