{"id":165898,"date":"2014-11-17T17:56:30","date_gmt":"2014-11-17T17:56:30","guid":{"rendered":"https:\/\/www.meydan.tv\/article\/anacan-esitmisem-ariqlamisan-zorla-addim-atirsan\/"},"modified":"2014-11-17T17:56:30","modified_gmt":"2014-11-17T17:56:30","slug":"anacan-esitmisem-ariqlamisan-zorla-addim-atirsan","status":"publish","type":"post","link":"https:\/\/www.meydan.tv\/az\/article\/anacan-esitmisem-ariqlamisan-zorla-addim-atirsan\/","title":{"rendered":"Anacan, e\u015fitmi\u015f\u0259m ar\u0131qlam\u0131san, zorla add\u0131m at\u0131rsan&#8230;"},"content":{"rendered":"<figure class=\"wp-block-image size-large\">\n  <img decoding=\"async\" src=\"https:\/\/www.meydan.tv\/az\/16282\/\" alt=\"\" class=\"wp-image-16282\"\/><figcaption><\/figcaption><\/figure>\n<\/p>\n<figure class=\"wp-block-image size-large\">\n  <img decoding=\"async\" src=\"https:\/\/www.meydan.tv\/az\/16285\/\" alt=\"\" class=\"wp-image-16285\"\/><figcaption><\/figcaption><\/figure>\n<p>\n  \u018fziz valideyinl\u0259rim!\n<\/p>\n<p>\n  Amsterdam\u0131n aeroportunda, balaca bir kafed\u0259 oturmu\u015fam. G\u0259lib-ged\u0259nl\u0259ri m\u00fc\u015fahid\u0259 edir\u0259m. \u018fsas\u0259n d\u0259 ail\u0259l\u0259r\u0259 fikir verir\u0259m: ana, ata,qarda\u015f,bac\u0131. Onlar yan\u0131mdan \u00f6t\u00fcr, \u015f\u0259n zarafatlar, bir-biri il\u0259 s\u00f6hb\u0259tl\u0259r edirl\u0259r. B\u0259zil\u0259ri yolunu el\u0259 bu kafed\u0259n sal\u0131b, yan\u0131mdak\u0131 masalara \u0259yl\u0259\u015firl\u0259r&#8230;\n<\/p>\n<p>\n  \u00dczl\u0259rind\u0259 t\u0259bb\u0259s\u00fcm var, yax\u015f\u0131 istrah\u0259t etm\u0259y\u0259, birg\u0259 zaman ke\u00e7irm\u0259y\u0259 h\u0259v\u0259s var, onlar \u00fcmidl\u0259 g\u00fcl\u00fcms\u0259yill\u0259r. Y\u0259qin ki, h\u0259tta \u0259n pis yuxular\u0131na bel\u0259 girm\u0259z ki, onlar\u0131 kims\u0259 q\u0259ddarcas\u0131na\u00a0 ay\u0131ra bil\u0259r. Anam v\u0259 atam. Biz d\u0259 sizinl\u0259 bu kafed\u0259 oturanda q\u0259hv\u0259 i\u00e7ir, g\u0259l\u0259c\u0259k haqq\u0131nda uzun-uzad\u0131 dan\u0131\u015f\u0131rd\u0131q. Amsterdamdak\u0131 q\u0131sa g\u00f6r\u00fc\u015fl\u0259rimizi xat\u0131rlay\u0131rs\u0131z? O zamanlar biz d\u0259 qucaqla\u015faraq, \u015f\u0259n zarafatlar\u0131m\u0131zdan qalm\u0131rd\u0131q. H\u0259min zamanlar biz bir anl\u0131q da olsa, g\u0259l\u0259c\u0259k ayr\u0131l\u0131\u011f\u0131m\u0131z\u0131 unudurduq. H\u0259r d\u0259f\u0259 bir h\u0259ft\u0259 b\u0259rab\u0259r olduqdan sonra (ild\u0259 v\u0259 ya iki ild\u0259 bir) Amsterdam aeroportuna g\u0259l\u0259nd\u0259 \u00f6z\u00fcm\u00fcz\u00fc he\u00e7 n\u0259 olmam\u0131\u015f kimi apar\u0131rd\u0131q.\n<\/p>\n<p>\n  Sanki bu ayr\u0131l\u0131q biz\u0259 a\u011fr\u0131l\u0131 deyili. Buna baxmayaraq, s\u0259nin g\u00f6zl\u0259rin ya\u015fla dolurdu atacan! S\u0259n is\u0259 m\u00f6hk\u0259m durub, g\u00f6z\u00fcn\u0259 n\u0259s\u0259 d\u00fc\u015fd\u00fcy\u00fcn\u00fc deyirdin. S\u0259ns\u0259, anacan, m\u0259ni \u00f6z\u00fcn\u0259 s\u0131x\u0131b, buraxmaq ist\u0259m\u0259y\u0259nd\u0259&#8230; M\u0259n car\u0259siz qal\u0131b, sad\u0259c\u0259 sizin pasport yoxlamas\u0131ndan ke\u00e7m\u0259yiniz\u0259 bax\u0131rd\u0131m. G\u00f6zl\u0259rimd\u0259 ya\u015f, son anda arxaya d\u00f6n\u00fcb, m\u0259n\u0259 \u0259l etm\u0259yinizi g\u00f6zl\u0259yirdim&#8230;\n<\/p>\n<p>\n  Bizi q\u0259ddarcas\u0131na ay\u0131rd\u0131lar bu l\u0259mb\u0259ranskil\u0259r, pa\u015fayevl\u0259r!\n<\/p>\n<p>\n  Nec\u0259 il m\u0259cbur olaca\u011f\u0131q ayr\u0131 qalma\u011fa?! Nec\u0259 il biz b\u0259rab\u0259r Yeni il, ad g\u00fcnl\u0259rin qeyd etm\u0259kd\u0259n m\u0259hrum olaca\u011f\u0131q?! G\u0259l\u0259n il bizim b\u0259rab\u0259r yubeliyimizdi. Yad\u0131n\u0131zdad\u0131, planla\u015fd\u0131rm\u0131\u015fd\u0131q ki, bu ild\u00f6n\u00fcm\u00fcn birg\u0259 qeyd ed\u0259c\u0259yik. Amma nec\u0259 il b\u0259rab\u0259r ail\u0259 yem\u0259yin\u0259 y\u0131\u011f\u0131\u015fa bilm\u0259y\u0259c\u0259yik. S\u0259n, anacan, el\u0259 sevirdin b\u0259rab\u0259r \u015fam yem\u0259yinin\u0259 topla\u015fma\u011f\u0131m\u0131z\u0131&#8230;\n<\/p>\n<p>\n  El\u0259 indic\u0259 yana\u015f\u0131 masaya bir ail\u0259 \u0259yl\u0259\u015fdi. Sanki biz idik. Ata q\u0131z\u0131 il\u0259 s\u00f6hb\u0259t edir, ana is\u0259 sad\u0259c\u0259 q\u0131z\u0131n qucaqlayaraq, oturublar&#8230;\n<\/p>\n<p>\n  Atacan! He\u00e7 vaxt o aprel gec\u0259si yad\u0131mdan \u00e7\u0131xmaz! S\u0259nin \u00fcr\u0259yin getdi, bu v\u0259h\u015fil\u0259r is\u0259 s\u0259ni x\u0259st\u0259xanaya bel\u0259 aparma\u011fa icaz\u0259 verm\u0259di! Anacan, s\u0259ni tualet\u0259 bel\u0259 getm\u0259y\u0259 qoymay\u0131b, incidirdil\u0259r. Telefonlar susanda,\u00a0 bunlar\u0131 sad\u0259c\u0259 car\u0259siz,\u00a0 youtubdan izl\u0259m\u0259k&#8230; Anacan, e\u015fitdim, s\u0259nin \u015f\u0259k\u0259rin \u015fidd\u0259tl\u0259nib, daimi ba\u015f a\u011fr\u0131lar\u0131n olur, g\u00f6zl\u0259rin a\u011fr\u0131y\u0131r.\u00a0 Yad\u0131ma g\u0259lir, o \u00e7\u0259tin g\u00fcnl\u0259rd\u0259 s\u0259nin anid\u0259n g\u00f6rm\u0259n pisl\u0259\u015fdi. Yaln\u0131z iki \u00fcz\u00fcc\u00fc g\u00f6z \u0259m\u0259liyyat\u0131ndan sonra hal\u0131n yax\u015f\u0131la\u015fma\u011fa ba\u015flad\u0131. Sonra da, o mayor v\u0259zif\u0259sini da\u015f\u0131yan, insan dem\u0259y\u0259 dilim g\u0259lm\u0259y\u0259n m\u0259xluqu xat\u0131rlay\u0131ram: s\u0259nin ba\u015f\u0131na z\u0259rb\u0259l\u0259r endir\u0259ni! E\u015fitmi\u015f\u0259m ki, s\u0259n \u00e7ox ar\u0131qlam\u0131san, zorla add\u0131m ata bilirs\u0259n! Qorxuram ki,\u00a0 bu hal\u0131nda s\u0259nd\u0259 Hepatit C proqressivl\u0259\u015fsin. Qaraciy\u0259rin art\u0131q s\u0259ni narahat etm\u0259y\u0259 ba\u015flay\u0131b. Anacan, m\u0259n\u0259 el\u0259 a\u011f\u0131rd\u0131 bunlar\u0131 anlamaq!\n<\/p>\n<p>\n  Atacan, el\u0259 qorxuram ki! S\u0259n\u0259 t\u0259cili yard\u0131m laz\u0131m olsa, bu v\u0259h\u015fil\u0259r s\u0259n\u0259 vaxt\u0131nda yard\u0131m etm\u0259y\u0259c\u0259kl\u0259r&#8230; Bu lemberanskil\u0259r, pa\u015fayevl\u0259r, \u0259hm\u0259dovlar sad\u0259c\u0259 s\u0259nin \u00f6l\u00fcm\u00fcn\u00fc seyr ed\u0259c\u0259kl\u0259r! Bu v\u0259h\u015fil\u0259r s\u0259rh\u0259d bilmill\u0259r! Onlar bizim \u0259zablar\u0131m\u0131z\u0131 seyr etm\u0259kd\u0259n h\u0259zz al\u0131rlar! Yalvar\u0131ram \u00f6z\u00fcn\u00fcz\u00fc qoruyun!\n<\/p>\n<p>\n  H\u0259l\u0259 d\u0259 yan\u0131mda oturan ail\u0259y\u0259 bax\u0131ram&#8230;\n<\/p>\n<p>\n  M\u0259nim \u0259ziz valideyinl\u0259rim&#8230;Siz m\u00f6hk\u0259m dayanm\u0131s\u0131n\u0131z, m\u0259n sizinl\u0259 f\u0259xr edir\u0259m!\n<\/p>\n<p>\n  Sizi sevir\u0259m v\u0259 \u00e7ox dar\u0131x\u0131ram!\n<\/p>\n<p>\n  \u00d6p\u00fcr\u0259m.\n<\/p>\n<p>\n  Sizin Dinara.<\/p>\n","protected":false},"excerpt":{"rendered":"<p>Anacan, m\u0259n\u0259 el\u0259 a\u011f\u0131rd\u0131 bunlar\u0131 anlamaq!<\/p>\n","protected":false},"author":11,"featured_media":16282,"comment_status":"closed","ping_status":"open","sticky":false,"template":"","format":"standard","meta":{"_acf_changed":false,"_sitemap_exclude":false,"_sitemap_priority":"","_sitemap_frequency":"","footnotes":""},"categories":[57],"tags":[],"class_list":["post-165898","post","type-post","status-publish","format-standard","has-post-thumbnail","hentry","category-menim-fikrimce","infinite-scroll-item","generate-columns","tablet-grid-50","mobile-grid-100","grid-parent","grid-33","no-featured-image-padding"],"acf":[],"yoast_head":"<!-- This site is optimized with the Yoast SEO plugin v27.4 - https:\/\/yoast.com\/product\/yoast-seo-wordpress\/ -->\n<title>Anacan, e\u015fitmi\u015f\u0259m ar\u0131qlam\u0131san, zorla add\u0131m at\u0131rsan... - MEYDAN.TV<\/title>\n<meta name=\"robots\" content=\"index, follow, max-snippet:-1, max-image-preview:large, max-video-preview:-1\" \/>\n<link rel=\"canonical\" href=\"https:\/\/www.meydan.tv\/az\/article\/anacan-esitmisem-ariqlamisan-zorla-addim-atirsan\/\" \/>\n<meta property=\"og:locale\" content=\"az_AZ\" \/>\n<meta property=\"og:type\" content=\"article\" \/>\n<meta property=\"og:title\" content=\"Anacan, e\u015fitmi\u015f\u0259m ar\u0131qlam\u0131san, zorla add\u0131m at\u0131rsan... - MEYDAN.TV\" \/>\n<meta property=\"og:description\" content=\"Anacan, m\u0259n\u0259 el\u0259 a\u011f\u0131rd\u0131 bunlar\u0131 anlamaq!\" \/>\n<meta property=\"og:url\" content=\"https:\/\/www.meydan.tv\/az\/article\/anacan-esitmisem-ariqlamisan-zorla-addim-atirsan\/\" \/>\n<meta property=\"og:site_name\" content=\"MEYDAN.TV\" \/>\n<meta property=\"article:published_time\" content=\"2014-11-17T17:56:30+00:00\" \/>\n<meta property=\"og:image\" content=\"https:\/\/www.meydan.tv\/wp-content\/uploads\/5789.jpg\" \/>\n\t<meta property=\"og:image:width\" content=\"400\" \/>\n\t<meta property=\"og:image:height\" content=\"400\" \/>\n\t<meta property=\"og:image:type\" content=\"image\/jpeg\" \/>\n<meta name=\"author\" content=\"user-manager\" \/>\n<meta name=\"twitter:card\" content=\"summary_large_image\" \/>\n<script type=\"application\/ld+json\" class=\"yoast-schema-graph\">{\"@context\":\"https:\\\/\\\/schema.org\",\"@graph\":[{\"@type\":\"Article\",\"@id\":\"https:\\\/\\\/www.meydan.tv\\\/az\\\/article\\\/anacan-esitmisem-ariqlamisan-zorla-addim-atirsan\\\/#article\",\"isPartOf\":{\"@id\":\"https:\\\/\\\/www.meydan.tv\\\/az\\\/article\\\/anacan-esitmisem-ariqlamisan-zorla-addim-atirsan\\\/\"},\"author\":{\"name\":\"user-manager\",\"@id\":\"https:\\\/\\\/www.meydan.tv\\\/az\\\/#\\\/schema\\\/person\\\/10d11eccf6da3662cf5fdab9806ea91a\"},\"headline\":\"Anacan, e\u015fitmi\u015f\u0259m ar\u0131qlam\u0131san, zorla add\u0131m at\u0131rsan&#8230;\",\"datePublished\":\"2014-11-17T17:56:30+00:00\",\"mainEntityOfPage\":{\"@id\":\"https:\\\/\\\/www.meydan.tv\\\/az\\\/article\\\/anacan-esitmisem-ariqlamisan-zorla-addim-atirsan\\\/\"},\"wordCount\":757,\"publisher\":{\"@id\":\"https:\\\/\\\/www.meydan.tv\\\/az\\\/#organization\"},\"image\":{\"@id\":\"https:\\\/\\\/www.meydan.tv\\\/az\\\/article\\\/anacan-esitmisem-ariqlamisan-zorla-addim-atirsan\\\/#primaryimage\"},\"thumbnailUrl\":\"https:\\\/\\\/www.meydan.tv\\\/wp-content\\\/uploads\\\/5789.jpg\",\"articleSection\":[\"M\u0259nim Fikrimc\u0259\"],\"inLanguage\":\"az\"},{\"@type\":\"WebPage\",\"@id\":\"https:\\\/\\\/www.meydan.tv\\\/az\\\/article\\\/anacan-esitmisem-ariqlamisan-zorla-addim-atirsan\\\/\",\"url\":\"https:\\\/\\\/www.meydan.tv\\\/az\\\/article\\\/anacan-esitmisem-ariqlamisan-zorla-addim-atirsan\\\/\",\"name\":\"Anacan, e\u015fitmi\u015f\u0259m ar\u0131qlam\u0131san, zorla add\u0131m at\u0131rsan... - MEYDAN.TV\",\"isPartOf\":{\"@id\":\"https:\\\/\\\/www.meydan.tv\\\/az\\\/#website\"},\"primaryImageOfPage\":{\"@id\":\"https:\\\/\\\/www.meydan.tv\\\/az\\\/article\\\/anacan-esitmisem-ariqlamisan-zorla-addim-atirsan\\\/#primaryimage\"},\"image\":{\"@id\":\"https:\\\/\\\/www.meydan.tv\\\/az\\\/article\\\/anacan-esitmisem-ariqlamisan-zorla-addim-atirsan\\\/#primaryimage\"},\"thumbnailUrl\":\"https:\\\/\\\/www.meydan.tv\\\/wp-content\\\/uploads\\\/5789.jpg\",\"datePublished\":\"2014-11-17T17:56:30+00:00\",\"breadcrumb\":{\"@id\":\"https:\\\/\\\/www.meydan.tv\\\/az\\\/article\\\/anacan-esitmisem-ariqlamisan-zorla-addim-atirsan\\\/#breadcrumb\"},\"inLanguage\":\"az\",\"potentialAction\":[{\"@type\":\"ReadAction\",\"target\":[\"https:\\\/\\\/www.meydan.tv\\\/az\\\/article\\\/anacan-esitmisem-ariqlamisan-zorla-addim-atirsan\\\/\"]}]},{\"@type\":\"ImageObject\",\"inLanguage\":\"az\",\"@id\":\"https:\\\/\\\/www.meydan.tv\\\/az\\\/article\\\/anacan-esitmisem-ariqlamisan-zorla-addim-atirsan\\\/#primaryimage\",\"url\":\"https:\\\/\\\/www.meydan.tv\\\/wp-content\\\/uploads\\\/5789.jpg\",\"contentUrl\":\"https:\\\/\\\/www.meydan.tv\\\/wp-content\\\/uploads\\\/5789.jpg\",\"width\":400,\"height\":400,\"caption\":\"Source:\"},{\"@type\":\"BreadcrumbList\",\"@id\":\"https:\\\/\\\/www.meydan.tv\\\/az\\\/article\\\/anacan-esitmisem-ariqlamisan-zorla-addim-atirsan\\\/#breadcrumb\",\"itemListElement\":[{\"@type\":\"ListItem\",\"position\":1,\"name\":\"Ana s\u0259hif\u0259\",\"item\":\"https:\\\/\\\/www.meydan.tv\\\/az\\\/\"},{\"@type\":\"ListItem\",\"position\":2,\"name\":\"M\u0259nim Fikrimc\u0259\",\"item\":\"https:\\\/\\\/www.meydan.tv\\\/az\\\/section\\\/menim-fikrimce\\\/\"},{\"@type\":\"ListItem\",\"position\":3,\"name\":\"Anacan, e\u015fitmi\u015f\u0259m ar\u0131qlam\u0131san, zorla add\u0131m at\u0131rsan&#8230;\"}]},{\"@type\":\"WebSite\",\"@id\":\"https:\\\/\\\/www.meydan.tv\\\/az\\\/#website\",\"url\":\"https:\\\/\\\/www.meydan.tv\\\/az\\\/\",\"name\":\"MEYDAN.TV\",\"description\":\"Meydan TV Az\u0259rbaycan\u0131n media m\u0259kan\u0131ndak\u0131 alternativ s\u0259sidir\",\"publisher\":{\"@id\":\"https:\\\/\\\/www.meydan.tv\\\/az\\\/#organization\"},\"potentialAction\":[{\"@type\":\"SearchAction\",\"target\":{\"@type\":\"EntryPoint\",\"urlTemplate\":\"https:\\\/\\\/www.meydan.tv\\\/az\\\/?s={search_term_string}\"},\"query-input\":{\"@type\":\"PropertyValueSpecification\",\"valueRequired\":true,\"valueName\":\"search_term_string\"}}],\"inLanguage\":\"az\"},{\"@type\":\"Organization\",\"@id\":\"https:\\\/\\\/www.meydan.tv\\\/az\\\/#organization\",\"name\":\"Meydan TV\",\"url\":\"https:\\\/\\\/www.meydan.tv\\\/az\\\/\",\"logo\":{\"@type\":\"ImageObject\",\"inLanguage\":\"az\",\"@id\":\"https:\\\/\\\/www.meydan.tv\\\/az\\\/#\\\/schema\\\/logo\\\/image\\\/\",\"url\":\"https:\\\/\\\/www.meydan.tv\\\/wp-content\\\/uploads\\\/2021\\\/07\\\/meydan-logo.svg\",\"contentUrl\":\"https:\\\/\\\/www.meydan.tv\\\/wp-content\\\/uploads\\\/2021\\\/07\\\/meydan-logo.svg\",\"width\":195,\"height\":46,\"caption\":\"Meydan TV\"},\"image\":{\"@id\":\"https:\\\/\\\/www.meydan.tv\\\/az\\\/#\\\/schema\\\/logo\\\/image\\\/\"}},{\"@type\":\"Person\",\"@id\":\"https:\\\/\\\/www.meydan.tv\\\/az\\\/#\\\/schema\\\/person\\\/10d11eccf6da3662cf5fdab9806ea91a\",\"name\":\"user-manager\"}]}<\/script>\n<!-- \/ Yoast SEO plugin. -->","yoast_head_json":{"title":"Anacan, e\u015fitmi\u015f\u0259m ar\u0131qlam\u0131san, zorla add\u0131m at\u0131rsan... - MEYDAN.TV","robots":{"index":"index","follow":"follow","max-snippet":"max-snippet:-1","max-image-preview":"max-image-preview:large","max-video-preview":"max-video-preview:-1"},"canonical":"https:\/\/www.meydan.tv\/az\/article\/anacan-esitmisem-ariqlamisan-zorla-addim-atirsan\/","og_locale":"az_AZ","og_type":"article","og_title":"Anacan, e\u015fitmi\u015f\u0259m ar\u0131qlam\u0131san, zorla add\u0131m at\u0131rsan... - MEYDAN.TV","og_description":"Anacan, m\u0259n\u0259 el\u0259 a\u011f\u0131rd\u0131 bunlar\u0131 anlamaq!","og_url":"https:\/\/www.meydan.tv\/az\/article\/anacan-esitmisem-ariqlamisan-zorla-addim-atirsan\/","og_site_name":"MEYDAN.TV","article_published_time":"2014-11-17T17:56:30+00:00","og_image":[{"width":400,"height":400,"url":"https:\/\/www.meydan.tv\/wp-content\/uploads\/5789.jpg","type":"image\/jpeg"}],"author":"user-manager","twitter_card":"summary_large_image","schema":{"@context":"https:\/\/schema.org","@graph":[{"@type":"Article","@id":"https:\/\/www.meydan.tv\/az\/article\/anacan-esitmisem-ariqlamisan-zorla-addim-atirsan\/#article","isPartOf":{"@id":"https:\/\/www.meydan.tv\/az\/article\/anacan-esitmisem-ariqlamisan-zorla-addim-atirsan\/"},"author":{"name":"user-manager","@id":"https:\/\/www.meydan.tv\/az\/#\/schema\/person\/10d11eccf6da3662cf5fdab9806ea91a"},"headline":"Anacan, e\u015fitmi\u015f\u0259m ar\u0131qlam\u0131san, zorla add\u0131m at\u0131rsan&#8230;","datePublished":"2014-11-17T17:56:30+00:00","mainEntityOfPage":{"@id":"https:\/\/www.meydan.tv\/az\/article\/anacan-esitmisem-ariqlamisan-zorla-addim-atirsan\/"},"wordCount":757,"publisher":{"@id":"https:\/\/www.meydan.tv\/az\/#organization"},"image":{"@id":"https:\/\/www.meydan.tv\/az\/article\/anacan-esitmisem-ariqlamisan-zorla-addim-atirsan\/#primaryimage"},"thumbnailUrl":"https:\/\/www.meydan.tv\/wp-content\/uploads\/5789.jpg","articleSection":["M\u0259nim Fikrimc\u0259"],"inLanguage":"az"},{"@type":"WebPage","@id":"https:\/\/www.meydan.tv\/az\/article\/anacan-esitmisem-ariqlamisan-zorla-addim-atirsan\/","url":"https:\/\/www.meydan.tv\/az\/article\/anacan-esitmisem-ariqlamisan-zorla-addim-atirsan\/","name":"Anacan, e\u015fitmi\u015f\u0259m ar\u0131qlam\u0131san, zorla add\u0131m at\u0131rsan... - MEYDAN.TV","isPartOf":{"@id":"https:\/\/www.meydan.tv\/az\/#website"},"primaryImageOfPage":{"@id":"https:\/\/www.meydan.tv\/az\/article\/anacan-esitmisem-ariqlamisan-zorla-addim-atirsan\/#primaryimage"},"image":{"@id":"https:\/\/www.meydan.tv\/az\/article\/anacan-esitmisem-ariqlamisan-zorla-addim-atirsan\/#primaryimage"},"thumbnailUrl":"https:\/\/www.meydan.tv\/wp-content\/uploads\/5789.jpg","datePublished":"2014-11-17T17:56:30+00:00","breadcrumb":{"@id":"https:\/\/www.meydan.tv\/az\/article\/anacan-esitmisem-ariqlamisan-zorla-addim-atirsan\/#breadcrumb"},"inLanguage":"az","potentialAction":[{"@type":"ReadAction","target":["https:\/\/www.meydan.tv\/az\/article\/anacan-esitmisem-ariqlamisan-zorla-addim-atirsan\/"]}]},{"@type":"ImageObject","inLanguage":"az","@id":"https:\/\/www.meydan.tv\/az\/article\/anacan-esitmisem-ariqlamisan-zorla-addim-atirsan\/#primaryimage","url":"https:\/\/www.meydan.tv\/wp-content\/uploads\/5789.jpg","contentUrl":"https:\/\/www.meydan.tv\/wp-content\/uploads\/5789.jpg","width":400,"height":400,"caption":"Source:"},{"@type":"BreadcrumbList","@id":"https:\/\/www.meydan.tv\/az\/article\/anacan-esitmisem-ariqlamisan-zorla-addim-atirsan\/#breadcrumb","itemListElement":[{"@type":"ListItem","position":1,"name":"Ana s\u0259hif\u0259","item":"https:\/\/www.meydan.tv\/az\/"},{"@type":"ListItem","position":2,"name":"M\u0259nim Fikrimc\u0259","item":"https:\/\/www.meydan.tv\/az\/section\/menim-fikrimce\/"},{"@type":"ListItem","position":3,"name":"Anacan, e\u015fitmi\u015f\u0259m ar\u0131qlam\u0131san, zorla add\u0131m at\u0131rsan&#8230;"}]},{"@type":"WebSite","@id":"https:\/\/www.meydan.tv\/az\/#website","url":"https:\/\/www.meydan.tv\/az\/","name":"MEYDAN.TV","description":"Meydan TV Az\u0259rbaycan\u0131n media m\u0259kan\u0131ndak\u0131 alternativ s\u0259sidir","publisher":{"@id":"https:\/\/www.meydan.tv\/az\/#organization"},"potentialAction":[{"@type":"SearchAction","target":{"@type":"EntryPoint","urlTemplate":"https:\/\/www.meydan.tv\/az\/?s={search_term_string}"},"query-input":{"@type":"PropertyValueSpecification","valueRequired":true,"valueName":"search_term_string"}}],"inLanguage":"az"},{"@type":"Organization","@id":"https:\/\/www.meydan.tv\/az\/#organization","name":"Meydan TV","url":"https:\/\/www.meydan.tv\/az\/","logo":{"@type":"ImageObject","inLanguage":"az","@id":"https:\/\/www.meydan.tv\/az\/#\/schema\/logo\/image\/","url":"https:\/\/www.meydan.tv\/wp-content\/uploads\/2021\/07\/meydan-logo.svg","contentUrl":"https:\/\/www.meydan.tv\/wp-content\/uploads\/2021\/07\/meydan-logo.svg","width":195,"height":46,"caption":"Meydan TV"},"image":{"@id":"https:\/\/www.meydan.tv\/az\/#\/schema\/logo\/image\/"}},{"@type":"Person","@id":"https:\/\/www.meydan.tv\/az\/#\/schema\/person\/10d11eccf6da3662cf5fdab9806ea91a","name":"user-manager"}]}},"_links":{"self":[{"href":"https:\/\/www.meydan.tv\/az\/wp-json\/wp\/v2\/posts\/165898","targetHints":{"allow":["GET"]}}],"collection":[{"href":"https:\/\/www.meydan.tv\/az\/wp-json\/wp\/v2\/posts"}],"about":[{"href":"https:\/\/www.meydan.tv\/az\/wp-json\/wp\/v2\/types\/post"}],"author":[{"embeddable":true,"href":"https:\/\/www.meydan.tv\/az\/wp-json\/wp\/v2\/users\/11"}],"replies":[{"embeddable":true,"href":"https:\/\/www.meydan.tv\/az\/wp-json\/wp\/v2\/comments?post=165898"}],"version-history":[{"count":0,"href":"https:\/\/www.meydan.tv\/az\/wp-json\/wp\/v2\/posts\/165898\/revisions"}],"wp:featuredmedia":[{"embeddable":true,"href":"https:\/\/www.meydan.tv\/az\/wp-json\/wp\/v2\/media\/16282"}],"wp:attachment":[{"href":"https:\/\/www.meydan.tv\/az\/wp-json\/wp\/v2\/media?parent=165898"}],"wp:term":[{"taxonomy":"category","embeddable":true,"href":"https:\/\/www.meydan.tv\/az\/wp-json\/wp\/v2\/categories?post=165898"},{"taxonomy":"post_tag","embeddable":true,"href":"https:\/\/www.meydan.tv\/az\/wp-json\/wp\/v2\/tags?post=165898"}],"curies":[{"name":"wp","href":"https:\/\/api.w.org\/{rel}","templated":true}]}}