{"id":165597,"date":"2014-10-16T02:11:21","date_gmt":"2014-10-16T02:11:21","guid":{"rendered":"https:\/\/www.meydan.tv\/article\/elil-arabasindan-istifade-eden-nazir\/"},"modified":"2014-10-16T02:11:21","modified_gmt":"2014-10-16T02:11:21","slug":"elil-arabasindan-istifade-eden-nazir","status":"publish","type":"post","link":"https:\/\/www.meydan.tv\/az\/article\/elil-arabasindan-istifade-eden-nazir\/","title":{"rendered":"\u018flil arabas\u0131ndan istifad\u0259 ed\u0259n nazir&#8230;"},"content":{"rendered":"<figure class=\"wp-block-image size-large\">\n  <img decoding=\"async\" src=\"https:\/\/www.meydan.tv\/az\/15244\/\" alt=\"\" class=\"wp-image-15244\"\/><figcaption><\/figcaption><\/figure>\n<figure class=\"wp-block-image size-large\">\n  <img decoding=\"async\" src=\"https:\/\/www.meydan.tv\/az\/15247\/\" alt=\"\" class=\"wp-image-15247\"\/><figcaption><\/figcaption><\/figure>\n<p>\n  \u018flil tan\u0131\u015f\u0131m var. Yax\u015f\u0131 maddi imkanlar\u0131 var. O\u011flan 4-5 il olar, q\u0259za ke\u00e7irdib. \u018flil arabas\u0131nda oturur. H\u0259rd\u0259n iki n\u0259f\u0259rin boynundan tutub, g\u0259zir d\u0259. Valideynl\u0259ri onu tez-tez xarici \u00f6lk\u0259l\u0259r\u0259 m\u00fcalic\u0259y\u0259 yollay\u0131r. T\u0259\u0259ss\u00fcf ki, o \u00f6z\u00fcn\u0259 qar\u015f\u0131 tamam bigan\u0259dir. Biz az s\u0259y g\u00f6st\u0259rs\u0259, \u00e7ox yax\u015f\u0131 g\u0259z\u0259 bil\u0259r. Amma g\u00fcn\u00fcn\u00fc siqaret, alkoqollu i\u00e7kil\u0259rl\u0259 ke\u00e7irir v\u0259 evd\u0259n bay\u0131ra \u00e7\u0131xm\u0131r. \u0130nsanlar aras\u0131nda g\u00f6r\u00fcnm\u0259kd\u0259n \u00e7\u0259kinir. \u018flilliyin\u0259 g\u00f6r\u0259 b\u00f6y\u00fck kompleksi var. Yaln\u0131z atas\u0131n\u0131n v\u0259 dostlar\u0131n\u0131n avtomobilind\u0259 g\u0259zm\u0259kl\u0259 hava al\u0131r. Valideynl\u0259ri onun bu hal\u0131na g\u00f6r\u0259 \u00e7ox m\u0259yusdular.\n<\/p>\n<p>\n  H\u0259min o\u011flan\u0131n yax\u015f\u0131 maddi imkan\u0131 var, amma he\u00e7 yer\u0259 \u00e7\u0131xm\u0131r. Bir \u00e7ox \u0259lil is\u0259 he\u00e7 yana \u00e7\u0131xa bimir. \u00c7\u00fcnki maddi imkan\u0131 yoxdur. Bu oxuculara qeyri-adi g\u00f6r\u00fcn\u0259 bil\u0259r. Uzaqg\u00f6r\u0259n,qay\u011f\u0131ke\u015f h\u00f6k\u00fcm\u0259timiz \u0259lilliyim\u0259 g\u00f6r\u0259 67 manat sosial m\u00fcavinat, 60 manat prezident t\u0259qa\u00fcd\u00fc ay\u0131r\u0131b. Bu 127 manat pulla m\u0259n bir ayda nec\u0259 dolana bil\u0259r\u0259m? \u00c7ox b\u0259rbad durumdur. \u018fg\u0259r valideynl\u0259rim olmasa y\u0259qin ki, bomj v\u0259ziyy\u0259tin\u0259 d\u00fc\u015f\u00fcb, bir aya haqq\u0131n d\u0259rgah\u0131na qovu\u015facam. N\u0259 q\u0259d\u0259r pozitiv olsam da, bu, faktd\u0131r.\n<\/p>\n<p>\n  Az\u0259rbaycanda 500 mind\u0259n \u00e7ox \u0259lil var. Bu insanlar\u0131n rifah\u0131n\u0131 y\u00fcks\u0259ltm\u0259k kosmosa peyk g\u00f6nd\u0259r\u0259n h\u00f6k\u00fcm\u0259t \u00fc\u00e7\u00fcn he\u00e7 d\u0259 \u00e7\u0259tin deyil. Bir \u00e7ox probleml\u0259rimiz var. Bir \u0259lil kimi ictimai n\u0259qliyyatdan istifad\u0259 ed\u0259 bilmirik. K\u00fc\u00e7\u0259l\u0259r d\u0259 \u0259lil arabas\u0131n\u0131n h\u0259r\u0259k\u0259tin\u0259 yararl\u0131 deyil. Bu arabalarla n\u0259 s\u0259kil\u0259rd\u0259n k\u00fc\u00e7\u0259y\u0259 ke\u00e7m\u0259k, n\u0259 yeralt\u0131 ke\u00e7idl\u0259rd\u0259n ke\u00e7m\u0259k m\u00fcmk\u00fcn deyil. Ma\u011fazalar\u0131n v\u0259 ictimai ia\u015f\u0259 obyektl\u0259rinin giri\u015fl\u0259r d\u0259 k\u00fc\u00e7\u0259d\u0259n bir-iki pill\u0259 y\u00fcks\u0259k oldu\u011fundan \u0259lill\u0259r bel\u0259 obyektl\u0259r\u0259 d\u0259 daxil ola bilmirdil\u0259r.<\/p>\n<p>  2002-ci ild\u0259 D\u00f6vl\u0259t \u015e\u0259h\u0259rsalma v\u0259 Arxitektura Komit\u0259si (D\u015eAK) t\u0259r\u0259find\u0259n \u201cBina v\u0259 qur\u011fular\u0131n layih\u0259l\u0259ndirilm\u0259sind\u0259 \u0259lill\u0259r \u00fc\u00e7\u00fcn z\u0259ruri olan f\u0259aliyy\u0259t \u015f\u0259raitinin yarad\u0131lmas\u0131 \u00fczr\u0259 m\u00fcv\u0259qq\u0259ti t\u0259limat\u201d q\u0259bul edilib. T\u0259limat yeni binalar\u0131n layih\u0259l\u0259ndirilm\u0259si zaman\u0131 \u0259lil arabalar\u0131n\u0131n h\u0259r\u0259k\u0259ti m\u0259s\u0259l\u0259sin\u0259 x\u00fcsusi diqq\u0259t yetirilm\u0259li, liftl\u0259rin, d\u0259hlizl\u0259rin, tualetl\u0259rin \u00f6l\u00e7\u00fcl\u0259ri \u0259lil arabalar\u0131n\u0131n h\u0259r\u0259k\u0259ti \u00fc\u00e7\u00fcn yararl\u0131 olmal\u0131d\u0131r.<br \/>\n  <br \/>\n  \u018fsas probleml\u0259rd\u0259n biri d\u0259 ondan ibar\u0259tdir ki, yeni d\u00fcz\u0259ldil\u0259n v\u0259 t\u0259mir olunan ke\u00e7idl\u0259rd\u0259, s\u0259kil\u0259rd\u0259 \u0259lil arabalar\u0131 \u00fc\u00e7\u00fcn yerl\u0259rin \u00e7ox pis d\u00fcz\u0259ldilib. Bu yerl\u0259r n\u0259inki \u0259lill\u0259rin rahatl\u0131\u011f\u0131na \u015f\u0259rait yaratm\u0131r, h\u0259tta onlar \u00fc\u00e7\u00fcn t\u0259hl\u00fck\u0259dir. Bunlar\u0131n d\u00fcz\u0259ldilm\u0259si \u00fc\u00e7\u00fcn g\u0259r\u0259k yeni t\u0259mir olunan v\u0259 tikil\u0259n k\u00f6rp\u00fcl\u0259r t\u0259z\u0259d\u0259n s\u00f6k\u00fcls\u00fcn. Probleml\u0259rd\u0259n biri d\u0259 \u00f6z\u0259l obyektl\u0259rin tikilm\u0259si zaman\u0131 \u0259lill\u0259rin n\u0259z\u0259r\u0259 al\u0131nmamas\u0131d\u0131r.<br \/>\n  <br \/>\n  N\u0259 avtobuslardan istifad\u0259 ed\u0259 bilirik, n\u0259 d\u0259 metrodan. N\u0259 yax\u015f\u0131 \u00f6lk\u0259miz Eurovision-a ev sahibliyi etdi v\u0259 \u00f6lk\u0259miz\u0259 g\u0259l\u0259n turistl\u0259rin istifad\u0259si \u00fc\u00e7\u00fcn el aras\u0131nda \u201cbad\u0131mcan taksi\u201d deyil\u0259n London taksil\u0259rini Bak\u0131ya g\u0259tirdil\u0259r. Onun \u0259sas \u00f6z\u0259lliyi pandusunun olmas\u0131d\u0131r. Son vaxtlar bir \u00e7ox maraql\u0131 t\u0259dbirl\u0259r\u0259 d\u0259v\u0259t al\u0131ram. Amma taksi il\u0259 hara is\u0259 bir s\u0259f\u0259rimin \u0259n az\u0131 20-25 manata ba\u015fa g\u0259ldiyini xat\u0131rlad\u0131qca h\u0259v\u0259sim tamam \u00f6l\u00fcr. Evd\u0259 oturmaqdan bezmi\u015f\u0259m. \u0130nsanlarla \u00fcnsiyy\u0259td\u0259 olmaq, yeni hadis\u0259l\u0259r\u0259 \u015fahid olmaq ist\u0259yir\u0259m. Niy\u0259 n\u0259qliyyat v\u0259 \u015f\u0259h\u0259r infrastrukturndak\u0131 mane\u0259l\u0259r\u0259 g\u00f6r\u0259 ya\u015fam t\u0259rzim m\u0259hdudla\u015fmal\u0131d\u0131r? Fiziki m\u0259hdudiyy\u0259tl\u0259rim\u0259 s\u0259b\u0259b olanlar\u0131 \u015fidd\u0259tl\u0259 QINAYIRAM!\n<\/p>\n<p>\n  Bu, t\u0259kc\u0259 m\u0259nim s\u00f6z\u00fcm deyil, bu, \u0259lil arabas\u0131ndan istifad\u0259 ed\u0259n 60 mind\u0259n \u00e7ox Az\u0259rbaycan v\u0259t\u0259nda\u015flar\u0131n\u0131n hayq\u0131r\u0131\u015f\u0131d\u0131r. Almaniya kansleri Angela Merkel ke\u00e7\u0259n il Beyn\u0259lxalq \u018flill\u0259r G\u00fcn\u00fcnd\u0259 \u00e7\u0131x\u0131\u015f\u0131 zaman\u0131 qeyd etdi ki, \u201c\u00d6lk\u0259mizin, c\u0259miyy\u0259timizin inki\u015faf g\u00f6st\u0259ricisi \u0259lil v\u0259t\u0259nda\u015flar\u0131m\u0131za olan qay\u011f\u0131 il\u0259 ba\u011fl\u0131d\u0131r. Biz h\u0259m \u0259lill\u0259rimiz\u0259 pensiya verir h\u0259m d\u0259 onlardan yax\u015f\u0131 m\u0259nada istifad\u0259 edirik. Y\u0259ni \u0259lill\u0259ri i\u015fl\u0259 t\u0259min edib, onlar\u0131n \u0259m\u0259k qabiyy\u0259tind\u0259n istifad\u0259 edirik.\u201d\n<\/p>\n<p>\n  Qeyd edim ki, Almaniyan\u0131n maliyy\u0259 naziri Volfanq \u015eaulbe \u0259lil arabas\u0131ndan istifad\u0259 edir. Almaniya kimi Avropan\u0131n bir \u00e7ox \u00f6lk\u0259l\u0259rind\u0259 olsan\u0131z, el\u0259 bil\u0259c\u0259ksiniz ki, burda g\u0259z\u0259n adam q\u0259d\u0259r \u0259lil arabas\u0131 istifad\u0259\u00e7isi var. \u0130nand\u0131r\u0131m sizi ki, Az\u0259rbaycanda normal n\u0259qliyyat infrastrkturu olsa, \u0259lill\u0259ri k\u00fc\u00e7\u0259y\u0259 \u00e7\u0131xma\u011fa al\u0131 qoyan, ona kompleks p\u00fcsk\u00fcr\u0259n c\u0259miyy\u0259t olmasa, bizd\u0259 d\u0259 Avropadak\u0131 q\u0259d\u0259r k\u00fc\u00e7\u0259l\u0259rd\u0259 \u0259lil arabas\u0131 istifad\u0259\u00e7isi g\u00f6rm\u0259k olar. Bir \u00e7ox m\u0259murlar\u0131m\u0131z var ki, onlar\u0131n do\u011fma \u00f6vladlar\u0131, yax\u0131n qohumlar\u0131 \u0259lil arabas\u0131 istifad\u0259\u00e7isidir. M\u0259hz h\u0259min m\u0259murlar\u0131n \u0259lind\u0259 imkan var ki, onlar infrastrukdurda, n\u0259qliyyatda v\u0259 bir \u00e7ox tikinti-sosial obyektl\u0259rd\u0259 \u0259lil arabas\u0131 istifad\u0259\u00e7il\u0259ri \u00fc\u00e7\u00fcn yax\u015f\u0131 \u015f\u0259rait yarada bilsinl\u0259r. Amma etmirl\u0259r..El\u0259 bil ham\u0131s\u0131 and i\u00e7ib ki, \u0259lil araba istifad\u0259\u00e7il\u0259rini sevindirm\u0259y\u0259cik.\n<\/p>\n<p>\n  Sevincimizi m\u0259hdudla\u015fd\u0131ranlar\u0131n, \u00f6z sevinci az \u00e7\u0259k\u0259c\u0259k. \u00c7\u00fcnki sevinm\u0259yimiz lab\u00fcdd\u00fcr. G\u00fcl\u00fcms\u0259yin.<\/p>\n","protected":false},"excerpt":{"rendered":"<p>Evd\u0259 oturmaqdan bezmi\u015f\u0259m&#8230;<\/p>\n","protected":false},"author":11,"featured_media":15244,"comment_status":"closed","ping_status":"open","sticky":false,"template":"","format":"standard","meta":{"_acf_changed":false,"_sitemap_exclude":false,"_sitemap_priority":"","_sitemap_frequency":"","footnotes":""},"categories":[57],"tags":[],"class_list":["post-165597","post","type-post","status-publish","format-standard","has-post-thumbnail","hentry","category-menim-fikrimce","infinite-scroll-item","generate-columns","tablet-grid-50","mobile-grid-100","grid-parent","grid-33","no-featured-image-padding"],"acf":[],"yoast_head":"<!-- This site is optimized with the Yoast SEO plugin v27.4 - https:\/\/yoast.com\/product\/yoast-seo-wordpress\/ -->\n<title>\u018flil arabas\u0131ndan istifad\u0259 ed\u0259n nazir... - MEYDAN.TV<\/title>\n<meta name=\"robots\" content=\"index, follow, max-snippet:-1, max-image-preview:large, max-video-preview:-1\" \/>\n<link rel=\"canonical\" href=\"https:\/\/www.meydan.tv\/az\/article\/elil-arabasindan-istifade-eden-nazir\/\" \/>\n<meta property=\"og:locale\" content=\"az_AZ\" \/>\n<meta property=\"og:type\" content=\"article\" \/>\n<meta property=\"og:title\" content=\"\u018flil arabas\u0131ndan istifad\u0259 ed\u0259n nazir... - MEYDAN.TV\" \/>\n<meta property=\"og:description\" content=\"Evd\u0259 oturmaqdan bezmi\u015f\u0259m...\" \/>\n<meta property=\"og:url\" content=\"https:\/\/www.meydan.tv\/az\/article\/elil-arabasindan-istifade-eden-nazir\/\" \/>\n<meta property=\"og:site_name\" content=\"MEYDAN.TV\" \/>\n<meta property=\"article:published_time\" content=\"2014-10-16T02:11:21+00:00\" \/>\n<meta property=\"og:image\" content=\"https:\/\/www.meydan.tv\/wp-content\/uploads\/5334.jpg\" \/>\n\t<meta property=\"og:image:width\" content=\"500\" \/>\n\t<meta property=\"og:image:height\" content=\"500\" \/>\n\t<meta property=\"og:image:type\" content=\"image\/jpeg\" \/>\n<meta name=\"author\" content=\"user-manager\" \/>\n<meta name=\"twitter:card\" content=\"summary_large_image\" \/>\n<script type=\"application\/ld+json\" class=\"yoast-schema-graph\">{\"@context\":\"https:\\\/\\\/schema.org\",\"@graph\":[{\"@type\":\"Article\",\"@id\":\"https:\\\/\\\/www.meydan.tv\\\/az\\\/article\\\/elil-arabasindan-istifade-eden-nazir\\\/#article\",\"isPartOf\":{\"@id\":\"https:\\\/\\\/www.meydan.tv\\\/az\\\/article\\\/elil-arabasindan-istifade-eden-nazir\\\/\"},\"author\":{\"name\":\"user-manager\",\"@id\":\"https:\\\/\\\/www.meydan.tv\\\/az\\\/#\\\/schema\\\/person\\\/10d11eccf6da3662cf5fdab9806ea91a\"},\"headline\":\"\u018flil arabas\u0131ndan istifad\u0259 ed\u0259n nazir&#8230;\",\"datePublished\":\"2014-10-16T02:11:21+00:00\",\"mainEntityOfPage\":{\"@id\":\"https:\\\/\\\/www.meydan.tv\\\/az\\\/article\\\/elil-arabasindan-istifade-eden-nazir\\\/\"},\"wordCount\":997,\"publisher\":{\"@id\":\"https:\\\/\\\/www.meydan.tv\\\/az\\\/#organization\"},\"image\":{\"@id\":\"https:\\\/\\\/www.meydan.tv\\\/az\\\/article\\\/elil-arabasindan-istifade-eden-nazir\\\/#primaryimage\"},\"thumbnailUrl\":\"https:\\\/\\\/www.meydan.tv\\\/wp-content\\\/uploads\\\/5334.jpg\",\"articleSection\":[\"M\u0259nim Fikrimc\u0259\"],\"inLanguage\":\"az\"},{\"@type\":\"WebPage\",\"@id\":\"https:\\\/\\\/www.meydan.tv\\\/az\\\/article\\\/elil-arabasindan-istifade-eden-nazir\\\/\",\"url\":\"https:\\\/\\\/www.meydan.tv\\\/az\\\/article\\\/elil-arabasindan-istifade-eden-nazir\\\/\",\"name\":\"\u018flil arabas\u0131ndan istifad\u0259 ed\u0259n nazir... - MEYDAN.TV\",\"isPartOf\":{\"@id\":\"https:\\\/\\\/www.meydan.tv\\\/az\\\/#website\"},\"primaryImageOfPage\":{\"@id\":\"https:\\\/\\\/www.meydan.tv\\\/az\\\/article\\\/elil-arabasindan-istifade-eden-nazir\\\/#primaryimage\"},\"image\":{\"@id\":\"https:\\\/\\\/www.meydan.tv\\\/az\\\/article\\\/elil-arabasindan-istifade-eden-nazir\\\/#primaryimage\"},\"thumbnailUrl\":\"https:\\\/\\\/www.meydan.tv\\\/wp-content\\\/uploads\\\/5334.jpg\",\"datePublished\":\"2014-10-16T02:11:21+00:00\",\"breadcrumb\":{\"@id\":\"https:\\\/\\\/www.meydan.tv\\\/az\\\/article\\\/elil-arabasindan-istifade-eden-nazir\\\/#breadcrumb\"},\"inLanguage\":\"az\",\"potentialAction\":[{\"@type\":\"ReadAction\",\"target\":[\"https:\\\/\\\/www.meydan.tv\\\/az\\\/article\\\/elil-arabasindan-istifade-eden-nazir\\\/\"]}]},{\"@type\":\"ImageObject\",\"inLanguage\":\"az\",\"@id\":\"https:\\\/\\\/www.meydan.tv\\\/az\\\/article\\\/elil-arabasindan-istifade-eden-nazir\\\/#primaryimage\",\"url\":\"https:\\\/\\\/www.meydan.tv\\\/wp-content\\\/uploads\\\/5334.jpg\",\"contentUrl\":\"https:\\\/\\\/www.meydan.tv\\\/wp-content\\\/uploads\\\/5334.jpg\",\"width\":500,\"height\":500,\"caption\":\"Source:\"},{\"@type\":\"BreadcrumbList\",\"@id\":\"https:\\\/\\\/www.meydan.tv\\\/az\\\/article\\\/elil-arabasindan-istifade-eden-nazir\\\/#breadcrumb\",\"itemListElement\":[{\"@type\":\"ListItem\",\"position\":1,\"name\":\"Ana s\u0259hif\u0259\",\"item\":\"https:\\\/\\\/www.meydan.tv\\\/az\\\/\"},{\"@type\":\"ListItem\",\"position\":2,\"name\":\"M\u0259nim Fikrimc\u0259\",\"item\":\"https:\\\/\\\/www.meydan.tv\\\/az\\\/section\\\/menim-fikrimce\\\/\"},{\"@type\":\"ListItem\",\"position\":3,\"name\":\"\u018flil arabas\u0131ndan istifad\u0259 ed\u0259n nazir&#8230;\"}]},{\"@type\":\"WebSite\",\"@id\":\"https:\\\/\\\/www.meydan.tv\\\/az\\\/#website\",\"url\":\"https:\\\/\\\/www.meydan.tv\\\/az\\\/\",\"name\":\"MEYDAN.TV\",\"description\":\"Meydan TV Az\u0259rbaycan\u0131n media m\u0259kan\u0131ndak\u0131 alternativ s\u0259sidir\",\"publisher\":{\"@id\":\"https:\\\/\\\/www.meydan.tv\\\/az\\\/#organization\"},\"potentialAction\":[{\"@type\":\"SearchAction\",\"target\":{\"@type\":\"EntryPoint\",\"urlTemplate\":\"https:\\\/\\\/www.meydan.tv\\\/az\\\/?s={search_term_string}\"},\"query-input\":{\"@type\":\"PropertyValueSpecification\",\"valueRequired\":true,\"valueName\":\"search_term_string\"}}],\"inLanguage\":\"az\"},{\"@type\":\"Organization\",\"@id\":\"https:\\\/\\\/www.meydan.tv\\\/az\\\/#organization\",\"name\":\"Meydan TV\",\"url\":\"https:\\\/\\\/www.meydan.tv\\\/az\\\/\",\"logo\":{\"@type\":\"ImageObject\",\"inLanguage\":\"az\",\"@id\":\"https:\\\/\\\/www.meydan.tv\\\/az\\\/#\\\/schema\\\/logo\\\/image\\\/\",\"url\":\"https:\\\/\\\/www.meydan.tv\\\/wp-content\\\/uploads\\\/2021\\\/07\\\/meydan-logo.svg\",\"contentUrl\":\"https:\\\/\\\/www.meydan.tv\\\/wp-content\\\/uploads\\\/2021\\\/07\\\/meydan-logo.svg\",\"width\":195,\"height\":46,\"caption\":\"Meydan TV\"},\"image\":{\"@id\":\"https:\\\/\\\/www.meydan.tv\\\/az\\\/#\\\/schema\\\/logo\\\/image\\\/\"}},{\"@type\":\"Person\",\"@id\":\"https:\\\/\\\/www.meydan.tv\\\/az\\\/#\\\/schema\\\/person\\\/10d11eccf6da3662cf5fdab9806ea91a\",\"name\":\"user-manager\"}]}<\/script>\n<!-- \/ Yoast SEO plugin. -->","yoast_head_json":{"title":"\u018flil arabas\u0131ndan istifad\u0259 ed\u0259n nazir... - MEYDAN.TV","robots":{"index":"index","follow":"follow","max-snippet":"max-snippet:-1","max-image-preview":"max-image-preview:large","max-video-preview":"max-video-preview:-1"},"canonical":"https:\/\/www.meydan.tv\/az\/article\/elil-arabasindan-istifade-eden-nazir\/","og_locale":"az_AZ","og_type":"article","og_title":"\u018flil arabas\u0131ndan istifad\u0259 ed\u0259n nazir... - MEYDAN.TV","og_description":"Evd\u0259 oturmaqdan bezmi\u015f\u0259m...","og_url":"https:\/\/www.meydan.tv\/az\/article\/elil-arabasindan-istifade-eden-nazir\/","og_site_name":"MEYDAN.TV","article_published_time":"2014-10-16T02:11:21+00:00","og_image":[{"width":500,"height":500,"url":"https:\/\/www.meydan.tv\/wp-content\/uploads\/5334.jpg","type":"image\/jpeg"}],"author":"user-manager","twitter_card":"summary_large_image","schema":{"@context":"https:\/\/schema.org","@graph":[{"@type":"Article","@id":"https:\/\/www.meydan.tv\/az\/article\/elil-arabasindan-istifade-eden-nazir\/#article","isPartOf":{"@id":"https:\/\/www.meydan.tv\/az\/article\/elil-arabasindan-istifade-eden-nazir\/"},"author":{"name":"user-manager","@id":"https:\/\/www.meydan.tv\/az\/#\/schema\/person\/10d11eccf6da3662cf5fdab9806ea91a"},"headline":"\u018flil arabas\u0131ndan istifad\u0259 ed\u0259n nazir&#8230;","datePublished":"2014-10-16T02:11:21+00:00","mainEntityOfPage":{"@id":"https:\/\/www.meydan.tv\/az\/article\/elil-arabasindan-istifade-eden-nazir\/"},"wordCount":997,"publisher":{"@id":"https:\/\/www.meydan.tv\/az\/#organization"},"image":{"@id":"https:\/\/www.meydan.tv\/az\/article\/elil-arabasindan-istifade-eden-nazir\/#primaryimage"},"thumbnailUrl":"https:\/\/www.meydan.tv\/wp-content\/uploads\/5334.jpg","articleSection":["M\u0259nim Fikrimc\u0259"],"inLanguage":"az"},{"@type":"WebPage","@id":"https:\/\/www.meydan.tv\/az\/article\/elil-arabasindan-istifade-eden-nazir\/","url":"https:\/\/www.meydan.tv\/az\/article\/elil-arabasindan-istifade-eden-nazir\/","name":"\u018flil arabas\u0131ndan istifad\u0259 ed\u0259n nazir... - MEYDAN.TV","isPartOf":{"@id":"https:\/\/www.meydan.tv\/az\/#website"},"primaryImageOfPage":{"@id":"https:\/\/www.meydan.tv\/az\/article\/elil-arabasindan-istifade-eden-nazir\/#primaryimage"},"image":{"@id":"https:\/\/www.meydan.tv\/az\/article\/elil-arabasindan-istifade-eden-nazir\/#primaryimage"},"thumbnailUrl":"https:\/\/www.meydan.tv\/wp-content\/uploads\/5334.jpg","datePublished":"2014-10-16T02:11:21+00:00","breadcrumb":{"@id":"https:\/\/www.meydan.tv\/az\/article\/elil-arabasindan-istifade-eden-nazir\/#breadcrumb"},"inLanguage":"az","potentialAction":[{"@type":"ReadAction","target":["https:\/\/www.meydan.tv\/az\/article\/elil-arabasindan-istifade-eden-nazir\/"]}]},{"@type":"ImageObject","inLanguage":"az","@id":"https:\/\/www.meydan.tv\/az\/article\/elil-arabasindan-istifade-eden-nazir\/#primaryimage","url":"https:\/\/www.meydan.tv\/wp-content\/uploads\/5334.jpg","contentUrl":"https:\/\/www.meydan.tv\/wp-content\/uploads\/5334.jpg","width":500,"height":500,"caption":"Source:"},{"@type":"BreadcrumbList","@id":"https:\/\/www.meydan.tv\/az\/article\/elil-arabasindan-istifade-eden-nazir\/#breadcrumb","itemListElement":[{"@type":"ListItem","position":1,"name":"Ana s\u0259hif\u0259","item":"https:\/\/www.meydan.tv\/az\/"},{"@type":"ListItem","position":2,"name":"M\u0259nim Fikrimc\u0259","item":"https:\/\/www.meydan.tv\/az\/section\/menim-fikrimce\/"},{"@type":"ListItem","position":3,"name":"\u018flil arabas\u0131ndan istifad\u0259 ed\u0259n nazir&#8230;"}]},{"@type":"WebSite","@id":"https:\/\/www.meydan.tv\/az\/#website","url":"https:\/\/www.meydan.tv\/az\/","name":"MEYDAN.TV","description":"Meydan TV Az\u0259rbaycan\u0131n media m\u0259kan\u0131ndak\u0131 alternativ s\u0259sidir","publisher":{"@id":"https:\/\/www.meydan.tv\/az\/#organization"},"potentialAction":[{"@type":"SearchAction","target":{"@type":"EntryPoint","urlTemplate":"https:\/\/www.meydan.tv\/az\/?s={search_term_string}"},"query-input":{"@type":"PropertyValueSpecification","valueRequired":true,"valueName":"search_term_string"}}],"inLanguage":"az"},{"@type":"Organization","@id":"https:\/\/www.meydan.tv\/az\/#organization","name":"Meydan TV","url":"https:\/\/www.meydan.tv\/az\/","logo":{"@type":"ImageObject","inLanguage":"az","@id":"https:\/\/www.meydan.tv\/az\/#\/schema\/logo\/image\/","url":"https:\/\/www.meydan.tv\/wp-content\/uploads\/2021\/07\/meydan-logo.svg","contentUrl":"https:\/\/www.meydan.tv\/wp-content\/uploads\/2021\/07\/meydan-logo.svg","width":195,"height":46,"caption":"Meydan TV"},"image":{"@id":"https:\/\/www.meydan.tv\/az\/#\/schema\/logo\/image\/"}},{"@type":"Person","@id":"https:\/\/www.meydan.tv\/az\/#\/schema\/person\/10d11eccf6da3662cf5fdab9806ea91a","name":"user-manager"}]}},"_links":{"self":[{"href":"https:\/\/www.meydan.tv\/az\/wp-json\/wp\/v2\/posts\/165597","targetHints":{"allow":["GET"]}}],"collection":[{"href":"https:\/\/www.meydan.tv\/az\/wp-json\/wp\/v2\/posts"}],"about":[{"href":"https:\/\/www.meydan.tv\/az\/wp-json\/wp\/v2\/types\/post"}],"author":[{"embeddable":true,"href":"https:\/\/www.meydan.tv\/az\/wp-json\/wp\/v2\/users\/11"}],"replies":[{"embeddable":true,"href":"https:\/\/www.meydan.tv\/az\/wp-json\/wp\/v2\/comments?post=165597"}],"version-history":[{"count":0,"href":"https:\/\/www.meydan.tv\/az\/wp-json\/wp\/v2\/posts\/165597\/revisions"}],"wp:featuredmedia":[{"embeddable":true,"href":"https:\/\/www.meydan.tv\/az\/wp-json\/wp\/v2\/media\/15244"}],"wp:attachment":[{"href":"https:\/\/www.meydan.tv\/az\/wp-json\/wp\/v2\/media?parent=165597"}],"wp:term":[{"taxonomy":"category","embeddable":true,"href":"https:\/\/www.meydan.tv\/az\/wp-json\/wp\/v2\/categories?post=165597"},{"taxonomy":"post_tag","embeddable":true,"href":"https:\/\/www.meydan.tv\/az\/wp-json\/wp\/v2\/tags?post=165597"}],"curies":[{"name":"wp","href":"https:\/\/api.w.org\/{rel}","templated":true}]}}