{"id":165538,"date":"2014-10-11T01:30:57","date_gmt":"2014-10-11T01:30:57","guid":{"rendered":"https:\/\/www.meydan.tv\/article\/pomidorlari-maraqli-olke\/"},"modified":"2014-10-11T01:30:57","modified_gmt":"2014-10-11T01:30:57","slug":"pomidorlari-maraqli-olke","status":"publish","type":"post","link":"https:\/\/www.meydan.tv\/az\/article\/pomidorlari-maraqli-olke\/","title":{"rendered":"Pomidorlar\u0131 maraql\u0131 \u00f6lk\u0259"},"content":{"rendered":"<figure class=\"wp-block-image size-large\">\n  <img decoding=\"async\" src=\"https:\/\/www.meydan.tv\/az\/15082\/\" alt=\"\" class=\"wp-image-15082\"\/><figcaption><\/figcaption><\/figure>\n<figure class=\"wp-block-image size-large\">\n  <img decoding=\"async\" src=\"https:\/\/www.meydan.tv\/az\/15085\/\" alt=\"\" class=\"wp-image-15085\"\/><figcaption><\/figcaption><\/figure>\n<p>\n  Bu g\u00fcnl\u0259rd\u0259 \u201cQara Ba\u011f: Erm\u0259nistan v\u0259 Az\u0259rbaycan s\u00fclh v\u0259 sava\u015f yollar\u0131nda\u201d (\u201cBlack Garden: Armenia and Azerbaijan Through Peace and War\u201d) kitab\u0131ndan biz\u0259 yax\u015f\u0131 tan\u0131\u015f olan Thomas de Waal,<br \/>\n  <a href=\"http:\/\/www.foreignaffairs.com\/articles\/142113\/thomas-de-waal\/azerbaijan-doesnt-want-to-be-western\"><br \/>\n    \u201c<br \/>\n    <i><br \/>\n      <b><br \/>\n        Foreign Affairs\u201d<br \/>\n      <\/b><br \/>\n    <\/i><br \/>\n  <\/a><br \/>\n  m\u0259cmu\u0259sind\u0259 maraql\u0131 m\u0259qal\u0259 il\u0259 \u00e7\u0131x\u0131\u015f edib. Yeri g\u0259lmi\u015f, Qaraba\u011f konflikti haqda b\u0259lk\u0259 d\u0259 \u0259n \u0259h\u0259miyy\u0259tli monoqrafiya m\u0259hz onun yazd\u0131\u011f\u0131 kitabd\u0131r. Bu fakt\u0131n \u00f6z\u00fc n\u0259y\u0259 des\u0259n, d\u0259y\u0259r: 25 illik qar\u0131m\u0131\u015f bir faci\u0259nin d\u0259qiq, yaz\u0131l\u0131 ifad\u0259si m\u0259hz xarici t\u0259r\u0259find\u0259n edilir. \u015eifahi xalq\u0131n \u015fifahi d\u0259 tarixi olur, n\u0259 ed\u0259k&#8230;\n<\/p>\n<p>\n  Q\u0131sas\u0131, Thomas de Waal h\u0259min m\u0259qal\u0259d\u0259 yaz\u0131r:<br \/>\n  <i><br \/>\n    &#8220;Az\u0259rbaycan \u00f6z\u00fcn\u00fcn t\u00fcrkl\u00fcy\u00fc v\u0259 \u015fi\u0259 m\u0259zh\u0259bi, ancaq d\u00fcny\u0259vi \u0259n\u0259n\u0259l\u0259ri, demokratik, eyni zamanda, avtoritar tarixi il\u0259 ke\u00e7mi\u015f Sovet \u0130ttifaq\u0131n\u0131n \u0259n m\u00fcr\u0259kk\u0259b v\u0259 maraql\u0131 \u00f6lk\u0259sidir.&#8221;<br \/>\n  <\/i>\n<\/p>\n<p>\n  Xaricil\u0259rin bir \u00e7ox \u00f6lk\u0259l\u0259r\u0259 bu c\u00fcr mara\u011f\u0131n\u0131n \u00e7ox \u015fahidi olmu\u015fam. Do\u011frusu, \u00f6z\u00fcm\u0259 d\u0259 T\u00fcrkm\u0259nistan v\u0259 \u015eimali Koreya uzun ill\u0259r \u00e7ox maraql\u0131 v\u0259 \u0259srar\u0259ngiz g\u0259lib, \u00e7ox-\u00e7ox ist\u0259mi\u015f\u0259m oralara birc\u0259 d\u0259f\u0259 d\u0259 olsa, gedib, ham\u0131s\u0131n\u0131 canl\u0131, \u00f6z g\u00f6zl\u0259riml\u0259 g\u00f6r\u00fcm. T\u00fcrkm\u0259nba\u015f\u0131 h\u0259yata \u201c\u0259lvida\u201d dey\u0259nd\u0259, m\u0259hz bu s\u0259b\u0259bd\u0259n \u00e7ox-\u00e7ox t\u0259\u0259ss\u00fcfl\u0259nmi\u015fdim.\n<\/p>\n<p>\n  \u018fslind\u0259, T\u00fcrkm\u0259nistan v\u0259 \u015eimali Korya b\u0259nd\u0259nizin s\u0131rf k\u00fclt\u00fcr se\u00e7imi idi, bu c\u00fcr \u201cmaraql\u0131\u201d \u00f6lk\u0259l\u0259rd\u0259n Afrikada v\u0259 ya Yax\u0131n \u015e\u0259rqd\u0259 kefin ist\u0259y\u0259n q\u0259d\u0259r tapa bil\u0259rsiniz. Adam \u0259ti yey\u0259n diktatoru olan v\u0259 ya tualet yerin\u0259 k\u00fc\u00e7\u0259l\u0259rd\u0259n istifad\u0259 edil\u0259n \u00f6lk\u0259l\u0259r, u\u015faqlar\u0131n acl\u0131qdan k\u00f6pd\u00fcy\u00fc v\u0259 ya doqquz ya\u015fa \u00e7atmam\u0131\u015f q\u0131z u\u015faqlar\u0131n\u0131n legitim pedofilik m\u0259qs\u0259dl\u0259r \u00fc\u00e7\u00fcn \u0259lli ya\u015fl\u0131 ki\u015fil\u0259r\u0259 verildiyi \u00f6lk\u0259l\u0259r, lap bu g\u00fcnl\u0259rd\u0259 verilmi\u015f f\u0259tvaya g\u00f6r\u0259, hakimiyy\u0259ti t\u0259nqid etm\u0259k g\u00fcnah say\u0131lacaq Tacikistan, v\u0259 ya q\u0131zlar\u0131n indiy\u0259 kimi (he\u00e7 bir keyl\u0259ndirici bel\u0259 istifad\u0259 edilm\u0259d\u0259n) s\u00fcnn\u0259t edildiyi Sudan bu m\u0259nada \u00e7ox-\u00e7ox \u201cmaraql\u0131\u201d say\u0131la bil\u0259r. Ekzotika, \u0259srar\u0259ngizlik, sirri-h\u00fcda, hur-q\u0259lyayi ehtiraslar, h\u0259tta ist\u0259s\u0259n \u201calternativ sivilizasiya\u201d bel\u0259 \u00f6z yerind\u0259, eyni zamanda xaricil\u0259r \u00fc\u00e7\u00fcn kifay\u0259t q\u0259d\u0259r labarator v\u0259 sosialoji-elmi maraq k\u0259sb ed\u0259n \u00f6lk\u0259-xalqlar bunlard\u0131r.\n<\/p>\n<p>\n  Haz\u0131rda is\u0259 Waal&#8217;a da s\u0131rf labaratoriya obyekti (v\u0259 m\u0259qs\u0259dl\u0259ri kimi d\u0259) maraql\u0131 olan \u00f6lk\u0259mizin hal\u0131na yaln\u0131z ac\u0131maq qal\u0131r. Waal&#8217;\u0131n bu m\u0259s\u0259l\u0259d\u0259 jurnalist, v\u0259 ya t\u0259hqiqat\u00e7\u0131 kimi mara\u011f\u0131 olmas\u0131na \u015f\u00fcbh\u0259m yoxdur, amma bu kimi \u201cmara\u011f\u0131n\u201d n\u0259y\u0259 d\u0259lal\u0259t etdiyini art\u0131q ham\u0131 \u00f6z\u00fc \u00fc\u00e7\u00fcn ayd\u0131nla\u015fd\u0131rmal\u0131d\u0131r.\n<\/p>\n<p>\n  \u018fslind\u0259 art\u0131q aksioma \u00e7evrilmi\u015f bu s\u00f6hb\u0259tl\u0259ri m\u00f6h\u00fcr\u00fcn\u00fc Jirinovski vurdu: adam \u00e7ox rahatca d\u0259f\u0259l\u0259rl\u0259 t\u0259hqir etdiyi v\u0259 al\u00e7altd\u0131\u011f\u0131 bir xalq\u0131n d\u00f6vl\u0259tin\u0259 t\u0259\u015frif buyurdu. Onu kiml\u0259r qar\u015f\u0131lad\u0131, bunun \u015fahidiyik. Ham\u0131s\u0131 da bu g\u0259li\u015f\u0259 \u201cl\u0259bbeyk\u201d deyirdi, \u00fcmumiyy\u0259tl\u0259 sosial \u015f\u0259b\u0259k\u0259l\u0259r istisna, birc\u0259 n\u0259f\u0259r d\u0259 adama g\u00f6z\u00fcn \u00fcst\u0259 qa\u015f\u0131n var dem\u0259di. S\u0259b\u0259b? \u00c7ox sad\u0259dir.\n<\/p>\n<p>\n  Feodalizm haqda d\u0259f\u0259l\u0259rl\u0259 demi\u015fik, yazm\u0131\u015f\u0131q, bir k\u0259s\u0259 maraql\u0131 deyil t\u0259bii ki. Amma haz\u0131rda Az\u0259rbaycandak\u0131 m\u00f6vcud idar\u0259etm\u0259 sistemini ifad\u0259 etm\u0259k \u00fc\u00e7\u00fcn daha sad\u0259, \u201cxalq dilini\u201d hardan tapaq, nec\u0259 tapaq? M\u0259s\u0259l\u0259 buras\u0131ndad\u0131r ki, el\u0259 h\u0259min feodalizmd\u0259, orta \u0259srl\u0259r d\u00f6vr\u00fcnd\u0259 d\u00f6vl\u0259t anlay\u0131\u015f\u0131 \u0259ks\u0259r\u0259n hakimiyy\u0259ti \u0259l\u0259 ke\u00e7ir\u0259 bilmi\u015f s\u00fclal\u0259nin \u00f6z\u00fc il\u0259 assosiasiya edilirdi, daha \u00f6lk\u0259nin ad\u0131 il\u0259 yox. Misallar \u00e7oxdur, tutal\u0131m \u015e\u0259ddadil\u0259r d\u00f6vl\u0259ti v\u0259 ya R\u0259vvadil\u0259r d\u00f6vl\u0259ti, Atab\u0259yl\u0259r d\u00f6vl\u0259ti, yaxud, el\u0259 f\u0259xr etdiyimiz D\u00f6vl\u0259ti-S\u0259f\u0259viyy\u0259, D\u00f6vl\u0259ti-Qacar v\u0259 s.\n<\/p>\n<p>\n  Haz\u0131rk\u0131 m\u00f6vcud Az\u0259rbaycan d\u00f6vl\u0259ti d\u0259 m\u0259hz bu optikadan qiym\u0259tl\u0259ndirilm\u0259lidir, \u00e7\u00fcnki \u0259ksini iddia etm\u0259y\u0259 art\u0131q \u0259limizd\u0259 he\u00e7 bir \u0259sas yoxdur. Bel\u0259 olan t\u0259rzd\u0259, Jirinovski hakim s\u00fclal\u0259y\u0259 qar\u015f\u0131 n\u0259 q\u0259bah\u0259t i\u015f etmi\u015fdi ki, ona \u201cg\u00f6z\u00fcn \u00fcst\u0259 qa\u015f\u0131n var\u201d dey\u0259n olsun? \u018fksin\u0259, o da Waal&#8217;\u0131n dedikl\u0259rini bir q\u0259d\u0259r ba\u015fqa formada t\u0259krar etdi \u2013 Az\u0259rbaycan \u00e7ox g\u00f6z\u0259l \u00f6lk\u0259dir v\u0259 maraql\u0131 imi\u015f, x\u00fcsus\u0259n d\u0259 rus televiziyas\u0131nda pomidorlar\u0131m\u0131z\u0131 \u00e7ox t\u0259rifl\u0259di. Xatirinizd\u0259dirs\u0259, bunu risdilli n\u0259\u015frl\u0259rimiz \u201c\u00e7ox pozitiv\u201d qiym\u0259tl\u0259ndirmi\u015fdi o zaman.\n<\/p>\n<p>\n  \u00d6lk\u0259ni dem\u0259k maraql\u0131 ed\u0259n adamlar\u0131m\u0131z yox, m\u0259hz pomidorlar\u0131m\u0131z imi\u015f.\n<\/p>\n<p>\n  N\u0259 dem\u0259k olar, b\u0259y\u0259m adam he\u00e7 haql\u0131 deyil?\n<\/p>\n<p>\n  Pomidorlar\u0131m\u0131z do\u011frudan da dadl\u0131d\u0131r ax\u0131, kim buna n\u0259 dey\u0259 bil\u0259r ki?\n<\/p>\n<p>\n  Seymur Baycan \u201cAz\u0259rbaycan niy\u0259 maraqs\u0131zd\u0131r?\u201d m\u0259qal\u0259sin\u0259 cavab olaraq<br \/>\n  <i><br \/>\n    <b><br \/>\n      <a href=\"http:\/\/kultura.az\/articles.php?item_id=20140923091321076&amp;sec_id=25\"><br \/>\n        yazm\u0131\u015fd\u0131<br \/>\n      <\/a><br \/>\n    <\/b><br \/>\n  <\/i><br \/>\n  ki,<br \/>\n  <i><br \/>\n    \u201cAz\u0259rbaycan ona g\u00f6r\u0259 maraqs\u0131zd\u0131r ki, az\u0259rbaycanl\u0131lar\u0131n \u00f6z\u00fc maraqs\u0131zd\u0131r\u201d<br \/>\n  <\/i><br \/>\n  . G\u00f6r\u00fcn\u00fcr bunu art\u0131q aksioma kimi q\u0259bul etm\u0259liyik. Pamidorlar\u0131m\u0131z daha maraql\u0131 oldu\u011fu \u00fc\u00e7\u00fcn.\n<\/p>\n<p>\n  P.S. Xatirinizd\u0259dirs\u0259, El\u00e7ib\u0259y d\u0259 bu m\u0259s\u0259l\u0259 haqda 20 il bundan \u00f6nc\u0259 \u00f6z m\u0259\u015fhur s\u00f6z\u00fcn\u00fc demi\u015fdi: \u201cFransadan xalq g\u0259tirm\u0259y\u0259c\u0259m ki?\u201d Yax\u015f\u0131, bu o zaman idi, 20 il bundan \u00f6nc\u0259. B\u0259s xalq bu q\u0259d\u0259r zamana he\u00e7 d\u0259yi\u015fm\u0259li deyildi ki? Xalq da d\u0259yi\u015fm\u0259z substansiya olmal\u0131 deyil ax\u0131.\n<\/p>\n<p>\n  <b><br \/>\n    Yaz\u0131dak\u0131 fikirl\u0259r m\u00fc\u0259llif\u0259 m\u0259xsusdur v\u0259 onlara g\u00f6r\u0259 Meydan TV m\u0259suliyy\u0259t da\u015f\u0131m\u0131r.<br \/>\n  <\/b><\/p>\n","protected":false},"excerpt":{"rendered":"<p>Labaratoriya obyekti kimi maraql\u0131 xalq&#8230;<\/p>\n","protected":false},"author":11,"featured_media":15082,"comment_status":"closed","ping_status":"open","sticky":false,"template":"","format":"standard","meta":{"_acf_changed":false,"_sitemap_exclude":false,"_sitemap_priority":"","_sitemap_frequency":"","footnotes":""},"categories":[57],"tags":[],"class_list":["post-165538","post","type-post","status-publish","format-standard","has-post-thumbnail","hentry","category-menim-fikrimce","infinite-scroll-item","generate-columns","tablet-grid-50","mobile-grid-100","grid-parent","grid-33","no-featured-image-padding"],"acf":[],"yoast_head":"<!-- This site is optimized with the Yoast SEO plugin v27.4 - https:\/\/yoast.com\/product\/yoast-seo-wordpress\/ -->\n<title>Pomidorlar\u0131 maraql\u0131 \u00f6lk\u0259 - MEYDAN.TV<\/title>\n<meta name=\"robots\" content=\"index, follow, max-snippet:-1, max-image-preview:large, max-video-preview:-1\" \/>\n<link rel=\"canonical\" href=\"https:\/\/www.meydan.tv\/az\/article\/pomidorlari-maraqli-olke\/\" \/>\n<meta property=\"og:locale\" content=\"az_AZ\" \/>\n<meta property=\"og:type\" content=\"article\" \/>\n<meta property=\"og:title\" content=\"Pomidorlar\u0131 maraql\u0131 \u00f6lk\u0259 - MEYDAN.TV\" \/>\n<meta property=\"og:description\" content=\"Labaratoriya obyekti kimi maraql\u0131 xalq...\" \/>\n<meta property=\"og:url\" content=\"https:\/\/www.meydan.tv\/az\/article\/pomidorlari-maraqli-olke\/\" \/>\n<meta property=\"og:site_name\" content=\"MEYDAN.TV\" \/>\n<meta property=\"article:published_time\" content=\"2014-10-11T01:30:57+00:00\" \/>\n<meta property=\"og:image\" content=\"https:\/\/www.meydan.tv\/wp-content\/uploads\/5264.jpg\" \/>\n\t<meta property=\"og:image:width\" content=\"500\" \/>\n\t<meta property=\"og:image:height\" content=\"500\" \/>\n\t<meta property=\"og:image:type\" content=\"image\/jpeg\" \/>\n<meta name=\"author\" content=\"user-manager\" \/>\n<meta name=\"twitter:card\" content=\"summary_large_image\" \/>\n<script type=\"application\/ld+json\" class=\"yoast-schema-graph\">{\"@context\":\"https:\\\/\\\/schema.org\",\"@graph\":[{\"@type\":\"Article\",\"@id\":\"https:\\\/\\\/www.meydan.tv\\\/az\\\/article\\\/pomidorlari-maraqli-olke\\\/#article\",\"isPartOf\":{\"@id\":\"https:\\\/\\\/www.meydan.tv\\\/az\\\/article\\\/pomidorlari-maraqli-olke\\\/\"},\"author\":{\"name\":\"user-manager\",\"@id\":\"https:\\\/\\\/www.meydan.tv\\\/az\\\/#\\\/schema\\\/person\\\/10d11eccf6da3662cf5fdab9806ea91a\"},\"headline\":\"Pomidorlar\u0131 maraql\u0131 \u00f6lk\u0259\",\"datePublished\":\"2014-10-11T01:30:57+00:00\",\"mainEntityOfPage\":{\"@id\":\"https:\\\/\\\/www.meydan.tv\\\/az\\\/article\\\/pomidorlari-maraqli-olke\\\/\"},\"wordCount\":1012,\"publisher\":{\"@id\":\"https:\\\/\\\/www.meydan.tv\\\/az\\\/#organization\"},\"image\":{\"@id\":\"https:\\\/\\\/www.meydan.tv\\\/az\\\/article\\\/pomidorlari-maraqli-olke\\\/#primaryimage\"},\"thumbnailUrl\":\"https:\\\/\\\/www.meydan.tv\\\/wp-content\\\/uploads\\\/5264.jpg\",\"articleSection\":[\"M\u0259nim Fikrimc\u0259\"],\"inLanguage\":\"az\"},{\"@type\":\"WebPage\",\"@id\":\"https:\\\/\\\/www.meydan.tv\\\/az\\\/article\\\/pomidorlari-maraqli-olke\\\/\",\"url\":\"https:\\\/\\\/www.meydan.tv\\\/az\\\/article\\\/pomidorlari-maraqli-olke\\\/\",\"name\":\"Pomidorlar\u0131 maraql\u0131 \u00f6lk\u0259 - MEYDAN.TV\",\"isPartOf\":{\"@id\":\"https:\\\/\\\/www.meydan.tv\\\/az\\\/#website\"},\"primaryImageOfPage\":{\"@id\":\"https:\\\/\\\/www.meydan.tv\\\/az\\\/article\\\/pomidorlari-maraqli-olke\\\/#primaryimage\"},\"image\":{\"@id\":\"https:\\\/\\\/www.meydan.tv\\\/az\\\/article\\\/pomidorlari-maraqli-olke\\\/#primaryimage\"},\"thumbnailUrl\":\"https:\\\/\\\/www.meydan.tv\\\/wp-content\\\/uploads\\\/5264.jpg\",\"datePublished\":\"2014-10-11T01:30:57+00:00\",\"breadcrumb\":{\"@id\":\"https:\\\/\\\/www.meydan.tv\\\/az\\\/article\\\/pomidorlari-maraqli-olke\\\/#breadcrumb\"},\"inLanguage\":\"az\",\"potentialAction\":[{\"@type\":\"ReadAction\",\"target\":[\"https:\\\/\\\/www.meydan.tv\\\/az\\\/article\\\/pomidorlari-maraqli-olke\\\/\"]}]},{\"@type\":\"ImageObject\",\"inLanguage\":\"az\",\"@id\":\"https:\\\/\\\/www.meydan.tv\\\/az\\\/article\\\/pomidorlari-maraqli-olke\\\/#primaryimage\",\"url\":\"https:\\\/\\\/www.meydan.tv\\\/wp-content\\\/uploads\\\/5264.jpg\",\"contentUrl\":\"https:\\\/\\\/www.meydan.tv\\\/wp-content\\\/uploads\\\/5264.jpg\",\"width\":500,\"height\":500,\"caption\":\"Source:\"},{\"@type\":\"BreadcrumbList\",\"@id\":\"https:\\\/\\\/www.meydan.tv\\\/az\\\/article\\\/pomidorlari-maraqli-olke\\\/#breadcrumb\",\"itemListElement\":[{\"@type\":\"ListItem\",\"position\":1,\"name\":\"Ana s\u0259hif\u0259\",\"item\":\"https:\\\/\\\/www.meydan.tv\\\/az\\\/\"},{\"@type\":\"ListItem\",\"position\":2,\"name\":\"M\u0259nim Fikrimc\u0259\",\"item\":\"https:\\\/\\\/www.meydan.tv\\\/az\\\/section\\\/menim-fikrimce\\\/\"},{\"@type\":\"ListItem\",\"position\":3,\"name\":\"Pomidorlar\u0131 maraql\u0131 \u00f6lk\u0259\"}]},{\"@type\":\"WebSite\",\"@id\":\"https:\\\/\\\/www.meydan.tv\\\/az\\\/#website\",\"url\":\"https:\\\/\\\/www.meydan.tv\\\/az\\\/\",\"name\":\"MEYDAN.TV\",\"description\":\"Meydan TV Az\u0259rbaycan\u0131n media m\u0259kan\u0131ndak\u0131 alternativ s\u0259sidir\",\"publisher\":{\"@id\":\"https:\\\/\\\/www.meydan.tv\\\/az\\\/#organization\"},\"potentialAction\":[{\"@type\":\"SearchAction\",\"target\":{\"@type\":\"EntryPoint\",\"urlTemplate\":\"https:\\\/\\\/www.meydan.tv\\\/az\\\/?s={search_term_string}\"},\"query-input\":{\"@type\":\"PropertyValueSpecification\",\"valueRequired\":true,\"valueName\":\"search_term_string\"}}],\"inLanguage\":\"az\"},{\"@type\":\"Organization\",\"@id\":\"https:\\\/\\\/www.meydan.tv\\\/az\\\/#organization\",\"name\":\"Meydan TV\",\"url\":\"https:\\\/\\\/www.meydan.tv\\\/az\\\/\",\"logo\":{\"@type\":\"ImageObject\",\"inLanguage\":\"az\",\"@id\":\"https:\\\/\\\/www.meydan.tv\\\/az\\\/#\\\/schema\\\/logo\\\/image\\\/\",\"url\":\"https:\\\/\\\/www.meydan.tv\\\/wp-content\\\/uploads\\\/2021\\\/07\\\/meydan-logo.svg\",\"contentUrl\":\"https:\\\/\\\/www.meydan.tv\\\/wp-content\\\/uploads\\\/2021\\\/07\\\/meydan-logo.svg\",\"width\":195,\"height\":46,\"caption\":\"Meydan TV\"},\"image\":{\"@id\":\"https:\\\/\\\/www.meydan.tv\\\/az\\\/#\\\/schema\\\/logo\\\/image\\\/\"}},{\"@type\":\"Person\",\"@id\":\"https:\\\/\\\/www.meydan.tv\\\/az\\\/#\\\/schema\\\/person\\\/10d11eccf6da3662cf5fdab9806ea91a\",\"name\":\"user-manager\"}]}<\/script>\n<!-- \/ Yoast SEO plugin. -->","yoast_head_json":{"title":"Pomidorlar\u0131 maraql\u0131 \u00f6lk\u0259 - MEYDAN.TV","robots":{"index":"index","follow":"follow","max-snippet":"max-snippet:-1","max-image-preview":"max-image-preview:large","max-video-preview":"max-video-preview:-1"},"canonical":"https:\/\/www.meydan.tv\/az\/article\/pomidorlari-maraqli-olke\/","og_locale":"az_AZ","og_type":"article","og_title":"Pomidorlar\u0131 maraql\u0131 \u00f6lk\u0259 - MEYDAN.TV","og_description":"Labaratoriya obyekti kimi maraql\u0131 xalq...","og_url":"https:\/\/www.meydan.tv\/az\/article\/pomidorlari-maraqli-olke\/","og_site_name":"MEYDAN.TV","article_published_time":"2014-10-11T01:30:57+00:00","og_image":[{"width":500,"height":500,"url":"https:\/\/www.meydan.tv\/wp-content\/uploads\/5264.jpg","type":"image\/jpeg"}],"author":"user-manager","twitter_card":"summary_large_image","schema":{"@context":"https:\/\/schema.org","@graph":[{"@type":"Article","@id":"https:\/\/www.meydan.tv\/az\/article\/pomidorlari-maraqli-olke\/#article","isPartOf":{"@id":"https:\/\/www.meydan.tv\/az\/article\/pomidorlari-maraqli-olke\/"},"author":{"name":"user-manager","@id":"https:\/\/www.meydan.tv\/az\/#\/schema\/person\/10d11eccf6da3662cf5fdab9806ea91a"},"headline":"Pomidorlar\u0131 maraql\u0131 \u00f6lk\u0259","datePublished":"2014-10-11T01:30:57+00:00","mainEntityOfPage":{"@id":"https:\/\/www.meydan.tv\/az\/article\/pomidorlari-maraqli-olke\/"},"wordCount":1012,"publisher":{"@id":"https:\/\/www.meydan.tv\/az\/#organization"},"image":{"@id":"https:\/\/www.meydan.tv\/az\/article\/pomidorlari-maraqli-olke\/#primaryimage"},"thumbnailUrl":"https:\/\/www.meydan.tv\/wp-content\/uploads\/5264.jpg","articleSection":["M\u0259nim Fikrimc\u0259"],"inLanguage":"az"},{"@type":"WebPage","@id":"https:\/\/www.meydan.tv\/az\/article\/pomidorlari-maraqli-olke\/","url":"https:\/\/www.meydan.tv\/az\/article\/pomidorlari-maraqli-olke\/","name":"Pomidorlar\u0131 maraql\u0131 \u00f6lk\u0259 - MEYDAN.TV","isPartOf":{"@id":"https:\/\/www.meydan.tv\/az\/#website"},"primaryImageOfPage":{"@id":"https:\/\/www.meydan.tv\/az\/article\/pomidorlari-maraqli-olke\/#primaryimage"},"image":{"@id":"https:\/\/www.meydan.tv\/az\/article\/pomidorlari-maraqli-olke\/#primaryimage"},"thumbnailUrl":"https:\/\/www.meydan.tv\/wp-content\/uploads\/5264.jpg","datePublished":"2014-10-11T01:30:57+00:00","breadcrumb":{"@id":"https:\/\/www.meydan.tv\/az\/article\/pomidorlari-maraqli-olke\/#breadcrumb"},"inLanguage":"az","potentialAction":[{"@type":"ReadAction","target":["https:\/\/www.meydan.tv\/az\/article\/pomidorlari-maraqli-olke\/"]}]},{"@type":"ImageObject","inLanguage":"az","@id":"https:\/\/www.meydan.tv\/az\/article\/pomidorlari-maraqli-olke\/#primaryimage","url":"https:\/\/www.meydan.tv\/wp-content\/uploads\/5264.jpg","contentUrl":"https:\/\/www.meydan.tv\/wp-content\/uploads\/5264.jpg","width":500,"height":500,"caption":"Source:"},{"@type":"BreadcrumbList","@id":"https:\/\/www.meydan.tv\/az\/article\/pomidorlari-maraqli-olke\/#breadcrumb","itemListElement":[{"@type":"ListItem","position":1,"name":"Ana s\u0259hif\u0259","item":"https:\/\/www.meydan.tv\/az\/"},{"@type":"ListItem","position":2,"name":"M\u0259nim Fikrimc\u0259","item":"https:\/\/www.meydan.tv\/az\/section\/menim-fikrimce\/"},{"@type":"ListItem","position":3,"name":"Pomidorlar\u0131 maraql\u0131 \u00f6lk\u0259"}]},{"@type":"WebSite","@id":"https:\/\/www.meydan.tv\/az\/#website","url":"https:\/\/www.meydan.tv\/az\/","name":"MEYDAN.TV","description":"Meydan TV Az\u0259rbaycan\u0131n media m\u0259kan\u0131ndak\u0131 alternativ s\u0259sidir","publisher":{"@id":"https:\/\/www.meydan.tv\/az\/#organization"},"potentialAction":[{"@type":"SearchAction","target":{"@type":"EntryPoint","urlTemplate":"https:\/\/www.meydan.tv\/az\/?s={search_term_string}"},"query-input":{"@type":"PropertyValueSpecification","valueRequired":true,"valueName":"search_term_string"}}],"inLanguage":"az"},{"@type":"Organization","@id":"https:\/\/www.meydan.tv\/az\/#organization","name":"Meydan TV","url":"https:\/\/www.meydan.tv\/az\/","logo":{"@type":"ImageObject","inLanguage":"az","@id":"https:\/\/www.meydan.tv\/az\/#\/schema\/logo\/image\/","url":"https:\/\/www.meydan.tv\/wp-content\/uploads\/2021\/07\/meydan-logo.svg","contentUrl":"https:\/\/www.meydan.tv\/wp-content\/uploads\/2021\/07\/meydan-logo.svg","width":195,"height":46,"caption":"Meydan TV"},"image":{"@id":"https:\/\/www.meydan.tv\/az\/#\/schema\/logo\/image\/"}},{"@type":"Person","@id":"https:\/\/www.meydan.tv\/az\/#\/schema\/person\/10d11eccf6da3662cf5fdab9806ea91a","name":"user-manager"}]}},"_links":{"self":[{"href":"https:\/\/www.meydan.tv\/az\/wp-json\/wp\/v2\/posts\/165538","targetHints":{"allow":["GET"]}}],"collection":[{"href":"https:\/\/www.meydan.tv\/az\/wp-json\/wp\/v2\/posts"}],"about":[{"href":"https:\/\/www.meydan.tv\/az\/wp-json\/wp\/v2\/types\/post"}],"author":[{"embeddable":true,"href":"https:\/\/www.meydan.tv\/az\/wp-json\/wp\/v2\/users\/11"}],"replies":[{"embeddable":true,"href":"https:\/\/www.meydan.tv\/az\/wp-json\/wp\/v2\/comments?post=165538"}],"version-history":[{"count":0,"href":"https:\/\/www.meydan.tv\/az\/wp-json\/wp\/v2\/posts\/165538\/revisions"}],"wp:featuredmedia":[{"embeddable":true,"href":"https:\/\/www.meydan.tv\/az\/wp-json\/wp\/v2\/media\/15082"}],"wp:attachment":[{"href":"https:\/\/www.meydan.tv\/az\/wp-json\/wp\/v2\/media?parent=165538"}],"wp:term":[{"taxonomy":"category","embeddable":true,"href":"https:\/\/www.meydan.tv\/az\/wp-json\/wp\/v2\/categories?post=165538"},{"taxonomy":"post_tag","embeddable":true,"href":"https:\/\/www.meydan.tv\/az\/wp-json\/wp\/v2\/tags?post=165538"}],"curies":[{"name":"wp","href":"https:\/\/api.w.org\/{rel}","templated":true}]}}