{"id":165509,"date":"2014-10-09T00:16:21","date_gmt":"2014-10-09T00:16:21","guid":{"rendered":"https:\/\/www.meydan.tv\/article\/terrorist-klisesi-ile-damgalanib\/"},"modified":"2014-10-09T00:16:21","modified_gmt":"2014-10-09T00:16:21","slug":"terrorist-klisesi-ile-damgalanib","status":"publish","type":"post","link":"https:\/\/www.meydan.tv\/az\/article\/terrorist-klisesi-ile-damgalanib\/","title":{"rendered":"&#8220;Terrorist&#8221; kli\u015fesi il\u0259 dam\u011falan\u0131b&#8230;"},"content":{"rendered":"<figure class=\"wp-block-image size-large\">\n  <img decoding=\"async\" src=\"https:\/\/www.meydan.tv\/az\/14968\/\" alt=\"\" class=\"wp-image-14968\"\/><figcaption><\/figcaption><\/figure>\n<figure class=\"wp-block-image size-large\">\n  <img decoding=\"async\" src=\"https:\/\/www.meydan.tv\/az\/14977\/\" alt=\"\" class=\"wp-image-14977\"\/><figcaption><\/figcaption><\/figure>\n<p>\n  Soyuq m\u00fcharib\u0259nin m\u0259lum n\u0259tic\u0259l\u0259rinin Q\u0259rbd\u0259 yaratd\u0131\u011f\u0131 b\u00f6y\u00fck sevincl\u0259 b\u0259rab\u0259r, m\u00fc\u0259yy\u0259n suallar\u0131 da ortaya \u00e7\u0131xard\u0131. Yenic\u0259 m\u00fcst\u0259qilliyini qazanm\u0131\u015f post-sovet \u00f6lk\u0259l\u0259rinin xalqlar\u0131 kimlik aray\u0131\u015f\u0131na \u00e7\u0131xd\u0131lar, b\u00f6y\u00fck mill\u0259t, d\u00fcnya xalq\u0131 olduqlar\u0131n\u0131 t\u0259sdiql\u0259m\u0259y\u0259 giri\u015fdil\u0259r, yenic\u0259 qurtulmu\u015f olduqlar\u0131 d\u00f6vl\u0259t \u00f6z\u00fcn\u00fc solun qalas\u0131 olaraq t\u0259qdim edirdi dey\u0259, daha \u00e7ox sa\u011fa s\u00fcr\u00fc\u015fd\u00fcl\u0259r v\u0259 \u00f6zl\u0259rini oralarda tapma\u011fa \u00e7al\u0131\u015fd\u0131lar. Az\u0259rbaycanda da d\u00f6vrd\u0259 nasional-kapitalizmin hakimiyy\u0259t\u0259 g\u0259lm\u0259sini bir n\u00f6v tarixi inki\u015faf\u0131n m\u0259ntiqi n\u0259tic\u0259si kimi d\u0259y\u0259rl\u0259ndirm\u0259k olar. \u00d6lk\u0259d\u0259 m\u00fcharib\u0259 gedirdi, v\u0259ziyy\u0259t \u00e7\u0259tin idi; m\u00fc\u0259yy\u0259n spekulyasiyalar v\u0259 h\u0259rbi \u00e7evrili\u015f n\u0259tic\u0259sind\u0259 kommunist olmayan ke\u00e7mi\u015f bir kommunist hakimiyy\u0259t\u0259 g\u0259ldi v\u0259 ad\u0131n\u0131 h\u0259l\u0259 d\u0259 qoya bilm\u0259diyimiz bir sistem formala\u015fma\u011fa ba\u015flad\u0131. Se\u00e7kil\u0259r elan olundu, K\u0259rrar \u018fbilov ona r\u0259qib oldu v\u0259 \u00e7\u0131x\u0131b AZTV-d\u0259 xalqa m\u00fcraci\u0259t etdi ki, Heyd\u0259r \u018fliyev\u0259 s\u0259s verin. \u0130roniyan\u0131n piki is\u0259 sonuncunun t\u0259yyar\u0259si hava liman\u0131na en\u0259nd\u0259 camaat\u0131n q\u0131\u015fq\u0131r\u0131\u011f\u0131 &#8220;Heyd\u0259r b\u0259y!&#8221; \u015f\u00fcar\u0131 idi. \u018fsl \u015fedevrdir.\n<\/p>\n<p>\n  2003-c\u00fc ild\u0259 is\u0259 bu g\u00fcn imdat dil\u0259diyimiz, b\u0259zi &#8220;narahat&#8221; d\u00f6vl\u0259tl\u0259rin d\u0259 k\u00f6m\u0259yi il\u0259 \u0130lham \u018fliyev hakimiyy\u0259t\u0259 g\u0259ldi. Ke\u00e7\u0259n d\u00f6vrd\u0259 b\u00f6y\u00fck i\u015fl\u0259r g\u00f6rd\u00fc v\u0259 bunun n\u0259tic\u0259si olaraq, bu g\u00fcn m\u00fck\u0259mm\u0259l bir diktaturada ya\u015fay\u0131r\u0131q. Avropan\u0131n b\u0259zi soly\u00f6n\u00fcml\u00fc partiyalar\u0131ndan olan deputatlar\u0131 \u00e7\u0131xmaq \u015f\u0259rtil\u0259 Q\u0259rbin 100 qram k\u00fcr\u00fcy\u0259 sat\u0131lm\u0131\u015f diplomatlar\u0131 \u0130lham \u018fliyevin \u0259lini s\u0131x\u0131r. \u00dcmumiyy\u0259tl\u0259, bug\u00fcn Q\u0259rbi Avropa \u00f6lk\u0259l\u0259rin\u0259 fikir vers\u0259niz, g\u00f6r\u0259rsiniz ki, harada solun y\u00fcr\u00fcd\u00fcl\u0259n siyas\u0259t\u0259 m\u00fc\u0259yy\u0259n t\u0259sirl\u0259ri qal\u0131r, ora demokratiya indeksin\u0259 g\u00f6r\u0259 daha ir\u0259lid\u0259dir. Qalan yerl\u0259rd\u0259 is\u0259 Hitlerin yetim\u00e7\u0259l\u0259ri daha s\u00fcr\u0259tl\u0259 c\u00fcc\u0259rm\u0259y\u0259 ba\u015flay\u0131r. AB\u015e-\u0131n ad\u0131n\u0131 \u00e7\u0259kmir\u0259m, \u00e7\u00fcnki \u0259g\u0259r bir \u00f6lk\u0259d\u0259 iqtidara iddial\u0131 c\u0259mi 2 siyasi partiya (manyak sa\u011f v\u0259 biraz az manyak sa\u011f varsa) v\u0259 i\u015f\u00e7il\u0259rin h\u00fcquqlar\u0131n\u0131 t\u0259msil ed\u0259n partiyan\u0131 son g\u00f6r\u0259nl\u0259r art\u0131q h\u0259yatda yoxdursa orada siyasi pl\u00fcralizmd\u0259n, y\u0259ni demokratiyadan dan\u0131\u015fmaq yersizdir. Kapitalizm \u00fc\u00e7\u00fcn demokratiya siyasi yox, ancaq ictimai pl\u00fcralizmdir &#8211; Lady Gagaya qulaq as, futbol oyna, Big Mac ye, n\u0259 ist\u0259yirs\u0259n el\u0259, bura azad \u00f6lk\u0259dir, bro.\n<\/p>\n<p>\n  XIX v\u0259 XX \u0259srin son r\u00fcb\u00fcn\u0259 q\u0259d\u0259r ba\u015f ver\u0259n ayaqlanmalar\u0131n v\u0259 inqilablar\u0131n lokomotivi v\u0259 daban\u0131 f\u0259hl\u0259l\u0259r idi. Bug\u00fcn bu funksiyan\u0131 \u0259sas\u0259n t\u0259l\u0259b\u0259l\u0259r v\u0259 g\u0259ncl\u0259r \u00f6z \u00fcz\u0259rin\u0259 g\u00f6t\u00fcr\u00fcbl\u0259r. M\u0259hz Az\u0259rbaycan\u0131 da g\u00f6t\u00fcrs\u0259k bu tendensiya \u00f6z\u00fcn\u00fc \u0259n bariz formada g\u00f6st\u0259rir. B\u0259lk\u0259 h\u0259l\u0259 tam yox, amma bel\u0259dirs\u0259 d\u0259 &#8211; G\u018fL!R!K!\n<\/p>\n<p>\n  Milliy\u0259t\u00e7i dal\u011fan\u0131n s\u00fcr\u0259tl\u0259 b\u00f6y\u00fcd\u00fcy\u00fc g\u00fcn\u00fcm\u00fcz Az\u0259rbaycan\u0131n da m\u00fcbariz\u0259nin \u0259n ciddi probleml\u0259rind\u0259n biri sinif \u015f\u00fcurunun yoxlu\u011fu, ya da \u00e7ox ki\u00e7ik s\u00fcr\u0259tl\u0259 inki\u015faf etm\u0259sidir. \u018fg\u0259r bug\u00fcn Qaraba\u011f\u0131n \u0130lham \u018fliyevin hakimiyy\u0259ti alt\u0131na ke\u00e7m\u0259si v\u0259 rejimin g\u00fcc\u00fcn\u0259 g\u00fcc qatmas\u0131 \u00fc\u00e7\u00fcn \u00f6l\u00fcm\u00fc g\u00f6z\u0259 almaq rasionall\u0131qla, sinifsiz, h\u00f6k\u00fcm\u0259tsiz g\u0259l\u0259c\u0259k ideyalar\u0131 g\u00fcl\u00fc\u015fl\u0259 qar\u015f\u0131lan\u0131rsa, bu, inqilabdan sonra formala\u015facaq fa\u015fist burjuaziya diktaturas\u0131 (&#8220;milliy\u0259t\u00e7i-kapitalist demokratiya&#8221;) \u015f\u0259raitind\u0259 ham\u0131m\u0131z\u0131n &#8220;terrorist&#8221; kli\u015fesi il\u0259 dam\u011falan\u0131b h\u0259bsxanalarda \u00e7\u00fcr\u00fcy\u0259c\u0259yimiz\u0259 g\u0259tirib \u00e7\u0131xaracaq.\n<\/p>\n<p>\n  \u0130\u015f qollar\u0131 \u00fczr\u0259 h\u0259mk\u0259rlar ittifaqlar\u0131n\u0131n, t\u0259l\u0259b\u0259 t\u0259\u015fkilatlar\u0131n\u0131n olmamas\u0131, avtoritarizmin g\u00fcnd\u0259n g\u00fcn\u0259 s\u0259rtl\u0259\u015fdiyi, siyasi f\u0259aliyy\u0259t \u00fc\u00e7\u00fcn \u00e7ox dar bir arenan\u0131n m\u00f6vcudlu\u011fu dan\u0131lmazd\u0131r. Lakin idealoji bo\u015flu\u011fu doldurmaq c\u0259hdl\u0259rind\u0259n ir\u0259li g\u0259l\u0259n, populist t\u0259bli\u011fat\u0131n n\u0259tic\u0259si olan v\u0259 inki\u015faf ed\u0259n fa\u015fizm v\u0259 fundamentalizm qorxudur. G\u0259ncl\u0259rimiz \u0130\u015e\u0130D-\u0259 qo\u015fulur, ba\u015fqalar\u0131 is\u0259 onlar\u0131 t\u0259nqid edir ki, gedin K\u0259rk\u00fck t\u00fcrkm\u0259nl\u0259ri t\u0259r\u0259fd\u0259 vuru\u015fun. &#8220;Azadl\u0131q, b\u0259rab\u0259rlik, qarda\u015fl\u0131q&#8221; &#8211; bunlar bo\u015f s\u00f6zl\u0259rdir, kim\u0259 laz\u0131md\u0131r?\n<\/p>\n<p>\n  H\u00f6rm\u0259tli, t\u0259l\u0259b\u0259l\u0259r, g\u0259ncl\u0259r, yolda\u015flar! Bug\u00fcn bizim qar\u015f\u0131m\u0131zda b\u0259lk\u0259 d\u0259 tarixd\u0259 izin\u0259 rastlanmayan bir \u00e7ox \u015feyl\u0259 m\u0259hz eyni vaxtda m\u00fcbariz\u0259 aparmaq dayan\u0131r. Diktaturaya, kapitalist ideyaya, fa\u015fizm\u0259, d\u00f6vl\u0259t\u0259, funtamentalizm\u0259, imperializm\u0259 v\u0259 s. ill\u0259rdir SSR\u0130 ideal sosialist \u00f6lk\u0259 kimi, Stalin &#8211; ideal proletar kimi t\u0259qdim edildi v\u0259 t\u0259bii ki, \u00e7ox asanl\u0131qla da t\u0259nqid olundu. Sosializmin \u00f6z\u00fcn\u00fc t\u0259\u015fkil ed\u0259n b\u0259zi minimal t\u0259l\u0259bl\u0259r var &#8211; i\u015f\u00e7il\u0259rin istehsalat \u00fcz\u0259rind\u0259 n\u0259zar\u0259ti, maa\u015fl\u0131 \u0259m\u0259yin l\u0259\u011fv olunmas\u0131 v\u0259 s. Bu t\u0259l\u0259bl\u0259rin he\u00e7 birin\u0259 SSR\u0130-d\u0259 nail olunmad\u0131. SSR\u0130 d\u00f6vl\u0259t kapitalizmi h\u00f6km s\u00fcr\u0259n \u00f6lk\u0259 idi v\u0259 he\u00e7 vaxt d\u00f6vl\u0259t sosializmin\u0259 ke\u00e7ilm\u0259di. Nestor Maxnonun ordusuna qar\u015f\u0131 h\u0259rbi \u0259m\u0259liyyatlar, 1921-ci ild\u0259 Kron\u015ftadt d\u0259niz\u00e7il\u0259rinin qayaqlanmas\u0131na s\u0259rt m\u00fcdaxil\u0259, Fanya Baron v\u0259 8 yolda\u015f\u0131n 1921-ci ilin sentyabr\u0131nda h\u0259bsxanada g\u00fcll\u0259l\u0259nm\u0259si v\u0259 daha y\u00fczl\u0259rl\u0259 yolda\u015f\u0131n t\u0259qibi, edam\u0131 \u0259n \u0259vv\u0259ld\u0259n bol\u015fevikl\u0259rin \u00f6zl\u0259rind\u0259n ba\u015fqa he\u00e7 kimi sosialist kimi, g\u00f6rm\u0259diyini v\u0259 adekvat olmayan reaksiyalara m\u0259ruz qalacaqlar\u0131n\u0131 g\u00f6st\u0259rdi. \u0130spaniya v\u0259t\u0259nda\u015f m\u00fcharib\u0259sind\u0259 is\u0259 sosializmin d\u00fc\u015fm\u0259ni oldu\u011funu a\u00e7\u0131q-a\u015fkar n\u00fcmayi\u015f etdirdi. (Anarxist) Saint-\u0130mier \u0130nternational\u0131 1873 Konqresind\u0259 bel\u0259 bir q\u0259rar \u00e7\u0131xartm\u0131\u015fd\u0131: Proletariat\u0131n arzular\u0131n\u0131n i\u015fl\u0259m\u0259y\u0259 v\u0259 b\u0259rab\u0259rliy\u0259 s\u00f6yk\u0259n\u0259n v\u0259 h\u0259r c\u00fcr siyasi h\u00f6kum\u0259td\u0259n tam m\u00fcst\u0259qil, m\u00fctl\u0259q \u015f\u0259kild\u0259 azad bir iqtisadi t\u0259\u015fkilatlanma v\u0259 federasiyan\u0131n yarad\u0131lmas\u0131ndan ba\u015fqa bir m\u0259qs\u0259di ola bilm\u0259z v\u0259&#8230; bel\u0259 bir t\u0259\u015fkilatlanma ancaq proletariat\u0131n \u00f6z spontan aksiyalar\u0131, h\u0259mkarlar ittifaqlar\u0131 v\u0259 \u00f6z\u00fcn\u00fcidar\u0259y\u0259 sahib kommunalar\u0131 vasit\u0259sil\u0259 qurula bil\u0259r. Siyasi bir t\u0259\u015fkilatlanma bir sinifin lehin\u0259 v\u0259 k\u00fctl\u0259l\u0259rin \u0259leyhin\u0259 olan bir hakimiyy\u0259tin t\u0259\u015fkilatlanmas\u0131ndan ba\u015fqa bir \u015fey ola bilm\u0259z. Ploletariat iqtidar\u0131 \u0259l\u0259 ke\u00e7irs\u0259, o da hakim, istismar ed\u0259n bir sinif\u0259 \u00e7evril\u0259c\u0259k&#8230; h\u0259r n\u00f6v siyasi iqtidar\u0131n devrilm\u0259si proletariat\u0131n ilk v\u0259zif\u0259sidir.\n<\/p>\n<p>\n  Bu ideallar\u0131, dilimizd\u0259 \u015f\u00fcar etm\u0259li, m\u00fcbariz\u0259mizin sinif m\u00fcbariz\u0259i oldu\u011funu, sinifsiz, h\u00f6kum\u0259tsiz, azad, pl\u00fcralist c\u0259miyy\u0259t ideyas\u0131n\u0131 t\u0259bli\u011f etm\u0259liyik. \u0130\u015f\u00e7il\u0259rin istehsalat \u00fcz\u0259rind\u0259 n\u0259zar\u0259ti, insanlar\u0131n \u00f6z h\u0259yatlar\u0131 \u00fcz\u0259rind\u0259 n\u0259zar\u0259tin \u00f6zl\u0259rin\u0259 verilm\u0259si, s\u0131x \u015f\u0259kild\u0259 koordinasiya olunmu\u015f federasiya v\u0259 kommunalar, a\u015fa\u011f\u0131dan yuxar\u0131ya t\u0259\u015fkilatlanm\u0131\u015f c\u0259miyy\u0259t v\u0259 \u00fcmumi c\u0259miyy\u0259tin probleml\u0259rinin yuxar\u0131dan a\u015fa\u011f\u0131ya yox, m\u0259hz a\u015fa\u011f\u0131dan yuxar\u0131ya q\u0259bul olunan q\u0259rarlarla h\u0259ll edilm\u0259si, d\u00f6vl\u0259tin s\u0131r\u0131d\u0131\u011f\u0131 populist m\u0259d\u0259niyy\u0259t\u0259 uy\u011fun yox, m\u0259hz h\u0259qiqi pl\u00fcralist v\u0259 dem\u0259li azad c\u0259miyy\u0259t.\n<\/p>\n<p>\n  \u0130nqilab\u0131m\u0131z b\u00fct\u00fcn d\u00fcnyaya \u00f6rn\u0259k olacaq v\u0259 xalqlar\u0131n azadl\u0131q u\u011frunda m\u00fcbariz\u0259l\u0259ri \u00fc\u00e7\u00fcn lokomotiv rolunu oynayacaq.\n<\/p>\n<p>\n  <b><br \/>\n    Yaz\u0131dak\u0131 fikirl\u0259r m\u00fc\u0259llif\u0259 m\u0259xsusdur v\u0259 onlara g\u00f6r\u0259 Meydan TV m\u0259suliyy\u0259t da\u015f\u0131m\u0131r.<br \/>\n  <\/b><\/p>\n","protected":false},"excerpt":{"rendered":"<p>G\u0259ncl\u0259rimiz \u0130\u015e\u0130D-\u0259 qo\u015fulur&#8230;<\/p>\n","protected":false},"author":11,"featured_media":14968,"comment_status":"closed","ping_status":"open","sticky":false,"template":"","format":"standard","meta":{"_acf_changed":false,"_sitemap_exclude":false,"_sitemap_priority":"","_sitemap_frequency":"","footnotes":""},"categories":[57],"tags":[],"class_list":["post-165509","post","type-post","status-publish","format-standard","has-post-thumbnail","hentry","category-menim-fikrimce","infinite-scroll-item","generate-columns","tablet-grid-50","mobile-grid-100","grid-parent","grid-33","no-featured-image-padding"],"acf":[],"yoast_head":"<!-- This site is optimized with the Yoast SEO plugin v27.4 - https:\/\/yoast.com\/product\/yoast-seo-wordpress\/ -->\n<title>&quot;Terrorist&quot; kli\u015fesi il\u0259 dam\u011falan\u0131b... - MEYDAN.TV<\/title>\n<meta name=\"robots\" content=\"index, follow, max-snippet:-1, max-image-preview:large, max-video-preview:-1\" \/>\n<link rel=\"canonical\" href=\"https:\/\/www.meydan.tv\/az\/article\/terrorist-klisesi-ile-damgalanib\/\" \/>\n<meta property=\"og:locale\" content=\"az_AZ\" \/>\n<meta property=\"og:type\" content=\"article\" \/>\n<meta property=\"og:title\" content=\"&quot;Terrorist&quot; kli\u015fesi il\u0259 dam\u011falan\u0131b... - MEYDAN.TV\" \/>\n<meta property=\"og:description\" content=\"G\u0259ncl\u0259rimiz \u0130\u015e\u0130D-\u0259 qo\u015fulur...\" \/>\n<meta property=\"og:url\" content=\"https:\/\/www.meydan.tv\/az\/article\/terrorist-klisesi-ile-damgalanib\/\" \/>\n<meta property=\"og:site_name\" content=\"MEYDAN.TV\" \/>\n<meta property=\"article:published_time\" content=\"2014-10-09T00:16:21+00:00\" \/>\n<meta property=\"og:image\" content=\"https:\/\/www.meydan.tv\/wp-content\/uploads\/5227.jpg\" \/>\n\t<meta property=\"og:image:width\" content=\"500\" \/>\n\t<meta property=\"og:image:height\" content=\"500\" \/>\n\t<meta property=\"og:image:type\" content=\"image\/jpeg\" \/>\n<meta name=\"author\" content=\"user-manager\" \/>\n<meta name=\"twitter:card\" content=\"summary_large_image\" \/>\n<script type=\"application\/ld+json\" class=\"yoast-schema-graph\">{\"@context\":\"https:\\\/\\\/schema.org\",\"@graph\":[{\"@type\":\"Article\",\"@id\":\"https:\\\/\\\/www.meydan.tv\\\/az\\\/article\\\/terrorist-klisesi-ile-damgalanib\\\/#article\",\"isPartOf\":{\"@id\":\"https:\\\/\\\/www.meydan.tv\\\/az\\\/article\\\/terrorist-klisesi-ile-damgalanib\\\/\"},\"author\":{\"name\":\"user-manager\",\"@id\":\"https:\\\/\\\/www.meydan.tv\\\/az\\\/#\\\/schema\\\/person\\\/10d11eccf6da3662cf5fdab9806ea91a\"},\"headline\":\"&#8220;Terrorist&#8221; kli\u015fesi il\u0259 dam\u011falan\u0131b&#8230;\",\"datePublished\":\"2014-10-09T00:16:21+00:00\",\"mainEntityOfPage\":{\"@id\":\"https:\\\/\\\/www.meydan.tv\\\/az\\\/article\\\/terrorist-klisesi-ile-damgalanib\\\/\"},\"wordCount\":1361,\"publisher\":{\"@id\":\"https:\\\/\\\/www.meydan.tv\\\/az\\\/#organization\"},\"image\":{\"@id\":\"https:\\\/\\\/www.meydan.tv\\\/az\\\/article\\\/terrorist-klisesi-ile-damgalanib\\\/#primaryimage\"},\"thumbnailUrl\":\"https:\\\/\\\/www.meydan.tv\\\/wp-content\\\/uploads\\\/5227.jpg\",\"articleSection\":[\"M\u0259nim Fikrimc\u0259\"],\"inLanguage\":\"az\"},{\"@type\":\"WebPage\",\"@id\":\"https:\\\/\\\/www.meydan.tv\\\/az\\\/article\\\/terrorist-klisesi-ile-damgalanib\\\/\",\"url\":\"https:\\\/\\\/www.meydan.tv\\\/az\\\/article\\\/terrorist-klisesi-ile-damgalanib\\\/\",\"name\":\"\\\"Terrorist\\\" kli\u015fesi il\u0259 dam\u011falan\u0131b... - MEYDAN.TV\",\"isPartOf\":{\"@id\":\"https:\\\/\\\/www.meydan.tv\\\/az\\\/#website\"},\"primaryImageOfPage\":{\"@id\":\"https:\\\/\\\/www.meydan.tv\\\/az\\\/article\\\/terrorist-klisesi-ile-damgalanib\\\/#primaryimage\"},\"image\":{\"@id\":\"https:\\\/\\\/www.meydan.tv\\\/az\\\/article\\\/terrorist-klisesi-ile-damgalanib\\\/#primaryimage\"},\"thumbnailUrl\":\"https:\\\/\\\/www.meydan.tv\\\/wp-content\\\/uploads\\\/5227.jpg\",\"datePublished\":\"2014-10-09T00:16:21+00:00\",\"breadcrumb\":{\"@id\":\"https:\\\/\\\/www.meydan.tv\\\/az\\\/article\\\/terrorist-klisesi-ile-damgalanib\\\/#breadcrumb\"},\"inLanguage\":\"az\",\"potentialAction\":[{\"@type\":\"ReadAction\",\"target\":[\"https:\\\/\\\/www.meydan.tv\\\/az\\\/article\\\/terrorist-klisesi-ile-damgalanib\\\/\"]}]},{\"@type\":\"ImageObject\",\"inLanguage\":\"az\",\"@id\":\"https:\\\/\\\/www.meydan.tv\\\/az\\\/article\\\/terrorist-klisesi-ile-damgalanib\\\/#primaryimage\",\"url\":\"https:\\\/\\\/www.meydan.tv\\\/wp-content\\\/uploads\\\/5227.jpg\",\"contentUrl\":\"https:\\\/\\\/www.meydan.tv\\\/wp-content\\\/uploads\\\/5227.jpg\",\"width\":500,\"height\":500,\"caption\":\"Source:\"},{\"@type\":\"BreadcrumbList\",\"@id\":\"https:\\\/\\\/www.meydan.tv\\\/az\\\/article\\\/terrorist-klisesi-ile-damgalanib\\\/#breadcrumb\",\"itemListElement\":[{\"@type\":\"ListItem\",\"position\":1,\"name\":\"Ana s\u0259hif\u0259\",\"item\":\"https:\\\/\\\/www.meydan.tv\\\/az\\\/\"},{\"@type\":\"ListItem\",\"position\":2,\"name\":\"M\u0259nim Fikrimc\u0259\",\"item\":\"https:\\\/\\\/www.meydan.tv\\\/az\\\/section\\\/menim-fikrimce\\\/\"},{\"@type\":\"ListItem\",\"position\":3,\"name\":\"&#8220;Terrorist&#8221; kli\u015fesi il\u0259 dam\u011falan\u0131b&#8230;\"}]},{\"@type\":\"WebSite\",\"@id\":\"https:\\\/\\\/www.meydan.tv\\\/az\\\/#website\",\"url\":\"https:\\\/\\\/www.meydan.tv\\\/az\\\/\",\"name\":\"MEYDAN.TV\",\"description\":\"Meydan TV Az\u0259rbaycan\u0131n media m\u0259kan\u0131ndak\u0131 alternativ s\u0259sidir\",\"publisher\":{\"@id\":\"https:\\\/\\\/www.meydan.tv\\\/az\\\/#organization\"},\"potentialAction\":[{\"@type\":\"SearchAction\",\"target\":{\"@type\":\"EntryPoint\",\"urlTemplate\":\"https:\\\/\\\/www.meydan.tv\\\/az\\\/?s={search_term_string}\"},\"query-input\":{\"@type\":\"PropertyValueSpecification\",\"valueRequired\":true,\"valueName\":\"search_term_string\"}}],\"inLanguage\":\"az\"},{\"@type\":\"Organization\",\"@id\":\"https:\\\/\\\/www.meydan.tv\\\/az\\\/#organization\",\"name\":\"Meydan TV\",\"url\":\"https:\\\/\\\/www.meydan.tv\\\/az\\\/\",\"logo\":{\"@type\":\"ImageObject\",\"inLanguage\":\"az\",\"@id\":\"https:\\\/\\\/www.meydan.tv\\\/az\\\/#\\\/schema\\\/logo\\\/image\\\/\",\"url\":\"https:\\\/\\\/www.meydan.tv\\\/wp-content\\\/uploads\\\/2021\\\/07\\\/meydan-logo.svg\",\"contentUrl\":\"https:\\\/\\\/www.meydan.tv\\\/wp-content\\\/uploads\\\/2021\\\/07\\\/meydan-logo.svg\",\"width\":195,\"height\":46,\"caption\":\"Meydan TV\"},\"image\":{\"@id\":\"https:\\\/\\\/www.meydan.tv\\\/az\\\/#\\\/schema\\\/logo\\\/image\\\/\"}},{\"@type\":\"Person\",\"@id\":\"https:\\\/\\\/www.meydan.tv\\\/az\\\/#\\\/schema\\\/person\\\/10d11eccf6da3662cf5fdab9806ea91a\",\"name\":\"user-manager\"}]}<\/script>\n<!-- \/ Yoast SEO plugin. -->","yoast_head_json":{"title":"\"Terrorist\" kli\u015fesi il\u0259 dam\u011falan\u0131b... - MEYDAN.TV","robots":{"index":"index","follow":"follow","max-snippet":"max-snippet:-1","max-image-preview":"max-image-preview:large","max-video-preview":"max-video-preview:-1"},"canonical":"https:\/\/www.meydan.tv\/az\/article\/terrorist-klisesi-ile-damgalanib\/","og_locale":"az_AZ","og_type":"article","og_title":"\"Terrorist\" kli\u015fesi il\u0259 dam\u011falan\u0131b... - MEYDAN.TV","og_description":"G\u0259ncl\u0259rimiz \u0130\u015e\u0130D-\u0259 qo\u015fulur...","og_url":"https:\/\/www.meydan.tv\/az\/article\/terrorist-klisesi-ile-damgalanib\/","og_site_name":"MEYDAN.TV","article_published_time":"2014-10-09T00:16:21+00:00","og_image":[{"width":500,"height":500,"url":"https:\/\/www.meydan.tv\/wp-content\/uploads\/5227.jpg","type":"image\/jpeg"}],"author":"user-manager","twitter_card":"summary_large_image","schema":{"@context":"https:\/\/schema.org","@graph":[{"@type":"Article","@id":"https:\/\/www.meydan.tv\/az\/article\/terrorist-klisesi-ile-damgalanib\/#article","isPartOf":{"@id":"https:\/\/www.meydan.tv\/az\/article\/terrorist-klisesi-ile-damgalanib\/"},"author":{"name":"user-manager","@id":"https:\/\/www.meydan.tv\/az\/#\/schema\/person\/10d11eccf6da3662cf5fdab9806ea91a"},"headline":"&#8220;Terrorist&#8221; kli\u015fesi il\u0259 dam\u011falan\u0131b&#8230;","datePublished":"2014-10-09T00:16:21+00:00","mainEntityOfPage":{"@id":"https:\/\/www.meydan.tv\/az\/article\/terrorist-klisesi-ile-damgalanib\/"},"wordCount":1361,"publisher":{"@id":"https:\/\/www.meydan.tv\/az\/#organization"},"image":{"@id":"https:\/\/www.meydan.tv\/az\/article\/terrorist-klisesi-ile-damgalanib\/#primaryimage"},"thumbnailUrl":"https:\/\/www.meydan.tv\/wp-content\/uploads\/5227.jpg","articleSection":["M\u0259nim Fikrimc\u0259"],"inLanguage":"az"},{"@type":"WebPage","@id":"https:\/\/www.meydan.tv\/az\/article\/terrorist-klisesi-ile-damgalanib\/","url":"https:\/\/www.meydan.tv\/az\/article\/terrorist-klisesi-ile-damgalanib\/","name":"\"Terrorist\" kli\u015fesi il\u0259 dam\u011falan\u0131b... - MEYDAN.TV","isPartOf":{"@id":"https:\/\/www.meydan.tv\/az\/#website"},"primaryImageOfPage":{"@id":"https:\/\/www.meydan.tv\/az\/article\/terrorist-klisesi-ile-damgalanib\/#primaryimage"},"image":{"@id":"https:\/\/www.meydan.tv\/az\/article\/terrorist-klisesi-ile-damgalanib\/#primaryimage"},"thumbnailUrl":"https:\/\/www.meydan.tv\/wp-content\/uploads\/5227.jpg","datePublished":"2014-10-09T00:16:21+00:00","breadcrumb":{"@id":"https:\/\/www.meydan.tv\/az\/article\/terrorist-klisesi-ile-damgalanib\/#breadcrumb"},"inLanguage":"az","potentialAction":[{"@type":"ReadAction","target":["https:\/\/www.meydan.tv\/az\/article\/terrorist-klisesi-ile-damgalanib\/"]}]},{"@type":"ImageObject","inLanguage":"az","@id":"https:\/\/www.meydan.tv\/az\/article\/terrorist-klisesi-ile-damgalanib\/#primaryimage","url":"https:\/\/www.meydan.tv\/wp-content\/uploads\/5227.jpg","contentUrl":"https:\/\/www.meydan.tv\/wp-content\/uploads\/5227.jpg","width":500,"height":500,"caption":"Source:"},{"@type":"BreadcrumbList","@id":"https:\/\/www.meydan.tv\/az\/article\/terrorist-klisesi-ile-damgalanib\/#breadcrumb","itemListElement":[{"@type":"ListItem","position":1,"name":"Ana s\u0259hif\u0259","item":"https:\/\/www.meydan.tv\/az\/"},{"@type":"ListItem","position":2,"name":"M\u0259nim Fikrimc\u0259","item":"https:\/\/www.meydan.tv\/az\/section\/menim-fikrimce\/"},{"@type":"ListItem","position":3,"name":"&#8220;Terrorist&#8221; kli\u015fesi il\u0259 dam\u011falan\u0131b&#8230;"}]},{"@type":"WebSite","@id":"https:\/\/www.meydan.tv\/az\/#website","url":"https:\/\/www.meydan.tv\/az\/","name":"MEYDAN.TV","description":"Meydan TV Az\u0259rbaycan\u0131n media m\u0259kan\u0131ndak\u0131 alternativ s\u0259sidir","publisher":{"@id":"https:\/\/www.meydan.tv\/az\/#organization"},"potentialAction":[{"@type":"SearchAction","target":{"@type":"EntryPoint","urlTemplate":"https:\/\/www.meydan.tv\/az\/?s={search_term_string}"},"query-input":{"@type":"PropertyValueSpecification","valueRequired":true,"valueName":"search_term_string"}}],"inLanguage":"az"},{"@type":"Organization","@id":"https:\/\/www.meydan.tv\/az\/#organization","name":"Meydan TV","url":"https:\/\/www.meydan.tv\/az\/","logo":{"@type":"ImageObject","inLanguage":"az","@id":"https:\/\/www.meydan.tv\/az\/#\/schema\/logo\/image\/","url":"https:\/\/www.meydan.tv\/wp-content\/uploads\/2021\/07\/meydan-logo.svg","contentUrl":"https:\/\/www.meydan.tv\/wp-content\/uploads\/2021\/07\/meydan-logo.svg","width":195,"height":46,"caption":"Meydan TV"},"image":{"@id":"https:\/\/www.meydan.tv\/az\/#\/schema\/logo\/image\/"}},{"@type":"Person","@id":"https:\/\/www.meydan.tv\/az\/#\/schema\/person\/10d11eccf6da3662cf5fdab9806ea91a","name":"user-manager"}]}},"_links":{"self":[{"href":"https:\/\/www.meydan.tv\/az\/wp-json\/wp\/v2\/posts\/165509","targetHints":{"allow":["GET"]}}],"collection":[{"href":"https:\/\/www.meydan.tv\/az\/wp-json\/wp\/v2\/posts"}],"about":[{"href":"https:\/\/www.meydan.tv\/az\/wp-json\/wp\/v2\/types\/post"}],"author":[{"embeddable":true,"href":"https:\/\/www.meydan.tv\/az\/wp-json\/wp\/v2\/users\/11"}],"replies":[{"embeddable":true,"href":"https:\/\/www.meydan.tv\/az\/wp-json\/wp\/v2\/comments?post=165509"}],"version-history":[{"count":0,"href":"https:\/\/www.meydan.tv\/az\/wp-json\/wp\/v2\/posts\/165509\/revisions"}],"wp:featuredmedia":[{"embeddable":true,"href":"https:\/\/www.meydan.tv\/az\/wp-json\/wp\/v2\/media\/14968"}],"wp:attachment":[{"href":"https:\/\/www.meydan.tv\/az\/wp-json\/wp\/v2\/media?parent=165509"}],"wp:term":[{"taxonomy":"category","embeddable":true,"href":"https:\/\/www.meydan.tv\/az\/wp-json\/wp\/v2\/categories?post=165509"},{"taxonomy":"post_tag","embeddable":true,"href":"https:\/\/www.meydan.tv\/az\/wp-json\/wp\/v2\/tags?post=165509"}],"curies":[{"name":"wp","href":"https:\/\/api.w.org\/{rel}","templated":true}]}}