{"id":165479,"date":"2014-10-05T02:14:27","date_gmt":"2014-10-05T02:14:27","guid":{"rendered":"https:\/\/www.meydan.tv\/article\/elgiz-eynsteyni-doyer\/"},"modified":"2014-10-05T02:14:27","modified_gmt":"2014-10-05T02:14:27","slug":"elgiz-eynsteyni-doyer","status":"publish","type":"post","link":"https:\/\/www.meydan.tv\/az\/article\/elgiz-eynsteyni-doyer\/","title":{"rendered":"Elgiz Eyn\u015fteyni d\u00f6y\u0259r"},"content":{"rendered":"<figure class=\"wp-block-image size-large\">\n  <img decoding=\"async\" src=\"https:\/\/www.meydan.tv\/az\/14852\/\" alt=\"\" class=\"wp-image-14852\"\/><figcaption><\/figcaption><\/figure>\n<figure class=\"wp-block-image size-large\">\n  <img decoding=\"async\" src=\"https:\/\/www.meydan.tv\/az\/14855\/\" alt=\"\" class=\"wp-image-14855\"\/><figcaption><\/figcaption><\/figure>\n<p>\n  \u018fliyevl\u0259rin telekanallar\u0131ndan birind\u0259 hans\u0131sa \u201culduz m\u00fc\u011f\u0259nni\u201dd\u0259n Eyn\u015fteynin kim oldu\u011funu soru\u015fublar, o da cavab verib ki, \u201cm\u0259n n\u0259 bilim kimdir? Ada bax: Eyn\u015fteyn. Bel\u0259 d\u0259 ad olar?\u201d.<br \/>\n  <br \/>\n  \u0130ndi sosial \u015f\u0259b\u0259k\u0259l\u0259rd\u0259-zadda ham\u0131 d\u00fc\u015f\u00fcb bu m\u00fc\u011f\u0259nniciy\u0259zin \u00fcst\u00fcn\u0259, sa\u011fdan-soldan qab\u0131r\u011fas\u0131na d\u00f6\u015f\u0259m\u0259kl\u0259 m\u0259\u015f\u011fuldur, guya d\u0259h\u015f\u0259tli biab\u0131r\u00e7\u0131l\u0131q-zad ba\u015f verib. Elgizi d\u0259y\u0259r\u0259 \u00e7evir\u0259nl\u0259rin \u00f6lk\u0259sind\u0259 Eyn\u015fteyni tan\u0131mamaqdan t\u0259bii, m\u0259ntiq\u0259uy\u011fun n\u0259 ola bil\u0259r?!<br \/>\n  <br \/>\n  \u00dcmumiyy\u0259tl\u0259, ax\u0131 o m\u00fc\u011f\u0259nni niy\u0259 Eyn\u015fteyni tan\u0131mal\u0131d\u0131r? Ona laz\u0131md\u0131r \u00fc\u00e7-be\u015f \u201cbezdarn\u0131\u201d, \u0259tt\u00f6k\u0259n mahn\u0131 \u0259zb\u0259rl\u0259sin, camaat da onu ba\u015f\u0131n\u0131n \u00fcst\u00fcnd\u0259 saxlas\u0131n, \u0259t\u0259k-\u0259t\u0259k pul t\u00f6k\u00fcb o\u011ful-u\u015faq toylar\u0131na \u00e7a\u011f\u0131rs\u0131n, d\u00fc\u015f\u00fck \u015fou-proqramlarda onun sa\u00e7yoldular\u0131n\u0131 izl\u0259sin, kimd\u0259n bo\u015fan\u0131b kiminl\u0259 evl\u0259ndiyini \u0259zb\u0259rl\u0259sin.\n<\/p>\n<p>\n  G\u0259lin a\u00e7\u0131q dan\u0131\u015faq: h\u0259min m\u00fc\u011f\u0259nniciy\u0259z bir balaca v\u0259zif\u0259 sahibi olsa, cibind\u0259 deputat mandat\u0131 g\u0259zdirs\u0259 v\u0259 yen\u0259 Eyn\u015fteyni tan\u0131mad\u0131\u011f\u0131n\u0131 des\u0259, indi onun \u00fcnvan\u0131na deyil\u0259nl\u0259rin mind\u0259 birini s\u00f6yl\u0259m\u0259y\u0259 n\u0259 q\u0259d\u0259r adam\u0131n c\u0259sar\u0259ti \u00e7atacaqd\u0131?\n<\/p>\n<p>\n  Bir ne\u00e7\u0259 il \u0259vv\u0259l bir qrup g\u0259nc y\u0131\u011f\u0131\u015f\u0131b, \u00c7e Gevaran\u0131n ad g\u00fcn\u00fcn\u00fc qeyd etm\u0259k ist\u0259mi\u015fdi, polisl\u0259r g\u0259lib t\u0259dbiri da\u011f\u0131tm\u0131\u015fd\u0131. O vaxt bu bar\u0259d\u0259 Prezident Administrasiyas\u0131n\u0131n \u015f\u00f6b\u0259 m\u00fcdiri, \u00fcst\u0259lik, ixtisasca allah qoymasa tarix\u00e7i olan \u018fli H\u0259s\u0259novdan soru\u015fanda o<br \/>\n  <br \/>\n  \u00c7e Gevaran\u0131 tan\u0131mad\u0131\u011f\u0131n\u0131, ad\u0131n\u0131 ilk d\u0259f\u0259 e\u015fitdiyini dem\u0259mi\u015fdimi?<br \/>\n  <br \/>\n  Nax\u00e7\u0131van Ali M\u0259clisinin s\u0259dri Vasif Tal\u0131bov \u201cXX \u0259sr\u201d-i \u201c\u0130ks-iks \u0259sri\u201d oxumam\u0131\u015fd\u0131m\u0131? V\u0259 indi onun \u201ci\u015fg\u0259nc\u0259 laboratoriyas\u0131\u201dnda u\u011furla s\u0131naqdan \u00e7\u0131xard\u0131\u011f\u0131 repressiya metodlar\u0131n\u0131 yaptokratik rejim b\u00fct\u00fcn \u00f6lk\u0259d\u0259 t\u0259tbiq etm\u0259kl\u0259 m\u0259\u015f\u011ful deyilmi?\n<\/p>\n<p>\n  Ke\u00e7\u0259nl\u0259rd\u0259 rayonlardan birinin icra ba\u015f\u00e7\u0131s\u0131 il\u0259 ba\u011fl\u0131 olmu\u015f \u0259hvalat yay\u0131ld\u0131. Bu icra ba\u015f\u00e7\u0131s\u0131n\u0131n r\u0259hb\u0259rlik etdiyi rayonla ba\u011fl\u0131 youtube-d\u0259 hans\u0131sa t\u0259nqidi videomaterial yay\u0131l\u0131r, o da g\u00f6t\u00fcr\u00fcb Bak\u0131ya &#8211; salam-\u0259leyki oldu\u011fu jurnalistl\u0259rd\u0259n birin\u0259 z\u0259ng edir, ondan youtube-nin ba\u015f redaktorunun n\u00f6mr\u0259sini tapma\u011f\u0131 xahi\u015f edir. \u00d6z\u00fcn\u00fc g\u00fccl\u0259 \u0259l\u0259 alan h\u0259mkar\u0131m\u0131z \u201cm\u00fc\u0259llim, o Amerikadad\u0131r\u201d dediyi zaman bu d\u0259f\u0259 h\u0259min icra ba\u015f\u00e7\u0131s\u0131 \u201cb\u0259lk\u0259 n\u00f6mr\u0259si rouminqdi, s\u0259n g\u00f6nd\u0259r m\u0259n z\u0259ng edim, deyim o videonu \u00e7\u0131xars\u0131n\u201d deyir.\n<\/p>\n<p>\n  Yax\u015f\u0131 b\u00fct\u00fcn bunlardan sonra hans\u0131sa \u201cpalatka\u201d m\u00fc\u011f\u0259nnisinin Eyn\u015fteyni tan\u0131mamas\u0131nda n\u0259 q\u0259bah\u0259t var? \u018fn \u0259sas\u0131, h\u0259min m\u00fc\u011f\u0259nnini buna g\u00f6r\u0259 yerd\u0259n-yer\u0259 vuranlar eyni c\u0259sar\u0259ti yuxar\u0131da sadalad\u0131\u011f\u0131m\u0131z n\u00fcmun\u0259l\u0259r zaman\u0131 da g\u00f6st\u0259ribl\u0259rmi, \u00fcmumiyy\u0259tl\u0259, g\u00f6st\u0259r\u0259 bil\u0259rl\u0259rmi?\n<\/p>\n<p>\n  \u0130\u015fin ba\u015fqa t\u0259r\u0259fi d\u0259 var. Sanki \u00f6lk\u0259d\u0259 h\u0259tta elml\u0259r namiz\u0259di, elml\u0259r doktoru olanlar\u0131n n\u0259 q\u0259d\u0259ri Eyn\u015fteyni tan\u0131y\u0131r? Ad\u0131n\u0131 e\u015fitmi\u015f ola bil\u0259rl\u0259r. Amma n\u0259 i\u015fl\u0259 m\u0259\u011ful oldu\u011fundan n\u0259 q\u0259d\u0259ri m\u0259lumatl\u0131d\u0131r?\n<\/p>\n<p>\n  Bir d\u0259f\u0259 toylar\u0131n birind\u0259 bel\u0259 bir hadis\u0259nin \u015fahidi oldum: s\u00f6z verildi Elml\u0259r Akademiyas\u0131nda i\u015fl\u0259y\u0259n, ortaya\u015fl\u0131 bir \u201calim\u201d\u0259. Tamada bunu t\u0259nt\u0259n\u0259 il\u0259 t\u0259qdim edib sonra mikrafonu uzatd\u0131 ona. \u201cAlim\u201d b\u0259y-g\u0259lini t\u0259brik edib, onlar\u0131n valideynl\u0259rin\u0259 g\u00f6zayd\u0131nl\u0131\u011f\u0131 ver\u0259nd\u0259n sonra q\u0259fil s\u00f6hb\u0259ti al\u0131n yaz\u0131s\u0131n\u0131n \u00fcst\u00fcn\u0259 g\u0259tirdi, al\u0131n yaz\u0131s\u0131na inanmayanlar\u0131 itin m\u00fcvafiq yerin\u0259 sal\u0131b \u00e7\u0131xard\u0131, aln\u0131m\u0131za n\u0259 yaz\u0131l\u0131bsa, onun olaca\u011f\u0131n\u0131 dedi. D\u0259h\u015f\u0259tli m\u0259nz\u0259r\u0259 idi, \u0259lb\u0259tt\u0259, anlayanlar \u00fc\u00e7\u00fcn. Alim al\u0131n yaz\u0131s\u0131ndan dan\u0131\u015f\u0131r. Bundan faci\u0259vi n\u0259 ola bil\u0259r? \u0130ndi h\u0259min \u201calim\u201d h\u0259tta lap Eyn\u015fteyni tan\u0131sa bel\u0259, bu, n\u0259yi d\u0259yi\u015fir? \u201cAlim\u201d\u0131n al\u0131n yaz\u0131s\u0131ndan bas\u0131b-ba\u011flad\u0131\u011f\u0131 yerd\u0259 kim v\u0259 n\u0259 \u00fc\u00e7\u00fcn Eyn\u015fteyn-meyn\u015fteyn h\u0259rl\u0259m\u0259lidir?\n<\/p>\n<p>\n  Unutdunuzmu, bu \u00f6lk\u0259d\u0259 Akademiya i\u015f\u00e7il\u0259rind\u0259n biri m\u0259l\u0259yin u\u00e7ma s\u00fcr\u0259tini hesablamas\u0131 il\u0259 f\u0259xr etmirdimi?. Ba\u015fqa biri bir fal\u00e7\u0131 xan\u0131m\u0131n 70 c\u00fcr x\u0259st\u0259liyi sa\u011falda bilm\u0259si bar\u0259d\u0259 palaz boyda yaz\u0131 qaralay\u0131b, onun f\u00f6vq\u0259lm\u00f6c\u00fcz\u0259ni b\u00fct\u00fcn d\u00fcnyaya g\u00f6st\u0259rm\u0259yin vaxt\u0131 \u00e7atd\u0131\u011f\u0131ndan b\u0259hs etm\u0259mi\u015fdimi?\n<\/p>\n<p>\n  Elml\u0259r Akademiyas\u0131n\u0131n \u0130nc\u0259s\u0259n\u0259t v\u0259 Memarl\u0131q \u0130nstitutunun \u015f\u00f6b\u0259 m\u00fcdiri professor Inqilab K\u0259rimov v\u0259fat etdikd\u0259n sonra onun yerin\u0259 \u015foumen Qorxmaz \u018flilinin t\u0259yin olunmas\u0131n\u0131 unudubsunuzmu?<br \/>\n  <br \/>\n  Ba\u015fqa bir alim is\u0259 Harun Yahya kimi tan\u0131nan Adnan Oktar adl\u0131 adl\u0131 bir f\u0131r\u0131ldaq\u00e7\u0131n\u0131n Darvinin t\u0259kam\u00fcl n\u0259z\u0259riyy\u0259sini darmada\u011f\u0131n etm\u0259si haqda m\u0259qal\u0259 yazm\u0131\u015fd\u0131. \u0130ndi h\u0259bsd\u0259 olan fal\u00e7\u0131, \u201cEtiraf\u201d verili\u015fi il\u0259 xalq\u0131m\u0131z\u0131n q\u0259lbini f\u0259th ed\u0259n \u0130lham Mirz\u0259yevin i\u015f yerl\u0259rind\u0259n biri Elml\u0259r Akademiyas\u0131 deyildimi? Bu \u00f6lk\u0259d\u0259 G\u00f6r\u00fcc\u00fc M\u0259lah\u0259t haqq\u0131nda kitab\u0131 elml\u0259r doktoru yazmay\u0131bm\u0131?\n<\/p>\n<p>\n  \u201cElm\u201d ad\u0131na b\u00fct\u00fcn bu r\u0259zal\u0259tl\u0259rin ya\u015fand\u0131\u011f\u0131 halda sizin d\u0259rdiniz\u0259 bax\u0131n: filan m\u00fc\u011f\u0259nni hans\u0131sa b\u00f6y\u00fck alimi niy\u0259 tan\u0131m\u0131r? Niy\u0259 tan\u0131s\u0131n ax\u0131? Bu ona hans\u0131 \u00fcst\u00fcnl\u00fck qazand\u0131ra, hans\u0131 fayda g\u0259tir\u0259 bil\u0259r? B\u0259lk\u0259 \u201ctoy tutma\u011fa\u201d k\u00f6m\u0259k ed\u0259c\u0259k? B\u0259lk\u0259 Eyn\u015fteyn g\u0259lib bu m\u00fc\u011f\u0259nniciy\u0259z\u0259 sponsorluq ed\u0259c\u0259k, klip \u00e7\u0259kdir\u0259c\u0259k?\n<\/p>\n<p>\n  B\u0259sdirin siz allah! \u00d6lk\u0259d\u0259 odu s\u00f6nd\u00fcr\u00fcbl\u0259r, siz d\u0259 oturub k\u00fcl\u00fcyn\u0259n oynay\u0131rs\u0131n\u0131z. S\u0259b\u0259bl\u0259ri qoyub, n\u0259tic\u0259l\u0259rl\u0259 vuru\u015fursunuz.<br \/>\n  <br \/>\n  Az\u0259rbaycanda kitab\u0131n, t\u0259hsilin, elmin, bilginin qiym\u0259ti, h\u00f6rm\u0259ti ortadad\u0131r. Onlar acl\u0131qla, pulsuzluqla assosiasiya olunurlar. Y\u00fcks\u0259lm\u0259k, karyera, komfort sahibi olmaq \u00fc\u00e7\u00fcn he\u00e7 bir \u0259h\u0259miyy\u0259t da\u015f\u0131m\u0131rlar. \u018fv\u0259zind\u0259 baya\u011f\u0131l\u0131q, \u015fitlik, \u0259tt\u00f6k\u0259nlik, nadanl\u0131q, yaltaql\u0131q s\u0259nin \u00fcz\u00fcn\u0259 ist\u0259nil\u0259n qap\u0131n\u0131 a\u00e7a bil\u0259r.\n<\/p>\n<p>\n  D\u0259rd budur.<br \/>\n  <br \/>\n  B\u0259la budur.<br \/>\n  <br \/>\n  A\u011fr\u0131 budur.<br \/>\n  <br \/>\n  Gerisi \u0259fsan\u0259 s\u00f6hb\u0259tdir, filfilodur.\n<\/p>\n<p>\n  <b><br \/>\n    Yaz\u0131dak\u0131 fikirl\u0259r m\u00fc\u0259llif\u0259 m\u0259xsusdur v\u0259 onlara g\u00f6r\u0259 Meydan TV m\u0259suliyy\u0259t da\u015f\u0131m\u0131r.<br \/>\n  <\/b><\/p>\n","protected":false},"excerpt":{"rendered":"<p>Al\u0131n yaz\u0131s\u0131na inanmayanlar\u0131 itin m\u00fcvafiq yerin\u0259&#8230;<\/p>\n","protected":false},"author":11,"featured_media":14852,"comment_status":"closed","ping_status":"open","sticky":false,"template":"","format":"standard","meta":{"_acf_changed":false,"_sitemap_exclude":false,"_sitemap_priority":"","_sitemap_frequency":"","footnotes":""},"categories":[57],"tags":[],"class_list":["post-165479","post","type-post","status-publish","format-standard","has-post-thumbnail","hentry","category-menim-fikrimce","infinite-scroll-item","generate-columns","tablet-grid-50","mobile-grid-100","grid-parent","grid-33","no-featured-image-padding"],"acf":[],"yoast_head":"<!-- This site is optimized with the Yoast SEO plugin v27.4 - https:\/\/yoast.com\/product\/yoast-seo-wordpress\/ -->\n<title>Elgiz Eyn\u015fteyni d\u00f6y\u0259r - MEYDAN.TV<\/title>\n<meta name=\"robots\" content=\"index, follow, max-snippet:-1, max-image-preview:large, max-video-preview:-1\" \/>\n<link rel=\"canonical\" href=\"https:\/\/www.meydan.tv\/az\/article\/elgiz-eynsteyni-doyer\/\" \/>\n<meta property=\"og:locale\" content=\"az_AZ\" \/>\n<meta property=\"og:type\" content=\"article\" \/>\n<meta property=\"og:title\" content=\"Elgiz Eyn\u015fteyni d\u00f6y\u0259r - MEYDAN.TV\" \/>\n<meta property=\"og:description\" content=\"Al\u0131n yaz\u0131s\u0131na inanmayanlar\u0131 itin m\u00fcvafiq yerin\u0259...\" \/>\n<meta property=\"og:url\" content=\"https:\/\/www.meydan.tv\/az\/article\/elgiz-eynsteyni-doyer\/\" \/>\n<meta property=\"og:site_name\" content=\"MEYDAN.TV\" \/>\n<meta property=\"article:published_time\" content=\"2014-10-05T02:14:27+00:00\" \/>\n<meta property=\"og:image\" content=\"https:\/\/www.meydan.tv\/wp-content\/uploads\/5178.jpg\" \/>\n\t<meta property=\"og:image:width\" content=\"500\" \/>\n\t<meta property=\"og:image:height\" content=\"500\" \/>\n\t<meta property=\"og:image:type\" content=\"image\/jpeg\" \/>\n<meta name=\"author\" content=\"user-manager\" \/>\n<meta name=\"twitter:card\" content=\"summary_large_image\" \/>\n<script type=\"application\/ld+json\" class=\"yoast-schema-graph\">{\"@context\":\"https:\\\/\\\/schema.org\",\"@graph\":[{\"@type\":\"Article\",\"@id\":\"https:\\\/\\\/www.meydan.tv\\\/az\\\/article\\\/elgiz-eynsteyni-doyer\\\/#article\",\"isPartOf\":{\"@id\":\"https:\\\/\\\/www.meydan.tv\\\/az\\\/article\\\/elgiz-eynsteyni-doyer\\\/\"},\"author\":{\"name\":\"user-manager\",\"@id\":\"https:\\\/\\\/www.meydan.tv\\\/az\\\/#\\\/schema\\\/person\\\/10d11eccf6da3662cf5fdab9806ea91a\"},\"headline\":\"Elgiz Eyn\u015fteyni d\u00f6y\u0259r\",\"datePublished\":\"2014-10-05T02:14:27+00:00\",\"mainEntityOfPage\":{\"@id\":\"https:\\\/\\\/www.meydan.tv\\\/az\\\/article\\\/elgiz-eynsteyni-doyer\\\/\"},\"wordCount\":1147,\"publisher\":{\"@id\":\"https:\\\/\\\/www.meydan.tv\\\/az\\\/#organization\"},\"image\":{\"@id\":\"https:\\\/\\\/www.meydan.tv\\\/az\\\/article\\\/elgiz-eynsteyni-doyer\\\/#primaryimage\"},\"thumbnailUrl\":\"https:\\\/\\\/www.meydan.tv\\\/wp-content\\\/uploads\\\/5178.jpg\",\"articleSection\":[\"M\u0259nim Fikrimc\u0259\"],\"inLanguage\":\"az\"},{\"@type\":\"WebPage\",\"@id\":\"https:\\\/\\\/www.meydan.tv\\\/az\\\/article\\\/elgiz-eynsteyni-doyer\\\/\",\"url\":\"https:\\\/\\\/www.meydan.tv\\\/az\\\/article\\\/elgiz-eynsteyni-doyer\\\/\",\"name\":\"Elgiz Eyn\u015fteyni d\u00f6y\u0259r - MEYDAN.TV\",\"isPartOf\":{\"@id\":\"https:\\\/\\\/www.meydan.tv\\\/az\\\/#website\"},\"primaryImageOfPage\":{\"@id\":\"https:\\\/\\\/www.meydan.tv\\\/az\\\/article\\\/elgiz-eynsteyni-doyer\\\/#primaryimage\"},\"image\":{\"@id\":\"https:\\\/\\\/www.meydan.tv\\\/az\\\/article\\\/elgiz-eynsteyni-doyer\\\/#primaryimage\"},\"thumbnailUrl\":\"https:\\\/\\\/www.meydan.tv\\\/wp-content\\\/uploads\\\/5178.jpg\",\"datePublished\":\"2014-10-05T02:14:27+00:00\",\"breadcrumb\":{\"@id\":\"https:\\\/\\\/www.meydan.tv\\\/az\\\/article\\\/elgiz-eynsteyni-doyer\\\/#breadcrumb\"},\"inLanguage\":\"az\",\"potentialAction\":[{\"@type\":\"ReadAction\",\"target\":[\"https:\\\/\\\/www.meydan.tv\\\/az\\\/article\\\/elgiz-eynsteyni-doyer\\\/\"]}]},{\"@type\":\"ImageObject\",\"inLanguage\":\"az\",\"@id\":\"https:\\\/\\\/www.meydan.tv\\\/az\\\/article\\\/elgiz-eynsteyni-doyer\\\/#primaryimage\",\"url\":\"https:\\\/\\\/www.meydan.tv\\\/wp-content\\\/uploads\\\/5178.jpg\",\"contentUrl\":\"https:\\\/\\\/www.meydan.tv\\\/wp-content\\\/uploads\\\/5178.jpg\",\"width\":500,\"height\":500,\"caption\":\"Source:\"},{\"@type\":\"BreadcrumbList\",\"@id\":\"https:\\\/\\\/www.meydan.tv\\\/az\\\/article\\\/elgiz-eynsteyni-doyer\\\/#breadcrumb\",\"itemListElement\":[{\"@type\":\"ListItem\",\"position\":1,\"name\":\"Ana s\u0259hif\u0259\",\"item\":\"https:\\\/\\\/www.meydan.tv\\\/az\\\/\"},{\"@type\":\"ListItem\",\"position\":2,\"name\":\"M\u0259nim Fikrimc\u0259\",\"item\":\"https:\\\/\\\/www.meydan.tv\\\/az\\\/section\\\/menim-fikrimce\\\/\"},{\"@type\":\"ListItem\",\"position\":3,\"name\":\"Elgiz Eyn\u015fteyni d\u00f6y\u0259r\"}]},{\"@type\":\"WebSite\",\"@id\":\"https:\\\/\\\/www.meydan.tv\\\/az\\\/#website\",\"url\":\"https:\\\/\\\/www.meydan.tv\\\/az\\\/\",\"name\":\"MEYDAN.TV\",\"description\":\"Meydan TV Az\u0259rbaycan\u0131n media m\u0259kan\u0131ndak\u0131 alternativ s\u0259sidir\",\"publisher\":{\"@id\":\"https:\\\/\\\/www.meydan.tv\\\/az\\\/#organization\"},\"potentialAction\":[{\"@type\":\"SearchAction\",\"target\":{\"@type\":\"EntryPoint\",\"urlTemplate\":\"https:\\\/\\\/www.meydan.tv\\\/az\\\/?s={search_term_string}\"},\"query-input\":{\"@type\":\"PropertyValueSpecification\",\"valueRequired\":true,\"valueName\":\"search_term_string\"}}],\"inLanguage\":\"az\"},{\"@type\":\"Organization\",\"@id\":\"https:\\\/\\\/www.meydan.tv\\\/az\\\/#organization\",\"name\":\"Meydan TV\",\"url\":\"https:\\\/\\\/www.meydan.tv\\\/az\\\/\",\"logo\":{\"@type\":\"ImageObject\",\"inLanguage\":\"az\",\"@id\":\"https:\\\/\\\/www.meydan.tv\\\/az\\\/#\\\/schema\\\/logo\\\/image\\\/\",\"url\":\"https:\\\/\\\/www.meydan.tv\\\/wp-content\\\/uploads\\\/2021\\\/07\\\/meydan-logo.svg\",\"contentUrl\":\"https:\\\/\\\/www.meydan.tv\\\/wp-content\\\/uploads\\\/2021\\\/07\\\/meydan-logo.svg\",\"width\":195,\"height\":46,\"caption\":\"Meydan TV\"},\"image\":{\"@id\":\"https:\\\/\\\/www.meydan.tv\\\/az\\\/#\\\/schema\\\/logo\\\/image\\\/\"}},{\"@type\":\"Person\",\"@id\":\"https:\\\/\\\/www.meydan.tv\\\/az\\\/#\\\/schema\\\/person\\\/10d11eccf6da3662cf5fdab9806ea91a\",\"name\":\"user-manager\"}]}<\/script>\n<!-- \/ Yoast SEO plugin. -->","yoast_head_json":{"title":"Elgiz Eyn\u015fteyni d\u00f6y\u0259r - MEYDAN.TV","robots":{"index":"index","follow":"follow","max-snippet":"max-snippet:-1","max-image-preview":"max-image-preview:large","max-video-preview":"max-video-preview:-1"},"canonical":"https:\/\/www.meydan.tv\/az\/article\/elgiz-eynsteyni-doyer\/","og_locale":"az_AZ","og_type":"article","og_title":"Elgiz Eyn\u015fteyni d\u00f6y\u0259r - MEYDAN.TV","og_description":"Al\u0131n yaz\u0131s\u0131na inanmayanlar\u0131 itin m\u00fcvafiq yerin\u0259...","og_url":"https:\/\/www.meydan.tv\/az\/article\/elgiz-eynsteyni-doyer\/","og_site_name":"MEYDAN.TV","article_published_time":"2014-10-05T02:14:27+00:00","og_image":[{"width":500,"height":500,"url":"https:\/\/www.meydan.tv\/wp-content\/uploads\/5178.jpg","type":"image\/jpeg"}],"author":"user-manager","twitter_card":"summary_large_image","schema":{"@context":"https:\/\/schema.org","@graph":[{"@type":"Article","@id":"https:\/\/www.meydan.tv\/az\/article\/elgiz-eynsteyni-doyer\/#article","isPartOf":{"@id":"https:\/\/www.meydan.tv\/az\/article\/elgiz-eynsteyni-doyer\/"},"author":{"name":"user-manager","@id":"https:\/\/www.meydan.tv\/az\/#\/schema\/person\/10d11eccf6da3662cf5fdab9806ea91a"},"headline":"Elgiz Eyn\u015fteyni d\u00f6y\u0259r","datePublished":"2014-10-05T02:14:27+00:00","mainEntityOfPage":{"@id":"https:\/\/www.meydan.tv\/az\/article\/elgiz-eynsteyni-doyer\/"},"wordCount":1147,"publisher":{"@id":"https:\/\/www.meydan.tv\/az\/#organization"},"image":{"@id":"https:\/\/www.meydan.tv\/az\/article\/elgiz-eynsteyni-doyer\/#primaryimage"},"thumbnailUrl":"https:\/\/www.meydan.tv\/wp-content\/uploads\/5178.jpg","articleSection":["M\u0259nim Fikrimc\u0259"],"inLanguage":"az"},{"@type":"WebPage","@id":"https:\/\/www.meydan.tv\/az\/article\/elgiz-eynsteyni-doyer\/","url":"https:\/\/www.meydan.tv\/az\/article\/elgiz-eynsteyni-doyer\/","name":"Elgiz Eyn\u015fteyni d\u00f6y\u0259r - MEYDAN.TV","isPartOf":{"@id":"https:\/\/www.meydan.tv\/az\/#website"},"primaryImageOfPage":{"@id":"https:\/\/www.meydan.tv\/az\/article\/elgiz-eynsteyni-doyer\/#primaryimage"},"image":{"@id":"https:\/\/www.meydan.tv\/az\/article\/elgiz-eynsteyni-doyer\/#primaryimage"},"thumbnailUrl":"https:\/\/www.meydan.tv\/wp-content\/uploads\/5178.jpg","datePublished":"2014-10-05T02:14:27+00:00","breadcrumb":{"@id":"https:\/\/www.meydan.tv\/az\/article\/elgiz-eynsteyni-doyer\/#breadcrumb"},"inLanguage":"az","potentialAction":[{"@type":"ReadAction","target":["https:\/\/www.meydan.tv\/az\/article\/elgiz-eynsteyni-doyer\/"]}]},{"@type":"ImageObject","inLanguage":"az","@id":"https:\/\/www.meydan.tv\/az\/article\/elgiz-eynsteyni-doyer\/#primaryimage","url":"https:\/\/www.meydan.tv\/wp-content\/uploads\/5178.jpg","contentUrl":"https:\/\/www.meydan.tv\/wp-content\/uploads\/5178.jpg","width":500,"height":500,"caption":"Source:"},{"@type":"BreadcrumbList","@id":"https:\/\/www.meydan.tv\/az\/article\/elgiz-eynsteyni-doyer\/#breadcrumb","itemListElement":[{"@type":"ListItem","position":1,"name":"Ana s\u0259hif\u0259","item":"https:\/\/www.meydan.tv\/az\/"},{"@type":"ListItem","position":2,"name":"M\u0259nim Fikrimc\u0259","item":"https:\/\/www.meydan.tv\/az\/section\/menim-fikrimce\/"},{"@type":"ListItem","position":3,"name":"Elgiz Eyn\u015fteyni d\u00f6y\u0259r"}]},{"@type":"WebSite","@id":"https:\/\/www.meydan.tv\/az\/#website","url":"https:\/\/www.meydan.tv\/az\/","name":"MEYDAN.TV","description":"Meydan TV Az\u0259rbaycan\u0131n media m\u0259kan\u0131ndak\u0131 alternativ s\u0259sidir","publisher":{"@id":"https:\/\/www.meydan.tv\/az\/#organization"},"potentialAction":[{"@type":"SearchAction","target":{"@type":"EntryPoint","urlTemplate":"https:\/\/www.meydan.tv\/az\/?s={search_term_string}"},"query-input":{"@type":"PropertyValueSpecification","valueRequired":true,"valueName":"search_term_string"}}],"inLanguage":"az"},{"@type":"Organization","@id":"https:\/\/www.meydan.tv\/az\/#organization","name":"Meydan TV","url":"https:\/\/www.meydan.tv\/az\/","logo":{"@type":"ImageObject","inLanguage":"az","@id":"https:\/\/www.meydan.tv\/az\/#\/schema\/logo\/image\/","url":"https:\/\/www.meydan.tv\/wp-content\/uploads\/2021\/07\/meydan-logo.svg","contentUrl":"https:\/\/www.meydan.tv\/wp-content\/uploads\/2021\/07\/meydan-logo.svg","width":195,"height":46,"caption":"Meydan TV"},"image":{"@id":"https:\/\/www.meydan.tv\/az\/#\/schema\/logo\/image\/"}},{"@type":"Person","@id":"https:\/\/www.meydan.tv\/az\/#\/schema\/person\/10d11eccf6da3662cf5fdab9806ea91a","name":"user-manager"}]}},"_links":{"self":[{"href":"https:\/\/www.meydan.tv\/az\/wp-json\/wp\/v2\/posts\/165479","targetHints":{"allow":["GET"]}}],"collection":[{"href":"https:\/\/www.meydan.tv\/az\/wp-json\/wp\/v2\/posts"}],"about":[{"href":"https:\/\/www.meydan.tv\/az\/wp-json\/wp\/v2\/types\/post"}],"author":[{"embeddable":true,"href":"https:\/\/www.meydan.tv\/az\/wp-json\/wp\/v2\/users\/11"}],"replies":[{"embeddable":true,"href":"https:\/\/www.meydan.tv\/az\/wp-json\/wp\/v2\/comments?post=165479"}],"version-history":[{"count":0,"href":"https:\/\/www.meydan.tv\/az\/wp-json\/wp\/v2\/posts\/165479\/revisions"}],"wp:featuredmedia":[{"embeddable":true,"href":"https:\/\/www.meydan.tv\/az\/wp-json\/wp\/v2\/media\/14852"}],"wp:attachment":[{"href":"https:\/\/www.meydan.tv\/az\/wp-json\/wp\/v2\/media?parent=165479"}],"wp:term":[{"taxonomy":"category","embeddable":true,"href":"https:\/\/www.meydan.tv\/az\/wp-json\/wp\/v2\/categories?post=165479"},{"taxonomy":"post_tag","embeddable":true,"href":"https:\/\/www.meydan.tv\/az\/wp-json\/wp\/v2\/tags?post=165479"}],"curies":[{"name":"wp","href":"https:\/\/api.w.org\/{rel}","templated":true}]}}