{"id":165377,"date":"2014-09-24T19:48:11","date_gmt":"2014-09-24T19:48:11","guid":{"rendered":"https:\/\/www.meydan.tv\/article\/ukraynadan-sonraki-krim\/"},"modified":"2014-09-24T19:48:11","modified_gmt":"2014-09-24T19:48:11","slug":"ukraynadan-sonraki-krim","status":"publish","type":"post","link":"https:\/\/www.meydan.tv\/az\/article\/ukraynadan-sonraki-krim\/","title":{"rendered":"Ukraynadan sonrak\u0131 Kr\u0131m&#8230;"},"content":{"rendered":"<figure class=\"wp-block-image size-large\">\n  <img decoding=\"async\" src=\"https:\/\/www.meydan.tv\/az\/14486\/\" alt=\"\" class=\"wp-image-14486\"\/><figcaption><\/figcaption><\/figure>\n<figure class=\"wp-block-image size-large\">\n  <img decoding=\"async\" src=\"https:\/\/www.meydan.tv\/az\/14489\/\" alt=\"\" class=\"wp-image-14489\"\/><figcaption><\/figcaption><\/figure>\n<p>\n  Kr\u0131m\u0131n Saki \u015f\u0259h\u0259rind\u0259 m\u00fcalic\u0259 al\u0131rd\u0131m. Bir d\u0259f\u0259 stomotoloqa getdim. Qap\u0131dan i\u00e7\u0259ri ke\u00e7m\u0259k ist\u0259y\u0259nd\u0259, aya\u011f\u0131m arabadan d\u00fc\u015fd\u00fc. \u00d6z\u00fcm \u0259yilib, d\u00fcz\u0259ld\u0259 bilmirdim. G\u00fcnorta saatlar\u0131 idi. \u018ftrafda az adam g\u00f6r\u00fcn\u00fcrd\u00fc. Yan\u0131mdan itini g\u0259zdir\u0259n bir q\u0131z ke\u00e7irdi. Q\u0131zdan k\u00f6m\u0259k ist\u0259dim. Q\u0131z is\u0259 dan\u0131\u015fmadan, \u0259li il\u0259 iti i\u015far\u0259 edib, yan\u0131mdan yan ke\u00e7di. Y\u0259ni ki, iti burax\u0131b, s\u0259n\u0259 k\u00f6m\u0259k ed\u0259 bilm\u0259r\u0259m. Daha sonra orta ya\u015fl\u0131 bir ki\u015fi ke\u00e7irdi. Ondan da k\u00f6m\u0259k ist\u0259dim. O, is\u0259 m\u0259n\u0259 \u0259l yell\u0259yib \u201cget ba\u015f\u0131mdan \u201d \u00a0el\u0259di. Sonra yan\u0131mdan iki n\u0259f\u0259r d\u0259 ke\u00e7di. Onlar\u0131 da s\u0259sl\u0259dim. Bilmir\u0259m, e\u015fitdil\u0259r ya e\u015fitm\u0259dil\u0259r, he\u00e7 m\u0259n\u0259 t\u0259r\u0259f baxmad\u0131lar da.\n<\/p>\n<p>\n  Ax\u0131r ki, bir vicdanl\u0131 adama rast g\u0259ldim. Orta ya\u015fl\u0131 ki\u015fi idi. Sa\u011f olsun, h\u0259m d\u00fc\u015f\u0259n aya\u011f\u0131m\u0131 d\u00fcz\u0259ltdi, h\u0259m d\u0259 stomatoloqun k\u0259l\u0259-k\u00f6t\u00fcr, ensiz qap\u0131s\u0131ndan ke\u00e7m\u0259yim\u0259 k\u00f6m\u0259k el\u0259di.\n<\/p>\n<p>\n  Bu Kr\u0131mda ba\u015f\u0131ma g\u0259l\u0259n ilk bel\u0259 hadis\u0259 deyildi. D\u0259f\u0259l\u0259rl\u0259 olub ki, ox\u015far v\u0259ziyy\u0259tl\u0259r\u0259 d\u00fc\u015f\u0259nd\u0259, yan\u0131mdan ke\u00e7\u0259nl\u0259rd\u0259n k\u00f6m\u0259k ist\u0259y\u0259nd\u0259, a\u00e7\u0131q \u015f\u0259kild\u0259 \u00fcz\u00fcm\u0259 deyibl\u0259r ki, yox, k\u00f6m\u0259k etmirik. Burda bel\u0259 m\u0259rh\u0259m\u0259tsizlikl\u0259r\u0259 \u00e7ox rast g\u0259lmi\u015f\u0259m.\n<\/p>\n<p>\n  Amma Az\u0259rbaycanda he\u00e7 vaxt ox\u015far stiuasiya il\u0259 qar\u015f\u0131la\u015fmam\u0131\u015fam. Az\u0259rbaycanda u\u015faqdan tutmu\u015f, ya\u015fl\u0131s\u0131na kimi, h\u0259r hans\u0131 bir yerd\u0259n \u0259lil arabamla ke\u00e7\u0259rk\u0259n, infrastruktur v\u0259 ya m\u0259hdudiyy\u0259tl\u0259 qar\u015f\u0131la\u015fanda bizim insanlar\u0131m\u0131z, he\u00e7 k\u00f6m\u0259y\u0259 \u00e7a\u011f\u0131rmadan \u00f6zl\u0259ri yax\u0131nla\u015f\u0131b, yard\u0131mc\u0131 olurlar. \u0130nsaf\u0259n, deyim ki, polisl\u0259rimiz d\u0259 \u0259ng\u0259lli insanlara, bir ba\u015fqa h\u0259ssasl\u0131qla yana\u015f\u0131rlar. D\u0259f\u0259l\u0259rl\u0259 \u015f\u0259xs\u0259n m\u0259ni \u00e7\u0259tin yollardan ke\u00e7irdib, d\u00fcz m\u0259nzil ba\u015f\u0131na q\u0259d\u0259r m\u00fc\u015faiy\u0259t edibl\u0259r.\n<\/p>\n<p>\n  Kr\u0131m\u0131n i\u015f\u011fal\u0131ndan sonra \u00f6lk\u0259d\u0259 tam ba\u015fqa aura var. Bu aura m\u0259n\u0259 m\u0259n\u0259vi c\u0259h\u0259td\u0259n \u00e7ox pis t\u0259sir etdi. H\u0259r yer\u0259 Rusiyan\u0131n bayra\u011f\u0131 sanc\u0131l\u0131b. Mill\u0259tin 90%-i ma\u015f\u0131nlar\u0131na, \u0259l \u00e7antalar\u0131na, qollar\u0131na v\u0259 \u0259lil arabalar\u0131na rus q\u0259hr\u0259manl\u0131\u011f\u0131n\u0131n simvolu v\u0259 fa\u015fizm\u0259 qar\u015f\u0131 m\u00fcbariz\u0259nin simvolu olan \u00a0,,Georgiev\u201d lentini ba\u011flay\u0131blar. Bir d\u0259n\u0259 itl\u0259rinin xaltalar\u0131na ba\u011flamad\u0131qlar\u0131 qal\u0131b.\n<\/p>\n<p>\n  \u015e\u0259h\u0259rin m\u0259rk\u0259zind\u0259 eyni Moskvadak\u0131 klassik sovet d\u00f6vr\u00fcn\u00fc xat\u0131rladan \u00a0\u201cOMON\u201d\u00e7ular v\u0259 polis i\u015f\u00e7il\u0259ri x\u00fcsusi psixoloji t\u0259sir ed\u0259n, yerim\u0259 formalar\u0131 il\u0259 g\u0259zirl\u0259r. Kr\u0131m Ukraynan\u0131n olanda m\u0259n burda bu q\u0259d\u0259r polis g\u00f6rm\u0259mi\u015fdim. Polisl\u0259r yaln\u0131z insident ba\u015f ver\u0259rk\u0259n ortaya \u00e7\u0131x\u0131rd\u0131lar. Ba\u015fqa vaxt, dem\u0259k olar ki, g\u00f6z\u0259 d\u0259ymirdil\u0259r. \u0130ndi is\u0259 polisl\u0259rin m\u0259rk\u0259zd\u0259 bu yeri\u015f formalar\u0131, rus imperiyas\u0131n\u0131n xofunu v\u0259\u00a0 dahiliyini g\u00f6st\u0259rir.\n<\/p>\n<p>\n  Tarix\u0259 n\u0259z\u0259r salsaq, Kr\u0131m torpa\u011f\u0131 t\u00fcrkl\u0259rin olub. Stalin o vaxt bu torpa\u011f\u0131n m\u0259n\u0259vi\u00a0 v\u0259 fiziki sahibi olan on minl\u0259rl\u0259 tatar\u0131 q\u0259tl\u0259 yetirib. Daha sonra tarixi kitablar\u0131 t\u0259hrif edib, bu torpaqlar\u0131n insan yaranmam\u0131\u015fdan da qabaq, ruslar \u00fc\u00e7\u00fcn yarad\u0131ld\u0131\u011f\u0131 mill\u0259t\u0259 a\u015f\u0131lan\u0131b. \u201cBir mill\u0259ti yox etm\u0259k ist\u0259yirs\u0259ns\u0259, dilini m\u0259hv et\u201d prinsipi il\u0259, art\u0131q tatarlar Kr\u0131mda m\u0259hv olmu\u015f durumdad\u0131rlar. Bir aydan \u00e7ox qald\u0131m burda, tatarlar aras\u0131nda c\u0259mi bir d\u0259f\u0259 \u00f6z dilind\u0259 dan\u0131\u015fan adam g\u00f6rm\u00fc\u015f\u0259m. O, da \u00e7ox ya\u015fl\u0131 bir ki\u015fi idi. O, dak\u0131 \u00f6z h\u0259mya\u015f\u0131d\u0131 il\u0259 s\u00f6hb\u0259t edirdi.\n<\/p>\n<p>\n  Tatarlar \u0259m\u0259lli-ba\u015fl\u0131 rusla\u015f\u0131blar. Ramazan bayram\u0131nda tatar m\u0259scidin\u0259 getmi\u015fdik. \u0130mam x\u00fctb\u0259 zaman\u0131 a\u00e7\u0131q \u015f\u0259kild\u0259 Kr\u0131m\u0131n Rusiya t\u0259r\u0259find\u0259n i\u015f\u011fal edilm\u0259sid\u0259 bir ba\u015fa tatarlar\u0131 q\u0131nad\u0131. Onlara dinini, dilini v\u0259 d\u0259y\u0259rl\u0259rini itirdikl\u0259rini s\u00f6yl\u0259di. Bel\u0259 a\u011f\u0131r v\u0259ziyy\u0259td\u0259 bu prosesin t\u0259bii oldu\u011funu qeyd edib, \u00f6z h\u0259myerlil\u0259rini t\u0259nqid el\u0259di. Amma n\u0259 faydas\u0131?! \u00a0Kr\u0131mda b\u00f6y\u00fck bir imperiya xofu c\u00fcc\u0259rir v\u0259 intensiv \u015f\u0259kild\u0259 boy at\u0131r. He\u00e7 bir naraz\u0131 insan a\u00e7\u0131q \u015f\u0259kild\u0259 irad\u0131n\u0131 bildir\u0259 bilm\u0259z. H\u0259tta h\u0259r ay Simferopolda ke\u00e7iril\u0259n tatarlar\u0131n qanuni aksiyalar\u0131na da qada\u011fa qoyulub.\n<\/p>\n<p>\n  Halbuki, Ukrayna h\u00f6k\u00fcm\u0259ti bunun \u00fc\u00e7\u00fcn \u00e7ox yax\u015f\u0131 \u015f\u0259rait yaratm\u0131\u015fd\u0131. Rusiya bunun \u0259v\u0259zind\u0259 \u00f6z saxta tolerantl\u0131\u011f\u0131 il\u0259 Kr\u0131mda Ramazan bayram\u0131n\u0131 r\u0259smi bayram elan edib. Art\u0131q \u00fc\u00e7 aydan \u00e7oxdur Kr\u0131m Rusiyan\u0131n \u0259sar\u0259tin\u0259 ke\u00e7ib. \u0130qtisadi sanksiyalar yar\u0131madan\u0131 \u00e7ox pis v\u0259ziyy\u0259t\u0259 sal\u0131b. insan \u00fc\u00e7\u00fcn \u0259n \u00f6n\u0259mli \u0259rzaqlar\u0131n qiym\u0259tl\u0259ri od tutub yan\u0131r. H\u0259r \u015fey bahala\u015f\u0131b. Art\u0131q kriminal\u0131n s\u0259viyy\u0259si d\u0259 art\u0131b. Kr\u0131m\u0131n c\u0259nub, d\u0259niz k\u0259nar\u0131 zonalar\u0131nda \u0259razi davalar\u0131 ba\u015flay\u0131b. Kimin pulu \u00e7oxdursa, korrupsiya il\u0259 h\u0259min \u0259razil\u0259r\u0259 yiy\u0259l\u0259nir. Burda ill\u0259rdir ya\u015fayan yerlil\u0259rimiz var ki, 3 ayda d\u0259f\u0259l\u0259rl\u0259 pasportlar\u0131 yoxlan\u0131b. Onlar deyirki, Kr\u0131m Ukraynan\u0131n olanda onlardan bir d\u0259f\u0259 d\u0259 olsun ciddi \u015f\u0259kild\u0259 pasport \u00a0t\u0259l\u0259b olunmay\u0131b , yoxlan\u0131lmay\u0131b. M\u00fcst\u0259qil analitikl\u0259r qeyd edirl\u0259r ki, v\u0259ziyy\u0259t daha da pis\u0259 do\u011fru gedir.\n<\/p>\n<p>\n  Kimin a\u011fz\u0131 a\u00e7\u0131l\u0131rsa, kas\u0131b\u00e7\u0131l\u0131qdan \u015fikay\u0259t edir. A\u00e7\u0131q dem\u0259k laz\u0131md\u0131r ki, Kr\u0131m Ukraynan\u0131n olanda Yanukovi\u00e7 h\u00f6k\u00fcm\u0259tinin oliqarxlar\u0131 Kr\u0131ma o q\u0259d\u0259r d\u0259 yax\u015f\u0131 baxm\u0131rd\u0131lar. Amma indiki v\u0259ziyy\u0259t daha b\u0259rbadd\u0131r. M\u0259n \u00f6mr\u00fcmd\u0259 bu q\u0259d\u0259r v\u0259t\u0259n\u015f\u00fcv\u0259ni, psevdopatriotu bir arada g\u00f6rm\u0259dim. Ham\u0131n\u0131n a\u011fz\u0131nda bir t\u0259s\u0259lli var. \u201c\u0130ki ild\u0259n sonra Kr\u0131m\u0131 tan\u0131maq olmayacaq. Bura \u00e7ox g\u00f6z\u0259l olacaq\u201d. Mill\u0259t\u0259 faktlarla Putinin nec\u0259 korrupsioner v\u0259 irtica\u00e7\u0131 oldu\u011funu ba\u015fa sal\u0131rsan, az qalirlar, s\u0259ni d\u00f6ys\u00fcnl\u0259r.\n<\/p>\n<p>\n  \u0130lahi, insan bu q\u0259d\u0259r d\u0259 prezidentin\u0259 vur\u011fun olar?! He\u00e7 \u0130randa bu q\u0259d\u0259r antiamerika, antiq\u0259rb ab-havas\u0131 yoxdur. Kim a\u011fz\u0131n\u0131 a\u00e7\u0131rsa, Amerikan\u0131 s\u00f6y\u00fcr. Bir d\u0259f\u0259 masajistim\u0259 Putinin Rusiyan\u0131 n\u0259 g\u00fcn\u0259 qoydu\u011funu s\u00f6yl\u0259dim. Qad\u0131n az qald\u0131 k\u00fcr\u0259yim\u0259 t\u0259pik vursun. Dedi: \u201cOtur yerind\u0259. Onunla i\u015fin olmas\u0131n. Onun Rusiyada siyasi r\u0259qibi yoxdur\u201d.\n<\/p>\n<p>\n  Yaltada bir restorana girmi\u015fdim. Hal\u0131m he\u00e7 yax\u015f\u0131 deyildi. Sakid\u0259n ora 3-4 saata g\u0259lmi\u015fdik ma\u015f\u0131nla. Yol yor\u011funlu\u011fu, istid\u0259n yaranm\u0131\u015f q\u0131zd\u0131rma, t\u0259zyiqimin a\u015fa\u011f\u0131 d\u00fc\u015fm\u0259si m\u0259ni b\u0259rk narahat edirdi. Barmen\u0259 \u00f6z hal\u0131m\u0131 deyib, buralarda, harda uzana bil\u0259c\u0259k yer tapa bil\u0259r\u0259m dey\u0259 sordum. O yan\u0131mdan ayr\u0131ld\u0131, bir az sonra qay\u0131d\u0131b,m\u0259nd\u0259n matrasda uzan\u0131b-uzana bilm\u0259y\u0259c\u0259yimi soru\u015fdu. Raz\u0131la\u015fd\u0131m. \u0130\u00e7kil\u0259rl\u0259 dolu otaqda, \u00e7ox yax\u015f\u0131 yer haz\u0131rlad\u0131. Uzand\u0131m, dinc\u0259ldim v\u0259 \u00e7ox yax\u015f\u0131 oldum. Barmend\u0259n milliy\u0259tin soru\u015fanda, erm\u0259ni oldu\u011funu dedi. Bizim d\u0259 az\u0259baycanl\u0131 oldu\u011fumuzu bilibmi\u015f \u0259vv\u0259ld\u0259n. Ona bu yax\u015f\u0131l\u011f\u0131n\u0131 he\u00e7 vaxt unutmayaca\u011f\u0131m\u0131 s\u00f6yl\u0259dim. O bunu etm\u0259y\u0259 d\u0259 bil\u0259rdi, \u00e7\u00fcnki m\u00fc\u015ft\u0259ril\u0259r \u00fc\u00e7\u00fcn el\u0259 xidm\u0259t yox idi o restoranda. O is\u0259 yaln\u0131z insanl\u0131q etdi.<br \/>\n  <br \/>\n  Kr\u0131mda dinc\u0259l\u0259n bir az\u0259rbaycanl\u0131 tan\u0131\u015f\u0131m var idi. He\u00e7 bir \u0259lilliyi yox idi. Bir d\u0259f\u0259 sanatoriyada olark\u0259n, \u0259lil arabas\u0131nda oturan v\u0259 tuman-\u015falvar\u0131n\u0131 geyinm\u0259kd\u0259 \u00e7\u0259tinlik \u00e7\u0259k\u0259n birin\u0259 k\u00f6m\u0259klik etmi\u015fdi. \u018fng\u0259lli insan \u00e7ox minn\u0259tdarl\u0131q bildirmi\u015fdi h\u0259myerlimiz\u0259. Sonra onun Qaraba\u011f m\u00fcharib\u0259sind\u0259 \u0259lil olmu\u015f, erm\u0259ni oldu\u011funu bilib, Qaraba\u011fda n\u0259 q\u0259d\u0259r az\u0259rbaycanl\u0131 \u00f6ld\u00fcrd\u00fcy\u00fcn\u00fc soru\u015fmu\u015fdu. Erm\u0259ni bu suala cavab ver\u0259 bilm\u0259yib, h\u00f6nk\u00fcr-h\u00f6nk\u00fcr a\u011flam\u0131\u015fd\u0131.\n<\/p>\n<p>\n  B\u0259li, taleyin ironiyas\u0131 budur. Bir-birin\u0259 d\u00fc\u015fm\u0259n iki \u00f6lk\u0259nin insanlar\u0131n\u0131n bir-birin\u0259 insanl\u0131q etm\u0259si. \u018fslind\u0259, s\u0259hvim var bu c\u00fcml\u0259d\u0259. \u201cBir-birin\u0259 d\u00fc\u015fm\u0259n edil\u0259n insanlar\u201d dem\u0259li idim. G\u00fcnah kimd\u0259dir? Qafqaz\u0131 n\u0259zar\u0259td\u0259 saxlamaq \u00fc\u00e7\u00fcn, torpaqlar\u0131m\u0131z\u0131 erm\u0259nil\u0259r vasit\u0259si il\u0259 i\u015f\u011fal ed\u0259n Rusiya imperiyas\u0131nda. Bu imperiya olmasayd\u0131, bizim bel\u0259 sonsuz probl\u0259mrimiz olmayacaqd\u0131 v\u0259 biz erm\u0259nil\u0259rl\u0259 d\u00fc\u015fm\u0259n kimi ya\u015famayacaqd\u0131q. Anlay\u0131n bunu!\n<\/p>\n<p>\n  Ax\u015fam g\u0259zintid\u0259 \u0259lind\u0259 alkoqollu i\u00e7ki olmayan insan g\u00f6rm\u0259zsiniz b\u0259lk\u0259 d\u0259. Gec\u0259 tan\u0131\u015flarla s\u00f6hb\u0259t ed\u0259rk\u0259n \u201csiqaret\u201d dil\u0259n\u00e7il\u0259ri 40 d\u0259f\u0259 yax\u0131nla\u015f\u0131rlar adama. Ya siqaret ist\u0259yirl\u0259r ya da i\u00e7ki \u00fc\u00e7\u00fcn pul. B\u0259zi m\u0259rk\u0259zi yerl\u0259rd\u0259 infrastruktur o q\u0259d\u0259r d\u0259 yax\u015f\u0131 deyil. \u018flil arabas\u0131 il\u0259 oralardan ke\u00e7m\u0259k \u00e7ox \u00e7\u0259tindir. Art\u0131q iki d\u0259f\u0259 y\u0131x\u0131lm\u0131\u015fam o yerl\u0259rd\u0259. Bir d\u0259f\u0259 y\u0131x\u0131landa, b\u0259rkd\u0259n Rusiya h\u00f6k\u00fcm\u0259tini s\u00f6yd\u00fcm d\u0259.\n<\/p>\n<p>\n  B\u00fct\u00fcn g\u00fcn\u00fc i\u00e7ki i\u00e7\u0259n mill\u0259t n\u0259 t\u0259l\u0259b edir, n\u0259 d\u0259 irad. Onlardan zat\u0259n bu g\u00f6zl\u0259nilir. M\u0259rk\u0259zi kitabxanan\u0131n yan\u0131ndan he\u00e7 ke\u00e7\u0259n yoxdur. Kitab oxuyan adama c\u0259mi bir-iki d\u0259f\u0259 rast g\u0259lmi\u015f\u0259m. Eyni bizd\u0259ki kimi, mill\u0259t kitabdan qorxur.\n<\/p>\n<p>\n  M\u0259n h\u0259l\u0259 \u0259lil arbas\u0131ndak\u0131 insanlar\u0131 gec\u0259 vaxt\u0131 gizlinc\u0259, arxadan g\u0259lib, vurub arabadan y\u0131xaraq d\u00f6y\u00fcb, soyanlardan dan\u0131\u015fm\u0131ram. Bir tan\u0131\u015f\u0131m\u0131n ba\u015f\u0131na bel\u0259 bir hadis\u0259 g\u0259lmi\u015fdi. Onu yer\u0259 y\u0131xandan sonra, d\u00f6y\u0259n o\u011frulara demi\u015fdi ki, n\u0259 pul var g\u00f6t\u00fcr\u00fcn, he\u00e7 olmasa, can\u0131ma d\u0259ym\u0259yin. Onlar is\u0259 adam\u0131 dinl\u0259m\u0259mi\u015f, vurma\u011fa davam edib, g\u0259z\u0259 bilm\u0259y\u0259n adam\u0131 o ki, d\u00f6ym\u00fc\u015fd\u00fcl\u0259r.\n<\/p>\n<p>\n  \u00a0Buran\u0131n m\u00fcalic\u0259si, t\u0259bi\u0259ti v\u0259 q\u0131zlar\u0131 g\u00f6z\u0259ldir ancaq&#8230;\n<\/p>\n<p>\n  <b><br \/>\n    Yaz\u0131dak\u0131 fikirl\u0259r m\u00fc\u0259llif\u0259 m\u0259xsusdur v\u0259 onlara g\u00f6r\u0259 Meydan TV m\u0259suliyy\u0259t da\u015f\u0131m\u0131r.<br \/>\n  <\/b><\/p>\n","protected":false},"excerpt":{"rendered":"<p>M\u0259n\u0259 k\u00f6m\u0259k ed\u0259n erm\u0259ni barmen&#8230;<\/p>\n","protected":false},"author":11,"featured_media":14486,"comment_status":"closed","ping_status":"open","sticky":false,"template":"","format":"standard","meta":{"_acf_changed":false,"_sitemap_exclude":false,"_sitemap_priority":"","_sitemap_frequency":"","footnotes":""},"categories":[57],"tags":[],"class_list":["post-165377","post","type-post","status-publish","format-standard","has-post-thumbnail","hentry","category-menim-fikrimce","infinite-scroll-item","generate-columns","tablet-grid-50","mobile-grid-100","grid-parent","grid-33","no-featured-image-padding"],"acf":[],"yoast_head":"<!-- This site is optimized with the Yoast SEO plugin v27.4 - https:\/\/yoast.com\/product\/yoast-seo-wordpress\/ -->\n<title>Ukraynadan sonrak\u0131 Kr\u0131m... - MEYDAN.TV<\/title>\n<meta name=\"robots\" content=\"index, follow, max-snippet:-1, max-image-preview:large, max-video-preview:-1\" \/>\n<link rel=\"canonical\" href=\"https:\/\/www.meydan.tv\/az\/article\/ukraynadan-sonraki-krim\/\" \/>\n<meta property=\"og:locale\" content=\"az_AZ\" \/>\n<meta property=\"og:type\" content=\"article\" \/>\n<meta property=\"og:title\" content=\"Ukraynadan sonrak\u0131 Kr\u0131m... - MEYDAN.TV\" \/>\n<meta property=\"og:description\" content=\"M\u0259n\u0259 k\u00f6m\u0259k ed\u0259n erm\u0259ni barmen...\" \/>\n<meta property=\"og:url\" content=\"https:\/\/www.meydan.tv\/az\/article\/ukraynadan-sonraki-krim\/\" \/>\n<meta property=\"og:site_name\" content=\"MEYDAN.TV\" \/>\n<meta property=\"article:published_time\" content=\"2014-09-24T19:48:11+00:00\" \/>\n<meta property=\"og:image\" content=\"https:\/\/www.meydan.tv\/wp-content\/uploads\/5042.jpg\" \/>\n\t<meta property=\"og:image:width\" content=\"500\" \/>\n\t<meta property=\"og:image:height\" content=\"500\" \/>\n\t<meta property=\"og:image:type\" content=\"image\/jpeg\" \/>\n<meta name=\"author\" content=\"user-manager\" \/>\n<meta name=\"twitter:card\" content=\"summary_large_image\" \/>\n<script type=\"application\/ld+json\" class=\"yoast-schema-graph\">{\"@context\":\"https:\\\/\\\/schema.org\",\"@graph\":[{\"@type\":\"Article\",\"@id\":\"https:\\\/\\\/www.meydan.tv\\\/az\\\/article\\\/ukraynadan-sonraki-krim\\\/#article\",\"isPartOf\":{\"@id\":\"https:\\\/\\\/www.meydan.tv\\\/az\\\/article\\\/ukraynadan-sonraki-krim\\\/\"},\"author\":{\"name\":\"user-manager\",\"@id\":\"https:\\\/\\\/www.meydan.tv\\\/az\\\/#\\\/schema\\\/person\\\/10d11eccf6da3662cf5fdab9806ea91a\"},\"headline\":\"Ukraynadan sonrak\u0131 Kr\u0131m&#8230;\",\"datePublished\":\"2014-09-24T19:48:11+00:00\",\"mainEntityOfPage\":{\"@id\":\"https:\\\/\\\/www.meydan.tv\\\/az\\\/article\\\/ukraynadan-sonraki-krim\\\/\"},\"wordCount\":1799,\"publisher\":{\"@id\":\"https:\\\/\\\/www.meydan.tv\\\/az\\\/#organization\"},\"image\":{\"@id\":\"https:\\\/\\\/www.meydan.tv\\\/az\\\/article\\\/ukraynadan-sonraki-krim\\\/#primaryimage\"},\"thumbnailUrl\":\"https:\\\/\\\/www.meydan.tv\\\/wp-content\\\/uploads\\\/5042.jpg\",\"articleSection\":[\"M\u0259nim Fikrimc\u0259\"],\"inLanguage\":\"az\"},{\"@type\":\"WebPage\",\"@id\":\"https:\\\/\\\/www.meydan.tv\\\/az\\\/article\\\/ukraynadan-sonraki-krim\\\/\",\"url\":\"https:\\\/\\\/www.meydan.tv\\\/az\\\/article\\\/ukraynadan-sonraki-krim\\\/\",\"name\":\"Ukraynadan sonrak\u0131 Kr\u0131m... - MEYDAN.TV\",\"isPartOf\":{\"@id\":\"https:\\\/\\\/www.meydan.tv\\\/az\\\/#website\"},\"primaryImageOfPage\":{\"@id\":\"https:\\\/\\\/www.meydan.tv\\\/az\\\/article\\\/ukraynadan-sonraki-krim\\\/#primaryimage\"},\"image\":{\"@id\":\"https:\\\/\\\/www.meydan.tv\\\/az\\\/article\\\/ukraynadan-sonraki-krim\\\/#primaryimage\"},\"thumbnailUrl\":\"https:\\\/\\\/www.meydan.tv\\\/wp-content\\\/uploads\\\/5042.jpg\",\"datePublished\":\"2014-09-24T19:48:11+00:00\",\"breadcrumb\":{\"@id\":\"https:\\\/\\\/www.meydan.tv\\\/az\\\/article\\\/ukraynadan-sonraki-krim\\\/#breadcrumb\"},\"inLanguage\":\"az\",\"potentialAction\":[{\"@type\":\"ReadAction\",\"target\":[\"https:\\\/\\\/www.meydan.tv\\\/az\\\/article\\\/ukraynadan-sonraki-krim\\\/\"]}]},{\"@type\":\"ImageObject\",\"inLanguage\":\"az\",\"@id\":\"https:\\\/\\\/www.meydan.tv\\\/az\\\/article\\\/ukraynadan-sonraki-krim\\\/#primaryimage\",\"url\":\"https:\\\/\\\/www.meydan.tv\\\/wp-content\\\/uploads\\\/5042.jpg\",\"contentUrl\":\"https:\\\/\\\/www.meydan.tv\\\/wp-content\\\/uploads\\\/5042.jpg\",\"width\":500,\"height\":500,\"caption\":\"Source:\"},{\"@type\":\"BreadcrumbList\",\"@id\":\"https:\\\/\\\/www.meydan.tv\\\/az\\\/article\\\/ukraynadan-sonraki-krim\\\/#breadcrumb\",\"itemListElement\":[{\"@type\":\"ListItem\",\"position\":1,\"name\":\"Ana s\u0259hif\u0259\",\"item\":\"https:\\\/\\\/www.meydan.tv\\\/az\\\/\"},{\"@type\":\"ListItem\",\"position\":2,\"name\":\"M\u0259nim Fikrimc\u0259\",\"item\":\"https:\\\/\\\/www.meydan.tv\\\/az\\\/section\\\/menim-fikrimce\\\/\"},{\"@type\":\"ListItem\",\"position\":3,\"name\":\"Ukraynadan sonrak\u0131 Kr\u0131m&#8230;\"}]},{\"@type\":\"WebSite\",\"@id\":\"https:\\\/\\\/www.meydan.tv\\\/az\\\/#website\",\"url\":\"https:\\\/\\\/www.meydan.tv\\\/az\\\/\",\"name\":\"MEYDAN.TV\",\"description\":\"Meydan TV Az\u0259rbaycan\u0131n media m\u0259kan\u0131ndak\u0131 alternativ s\u0259sidir\",\"publisher\":{\"@id\":\"https:\\\/\\\/www.meydan.tv\\\/az\\\/#organization\"},\"potentialAction\":[{\"@type\":\"SearchAction\",\"target\":{\"@type\":\"EntryPoint\",\"urlTemplate\":\"https:\\\/\\\/www.meydan.tv\\\/az\\\/?s={search_term_string}\"},\"query-input\":{\"@type\":\"PropertyValueSpecification\",\"valueRequired\":true,\"valueName\":\"search_term_string\"}}],\"inLanguage\":\"az\"},{\"@type\":\"Organization\",\"@id\":\"https:\\\/\\\/www.meydan.tv\\\/az\\\/#organization\",\"name\":\"Meydan TV\",\"url\":\"https:\\\/\\\/www.meydan.tv\\\/az\\\/\",\"logo\":{\"@type\":\"ImageObject\",\"inLanguage\":\"az\",\"@id\":\"https:\\\/\\\/www.meydan.tv\\\/az\\\/#\\\/schema\\\/logo\\\/image\\\/\",\"url\":\"https:\\\/\\\/www.meydan.tv\\\/wp-content\\\/uploads\\\/2021\\\/07\\\/meydan-logo.svg\",\"contentUrl\":\"https:\\\/\\\/www.meydan.tv\\\/wp-content\\\/uploads\\\/2021\\\/07\\\/meydan-logo.svg\",\"width\":195,\"height\":46,\"caption\":\"Meydan TV\"},\"image\":{\"@id\":\"https:\\\/\\\/www.meydan.tv\\\/az\\\/#\\\/schema\\\/logo\\\/image\\\/\"}},{\"@type\":\"Person\",\"@id\":\"https:\\\/\\\/www.meydan.tv\\\/az\\\/#\\\/schema\\\/person\\\/10d11eccf6da3662cf5fdab9806ea91a\",\"name\":\"user-manager\"}]}<\/script>\n<!-- \/ Yoast SEO plugin. -->","yoast_head_json":{"title":"Ukraynadan sonrak\u0131 Kr\u0131m... - MEYDAN.TV","robots":{"index":"index","follow":"follow","max-snippet":"max-snippet:-1","max-image-preview":"max-image-preview:large","max-video-preview":"max-video-preview:-1"},"canonical":"https:\/\/www.meydan.tv\/az\/article\/ukraynadan-sonraki-krim\/","og_locale":"az_AZ","og_type":"article","og_title":"Ukraynadan sonrak\u0131 Kr\u0131m... - MEYDAN.TV","og_description":"M\u0259n\u0259 k\u00f6m\u0259k ed\u0259n erm\u0259ni barmen...","og_url":"https:\/\/www.meydan.tv\/az\/article\/ukraynadan-sonraki-krim\/","og_site_name":"MEYDAN.TV","article_published_time":"2014-09-24T19:48:11+00:00","og_image":[{"width":500,"height":500,"url":"https:\/\/www.meydan.tv\/wp-content\/uploads\/5042.jpg","type":"image\/jpeg"}],"author":"user-manager","twitter_card":"summary_large_image","schema":{"@context":"https:\/\/schema.org","@graph":[{"@type":"Article","@id":"https:\/\/www.meydan.tv\/az\/article\/ukraynadan-sonraki-krim\/#article","isPartOf":{"@id":"https:\/\/www.meydan.tv\/az\/article\/ukraynadan-sonraki-krim\/"},"author":{"name":"user-manager","@id":"https:\/\/www.meydan.tv\/az\/#\/schema\/person\/10d11eccf6da3662cf5fdab9806ea91a"},"headline":"Ukraynadan sonrak\u0131 Kr\u0131m&#8230;","datePublished":"2014-09-24T19:48:11+00:00","mainEntityOfPage":{"@id":"https:\/\/www.meydan.tv\/az\/article\/ukraynadan-sonraki-krim\/"},"wordCount":1799,"publisher":{"@id":"https:\/\/www.meydan.tv\/az\/#organization"},"image":{"@id":"https:\/\/www.meydan.tv\/az\/article\/ukraynadan-sonraki-krim\/#primaryimage"},"thumbnailUrl":"https:\/\/www.meydan.tv\/wp-content\/uploads\/5042.jpg","articleSection":["M\u0259nim Fikrimc\u0259"],"inLanguage":"az"},{"@type":"WebPage","@id":"https:\/\/www.meydan.tv\/az\/article\/ukraynadan-sonraki-krim\/","url":"https:\/\/www.meydan.tv\/az\/article\/ukraynadan-sonraki-krim\/","name":"Ukraynadan sonrak\u0131 Kr\u0131m... - MEYDAN.TV","isPartOf":{"@id":"https:\/\/www.meydan.tv\/az\/#website"},"primaryImageOfPage":{"@id":"https:\/\/www.meydan.tv\/az\/article\/ukraynadan-sonraki-krim\/#primaryimage"},"image":{"@id":"https:\/\/www.meydan.tv\/az\/article\/ukraynadan-sonraki-krim\/#primaryimage"},"thumbnailUrl":"https:\/\/www.meydan.tv\/wp-content\/uploads\/5042.jpg","datePublished":"2014-09-24T19:48:11+00:00","breadcrumb":{"@id":"https:\/\/www.meydan.tv\/az\/article\/ukraynadan-sonraki-krim\/#breadcrumb"},"inLanguage":"az","potentialAction":[{"@type":"ReadAction","target":["https:\/\/www.meydan.tv\/az\/article\/ukraynadan-sonraki-krim\/"]}]},{"@type":"ImageObject","inLanguage":"az","@id":"https:\/\/www.meydan.tv\/az\/article\/ukraynadan-sonraki-krim\/#primaryimage","url":"https:\/\/www.meydan.tv\/wp-content\/uploads\/5042.jpg","contentUrl":"https:\/\/www.meydan.tv\/wp-content\/uploads\/5042.jpg","width":500,"height":500,"caption":"Source:"},{"@type":"BreadcrumbList","@id":"https:\/\/www.meydan.tv\/az\/article\/ukraynadan-sonraki-krim\/#breadcrumb","itemListElement":[{"@type":"ListItem","position":1,"name":"Ana s\u0259hif\u0259","item":"https:\/\/www.meydan.tv\/az\/"},{"@type":"ListItem","position":2,"name":"M\u0259nim Fikrimc\u0259","item":"https:\/\/www.meydan.tv\/az\/section\/menim-fikrimce\/"},{"@type":"ListItem","position":3,"name":"Ukraynadan sonrak\u0131 Kr\u0131m&#8230;"}]},{"@type":"WebSite","@id":"https:\/\/www.meydan.tv\/az\/#website","url":"https:\/\/www.meydan.tv\/az\/","name":"MEYDAN.TV","description":"Meydan TV Az\u0259rbaycan\u0131n media m\u0259kan\u0131ndak\u0131 alternativ s\u0259sidir","publisher":{"@id":"https:\/\/www.meydan.tv\/az\/#organization"},"potentialAction":[{"@type":"SearchAction","target":{"@type":"EntryPoint","urlTemplate":"https:\/\/www.meydan.tv\/az\/?s={search_term_string}"},"query-input":{"@type":"PropertyValueSpecification","valueRequired":true,"valueName":"search_term_string"}}],"inLanguage":"az"},{"@type":"Organization","@id":"https:\/\/www.meydan.tv\/az\/#organization","name":"Meydan TV","url":"https:\/\/www.meydan.tv\/az\/","logo":{"@type":"ImageObject","inLanguage":"az","@id":"https:\/\/www.meydan.tv\/az\/#\/schema\/logo\/image\/","url":"https:\/\/www.meydan.tv\/wp-content\/uploads\/2021\/07\/meydan-logo.svg","contentUrl":"https:\/\/www.meydan.tv\/wp-content\/uploads\/2021\/07\/meydan-logo.svg","width":195,"height":46,"caption":"Meydan TV"},"image":{"@id":"https:\/\/www.meydan.tv\/az\/#\/schema\/logo\/image\/"}},{"@type":"Person","@id":"https:\/\/www.meydan.tv\/az\/#\/schema\/person\/10d11eccf6da3662cf5fdab9806ea91a","name":"user-manager"}]}},"_links":{"self":[{"href":"https:\/\/www.meydan.tv\/az\/wp-json\/wp\/v2\/posts\/165377","targetHints":{"allow":["GET"]}}],"collection":[{"href":"https:\/\/www.meydan.tv\/az\/wp-json\/wp\/v2\/posts"}],"about":[{"href":"https:\/\/www.meydan.tv\/az\/wp-json\/wp\/v2\/types\/post"}],"author":[{"embeddable":true,"href":"https:\/\/www.meydan.tv\/az\/wp-json\/wp\/v2\/users\/11"}],"replies":[{"embeddable":true,"href":"https:\/\/www.meydan.tv\/az\/wp-json\/wp\/v2\/comments?post=165377"}],"version-history":[{"count":0,"href":"https:\/\/www.meydan.tv\/az\/wp-json\/wp\/v2\/posts\/165377\/revisions"}],"wp:featuredmedia":[{"embeddable":true,"href":"https:\/\/www.meydan.tv\/az\/wp-json\/wp\/v2\/media\/14486"}],"wp:attachment":[{"href":"https:\/\/www.meydan.tv\/az\/wp-json\/wp\/v2\/media?parent=165377"}],"wp:term":[{"taxonomy":"category","embeddable":true,"href":"https:\/\/www.meydan.tv\/az\/wp-json\/wp\/v2\/categories?post=165377"},{"taxonomy":"post_tag","embeddable":true,"href":"https:\/\/www.meydan.tv\/az\/wp-json\/wp\/v2\/tags?post=165377"}],"curies":[{"name":"wp","href":"https:\/\/api.w.org\/{rel}","templated":true}]}}