{"id":165365,"date":"2014-09-23T23:18:00","date_gmt":"2014-09-23T23:18:00","guid":{"rendered":"https:\/\/www.meydan.tv\/article\/pulu-soyenler\/"},"modified":"2014-09-23T23:18:00","modified_gmt":"2014-09-23T23:18:00","slug":"pulu-soyenler","status":"publish","type":"post","link":"https:\/\/www.meydan.tv\/az\/article\/pulu-soyenler\/","title":{"rendered":"Pulu s\u00f6y\u0259nl\u0259r&#8230;"},"content":{"rendered":"<figure class=\"wp-block-image size-large\">\n  <img decoding=\"async\" src=\"https:\/\/www.meydan.tv\/az\/14465\/\" alt=\"\" class=\"wp-image-14465\"\/><figcaption><\/figcaption><\/figure>\n<figure class=\"wp-block-image size-large\">\n  <img decoding=\"async\" src=\"https:\/\/www.meydan.tv\/az\/14468\/\" alt=\"\" class=\"wp-image-14468\"\/><figcaption><\/figcaption><\/figure>\n<p>\n  \u0130talyanlar deyirl\u0259r: \u201c\u0130nsan\u0131 kitablardan \u00e7ox ill\u0259r d\u0259yi\u015fdirir\u201d. Haql\u0131d\u0131rlar. B\u0259z\u0259n ill\u0259r h\u0259tta bir zamanlar oxudu\u011fumuz kitablar\u0131 da yenid\u0259n, \u00f6z\u00fc d\u0259 bu d\u0259f\u0259 tamam ba\u015fqa g\u00f6zl\u0259 oxuma\u011fa m\u0259cbur edir. D\u00fcn\u0259n heyranl\u0131qla oxudu\u011fumuz h\u0259r hans\u0131 \u0259s\u0259r sabah biz\u0259 baya\u011f\u0131 g\u00f6r\u00fcn\u0259 bil\u0259r. Bel\u0259 bir \u0259s\u0259ri s\u0259br edib sonad\u0259k oxudu\u011fumuza, heyran qald\u0131\u011f\u0131m\u0131za g\u00f6r\u0259 h\u0259tta \u00f6z\u00fcm\u00fcz\u0259 g\u00fcl\u0259 d\u0259 bil\u0259rik. Ya da n\u0259 vaxtsa oxuyub bir \u015fey anlamad\u0131\u011f\u0131m\u0131z h\u0259r hans\u0131 \u0259s\u0259ri ill\u0259r sonra yenid\u0259n oxuduqda qazand\u0131\u011f\u0131m\u0131z h\u0259yat t\u0259cr\u00fcb\u0259si onu biz\u0259 sevdir\u0259, d\u0259rind\u0259n d\u0259rk etdir\u0259 bil\u0259r.\n<\/p>\n<p>\n  Ona g\u00f6r\u0259 d\u0259 ill\u0259rin insanlar\u0131 kitablardan \u00e7ox d\u0259yi\u015fdirdiyin\u0259 \u0259sla \u015f\u00fcbh\u0259m yoxdur. Amma g\u0259l g\u00f6r ki, Az\u0259rbaycanda insanlar\u0131 ill\u0259rd\u0259n d\u0259, kitablardan da \u00e7ox d\u0259yi\u015fdir\u0259n ba\u015fqa bir q\u00fcvv\u0259 var. Bu \u2013 puldur.\n<\/p>\n<p>\n  Pulun g\u00fcc\u00fcn\u00fc inkar etm\u0259k \u00e7ox g\u00fclm\u0259lidir. \u00a0Pulun \u0259l \u00e7irki oldu\u011funu dey\u0259nl\u0259r aras\u0131nda s\u0259mimi olanlar\u0131 da y\u0259qin barmaqla saymaq m\u00fcmk\u00fcnd\u00fcr. Pula qar\u015f\u0131 ad\u0259t\u0259n o adamlar dan\u0131\u015f\u0131rlar ki, pulun qar\u015f\u0131s\u0131nda ilk n\u00f6vb\u0259d\u0259 onlar \u0259yilir, onlar s\u0131n\u0131rlar. Amerika filosoflar\u0131ndan birinin dediyi kimi: \u201c\u018fg\u0259r bir n\u0259f\u0259r &#8220;m\u0259nim \u00fc\u00e7\u00fcn pul m\u00fch\u00fcm deyil, prinsipl\u0259r m\u00fch\u00fcmd\u00fcr&#8221; deyirs\u0259, bilin ki, onun \u00fc\u00e7\u00fcn m\u00fch\u00fcm olan puldur\u201d.\n<\/p>\n<p>\n  Yax\u0131n tariximizd\u0259 bunu s\u00fcbut ed\u0259n kifay\u0259t q\u0259d\u0259r \u00f6rn\u0259kl\u0259r var. \u015eeirl\u0259rind\u0259 \u201cV\u0259t\u0259ni pul kimi cibin\u0259 d\u00fcrt\u0259nl\u0259r\u0259\u201d \u201c\u00fcsyan\u201d edib h\u0259yatda \u00f6vlad\u0131n\u0131 prokuror qoymaq, s\u0259fir g\u00f6nd\u0259rm\u0259k \u00fc\u00e7\u00fcn haqs\u0131zl\u0131\u011fa susan, z\u00fclm\u00fc m\u0259dh ed\u0259n xalqs\u0131z xalq \u015fairi d\u0259 g\u00f6rd\u00fck, \u201cazadl\u0131q\u201d, \u201cdemokratiya\u201d, \u201c\u0259dal\u0259t\u201d deyib yeri-g\u00f6y\u00fc inl\u0259tdikd\u0259n sonra gedib K\u0259mal\u0259ddin Heyd\u0259rovdan 20 min manat al\u0131b ona t\u0259\u015f\u0259kk\u00fcr ed\u0259n m\u00fc\u011f\u0259nni-m\u00fcxalif\u0259t\u00e7i d\u0259. Bir s\u00f6zl\u0259, ehtiyac n\u0259 q\u0259d\u0259r q\u0259hr\u0259man\u0131 qul el\u0259di.\n<\/p>\n<p>\n  Yaranm\u0131\u015f bu situasiyada pulu s\u00f6ym\u0259k yersizdir. \u018fksin\u0259, buna g\u00f6r\u0259 pula h\u0259tta t\u0259\u015f\u0259kk\u00fcr etm\u0259k laz\u0131md\u0131r. O, son ill\u0259rin Az\u0259rbaycan\u0131nda \u00e7oxlar\u0131n\u0131 \u00f6z t\u0259bii hal\u0131na qaytard\u0131. Bir t\u0259r\u0259find\u0259 pul artd\u0131qca, g\u00f6z qama\u015fd\u0131rma\u011fa ba\u015flad\u0131qca dig\u0259r t\u0259r\u0259fd\u0259 \u00e7oxlar\u0131 \u00f6z\u00fc olma\u011fa, \u201cazadl\u0131q\u201d, \u201cdemokratiya\u201d, \u201ch\u00fcquq\u201d, \u201cl\u0259yaq\u0259t\u201d anlay\u0131\u015flar\u0131n\u0131 valyuta il\u0259 ifad\u0259 etm\u0259y\u0259 ba\u015flad\u0131. D\u0259y\u0259rl\u0259r d\u0259y\u0259rsizl\u0259\u015fdi.\u00a0 D\u0259y\u0259rsizlikl\u0259r komfort h\u0259yat v\u0259 y\u00fcks\u0259k karyera m\u0259nb\u0259yin\u0259 \u00e7evrildi.\n<\/p>\n<p>\n  Bu is\u0259 he\u00e7 d\u0259 yaln\u0131z pulun g\u00fcc\u00fc deyil. Bu, daha \u00e7ox insan\u0131n g\u00fccs\u00fczl\u00fcy\u00fcd\u00fcr. \u0130nsan\u0131n \u00f6z\u00fcn\u00fc qul v\u0259 ya \u0259\u015fya kimi g\u00f6rm\u0259y\u0259 ba\u015flamas\u0131n\u0131n g\u00f6rs\u0259ni\u015fidir. Sat\u0131lan varsa, alan \u0259lb\u0259tt\u0259, olacaq. Buna pul neyl\u0259sin?! Pul, bir \u015e\u0259rq m\u00fcdrikinin t\u0259birinc\u0259 des\u0259k, s\u0259r\u00e7\u0259 kimi do\u011fulanlar\u0131n qartal kimi \u00f6lm\u0259sin\u0259 k\u00f6m\u0259k ed\u0259 bilm\u0259z ki?!\n<\/p>\n<p>\n  Az\u0259rbaycanda el\u0259 bir v\u0259ziyy\u0259t yarand\u0131 \u2013 daha d\u0259qiq des\u0259k, yarad\u0131ld\u0131 ki, o\u011furluq, talan, cibgirlik normaya \u00e7evrildi. Ba\u015fqalar\u0131n\u0131n cibin\u0259 girm\u0259k, qul haqq\u0131 yem\u0259k, m\u0259zlumun ah\u0131n\u0131 almaq f\u0259ras\u0259t g\u00f6st\u0259ricisi kimi q\u0259bul edildi. \u0130nsan\u0131n a\u011fl\u0131, ruhu, q\u0259lbi, bacar\u0131\u011f\u0131 imtina etdikl\u0259ri il\u0259 yox, \u0259ld\u0259 etdikl\u0259ri il\u0259 \u00f6l\u00e7\u00fclm\u0259y\u0259 ba\u015flad\u0131. R\u00fc\u015fv\u0259tin ad\u0131 \u201c\u015firinlik\u201d qoyuldu. \u201cBir tik\u0259 \u00e7\u00f6r\u0259k pulu\u201d b\u0259han\u0259si il\u0259 b\u00fct\u00fcn \u0259xlaqs\u0131zl\u0131qlar legitiml\u0259\u015fdirildi: se\u00e7ki qutusuna saxta b\u00fclleten tutmaqdan tutmu\u015f, \u00fcz\u0259duranl\u0131\u011fa, i\u015fver\u0259nliy\u0259d\u0259k. \u201cBir qar\u0131n \u00e7\u00f6r\u0259k pulu\u201d \u2013 bu indi Az\u0259rbaycanda az qala b\u00fct\u00fcn yaramazl\u0131qlar\u0131n vahid ad\u0131d\u0131r. Eyni sual: yax\u015f\u0131, b\u0259s indi buna pul neyl\u0259sin?!\n<\/p>\n<p>\n  B\u0259y\u0259m b\u0131\u00e7a\u011f\u0131n g\u00fcnah\u0131d\u0131rm\u0131 ki, o hans\u0131sa zal\u0131m\u0131n, cinay\u0259tkar\u0131n \u0259lind\u0259 ba\u015fqas\u0131n\u0131n \u00fcr\u0259yin\u0259 saplan\u0131r, ax\u0131 b\u0131\u00e7aq bir c\u0259rrah\u0131n \u0259lind\u0259 kimins\u0259 h\u0259yat\u0131n\u0131n xilaskar\u0131na da \u00e7evril\u0259 bilir. El\u0259 is\u0259 b\u0131\u00e7a\u011f\u0131, yoxsa onu tutan \u0259li q\u0131namal\u0131?\n<\/p>\n<p>\n  H\u0259qiq\u0259t d\u0259 q\u0259l\u0259ml\u0259 yaz\u0131l\u0131r, yalan da. El\u0259 is\u0259 q\u0259l\u0259mi, yoxsa onu tutan \u0259li g\u00fcnahland\u0131rmal\u0131?\n<\/p>\n<p>\n  Da\u015fla ba\u015f da yar\u0131rlar, da\u015fla ev d\u0259 tikirl\u0259r. El\u0259 is\u0259 da\u015f\u0131, yoxsa onu tutan \u0259li ittiham etm\u0259li?\n<\/p>\n<p>\n  Pulla ba\u011fl\u0131 da bel\u0259dir. O kimin \u00fc\u00e7\u00fcns\u0259 ba\u015fqalar\u0131n\u0131 \u0259zm\u0259k, al\u00e7altmaq, tabe etm\u0259k, \u00f6z pislikl\u0259rini yaymaq, h\u0259yata ke\u00e7irm\u0259k vasit\u0259sidir, ya da kimin \u00fc\u00e7\u00fcns\u0259 b\u00fct\u00fcn y\u00fcks\u0259k m\u0259n\u0259vi d\u0259y\u0259rl\u0259rd\u0259n yuxar\u0131dad\u0131r, h\u0259yat\u0131n ali m\u0259qs\u0259didirs\u0259, yen\u0259 h\u0259min sual: buna pul neyl\u0259sin? Bunda pulun g\u00fcnah\u0131 n\u0259dir? Ax\u0131 bir ba\u015fqas\u0131 da pulu yax\u015f\u0131 \u0259m\u0259ll\u0259r, xeyirxah niyy\u0259tl\u0259r, b\u0259\u015f\u0259ri ideallar \u00fc\u00e7\u00fcn vasit\u0259y\u0259 \u00e7evir\u0259 bilir. Pul da h\u0259yatda v\u0259 t\u0259bi\u0259td\u0259 var olan h\u0259r \u015feyl\u0259\u00a0 eyni d\u0259r\u0259c\u0259d\u0259 faydal\u0131, eyni d\u0259r\u0259c\u0259d\u0259 z\u0259r\u0259rlidir, sad\u0259c\u0259, bax\u0131r o kimin \u0259lind\u0259dir: ziyanvericinin, yoxsa xeyirxah\u0131n, Xeyirin, yoxsa \u015e\u0259rin, pisin, yoxsa yax\u015f\u0131n\u0131n?!\n<\/p>\n<p>\n  \u0130nsan v\u0259t\u0259nini se\u00e7m\u0259diyi kimi, pul da cibi se\u00e7mir. Onun K\u0259mal\u0259ddinin, Ziyan\u0131n cibind\u0259 olub, hans\u0131sa \u018fhm\u0259din, M\u0259mm\u0259din cibind\u0259 olmamaq kimi bir m\u0259qs\u0259di, yaxud se\u00e7imi yoxdur. \u018fg\u0259r indi Az\u0259rbaycanda bir ovuc adam \u00fc\u00e7\u00fcn pul konfet ka\u011f\u0131z\u0131na \u00e7evrilib, \u00e7oxluq \u00fc\u00e7\u00fcns\u0259 \u0259l\u00e7atmazda, \u00fcnyetm\u0259zd\u0259dirs\u0259, bunun s\u0259b\u0259bl\u0259ri m\u0259lumdur: quldarl\u0131q t\u0259f\u0259kk\u00fcr\u00fcn\u00fcn idar\u0259etm\u0259 normas\u0131na \u00e7evrilm\u0259si. \u015eah\u0131n qanun olmas\u0131. \u018fdal\u0259tsizliyin hakim rolunda \u00e7\u0131x\u0131\u015f etm\u0259si. V\u0259 b\u00fct\u00fcn bunlara qar\u015f\u0131 total bigan\u0259lik. K\u00fctl\u0259vi ita\u0259tkarl\u0131q.\n<\/p>\n<p>\n  Q\u0131sas\u0131, pulu ittiham ed\u0259nl\u0259r bu q\u0259z\u0259b v\u0259 nifr\u0259tl\u0259rinin mind\u0259 birini acg\u00f6z idar\u0259etm\u0259nin \u00f6z\u00fcn\u0259 qar\u015f\u0131 y\u00f6n\u0259lts\u0259ydil\u0259r, m\u0259nz\u0259r\u0259 y\u0259qin ki, indikind\u0259n qat-qat f\u0259rqli olard\u0131.\n<\/p>\n<p>\n  <b><br \/>\n    Yaz\u0131dak\u0131 fikirl\u0259r m\u00fc\u0259llif\u0259 m\u0259xsusdur v\u0259 onlara g\u00f6r\u0259 Meydan TV m\u0259suliyy\u0259t da\u015f\u0131m\u0131r.<br \/>\n  <\/b><\/p>\n","protected":false},"excerpt":{"rendered":"<p>\u018fg\u0259r indi Az\u0259rbaycanda bir ovuc adam \u00fc\u00e7\u00fcn&#8230;<\/p>\n","protected":false},"author":11,"featured_media":14465,"comment_status":"closed","ping_status":"open","sticky":false,"template":"","format":"standard","meta":{"_acf_changed":false,"_sitemap_exclude":false,"_sitemap_priority":"","_sitemap_frequency":"","footnotes":""},"categories":[57],"tags":[],"class_list":["post-165365","post","type-post","status-publish","format-standard","has-post-thumbnail","hentry","category-menim-fikrimce","infinite-scroll-item","generate-columns","tablet-grid-50","mobile-grid-100","grid-parent","grid-33","no-featured-image-padding"],"acf":[],"yoast_head":"<!-- This site is optimized with the Yoast SEO plugin v27.4 - https:\/\/yoast.com\/product\/yoast-seo-wordpress\/ -->\n<title>Pulu s\u00f6y\u0259nl\u0259r... - MEYDAN.TV<\/title>\n<meta name=\"robots\" content=\"index, follow, max-snippet:-1, max-image-preview:large, max-video-preview:-1\" \/>\n<link rel=\"canonical\" href=\"https:\/\/www.meydan.tv\/az\/article\/pulu-soyenler\/\" \/>\n<meta property=\"og:locale\" content=\"az_AZ\" \/>\n<meta property=\"og:type\" content=\"article\" \/>\n<meta property=\"og:title\" content=\"Pulu s\u00f6y\u0259nl\u0259r... - MEYDAN.TV\" \/>\n<meta property=\"og:description\" content=\"\u018fg\u0259r indi Az\u0259rbaycanda bir ovuc adam \u00fc\u00e7\u00fcn...\" \/>\n<meta property=\"og:url\" content=\"https:\/\/www.meydan.tv\/az\/article\/pulu-soyenler\/\" \/>\n<meta property=\"og:site_name\" content=\"MEYDAN.TV\" \/>\n<meta property=\"article:published_time\" content=\"2014-09-23T23:18:00+00:00\" \/>\n<meta property=\"og:image\" content=\"https:\/\/www.meydan.tv\/wp-content\/uploads\/5024.jpg\" \/>\n\t<meta property=\"og:image:width\" content=\"500\" \/>\n\t<meta property=\"og:image:height\" content=\"500\" \/>\n\t<meta property=\"og:image:type\" content=\"image\/jpeg\" \/>\n<meta name=\"author\" content=\"user-manager\" \/>\n<meta name=\"twitter:card\" content=\"summary_large_image\" \/>\n<script type=\"application\/ld+json\" class=\"yoast-schema-graph\">{\"@context\":\"https:\\\/\\\/schema.org\",\"@graph\":[{\"@type\":\"Article\",\"@id\":\"https:\\\/\\\/www.meydan.tv\\\/az\\\/article\\\/pulu-soyenler\\\/#article\",\"isPartOf\":{\"@id\":\"https:\\\/\\\/www.meydan.tv\\\/az\\\/article\\\/pulu-soyenler\\\/\"},\"author\":{\"name\":\"user-manager\",\"@id\":\"https:\\\/\\\/www.meydan.tv\\\/az\\\/#\\\/schema\\\/person\\\/10d11eccf6da3662cf5fdab9806ea91a\"},\"headline\":\"Pulu s\u00f6y\u0259nl\u0259r&#8230;\",\"datePublished\":\"2014-09-23T23:18:00+00:00\",\"mainEntityOfPage\":{\"@id\":\"https:\\\/\\\/www.meydan.tv\\\/az\\\/article\\\/pulu-soyenler\\\/\"},\"wordCount\":1122,\"publisher\":{\"@id\":\"https:\\\/\\\/www.meydan.tv\\\/az\\\/#organization\"},\"image\":{\"@id\":\"https:\\\/\\\/www.meydan.tv\\\/az\\\/article\\\/pulu-soyenler\\\/#primaryimage\"},\"thumbnailUrl\":\"https:\\\/\\\/www.meydan.tv\\\/wp-content\\\/uploads\\\/5024.jpg\",\"articleSection\":[\"M\u0259nim Fikrimc\u0259\"],\"inLanguage\":\"az\"},{\"@type\":\"WebPage\",\"@id\":\"https:\\\/\\\/www.meydan.tv\\\/az\\\/article\\\/pulu-soyenler\\\/\",\"url\":\"https:\\\/\\\/www.meydan.tv\\\/az\\\/article\\\/pulu-soyenler\\\/\",\"name\":\"Pulu s\u00f6y\u0259nl\u0259r... - MEYDAN.TV\",\"isPartOf\":{\"@id\":\"https:\\\/\\\/www.meydan.tv\\\/az\\\/#website\"},\"primaryImageOfPage\":{\"@id\":\"https:\\\/\\\/www.meydan.tv\\\/az\\\/article\\\/pulu-soyenler\\\/#primaryimage\"},\"image\":{\"@id\":\"https:\\\/\\\/www.meydan.tv\\\/az\\\/article\\\/pulu-soyenler\\\/#primaryimage\"},\"thumbnailUrl\":\"https:\\\/\\\/www.meydan.tv\\\/wp-content\\\/uploads\\\/5024.jpg\",\"datePublished\":\"2014-09-23T23:18:00+00:00\",\"breadcrumb\":{\"@id\":\"https:\\\/\\\/www.meydan.tv\\\/az\\\/article\\\/pulu-soyenler\\\/#breadcrumb\"},\"inLanguage\":\"az\",\"potentialAction\":[{\"@type\":\"ReadAction\",\"target\":[\"https:\\\/\\\/www.meydan.tv\\\/az\\\/article\\\/pulu-soyenler\\\/\"]}]},{\"@type\":\"ImageObject\",\"inLanguage\":\"az\",\"@id\":\"https:\\\/\\\/www.meydan.tv\\\/az\\\/article\\\/pulu-soyenler\\\/#primaryimage\",\"url\":\"https:\\\/\\\/www.meydan.tv\\\/wp-content\\\/uploads\\\/5024.jpg\",\"contentUrl\":\"https:\\\/\\\/www.meydan.tv\\\/wp-content\\\/uploads\\\/5024.jpg\",\"width\":500,\"height\":500,\"caption\":\"Source:\"},{\"@type\":\"BreadcrumbList\",\"@id\":\"https:\\\/\\\/www.meydan.tv\\\/az\\\/article\\\/pulu-soyenler\\\/#breadcrumb\",\"itemListElement\":[{\"@type\":\"ListItem\",\"position\":1,\"name\":\"Ana s\u0259hif\u0259\",\"item\":\"https:\\\/\\\/www.meydan.tv\\\/az\\\/\"},{\"@type\":\"ListItem\",\"position\":2,\"name\":\"M\u0259nim Fikrimc\u0259\",\"item\":\"https:\\\/\\\/www.meydan.tv\\\/az\\\/section\\\/menim-fikrimce\\\/\"},{\"@type\":\"ListItem\",\"position\":3,\"name\":\"Pulu s\u00f6y\u0259nl\u0259r&#8230;\"}]},{\"@type\":\"WebSite\",\"@id\":\"https:\\\/\\\/www.meydan.tv\\\/az\\\/#website\",\"url\":\"https:\\\/\\\/www.meydan.tv\\\/az\\\/\",\"name\":\"MEYDAN.TV\",\"description\":\"Meydan TV Az\u0259rbaycan\u0131n media m\u0259kan\u0131ndak\u0131 alternativ s\u0259sidir\",\"publisher\":{\"@id\":\"https:\\\/\\\/www.meydan.tv\\\/az\\\/#organization\"},\"potentialAction\":[{\"@type\":\"SearchAction\",\"target\":{\"@type\":\"EntryPoint\",\"urlTemplate\":\"https:\\\/\\\/www.meydan.tv\\\/az\\\/?s={search_term_string}\"},\"query-input\":{\"@type\":\"PropertyValueSpecification\",\"valueRequired\":true,\"valueName\":\"search_term_string\"}}],\"inLanguage\":\"az\"},{\"@type\":\"Organization\",\"@id\":\"https:\\\/\\\/www.meydan.tv\\\/az\\\/#organization\",\"name\":\"Meydan TV\",\"url\":\"https:\\\/\\\/www.meydan.tv\\\/az\\\/\",\"logo\":{\"@type\":\"ImageObject\",\"inLanguage\":\"az\",\"@id\":\"https:\\\/\\\/www.meydan.tv\\\/az\\\/#\\\/schema\\\/logo\\\/image\\\/\",\"url\":\"https:\\\/\\\/www.meydan.tv\\\/wp-content\\\/uploads\\\/2021\\\/07\\\/meydan-logo.svg\",\"contentUrl\":\"https:\\\/\\\/www.meydan.tv\\\/wp-content\\\/uploads\\\/2021\\\/07\\\/meydan-logo.svg\",\"width\":195,\"height\":46,\"caption\":\"Meydan TV\"},\"image\":{\"@id\":\"https:\\\/\\\/www.meydan.tv\\\/az\\\/#\\\/schema\\\/logo\\\/image\\\/\"}},{\"@type\":\"Person\",\"@id\":\"https:\\\/\\\/www.meydan.tv\\\/az\\\/#\\\/schema\\\/person\\\/10d11eccf6da3662cf5fdab9806ea91a\",\"name\":\"user-manager\"}]}<\/script>\n<!-- \/ Yoast SEO plugin. -->","yoast_head_json":{"title":"Pulu s\u00f6y\u0259nl\u0259r... - MEYDAN.TV","robots":{"index":"index","follow":"follow","max-snippet":"max-snippet:-1","max-image-preview":"max-image-preview:large","max-video-preview":"max-video-preview:-1"},"canonical":"https:\/\/www.meydan.tv\/az\/article\/pulu-soyenler\/","og_locale":"az_AZ","og_type":"article","og_title":"Pulu s\u00f6y\u0259nl\u0259r... - MEYDAN.TV","og_description":"\u018fg\u0259r indi Az\u0259rbaycanda bir ovuc adam \u00fc\u00e7\u00fcn...","og_url":"https:\/\/www.meydan.tv\/az\/article\/pulu-soyenler\/","og_site_name":"MEYDAN.TV","article_published_time":"2014-09-23T23:18:00+00:00","og_image":[{"width":500,"height":500,"url":"https:\/\/www.meydan.tv\/wp-content\/uploads\/5024.jpg","type":"image\/jpeg"}],"author":"user-manager","twitter_card":"summary_large_image","schema":{"@context":"https:\/\/schema.org","@graph":[{"@type":"Article","@id":"https:\/\/www.meydan.tv\/az\/article\/pulu-soyenler\/#article","isPartOf":{"@id":"https:\/\/www.meydan.tv\/az\/article\/pulu-soyenler\/"},"author":{"name":"user-manager","@id":"https:\/\/www.meydan.tv\/az\/#\/schema\/person\/10d11eccf6da3662cf5fdab9806ea91a"},"headline":"Pulu s\u00f6y\u0259nl\u0259r&#8230;","datePublished":"2014-09-23T23:18:00+00:00","mainEntityOfPage":{"@id":"https:\/\/www.meydan.tv\/az\/article\/pulu-soyenler\/"},"wordCount":1122,"publisher":{"@id":"https:\/\/www.meydan.tv\/az\/#organization"},"image":{"@id":"https:\/\/www.meydan.tv\/az\/article\/pulu-soyenler\/#primaryimage"},"thumbnailUrl":"https:\/\/www.meydan.tv\/wp-content\/uploads\/5024.jpg","articleSection":["M\u0259nim Fikrimc\u0259"],"inLanguage":"az"},{"@type":"WebPage","@id":"https:\/\/www.meydan.tv\/az\/article\/pulu-soyenler\/","url":"https:\/\/www.meydan.tv\/az\/article\/pulu-soyenler\/","name":"Pulu s\u00f6y\u0259nl\u0259r... - MEYDAN.TV","isPartOf":{"@id":"https:\/\/www.meydan.tv\/az\/#website"},"primaryImageOfPage":{"@id":"https:\/\/www.meydan.tv\/az\/article\/pulu-soyenler\/#primaryimage"},"image":{"@id":"https:\/\/www.meydan.tv\/az\/article\/pulu-soyenler\/#primaryimage"},"thumbnailUrl":"https:\/\/www.meydan.tv\/wp-content\/uploads\/5024.jpg","datePublished":"2014-09-23T23:18:00+00:00","breadcrumb":{"@id":"https:\/\/www.meydan.tv\/az\/article\/pulu-soyenler\/#breadcrumb"},"inLanguage":"az","potentialAction":[{"@type":"ReadAction","target":["https:\/\/www.meydan.tv\/az\/article\/pulu-soyenler\/"]}]},{"@type":"ImageObject","inLanguage":"az","@id":"https:\/\/www.meydan.tv\/az\/article\/pulu-soyenler\/#primaryimage","url":"https:\/\/www.meydan.tv\/wp-content\/uploads\/5024.jpg","contentUrl":"https:\/\/www.meydan.tv\/wp-content\/uploads\/5024.jpg","width":500,"height":500,"caption":"Source:"},{"@type":"BreadcrumbList","@id":"https:\/\/www.meydan.tv\/az\/article\/pulu-soyenler\/#breadcrumb","itemListElement":[{"@type":"ListItem","position":1,"name":"Ana s\u0259hif\u0259","item":"https:\/\/www.meydan.tv\/az\/"},{"@type":"ListItem","position":2,"name":"M\u0259nim Fikrimc\u0259","item":"https:\/\/www.meydan.tv\/az\/section\/menim-fikrimce\/"},{"@type":"ListItem","position":3,"name":"Pulu s\u00f6y\u0259nl\u0259r&#8230;"}]},{"@type":"WebSite","@id":"https:\/\/www.meydan.tv\/az\/#website","url":"https:\/\/www.meydan.tv\/az\/","name":"MEYDAN.TV","description":"Meydan TV Az\u0259rbaycan\u0131n media m\u0259kan\u0131ndak\u0131 alternativ s\u0259sidir","publisher":{"@id":"https:\/\/www.meydan.tv\/az\/#organization"},"potentialAction":[{"@type":"SearchAction","target":{"@type":"EntryPoint","urlTemplate":"https:\/\/www.meydan.tv\/az\/?s={search_term_string}"},"query-input":{"@type":"PropertyValueSpecification","valueRequired":true,"valueName":"search_term_string"}}],"inLanguage":"az"},{"@type":"Organization","@id":"https:\/\/www.meydan.tv\/az\/#organization","name":"Meydan TV","url":"https:\/\/www.meydan.tv\/az\/","logo":{"@type":"ImageObject","inLanguage":"az","@id":"https:\/\/www.meydan.tv\/az\/#\/schema\/logo\/image\/","url":"https:\/\/www.meydan.tv\/wp-content\/uploads\/2021\/07\/meydan-logo.svg","contentUrl":"https:\/\/www.meydan.tv\/wp-content\/uploads\/2021\/07\/meydan-logo.svg","width":195,"height":46,"caption":"Meydan TV"},"image":{"@id":"https:\/\/www.meydan.tv\/az\/#\/schema\/logo\/image\/"}},{"@type":"Person","@id":"https:\/\/www.meydan.tv\/az\/#\/schema\/person\/10d11eccf6da3662cf5fdab9806ea91a","name":"user-manager"}]}},"_links":{"self":[{"href":"https:\/\/www.meydan.tv\/az\/wp-json\/wp\/v2\/posts\/165365","targetHints":{"allow":["GET"]}}],"collection":[{"href":"https:\/\/www.meydan.tv\/az\/wp-json\/wp\/v2\/posts"}],"about":[{"href":"https:\/\/www.meydan.tv\/az\/wp-json\/wp\/v2\/types\/post"}],"author":[{"embeddable":true,"href":"https:\/\/www.meydan.tv\/az\/wp-json\/wp\/v2\/users\/11"}],"replies":[{"embeddable":true,"href":"https:\/\/www.meydan.tv\/az\/wp-json\/wp\/v2\/comments?post=165365"}],"version-history":[{"count":0,"href":"https:\/\/www.meydan.tv\/az\/wp-json\/wp\/v2\/posts\/165365\/revisions"}],"wp:featuredmedia":[{"embeddable":true,"href":"https:\/\/www.meydan.tv\/az\/wp-json\/wp\/v2\/media\/14465"}],"wp:attachment":[{"href":"https:\/\/www.meydan.tv\/az\/wp-json\/wp\/v2\/media?parent=165365"}],"wp:term":[{"taxonomy":"category","embeddable":true,"href":"https:\/\/www.meydan.tv\/az\/wp-json\/wp\/v2\/categories?post=165365"},{"taxonomy":"post_tag","embeddable":true,"href":"https:\/\/www.meydan.tv\/az\/wp-json\/wp\/v2\/tags?post=165365"}],"curies":[{"name":"wp","href":"https:\/\/api.w.org\/{rel}","templated":true}]}}