{"id":165325,"date":"2014-09-17T18:27:01","date_gmt":"2014-09-17T18:27:01","guid":{"rendered":"https:\/\/www.meydan.tv\/article\/azerbaycan-niye-maraqsizdir-2-ci-yazi\/"},"modified":"2014-09-17T18:27:01","modified_gmt":"2014-09-17T18:27:01","slug":"azerbaycan-niye-maraqsizdir-2-ci-yazi","status":"publish","type":"post","link":"https:\/\/www.meydan.tv\/az\/article\/azerbaycan-niye-maraqsizdir-2-ci-yazi\/","title":{"rendered":"Az\u0259rbaycan niy\u0259 maraqs\u0131zd\u0131r? (2-ci yaz\u0131)"},"content":{"rendered":"<figure class=\"wp-block-image size-large\">\n  <img decoding=\"async\" src=\"https:\/\/www.meydan.tv\/az\/14163\/\" alt=\"\" class=\"wp-image-14163\"\/><figcaption><\/figcaption><\/figure>\n<figure class=\"wp-block-image size-large\">\n  <img decoding=\"async\" src=\"https:\/\/www.meydan.tv\/az\/14166\/\" alt=\"\" class=\"wp-image-14166\"\/><figcaption><\/figcaption><\/figure>\n<p>\n  Bu m\u00f6vzuda<br \/>\n  <a href=\"\/az\/article\/azerbaycan-niye-maraqsizdir\/\" target=\"_blank\" rel=\"noopener\"><br \/>\n    \u0259vv\u0259lki<br \/>\n  <\/a><br \/>\n  yaz\u0131ya m\u00fcxt\u0259lif reaksiyalar g\u0259ldi. Bu \u00fczd\u0259n yenid\u0259n bu konuya d\u00f6nm\u0259k ehtiyac\u0131 duydum. B\u00fct\u00fcn m\u0259s\u0259l\u0259l\u0259rin sonad\u0259k a\u00e7\u0131l\u0131m\u0131 \u00fc\u00e7\u00fcn. Bir yaz\u0131da bunu etm\u0259k n\u0259 q\u0259d\u0259r \u00e7\u0259tin olsa da.\n<\/p>\n<p>\n  <br \/>\n  M\u0259s\u0259l\u0259n, C\u0259nublu dostlardan biri yazd\u0131 ki, \u201cB\u0259lk\u0259 d\u0259 tan\u0131masalar daha yax\u015f\u0131d\u0131. \u0130ran\u0131 tan\u0131y\u0131rlar, amma m\u0259n yen\u0259 d\u0259 utan\u0131ram iranl\u0131yam, deyim.\u201d Dostumuzu anlamaq olar, zat\u0259n \u0130randak\u0131 bug\u00fcnk\u00fc biab\u0131r\u00e7\u0131 rejiml\u0259 utanmayasan, n\u0259 ed\u0259s\u0259n? Amma m\u0259s\u0259l\u0259 buras\u0131ndad\u0131r ki, \u0130ran he\u00e7 d\u0259 daima molla rejimi il\u0259 b\u0259rab\u0259r tutulmur. \u00c7\u00fcnki s\u0131rf tarixi m\u0259nada \u0130ran, bir zamanlar antik Yunan\u0131stana bel\u0259 alternativ ola bilmi\u015f bir sivilizasiya, bu g\u00fcn is\u0259 \u0130ran kinosu adl\u0131 bir k\u00fclt\u00fcr fenomeni il\u0259 assosiasiya edilir.\n<\/p>\n<p>\n  <br \/>\n  Ba\u015fqa bir t\u0259rc\u00fcm\u0259\u00e7i dost is\u0259 yazd\u0131: \u201cAz\u0259rbaycandanam dediyimd\u0259, Abidcandan? &#8211; sordular.\u201d Bu i\u015f m\u0259nim d\u0259 ba\u015f\u0131ma g\u0259lib, 2000-ci ild\u0259 SoNoR ansambl\u0131 il\u0259 ilk d\u0259f\u0259 Avropaya qastrol s\u0259f\u0259rin\u0259 \u00e7\u0131xanda D\u00fcsseldorfdak\u0131 avtobusun s\u00fcr\u00fcc\u00fcs\u00fc sif\u0259timiz\u0259 mat-mat baxaraq: \u201cSiz haradan g\u0259ldiniz, Abicandanm\u0131?\u201d. G\u00f6r\u00fcn\u00fcr fikrind\u0259 Fildi\u015fi Sahilinin (C\u00f4te d&#8217;Ivoire) paytaxt\u0131ndan g\u0259ldiyimizi e\u015fitc\u0259k, aram\u0131zda birc\u0259 n\u0259f\u0259r d\u0259 qara d\u0259rili insan\u0131n olmad\u0131\u011f\u0131 onu \u015fa\u015f\u0131rm\u0131\u015fd\u0131. \u018fmin\u0259m ki, \u00e7oxunuzun ba\u015f\u0131na g\u0259lib bu \u0259hvalat.<br \/>\n  <br \/>\n  Do\u011frusu reaksiyalardan bel\u0259 anlad\u0131m ki, m\u0259qal\u0259d\u0259 qoyulmu\u015f problematika bir q\u0259d\u0259r ba\u015fqa y\u00f6nd\u0259 anlan\u0131l\u0131b.\n<\/p>\n<p>\n  <br \/>\n  \u0130\u015f buras\u0131ndad\u0131r ki, m\u0259s\u0259l\u0259ni \u0259sla banal olaraq Az\u0259rbaycan\u0131n sad\u0259c\u0259 tan\u0131nmas\u0131 \u00fcz\u0259rin\u0259 g\u0259tirm\u0259k ist\u0259m\u0259mi\u015fdim. Bu m\u0259s\u0259l\u0259 il\u0259 ma\u015fallah vedr\u0259-vedr\u0259, ye\u015fik-ye\u015fik \u201cAz\u0259rbaycan h\u0259qiq\u0259tl\u0259rini\u201d Avropaya da\u015f\u0131yan (t\u0259bii ki, d\u00f6vl\u0259t hesab\u0131na), Avropan\u0131n g\u00f6b\u0259yind\u0259 \u00e7\u0131\u011f\u0131ra-\u00e7\u0131\u011f\u0131ra ikili standartlardan dan\u0131\u015f\u0131b, \u00f6zl\u0259rinin saxta se\u00e7ilm\u0259l\u0259ri il\u0259 a\u011f\u0131llar\u0131ndan bel\u0259 ke\u00e7m\u0259y\u0259n deputatlar\u0131m\u0131z m\u0259\u015f\u011ful olur. Avropan\u0131n g\u00f6b\u0259yind\u0259 V\u0259t\u0259n deyib \u00e7\u0131\u011f\u0131ran deputatlar, \u00f6lk\u0259mizd\u0259 ma\u015fallah xamu\u015fdan xamu\u015fdur, V\u0259t\u0259ni qorumu\u015f insanlar\u0131n \u00f6z\u00fcn\u00fc yand\u0131rmas\u0131 bel\u0259 onlar\u0131 maraqland\u0131rm\u0131r. Ax\u0131 bizim Qaraba\u011f boyda d\u0259rdimiz var, kimin \u00f6z\u00fcn\u00fc yand\u0131rmas\u0131n\u0131n n\u0259 vacibliyi var indi?! He\u00e7 olmazsa g\u00fczd\u00fcd\u0259 \u00f6zl\u0259rin\u0259 bax\u0131rm\u0131 bu adamlar?!<br \/>\n  <br \/>\n  M\u0259nim n\u0259z\u0259rd\u0259 tutdu\u011fum ba\u015fl\u0131ca m\u0259s\u0259l\u0259 he\u00e7 d\u0259 Az\u0259rbaycan\u0131n sad\u0259c\u0259 d\u00fcnyada tan\u0131nmas\u0131 deyil, \u00f6lk\u0259mizin nec\u0259 v\u0259 n\u0259y\u0259 g\u00f6r\u0259 tan\u0131nmas\u0131 idi.<br \/>\n  <br \/>\n  M\u0259qal\u0259d\u0259ki ba\u015fl\u0131ca m\u0259s\u0259l\u0259 m\u00fcasir insanm\u0259rk\u0259z\u00e7i sivilizasiyan\u0131n g\u0259ldiyi son n\u00f6qt\u0259 idi &#8211;\u00a0 \u0130NSAN resursu.\n<\/p>\n<p>\n  <br \/>\n  \u0130nsan resursu b\u00fct\u00fcn sivil \u00f6lk\u0259l\u0259rin \u0259n d\u0259y\u0259rli, \u0259n vacib, m\u00fcst\u0259sna bir resursudur. Bir \u00e7oxunun he\u00e7 bir xammal\u0131, yanaca\u011f\u0131, faydal\u0131 qaz\u0131nt\u0131s\u0131 olmasa da d\u00fcnyan\u0131n m\u0259rk\u0259zin\u0259 \u00e7evril\u0259 bilmi\u015f \u00f6lk\u0259l\u0259r, c\u0259miyy\u0259tl\u0259rdir bunlar, tan\u0131d\u0131\u011f\u0131n\u0131z Avropa, AB\u015e, Yaponiya, C\u0259nubi Koreya v\u0259 s. Burada m\u0259hz \u0130nsan resursu h\u0259lledici rolunu oynay\u0131b.<br \/>\n  <br \/>\n  Yeri g\u0259lmi\u015f Rusiya il\u0259 Ukraynan\u0131n da qar\u015f\u0131durmas\u0131nda Ukrayna m\u00fcst\u0259sna olaraq yaln\u0131z \u00f6z\u00fcn\u00fcn insan potensial\u0131na g\u00fcv\u0259n\u0259 bil\u0259r. Bu \u00fczd\u0259n g\u0259l\u0259c\u0259yin kim\u0259 m\u0259xsus olmas\u0131 \u015f\u0259xs\u0259n m\u0259nd\u0259 sual do\u011furmur.\n<\/p>\n<p>\n  <br \/>\n  Bizim \u00f6lk\u0259d\u0259 is\u0259 h\u0259r \u015feyin qiym\u0259ti \u00e7ox g\u00f6z\u0259l b\u0259llidir \u2013 banan\u0131n, xaman\u0131n, \u201cmaman\u0131n\u201d, danan\u0131n. Xammal\u0131n, r\u0259mmal\u0131n, d\u0259llal\u0131n, c\u0259llad\u0131n. Ham\u0131s\u0131n\u0131n d\u0259qiq d\u0259y\u0259ri var, birc\u0259 insandan ba\u015fqa. \u0130nsan bizim \u00f6lk\u0259 \u00fc\u00e7\u00fcn d\u0259y\u0259r deyil. Deyil sad\u0259c\u0259, v\u0259ssalam.\n<\/p>\n<p>\n  <br \/>\n  Bizim \u00f6lk\u0259 \u00fc\u00e7\u00fcn d\u0259y\u0259rli olan\u0131 b\u00fct\u00fcn siyas\u0259t\u00e7il\u0259rimizd\u0259n e\u015fitmi\u015fik: \u201cNeft, qaz, xammal, strateji geosiyasi m\u0259kan, tranzit m\u0259kan\u0131, maraqlar\u0131n toqqu\u015fdu\u011fu m\u0259nt\u0259q\u0259, Avropa il\u0259 Asiya aras\u0131nda k\u00f6rp\u00fc\u201d, daha n\u0259l\u0259r ist\u0259s\u0259n. Bizim \u00f6lk\u0259 \u00fc\u00e7\u00fcn strateji d\u0259y\u0259r bizim \u0130NSANd\u0131r \u2013 bunu he\u00e7 dedil\u0259rmi?\n<\/p>\n<p>\n  <br \/>\n  Halbuki ist\u0259nil\u0259n \u00f6lk\u0259nin ba\u015fl\u0131ca v\u0259 \u0259slind\u0259 yegan\u0259 potensial\u0131 \u0130NSAN olmal\u0131d\u0131r, \u0259g\u0259r bu faktor \u00f6n\u0259 \u00e7\u0259kilmirs\u0259, \u0259ksin\u0259 az qala zibil yerin\u0259 say\u0131l\u0131rsa, ba\u015fl\u0131ca olan neft, yanacaq v\u0259 xammal olarsa, sonu bel\u0259 d\u0259 olmal\u0131 idi. Nec\u0259 ki, var.\n<\/p>\n<p>\n  <br \/>\n  Y\u0259ni nec\u0259 ola bil\u0259r ki, bel\u0259 banal h\u0259qiq\u0259ti mantra kimi t\u0259krar etm\u0259y\u0259 m\u0259cburuq \u2013 h\u0259r hans\u0131 bir \u00f6lk\u0259 yaln\u0131z v\u0259 yaln\u0131z \u00f6z \u0130NSAN\u0131 il\u0259 maraql\u0131 ola bil\u0259r, bu insan da \u00f6z n\u00f6vb\u0259sind\u0259 sad\u0259c\u0259 bioloji varl\u0131q deyil, ictimai m\u0259nada maraql\u0131, m\u00fcasir sivilizasiyan\u0131n t\u0259l\u0259bl\u0259rin\u0259 uy\u011fun olmal\u0131d\u0131r. Bunlar aksionmad\u0131r, bunu n\u0259 \u00fc\u00e7\u00fcn s\u00fcbut etm\u0259liyik ki?<br \/>\n  <br \/>\n  Milyardlar\u0131 konfet ka\u011f\u0131z\u0131 kimi s\u0259p\u0259l\u0259y\u0259n, lakin insan\u0131na he\u00e7 bir d\u0259y\u0259r verilm\u0259y\u0259n Az\u0259rbaycan n\u0259yi il\u0259 maraql\u0131 ola bil\u0259r ki, d\u00fcnyaya?\n<\/p>\n<p>\n  <br \/>\n  XXI \u0259srin ikinci onilliyind\u0259 b\u00fct\u00fcn d\u00fcnyada \u201cbizim \u0259jdaha kimi pulumuz var\u201d deyib, m\u00fcasir sivil d\u00f6vl\u0259t v\u0259 c\u0259miyy\u0259t yox, xalis xammal xan\u0259man\u0131 yaratmas\u0131 il\u0259 f\u0259xr ed\u0259n xalq\u0131 nec\u0259 adland\u0131rmaq olar ki?\n<\/p>\n<p>\n  <br \/>\n  XXI \u0259srin ikinci onilliyind\u0259 kinosunda k\u00fc\u00e7\u0259 itinin \u00e7\u0259kili\u015fin\u0259 qada\u011fa qoyulan, kas\u0131b adam-filan obraz\u0131n\u0131n arzuedilm\u0259z oldu\u011fu rejissorlara b\u0259lirl\u0259n\u0259n \u00f6lk\u0259nin m\u0259d\u0259niyy\u0259ti nec\u0259 c\u0259lbedici ola bil\u0259r ki? Zat\u0259n \u0130nsan\u0131 olmayan bir \u00f6lk\u0259nin k\u00fclt\u00fcr\u00fc, inc\u0259s\u0259n\u0259ti nec\u0259 olmal\u0131 idi ki?\n<\/p>\n<p>\n  <br \/>\n  Ke\u00e7\u0259n d\u0259f\u0259 sitat kimi g\u0259tirlimi\u015f \u201c\u0130nsan\u0131 heyvandan f\u0259rql\u0259ndir\u0259n yegan\u0259 amil m\u0259d\u0259niyy\u0259tdir.\u201d \u2013 \u00fcmumiyy\u0259tl\u0259 bu fikir il\u0259 raz\u0131s\u0131n\u0131zm\u0131?\n<\/p>\n<p>\n  <br \/>\n  P.S. A\u011f\u0131rdan a\u011f\u0131r v\u0259ziyy\u0259td\u0259 olan c\u0259miyy\u0259tin g\u00fcnd\u0259ml\u0259rin\u0259 bir n\u0259z\u0259r ataq: yaslar\u0131n nec\u0259 verilm\u0259sini d\u00f6vl\u0259t t\u0259nziml\u0259sin, ya yox; Siyavu\u015f deyir \u015f\u0259rh yazmaq \u00fc\u00e7\u00fcn pasportunuzun n\u00f6mr\u0259sini daxil etm\u0259lisiniz; d\u00f6vl\u0259tin z\u0131rp\u0131 bir r\u0259smisi, ba\u015f nazirin m\u00fcavini Yaqub Eyyubov da ilin-g\u00fcn\u00fcn bu vaxt\u0131 deyir ki, &#8220;he\u00e7 kim Rusiyan\u0131 s\u0131nd\u0131ra bilm\u0259z\u201d. N\u0259tic\u0259ni \u00f6z\u00fcn\u00fcz \u00e7\u0131xar\u0131n.\n<\/p>\n<p>\n  <br \/>\n  P.P.S. Amma \u0259dal\u0259t namin\u0259 bunu da deyim ki, yaln\u0131z ke\u00e7\u0259n il s\u0131rf k\u00fclt\u00fcr m\u0259nada g\u00fcrc\u00fcl\u0259ri \u0259hlil\u0259\u015fdirib onlara meyxana dedird\u0259 bildik v\u0259 bunu zarafats\u0131z-zads\u0131z m\u0259d\u0259ni u\u011fur hesab etm\u0259k olar. \u201cDavay dasvidania\u201d meyxanas\u0131n\u0131n g\u00fcrc\u00fc versiyas\u0131 bizim b\u00fct\u00fcn kinomuzun, \u0259b\u0259biyyat\u0131m\u0131z\u0131n, \u00fcmumiyy\u0259tl\u0259 inc\u0259s\u0259n\u0259timizin ed\u0259 bilm\u0259diyini etdi \u2013 g\u00fcrc\u00fcl\u0259r bunu bizd\u0259n \u0259xz edib g\u00f6t\u00fcrm\u0259li, t\u0259qlidini etm\u0259li oldular. Af\u0259rin!\n<\/p>\n<p>\n  <b><br \/>\n    Yaz\u0131dak\u0131 fikirl\u0259r m\u00fc\u0259llif\u0259 m\u0259xsusdur v\u0259 onlara g\u00f6r\u0259 Meydan TV m\u0259suliyy\u0259t da\u015f\u0131m\u0131r.<br \/>\n  <\/b><\/p>\n","protected":false},"excerpt":{"rendered":"<p>Xalis xammal xan\u0259man\u0131 xalq\u0131?<\/p>\n","protected":false},"author":11,"featured_media":14163,"comment_status":"closed","ping_status":"open","sticky":false,"template":"","format":"standard","meta":{"_acf_changed":false,"_sitemap_exclude":false,"_sitemap_priority":"","_sitemap_frequency":"","footnotes":""},"categories":[57],"tags":[],"class_list":["post-165325","post","type-post","status-publish","format-standard","has-post-thumbnail","hentry","category-menim-fikrimce","infinite-scroll-item","generate-columns","tablet-grid-50","mobile-grid-100","grid-parent","grid-33","no-featured-image-padding"],"acf":[],"yoast_head":"<!-- This site is optimized with the Yoast SEO plugin v27.4 - https:\/\/yoast.com\/product\/yoast-seo-wordpress\/ -->\n<title>Az\u0259rbaycan niy\u0259 maraqs\u0131zd\u0131r? (2-ci yaz\u0131) - MEYDAN.TV<\/title>\n<meta name=\"robots\" content=\"index, follow, max-snippet:-1, max-image-preview:large, max-video-preview:-1\" \/>\n<link rel=\"canonical\" href=\"https:\/\/www.meydan.tv\/az\/article\/azerbaycan-niye-maraqsizdir-2-ci-yazi\/\" \/>\n<meta property=\"og:locale\" content=\"az_AZ\" \/>\n<meta property=\"og:type\" content=\"article\" \/>\n<meta property=\"og:title\" content=\"Az\u0259rbaycan niy\u0259 maraqs\u0131zd\u0131r? (2-ci yaz\u0131) - MEYDAN.TV\" \/>\n<meta property=\"og:description\" content=\"Xalis xammal xan\u0259man\u0131 xalq\u0131?\" \/>\n<meta property=\"og:url\" content=\"https:\/\/www.meydan.tv\/az\/article\/azerbaycan-niye-maraqsizdir-2-ci-yazi\/\" \/>\n<meta property=\"og:site_name\" content=\"MEYDAN.TV\" \/>\n<meta property=\"article:published_time\" content=\"2014-09-17T18:27:01+00:00\" \/>\n<meta property=\"og:image\" content=\"https:\/\/www.meydan.tv\/wp-content\/uploads\/4906.jpg\" \/>\n\t<meta property=\"og:image:width\" content=\"500\" \/>\n\t<meta property=\"og:image:height\" content=\"500\" \/>\n\t<meta property=\"og:image:type\" content=\"image\/jpeg\" \/>\n<meta name=\"author\" content=\"user-manager\" \/>\n<meta name=\"twitter:card\" content=\"summary_large_image\" \/>\n<script type=\"application\/ld+json\" class=\"yoast-schema-graph\">{\"@context\":\"https:\\\/\\\/schema.org\",\"@graph\":[{\"@type\":\"Article\",\"@id\":\"https:\\\/\\\/www.meydan.tv\\\/az\\\/article\\\/azerbaycan-niye-maraqsizdir-2-ci-yazi\\\/#article\",\"isPartOf\":{\"@id\":\"https:\\\/\\\/www.meydan.tv\\\/az\\\/article\\\/azerbaycan-niye-maraqsizdir-2-ci-yazi\\\/\"},\"author\":{\"name\":\"user-manager\",\"@id\":\"https:\\\/\\\/www.meydan.tv\\\/az\\\/#\\\/schema\\\/person\\\/10d11eccf6da3662cf5fdab9806ea91a\"},\"headline\":\"Az\u0259rbaycan niy\u0259 maraqs\u0131zd\u0131r? (2-ci yaz\u0131)\",\"datePublished\":\"2014-09-17T18:27:01+00:00\",\"mainEntityOfPage\":{\"@id\":\"https:\\\/\\\/www.meydan.tv\\\/az\\\/article\\\/azerbaycan-niye-maraqsizdir-2-ci-yazi\\\/\"},\"wordCount\":1229,\"publisher\":{\"@id\":\"https:\\\/\\\/www.meydan.tv\\\/az\\\/#organization\"},\"image\":{\"@id\":\"https:\\\/\\\/www.meydan.tv\\\/az\\\/article\\\/azerbaycan-niye-maraqsizdir-2-ci-yazi\\\/#primaryimage\"},\"thumbnailUrl\":\"https:\\\/\\\/www.meydan.tv\\\/wp-content\\\/uploads\\\/4906.jpg\",\"articleSection\":[\"M\u0259nim Fikrimc\u0259\"],\"inLanguage\":\"az\"},{\"@type\":\"WebPage\",\"@id\":\"https:\\\/\\\/www.meydan.tv\\\/az\\\/article\\\/azerbaycan-niye-maraqsizdir-2-ci-yazi\\\/\",\"url\":\"https:\\\/\\\/www.meydan.tv\\\/az\\\/article\\\/azerbaycan-niye-maraqsizdir-2-ci-yazi\\\/\",\"name\":\"Az\u0259rbaycan niy\u0259 maraqs\u0131zd\u0131r? (2-ci yaz\u0131) - MEYDAN.TV\",\"isPartOf\":{\"@id\":\"https:\\\/\\\/www.meydan.tv\\\/az\\\/#website\"},\"primaryImageOfPage\":{\"@id\":\"https:\\\/\\\/www.meydan.tv\\\/az\\\/article\\\/azerbaycan-niye-maraqsizdir-2-ci-yazi\\\/#primaryimage\"},\"image\":{\"@id\":\"https:\\\/\\\/www.meydan.tv\\\/az\\\/article\\\/azerbaycan-niye-maraqsizdir-2-ci-yazi\\\/#primaryimage\"},\"thumbnailUrl\":\"https:\\\/\\\/www.meydan.tv\\\/wp-content\\\/uploads\\\/4906.jpg\",\"datePublished\":\"2014-09-17T18:27:01+00:00\",\"breadcrumb\":{\"@id\":\"https:\\\/\\\/www.meydan.tv\\\/az\\\/article\\\/azerbaycan-niye-maraqsizdir-2-ci-yazi\\\/#breadcrumb\"},\"inLanguage\":\"az\",\"potentialAction\":[{\"@type\":\"ReadAction\",\"target\":[\"https:\\\/\\\/www.meydan.tv\\\/az\\\/article\\\/azerbaycan-niye-maraqsizdir-2-ci-yazi\\\/\"]}]},{\"@type\":\"ImageObject\",\"inLanguage\":\"az\",\"@id\":\"https:\\\/\\\/www.meydan.tv\\\/az\\\/article\\\/azerbaycan-niye-maraqsizdir-2-ci-yazi\\\/#primaryimage\",\"url\":\"https:\\\/\\\/www.meydan.tv\\\/wp-content\\\/uploads\\\/4906.jpg\",\"contentUrl\":\"https:\\\/\\\/www.meydan.tv\\\/wp-content\\\/uploads\\\/4906.jpg\",\"width\":500,\"height\":500,\"caption\":\"Source:\"},{\"@type\":\"BreadcrumbList\",\"@id\":\"https:\\\/\\\/www.meydan.tv\\\/az\\\/article\\\/azerbaycan-niye-maraqsizdir-2-ci-yazi\\\/#breadcrumb\",\"itemListElement\":[{\"@type\":\"ListItem\",\"position\":1,\"name\":\"Ana s\u0259hif\u0259\",\"item\":\"https:\\\/\\\/www.meydan.tv\\\/az\\\/\"},{\"@type\":\"ListItem\",\"position\":2,\"name\":\"M\u0259nim Fikrimc\u0259\",\"item\":\"https:\\\/\\\/www.meydan.tv\\\/az\\\/section\\\/menim-fikrimce\\\/\"},{\"@type\":\"ListItem\",\"position\":3,\"name\":\"Az\u0259rbaycan niy\u0259 maraqs\u0131zd\u0131r? (2-ci yaz\u0131)\"}]},{\"@type\":\"WebSite\",\"@id\":\"https:\\\/\\\/www.meydan.tv\\\/az\\\/#website\",\"url\":\"https:\\\/\\\/www.meydan.tv\\\/az\\\/\",\"name\":\"MEYDAN.TV\",\"description\":\"Meydan TV Az\u0259rbaycan\u0131n media m\u0259kan\u0131ndak\u0131 alternativ s\u0259sidir\",\"publisher\":{\"@id\":\"https:\\\/\\\/www.meydan.tv\\\/az\\\/#organization\"},\"potentialAction\":[{\"@type\":\"SearchAction\",\"target\":{\"@type\":\"EntryPoint\",\"urlTemplate\":\"https:\\\/\\\/www.meydan.tv\\\/az\\\/?s={search_term_string}\"},\"query-input\":{\"@type\":\"PropertyValueSpecification\",\"valueRequired\":true,\"valueName\":\"search_term_string\"}}],\"inLanguage\":\"az\"},{\"@type\":\"Organization\",\"@id\":\"https:\\\/\\\/www.meydan.tv\\\/az\\\/#organization\",\"name\":\"Meydan TV\",\"url\":\"https:\\\/\\\/www.meydan.tv\\\/az\\\/\",\"logo\":{\"@type\":\"ImageObject\",\"inLanguage\":\"az\",\"@id\":\"https:\\\/\\\/www.meydan.tv\\\/az\\\/#\\\/schema\\\/logo\\\/image\\\/\",\"url\":\"https:\\\/\\\/www.meydan.tv\\\/wp-content\\\/uploads\\\/2021\\\/07\\\/meydan-logo.svg\",\"contentUrl\":\"https:\\\/\\\/www.meydan.tv\\\/wp-content\\\/uploads\\\/2021\\\/07\\\/meydan-logo.svg\",\"width\":195,\"height\":46,\"caption\":\"Meydan TV\"},\"image\":{\"@id\":\"https:\\\/\\\/www.meydan.tv\\\/az\\\/#\\\/schema\\\/logo\\\/image\\\/\"}},{\"@type\":\"Person\",\"@id\":\"https:\\\/\\\/www.meydan.tv\\\/az\\\/#\\\/schema\\\/person\\\/10d11eccf6da3662cf5fdab9806ea91a\",\"name\":\"user-manager\"}]}<\/script>\n<!-- \/ Yoast SEO plugin. -->","yoast_head_json":{"title":"Az\u0259rbaycan niy\u0259 maraqs\u0131zd\u0131r? (2-ci yaz\u0131) - MEYDAN.TV","robots":{"index":"index","follow":"follow","max-snippet":"max-snippet:-1","max-image-preview":"max-image-preview:large","max-video-preview":"max-video-preview:-1"},"canonical":"https:\/\/www.meydan.tv\/az\/article\/azerbaycan-niye-maraqsizdir-2-ci-yazi\/","og_locale":"az_AZ","og_type":"article","og_title":"Az\u0259rbaycan niy\u0259 maraqs\u0131zd\u0131r? (2-ci yaz\u0131) - MEYDAN.TV","og_description":"Xalis xammal xan\u0259man\u0131 xalq\u0131?","og_url":"https:\/\/www.meydan.tv\/az\/article\/azerbaycan-niye-maraqsizdir-2-ci-yazi\/","og_site_name":"MEYDAN.TV","article_published_time":"2014-09-17T18:27:01+00:00","og_image":[{"width":500,"height":500,"url":"https:\/\/www.meydan.tv\/wp-content\/uploads\/4906.jpg","type":"image\/jpeg"}],"author":"user-manager","twitter_card":"summary_large_image","schema":{"@context":"https:\/\/schema.org","@graph":[{"@type":"Article","@id":"https:\/\/www.meydan.tv\/az\/article\/azerbaycan-niye-maraqsizdir-2-ci-yazi\/#article","isPartOf":{"@id":"https:\/\/www.meydan.tv\/az\/article\/azerbaycan-niye-maraqsizdir-2-ci-yazi\/"},"author":{"name":"user-manager","@id":"https:\/\/www.meydan.tv\/az\/#\/schema\/person\/10d11eccf6da3662cf5fdab9806ea91a"},"headline":"Az\u0259rbaycan niy\u0259 maraqs\u0131zd\u0131r? (2-ci yaz\u0131)","datePublished":"2014-09-17T18:27:01+00:00","mainEntityOfPage":{"@id":"https:\/\/www.meydan.tv\/az\/article\/azerbaycan-niye-maraqsizdir-2-ci-yazi\/"},"wordCount":1229,"publisher":{"@id":"https:\/\/www.meydan.tv\/az\/#organization"},"image":{"@id":"https:\/\/www.meydan.tv\/az\/article\/azerbaycan-niye-maraqsizdir-2-ci-yazi\/#primaryimage"},"thumbnailUrl":"https:\/\/www.meydan.tv\/wp-content\/uploads\/4906.jpg","articleSection":["M\u0259nim Fikrimc\u0259"],"inLanguage":"az"},{"@type":"WebPage","@id":"https:\/\/www.meydan.tv\/az\/article\/azerbaycan-niye-maraqsizdir-2-ci-yazi\/","url":"https:\/\/www.meydan.tv\/az\/article\/azerbaycan-niye-maraqsizdir-2-ci-yazi\/","name":"Az\u0259rbaycan niy\u0259 maraqs\u0131zd\u0131r? (2-ci yaz\u0131) - MEYDAN.TV","isPartOf":{"@id":"https:\/\/www.meydan.tv\/az\/#website"},"primaryImageOfPage":{"@id":"https:\/\/www.meydan.tv\/az\/article\/azerbaycan-niye-maraqsizdir-2-ci-yazi\/#primaryimage"},"image":{"@id":"https:\/\/www.meydan.tv\/az\/article\/azerbaycan-niye-maraqsizdir-2-ci-yazi\/#primaryimage"},"thumbnailUrl":"https:\/\/www.meydan.tv\/wp-content\/uploads\/4906.jpg","datePublished":"2014-09-17T18:27:01+00:00","breadcrumb":{"@id":"https:\/\/www.meydan.tv\/az\/article\/azerbaycan-niye-maraqsizdir-2-ci-yazi\/#breadcrumb"},"inLanguage":"az","potentialAction":[{"@type":"ReadAction","target":["https:\/\/www.meydan.tv\/az\/article\/azerbaycan-niye-maraqsizdir-2-ci-yazi\/"]}]},{"@type":"ImageObject","inLanguage":"az","@id":"https:\/\/www.meydan.tv\/az\/article\/azerbaycan-niye-maraqsizdir-2-ci-yazi\/#primaryimage","url":"https:\/\/www.meydan.tv\/wp-content\/uploads\/4906.jpg","contentUrl":"https:\/\/www.meydan.tv\/wp-content\/uploads\/4906.jpg","width":500,"height":500,"caption":"Source:"},{"@type":"BreadcrumbList","@id":"https:\/\/www.meydan.tv\/az\/article\/azerbaycan-niye-maraqsizdir-2-ci-yazi\/#breadcrumb","itemListElement":[{"@type":"ListItem","position":1,"name":"Ana s\u0259hif\u0259","item":"https:\/\/www.meydan.tv\/az\/"},{"@type":"ListItem","position":2,"name":"M\u0259nim Fikrimc\u0259","item":"https:\/\/www.meydan.tv\/az\/section\/menim-fikrimce\/"},{"@type":"ListItem","position":3,"name":"Az\u0259rbaycan niy\u0259 maraqs\u0131zd\u0131r? (2-ci yaz\u0131)"}]},{"@type":"WebSite","@id":"https:\/\/www.meydan.tv\/az\/#website","url":"https:\/\/www.meydan.tv\/az\/","name":"MEYDAN.TV","description":"Meydan TV Az\u0259rbaycan\u0131n media m\u0259kan\u0131ndak\u0131 alternativ s\u0259sidir","publisher":{"@id":"https:\/\/www.meydan.tv\/az\/#organization"},"potentialAction":[{"@type":"SearchAction","target":{"@type":"EntryPoint","urlTemplate":"https:\/\/www.meydan.tv\/az\/?s={search_term_string}"},"query-input":{"@type":"PropertyValueSpecification","valueRequired":true,"valueName":"search_term_string"}}],"inLanguage":"az"},{"@type":"Organization","@id":"https:\/\/www.meydan.tv\/az\/#organization","name":"Meydan TV","url":"https:\/\/www.meydan.tv\/az\/","logo":{"@type":"ImageObject","inLanguage":"az","@id":"https:\/\/www.meydan.tv\/az\/#\/schema\/logo\/image\/","url":"https:\/\/www.meydan.tv\/wp-content\/uploads\/2021\/07\/meydan-logo.svg","contentUrl":"https:\/\/www.meydan.tv\/wp-content\/uploads\/2021\/07\/meydan-logo.svg","width":195,"height":46,"caption":"Meydan TV"},"image":{"@id":"https:\/\/www.meydan.tv\/az\/#\/schema\/logo\/image\/"}},{"@type":"Person","@id":"https:\/\/www.meydan.tv\/az\/#\/schema\/person\/10d11eccf6da3662cf5fdab9806ea91a","name":"user-manager"}]}},"_links":{"self":[{"href":"https:\/\/www.meydan.tv\/az\/wp-json\/wp\/v2\/posts\/165325","targetHints":{"allow":["GET"]}}],"collection":[{"href":"https:\/\/www.meydan.tv\/az\/wp-json\/wp\/v2\/posts"}],"about":[{"href":"https:\/\/www.meydan.tv\/az\/wp-json\/wp\/v2\/types\/post"}],"author":[{"embeddable":true,"href":"https:\/\/www.meydan.tv\/az\/wp-json\/wp\/v2\/users\/11"}],"replies":[{"embeddable":true,"href":"https:\/\/www.meydan.tv\/az\/wp-json\/wp\/v2\/comments?post=165325"}],"version-history":[{"count":0,"href":"https:\/\/www.meydan.tv\/az\/wp-json\/wp\/v2\/posts\/165325\/revisions"}],"wp:featuredmedia":[{"embeddable":true,"href":"https:\/\/www.meydan.tv\/az\/wp-json\/wp\/v2\/media\/14163"}],"wp:attachment":[{"href":"https:\/\/www.meydan.tv\/az\/wp-json\/wp\/v2\/media?parent=165325"}],"wp:term":[{"taxonomy":"category","embeddable":true,"href":"https:\/\/www.meydan.tv\/az\/wp-json\/wp\/v2\/categories?post=165325"},{"taxonomy":"post_tag","embeddable":true,"href":"https:\/\/www.meydan.tv\/az\/wp-json\/wp\/v2\/tags?post=165325"}],"curies":[{"name":"wp","href":"https:\/\/api.w.org\/{rel}","templated":true}]}}