{"id":165291,"date":"2014-09-15T05:43:18","date_gmt":"2014-09-15T05:43:18","guid":{"rendered":"https:\/\/www.meydan.tv\/article\/sahin-novruzluya-dogum-gunu-tebriki\/"},"modified":"2014-09-15T05:43:18","modified_gmt":"2014-09-15T05:43:18","slug":"sahin-novruzluya-dogum-gunu-tebriki","status":"publish","type":"post","link":"https:\/\/www.meydan.tv\/az\/article\/sahin-novruzluya-dogum-gunu-tebriki\/","title":{"rendered":"\u015eahin Novruzluya do\u011fum g\u00fcn\u00fc t\u0259briki"},"content":{"rendered":"<figure class=\"wp-block-image size-large\">\n  <img decoding=\"async\" src=\"https:\/\/www.meydan.tv\/az\/14221\/\" alt=\"\" class=\"wp-image-14221\"\/><figcaption><\/figcaption><\/figure>\n<figure class=\"wp-block-image size-large\">\n  <img decoding=\"async\" src=\"https:\/\/www.meydan.tv\/az\/14227\/\" alt=\"\" class=\"wp-image-14227\"\/><figcaption><\/figcaption><\/figure>\n<p>\n  <br \/>\n  H\u0259r d\u0259f\u0259 \u015eahinin ad\u0131 g\u0259l\u0259nd\u0259 utan\u0131ram. Nec\u0259 utanmayaq?\u00a0 D\u00fcnyan\u0131n \u0259n g\u0259nc siyasi m\u0259hbusu bizim \u00f6lk\u0259d\u0259dir v\u0259 o, bizim \u00fc\u00e7\u00fcn h\u0259bsd\u0259dir. O vaxt Cabbar Savalan 19 ya\u015f\u0131nda siyasi f\u0259aliyy\u0259tin\u0259 g\u00f6r\u0259 h\u0259bs olunanda, beyn\u0259lxalq t\u0259\u015fkilatlar d\u0259h\u015f\u0259t i\u00e7ind\u0259 idil\u0259r ki, 19 ya\u015fl\u0131 g\u0259nc nec\u0259 h\u0259bs oluna bil\u0259r?! H\u0259l\u0259 yad\u0131n\u0131za g\u0259lirs\u0259, xaricd\u0259 t\u0259l\u0259b\u0259, insan h\u00fcquqlar\u0131 t\u0259\u015fkilatlar\u0131 Cabbar\u0131n h\u0259bsi il\u0259 ba\u011fl\u0131 aksiyalar da ke\u00e7irirdi. Hakimiyy\u0259t \u00f6z\u00fcn\u00fc \u0259m\u0259lli-ba\u015fl\u0131 biab\u0131r etmi\u015fdi beyn\u0259lxalq al\u0259md\u0259.\n<\/p>\n<p>\n  1 il 6 ay \u0259vv\u0259l \u015eahin Novruzlu 17 ya\u015f\u0131nda siyasi f\u0259aliyy\u0259tin\u0259 g\u00f6r\u0259 \u015f\u0259rl\u0259n\u0259r\u0259k h\u0259bs olundu. T\u0259s\u0259vv\u00fcr edirsiniz? 17 ya\u015fl\u0131 siyasi m\u0259hbus. Hakimiyy\u0259t rekordunu yenil\u0259di, arxas\u0131nca \u00d6m\u0259r M\u0259mm\u0259dov 18 ya\u015f\u0131nda h\u0259bs olundu. Y\u0259qin g\u00f6st\u0259ri\u015fi ver\u0259nl\u0259r deyibl\u0259r ki, b\u00f6y\u00fcy\u0259-ki\u00e7iy\u0259 baxm\u0131y\u0131n, susdurun bunlar\u0131. B\u0259li, \u015eahini \u201cAmnesty \u0130nternational\u201d t\u0259\u015fkilat\u0131 d\u00fcnyan\u0131n \u0259n g\u0259nc siyasi m\u0259hbusu kimi qeyd\u0259 al\u0131b. Rejim bu 17 ya\u015fl\u0131 g\u0259ncd\u0259n qorxub, h\u0259bs edib, universitet t\u0259hsilini yar\u0131da qoyub, g\u0259l\u0259c\u0259yin\u0259 k\u00f6lg\u0259 sal\u0131b.\n<\/p>\n<p>\n  \u015eahinin h\u0259bsi biz\u0259 \u00e7ox \u015feyi \u00f6yr\u0259tdi. G\u0259nc ya\u015fda da h\u00fcquqlar\u0131m\u0131z\u0131 t\u0259l\u0259b ed\u0259 bil\u0259c\u0259yimizi, \u00f6lk\u0259nin g\u0259l\u0259c\u0259yi \u00fc\u00e7\u00fcn \u00e7al\u0131\u015fa bil\u0259c\u0259yimizi, \u0259sg\u0259r \u00f6l\u00fcml\u0259rin\u0259, \u0259dal\u0259tsizlikl\u0259r\u0259 yox dem\u0259li oldu\u011fumuzu \u00f6yr\u0259tdi.\n<\/p>\n<p>\n  \u015eahin \u00fc\u00e7\u00fcn n\u0259 ed\u0259 bil\u0259rik? El\u0259 \u015eahin Novruzlunun da imza atd\u0131\u011f\u0131 Nida-\u00e7\u0131lar\u0131n m\u0259hk\u0259m\u0259d\u0259ki son s\u00f6z\u00fcnd\u0259 deyildiyi kimi, \u201cBiz he\u00e7 bir yer\u0259 getmirik, qay\u0131tmayaca\u011f\u0131q da. \u00c7\u00fcnki biz onsuz da var\u0131q, burday\u0131q, sizinl\u0259yik. H\u0259bsd\u0259 10 nida\u00e7\u0131 olsa da, azadl\u0131qda olan sizl\u0259r bizi \u0259v\u0259z edirsiniz. Bu m\u00fcbariz\u0259ni h\u0259m d\u0259 bizim yerimiz\u0259 daha prinsipial, daha ard\u0131c\u0131l apar\u0131n. He\u00e7 zaman \u015f\u0259r\u0259 t\u0259slim olmay\u0131n! Aln\u0131n\u0131z\u0131 dik, irad\u0259nizi m\u00f6hk\u0259m tutun!\u201d Biz \u015f\u0259r\u0259, zalim\u0259 boyun \u0259ym\u0259m\u0259kl\u0259 onlar\u0131n biz\u0259 \u0259man\u0259t etdiyi bu m\u00fcbariz\u0259ni layiqinc\u0259 aparmal\u0131y\u0131q.\n<\/p>\n<p>\n  \u00c7\u00fcnki h\u0259min son s\u00f6zd\u0259 deyildiyi kimi \u201c\u0130qtidarlar g\u0259ldi-ged\u0259rdir, amma \u0259min olun ki, m\u0259hz \u015eahinin h\u0259bsi v\u0259 ail\u0259sinin, o c\u00fcml\u0259d\u0259n, bibisinin min bir z\u0259hm\u0259tl\u0259 qazand\u0131\u011f\u0131 pulunun bu c\u00fcr talanmas\u0131 h\u0259r zaman Az\u0259rbaycan\u0131n \u00e7iyni \u00fcz\u0259rind\u0259 \u201cDemokl q\u0131l\u0131nc\u0131\u201d\u00a0 kimi as\u0131lacaq v\u0259 biz d\u00f6vl\u0259t v\u0259 mill\u0259t olaraq bu hadis\u0259nin x\u0259cal\u0259tini \u00e7\u0259k\u0259c\u0259yik\u201d. Bir qeyd edim ki, \u015eahin h\u0259bs olunan zaman evl\u0259rind\u0259n 100 min manata yax\u0131n pul maddi s\u00fcbut kimi g\u00f6t\u00fcr\u00fclm\u00fc\u015f, lakin istintaq zaman\u0131 maddi s\u00fcbut olmas\u0131, kiminl\u0259 \u0259laq\u0259li olmas\u0131 s\u00fcbuta yetirilm\u0259s\u0259 d\u0259 h\u0259min m\u0259bl\u0259\u011f ail\u0259sin\u0259 qaytar\u0131lmam\u0131\u015fd\u0131r. Y\u0259qin b\u00fcdc\u0259nin ke\u00e7\u0259n ilki k\u0259sirini tamamlamaq ist\u0259yibl\u0259r.\n<\/p>\n<p>\n  Yeri g\u0259lmi\u015fk\u0259n, bu g\u00fcn biz\u0259 h\u0259bsi il\u0259 h\u0259yat d\u0259rsi vermi\u015f, d\u0259y\u0259rli b\u0259y \u015eahin Novruzlunun ad g\u00fcn\u00fcd\u00fcr. O, haz\u0131rda g\u0259nc ya\u015f\u0131nda art\u0131q ikinci do\u011fum g\u00fcn\u00fcn\u00fc h\u0259bsd\u0259 ke\u00e7irir. H\u0259bsind\u0259n 1 il 6 ay \u00f6t\u00fcr. Ba\u011f\u0131\u015flayaca\u011f\u0131qm\u0131 bu z\u00fclm\u00fc ed\u0259nl\u0259ri? Xeyr, \u00f6z ad\u0131ma deyir\u0259m, \u015f\u0259xs\u0259n m\u0259n\u0259 kifay\u0259t edirki, \u015eahinin \u00f6mr\u00fcn\u00fcn g\u00f6z\u0259l \u00e7a\u011f\u0131ndan o\u011furlanan bu g\u00fcnl\u0259r\u0259 g\u00f6r\u0259 hakimiyy\u0259ti ba\u011f\u0131\u015flam\u0131y\u0131m.\n<\/p>\n<p>\n  N\u0259 arzulaya bil\u0259rik \u015eahin \u00fc\u00e7\u00fcn? B\u0259lk\u0259 t\u0259krar ifad\u0259l\u0259r olsa da t\u0259bii ki, demokratik, h\u00fcquqi c\u0259miyy\u0259t. Niy\u0259 demokratik, h\u00fcquqi c\u0259miyy\u0259t? \u00c7\u00fcnki, ancaq bu c\u0259miyy\u0259tl\u0259 he\u00e7 olmasa, ona d\u0259ymi\u015f maddi-m\u0259n\u0259vi ziyan\u0131n t\u0259zminat\u0131n\u0131 \u00f6d\u0259tdirib, onu g\u00f6z\u0259l t\u0259hsill\u0259 t\u0259min edib, yolundak\u0131 b\u00fct\u00fcn mane\u0259l\u0259ri g\u00f6t\u00fcrm\u0259k olar. \u00a0Sa\u011fol b\u0259y, bizim \u00fc\u00e7\u00fcn h\u0259bsd\u0259s\u0259n. Unutmam\u0131\u015f\u0131q, unutdurmayaca\u011f\u0131q. Tezlikl\u0259 azadl\u0131qda g\u00f6r\u00fc\u015fm\u0259k \u00fczr\u0259. S\u0259n v\u0259zif\u0259ni layiqinc\u0259 yerin\u0259 yetiribs\u0259n, s\u0131ra bizd\u0259dir&#8230;\n<\/p>\n<p>\n  <b><br \/>\n    Yaz\u0131dak\u0131 fikirl\u0259r m\u00fc\u0259llif\u0259 m\u0259xsusdur v\u0259 onlara g\u00f6r\u0259 Meydan TV m\u0259suliyy\u0259t da\u015f\u0131m\u0131r.<br \/>\n  <\/b><\/p>\n","protected":false},"excerpt":{"rendered":"<p>Sa\u011f ol, b\u0259y, bizim \u00fc\u00e7\u00fcn h\u0259bsd\u0259s\u0259n&#8230;<\/p>\n","protected":false},"author":11,"featured_media":14221,"comment_status":"closed","ping_status":"open","sticky":false,"template":"","format":"standard","meta":{"_acf_changed":false,"_sitemap_exclude":false,"_sitemap_priority":"","_sitemap_frequency":"","footnotes":""},"categories":[57],"tags":[],"class_list":["post-165291","post","type-post","status-publish","format-standard","has-post-thumbnail","hentry","category-menim-fikrimce","infinite-scroll-item","generate-columns","tablet-grid-50","mobile-grid-100","grid-parent","grid-33","no-featured-image-padding"],"acf":[],"yoast_head":"<!-- This site is optimized with the Yoast SEO plugin v27.4 - https:\/\/yoast.com\/product\/yoast-seo-wordpress\/ -->\n<title>\u015eahin Novruzluya do\u011fum g\u00fcn\u00fc t\u0259briki - MEYDAN.TV<\/title>\n<meta name=\"robots\" content=\"index, follow, max-snippet:-1, max-image-preview:large, max-video-preview:-1\" \/>\n<link rel=\"canonical\" href=\"https:\/\/www.meydan.tv\/az\/article\/sahin-novruzluya-dogum-gunu-tebriki\/\" \/>\n<meta property=\"og:locale\" content=\"az_AZ\" \/>\n<meta property=\"og:type\" content=\"article\" \/>\n<meta property=\"og:title\" content=\"\u015eahin Novruzluya do\u011fum g\u00fcn\u00fc t\u0259briki - MEYDAN.TV\" \/>\n<meta property=\"og:description\" content=\"Sa\u011f ol, b\u0259y, bizim \u00fc\u00e7\u00fcn h\u0259bsd\u0259s\u0259n...\" \/>\n<meta property=\"og:url\" content=\"https:\/\/www.meydan.tv\/az\/article\/sahin-novruzluya-dogum-gunu-tebriki\/\" \/>\n<meta property=\"og:site_name\" content=\"MEYDAN.TV\" \/>\n<meta property=\"article:published_time\" content=\"2014-09-15T05:43:18+00:00\" \/>\n<meta property=\"og:image\" content=\"https:\/\/www.meydan.tv\/wp-content\/uploads\/4932.jpg\" \/>\n\t<meta property=\"og:image:width\" content=\"500\" \/>\n\t<meta property=\"og:image:height\" content=\"500\" \/>\n\t<meta property=\"og:image:type\" content=\"image\/jpeg\" \/>\n<meta name=\"author\" content=\"user-manager\" \/>\n<meta name=\"twitter:card\" content=\"summary_large_image\" \/>\n<script type=\"application\/ld+json\" class=\"yoast-schema-graph\">{\"@context\":\"https:\\\/\\\/schema.org\",\"@graph\":[{\"@type\":\"Article\",\"@id\":\"https:\\\/\\\/www.meydan.tv\\\/az\\\/article\\\/sahin-novruzluya-dogum-gunu-tebriki\\\/#article\",\"isPartOf\":{\"@id\":\"https:\\\/\\\/www.meydan.tv\\\/az\\\/article\\\/sahin-novruzluya-dogum-gunu-tebriki\\\/\"},\"author\":{\"name\":\"user-manager\",\"@id\":\"https:\\\/\\\/www.meydan.tv\\\/az\\\/#\\\/schema\\\/person\\\/10d11eccf6da3662cf5fdab9806ea91a\"},\"headline\":\"\u015eahin Novruzluya do\u011fum g\u00fcn\u00fc t\u0259briki\",\"datePublished\":\"2014-09-15T05:43:18+00:00\",\"mainEntityOfPage\":{\"@id\":\"https:\\\/\\\/www.meydan.tv\\\/az\\\/article\\\/sahin-novruzluya-dogum-gunu-tebriki\\\/\"},\"wordCount\":768,\"publisher\":{\"@id\":\"https:\\\/\\\/www.meydan.tv\\\/az\\\/#organization\"},\"image\":{\"@id\":\"https:\\\/\\\/www.meydan.tv\\\/az\\\/article\\\/sahin-novruzluya-dogum-gunu-tebriki\\\/#primaryimage\"},\"thumbnailUrl\":\"https:\\\/\\\/www.meydan.tv\\\/wp-content\\\/uploads\\\/4932.jpg\",\"articleSection\":[\"M\u0259nim Fikrimc\u0259\"],\"inLanguage\":\"az\"},{\"@type\":\"WebPage\",\"@id\":\"https:\\\/\\\/www.meydan.tv\\\/az\\\/article\\\/sahin-novruzluya-dogum-gunu-tebriki\\\/\",\"url\":\"https:\\\/\\\/www.meydan.tv\\\/az\\\/article\\\/sahin-novruzluya-dogum-gunu-tebriki\\\/\",\"name\":\"\u015eahin Novruzluya do\u011fum g\u00fcn\u00fc t\u0259briki - MEYDAN.TV\",\"isPartOf\":{\"@id\":\"https:\\\/\\\/www.meydan.tv\\\/az\\\/#website\"},\"primaryImageOfPage\":{\"@id\":\"https:\\\/\\\/www.meydan.tv\\\/az\\\/article\\\/sahin-novruzluya-dogum-gunu-tebriki\\\/#primaryimage\"},\"image\":{\"@id\":\"https:\\\/\\\/www.meydan.tv\\\/az\\\/article\\\/sahin-novruzluya-dogum-gunu-tebriki\\\/#primaryimage\"},\"thumbnailUrl\":\"https:\\\/\\\/www.meydan.tv\\\/wp-content\\\/uploads\\\/4932.jpg\",\"datePublished\":\"2014-09-15T05:43:18+00:00\",\"breadcrumb\":{\"@id\":\"https:\\\/\\\/www.meydan.tv\\\/az\\\/article\\\/sahin-novruzluya-dogum-gunu-tebriki\\\/#breadcrumb\"},\"inLanguage\":\"az\",\"potentialAction\":[{\"@type\":\"ReadAction\",\"target\":[\"https:\\\/\\\/www.meydan.tv\\\/az\\\/article\\\/sahin-novruzluya-dogum-gunu-tebriki\\\/\"]}]},{\"@type\":\"ImageObject\",\"inLanguage\":\"az\",\"@id\":\"https:\\\/\\\/www.meydan.tv\\\/az\\\/article\\\/sahin-novruzluya-dogum-gunu-tebriki\\\/#primaryimage\",\"url\":\"https:\\\/\\\/www.meydan.tv\\\/wp-content\\\/uploads\\\/4932.jpg\",\"contentUrl\":\"https:\\\/\\\/www.meydan.tv\\\/wp-content\\\/uploads\\\/4932.jpg\",\"width\":500,\"height\":500,\"caption\":\"Source:\"},{\"@type\":\"BreadcrumbList\",\"@id\":\"https:\\\/\\\/www.meydan.tv\\\/az\\\/article\\\/sahin-novruzluya-dogum-gunu-tebriki\\\/#breadcrumb\",\"itemListElement\":[{\"@type\":\"ListItem\",\"position\":1,\"name\":\"Ana s\u0259hif\u0259\",\"item\":\"https:\\\/\\\/www.meydan.tv\\\/az\\\/\"},{\"@type\":\"ListItem\",\"position\":2,\"name\":\"M\u0259nim Fikrimc\u0259\",\"item\":\"https:\\\/\\\/www.meydan.tv\\\/az\\\/section\\\/menim-fikrimce\\\/\"},{\"@type\":\"ListItem\",\"position\":3,\"name\":\"\u015eahin Novruzluya do\u011fum g\u00fcn\u00fc t\u0259briki\"}]},{\"@type\":\"WebSite\",\"@id\":\"https:\\\/\\\/www.meydan.tv\\\/az\\\/#website\",\"url\":\"https:\\\/\\\/www.meydan.tv\\\/az\\\/\",\"name\":\"MEYDAN.TV\",\"description\":\"Meydan TV Az\u0259rbaycan\u0131n media m\u0259kan\u0131ndak\u0131 alternativ s\u0259sidir\",\"publisher\":{\"@id\":\"https:\\\/\\\/www.meydan.tv\\\/az\\\/#organization\"},\"potentialAction\":[{\"@type\":\"SearchAction\",\"target\":{\"@type\":\"EntryPoint\",\"urlTemplate\":\"https:\\\/\\\/www.meydan.tv\\\/az\\\/?s={search_term_string}\"},\"query-input\":{\"@type\":\"PropertyValueSpecification\",\"valueRequired\":true,\"valueName\":\"search_term_string\"}}],\"inLanguage\":\"az\"},{\"@type\":\"Organization\",\"@id\":\"https:\\\/\\\/www.meydan.tv\\\/az\\\/#organization\",\"name\":\"Meydan TV\",\"url\":\"https:\\\/\\\/www.meydan.tv\\\/az\\\/\",\"logo\":{\"@type\":\"ImageObject\",\"inLanguage\":\"az\",\"@id\":\"https:\\\/\\\/www.meydan.tv\\\/az\\\/#\\\/schema\\\/logo\\\/image\\\/\",\"url\":\"https:\\\/\\\/www.meydan.tv\\\/wp-content\\\/uploads\\\/2021\\\/07\\\/meydan-logo.svg\",\"contentUrl\":\"https:\\\/\\\/www.meydan.tv\\\/wp-content\\\/uploads\\\/2021\\\/07\\\/meydan-logo.svg\",\"width\":195,\"height\":46,\"caption\":\"Meydan TV\"},\"image\":{\"@id\":\"https:\\\/\\\/www.meydan.tv\\\/az\\\/#\\\/schema\\\/logo\\\/image\\\/\"}},{\"@type\":\"Person\",\"@id\":\"https:\\\/\\\/www.meydan.tv\\\/az\\\/#\\\/schema\\\/person\\\/10d11eccf6da3662cf5fdab9806ea91a\",\"name\":\"user-manager\"}]}<\/script>\n<!-- \/ Yoast SEO plugin. -->","yoast_head_json":{"title":"\u015eahin Novruzluya do\u011fum g\u00fcn\u00fc t\u0259briki - MEYDAN.TV","robots":{"index":"index","follow":"follow","max-snippet":"max-snippet:-1","max-image-preview":"max-image-preview:large","max-video-preview":"max-video-preview:-1"},"canonical":"https:\/\/www.meydan.tv\/az\/article\/sahin-novruzluya-dogum-gunu-tebriki\/","og_locale":"az_AZ","og_type":"article","og_title":"\u015eahin Novruzluya do\u011fum g\u00fcn\u00fc t\u0259briki - MEYDAN.TV","og_description":"Sa\u011f ol, b\u0259y, bizim \u00fc\u00e7\u00fcn h\u0259bsd\u0259s\u0259n...","og_url":"https:\/\/www.meydan.tv\/az\/article\/sahin-novruzluya-dogum-gunu-tebriki\/","og_site_name":"MEYDAN.TV","article_published_time":"2014-09-15T05:43:18+00:00","og_image":[{"width":500,"height":500,"url":"https:\/\/www.meydan.tv\/wp-content\/uploads\/4932.jpg","type":"image\/jpeg"}],"author":"user-manager","twitter_card":"summary_large_image","schema":{"@context":"https:\/\/schema.org","@graph":[{"@type":"Article","@id":"https:\/\/www.meydan.tv\/az\/article\/sahin-novruzluya-dogum-gunu-tebriki\/#article","isPartOf":{"@id":"https:\/\/www.meydan.tv\/az\/article\/sahin-novruzluya-dogum-gunu-tebriki\/"},"author":{"name":"user-manager","@id":"https:\/\/www.meydan.tv\/az\/#\/schema\/person\/10d11eccf6da3662cf5fdab9806ea91a"},"headline":"\u015eahin Novruzluya do\u011fum g\u00fcn\u00fc t\u0259briki","datePublished":"2014-09-15T05:43:18+00:00","mainEntityOfPage":{"@id":"https:\/\/www.meydan.tv\/az\/article\/sahin-novruzluya-dogum-gunu-tebriki\/"},"wordCount":768,"publisher":{"@id":"https:\/\/www.meydan.tv\/az\/#organization"},"image":{"@id":"https:\/\/www.meydan.tv\/az\/article\/sahin-novruzluya-dogum-gunu-tebriki\/#primaryimage"},"thumbnailUrl":"https:\/\/www.meydan.tv\/wp-content\/uploads\/4932.jpg","articleSection":["M\u0259nim Fikrimc\u0259"],"inLanguage":"az"},{"@type":"WebPage","@id":"https:\/\/www.meydan.tv\/az\/article\/sahin-novruzluya-dogum-gunu-tebriki\/","url":"https:\/\/www.meydan.tv\/az\/article\/sahin-novruzluya-dogum-gunu-tebriki\/","name":"\u015eahin Novruzluya do\u011fum g\u00fcn\u00fc t\u0259briki - MEYDAN.TV","isPartOf":{"@id":"https:\/\/www.meydan.tv\/az\/#website"},"primaryImageOfPage":{"@id":"https:\/\/www.meydan.tv\/az\/article\/sahin-novruzluya-dogum-gunu-tebriki\/#primaryimage"},"image":{"@id":"https:\/\/www.meydan.tv\/az\/article\/sahin-novruzluya-dogum-gunu-tebriki\/#primaryimage"},"thumbnailUrl":"https:\/\/www.meydan.tv\/wp-content\/uploads\/4932.jpg","datePublished":"2014-09-15T05:43:18+00:00","breadcrumb":{"@id":"https:\/\/www.meydan.tv\/az\/article\/sahin-novruzluya-dogum-gunu-tebriki\/#breadcrumb"},"inLanguage":"az","potentialAction":[{"@type":"ReadAction","target":["https:\/\/www.meydan.tv\/az\/article\/sahin-novruzluya-dogum-gunu-tebriki\/"]}]},{"@type":"ImageObject","inLanguage":"az","@id":"https:\/\/www.meydan.tv\/az\/article\/sahin-novruzluya-dogum-gunu-tebriki\/#primaryimage","url":"https:\/\/www.meydan.tv\/wp-content\/uploads\/4932.jpg","contentUrl":"https:\/\/www.meydan.tv\/wp-content\/uploads\/4932.jpg","width":500,"height":500,"caption":"Source:"},{"@type":"BreadcrumbList","@id":"https:\/\/www.meydan.tv\/az\/article\/sahin-novruzluya-dogum-gunu-tebriki\/#breadcrumb","itemListElement":[{"@type":"ListItem","position":1,"name":"Ana s\u0259hif\u0259","item":"https:\/\/www.meydan.tv\/az\/"},{"@type":"ListItem","position":2,"name":"M\u0259nim Fikrimc\u0259","item":"https:\/\/www.meydan.tv\/az\/section\/menim-fikrimce\/"},{"@type":"ListItem","position":3,"name":"\u015eahin Novruzluya do\u011fum g\u00fcn\u00fc t\u0259briki"}]},{"@type":"WebSite","@id":"https:\/\/www.meydan.tv\/az\/#website","url":"https:\/\/www.meydan.tv\/az\/","name":"MEYDAN.TV","description":"Meydan TV Az\u0259rbaycan\u0131n media m\u0259kan\u0131ndak\u0131 alternativ s\u0259sidir","publisher":{"@id":"https:\/\/www.meydan.tv\/az\/#organization"},"potentialAction":[{"@type":"SearchAction","target":{"@type":"EntryPoint","urlTemplate":"https:\/\/www.meydan.tv\/az\/?s={search_term_string}"},"query-input":{"@type":"PropertyValueSpecification","valueRequired":true,"valueName":"search_term_string"}}],"inLanguage":"az"},{"@type":"Organization","@id":"https:\/\/www.meydan.tv\/az\/#organization","name":"Meydan TV","url":"https:\/\/www.meydan.tv\/az\/","logo":{"@type":"ImageObject","inLanguage":"az","@id":"https:\/\/www.meydan.tv\/az\/#\/schema\/logo\/image\/","url":"https:\/\/www.meydan.tv\/wp-content\/uploads\/2021\/07\/meydan-logo.svg","contentUrl":"https:\/\/www.meydan.tv\/wp-content\/uploads\/2021\/07\/meydan-logo.svg","width":195,"height":46,"caption":"Meydan TV"},"image":{"@id":"https:\/\/www.meydan.tv\/az\/#\/schema\/logo\/image\/"}},{"@type":"Person","@id":"https:\/\/www.meydan.tv\/az\/#\/schema\/person\/10d11eccf6da3662cf5fdab9806ea91a","name":"user-manager"}]}},"_links":{"self":[{"href":"https:\/\/www.meydan.tv\/az\/wp-json\/wp\/v2\/posts\/165291","targetHints":{"allow":["GET"]}}],"collection":[{"href":"https:\/\/www.meydan.tv\/az\/wp-json\/wp\/v2\/posts"}],"about":[{"href":"https:\/\/www.meydan.tv\/az\/wp-json\/wp\/v2\/types\/post"}],"author":[{"embeddable":true,"href":"https:\/\/www.meydan.tv\/az\/wp-json\/wp\/v2\/users\/11"}],"replies":[{"embeddable":true,"href":"https:\/\/www.meydan.tv\/az\/wp-json\/wp\/v2\/comments?post=165291"}],"version-history":[{"count":0,"href":"https:\/\/www.meydan.tv\/az\/wp-json\/wp\/v2\/posts\/165291\/revisions"}],"wp:featuredmedia":[{"embeddable":true,"href":"https:\/\/www.meydan.tv\/az\/wp-json\/wp\/v2\/media\/14221"}],"wp:attachment":[{"href":"https:\/\/www.meydan.tv\/az\/wp-json\/wp\/v2\/media?parent=165291"}],"wp:term":[{"taxonomy":"category","embeddable":true,"href":"https:\/\/www.meydan.tv\/az\/wp-json\/wp\/v2\/categories?post=165291"},{"taxonomy":"post_tag","embeddable":true,"href":"https:\/\/www.meydan.tv\/az\/wp-json\/wp\/v2\/tags?post=165291"}],"curies":[{"name":"wp","href":"https:\/\/api.w.org\/{rel}","templated":true}]}}