{"id":165269,"date":"2014-09-12T17:44:35","date_gmt":"2014-09-12T17:44:35","guid":{"rendered":"https:\/\/www.meydan.tv\/article\/azerbaycan-niye-maraqsizdir\/"},"modified":"2014-09-12T17:44:35","modified_gmt":"2014-09-12T17:44:35","slug":"azerbaycan-niye-maraqsizdir","status":"publish","type":"post","link":"https:\/\/www.meydan.tv\/az\/article\/azerbaycan-niye-maraqsizdir\/","title":{"rendered":"Az\u0259rbaycan niy\u0259 maraqs\u0131zd\u0131r?"},"content":{"rendered":"<figure class=\"wp-block-image size-large\">\n  <img decoding=\"async\" src=\"https:\/\/www.meydan.tv\/az\/14163\/\" alt=\"\" class=\"wp-image-14163\"\/><figcaption><\/figcaption><\/figure>\n<figure class=\"wp-block-image size-large\">\n  <img decoding=\"async\" src=\"https:\/\/www.meydan.tv\/az\/14166\/\" alt=\"\" class=\"wp-image-14166\"\/><figcaption><\/figcaption><\/figure>\n<p>\n  Bir m\u00fcdd\u0259n \u00f6nc\u0259 g\u00fcrc\u00fc-abxaz m\u00fcharib\u0259si haqda m\u00fc\u015ft\u0259r\u0259k g\u00fcrc\u00fc-eston filmin\u0259 baxm\u0131\u015fd\u0131m \u2013 \u201cMandariinid\u201d (\u201cMandarinl\u0259r\u201d, rejissor Zaza Uru\u015fadze, 2013). Ne\u00e7\u0259 g\u00fcnl\u0259r bu \u0259s\u0259rin t\u0259sirind\u0259n \u00e7\u0131xa bilm\u0259dim, filmd\u0259ki obrazlar\u0131n, deyiml\u0259rin, sif\u0259t ifad\u0259l\u0259rinin, mimikalar\u0131n zaman-zaman t\u0259krar\u0131 \u0259b\u0259di-daimi \u201cg\u00f6r\u0259n bizd\u0259 niy\u0259 bel\u0259 \u0259s\u0259r yarad\u0131la bilm\u0259z?\u201d sual\u0131n\u0131 beynimd\u0259 t\u0259krarlad\u0131.\n<\/p>\n<p>\n  \u0130nc\u0259s\u0259n\u0259t, v\u0259 x\u00fcsus\u0259n d\u0259 kino, \u0259traf\u0131m\u0131zda (ist\u0259r indi, ist\u0259r ke\u00e7mi\u015f, ist\u0259rs\u0259 d\u0259 g\u0259l\u0259c\u0259y\u0259 n\u0259z\u0259r\u0259n) ba\u015f ver\u0259n hadis\u0259l\u0259r\u0259 refleksiyad\u0131r, bu hadis\u0259l\u0259ri bir n\u00f6v \u015f\u0259rh edir. Biz\u0259 sanki b\u00f6y\u00fcd\u00fcc\u00fc \u015f\u00fc\u015f\u0259 t\u0259kin qabar\u0131q \u015f\u0259kild\u0259 bu m\u0259s\u0259l\u0259l\u0259rin tamamil\u0259 yeni v\u0259 ayd\u0131n rakursunu t\u0259qdim edir, bununla da c\u0259miyy\u0259ti, ictimai fikri formala\u015fd\u0131r\u0131r.\n<\/p>\n<p>\n  \u0130nsan el\u0259 bir sosial varl\u0131qd\u0131r ki, daima \u015f\u0259rh\u0259 ehtiyac\u0131 olur. M\u0259s\u0259l\u0259n, lap el\u0259 m\u00f6vzusu bu yay\u0131n g\u00fcnd\u0259mind\u0259 olan futbolda &#8211; burda biz h\u0259tta meydan\u00e7an\u0131, oyunu ayd\u0131nca g\u00f6rs\u0259k, izl\u0259y\u0259 bils\u0259k d\u0259, yen\u0259 d\u0259 \u015f\u0259rh\u00e7inin: \u201cbudur, Ma\u015fallah \u018fhm\u0259dov topu Messiy\u0259 \u00f6t\u00fcrd\u00fc, o da k\u00fcncd\u0259n qap\u0131ya z\u0259rb\u0259 endirdi\u201d kimi s\u00f6zl\u0259rin\u0259 ehtiyac\u0131m\u0131z olur. Oyun\u00e7ular\u0131n n\u00f6mr\u0259sini, onlar\u0131n h\u0259r\u0259k\u0259tl\u0259rinin \u015fahidi olsaq da, \u015f\u0259rh\u00e7i bu k\u0259lm\u0259l\u0259ri dem\u0259kl\u0259 bizi m\u0259s\u0259l\u0259d\u0259n tamam ba\u015fqa c\u00fcr agah edir.\n<\/p>\n<p>\n  Q\u0131sas\u0131, bir \u00e7ox zaman birc\u0259 filmin g\u00f6rd\u00fcy\u00fc i\u015fi siyas\u0259t\u00e7il\u0259rin ordusu g\u00f6r\u0259 bilmir. Bu m\u0259nada m\u0259\u015fhur atalar s\u00f6zl\u0259rini d\u0259yi\u015fs\u0259k \u2013 \u201cAllahs\u0131z yerd\u0259 otur, kinosuz yerd\u0259 oturma\u201d al\u0131nar.\n<\/p>\n<p>\n  Bu yax\u0131nlarda mediada Z\u0259rd\u00fc\u015ft \u018flizad\u0259nin bir m\u00fcsahib\u0259si getdi, orada \u201c\u0130nsan\u0131 heyvandan f\u0259rql\u0259ndir\u0259n yegan\u0259 amil m\u0259d\u0259niyy\u0259tdir.\u201d &#8211; kimi bir fikir s\u0259sl\u0259nmi\u015fdi.\n<\/p>\n<p>\n  Xatirim\u0259 bir zaman u\u00e7du\u011fum reys d\u00fc\u015fd\u00fc, t\u0259yyar\u0259d\u0259 hava yollar\u0131n\u0131n (British Airways) jurnal\u0131 vard\u0131, d\u0259rgini v\u0259r\u0259ql\u0259dikd\u0259 oradak\u0131 m\u0259qal\u0259l\u0259rd\u0259n bir \u00e7ox qon\u015fular\u0131m\u0131z\u0131n ismi d\u0259ydi g\u00f6z\u00fcm\u0259. Bir ne\u00e7\u0259 g\u00fcrc\u00fc soyad\u0131 \u2013 m\u0259\u015fhur pop-star Katie Melua, sonra London s\u0259hn\u0259sinin balet ulduzu, Royal Opera House, Covent Garden solisti David Maxateli, daha kiml\u0259r, xatirimd\u0259 deyil; bundan ba\u015fqa o biri qon\u015fular\u0131m\u0131zdan da m\u00fctl\u0259q kimins\u0259 ismi vard\u0131 \u2013 \u00f6z\u00fcn\u00fcz bilirsiniz ki, onlars\u0131z he\u00e7 n\u0259 olmaz. Bizd\u0259n t\u0259bii ki, he\u00e7 bir isim olmayacaqd\u0131 v\u0259 yox idi.\n<\/p>\n<p>\n  M\u0259s\u0259l\u0259 t\u0259k bu u\u00e7a\u011f\u0131n jurnal\u0131nda deyildi, son onillikd\u0259 q\u0259rb medias\u0131n\u0131 azac\u0131q da olsa izl\u0259y\u0259n dostlardan sorun \u2013 \u00e7\u0259tin el\u0259 bir g\u00fcn olard\u0131 ki, tutal\u0131m Saaka\u015fvilinin ismi q\u0259zetl\u0259rd\u0259 ba\u015fl\u0131qda olmas\u0131n. B\u0259lk\u0259 abartma kimi g\u00f6r\u00fcn\u0259c\u0259k siz\u0259, amma adam r\u0259sm\u0259n Qafqaz\u0131n v\u0259 h\u0259tta postsovet m\u0259kan\u0131n\u0131n reformatoru kimi m\u0259\u015fhur idi, ist\u0259nil\u0259n h\u0259r\u0259k\u0259ti lupa alt\u0131ndan izl\u0259nirdi. \u00dcmumiyy\u0259tl\u0259 G\u00fcrc\u00fcstan b\u00f6y\u00fck diqq\u0259t alt\u0131nda olub h\u0259r zaman, bu son onillikd\u0259 d\u0259qiq bel\u0259dir. Az\u0259rbaycan\u0131 is\u0259 h\u0259tta Eurovisiona-falana baxmayaraq, indiy\u0259 kimi tan\u0131mayanlar var. Anlatmaq da bezdirib art\u0131q, bil\u0259nl\u0259r bilir \u2013 X\u0259z\u0259r d\u0259nizi, \u0130randan \u015fimalda, Rusiyadan c\u0259nubda, G\u00fcrc\u00fcstan\u0131n qon\u015fusu&#8230;\n<\/p>\n<p>\n  Tamam, dey\u0259lim d\u00fcnyaya h\u0259l\u0259lik \u00e7ox da \u00e7\u0131xa bilm\u0259mi\u015fik, indi-indi \u00e7\u0131xma\u011fa c\u0259hd edirik, m\u0259s\u0259l\u0259ni bel\u0259 adland\u0131raq, olarm\u0131? Ke\u00e7\u0259k daha yax\u0131n m\u0259kanlara.\n<\/p>\n<p>\n  Y\u0259qin ki, ham\u0131 xat\u0131rlayar \u2013 bu ilin mart ay\u0131nda Moskvada Ukrayna-Maydan hadis\u0259l\u0259ri il\u0259 ba\u011fl\u0131 Rusiyan\u0131n g\u00f6rk\u0259mli s\u0259n\u0259t adamlar\u0131n\u0131n bir qrupunun d\u00f6vl\u0259t siyas\u0259tin\u0259, dolay\u0131s\u0131 Putin\u0259 d\u0259st\u0259yi ifad\u0259 olunan petisiya peyda oldu. Siyah\u0131da ne\u00e7\u0259-ne\u00e7\u0259 g\u00fcrc\u00fc v\u0259 erm\u0259ni soyadlar\u0131 da vard\u0131, bizimkil\u0259rd\u0259n is\u0259 t\u0259bii ki, he\u00e7 kim. Yeri g\u0259lmi\u015f o zaman bunu ham\u0131 t\u0259qdir\u0259layiq hal kimi qeyd etdi \u2013 y\u0259ni i\u015f\u011fal\u00e7\u0131lar\u0131n siyas\u0259tini bizimkil\u0259r d\u0259st\u0259kl\u0259m\u0259z, \u00e7\u00fcnki Az\u0259rbaycan\u0131n \u00f6z\u00fc d\u0259 bu i\u015f\u011fala m\u0259ruz qal\u0131b. G\u00f6z\u0259l. Tam do\u011fru, d\u0259st\u0259kl\u0259nsin. Lakin bundan c\u0259mi iki g\u00fcn sonra \u0259ksin\u0259, Rusiyan\u0131n ba\u015fqa bir g\u00f6rk\u0259mli s\u0259n\u0259t adamlar\u0131 bu iyr\u0259nc siyas\u0259ti ittiham ed\u0259n s\u0259n\u0259d imzalad\u0131lar, ora da bir \u00e7ox g\u00fcrc\u00fc v\u0259 erm\u0259ni isiml\u0259ri il\u0259 bol, bizimkil\u0259rd\u0259n is\u0259 yen\u0259 d\u0259 he\u00e7 kim yox. Rusiya v\u0259 Ukrayna is\u0259 bizim art\u0131q kifay\u0259t q\u0259d\u0259r oturu\u015fdu\u011fumuz yerl\u0259rdir, deyilmi?\n<\/p>\n<p>\n  \u00a0O zaman d\u00fc\u015f\u00fcnd\u00fcm v\u0259 qeyd etdim: \u201cb\u0259lk\u0259 biz he\u00e7 yoxuq, h\u0259?\u201d\n<\/p>\n<p>\n  Yeri g\u0259lmi\u015f h\u0259min Maydan h\u0259r\u0259kat\u0131n q\u0259hr\u0259manlar\u0131 (\u201c\u041d\u0435\u0431\u0435\u0441\u043d\u0430 \u0441\u043e\u0442\u043d\u044f\u201d) siyah\u0131s\u0131na n\u0259z\u0259r salsan\u0131z, orada da qon\u015fular\u0131m\u0131z\u0131n soyadlar\u0131n\u0131 g\u00f6r\u0259c\u0259ksiniz. H\u0259m g\u00fcrc\u00fcl\u0259r, h\u0259m erm\u0259nil\u0259r. \u00dcmumiyy\u0259tl\u0259 Ukraynadak\u0131 hadis\u0259l\u0259ri izl\u0259y\u0259nl\u0259r t\u0259sdiq ed\u0259 bil\u0259r \u2013 ist\u0259r Maydan-Avrointeqrasiya t\u0259r\u0259fdarlar\u0131, ist\u0259rs\u0259 d\u0259 separat\u00e7\u0131lar aras\u0131nda qon\u015fular\u0131m\u0131zdan k\u00fclli miqdarda apar\u0131c\u0131 fiqurlarla rastla\u015f\u0131l\u0131r. H\u0259r biri aid oldu\u011fu t\u0259r\u0259fd\u0259 d\u0259rin n\u00fcfuz sahibi olan bu insanlar\u0131 ist\u0259r siyas\u0259t\u00e7il\u0259r, ist\u0259r m\u0259murlar, ist\u0259r silahl\u0131 q\u00fcvv\u0259l\u0259r, ist\u0259rs\u0259 d\u0259 s\u0259n\u0259t adamlar\u0131 aras\u0131nda g\u00f6rm\u0259k olar. Ukraynadak\u0131 hadis\u0259l\u0259r is\u0259 yaln\u0131z lokal deyil, haz\u0131rda d\u00fcnya siyas\u0259tinin diqq\u0259t m\u0259rk\u0259zind\u0259 olan m\u0259s\u0259l\u0259 v\u0259 h\u0259tta \u0259n yeni d\u00fcnya tarixidir, deyilmi?\n<\/p>\n<p>\n  Maydan hadis\u0259l\u0259ri ba\u015flanan zamandan bu m\u0259s\u0259l\u0259 il\u0259 maraqlanan ist\u0259nil\u0259n h\u0259ms\u00f6hb\u0259tim\u0259 bizim (Az\u0259rbaycan\u0131n) Ukraynadan \u00f6nc\u0259 bu i\u015f\u011fala m\u0259ruz qald\u0131\u011f\u0131m\u0131z\u0131, bu i\u015fin ilk \u00f6nc\u0259 bizd\u0259, h\u0259l\u0259 25 il bundan \u0259vv\u0259l oldu\u011funu anlatma\u011fa \u00e7al\u0131\u015f\u0131rd\u0131m. \u00c7ifayda, on n\u0259f\u0259rd\u0259n doqquzunun bu i\u015fl\u0259rd\u0259n \u00fcmumiyy\u0259tl\u0259 x\u0259b\u0259ri yoxmu\u015f, Az\u0259rbaycanda nec\u0259 d\u0259h\u015f\u0259tli bir m\u00fcharib\u0259 olmas\u0131ndan v\u0259 Yuxar\u0131 Qaraba\u011fda etnik t\u0259mizl\u0259nm\u0259 apar\u0131lmas\u0131ndan da \u00fcmumiy\u0259tl\u0259 bir kims\u0259nin m\u0259lumat\u0131 yox. B\u0259lk\u0259 rastlad\u0131\u011f\u0131m insanlar ictimai m\u0259s\u0259l\u0259l\u0259rl\u0259 maraqlanmayanlar idi? Nec\u0259 ola bil\u0259r ki, G\u00fcrc\u00fcstan m\u00fcharib\u0259si haqda dem\u0259k olar ki, ham\u0131s\u0131nda \u0259trafl\u0131 bilgil\u0259r olan bu insanlar, onlara \u00f6rn\u0259k ola bil\u0259c\u0259k bizim faic\u0259mizd\u0259n tamam x\u0259b\u0259rsiz idil\u0259r?\n<\/p>\n<p>\n  B\u0259lk\u0259 bizim \u00f6lk\u0259 &#8211; bizd\u0259 ba\u015f ver\u0259n hadis\u0259l\u0259rd\u0259n as\u0131l\u0131 olmayaraq &#8211; maraqs\u0131zd\u0131r ham\u0131 \u00fc\u00e7\u00fcn? \u018fg\u0259r bel\u0259dirs\u0259 bu n\u0259 il\u0259 ba\u011fl\u0131 ola bil\u0259r, d\u00fc\u015f\u00fcnm\u00fcs\u00fcn\u00fczm\u00fc bu haqda? B\u0259lk\u0259 bunu anlamaq \u00fc\u00e7\u00fcn Z\u0259rd\u00fc\u015ft \u018flizad\u0259nin m\u00fcsahib\u0259d\u0259ki fikrin\u0259 bir daha qay\u0131daq? \u0130nsan c\u0259miyy\u0259tini, toplumu maraql\u0131 ed\u0259n n\u0259dir? \u00d6lk\u0259 yaln\u0131z sad\u0259c\u0259<br \/>\n  <i><br \/>\n    banal co\u011frafiya<br \/>\n  <\/i><br \/>\n  v\u0259<br \/>\n  <i><br \/>\n    xammal toponimikas\u0131ndan<br \/>\n  <\/i><br \/>\n  ibar\u0259t olsa, o zaman n\u0259 olar? \u00d6lk\u0259mizin inc\u0259s\u0259n\u0259ti v\u0259 \u0259d\u0259biyyat\u0131 (folklor n\u0259z\u0259rd\u0259 tutulmur) \u2013 bu kimi amill\u0259r haqda d\u00fc\u015f\u00fcnm\u00fcs\u00fcn\u00fczm\u00fc he\u00e7?\n<\/p>\n<p>\n  Do\u011frusunu dey\u0259c\u0259m \u2013 \u00f6lk\u0259min tan\u0131nmamas\u0131ndan d\u0259rin kompleks hissi ke\u00e7irir\u0259m. Bu h\u0259yat\u0131mda ilk d\u0259f\u0259 xarici \u00f6lk\u0259y\u0259 q\u0259d\u0259m qoydu\u011fum andan ba\u015f verib. V\u0259 bu hiss bitmir, bitm\u0259k bilmir. \u0130st\u0259nil\u0259n m\u0259rh\u0259l\u0259d\u0259. He\u00e7 kimin tan\u0131mad\u0131\u011f\u0131 yerd\u0259n g\u0259lmi\u015f biri olmaq he\u00e7 asan i\u015f deyil. Bilmir\u0259m, b\u0259lk\u0259 d\u0259 bunu h\u0259tta<br \/>\n  <i><br \/>\n    natamaml\u0131q kompleksi<br \/>\n  <\/i><br \/>\n  d\u0259 adland\u0131rmaq olar. Lakin inan\u0131n ki, ilk t\u0259dqiqat\u00e7\u0131s\u0131 Alfred Adler olan h\u0259min bu kompleksi \u00f6lk\u0259 xaricind\u0259 bir \u00e7ox az\u0259rbaycanl\u0131 ke\u00e7irib. Bir toplum kimi \u00f6z\u00fcm\u00fcz\u00fc v\u0259 \u00f6lk\u0259mizi isbat etm\u0259k m\u0259s\u0259l\u0259sind\u0259 m\u00fcst\u0259sna geriliyimizd\u0259n dolay\u0131. Bu m\u0259nada g\u00fcrc\u00fc v\u0259 erm\u0259ni g\u0259ncliyinin bizimkil\u0259rd\u0259n f\u0259rqli olaraq b\u00f6y\u00fck bonuslar\u0131 vard\u0131r.\n<\/p>\n<p>\n  Biz\u0259 is\u0259 bu kompleksin m\u0259nfi hal olmas\u0131na r\u0259\u011fm\u0259n, t\u0259dqiqat\u00e7\u0131s\u0131 Adler\u2019in b\u0259zi hallarda onu, h\u0259yati m\u0259qs\u0259dl\u0259r\u0259 nail olmaq \u00fc\u00e7\u00fcn h\u0259v\u0259sl\u0259ndirici amil kimi qiym\u0259tl\u0259ndirm\u0259sini d\u00fc\u015f\u00fcnm\u0259k qal\u0131r.\n<\/p>\n<p>\n  <b><br \/>\n    P.S. Sovet zaman\u0131nda vicdan r\u0259mzin\u0259 \u00e7evrilmi\u015f m\u0259\u015fhur filosof Merab Mamarda\u015fvili bir d\u0259f\u0259 deyibmi\u015f: \u201cM\u00fcst\u0259qillik biz\u0259 h\u0259m d\u0259 \u00f6z\u00fcm\u00fcz\u00fc g\u00f6r\u0259 bilm\u0259k \u00fc\u00e7\u00fcn g\u0259r\u0259kdir.\u201d<br \/>\n  <\/b>\n<\/p>\n<p>\n  <b><br \/>\n    P.P.S. E\u015fitdiyim\u0259 g\u00f6r\u0259 Daneliya \u00f6z\u00fcn\u00fcn m\u0259\u015fhur \u201cMimino\u201d filmini \u00e7\u0259k\u0259rk\u0259n ilk \u00f6nc\u0259 ssenarid\u0259 \u00fc\u00e7 qafqazl\u0131 obraz\u0131 olub, sonra is\u0259 rejissor xarakterik olmad\u0131\u011f\u0131 s\u0259b\u0259bd\u0259n az\u0259rbaycanl\u0131 obraz\u0131ndan vaz ke\u00e7ib. B\u0259lk\u0259 d\u0259 ba\u015fqa s\u0259b\u0259b olub, amma kinoda hans\u0131sa obraz\u0131n yarad\u0131lmas\u0131 \u00fc\u00e7\u00fcn \u00e7ox parlaq prototip, xarakter g\u0259r\u0259kdir.<br \/>\n  <\/b><\/p>\n","protected":false},"excerpt":{"rendered":"<p>\u00d6lk\u0259 sad\u0259c\u0259 banal co\u011frafiya v\u0259 xammal toponimikas\u0131ndan ibar\u0259tdirs\u0259?<\/p>\n","protected":false},"author":11,"featured_media":14163,"comment_status":"closed","ping_status":"open","sticky":false,"template":"","format":"standard","meta":{"_acf_changed":false,"_sitemap_exclude":false,"_sitemap_priority":"","_sitemap_frequency":"","footnotes":""},"categories":[57],"tags":[],"class_list":["post-165269","post","type-post","status-publish","format-standard","has-post-thumbnail","hentry","category-menim-fikrimce","infinite-scroll-item","generate-columns","tablet-grid-50","mobile-grid-100","grid-parent","grid-33","no-featured-image-padding"],"acf":[],"yoast_head":"<!-- This site is optimized with the Yoast SEO plugin v27.4 - https:\/\/yoast.com\/product\/yoast-seo-wordpress\/ -->\n<title>Az\u0259rbaycan niy\u0259 maraqs\u0131zd\u0131r? - MEYDAN.TV<\/title>\n<meta name=\"robots\" content=\"index, follow, max-snippet:-1, max-image-preview:large, max-video-preview:-1\" \/>\n<link rel=\"canonical\" href=\"https:\/\/www.meydan.tv\/az\/article\/azerbaycan-niye-maraqsizdir\/\" \/>\n<meta property=\"og:locale\" content=\"az_AZ\" \/>\n<meta property=\"og:type\" content=\"article\" \/>\n<meta property=\"og:title\" content=\"Az\u0259rbaycan niy\u0259 maraqs\u0131zd\u0131r? - MEYDAN.TV\" \/>\n<meta property=\"og:description\" content=\"\u00d6lk\u0259 sad\u0259c\u0259 banal co\u011frafiya v\u0259 xammal toponimikas\u0131ndan ibar\u0259tdirs\u0259?\" \/>\n<meta property=\"og:url\" content=\"https:\/\/www.meydan.tv\/az\/article\/azerbaycan-niye-maraqsizdir\/\" \/>\n<meta property=\"og:site_name\" content=\"MEYDAN.TV\" \/>\n<meta property=\"article:published_time\" content=\"2014-09-12T17:44:35+00:00\" \/>\n<meta property=\"og:image\" content=\"https:\/\/www.meydan.tv\/wp-content\/uploads\/4906.jpg\" \/>\n\t<meta property=\"og:image:width\" content=\"500\" \/>\n\t<meta property=\"og:image:height\" content=\"500\" \/>\n\t<meta property=\"og:image:type\" content=\"image\/jpeg\" \/>\n<meta name=\"author\" content=\"user-manager\" \/>\n<meta name=\"twitter:card\" content=\"summary_large_image\" \/>\n<script type=\"application\/ld+json\" class=\"yoast-schema-graph\">{\"@context\":\"https:\\\/\\\/schema.org\",\"@graph\":[{\"@type\":\"Article\",\"@id\":\"https:\\\/\\\/www.meydan.tv\\\/az\\\/article\\\/azerbaycan-niye-maraqsizdir\\\/#article\",\"isPartOf\":{\"@id\":\"https:\\\/\\\/www.meydan.tv\\\/az\\\/article\\\/azerbaycan-niye-maraqsizdir\\\/\"},\"author\":{\"name\":\"user-manager\",\"@id\":\"https:\\\/\\\/www.meydan.tv\\\/az\\\/#\\\/schema\\\/person\\\/10d11eccf6da3662cf5fdab9806ea91a\"},\"headline\":\"Az\u0259rbaycan niy\u0259 maraqs\u0131zd\u0131r?\",\"datePublished\":\"2014-09-12T17:44:35+00:00\",\"mainEntityOfPage\":{\"@id\":\"https:\\\/\\\/www.meydan.tv\\\/az\\\/article\\\/azerbaycan-niye-maraqsizdir\\\/\"},\"wordCount\":1840,\"publisher\":{\"@id\":\"https:\\\/\\\/www.meydan.tv\\\/az\\\/#organization\"},\"image\":{\"@id\":\"https:\\\/\\\/www.meydan.tv\\\/az\\\/article\\\/azerbaycan-niye-maraqsizdir\\\/#primaryimage\"},\"thumbnailUrl\":\"https:\\\/\\\/www.meydan.tv\\\/wp-content\\\/uploads\\\/4906.jpg\",\"articleSection\":[\"M\u0259nim Fikrimc\u0259\"],\"inLanguage\":\"az\"},{\"@type\":\"WebPage\",\"@id\":\"https:\\\/\\\/www.meydan.tv\\\/az\\\/article\\\/azerbaycan-niye-maraqsizdir\\\/\",\"url\":\"https:\\\/\\\/www.meydan.tv\\\/az\\\/article\\\/azerbaycan-niye-maraqsizdir\\\/\",\"name\":\"Az\u0259rbaycan niy\u0259 maraqs\u0131zd\u0131r? - MEYDAN.TV\",\"isPartOf\":{\"@id\":\"https:\\\/\\\/www.meydan.tv\\\/az\\\/#website\"},\"primaryImageOfPage\":{\"@id\":\"https:\\\/\\\/www.meydan.tv\\\/az\\\/article\\\/azerbaycan-niye-maraqsizdir\\\/#primaryimage\"},\"image\":{\"@id\":\"https:\\\/\\\/www.meydan.tv\\\/az\\\/article\\\/azerbaycan-niye-maraqsizdir\\\/#primaryimage\"},\"thumbnailUrl\":\"https:\\\/\\\/www.meydan.tv\\\/wp-content\\\/uploads\\\/4906.jpg\",\"datePublished\":\"2014-09-12T17:44:35+00:00\",\"breadcrumb\":{\"@id\":\"https:\\\/\\\/www.meydan.tv\\\/az\\\/article\\\/azerbaycan-niye-maraqsizdir\\\/#breadcrumb\"},\"inLanguage\":\"az\",\"potentialAction\":[{\"@type\":\"ReadAction\",\"target\":[\"https:\\\/\\\/www.meydan.tv\\\/az\\\/article\\\/azerbaycan-niye-maraqsizdir\\\/\"]}]},{\"@type\":\"ImageObject\",\"inLanguage\":\"az\",\"@id\":\"https:\\\/\\\/www.meydan.tv\\\/az\\\/article\\\/azerbaycan-niye-maraqsizdir\\\/#primaryimage\",\"url\":\"https:\\\/\\\/www.meydan.tv\\\/wp-content\\\/uploads\\\/4906.jpg\",\"contentUrl\":\"https:\\\/\\\/www.meydan.tv\\\/wp-content\\\/uploads\\\/4906.jpg\",\"width\":500,\"height\":500,\"caption\":\"Source:\"},{\"@type\":\"BreadcrumbList\",\"@id\":\"https:\\\/\\\/www.meydan.tv\\\/az\\\/article\\\/azerbaycan-niye-maraqsizdir\\\/#breadcrumb\",\"itemListElement\":[{\"@type\":\"ListItem\",\"position\":1,\"name\":\"Ana s\u0259hif\u0259\",\"item\":\"https:\\\/\\\/www.meydan.tv\\\/az\\\/\"},{\"@type\":\"ListItem\",\"position\":2,\"name\":\"M\u0259nim Fikrimc\u0259\",\"item\":\"https:\\\/\\\/www.meydan.tv\\\/az\\\/section\\\/menim-fikrimce\\\/\"},{\"@type\":\"ListItem\",\"position\":3,\"name\":\"Az\u0259rbaycan niy\u0259 maraqs\u0131zd\u0131r?\"}]},{\"@type\":\"WebSite\",\"@id\":\"https:\\\/\\\/www.meydan.tv\\\/az\\\/#website\",\"url\":\"https:\\\/\\\/www.meydan.tv\\\/az\\\/\",\"name\":\"MEYDAN.TV\",\"description\":\"Meydan TV Az\u0259rbaycan\u0131n media m\u0259kan\u0131ndak\u0131 alternativ s\u0259sidir\",\"publisher\":{\"@id\":\"https:\\\/\\\/www.meydan.tv\\\/az\\\/#organization\"},\"potentialAction\":[{\"@type\":\"SearchAction\",\"target\":{\"@type\":\"EntryPoint\",\"urlTemplate\":\"https:\\\/\\\/www.meydan.tv\\\/az\\\/?s={search_term_string}\"},\"query-input\":{\"@type\":\"PropertyValueSpecification\",\"valueRequired\":true,\"valueName\":\"search_term_string\"}}],\"inLanguage\":\"az\"},{\"@type\":\"Organization\",\"@id\":\"https:\\\/\\\/www.meydan.tv\\\/az\\\/#organization\",\"name\":\"Meydan TV\",\"url\":\"https:\\\/\\\/www.meydan.tv\\\/az\\\/\",\"logo\":{\"@type\":\"ImageObject\",\"inLanguage\":\"az\",\"@id\":\"https:\\\/\\\/www.meydan.tv\\\/az\\\/#\\\/schema\\\/logo\\\/image\\\/\",\"url\":\"https:\\\/\\\/www.meydan.tv\\\/wp-content\\\/uploads\\\/2021\\\/07\\\/meydan-logo.svg\",\"contentUrl\":\"https:\\\/\\\/www.meydan.tv\\\/wp-content\\\/uploads\\\/2021\\\/07\\\/meydan-logo.svg\",\"width\":195,\"height\":46,\"caption\":\"Meydan TV\"},\"image\":{\"@id\":\"https:\\\/\\\/www.meydan.tv\\\/az\\\/#\\\/schema\\\/logo\\\/image\\\/\"}},{\"@type\":\"Person\",\"@id\":\"https:\\\/\\\/www.meydan.tv\\\/az\\\/#\\\/schema\\\/person\\\/10d11eccf6da3662cf5fdab9806ea91a\",\"name\":\"user-manager\"}]}<\/script>\n<!-- \/ Yoast SEO plugin. -->","yoast_head_json":{"title":"Az\u0259rbaycan niy\u0259 maraqs\u0131zd\u0131r? - MEYDAN.TV","robots":{"index":"index","follow":"follow","max-snippet":"max-snippet:-1","max-image-preview":"max-image-preview:large","max-video-preview":"max-video-preview:-1"},"canonical":"https:\/\/www.meydan.tv\/az\/article\/azerbaycan-niye-maraqsizdir\/","og_locale":"az_AZ","og_type":"article","og_title":"Az\u0259rbaycan niy\u0259 maraqs\u0131zd\u0131r? - MEYDAN.TV","og_description":"\u00d6lk\u0259 sad\u0259c\u0259 banal co\u011frafiya v\u0259 xammal toponimikas\u0131ndan ibar\u0259tdirs\u0259?","og_url":"https:\/\/www.meydan.tv\/az\/article\/azerbaycan-niye-maraqsizdir\/","og_site_name":"MEYDAN.TV","article_published_time":"2014-09-12T17:44:35+00:00","og_image":[{"width":500,"height":500,"url":"https:\/\/www.meydan.tv\/wp-content\/uploads\/4906.jpg","type":"image\/jpeg"}],"author":"user-manager","twitter_card":"summary_large_image","schema":{"@context":"https:\/\/schema.org","@graph":[{"@type":"Article","@id":"https:\/\/www.meydan.tv\/az\/article\/azerbaycan-niye-maraqsizdir\/#article","isPartOf":{"@id":"https:\/\/www.meydan.tv\/az\/article\/azerbaycan-niye-maraqsizdir\/"},"author":{"name":"user-manager","@id":"https:\/\/www.meydan.tv\/az\/#\/schema\/person\/10d11eccf6da3662cf5fdab9806ea91a"},"headline":"Az\u0259rbaycan niy\u0259 maraqs\u0131zd\u0131r?","datePublished":"2014-09-12T17:44:35+00:00","mainEntityOfPage":{"@id":"https:\/\/www.meydan.tv\/az\/article\/azerbaycan-niye-maraqsizdir\/"},"wordCount":1840,"publisher":{"@id":"https:\/\/www.meydan.tv\/az\/#organization"},"image":{"@id":"https:\/\/www.meydan.tv\/az\/article\/azerbaycan-niye-maraqsizdir\/#primaryimage"},"thumbnailUrl":"https:\/\/www.meydan.tv\/wp-content\/uploads\/4906.jpg","articleSection":["M\u0259nim Fikrimc\u0259"],"inLanguage":"az"},{"@type":"WebPage","@id":"https:\/\/www.meydan.tv\/az\/article\/azerbaycan-niye-maraqsizdir\/","url":"https:\/\/www.meydan.tv\/az\/article\/azerbaycan-niye-maraqsizdir\/","name":"Az\u0259rbaycan niy\u0259 maraqs\u0131zd\u0131r? - MEYDAN.TV","isPartOf":{"@id":"https:\/\/www.meydan.tv\/az\/#website"},"primaryImageOfPage":{"@id":"https:\/\/www.meydan.tv\/az\/article\/azerbaycan-niye-maraqsizdir\/#primaryimage"},"image":{"@id":"https:\/\/www.meydan.tv\/az\/article\/azerbaycan-niye-maraqsizdir\/#primaryimage"},"thumbnailUrl":"https:\/\/www.meydan.tv\/wp-content\/uploads\/4906.jpg","datePublished":"2014-09-12T17:44:35+00:00","breadcrumb":{"@id":"https:\/\/www.meydan.tv\/az\/article\/azerbaycan-niye-maraqsizdir\/#breadcrumb"},"inLanguage":"az","potentialAction":[{"@type":"ReadAction","target":["https:\/\/www.meydan.tv\/az\/article\/azerbaycan-niye-maraqsizdir\/"]}]},{"@type":"ImageObject","inLanguage":"az","@id":"https:\/\/www.meydan.tv\/az\/article\/azerbaycan-niye-maraqsizdir\/#primaryimage","url":"https:\/\/www.meydan.tv\/wp-content\/uploads\/4906.jpg","contentUrl":"https:\/\/www.meydan.tv\/wp-content\/uploads\/4906.jpg","width":500,"height":500,"caption":"Source:"},{"@type":"BreadcrumbList","@id":"https:\/\/www.meydan.tv\/az\/article\/azerbaycan-niye-maraqsizdir\/#breadcrumb","itemListElement":[{"@type":"ListItem","position":1,"name":"Ana s\u0259hif\u0259","item":"https:\/\/www.meydan.tv\/az\/"},{"@type":"ListItem","position":2,"name":"M\u0259nim Fikrimc\u0259","item":"https:\/\/www.meydan.tv\/az\/section\/menim-fikrimce\/"},{"@type":"ListItem","position":3,"name":"Az\u0259rbaycan niy\u0259 maraqs\u0131zd\u0131r?"}]},{"@type":"WebSite","@id":"https:\/\/www.meydan.tv\/az\/#website","url":"https:\/\/www.meydan.tv\/az\/","name":"MEYDAN.TV","description":"Meydan TV Az\u0259rbaycan\u0131n media m\u0259kan\u0131ndak\u0131 alternativ s\u0259sidir","publisher":{"@id":"https:\/\/www.meydan.tv\/az\/#organization"},"potentialAction":[{"@type":"SearchAction","target":{"@type":"EntryPoint","urlTemplate":"https:\/\/www.meydan.tv\/az\/?s={search_term_string}"},"query-input":{"@type":"PropertyValueSpecification","valueRequired":true,"valueName":"search_term_string"}}],"inLanguage":"az"},{"@type":"Organization","@id":"https:\/\/www.meydan.tv\/az\/#organization","name":"Meydan TV","url":"https:\/\/www.meydan.tv\/az\/","logo":{"@type":"ImageObject","inLanguage":"az","@id":"https:\/\/www.meydan.tv\/az\/#\/schema\/logo\/image\/","url":"https:\/\/www.meydan.tv\/wp-content\/uploads\/2021\/07\/meydan-logo.svg","contentUrl":"https:\/\/www.meydan.tv\/wp-content\/uploads\/2021\/07\/meydan-logo.svg","width":195,"height":46,"caption":"Meydan TV"},"image":{"@id":"https:\/\/www.meydan.tv\/az\/#\/schema\/logo\/image\/"}},{"@type":"Person","@id":"https:\/\/www.meydan.tv\/az\/#\/schema\/person\/10d11eccf6da3662cf5fdab9806ea91a","name":"user-manager"}]}},"_links":{"self":[{"href":"https:\/\/www.meydan.tv\/az\/wp-json\/wp\/v2\/posts\/165269","targetHints":{"allow":["GET"]}}],"collection":[{"href":"https:\/\/www.meydan.tv\/az\/wp-json\/wp\/v2\/posts"}],"about":[{"href":"https:\/\/www.meydan.tv\/az\/wp-json\/wp\/v2\/types\/post"}],"author":[{"embeddable":true,"href":"https:\/\/www.meydan.tv\/az\/wp-json\/wp\/v2\/users\/11"}],"replies":[{"embeddable":true,"href":"https:\/\/www.meydan.tv\/az\/wp-json\/wp\/v2\/comments?post=165269"}],"version-history":[{"count":0,"href":"https:\/\/www.meydan.tv\/az\/wp-json\/wp\/v2\/posts\/165269\/revisions"}],"wp:featuredmedia":[{"embeddable":true,"href":"https:\/\/www.meydan.tv\/az\/wp-json\/wp\/v2\/media\/14163"}],"wp:attachment":[{"href":"https:\/\/www.meydan.tv\/az\/wp-json\/wp\/v2\/media?parent=165269"}],"wp:term":[{"taxonomy":"category","embeddable":true,"href":"https:\/\/www.meydan.tv\/az\/wp-json\/wp\/v2\/categories?post=165269"},{"taxonomy":"post_tag","embeddable":true,"href":"https:\/\/www.meydan.tv\/az\/wp-json\/wp\/v2\/tags?post=165269"}],"curies":[{"name":"wp","href":"https:\/\/api.w.org\/{rel}","templated":true}]}}