{"id":165232,"date":"2014-09-10T00:23:32","date_gmt":"2014-09-10T00:23:32","guid":{"rendered":"https:\/\/www.meydan.tv\/article\/onlara-verilen-deyer\/"},"modified":"2014-09-10T00:23:32","modified_gmt":"2014-09-10T00:23:32","slug":"onlara-verilen-deyer","status":"publish","type":"post","link":"https:\/\/www.meydan.tv\/az\/article\/onlara-verilen-deyer\/","title":{"rendered":"Onlara veril\u0259n d\u0259y\u0259r&#8230;"},"content":{"rendered":"<figure class=\"wp-block-image size-large\">\n  <img decoding=\"async\" src=\"https:\/\/www.meydan.tv\/az\/14028\/\" alt=\"\" class=\"wp-image-14028\"\/><figcaption><\/figcaption><\/figure>\n<figure class=\"wp-block-image size-large\">\n  <img decoding=\"async\" src=\"https:\/\/www.meydan.tv\/az\/14025\/\" alt=\"\" class=\"wp-image-14025\"\/><figcaption><\/figcaption><\/figure>\n<p>\n  Art\u0131q siyasi m\u0259hbus m\u0259s\u0259l\u0259si g\u00fcnl\u00fck h\u0259yat\u0131m\u0131zda normal hala \u00e7evrilib. M\u00fcbariz\u0259d\u0259 f\u0259al olan insanlar\u0131n h\u0259bsi qa\u00e7\u0131n\u0131lmazd\u0131r. V\u0259 h\u0259bs olunurlar. B\u0259s biz onlar \u00fc\u00e7\u00fcn n\u0259 edirik? \u0130\u015f o h\u0259dd\u0259 \u00e7atm\u0131\u015fd\u0131 ki, Zaur Qurbanl\u0131 K\u00fcrd\u0259xan\u0131dan yaz\u0131 yaz\u0131b, ham\u0131m\u0131z\u0131n haqql\u0131 olaraq \u201cqula\u011f\u0131n\u0131 \u00e7\u0259kmi\u015fdi\u201d.\u00a0 H\u0259bs olunurlar, sonra eyni adamlar m\u0259hk\u0259m\u0259l\u0259rin, polis idar\u0259l\u0259rin qar\u015f\u0131s\u0131na gedir, profil \u015f\u0259kill\u0259rini d\u0259yi\u015fir, statuslar yaz\u0131r. B\u0259s, bu sektora yax\u0131n olmayan sad\u0259 v\u0259t\u0259nda\u015f\u0131n vecin\u0259dimi v\u0259 yaxud x\u0259b\u0259ri varm\u0131? \u0130ndi g\u00f6r\u00fcn, avropal\u0131lar, beyn\u0259lxalq t\u0259\u015fkilatlar n\u0259 edir?\n<\/p>\n<p>\n  G\u00f6t\u00fcr\u0259k, R\u0259sul C\u0259f\u0259rovun h\u0259bsini. H\u0259bs olunan g\u00fcnd\u0259n bu yana xaricd\u0259n g\u0259l\u0259n h\u0259diyy\u0259l\u0259rin, a\u00e7\u0131qcalar\u0131n, m\u0259ktublar\u0131n, b\u0259yanatlar\u0131n, kitablar\u0131n ard\u0131-aras\u0131 k\u0259silmir. Bunu misal olaraq, verir\u0259m. Siyasi m\u0259hbuslar\u0131n \u00e7oxunun h\u0259bsind\u0259 bel\u0259 olub. Bizim m\u00fcxalif\u0259t t\u0259\u015fkilatlar\u0131 is\u0259 y\u0131\u011f\u0131\u015f\u0131b, bir yerd\u0259 b\u0259yanat verm\u0259k c\u00fcr\u0259tini bel\u0259 g\u00f6st\u0259rmirl\u0259r. Bunu q\u0131namaq \u00fc\u00e7\u00fcn demir\u0259m, olan\u0131 deyir\u0259m.\n<\/p>\n<p>\n  \u00d6m\u0259r M\u0259mm\u0259dovun h\u0259bsini Almaniya metrolar\u0131n\u0131n monitorlar\u0131nda film kimi verib, insanlar\u0131 m\u0259lumatland\u0131r\u0131rd\u0131lar. Bizim metrolarda ged\u0259n sad\u0259 v\u0259t\u0259nda\u015f\u0131n x\u0259b\u0259ri varm\u0131 g\u00f6r\u0259s\u0259n 18 ya\u015fl\u0131 g\u0259nci qanunsuz h\u0259bs edibl\u0259r? Siyasi m\u0259hbus ail\u0259l\u0259rin\u0259 n\u0259 q\u0259d\u0259r yard\u0131m etmi\u015fik? \u00c7ox ail\u0259 ba\u015fs\u0131z qal\u0131b. U\u015faqlar\u0131n\u0131n t\u0259hsilin\u0259 k\u00f6m\u0259k edirikmi? Bunu kiml\u0259ris\u0259 q\u0131namaq \u00fc\u00e7\u00fcn demir\u0259m. Bel\u0259d\u0259 ki, lap q\u0131nay\u0131ram. \u00d6z\u00fcm d\u0259 daxil, ham\u0131m\u0131z\u0131&#8230;\n<\/p>\n<p>\n  Qanunsuz h\u0259bs olunduqlar\u0131n\u0131 9 milyon Az\u0259rbaycan xalq\u0131 bilmirs\u0259, i\u00e7\u0259rid\u0259 normal yem\u0259kl\u0259rl\u0259, kitablarla, ad g\u00fcnl\u0259rind\u0259 h\u0259diyy\u0259l\u0259rl\u0259, m\u0259ktublarla, ail\u0259l\u0259rin\u0259 he\u00e7 olmasa, bayramlarda yard\u0131mlarla, u\u015faqlar\u0131n\u0131 t\u0259hsill\u0259 t\u0259min ed\u0259 bilmiriks\u0259, bunun g\u00fcnahkar\u0131 ham\u0131m\u0131z\u0131q, bizik! N\u0259yi g\u00f6zl\u0259yirik? Bunu bizim yerimiz\u0259 beyn\u0259lxalq al\u0259m edir. Utan\u0131r\u0131qm\u0131 he\u00e7? Utanmamal\u0131y\u0131q, t\u0259cili f\u0259aliyy\u0259t\u0259 ba\u015flamal\u0131y\u0131q.\n<\/p>\n<p>\n  Kim \u0259lind\u0259n n\u0259 g\u0259lirs\u0259, he\u00e7 n\u0259yi g\u00f6zl\u0259m\u0259d\u0259n. Onlar\u0131n ail\u0259l\u0259ri biz\u0259 \u0259man\u0259tdi. Bizim \u00fc\u00e7\u00fcn m\u00fcbariz\u0259 apar\u0131blar. Bu m\u0259s\u0259l\u0259d\u0259n \u00fcz\u00fc a\u011f \u00e7\u0131xaca\u011f\u0131m\u0131za inan\u0131ram. \u0130nan\u0131ram, biz o m\u0259hbuslar\u0131n \u00f6zl\u0259rin\u0259 d\u0259, biz\u0259 buraxd\u0131qlar\u0131 \u0259man\u0259tl\u0259r\u0259 d\u0259 sahib \u00e7\u0131xac\u0131y\u0131q.<\/p>\n","protected":false},"excerpt":{"rendered":"<p>Zaur Qurbanl\u0131 K\u00fcrd\u0259xan\u0131dan yaz\u0131 yaz\u0131b, ham\u0131m\u0131z\u0131n \u201cqula\u011f\u0131n\u0131 \u00e7\u0259kmi\u015fdi\u201d<\/p>\n","protected":false},"author":11,"featured_media":14028,"comment_status":"closed","ping_status":"open","sticky":false,"template":"","format":"standard","meta":{"_acf_changed":false,"_sitemap_exclude":false,"_sitemap_priority":"","_sitemap_frequency":"","footnotes":""},"categories":[57],"tags":[],"class_list":["post-165232","post","type-post","status-publish","format-standard","has-post-thumbnail","hentry","category-menim-fikrimce","infinite-scroll-item","generate-columns","tablet-grid-50","mobile-grid-100","grid-parent","grid-33","no-featured-image-padding"],"acf":[],"yoast_head":"<!-- This site is optimized with the Yoast SEO plugin v27.4 - https:\/\/yoast.com\/product\/yoast-seo-wordpress\/ -->\n<title>Onlara veril\u0259n d\u0259y\u0259r... - MEYDAN.TV<\/title>\n<meta name=\"robots\" content=\"index, follow, max-snippet:-1, max-image-preview:large, max-video-preview:-1\" \/>\n<link rel=\"canonical\" href=\"https:\/\/www.meydan.tv\/az\/article\/onlara-verilen-deyer\/\" \/>\n<meta property=\"og:locale\" content=\"az_AZ\" \/>\n<meta property=\"og:type\" content=\"article\" \/>\n<meta property=\"og:title\" content=\"Onlara veril\u0259n d\u0259y\u0259r... - MEYDAN.TV\" \/>\n<meta property=\"og:description\" content=\"Zaur Qurbanl\u0131 K\u00fcrd\u0259xan\u0131dan yaz\u0131 yaz\u0131b, ham\u0131m\u0131z\u0131n \u201cqula\u011f\u0131n\u0131 \u00e7\u0259kmi\u015fdi\u201d\" \/>\n<meta property=\"og:url\" content=\"https:\/\/www.meydan.tv\/az\/article\/onlara-verilen-deyer\/\" \/>\n<meta property=\"og:site_name\" content=\"MEYDAN.TV\" \/>\n<meta property=\"article:published_time\" content=\"2014-09-10T00:23:32+00:00\" \/>\n<meta property=\"og:image\" content=\"https:\/\/www.meydan.tv\/wp-content\/uploads\/4857.jpg\" \/>\n\t<meta property=\"og:image:width\" content=\"500\" \/>\n\t<meta property=\"og:image:height\" content=\"500\" \/>\n\t<meta property=\"og:image:type\" content=\"image\/jpeg\" \/>\n<meta name=\"author\" content=\"user-manager\" \/>\n<meta name=\"twitter:card\" content=\"summary_large_image\" \/>\n<script type=\"application\/ld+json\" class=\"yoast-schema-graph\">{\"@context\":\"https:\\\/\\\/schema.org\",\"@graph\":[{\"@type\":\"Article\",\"@id\":\"https:\\\/\\\/www.meydan.tv\\\/az\\\/article\\\/onlara-verilen-deyer\\\/#article\",\"isPartOf\":{\"@id\":\"https:\\\/\\\/www.meydan.tv\\\/az\\\/article\\\/onlara-verilen-deyer\\\/\"},\"author\":{\"name\":\"user-manager\",\"@id\":\"https:\\\/\\\/www.meydan.tv\\\/az\\\/#\\\/schema\\\/person\\\/10d11eccf6da3662cf5fdab9806ea91a\"},\"headline\":\"Onlara veril\u0259n d\u0259y\u0259r&#8230;\",\"datePublished\":\"2014-09-10T00:23:32+00:00\",\"mainEntityOfPage\":{\"@id\":\"https:\\\/\\\/www.meydan.tv\\\/az\\\/article\\\/onlara-verilen-deyer\\\/\"},\"wordCount\":468,\"publisher\":{\"@id\":\"https:\\\/\\\/www.meydan.tv\\\/az\\\/#organization\"},\"image\":{\"@id\":\"https:\\\/\\\/www.meydan.tv\\\/az\\\/article\\\/onlara-verilen-deyer\\\/#primaryimage\"},\"thumbnailUrl\":\"https:\\\/\\\/www.meydan.tv\\\/wp-content\\\/uploads\\\/4857.jpg\",\"articleSection\":[\"M\u0259nim Fikrimc\u0259\"],\"inLanguage\":\"az\"},{\"@type\":\"WebPage\",\"@id\":\"https:\\\/\\\/www.meydan.tv\\\/az\\\/article\\\/onlara-verilen-deyer\\\/\",\"url\":\"https:\\\/\\\/www.meydan.tv\\\/az\\\/article\\\/onlara-verilen-deyer\\\/\",\"name\":\"Onlara veril\u0259n d\u0259y\u0259r... - MEYDAN.TV\",\"isPartOf\":{\"@id\":\"https:\\\/\\\/www.meydan.tv\\\/az\\\/#website\"},\"primaryImageOfPage\":{\"@id\":\"https:\\\/\\\/www.meydan.tv\\\/az\\\/article\\\/onlara-verilen-deyer\\\/#primaryimage\"},\"image\":{\"@id\":\"https:\\\/\\\/www.meydan.tv\\\/az\\\/article\\\/onlara-verilen-deyer\\\/#primaryimage\"},\"thumbnailUrl\":\"https:\\\/\\\/www.meydan.tv\\\/wp-content\\\/uploads\\\/4857.jpg\",\"datePublished\":\"2014-09-10T00:23:32+00:00\",\"breadcrumb\":{\"@id\":\"https:\\\/\\\/www.meydan.tv\\\/az\\\/article\\\/onlara-verilen-deyer\\\/#breadcrumb\"},\"inLanguage\":\"az\",\"potentialAction\":[{\"@type\":\"ReadAction\",\"target\":[\"https:\\\/\\\/www.meydan.tv\\\/az\\\/article\\\/onlara-verilen-deyer\\\/\"]}]},{\"@type\":\"ImageObject\",\"inLanguage\":\"az\",\"@id\":\"https:\\\/\\\/www.meydan.tv\\\/az\\\/article\\\/onlara-verilen-deyer\\\/#primaryimage\",\"url\":\"https:\\\/\\\/www.meydan.tv\\\/wp-content\\\/uploads\\\/4857.jpg\",\"contentUrl\":\"https:\\\/\\\/www.meydan.tv\\\/wp-content\\\/uploads\\\/4857.jpg\",\"width\":500,\"height\":500,\"caption\":\"Source:\"},{\"@type\":\"BreadcrumbList\",\"@id\":\"https:\\\/\\\/www.meydan.tv\\\/az\\\/article\\\/onlara-verilen-deyer\\\/#breadcrumb\",\"itemListElement\":[{\"@type\":\"ListItem\",\"position\":1,\"name\":\"Ana s\u0259hif\u0259\",\"item\":\"https:\\\/\\\/www.meydan.tv\\\/az\\\/\"},{\"@type\":\"ListItem\",\"position\":2,\"name\":\"M\u0259nim Fikrimc\u0259\",\"item\":\"https:\\\/\\\/www.meydan.tv\\\/az\\\/section\\\/menim-fikrimce\\\/\"},{\"@type\":\"ListItem\",\"position\":3,\"name\":\"Onlara veril\u0259n d\u0259y\u0259r&#8230;\"}]},{\"@type\":\"WebSite\",\"@id\":\"https:\\\/\\\/www.meydan.tv\\\/az\\\/#website\",\"url\":\"https:\\\/\\\/www.meydan.tv\\\/az\\\/\",\"name\":\"MEYDAN.TV\",\"description\":\"Meydan TV Az\u0259rbaycan\u0131n media m\u0259kan\u0131ndak\u0131 alternativ s\u0259sidir\",\"publisher\":{\"@id\":\"https:\\\/\\\/www.meydan.tv\\\/az\\\/#organization\"},\"potentialAction\":[{\"@type\":\"SearchAction\",\"target\":{\"@type\":\"EntryPoint\",\"urlTemplate\":\"https:\\\/\\\/www.meydan.tv\\\/az\\\/?s={search_term_string}\"},\"query-input\":{\"@type\":\"PropertyValueSpecification\",\"valueRequired\":true,\"valueName\":\"search_term_string\"}}],\"inLanguage\":\"az\"},{\"@type\":\"Organization\",\"@id\":\"https:\\\/\\\/www.meydan.tv\\\/az\\\/#organization\",\"name\":\"Meydan TV\",\"url\":\"https:\\\/\\\/www.meydan.tv\\\/az\\\/\",\"logo\":{\"@type\":\"ImageObject\",\"inLanguage\":\"az\",\"@id\":\"https:\\\/\\\/www.meydan.tv\\\/az\\\/#\\\/schema\\\/logo\\\/image\\\/\",\"url\":\"https:\\\/\\\/www.meydan.tv\\\/wp-content\\\/uploads\\\/2021\\\/07\\\/meydan-logo.svg\",\"contentUrl\":\"https:\\\/\\\/www.meydan.tv\\\/wp-content\\\/uploads\\\/2021\\\/07\\\/meydan-logo.svg\",\"width\":195,\"height\":46,\"caption\":\"Meydan TV\"},\"image\":{\"@id\":\"https:\\\/\\\/www.meydan.tv\\\/az\\\/#\\\/schema\\\/logo\\\/image\\\/\"}},{\"@type\":\"Person\",\"@id\":\"https:\\\/\\\/www.meydan.tv\\\/az\\\/#\\\/schema\\\/person\\\/10d11eccf6da3662cf5fdab9806ea91a\",\"name\":\"user-manager\"}]}<\/script>\n<!-- \/ Yoast SEO plugin. -->","yoast_head_json":{"title":"Onlara veril\u0259n d\u0259y\u0259r... - MEYDAN.TV","robots":{"index":"index","follow":"follow","max-snippet":"max-snippet:-1","max-image-preview":"max-image-preview:large","max-video-preview":"max-video-preview:-1"},"canonical":"https:\/\/www.meydan.tv\/az\/article\/onlara-verilen-deyer\/","og_locale":"az_AZ","og_type":"article","og_title":"Onlara veril\u0259n d\u0259y\u0259r... - MEYDAN.TV","og_description":"Zaur Qurbanl\u0131 K\u00fcrd\u0259xan\u0131dan yaz\u0131 yaz\u0131b, ham\u0131m\u0131z\u0131n \u201cqula\u011f\u0131n\u0131 \u00e7\u0259kmi\u015fdi\u201d","og_url":"https:\/\/www.meydan.tv\/az\/article\/onlara-verilen-deyer\/","og_site_name":"MEYDAN.TV","article_published_time":"2014-09-10T00:23:32+00:00","og_image":[{"width":500,"height":500,"url":"https:\/\/www.meydan.tv\/wp-content\/uploads\/4857.jpg","type":"image\/jpeg"}],"author":"user-manager","twitter_card":"summary_large_image","schema":{"@context":"https:\/\/schema.org","@graph":[{"@type":"Article","@id":"https:\/\/www.meydan.tv\/az\/article\/onlara-verilen-deyer\/#article","isPartOf":{"@id":"https:\/\/www.meydan.tv\/az\/article\/onlara-verilen-deyer\/"},"author":{"name":"user-manager","@id":"https:\/\/www.meydan.tv\/az\/#\/schema\/person\/10d11eccf6da3662cf5fdab9806ea91a"},"headline":"Onlara veril\u0259n d\u0259y\u0259r&#8230;","datePublished":"2014-09-10T00:23:32+00:00","mainEntityOfPage":{"@id":"https:\/\/www.meydan.tv\/az\/article\/onlara-verilen-deyer\/"},"wordCount":468,"publisher":{"@id":"https:\/\/www.meydan.tv\/az\/#organization"},"image":{"@id":"https:\/\/www.meydan.tv\/az\/article\/onlara-verilen-deyer\/#primaryimage"},"thumbnailUrl":"https:\/\/www.meydan.tv\/wp-content\/uploads\/4857.jpg","articleSection":["M\u0259nim Fikrimc\u0259"],"inLanguage":"az"},{"@type":"WebPage","@id":"https:\/\/www.meydan.tv\/az\/article\/onlara-verilen-deyer\/","url":"https:\/\/www.meydan.tv\/az\/article\/onlara-verilen-deyer\/","name":"Onlara veril\u0259n d\u0259y\u0259r... - MEYDAN.TV","isPartOf":{"@id":"https:\/\/www.meydan.tv\/az\/#website"},"primaryImageOfPage":{"@id":"https:\/\/www.meydan.tv\/az\/article\/onlara-verilen-deyer\/#primaryimage"},"image":{"@id":"https:\/\/www.meydan.tv\/az\/article\/onlara-verilen-deyer\/#primaryimage"},"thumbnailUrl":"https:\/\/www.meydan.tv\/wp-content\/uploads\/4857.jpg","datePublished":"2014-09-10T00:23:32+00:00","breadcrumb":{"@id":"https:\/\/www.meydan.tv\/az\/article\/onlara-verilen-deyer\/#breadcrumb"},"inLanguage":"az","potentialAction":[{"@type":"ReadAction","target":["https:\/\/www.meydan.tv\/az\/article\/onlara-verilen-deyer\/"]}]},{"@type":"ImageObject","inLanguage":"az","@id":"https:\/\/www.meydan.tv\/az\/article\/onlara-verilen-deyer\/#primaryimage","url":"https:\/\/www.meydan.tv\/wp-content\/uploads\/4857.jpg","contentUrl":"https:\/\/www.meydan.tv\/wp-content\/uploads\/4857.jpg","width":500,"height":500,"caption":"Source:"},{"@type":"BreadcrumbList","@id":"https:\/\/www.meydan.tv\/az\/article\/onlara-verilen-deyer\/#breadcrumb","itemListElement":[{"@type":"ListItem","position":1,"name":"Ana s\u0259hif\u0259","item":"https:\/\/www.meydan.tv\/az\/"},{"@type":"ListItem","position":2,"name":"M\u0259nim Fikrimc\u0259","item":"https:\/\/www.meydan.tv\/az\/section\/menim-fikrimce\/"},{"@type":"ListItem","position":3,"name":"Onlara veril\u0259n d\u0259y\u0259r&#8230;"}]},{"@type":"WebSite","@id":"https:\/\/www.meydan.tv\/az\/#website","url":"https:\/\/www.meydan.tv\/az\/","name":"MEYDAN.TV","description":"Meydan TV Az\u0259rbaycan\u0131n media m\u0259kan\u0131ndak\u0131 alternativ s\u0259sidir","publisher":{"@id":"https:\/\/www.meydan.tv\/az\/#organization"},"potentialAction":[{"@type":"SearchAction","target":{"@type":"EntryPoint","urlTemplate":"https:\/\/www.meydan.tv\/az\/?s={search_term_string}"},"query-input":{"@type":"PropertyValueSpecification","valueRequired":true,"valueName":"search_term_string"}}],"inLanguage":"az"},{"@type":"Organization","@id":"https:\/\/www.meydan.tv\/az\/#organization","name":"Meydan TV","url":"https:\/\/www.meydan.tv\/az\/","logo":{"@type":"ImageObject","inLanguage":"az","@id":"https:\/\/www.meydan.tv\/az\/#\/schema\/logo\/image\/","url":"https:\/\/www.meydan.tv\/wp-content\/uploads\/2021\/07\/meydan-logo.svg","contentUrl":"https:\/\/www.meydan.tv\/wp-content\/uploads\/2021\/07\/meydan-logo.svg","width":195,"height":46,"caption":"Meydan TV"},"image":{"@id":"https:\/\/www.meydan.tv\/az\/#\/schema\/logo\/image\/"}},{"@type":"Person","@id":"https:\/\/www.meydan.tv\/az\/#\/schema\/person\/10d11eccf6da3662cf5fdab9806ea91a","name":"user-manager"}]}},"_links":{"self":[{"href":"https:\/\/www.meydan.tv\/az\/wp-json\/wp\/v2\/posts\/165232","targetHints":{"allow":["GET"]}}],"collection":[{"href":"https:\/\/www.meydan.tv\/az\/wp-json\/wp\/v2\/posts"}],"about":[{"href":"https:\/\/www.meydan.tv\/az\/wp-json\/wp\/v2\/types\/post"}],"author":[{"embeddable":true,"href":"https:\/\/www.meydan.tv\/az\/wp-json\/wp\/v2\/users\/11"}],"replies":[{"embeddable":true,"href":"https:\/\/www.meydan.tv\/az\/wp-json\/wp\/v2\/comments?post=165232"}],"version-history":[{"count":0,"href":"https:\/\/www.meydan.tv\/az\/wp-json\/wp\/v2\/posts\/165232\/revisions"}],"wp:featuredmedia":[{"embeddable":true,"href":"https:\/\/www.meydan.tv\/az\/wp-json\/wp\/v2\/media\/14028"}],"wp:attachment":[{"href":"https:\/\/www.meydan.tv\/az\/wp-json\/wp\/v2\/media?parent=165232"}],"wp:term":[{"taxonomy":"category","embeddable":true,"href":"https:\/\/www.meydan.tv\/az\/wp-json\/wp\/v2\/categories?post=165232"},{"taxonomy":"post_tag","embeddable":true,"href":"https:\/\/www.meydan.tv\/az\/wp-json\/wp\/v2\/tags?post=165232"}],"curies":[{"name":"wp","href":"https:\/\/api.w.org\/{rel}","templated":true}]}}