{"id":165213,"date":"2014-09-08T19:09:06","date_gmt":"2014-09-08T19:09:06","guid":{"rendered":"https:\/\/www.meydan.tv\/article\/kapitalizm-ve-dovlet\/"},"modified":"2014-09-08T19:09:06","modified_gmt":"2014-09-08T19:09:06","slug":"kapitalizm-ve-dovlet","status":"publish","type":"post","link":"https:\/\/www.meydan.tv\/az\/article\/kapitalizm-ve-dovlet\/","title":{"rendered":"Kapitalizm v\u0259 d\u00f6vl\u0259t"},"content":{"rendered":"<figure class=\"wp-block-image size-large\">\n  <img decoding=\"async\" src=\"https:\/\/www.meydan.tv\/az\/13974\/\" alt=\"\" class=\"wp-image-13974\"\/><figcaption><\/figcaption><\/figure>\n<figure class=\"wp-block-image size-large\">\n  <img decoding=\"async\" src=\"https:\/\/www.meydan.tv\/az\/13977\/\" alt=\"\" class=\"wp-image-13977\"\/><figcaption><\/figcaption><\/figure>\n<p>\n  <b><br \/>\n    &#8220;Laissez-faire&#8221;<br \/>\n  <\/b><br \/>\n  frans\u0131zcadan t\u0259rc\u00fcm\u0259d\u0259 bu ifad\u0259<br \/>\n  <b><br \/>\n    &#8220;qoyun<br \/>\n  <\/b><br \/>\n  <b><br \/>\n    ,<br \/>\n  <\/b><br \/>\n  <b><br \/>\n    etsinl\u0259r&#8221;<br \/>\n  <\/b><br \/>\n  dem\u0259kdir, \u0259sas\u0259n sosial-darvinizmin v\u0259 kapitalizmin b\u00fcn\u00f6vr\u0259sini t\u0259\u015fkil edir. Sosial-darvinizm \u00c7. Darvinin &#8220;t\u0259bi\u0259td\u0259 ya\u015famaq u\u011frunda m\u00fcbariz\u0259d\u0259 g\u00fccl\u00fcl\u0259r h\u0259yatda qal\u0131r, z\u0259ifl\u0259r m\u0259hv olur&#8221; hipotezini c\u0259miyy\u0259t\u0259 t\u0259tbiq olunmas\u0131n\u0131n t\u0259r\u0259fdar\u0131 olan c\u0259r\u0259yand\u0131r. Sosial-darvinizm d\u0259, kapitalizm d\u0259 rasist c\u0259r\u0259yanlard\u0131r v\u0259 yuxar\u0131da qeyd olunan fikird\u0259ki kimi g\u00fccl\u00fcl\u0259rin, ya da yuxar\u0131 t\u0259b\u0259q\u0259nin var-d\u00f6vl\u0259t i\u00e7ind\u0259 ya\u015fad\u0131\u011f\u0131, alt t\u0259b\u0259q\u0259nins\u0259 bir qar\u0131n \u00e7\u00f6r\u0259y\u0259 i\u015fl\u0259m\u0259k m\u0259cburiyy\u0259tind\u0259 oldu\u011fu, \u00fcst t\u0259b\u0259q\u0259l\u0259r t\u0259r\u0259find\u0259n istismar edildiyini \u0259ks etdir\u0259n m\u0259nz\u0259r\u0259ni normal, g\u00f6z\u0259l, \u0259dal\u0259t kimi q\u0259bul edirl\u0259r. Nec\u0259 ki, feodalizm \u015f\u0259raitind\u0259 xalq k\u00fctl\u0259l\u0259rinin acl\u0131q \u00e7\u0259km\u0259sinin fonunda hans\u0131sa n\u0259slin davam\u00e7\u0131lar\u0131 olan feodallar\u0131n t\u0259mt\u0259raql\u0131 h\u0259yat s\u00fcrm\u0259si rasist bir tablodursa, bacar\u0131qlar\u0131ndan as\u0131l\u0131 olaraq insanlar\u0131 sinifl\u0259r\u0259 b\u00f6l\u0259n kapitalizm d\u0259 tipik rasizmdir. B\u00f6y\u00fck depressiyadan sonra Keynesin n\u0259z\u0259riyy\u0259sin\u0259 uy\u011fun olaraq kapitalist d\u00f6vl\u0259tl\u0259r b\u00f6hranlar\u0131n faci\u0259vi h\u0259dd\u0259 \u00e7atmas\u0131ndan yay\u0131nmaq \u00fc\u00e7\u00fcn iqtisadiyyata m\u00fcdaxil\u0259 etm\u0259k q\u0259rar\u0131na g\u0259ldil\u0259r. Bu g\u00fcn d\u00fcnya bazar\u0131nda r\u0259qab\u0259t\u0259 \u0259n \u00e7ox davaml\u0131 mallara baxsan\u0131z, g\u00f6r\u0259rsiniz ki, h\u0259min mallara ixrac olunan d\u00f6vl\u0259t t\u0259r\u0259find\u0259n r\u0259qab\u0259t\u0259 davaml\u0131l\u0131\u011f\u0131n\u0131 qorumaq \u00fc\u00e7\u00fcn m\u00fcdaxil\u0259 olunur. Y\u0259ni azad bazar he\u00e7 d\u0259 tam azad deyil. N\u0259zar\u0259t olunmayan kapitalizm insanlara ya\u015famaq h\u00fcququ vermir. Laissez-faire &#8211; n\u0259 edirs\u0259n el\u0259&#8230; N\u0259 q\u0259d\u0259r \u00e7ox pulun varsa o, q\u0259d\u0259r h\u00fcququn var. Ba\u015fqa s\u00f6zl\u0259rl\u0259, bazarda ala bil\u0259c\u0259yin q\u0259d\u0259r h\u00fcquqa sahibs\u0259n.\n<\/p>\n<p>\n  Kapitalizmin ad\u0131n\u0131n s\u00f6z azadl\u0131\u011f\u0131n\u0131n v\u0259 demokratiyan\u0131n t\u0259minat\u00e7\u0131s\u0131 kimi \u00e7\u0259kilm\u0259si daha maraql\u0131d\u0131r. Kapitalizmin ilk d\u00f6vrl\u0259rind\u0259 bu, b\u0259lk\u0259 d\u0259 m\u00fcmk\u00fcnd\u00fcr. Lakin g\u00fcn\u00fcm\u00fcz\u00fcn neoliberalizm v\u0259 imperializm \u015f\u0259raitind\u0259 bu iddia sad\u0259c\u0259 absurddur. Kapitalizm inki\u015faf etdikc\u0259 varl\u0131lar daha da varlan\u0131r, kas\u0131blar is\u0259 daha da kas\u0131bla\u015f\u0131r. Bug\u00fcn AB\u015e medias\u0131na 2, \u00fcmumi olaraq d\u00fcnya medias\u0131na is\u0259 4 n\u0259h\u0259ng \u015firk\u0259t r\u0259hb\u0259rlik edir. \u018fg\u0259r media \u00e7oxlu sayda azad media qurulu\u015flar\u0131 yox, \u00e7oxlu sayda media qurulu\u015flar\u0131n\u0131n sahibi media-maqnatlar idar\u0259 edirs\u0259, orada azad mediadan, demokratiyadan dan\u0131\u015fmaq yersizdir. Nec\u0259 ki, Az\u0259rbaycan kimi \u00f6lk\u0259d\u0259 diktatura \u015f\u0259raitind\u0259 azad media s\u00fcni \u015f\u0259kild\u0259 (vergil\u0259rl\u0259, jurnalistl\u0259rin h\u0259bsi il\u0259) marginalla\u015fd\u0131r\u0131l\u0131bsa, neoliberalizm \u015f\u0259raitind\u0259 d\u0259 bu, n\u0259h\u0259ng media kampaniyalar\u0131n\u0131n daha da b\u00f6y\u00fcm\u0259si, \u00e7ox ciddi maliyy\u0259 ehtiyatlar\u0131na sahib olmalar\u0131, b\u00f6y\u00fck media kampaniyalar\u0131n\u0131n getdikc\u0259 daha az \u0259ld\u0259 toplanmas\u0131 n\u0259tic\u0259sind\u0259 azad media r\u0259qab\u0259t n\u0259tic\u0259sind\u0259 (m\u0259hz maliyy\u0259 il\u0259 \u0259laq\u0259li olaraq) marginalla\u015fd\u0131r\u0131l\u0131r.\n<\/p>\n<p>\n  Bu g\u00fcn New York Times, Washington Post kimi kampaniyalar \u00e7ap formas\u0131nda sat\u0131\u015fa \u00e7\u0131xard\u0131qlar\u0131 q\u0259zetl\u0259rd\u0259n bir q\u0259pik d\u0259 g\u0259lir g\u00f6t\u00fcrm\u00fcrl\u0259r, \u0259ksin\u0259 (h\u0259m d\u0259 sat\u0131\u015f art\u0131qca daha da \u00e7ox) itirirl\u0259r, \u00e7\u00fcnki buraxd\u0131qlar\u0131 q\u0259zetin maya d\u0259y\u0259ri q\u0259zetin bazar d\u0259y\u0259rind\u0259n daha \u00e7oxdur. Ald\u0131qlar\u0131 reklamlar vasit\u0259sil\u0259 bu z\u0259r\u0259ri kompensasiya edirl\u0259r. M\u0259qs\u0259d is\u0259 sad\u0259c\u0259 azad median\u0131 marginal saxlamaqd\u0131r. Bu g\u00fcn sol median\u0131n magjinall\u0131q s\u0259viyy\u0259sin\u0259 g\u00f6r\u0259 AB\u015e d\u00fcnyan\u0131n \u0259n qabaqc\u0131l yerl\u0259rind\u0259n birini tutur. Median\u0131 bu c\u00fcr manipulyasiya etm\u0259kl\u0259 b\u00f6y\u00fck k\u00fctl\u0259l\u0259ri idar\u0259 etm\u0259k, onlar\u0131n passiv v\u0259 apolitik qalmas\u0131na nail olunur. M\u0259hz buna g\u00f6r\u0259 AB\u015e d\u00fcnyan\u0131n \u0259n b\u00f6y\u00fck k\u00fctl\u0259 m\u0259d\u0259niyy\u0259ti idxal\u00e7\u0131s\u0131d\u0131r. V\u0259 bununla rejimin g\u0259r\u00e7\u0259k m\u00fcxalif\u0259tl\u0259rini asanl\u0131qla marginalla\u015fd\u0131ra bilir. &#8220;M\u0259n sol propoqanda aparacam\u201d deyib, General Motors-dan maliyy\u0259 d\u0259st\u0259yi ala bilm\u0259zsiniz. Ona g\u00f6r\u0259 d\u0259, kitab \u00e7ap etdirm\u0259k ist\u0259yirsinizs\u0259, bunu minimal tirajla ed\u0259c\u0259ksiniz. \u00c7\u00fcnki bu, &#8220;demokratiyad\u0131r&#8221;.\n<\/p>\n<p>\n  <b><br \/>\n    D\u00f6vl\u0259t n\u0259dir?<br \/>\n  <\/b>\n<\/p>\n<p>\n  D\u00f6vl\u0259t insanlar aras\u0131nda m\u00fc\u0259yy\u0259n bir \u0259laq\u0259 formas\u0131d\u0131r, bir insan\u0131n davran\u0131\u015f t\u0259rzidir, v\u0259ziyy\u0259tdir. D\u00f6vl\u0259t g\u0259lirin b\u0259rab\u0259r paylanmas\u0131 s\u0259b\u0259bi il\u0259 yaran\u0131b, lakin sonradan c\u0259miyy\u0259tin sinifl\u0259r\u0259 b\u00f6l\u00fcnm\u0259si prosesind\u0259 aktiv rol oynay\u0131b v\u0259 ali m\u0259qs\u0259d\u0259 &#8211; erroziyaya u\u011fray\u0131b. Tarixd\u0259 ba\u015f ver\u0259n ilk akt a\u011fa-k\u00f6l\u0259 m\u00fcnasib\u0259tidir. M\u00fcasir insan qanunlar v\u0259 ba\u015fqa k\u00f6m\u0259k\u00e7i vasit\u0259l\u0259rl\u0259 d\u00f6vl\u0259tl\u0259 a\u011fa-k\u00f6l\u0259 m\u00fcnasib\u0259ti ya\u015fay\u0131r. K\u00f6l\u0259 \u00f6z k\u00f6l\u0259liyin\u0259 \u00fcsyan qald\u0131rd\u0131\u011f\u0131 v\u0259 azad oldu\u011fu an avtomatik olaraq a\u011fa institutu da l\u0259\u011fv olunur. K\u00f6l\u0259 k\u00f6l\u0259 olmas\u0131 \u00fc\u00e7\u00fcn a\u011fadan n\u0259 q\u0259d\u0259r as\u0131l\u0131d\u0131rsa v\u0259 n\u0259 q\u0259d\u0259r yadla\u015fma\u011fa u\u011fray\u0131bsa, a\u011fan\u0131n da a\u011fa olmas\u0131 \u00fc\u00e7\u00fcn k\u00f6l\u0259d\u0259n eyni d\u0259r\u0259c\u0259d\u0259 as\u0131l\u0131d\u0131r, v\u0259 eyni d\u0259r\u0259c\u0259d\u0259 yadla\u015fma\u011fa u\u011fray\u0131b. M\u00fcasir d\u00f6vl\u0259t yadla\u015fma m\u0259fhumunu m\u00fc\u015fahid\u0259 ed\u0259 bil\u0259c\u0259yimiz pik h\u0259ddir. Etatistl\u0259rl\u0259 anarxistl\u0259r aras\u0131ndak\u0131 \u0259n b\u00f6y\u00fck f\u0259rq insanlara inanmaqd\u0131r. Etatistl\u0259r insanlar\u0131n \u00f6zl\u0259rinin \u00f6zl\u0259rini idar\u0259 ed\u0259 bil\u0259c\u0259kl\u0259rin\u0259 inanm\u0131rlar. Buna g\u00f6r\u0259, f\u0259rqli idar\u0259\u00e7ilik formalar\u0131 t\u0259sis ed\u0259r\u0259k insanlar\u0131 ba\u015fqa insanlar\u0131n idar\u0259\u00e7iliyin\u0259 h\u0259val\u0259 edirl\u0259r. Y\u0259ni milyonlarla insan\u0131n bir qrup insan t\u0259r\u0259find\u0259n idar\u0259 olunmas\u0131 prosesin\u0259 normal bir \u015fey kimi bax\u0131rlar, bu prosesi d\u0259st\u0259kl\u0259yirl\u0259r.\n<\/p>\n<p>\n  Anarxistl\u0259r is\u0259 insanlar\u0131n \u00f6z h\u0259yatlar\u0131na aid q\u0259rarlar\u0131 \u00f6zl\u0259rinin q\u0259bul etm\u0259l\u0259rini, \u00f6z h\u0259yatlar\u0131 \u00fcz\u0259rid\u0259 idar\u0259\u00e7iliyi \u00f6zl\u0259rin\u0259 h\u0259val\u0259 edilm\u0259si ideyas\u0131n\u0131 m\u00fcdafi\u0259 edirl\u0259r.\n<\/p>\n<p>\n  \u0130nsan m\u00fcnasib\u0259tl\u0259rind\u0259ki probleml\u0259rin h\u0259lli azadl\u0131qd\u0131r. \u018fg\u0259r d\u00f6vl\u0259tin ba\u015f\u0131nda duranlar hiss ets\u0259l\u0259r ki, siz onlars\u0131z lap yax\u015f\u0131 ke\u00e7in\u0259 bil\u0259rsiniz, bu onlar\u0131n xo\u015funa g\u0259lm\u0259y\u0259c\u0259k. M\u0259s\u0259l\u0259nin k\u00f6k\u00fc buradad\u0131r. Sa\u011f ya sol idealogiyan\u0131n da\u015f\u0131y\u0131c\u0131s\u0131 olmas\u0131ndan as\u0131l\u0131 olmayaraq, b\u00fct\u00fcn d\u00f6vl\u0259tl\u0259r c\u0259miyy\u0259ti sinifl\u0259r\u0259 b\u00f6l\u00fcr v\u0259 avtoritetl\u0259r yarad\u0131r. Anarxizm m\u0259hz budur &#8211; avtoriteti, h\u0259r c\u00fcr sinif fikrini r\u0259dd etm\u0259k. M\u0259hz b\u0259rab\u0259rh\u00fcquqlu c\u0259miyy\u0259t yaratmaq. D\u00f6vl\u0259tl\u0259rs\u0259 buna qar\u015f\u0131d\u0131r. Adda ham\u0131m\u0131z b\u0259rab\u0259rh\u00fcquqluyuq, amma insan\u0131n insan t\u0259r\u0259find\u0259n idar\u0259 olunmas\u0131na alternativ t\u0259klif etm\u0259k cinay\u0259t say\u0131l\u0131r. Anarxizmin t\u0259klif etdiyi \u015fey a\u015fa\u011f\u0131dan yuxar\u0131 t\u0259\u015fkilatlanm\u0131\u015f formada q\u0259rarlar\u0131n q\u0259bul edilm\u0259sidir. D\u00f6vl\u0259t is\u0259 ierarxik t\u0259\u015fkilatlan\u0131b v\u0259 q\u0259rarlar yuxar\u0131larda q\u0259bul olunub, a\u015fa\u011f\u0131lara t\u0259tbiq olunur.\n<\/p>\n<p>\n  M\u00fcasir d\u00f6vl\u0259tin \u0259n demokratik tap\u0131nt\u0131lar\u0131ndan say\u0131lan n\u00fcmay\u0259nd\u0259li demokratiya formas\u0131n\u0131 t\u0259dqiq ets\u0259k, g\u00f6r\u0259rik ki, v\u0259ziyy\u0259t tragikomikdir. Russo deyir ki, demokratiya \u015f\u0259raitind\u0259 insanlar ancaq s\u0259sverm\u0259 zaman\u0131 azad olurlar. Bug\u00fcn n\u00fcmay\u0259nd\u0259li demokratiya ideyas\u0131 q\u0259rarlar \u00fcz\u0259rind\u0259 yox, f\u0259rdl\u0259r \u00fcz\u0259rind\u0259 m\u0259rk\u0259zl\u0259\u015fib dey\u0259, \u00f6z\u00fcn\u00fc do\u011frultmur. B\u00fct\u00fcn \u00f6lk\u0259l\u0259rd\u0259 5-10 deputatdan ba\u015fqa parlamentin dig\u0259r \u00fczvl\u0259rini insanlar he\u00e7 tan\u0131m\u0131rlar da. V\u0259 he\u00e7 tan\u0131mad\u0131qlar\u0131 insanlar t\u0259r\u0259find\u0259n idar\u0259 olunurlar. Q\u0259rarlar \u00fcz\u0259rind\u0259 c\u0259miyy\u0259tin t\u0259sirind\u0259n is\u0259 dan\u0131\u015fmaq m\u0259nas\u0131zd\u0131r. Deputatlar \u0259sas\u0259n m\u00fc\u0259yy\u0259n partiyalara ba\u011fl\u0131d\u0131rlar v\u0259 h\u0259min partiyalar\u0131n siyasi kursuna uy\u011fun olaraq q\u0259rarlar q\u0259bul edirl\u0259r.\n<\/p>\n<p>\n  Kapitalist d\u00f6vl\u0259td\u0259 azadl\u0131q haqq\u0131nda n\u0259 dem\u0259k olar? Kapitalist d\u00f6vl\u0259tin m\u0259rk\u0259z fiquru liberallar\u0131n bo\u015f say\u0131qlamalar\u0131ndak\u0131 kimi &#8211; f\u0259rd yox, s\u0259rmay\u0259dir. F\u0259rdiyy\u0259t\u00e7ilik f\u0259rdin tam azadl\u0131\u011f\u0131n\u0131 t\u0259l\u0259b ed\u0259n, \u201cm\u0259n\u201ddir. D\u00f6vl\u0259t azadl\u0131q, k\u00f6l\u0259lik olmadan t\u0259s\u0259vv\u00fcr edil\u0259 bilm\u0259z. D\u00f6vl\u0259t i\u00e7\u0259rid\u0259kil\u0259rin ham\u0131s\u0131n\u0131n a\u011fas\u0131 olmaq m\u0259qs\u0259di g\u00fcd\u00fcr v\u0259 buna &#8220;d\u00f6vl\u0259tin irad\u0259si&#8221; deyilir. Dem\u0259li, azad f\u0259rdin irad\u0259si d\u00f6vl\u0259tin irad\u0259sinin d\u00fc\u015fm\u0259nidir. F\u0259rd \u00f6z irad\u0259sinin t\u0259nt\u0259n\u0259si \u00fc\u00e7\u00fcn d\u00f6vl\u0259td\u0259n qurtulmal\u0131d\u0131r. \u018fks t\u0259qdird\u0259, \u0259b\u0259di d\u00f6vl\u0259tin m\u00fclkiyy\u0259ti olaraq qalacaq.\n<\/p>\n<p>\n  D\u00f6vl\u0259tsizlik v\u0259 b\u0259rab\u0259rlik bir-birind\u0259n ayr\u0131 olaraq d\u00fc\u015f\u00fcn\u00fcl\u0259 bilm\u0259z.\n<\/p><\/p>\n","protected":false},"excerpt":{"rendered":"<p>Tarixd\u0259 ba\u015f ver\u0259n ilk akt a\u011fa-k\u00f6l\u0259 m\u00fcnasib\u0259tidir&#8230;<\/p>\n","protected":false},"author":11,"featured_media":13974,"comment_status":"closed","ping_status":"open","sticky":false,"template":"","format":"standard","meta":{"_acf_changed":false,"_sitemap_exclude":false,"_sitemap_priority":"","_sitemap_frequency":"","footnotes":""},"categories":[57],"tags":[],"class_list":["post-165213","post","type-post","status-publish","format-standard","has-post-thumbnail","hentry","category-menim-fikrimce","infinite-scroll-item","generate-columns","tablet-grid-50","mobile-grid-100","grid-parent","grid-33","no-featured-image-padding"],"acf":[],"yoast_head":"<!-- This site is optimized with the Yoast SEO plugin v27.4 - https:\/\/yoast.com\/product\/yoast-seo-wordpress\/ -->\n<title>Kapitalizm v\u0259 d\u00f6vl\u0259t - MEYDAN.TV<\/title>\n<meta name=\"robots\" content=\"index, follow, max-snippet:-1, max-image-preview:large, max-video-preview:-1\" \/>\n<link rel=\"canonical\" href=\"https:\/\/www.meydan.tv\/az\/article\/kapitalizm-ve-dovlet\/\" \/>\n<meta property=\"og:locale\" content=\"az_AZ\" \/>\n<meta property=\"og:type\" content=\"article\" \/>\n<meta property=\"og:title\" content=\"Kapitalizm v\u0259 d\u00f6vl\u0259t - MEYDAN.TV\" \/>\n<meta property=\"og:description\" content=\"Tarixd\u0259 ba\u015f ver\u0259n ilk akt a\u011fa-k\u00f6l\u0259 m\u00fcnasib\u0259tidir...\" \/>\n<meta property=\"og:url\" content=\"https:\/\/www.meydan.tv\/az\/article\/kapitalizm-ve-dovlet\/\" \/>\n<meta property=\"og:site_name\" content=\"MEYDAN.TV\" \/>\n<meta property=\"article:published_time\" content=\"2014-09-08T19:09:06+00:00\" \/>\n<meta property=\"og:image\" content=\"https:\/\/www.meydan.tv\/wp-content\/uploads\/4839.jpg\" \/>\n\t<meta property=\"og:image:width\" content=\"500\" \/>\n\t<meta property=\"og:image:height\" content=\"500\" \/>\n\t<meta property=\"og:image:type\" content=\"image\/jpeg\" \/>\n<meta name=\"author\" content=\"user-manager\" \/>\n<meta name=\"twitter:card\" content=\"summary_large_image\" \/>\n<script type=\"application\/ld+json\" class=\"yoast-schema-graph\">{\"@context\":\"https:\\\/\\\/schema.org\",\"@graph\":[{\"@type\":\"Article\",\"@id\":\"https:\\\/\\\/www.meydan.tv\\\/az\\\/article\\\/kapitalizm-ve-dovlet\\\/#article\",\"isPartOf\":{\"@id\":\"https:\\\/\\\/www.meydan.tv\\\/az\\\/article\\\/kapitalizm-ve-dovlet\\\/\"},\"author\":{\"name\":\"user-manager\",\"@id\":\"https:\\\/\\\/www.meydan.tv\\\/az\\\/#\\\/schema\\\/person\\\/10d11eccf6da3662cf5fdab9806ea91a\"},\"headline\":\"Kapitalizm v\u0259 d\u00f6vl\u0259t\",\"datePublished\":\"2014-09-08T19:09:06+00:00\",\"mainEntityOfPage\":{\"@id\":\"https:\\\/\\\/www.meydan.tv\\\/az\\\/article\\\/kapitalizm-ve-dovlet\\\/\"},\"wordCount\":1585,\"publisher\":{\"@id\":\"https:\\\/\\\/www.meydan.tv\\\/az\\\/#organization\"},\"image\":{\"@id\":\"https:\\\/\\\/www.meydan.tv\\\/az\\\/article\\\/kapitalizm-ve-dovlet\\\/#primaryimage\"},\"thumbnailUrl\":\"https:\\\/\\\/www.meydan.tv\\\/wp-content\\\/uploads\\\/4839.jpg\",\"articleSection\":[\"M\u0259nim Fikrimc\u0259\"],\"inLanguage\":\"az\"},{\"@type\":\"WebPage\",\"@id\":\"https:\\\/\\\/www.meydan.tv\\\/az\\\/article\\\/kapitalizm-ve-dovlet\\\/\",\"url\":\"https:\\\/\\\/www.meydan.tv\\\/az\\\/article\\\/kapitalizm-ve-dovlet\\\/\",\"name\":\"Kapitalizm v\u0259 d\u00f6vl\u0259t - MEYDAN.TV\",\"isPartOf\":{\"@id\":\"https:\\\/\\\/www.meydan.tv\\\/az\\\/#website\"},\"primaryImageOfPage\":{\"@id\":\"https:\\\/\\\/www.meydan.tv\\\/az\\\/article\\\/kapitalizm-ve-dovlet\\\/#primaryimage\"},\"image\":{\"@id\":\"https:\\\/\\\/www.meydan.tv\\\/az\\\/article\\\/kapitalizm-ve-dovlet\\\/#primaryimage\"},\"thumbnailUrl\":\"https:\\\/\\\/www.meydan.tv\\\/wp-content\\\/uploads\\\/4839.jpg\",\"datePublished\":\"2014-09-08T19:09:06+00:00\",\"breadcrumb\":{\"@id\":\"https:\\\/\\\/www.meydan.tv\\\/az\\\/article\\\/kapitalizm-ve-dovlet\\\/#breadcrumb\"},\"inLanguage\":\"az\",\"potentialAction\":[{\"@type\":\"ReadAction\",\"target\":[\"https:\\\/\\\/www.meydan.tv\\\/az\\\/article\\\/kapitalizm-ve-dovlet\\\/\"]}]},{\"@type\":\"ImageObject\",\"inLanguage\":\"az\",\"@id\":\"https:\\\/\\\/www.meydan.tv\\\/az\\\/article\\\/kapitalizm-ve-dovlet\\\/#primaryimage\",\"url\":\"https:\\\/\\\/www.meydan.tv\\\/wp-content\\\/uploads\\\/4839.jpg\",\"contentUrl\":\"https:\\\/\\\/www.meydan.tv\\\/wp-content\\\/uploads\\\/4839.jpg\",\"width\":500,\"height\":500,\"caption\":\"Source:\"},{\"@type\":\"BreadcrumbList\",\"@id\":\"https:\\\/\\\/www.meydan.tv\\\/az\\\/article\\\/kapitalizm-ve-dovlet\\\/#breadcrumb\",\"itemListElement\":[{\"@type\":\"ListItem\",\"position\":1,\"name\":\"Ana s\u0259hif\u0259\",\"item\":\"https:\\\/\\\/www.meydan.tv\\\/az\\\/\"},{\"@type\":\"ListItem\",\"position\":2,\"name\":\"M\u0259nim Fikrimc\u0259\",\"item\":\"https:\\\/\\\/www.meydan.tv\\\/az\\\/section\\\/menim-fikrimce\\\/\"},{\"@type\":\"ListItem\",\"position\":3,\"name\":\"Kapitalizm v\u0259 d\u00f6vl\u0259t\"}]},{\"@type\":\"WebSite\",\"@id\":\"https:\\\/\\\/www.meydan.tv\\\/az\\\/#website\",\"url\":\"https:\\\/\\\/www.meydan.tv\\\/az\\\/\",\"name\":\"MEYDAN.TV\",\"description\":\"Meydan TV Az\u0259rbaycan\u0131n media m\u0259kan\u0131ndak\u0131 alternativ s\u0259sidir\",\"publisher\":{\"@id\":\"https:\\\/\\\/www.meydan.tv\\\/az\\\/#organization\"},\"potentialAction\":[{\"@type\":\"SearchAction\",\"target\":{\"@type\":\"EntryPoint\",\"urlTemplate\":\"https:\\\/\\\/www.meydan.tv\\\/az\\\/?s={search_term_string}\"},\"query-input\":{\"@type\":\"PropertyValueSpecification\",\"valueRequired\":true,\"valueName\":\"search_term_string\"}}],\"inLanguage\":\"az\"},{\"@type\":\"Organization\",\"@id\":\"https:\\\/\\\/www.meydan.tv\\\/az\\\/#organization\",\"name\":\"Meydan TV\",\"url\":\"https:\\\/\\\/www.meydan.tv\\\/az\\\/\",\"logo\":{\"@type\":\"ImageObject\",\"inLanguage\":\"az\",\"@id\":\"https:\\\/\\\/www.meydan.tv\\\/az\\\/#\\\/schema\\\/logo\\\/image\\\/\",\"url\":\"https:\\\/\\\/www.meydan.tv\\\/wp-content\\\/uploads\\\/2021\\\/07\\\/meydan-logo.svg\",\"contentUrl\":\"https:\\\/\\\/www.meydan.tv\\\/wp-content\\\/uploads\\\/2021\\\/07\\\/meydan-logo.svg\",\"width\":195,\"height\":46,\"caption\":\"Meydan TV\"},\"image\":{\"@id\":\"https:\\\/\\\/www.meydan.tv\\\/az\\\/#\\\/schema\\\/logo\\\/image\\\/\"}},{\"@type\":\"Person\",\"@id\":\"https:\\\/\\\/www.meydan.tv\\\/az\\\/#\\\/schema\\\/person\\\/10d11eccf6da3662cf5fdab9806ea91a\",\"name\":\"user-manager\"}]}<\/script>\n<!-- \/ Yoast SEO plugin. -->","yoast_head_json":{"title":"Kapitalizm v\u0259 d\u00f6vl\u0259t - MEYDAN.TV","robots":{"index":"index","follow":"follow","max-snippet":"max-snippet:-1","max-image-preview":"max-image-preview:large","max-video-preview":"max-video-preview:-1"},"canonical":"https:\/\/www.meydan.tv\/az\/article\/kapitalizm-ve-dovlet\/","og_locale":"az_AZ","og_type":"article","og_title":"Kapitalizm v\u0259 d\u00f6vl\u0259t - MEYDAN.TV","og_description":"Tarixd\u0259 ba\u015f ver\u0259n ilk akt a\u011fa-k\u00f6l\u0259 m\u00fcnasib\u0259tidir...","og_url":"https:\/\/www.meydan.tv\/az\/article\/kapitalizm-ve-dovlet\/","og_site_name":"MEYDAN.TV","article_published_time":"2014-09-08T19:09:06+00:00","og_image":[{"width":500,"height":500,"url":"https:\/\/www.meydan.tv\/wp-content\/uploads\/4839.jpg","type":"image\/jpeg"}],"author":"user-manager","twitter_card":"summary_large_image","schema":{"@context":"https:\/\/schema.org","@graph":[{"@type":"Article","@id":"https:\/\/www.meydan.tv\/az\/article\/kapitalizm-ve-dovlet\/#article","isPartOf":{"@id":"https:\/\/www.meydan.tv\/az\/article\/kapitalizm-ve-dovlet\/"},"author":{"name":"user-manager","@id":"https:\/\/www.meydan.tv\/az\/#\/schema\/person\/10d11eccf6da3662cf5fdab9806ea91a"},"headline":"Kapitalizm v\u0259 d\u00f6vl\u0259t","datePublished":"2014-09-08T19:09:06+00:00","mainEntityOfPage":{"@id":"https:\/\/www.meydan.tv\/az\/article\/kapitalizm-ve-dovlet\/"},"wordCount":1585,"publisher":{"@id":"https:\/\/www.meydan.tv\/az\/#organization"},"image":{"@id":"https:\/\/www.meydan.tv\/az\/article\/kapitalizm-ve-dovlet\/#primaryimage"},"thumbnailUrl":"https:\/\/www.meydan.tv\/wp-content\/uploads\/4839.jpg","articleSection":["M\u0259nim Fikrimc\u0259"],"inLanguage":"az"},{"@type":"WebPage","@id":"https:\/\/www.meydan.tv\/az\/article\/kapitalizm-ve-dovlet\/","url":"https:\/\/www.meydan.tv\/az\/article\/kapitalizm-ve-dovlet\/","name":"Kapitalizm v\u0259 d\u00f6vl\u0259t - MEYDAN.TV","isPartOf":{"@id":"https:\/\/www.meydan.tv\/az\/#website"},"primaryImageOfPage":{"@id":"https:\/\/www.meydan.tv\/az\/article\/kapitalizm-ve-dovlet\/#primaryimage"},"image":{"@id":"https:\/\/www.meydan.tv\/az\/article\/kapitalizm-ve-dovlet\/#primaryimage"},"thumbnailUrl":"https:\/\/www.meydan.tv\/wp-content\/uploads\/4839.jpg","datePublished":"2014-09-08T19:09:06+00:00","breadcrumb":{"@id":"https:\/\/www.meydan.tv\/az\/article\/kapitalizm-ve-dovlet\/#breadcrumb"},"inLanguage":"az","potentialAction":[{"@type":"ReadAction","target":["https:\/\/www.meydan.tv\/az\/article\/kapitalizm-ve-dovlet\/"]}]},{"@type":"ImageObject","inLanguage":"az","@id":"https:\/\/www.meydan.tv\/az\/article\/kapitalizm-ve-dovlet\/#primaryimage","url":"https:\/\/www.meydan.tv\/wp-content\/uploads\/4839.jpg","contentUrl":"https:\/\/www.meydan.tv\/wp-content\/uploads\/4839.jpg","width":500,"height":500,"caption":"Source:"},{"@type":"BreadcrumbList","@id":"https:\/\/www.meydan.tv\/az\/article\/kapitalizm-ve-dovlet\/#breadcrumb","itemListElement":[{"@type":"ListItem","position":1,"name":"Ana s\u0259hif\u0259","item":"https:\/\/www.meydan.tv\/az\/"},{"@type":"ListItem","position":2,"name":"M\u0259nim Fikrimc\u0259","item":"https:\/\/www.meydan.tv\/az\/section\/menim-fikrimce\/"},{"@type":"ListItem","position":3,"name":"Kapitalizm v\u0259 d\u00f6vl\u0259t"}]},{"@type":"WebSite","@id":"https:\/\/www.meydan.tv\/az\/#website","url":"https:\/\/www.meydan.tv\/az\/","name":"MEYDAN.TV","description":"Meydan TV Az\u0259rbaycan\u0131n media m\u0259kan\u0131ndak\u0131 alternativ s\u0259sidir","publisher":{"@id":"https:\/\/www.meydan.tv\/az\/#organization"},"potentialAction":[{"@type":"SearchAction","target":{"@type":"EntryPoint","urlTemplate":"https:\/\/www.meydan.tv\/az\/?s={search_term_string}"},"query-input":{"@type":"PropertyValueSpecification","valueRequired":true,"valueName":"search_term_string"}}],"inLanguage":"az"},{"@type":"Organization","@id":"https:\/\/www.meydan.tv\/az\/#organization","name":"Meydan TV","url":"https:\/\/www.meydan.tv\/az\/","logo":{"@type":"ImageObject","inLanguage":"az","@id":"https:\/\/www.meydan.tv\/az\/#\/schema\/logo\/image\/","url":"https:\/\/www.meydan.tv\/wp-content\/uploads\/2021\/07\/meydan-logo.svg","contentUrl":"https:\/\/www.meydan.tv\/wp-content\/uploads\/2021\/07\/meydan-logo.svg","width":195,"height":46,"caption":"Meydan TV"},"image":{"@id":"https:\/\/www.meydan.tv\/az\/#\/schema\/logo\/image\/"}},{"@type":"Person","@id":"https:\/\/www.meydan.tv\/az\/#\/schema\/person\/10d11eccf6da3662cf5fdab9806ea91a","name":"user-manager"}]}},"_links":{"self":[{"href":"https:\/\/www.meydan.tv\/az\/wp-json\/wp\/v2\/posts\/165213","targetHints":{"allow":["GET"]}}],"collection":[{"href":"https:\/\/www.meydan.tv\/az\/wp-json\/wp\/v2\/posts"}],"about":[{"href":"https:\/\/www.meydan.tv\/az\/wp-json\/wp\/v2\/types\/post"}],"author":[{"embeddable":true,"href":"https:\/\/www.meydan.tv\/az\/wp-json\/wp\/v2\/users\/11"}],"replies":[{"embeddable":true,"href":"https:\/\/www.meydan.tv\/az\/wp-json\/wp\/v2\/comments?post=165213"}],"version-history":[{"count":0,"href":"https:\/\/www.meydan.tv\/az\/wp-json\/wp\/v2\/posts\/165213\/revisions"}],"wp:featuredmedia":[{"embeddable":true,"href":"https:\/\/www.meydan.tv\/az\/wp-json\/wp\/v2\/media\/13974"}],"wp:attachment":[{"href":"https:\/\/www.meydan.tv\/az\/wp-json\/wp\/v2\/media?parent=165213"}],"wp:term":[{"taxonomy":"category","embeddable":true,"href":"https:\/\/www.meydan.tv\/az\/wp-json\/wp\/v2\/categories?post=165213"},{"taxonomy":"post_tag","embeddable":true,"href":"https:\/\/www.meydan.tv\/az\/wp-json\/wp\/v2\/tags?post=165213"}],"curies":[{"name":"wp","href":"https:\/\/api.w.org\/{rel}","templated":true}]}}