{"id":165200,"date":"2014-09-07T21:01:37","date_gmt":"2014-09-07T21:01:37","guid":{"rendered":"https:\/\/www.meydan.tv\/article\/bir-nefer\/"},"modified":"2014-09-07T21:01:37","modified_gmt":"2014-09-07T21:01:37","slug":"bir-nefer","status":"publish","type":"post","link":"https:\/\/www.meydan.tv\/az\/article\/bir-nefer\/","title":{"rendered":"Bir n\u0259f\u0259r"},"content":{"rendered":"<figure class=\"wp-block-image size-large\">\n  <img decoding=\"async\" src=\"https:\/\/www.meydan.tv\/az\/13856\/\" alt=\"\" class=\"wp-image-13856\"\/><figcaption><\/figcaption><\/figure>\n<figure class=\"wp-block-image size-large\">\n  <img decoding=\"async\" src=\"https:\/\/www.meydan.tv\/az\/13859\/\" alt=\"\" class=\"wp-image-13859\"\/><figcaption><\/figcaption><\/figure>\n<p>\n  Ba\u015f rolda Kevin Spaceyin \u00e7\u0259kildiyi \u201cYax\u015f\u0131l\u0131q g\u00f6r, yax\u015f\u0131l\u0131q et\u201d filmini xat\u0131rlay\u0131rs\u0131n\u0131zm\u0131?\n<\/p>\n<p>\n  Filmin q\u0131sa m\u0259zmunu bel\u0259dir: ata v\u0259 anas\u0131 ayr\u0131lm\u0131\u015f Trevor adl\u0131 m\u0259kt\u0259blinin m\u00fc\u0259llimi bir g\u00fcn ona \u00f6z utopik n\u0259z\u0259riyy\u0259sini \u00f6yr\u0259dir. Bu n\u0259z\u0259riyy\u0259y\u0259 g\u00f6r\u0259,\u00a0 bir n\u0259f\u0259r 3 n\u0259f\u0259r\u0259 yax\u015f\u0131l\u0131q edir. Sonra h\u0259min 3 n\u0259f\u0259r ba\u015fqa bir 3 n\u0259f\u0259r\u0259 yax\u015f\u0131l\u0131q etm\u0259kl\u0259 h\u0259min bir n\u0259f\u0259rin borcundan \u00e7\u0131xm\u0131\u015f olur.\n<\/p>\n<p>\n  Bu 3 n\u0259f\u0259r ba\u015fqa 3 n\u0259f\u0259r\u0259, onlar da dig\u0259r 3 n\u0259f\u0259r\u0259&#8230; yax\u015f\u0131l\u0131q edir.\n<\/p>\n<p>\n  Bel\u0259c\u0259, proses uzan\u0131r.\n<\/p>\n<p>\n  N\u0259tic\u0259? Ham\u0131 yax\u015f\u0131l\u0131q etm\u0259kl\u0259, pislikl\u0259rd\u0259n uzaq durmaqla m\u0259\u015f\u011ful olur.\n<\/p>\n<p>\n  Bununla da, bir n\u0259f\u0259rin ba\u015flatd\u0131\u011f\u0131 proses sonda d\u00fcnyan\u0131 d\u0259yi\u015fir.\n<\/p>\n<p>\n  \u018flb\u0259tt\u0259, h\u0259yat film deyil. H\u0259yat filml\u0259rd\u0259n daha m\u00fcr\u0259kk\u0259bdir, \u00e7\u00fcnki\u00a0 art\u0131q biz x\u0259yal g\u00fcc\u00fcnd\u0259n yox, reall\u0131qdan dan\u0131\u015f\u0131r\u0131q. Ona g\u00f6r\u0259 d\u0259 ilk bax\u0131\u015fda \u201cYax\u015f\u0131l\u0131q g\u00f6r, yax\u015f\u0131l\u0131q et\u201d &#8211; in ssenarisini d\u0259 oldu\u011fu kimi h\u0259yata t\u0259tbiq etm\u0259k m\u00fcmk\u00fcns\u00fcz g\u00f6r\u00fcn\u00fcr. Bel\u0259 bir utopizmin reall\u0131qda ger\u00e7\u0259kl\u0259\u015fm\u0259k l\u00fcks\u00fc bir yana, \u00fcmumiyy\u0259tl\u0259 ciddi q\u0259bul edilm\u0259k imkan\u0131 varm\u0131? G\u0259lin raz\u0131la\u015faq &#8211; \u00e7\u0259tin.\n<\/p>\n<p>\n  Amma kifay\u0259t q\u0259d\u0259r n\u00fcmun\u0259l\u0259r d\u0259 g\u00f6st\u0259rm\u0259k m\u00fcmk\u00fcnd\u00fcr ki, h\u0259tta bir n\u0259f\u0259rin d\u0259 n\u0259h\u0259ng g\u00fcc\u0259 malik oldu\u011funa, b\u00f6y\u00fck d\u0259yi\u015fiklikl\u0259r\u0259 imza ata bildiyin\u0259 inanaq.\n<\/p>\n<p>\n  Tomas Edisonun elektrik lampas\u0131n\u0131 k\u0259\u015ff etm\u0259sini xat\u0131rlay\u0131n. Bir n\u0259f\u0259rin b\u00fct\u00fcn insanlar\u0131n h\u0259yat\u0131n\u0131 d\u0259yi\u015f\u0259 bilm\u0259sinin, s\u00f6z\u00fcn h\u0259qiq\u0259 m\u0259nas\u0131nda i\u015f\u0131\u011fa \u00e7\u0131xarmas\u0131n\u0131n bundan parlaq n\u00fcmun\u0259si varm\u0131?\n<\/p>\n<p>\n  Ya da Leninin Gertsen haqq\u0131nda \u201cO rus demokratiyas\u0131n\u0131n \u015f\u0259r\u0259fini xilas etmi\u015fdir\u201d s\u00f6zl\u0259rini yada sal\u0131n. H\u0259min bu bir c\u00fcml\u0259nin ilk bax\u0131\u015fda sad\u0259, \u0259slind\u0259 is\u0259 \u00e7ox d\u0259rin anlam\u0131 var. Pol\u015fa xalq\u0131n\u0131n azadl\u0131q m\u00fcbariz\u0259si \u00e7ar Rusiyas\u0131 t\u0259r\u0259find\u0259n q\u0259ddarl\u0131qla yat\u0131r\u0131lark\u0259n o vaxt rus ziyal\u0131lar\u0131 sakitc\u0259 seyr edirdil\u0259r. \u00c7ar\u0131n qorxusundan onlar\u0131n he\u00e7 biri bir xalqa qar\u015f\u0131 amans\u0131zl\u0131\u011fa etiraz etm\u0259k c\u00fcr\u0259ti g\u00f6st\u0259r\u0259 bilmirdi. Bax el\u0259 bu vaxt s\u0259hn\u0259y\u0259 Gertsen \u00e7\u0131xd\u0131 v\u0259 i\u015f\u011fal\u0131 pisl\u0259di. Sonralar is\u0259 Lenin onun bu add\u0131m\u0131n\u0131 \u201crus demokratiyas\u0131n\u0131n \u015f\u0259r\u0259fini xilas etm\u0259k\u201d kimi qiym\u0259tl\u0259ndirdi.\n<\/p>\n<p>\n  Daha \u0259vv\u0259l\u0259 qay\u0131daq. Brunonun diri-diri yand\u0131r\u0131lmas\u0131n\u0131 d\u00fc\u015f\u00fcn\u0259k. Bu el\u0259 bir tonqal idi ki, onun \u015f\u00f6l\u0259si sonrak\u0131 \u00e7a\u011flar\u0131 ayd\u0131nlatd\u0131, Avropada\u00a0 qaranl\u0131\u011fa h\u0259lledici z\u0259rb\u0259l\u0259rd\u0259n birini vurdu. \u018fg\u0259r bu g\u00fcn b\u0259\u015f\u0259ri d\u0259y\u0259rl\u0259r ba\u015fqa adla \u201cAvropa d\u0259y\u0259rl\u0259ri\u201d kimi \u00e7a\u011f\u0131r\u0131l\u0131rsa, bu, h\u0259m d\u0259 Brunonun xidm\u0259tidir.\n<\/p>\n<p>\n  Yax\u0131n v\u0259 uzaq tarixd\u0259n kifay\u0259t q\u0259d\u0259r bel\u0259 n\u00fcmun\u0259l\u0259r g\u00f6st\u0259rm\u0259k olar.\n<\/p>\n<p>\n  B\u0259s indi b\u00fct\u00fcn bunlar\u0131 niy\u0259 yaz\u0131ram?\n<\/p>\n<p>\n  Biz y\u00fcz ill\u0259rdir \u201cbir g\u00fcl il\u0259 bahar olmaz\u201d d\u00fc\u015f\u00fcnc\u0259si il\u0259 t\u0259rbiy\u0259 edil\u0259n toplumuq. Bizi y\u00fcz ill\u0259rdir buna inand\u0131r\u0131rlar: \u201cT\u0259k \u0259ld\u0259n s\u0259s \u00e7\u0131xmaz\u201d. Biz\u0259 be\u015fikd\u0259n bunu t\u0259lqin edirl\u0259r: \u201cT\u0259k da\u015fdan divar olmaz\u201d.\n<\/p>\n<p>\n  Bu &#8211; insan\u0131n \u00f6z\u00fcn\u0259, \u00f6z g\u00fcc\u00fcn\u0259 inam\u0131n\u0131 sars\u0131dan, onun \u00f6z\u00fcn\u00fc \u201che\u00e7 kim\u201d hesab etm\u0259sin\u0259, \u00f6z\u00fcn\u00fc daim ba\u015fqalar\u0131n\u0131n irad\u0259sin\u0259 ba\u011fl\u0131 saymas\u0131na, \u201cpalaza b\u00fcr\u00fcn\u00fcb eln\u0259n s\u00fcr\u00fcnm\u0259sin\u0259\u201d g\u0259tirib \u00e7\u0131xaran z\u0259r\u0259rl\u0259 mental v\u0259rdi\u015fdir.\n<\/p>\n<p>\n  M\u0259hz bu mental t\u0259f\u0259kk\u00fcr\u00fcn n\u0259tic\u0259sidir ki, indi bizd\u0259 \u0259ks\u0259riyy\u0259t m\u0259hz bel\u0259 d\u00fc\u015f\u00fcn\u00fcr:\n<\/p>\n<p>\n  &#8211;\u00a0\u00a0\u00a0\u00a0\u00a0 Onsuz da se\u00e7kini saxtala\u015fd\u0131r\u0131rlar, guya m\u0259n gedib s\u0259s vers\u0259m n\u0259 olacaq?\n<\/p>\n<p>\n  &#8211;\u00a0\u00a0\u00a0\u00a0\u00a0 Onsuz da ba\u015fqalar\u0131 da o\u011furlay\u0131r, guya m\u0259n d\u0259 o\u011furlasam d\u00fcnya da\u011f\u0131lacaq?\n<\/p>\n<p>\n  &#8211;\u00a0\u00a0\u00a0\u00a0\u00a0 Onsuz da h\u0259r yerd\u0259n yalan y\u00fcks\u0259lir, guya m\u0259n \u00e7\u0131x\u0131b do\u011frunu dan\u0131\u015fsam n\u0259 d\u0259yi\u015f\u0259c\u0259k?\n<\/p>\n<p>\n  Halbuki b\u0259z\u0259n bir g\u00fcll\u0259 d\u0259 bahar ola bildiyini, b\u0259z\u0259n t\u0259k \u0259ld\u0259n d\u0259 s\u0259s \u00e7\u0131xd\u0131\u011f\u0131n\u0131, b\u0259z\u0259n t\u0259k da\u015f\u0131n da \u015e\u0259r qar\u015f\u0131s\u0131nda divara \u00e7evrildiyini yuxar\u0131da sadalad\u0131\u011f\u0131m\u0131z v\u0259 sadalamad\u0131\u011f\u0131m\u0131z n\u00fcmun\u0259l\u0259rd\u0259n ayd\u0131n g\u00f6rm\u0259k m\u00fcmk\u00fcnd\u00fcr.\n<\/p>\n<p>\n  Uzun s\u00f6z\u00fcn q\u0131sas\u0131: n\u0259 q\u0259d\u0259r ki, biz ya\u015fad\u0131\u011f\u0131m\u0131z torpaqlarda bir n\u0259f\u0259rin d\u0259 s\u0259sinin, irad\u0259sinin, \u0259xlaq\u0131n\u0131n g\u00fcc\u00fcn\u0259 inanmayaca\u011f\u0131q, bir n\u0259f\u0259rin yaratd\u0131\u011f\u0131 n\u00fcmun\u0259nin bel\u0259 \u00e7ox \u015feyi d\u0259yi\u015f\u0259 bil\u0259c\u0259yin\u0259 inanmayaca\u011f\u0131q v\u0259 h\u0259r birimiz o bir n\u0259f\u0259r olmaq ist\u0259m\u0259y\u0259c\u0259yik, arzulad\u0131\u011f\u0131m\u0131z\u00a0 ayd\u0131n, azad g\u0259l\u0259c\u0259yin yolunu da bir o q\u0259d\u0259r \u00e7ox g\u00f6zl\u0259y\u0259c\u0259yik.\n<\/p>\n<p>\n  \u201c\u00d6z\u00fcn\u00fcz \u00f6z\u00fcn\u00fcz\u0259 i\u015f\u0131q olun. Yaln\u0131z bu halda \u0259traf\u0131 da i\u015f\u0131qland\u0131ra bil\u0259rsiniz\u201d \u2013 bunu is\u0259 m\u0259n demir\u0259m. Budda bel\u0259 deyir.<\/p>\n","protected":false},"excerpt":{"rendered":"<p>Bizi y\u00fcz ill\u0259rdir buna inand\u0131r\u0131rlar&#8230;<\/p>\n","protected":false},"author":11,"featured_media":13856,"comment_status":"closed","ping_status":"open","sticky":false,"template":"","format":"standard","meta":{"_acf_changed":false,"_sitemap_exclude":false,"_sitemap_priority":"","_sitemap_frequency":"","footnotes":""},"categories":[57],"tags":[],"class_list":["post-165200","post","type-post","status-publish","format-standard","has-post-thumbnail","hentry","category-menim-fikrimce","infinite-scroll-item","generate-columns","tablet-grid-50","mobile-grid-100","grid-parent","grid-33","no-featured-image-padding"],"acf":[],"yoast_head":"<!-- This site is optimized with the Yoast SEO plugin v27.4 - https:\/\/yoast.com\/product\/yoast-seo-wordpress\/ -->\n<title>Bir n\u0259f\u0259r - MEYDAN.TV<\/title>\n<meta name=\"robots\" content=\"index, follow, max-snippet:-1, max-image-preview:large, max-video-preview:-1\" \/>\n<link rel=\"canonical\" href=\"https:\/\/www.meydan.tv\/az\/article\/bir-nefer\/\" \/>\n<meta property=\"og:locale\" content=\"az_AZ\" \/>\n<meta property=\"og:type\" content=\"article\" \/>\n<meta property=\"og:title\" content=\"Bir n\u0259f\u0259r - MEYDAN.TV\" \/>\n<meta property=\"og:description\" content=\"Bizi y\u00fcz ill\u0259rdir buna inand\u0131r\u0131rlar...\" \/>\n<meta property=\"og:url\" content=\"https:\/\/www.meydan.tv\/az\/article\/bir-nefer\/\" \/>\n<meta property=\"og:site_name\" content=\"MEYDAN.TV\" \/>\n<meta property=\"article:published_time\" content=\"2014-09-07T21:01:37+00:00\" \/>\n<meta property=\"og:image\" content=\"https:\/\/www.meydan.tv\/wp-content\/uploads\/4827.jpg\" \/>\n\t<meta property=\"og:image:width\" content=\"500\" \/>\n\t<meta property=\"og:image:height\" content=\"500\" \/>\n\t<meta property=\"og:image:type\" content=\"image\/jpeg\" \/>\n<meta name=\"author\" content=\"user-manager\" \/>\n<meta name=\"twitter:card\" content=\"summary_large_image\" \/>\n<script type=\"application\/ld+json\" class=\"yoast-schema-graph\">{\"@context\":\"https:\\\/\\\/schema.org\",\"@graph\":[{\"@type\":\"Article\",\"@id\":\"https:\\\/\\\/www.meydan.tv\\\/az\\\/article\\\/bir-nefer\\\/#article\",\"isPartOf\":{\"@id\":\"https:\\\/\\\/www.meydan.tv\\\/az\\\/article\\\/bir-nefer\\\/\"},\"author\":{\"name\":\"user-manager\",\"@id\":\"https:\\\/\\\/www.meydan.tv\\\/az\\\/#\\\/schema\\\/person\\\/10d11eccf6da3662cf5fdab9806ea91a\"},\"headline\":\"Bir n\u0259f\u0259r\",\"datePublished\":\"2014-09-07T21:01:37+00:00\",\"mainEntityOfPage\":{\"@id\":\"https:\\\/\\\/www.meydan.tv\\\/az\\\/article\\\/bir-nefer\\\/\"},\"wordCount\":951,\"publisher\":{\"@id\":\"https:\\\/\\\/www.meydan.tv\\\/az\\\/#organization\"},\"image\":{\"@id\":\"https:\\\/\\\/www.meydan.tv\\\/az\\\/article\\\/bir-nefer\\\/#primaryimage\"},\"thumbnailUrl\":\"https:\\\/\\\/www.meydan.tv\\\/wp-content\\\/uploads\\\/4827.jpg\",\"articleSection\":[\"M\u0259nim Fikrimc\u0259\"],\"inLanguage\":\"az\"},{\"@type\":\"WebPage\",\"@id\":\"https:\\\/\\\/www.meydan.tv\\\/az\\\/article\\\/bir-nefer\\\/\",\"url\":\"https:\\\/\\\/www.meydan.tv\\\/az\\\/article\\\/bir-nefer\\\/\",\"name\":\"Bir n\u0259f\u0259r - MEYDAN.TV\",\"isPartOf\":{\"@id\":\"https:\\\/\\\/www.meydan.tv\\\/az\\\/#website\"},\"primaryImageOfPage\":{\"@id\":\"https:\\\/\\\/www.meydan.tv\\\/az\\\/article\\\/bir-nefer\\\/#primaryimage\"},\"image\":{\"@id\":\"https:\\\/\\\/www.meydan.tv\\\/az\\\/article\\\/bir-nefer\\\/#primaryimage\"},\"thumbnailUrl\":\"https:\\\/\\\/www.meydan.tv\\\/wp-content\\\/uploads\\\/4827.jpg\",\"datePublished\":\"2014-09-07T21:01:37+00:00\",\"breadcrumb\":{\"@id\":\"https:\\\/\\\/www.meydan.tv\\\/az\\\/article\\\/bir-nefer\\\/#breadcrumb\"},\"inLanguage\":\"az\",\"potentialAction\":[{\"@type\":\"ReadAction\",\"target\":[\"https:\\\/\\\/www.meydan.tv\\\/az\\\/article\\\/bir-nefer\\\/\"]}]},{\"@type\":\"ImageObject\",\"inLanguage\":\"az\",\"@id\":\"https:\\\/\\\/www.meydan.tv\\\/az\\\/article\\\/bir-nefer\\\/#primaryimage\",\"url\":\"https:\\\/\\\/www.meydan.tv\\\/wp-content\\\/uploads\\\/4827.jpg\",\"contentUrl\":\"https:\\\/\\\/www.meydan.tv\\\/wp-content\\\/uploads\\\/4827.jpg\",\"width\":500,\"height\":500,\"caption\":\"Source:\"},{\"@type\":\"BreadcrumbList\",\"@id\":\"https:\\\/\\\/www.meydan.tv\\\/az\\\/article\\\/bir-nefer\\\/#breadcrumb\",\"itemListElement\":[{\"@type\":\"ListItem\",\"position\":1,\"name\":\"Ana s\u0259hif\u0259\",\"item\":\"https:\\\/\\\/www.meydan.tv\\\/az\\\/\"},{\"@type\":\"ListItem\",\"position\":2,\"name\":\"M\u0259nim Fikrimc\u0259\",\"item\":\"https:\\\/\\\/www.meydan.tv\\\/az\\\/section\\\/menim-fikrimce\\\/\"},{\"@type\":\"ListItem\",\"position\":3,\"name\":\"Bir n\u0259f\u0259r\"}]},{\"@type\":\"WebSite\",\"@id\":\"https:\\\/\\\/www.meydan.tv\\\/az\\\/#website\",\"url\":\"https:\\\/\\\/www.meydan.tv\\\/az\\\/\",\"name\":\"MEYDAN.TV\",\"description\":\"Meydan TV Az\u0259rbaycan\u0131n media m\u0259kan\u0131ndak\u0131 alternativ s\u0259sidir\",\"publisher\":{\"@id\":\"https:\\\/\\\/www.meydan.tv\\\/az\\\/#organization\"},\"potentialAction\":[{\"@type\":\"SearchAction\",\"target\":{\"@type\":\"EntryPoint\",\"urlTemplate\":\"https:\\\/\\\/www.meydan.tv\\\/az\\\/?s={search_term_string}\"},\"query-input\":{\"@type\":\"PropertyValueSpecification\",\"valueRequired\":true,\"valueName\":\"search_term_string\"}}],\"inLanguage\":\"az\"},{\"@type\":\"Organization\",\"@id\":\"https:\\\/\\\/www.meydan.tv\\\/az\\\/#organization\",\"name\":\"Meydan TV\",\"url\":\"https:\\\/\\\/www.meydan.tv\\\/az\\\/\",\"logo\":{\"@type\":\"ImageObject\",\"inLanguage\":\"az\",\"@id\":\"https:\\\/\\\/www.meydan.tv\\\/az\\\/#\\\/schema\\\/logo\\\/image\\\/\",\"url\":\"https:\\\/\\\/www.meydan.tv\\\/wp-content\\\/uploads\\\/2021\\\/07\\\/meydan-logo.svg\",\"contentUrl\":\"https:\\\/\\\/www.meydan.tv\\\/wp-content\\\/uploads\\\/2021\\\/07\\\/meydan-logo.svg\",\"width\":195,\"height\":46,\"caption\":\"Meydan TV\"},\"image\":{\"@id\":\"https:\\\/\\\/www.meydan.tv\\\/az\\\/#\\\/schema\\\/logo\\\/image\\\/\"}},{\"@type\":\"Person\",\"@id\":\"https:\\\/\\\/www.meydan.tv\\\/az\\\/#\\\/schema\\\/person\\\/10d11eccf6da3662cf5fdab9806ea91a\",\"name\":\"user-manager\"}]}<\/script>\n<!-- \/ Yoast SEO plugin. -->","yoast_head_json":{"title":"Bir n\u0259f\u0259r - MEYDAN.TV","robots":{"index":"index","follow":"follow","max-snippet":"max-snippet:-1","max-image-preview":"max-image-preview:large","max-video-preview":"max-video-preview:-1"},"canonical":"https:\/\/www.meydan.tv\/az\/article\/bir-nefer\/","og_locale":"az_AZ","og_type":"article","og_title":"Bir n\u0259f\u0259r - MEYDAN.TV","og_description":"Bizi y\u00fcz ill\u0259rdir buna inand\u0131r\u0131rlar...","og_url":"https:\/\/www.meydan.tv\/az\/article\/bir-nefer\/","og_site_name":"MEYDAN.TV","article_published_time":"2014-09-07T21:01:37+00:00","og_image":[{"width":500,"height":500,"url":"https:\/\/www.meydan.tv\/wp-content\/uploads\/4827.jpg","type":"image\/jpeg"}],"author":"user-manager","twitter_card":"summary_large_image","schema":{"@context":"https:\/\/schema.org","@graph":[{"@type":"Article","@id":"https:\/\/www.meydan.tv\/az\/article\/bir-nefer\/#article","isPartOf":{"@id":"https:\/\/www.meydan.tv\/az\/article\/bir-nefer\/"},"author":{"name":"user-manager","@id":"https:\/\/www.meydan.tv\/az\/#\/schema\/person\/10d11eccf6da3662cf5fdab9806ea91a"},"headline":"Bir n\u0259f\u0259r","datePublished":"2014-09-07T21:01:37+00:00","mainEntityOfPage":{"@id":"https:\/\/www.meydan.tv\/az\/article\/bir-nefer\/"},"wordCount":951,"publisher":{"@id":"https:\/\/www.meydan.tv\/az\/#organization"},"image":{"@id":"https:\/\/www.meydan.tv\/az\/article\/bir-nefer\/#primaryimage"},"thumbnailUrl":"https:\/\/www.meydan.tv\/wp-content\/uploads\/4827.jpg","articleSection":["M\u0259nim Fikrimc\u0259"],"inLanguage":"az"},{"@type":"WebPage","@id":"https:\/\/www.meydan.tv\/az\/article\/bir-nefer\/","url":"https:\/\/www.meydan.tv\/az\/article\/bir-nefer\/","name":"Bir n\u0259f\u0259r - MEYDAN.TV","isPartOf":{"@id":"https:\/\/www.meydan.tv\/az\/#website"},"primaryImageOfPage":{"@id":"https:\/\/www.meydan.tv\/az\/article\/bir-nefer\/#primaryimage"},"image":{"@id":"https:\/\/www.meydan.tv\/az\/article\/bir-nefer\/#primaryimage"},"thumbnailUrl":"https:\/\/www.meydan.tv\/wp-content\/uploads\/4827.jpg","datePublished":"2014-09-07T21:01:37+00:00","breadcrumb":{"@id":"https:\/\/www.meydan.tv\/az\/article\/bir-nefer\/#breadcrumb"},"inLanguage":"az","potentialAction":[{"@type":"ReadAction","target":["https:\/\/www.meydan.tv\/az\/article\/bir-nefer\/"]}]},{"@type":"ImageObject","inLanguage":"az","@id":"https:\/\/www.meydan.tv\/az\/article\/bir-nefer\/#primaryimage","url":"https:\/\/www.meydan.tv\/wp-content\/uploads\/4827.jpg","contentUrl":"https:\/\/www.meydan.tv\/wp-content\/uploads\/4827.jpg","width":500,"height":500,"caption":"Source:"},{"@type":"BreadcrumbList","@id":"https:\/\/www.meydan.tv\/az\/article\/bir-nefer\/#breadcrumb","itemListElement":[{"@type":"ListItem","position":1,"name":"Ana s\u0259hif\u0259","item":"https:\/\/www.meydan.tv\/az\/"},{"@type":"ListItem","position":2,"name":"M\u0259nim Fikrimc\u0259","item":"https:\/\/www.meydan.tv\/az\/section\/menim-fikrimce\/"},{"@type":"ListItem","position":3,"name":"Bir n\u0259f\u0259r"}]},{"@type":"WebSite","@id":"https:\/\/www.meydan.tv\/az\/#website","url":"https:\/\/www.meydan.tv\/az\/","name":"MEYDAN.TV","description":"Meydan TV Az\u0259rbaycan\u0131n media m\u0259kan\u0131ndak\u0131 alternativ s\u0259sidir","publisher":{"@id":"https:\/\/www.meydan.tv\/az\/#organization"},"potentialAction":[{"@type":"SearchAction","target":{"@type":"EntryPoint","urlTemplate":"https:\/\/www.meydan.tv\/az\/?s={search_term_string}"},"query-input":{"@type":"PropertyValueSpecification","valueRequired":true,"valueName":"search_term_string"}}],"inLanguage":"az"},{"@type":"Organization","@id":"https:\/\/www.meydan.tv\/az\/#organization","name":"Meydan TV","url":"https:\/\/www.meydan.tv\/az\/","logo":{"@type":"ImageObject","inLanguage":"az","@id":"https:\/\/www.meydan.tv\/az\/#\/schema\/logo\/image\/","url":"https:\/\/www.meydan.tv\/wp-content\/uploads\/2021\/07\/meydan-logo.svg","contentUrl":"https:\/\/www.meydan.tv\/wp-content\/uploads\/2021\/07\/meydan-logo.svg","width":195,"height":46,"caption":"Meydan TV"},"image":{"@id":"https:\/\/www.meydan.tv\/az\/#\/schema\/logo\/image\/"}},{"@type":"Person","@id":"https:\/\/www.meydan.tv\/az\/#\/schema\/person\/10d11eccf6da3662cf5fdab9806ea91a","name":"user-manager"}]}},"_links":{"self":[{"href":"https:\/\/www.meydan.tv\/az\/wp-json\/wp\/v2\/posts\/165200","targetHints":{"allow":["GET"]}}],"collection":[{"href":"https:\/\/www.meydan.tv\/az\/wp-json\/wp\/v2\/posts"}],"about":[{"href":"https:\/\/www.meydan.tv\/az\/wp-json\/wp\/v2\/types\/post"}],"author":[{"embeddable":true,"href":"https:\/\/www.meydan.tv\/az\/wp-json\/wp\/v2\/users\/11"}],"replies":[{"embeddable":true,"href":"https:\/\/www.meydan.tv\/az\/wp-json\/wp\/v2\/comments?post=165200"}],"version-history":[{"count":0,"href":"https:\/\/www.meydan.tv\/az\/wp-json\/wp\/v2\/posts\/165200\/revisions"}],"wp:featuredmedia":[{"embeddable":true,"href":"https:\/\/www.meydan.tv\/az\/wp-json\/wp\/v2\/media\/13856"}],"wp:attachment":[{"href":"https:\/\/www.meydan.tv\/az\/wp-json\/wp\/v2\/media?parent=165200"}],"wp:term":[{"taxonomy":"category","embeddable":true,"href":"https:\/\/www.meydan.tv\/az\/wp-json\/wp\/v2\/categories?post=165200"},{"taxonomy":"post_tag","embeddable":true,"href":"https:\/\/www.meydan.tv\/az\/wp-json\/wp\/v2\/tags?post=165200"}],"curies":[{"name":"wp","href":"https:\/\/api.w.org\/{rel}","templated":true}]}}