{"id":165049,"date":"2014-08-22T04:24:45","date_gmt":"2014-08-22T04:24:45","guid":{"rendered":"https:\/\/www.meydan.tv\/article\/ferdiyyetcilik-yoxsa-kollektivizm\/"},"modified":"2014-08-22T04:24:45","modified_gmt":"2014-08-22T04:24:45","slug":"ferdiyyetcilik-yoxsa-kollektivizm","status":"publish","type":"post","link":"https:\/\/www.meydan.tv\/az\/article\/ferdiyyetcilik-yoxsa-kollektivizm\/","title":{"rendered":"F\u0259rdiyy\u0259t\u00e7ilik yoxsa kollektivizm?!"},"content":{"rendered":"<figure class=\"wp-block-image size-large\">\n  <img decoding=\"async\" src=\"https:\/\/www.meydan.tv\/az\/13364\/\" alt=\"\" class=\"wp-image-13364\"\/><figcaption><\/figcaption><\/figure>\n<figure class=\"wp-block-image size-large\">\n  <img decoding=\"async\" src=\"https:\/\/www.meydan.tv\/az\/13367\/\" alt=\"\" class=\"wp-image-13367\"\/><figcaption><\/figcaption><\/figure>\n<p>\n  \u00dcmumilikd\u0259 insanlar kimi c\u0259miyy\u0259tl\u0259r d\u0259 tamamil\u0259 f\u0259rdiyy\u0259t\u00e7i v\u0259 ya kollektivist olmular. H\u0259r bir c\u0259miyy\u0259t eyni anda h\u0259m f\u0259rdiyy\u0259t\u00e7iliyi, h\u0259m d\u0259 kollektivizmi \u00f6z\u00fcnd\u0259 sintez edir. B\u0259zi c\u0259miyy\u0259tl\u0259rd\u0259 f\u0259rdiyy\u0259t\u00e7ilik \u015f\u00fcuru daha \u00e7ox yer tutdu\u011fu halda, dig\u0259rl\u0259rind\u0259 kollektivizm daha \u00e7ox faiz t\u0259\u015fkil edir. Bu nisbiliyi n\u0259z\u0259r\u0259 alaraq b\u0259zi c\u0259miyy\u0259tl\u0259ri f\u0259rdiyy\u0259t\u00e7i, b\u0259zil\u0259rini is\u0259 kollektivizm.\n<\/p>\n<p>\n  <b><br \/>\n    F\u0259rdiyy\u0259t\u00e7i v\u0259 kollektivist olmaq n\u0259 dem\u0259kdir? Bu nec\u0259 m\u00fc\u0259yy\u0259n olunur? \u015e\u0259rq-Q\u0259rb n\u00fcmun\u0259si<br \/>\n  <\/b>\n<\/p>\n<p>\n  Hal-haz\u0131rda m\u00fcxt\u0259lif c\u0259miyy\u0259tl\u0259rin n\u0259 d\u0259r\u0259c\u0259d\u0259 f\u0259rdiyy\u0259t\u00e7i v\u0259 ya kollektivist oldu\u011funu \u00f6l\u00e7m\u0259k \u00fc\u00e7\u00fcn \u201cD\u0259y\u0259r T\u0259hlili Modul\u201dundan (Value Survey Module 1994\u00a0\u2013 VSM 94)<br \/>\n  <a href=\"http:\/\/www.sjdm.org\/dmidi\/Values_Survey_Module.html\" target=\"_blank\" rel=\"noopener\"><br \/>\n    <i><br \/>\n      <b><br \/>\n        istifad\u0259 edilir<br \/>\n      <\/b><br \/>\n    <\/i><br \/>\n  <\/a><br \/>\n  . Bu modulun yaranmas\u0131ndan \u00f6nc\u0259 is\u0259 hollandiyal\u0131 psixoloq Geert Hofstede m\u00fcxt\u0259lif c\u0259miyy\u0259tl\u0259rin m\u0259d\u0259niyy\u0259tl\u0259rini \u00a0ara\u015fd\u0131rmaq \u00a0\u00fc\u00e7\u00fcn indikatorlar m\u00fc\u0259yy\u0259n etmi\u015fdir ki, bunlardan biri d\u0259 f\u0259rdiyy\u0259t\u00e7ilik indikatoru idi. Daha sonra Fons Trompenaars, Charles Hampden-Turner v\u0259 Shalom Schwartz kimi psixoloq v\u0259 sosioloqlar f\u0259rqli indikatorlarla c\u0259miyy\u0259tl\u0259rin f\u0259rdiyy\u0259t\u00e7i v\u0259 ya kollektivist olmalar\u0131n\u0131 m\u00fc\u0259yy\u0259n etm\u0259y\u0259 \u00e7al\u0131\u015f\u0131blar. Bu indikatorlar\u0131 \u00f6l\u00e7m\u0259k \u00fc\u00e7\u00fcn f\u0259rqli \u00f6lk\u0259l\u0259rin v\u0259t\u0259nda\u015flar\u0131 aras\u0131nda sor\u011fu ke\u00e7irilib v\u0259 c\u0259miyy\u0259tl\u0259rin n\u0259 d\u0259r\u0259c\u0259d\u0259 f\u0259rdiyy\u0259t\u00e7i olduqlar\u0131n\u0131 m\u00fc\u0259yy\u0259nl\u0259\u015fdirilm\u0259y\u0259 \u00e7al\u0131\u015f\u0131l\u0131b.\n<\/p>\n<p>\n  Hofstedin qoydu\u011fu suallar\u0131 n\u0259z\u0259r\u0259 alsaq,<br \/>\n  <i><br \/>\n    f\u0259rdiyy\u0259t\u00e7ilik bir insan\u0131n \u00f6z\u00fcn\u00fcn v\u0259 ail\u0259sinin qay\u011f\u0131s\u0131n\u0131 \u00f6z\u00fc \u00e7\u0259km\u0259si<br \/>\n  <\/i><br \/>\n  kimi t\u0259svir edilib. Kollektivizm is\u0259 bu qay\u011f\u0131n\u0131n m\u0259suliyy\u0259tini bir qrup aras\u0131nda payla\u015f\u0131b (bu d\u00f6vl\u0259t v\u0259 ya t\u0259\u015fkilat ola bil\u0259r) \u0259v\u0259zind\u0259 bu qrupun d\u0259y\u0259rl\u0259rin\u0259 ba\u015f \u0259ym\u0259k kimi izah olunur. Y\u00fcks\u0259k s\u0259viyy\u0259d\u0259 f\u0259rdiyy\u0259t\u00e7ilik n\u00fcmayi\u015f ed\u0259n insanlar daha \u00f6zl\u0259rin\u0259 \u0259mindirl\u0259r, daima inki\u015faf edirl\u0259r, q\u0259rarlar\u0131 \u00f6zl\u0259ri verirl\u0259r v\u0259 bu se\u00e7iml\u0259rind\u0259n v\u0259 q\u0259rarlar\u0131ndan raz\u0131d\u0131rlar. Toplumcu insanlar is\u0259 q\u0259rar\u0131 ba\u015fqalar\u0131n\u0131n \u00fcz\u0259rin\u0259 qoyurlar. \u018fg\u0259r f\u0259rdiyy\u0259t\u00e7i insan sosial m\u00fcnasib\u0259tl\u0259rin onun d\u0259y\u0259rl\u0259rin\u0259 bir ba\u015fa m\u00fcdaxil\u0259sini q\u0259bul etmirs\u0259, kollektivist insan m\u00fcnasib\u0259td\u0259 oldu\u011fu qruplar\u0131n onun \u00f6z\u0259l h\u0259yat\u0131na m\u00fcdaxil\u0259sin\u0259 imkan yarad\u0131r v\u0259 h\u0259tta buna normal bax\u0131r. F\u0259rdiyy\u0259t\u00e7i insan\u0131n \u0259n \u00e7ox qorxdu\u011fu \u015fey \u00f6z\u00fcn\u0259 h\u00f6rm\u0259ti itirm\u0259kdir. Dig\u0259rl\u0259rinin g\u00f6z\u00fcnd\u0259 h\u00f6rm\u0259ti itirm\u0259kd\u0259n qorxmaq v\u0259 bundan dolay\u0131 yaranan utancl\u0131q hissi\u00a0 is\u0259 m\u0259hz kollektivist insanlara xas olan bir \u015feyl\u0259rdir.\n<\/p>\n<p>\n  Q\u0131sacas\u0131 Hofsted\u0259 g\u00f6r\u0259 f\u0259rdiyy\u0259t\u00e7i insan azadsev\u0259r, c\u0259sar\u0259tli, m\u0259sulliyy\u0259tli, ita\u0259etsiz, he\u00e7 k\u0259sd\u0259n as\u0131l\u0131 olmayan v\u0259 yaln\u0131z \u00f6z\u00fcn\u0259 cavabdeh olan<br \/>\n  <a href=\"http:\/\/www.andrews.edu\/~tidwell\/bsad560\/HofstedeIndividualism.html\" target=\"_blank\" rel=\"noopener\"><br \/>\n    <i><br \/>\n      <b><br \/>\n        anlamlar\u0131n\u0131 verir.<br \/>\n      <\/b><br \/>\n    <\/i><br \/>\n  <\/a>\n<\/p>\n<p>\n  Bu indikatorlarla \u00f6l\u00e7\u00fcl\u0259n f\u0259rdiyy\u0259t\u00e7ilik\u00a0 n\u0259tic\u0259sind\u0259 yaranan s\u0131ralamada bir daha s\u00fcbut olundu ki, q\u0259rb c\u0259miyy\u0259tl\u0259ri \u015f\u0259rq c\u0259miyy\u0259tl\u0259rind\u0259n f\u0259rqli olaraq daha f\u0259rdiyy\u0259t\u00e7idirl\u0259r. X\u00fcsus\u0259n anqlo-sakson c\u0259miyy\u0259tl\u0259ri (ingilt\u0259r\u0259 v\u0259 AB\u015e), Avstraliya daha azadsev\u0259r, daha c\u0259sar\u0259tli, daha \u00f6z\u00fcn\u0259 \u0259mindirl\u0259r. Lat\u0131n Amerikas\u0131, Afrika, Asiya \u00f6lk\u0259l\u0259ri is\u0259 daha \u00e7ox kollektivist, y\u0259ni daha \u00e7ox as\u0131l\u0131,<br \/>\n  <a href=\"http:\/\/www.clearlycultural.com\/geert-hofstede-cultural-dimensions\/individualism\/\" target=\"_blank\" rel=\"noopener\"><br \/>\n    <i><br \/>\n      <b><br \/>\n        daha \u00e7ox c\u0259sar\u0259tsizdir.<br \/>\n      <\/b><br \/>\n    <\/i><br \/>\n  <\/a>\n<\/p>\n<p>\n  \u018fn maraql\u0131s\u0131 odur ki, bu indikatorlarla \u015f\u0259rqd\u0259 bel\u0259 inki\u015faf etmi\u015f d\u00f6vl\u0259tl\u0259rin insanlar\u0131 daha \u00e7ox f\u0259rdiyy\u0259t\u00e7ilik n\u00fcmayi\u015f el\u0259tdirir, n\u0259yinki dig\u0259r \u015f\u0259rq \u00f6lk\u0259l\u0259rinin insanlar\u0131. Misal \u00fc\u00e7\u00fcn Hofstedin ara\u015fd\u0131rmas\u0131n\u0131n n\u0259tic\u0259sin\u0259 g\u00f6r\u0259 Yaponlar avropa v\u0259 amerikal\u0131lar q\u0259d\u0259r f\u0259rdiyy\u0259t\u00e7i olmasalar da \u015f\u0259rqin \u0259n f\u0259rdiyy\u0259t\u00e7i c\u0259miyy\u0259tidirl\u0259r.\u00a0 Bir s\u00f6zl\u0259 yaponlar \u015f\u0259rqin \u0259n azadsev\u0259r, c\u0259sar\u0259tli v\u0259 m\u0259suliyy\u0259tli c\u0259miyy\u0259tidir. V\u0259 \u00fcmumiyy\u0259tl\u0259 Hofsted ara\u015fd\u0131rmas\u0131n\u0131n faizl\u0259ri g\u00f6st\u0259rir ki, \u00fcmumilikd\u0259 inki\u015faf etmi\u015f, s\u0259nay\u0259 \u00f6lk\u0259l\u0259rinin v\u0259t\u0259nda\u015flar\u0131, inki\u015fafda olan \u00f6lk\u0259l\u0259rin v\u0259t\u0259nda\u015flar\u0131ndan daha f\u0259rdiyy\u0259t\u00e7idirl\u0259r.\n<\/p>\n<p>\n  Lakin dig\u0259r hollandiya sosioloqu Fons Trompenaars\u0131n indikator suallar\u0131na n\u0259z\u0259r salsaq, g\u00f6r\u0259rik ki Trompenaars\u0131n f\u0259rdiyy\u0259t\u00e7ilik anlay\u0131\u015f\u0131 \u00f6z maraqlar\u0131n\u0131 toplumun maraqlar\u0131ndan \u00fcst\u00fcn tutmaq, bir n\u00f6v ya\u015famaq \u00fc\u00e7\u00fcn m\u00fcbariz\u0259 etm\u0259k, kollektivizm is\u0259 c\u0259miyy\u0259tin maraqlar\u0131na xidm\u0259t etm\u0259k, \u0259m\u0259ll\u0259rinin dig\u0259rl\u0259rin\u0259 xeyir verm\u0259si \u00fc\u00e7\u00fcn \u00e7al\u0131\u015fmaq dem\u0259kdir.\n<\/p>\n<p>\n  Trompenaars \u00f6z ara\u015fd\u0131rmas\u0131nda suallar\u0131 bel\u0259 qoyur:\n<\/p>\n<ol>\n<li>\n      Bir insan\u0131n h\u0259yat keyfiyy\u0259tini yax\u015f\u0131la\u015fd\u0131rmaq \u00fc\u00e7\u00fcn ona m\u00fcmk\u00fcn q\u0259d\u0259r azadl\u0131q v\u0259 inki\u015faf etm\u0259k imkanlar\u0131 verilm\u0259lidir?\n    <\/li>\n<li>\n      H\u0259r bir insan h\u0259tta azadl\u0131\u011f\u0131ndan v\u0259 f\u0259rdi inki\u015faf\u0131ndan imtina ed\u0259r\u0259k yax\u0131n\u0131n\u0131n qay\u011f\u0131s\u0131na qald\u0131qda h\u0259r birinin<br \/>\n      <a href=\"http:\/\/people.soc.cornell.edu\/mg324\/uploads\/2\/2\/9\/5\/22956428\/online_appendices_abcd_-_collectivism_paper.pdf\" target=\"_blank\" rel=\"noopener\"><br \/>\n        <i><br \/>\n          <b><br \/>\n            h\u0259yat\u0131 yax\u015f\u0131la\u015facaq?<br \/>\n          <\/b><br \/>\n        <\/i><br \/>\n      <\/a>\n    <\/li>\n<\/ol>\n<p>\n  Birinci deyim\u0259 \u00fcst\u00fcnl\u00fck ver\u0259nl\u0259r f\u0259rdiyy\u0259t\u00e7i, ikinciy\u0259 \u00fcst\u00fcnl\u00fcn ver\u0259nl\u0259r kollektivist olaraq m\u00fc\u0259yy\u0259n edilir. Y\u0259ni Trompenaars\u0131n f\u0259rdiyy\u0259t\u00e7isi bigan\u0259dir, eqoistdir.kollektivist insan is\u0259 c\u0259miyy\u0259tin xeyrin\u0259 \u00f6z azadl\u0131\u011f\u0131ndan imtina etm\u0259y\u0259 haz\u0131r olan, dig\u0259rl\u0259ri \u00fc\u00e7\u00fcn \u00e7al\u0131\u015fan \u00a0kimi q\u0259l\u0259m\u0259 verilir. \u00a0Onun s\u0131ralamas\u0131nda f\u0259rdiyy\u0259t\u00e7i c\u0259miyy\u0259tl\u0259rd\u0259ki insanlar \u00f6z aralar\u0131nda r\u0259qab\u0259t, kollektivist c\u0259miyy\u0259tl\u0259rin insanlar\u0131 is\u0259 aralar\u0131nda \u0259m\u0259kda\u015fl\u0131q edirl\u0259r. \u018fg\u0259r Hofsted\u0259 g\u00f6r\u0259 Yaponlar f\u0259rdiyy\u0259t\u00e7i idil\u0259rs\u0259 Trompenaars\u0131n f\u0259rdiyy\u0259t\u00e7iliik indikatorlar\u0131 il\u0259 edil\u0259n ara\u015fd\u0131rman\u0131n n\u0259tic\u0259sind\u0259 Yaponlar eqoist f\u0259rdiyy\u0259t\u00e7i q\u0259rblil\u0259rd\u0259n \u00e7ox arxadad\u0131rlar v\u0259 onlardan f\u0259rqli olaraq kollektivist, c\u0259miyy\u0259t \u00fc\u00e7\u00fcn \u00e7al\u0131\u015fan insand\u0131rlar. Lakin \u0130srail v\u0259 Nigeriya kimi d\u00f6vl\u0259tl\u0259rin v\u0259t\u0259nda\u015flar\u0131 Trompenaars\u0131n ara\u015fd\u0131rmas\u0131na g\u00f6r\u0259 \u0259n \u00e7ox f\u0259rdiyy\u0259t\u00e7ilik n\u00fcmayi\u015f<br \/>\n  <a href=\"http:\/\/guidewhois.com\/2011\/01\/what-is-individualismcollectivism\/\" target=\"_blank\" rel=\"noopener\"><br \/>\n    <i><br \/>\n      <b><br \/>\n        el\u0259tdir\u0259n c\u0259miyy\u0259tl\u0259rdir.<br \/>\n      <\/b><br \/>\n    <\/i><br \/>\n  <\/a>\n<\/p>\n<p>\n  <b><br \/>\n    F\u0259rdiyy\u0259t\u00e7i v\u0259 toplumcu insan\u0131n d\u00fcnyaya bax\u0131\u015f\u0131<br \/>\n  <\/b>\n<\/p>\n<p>\n  G\u00f6r\u00fcnd\u00fcy\u00fc kimi individualizm v\u0259 kollektivizm anlay\u0131\u015flar\u0131n\u0131 bir \u00e7ox m\u0259nfi v\u0259 m\u00fcsb\u0259t m\u0259nalar verilir. Lakin Tromperaans\u0131n f\u0259rdiyy\u0259t\u00e7ilik indikatorlar\u0131\u00a0 eqoizm kimi t\u0259qdim olunsa da \u00fcmum\u0259n b\u00fct\u00fcn ara\u015fd\u0131rmalar yen\u0259 d\u0259 q\u0259rbin daha f\u0259rdiyy\u0259t\u00e7i olmas\u0131n\u0131 g\u00f6st\u0259rib ki, bu da \u0259slind\u0259 f\u0259rdiyy\u0259t\u00e7iliyin \u0259n \u0259sas\u0131<br \/>\n  <i><br \/>\n    azadl\u0131qla, inki\u015fafla<br \/>\n  <\/i><br \/>\n  v\u0259<br \/>\n  <i><br \/>\n    insanlar\u0131n maddi durumu il\u0259<br \/>\n  <\/i><br \/>\n  d\u00fcz m\u00fct\u0259nasib olmas\u0131n\u0131 g\u00f6st\u0259rir.\n<\/p>\n<p>\n  F\u0259rdiyy\u0259t\u00e7i insan unikald\u0131r, as\u0131l\u0131 deyil, azadd\u0131r, ya\u015famas\u0131 \u00fc\u00e7\u00fcn m\u00fctl\u0259q bir qrupa daxil olub onun par\u00e7as\u0131 olmas\u0131n\u0131 g\u00f6zl\u0259mir. Kollektivist insan is\u0259 daima \u00f6z\u00fcn\u00fc bir qrupun par\u00e7as\u0131 kimi g\u00f6r\u00fcr, qrupun fikrini payla\u015f\u0131r. \u00d6z m\u0259suliyy\u0259tinin\u0259 dig\u0259rl\u0259rini cavabdeh etdiyi kimi, dig\u0259rl\u0259rinin\u00a0 m\u0259suliyy\u0259tin\u0259 d\u0259 cavabdehliyi \u00fcz\u0259rin\u0259 al\u0131r. Kollektivist c\u0259miyy\u0259tl\u0259tl\u0259rd\u0259 f\u0259rdi probleml\u0259r v\u0259 f\u0259rdi \u00e7\u00f6z\u00fcml\u0259r olmur. H\u0259r bir f\u0259rdin problemi art\u0131q c\u0259miyy\u0259tin problemi say\u0131ld\u0131\u011f\u0131 \u00fc\u00e7\u00fcn, problemin \u00e7\u00f6z\u00fcm\u00fc f\u0259rdi qane etm\u0259s\u0259 d\u0259, o an kollektivi qane etdiyi \u00fc\u00e7\u00fcn t\u0259tbiq olunur.\n<\/p>\n<p>\n  C\u0259miyy\u0259tin individualist v\u0259 ya kollektivist formala\u015fmas\u0131 d\u00f6vl\u0259tin siyasi sisteminin n\u0259 q\u0259d\u0259r azad olmas\u0131ndan as\u0131l\u0131d\u0131r. Demokratik d\u00f6vl\u0259tl\u0259rin \u0259halisi daha individualist oldu\u011fu kimi, nasist, fa\u015fist sisteml\u0259rin ayr\u0131lmaz par\u00e7as\u0131 m\u0259hz kollektiv\u00e7i d\u00fc\u015f\u00fcnc\u0259dir.\n<\/p>\n<p>\n  Yuxar\u0131dak\u0131lar\u0131 n\u0259z\u0259r\u0259 alaraq f\u0259rdiyy\u0259t\u00e7i v\u0259 kollektivist insanlar\u0131n bir ne\u00e7\u0259 x\u00fcsusiyy\u0259tl\u0259rini daha vur\u011fulamaq laz\u0131md\u0131r. F\u0259rdiyy\u0259t\u00e7i v\u0259\u00a0 toplumcu insan aras\u0131nda olan f\u0259rq onun d\u0259y\u0259rl\u0259ri il\u0259 \u0259laq\u0259dard\u0131r.\n<\/p>\n<p>\n  F\u0259rdiy\u0259t\u00e7i insan f\u0259rdin se\u00e7imin\u0259 \u00f6n\u0259m verdiyi halda, kollektivist insan d\u0259y\u0259ri f\u0259rdd\u0259n \u00fcst\u00fcn tutur. \u00a0Toplumu birl\u0259\u015fdir\u0259n \u015fey m\u0259hz d\u0259y\u0259rl\u0259rdir. D\u0259y\u0259r, ideologiya, fikirl\u0259r insanlar\u0131 bir araya g\u0259tirir h\u0259r zaman. Bunun \u00fc\u00e7\u00fcn Trompenarsaan\u0131n m\u00fc\u0259yy\u0259n etdiyini indikatorlarla kollektivizm ilk bax\u0131\u015fdan n\u0259 q\u0259d\u0259r altruist s\u0259sl\u0259ns\u0259 d\u0259, c\u0259miyy\u0259t\u0259 verdiyi xeyird\u0259 qeyris\u0259mimidir. \u018fg\u0259r bir insan onu dig\u0259rl\u0259ri il\u0259 birl\u0259\u015fdir\u0259n d\u0259y\u0259r\u0259 o insanlardan daha \u00e7ox \u00f6n\u0259msiy\u0259rs\u0259 o zaman onun c\u0259miyy\u0259t\u0259 verdiyi xeyir o d\u0259y\u0259rl\u0259rin bu g\u00fcn var olmas\u0131ndan as\u0131l\u0131d\u0131r. Ortaq d\u0259y\u0259r varsa qrupun insanlar\u0131na xeyir var. Trompenaar\u0131sn f\u0259rqli m\u0259d\u0259niyy\u0259tl\u0259ri ara\u015fd\u0131rmas\u0131 g\u00f6st\u0259rir ki kollektivist c\u0259miyy\u0259tl\u0259rd\u0259 \u00a0dostluq qohumluq m\u00fcnasib\u0259tl\u0259ri i\u015fd\u0259 bel\u0259 ir\u0259li \u00e7\u0259kilir. Dostluq qohumluq olmasa xeyir d\u0259 olmayacaq. Bu da \u00f6z n\u00f6vb\u0259sind\u0259 b\u0259rab\u0259rlik, \u0259dal\u0259t anlay\u0131\u015flar\u0131n\u0131 pozur. Qohumbazl\u0131q, yerlibazl\u0131q, korrupsiya kimi iyr\u0259nc faktorlar\u0131n c\u0259miyy\u0259td\u0259 inki\u015faf etm\u0259sin\u0259 yol a\u00e7\u0131r.\n<\/p>\n<p>\n  Liberalizmin \u0259sas t\u0259m\u0259ll\u0259rind\u0259n biri f\u0259rdiy\u0259t\u00e7ilik olmas\u0131 da m\u0259hz f\u0259rdiyy\u0259t\u00e7iliyin azadl\u0131q v\u0259 b\u0259rab\u0259rlik olmas\u0131ndan ir\u0259li g\u0259lir. Azadl\u0131\u011f\u0131n v\u0259 b\u0259rab\u0259rliyin t\u0259m\u0259linda m\u0259hz f\u0259rdiy\u0259t\u00e7ilik dayan\u0131r. Lakin f\u0259rdiyy\u0259t\u00e7ilik yaln\u0131z \u00f6z\u00fcn\u00fc d\u00fc\u015f\u00fcnm\u0259k deyil. \u018fb\u0259s yerd\u0259n deyil ki, f\u0259rdiyy\u0259t\u00e7ilik m\u0259hz humanizml\u0259 eyni anda inki\u015faf edib. F\u0259rdiyy\u0259t\u00e7ilik \u0259slind\u0259 qar\u015f\u0131ndak\u0131 insan\u0131 da\u015f\u0131d\u0131\u011f\u0131 d\u0259y\u0259rl\u0259rd\u0259n as\u0131l\u0131 olmayaraq insan oldu\u011fu \u00fc\u00e7\u00fcn \u00f6n\u0259ms\u0259m\u0259k, onun da s\u0259nin kimi azadl\u0131qlara, \u015f\u0259xsi h\u0259yata malik oldu\u011funu q\u0259bul etm\u0259k v\u0259 \u0259n \u0259sas\u0131 onun m\u0259d\u0259niyy\u0259tind\u0259n, mill\u0259tind\u0259n, dinind\u0259n as\u0131l\u0131 olmayaraq \u00f6z\u00fcn\u0259 b\u0259rab\u0259r bilm\u0259kdir. F\u0259rdiyy\u0259t\u00e7i c\u0259miyy\u0259tin \u00fczvl\u0259ri kollektivist c\u0259miyy\u0259tin \u00fczvl\u0259rind\u0259n f\u0259rqli olaraq dig\u0259rl\u0259rin\u0259 xeyir verm\u0259k m\u0259qs\u0259di il\u0259 ya\u015famasalar da, n\u0259tic\u0259d\u0259 c\u0259miyy\u0259tin h\u0259r bir \u00fczv\u00fc azad v\u0259 b\u0259rab\u0259r imkanlara malik oldu\u011fu \u00fc\u00e7\u00fcn inki\u015faf edir.\n<\/p>\n<p>\n  kollektivist c\u0259miyy\u0259tl\u0259rd\u0259 \u00e7ox sayl\u0131 f\u0259rqli insanlar\u0131 bir araya g\u0259tir\u0259n ortaq d\u0259y\u0259rl\u0259ri ara\u015fd\u0131rma\u011fa ba\u015flasaq bunlar\u0131 saya bil\u0259rik: v\u0259t\u0259n, mill\u0259t, m\u0259d\u0259niyy\u0259t, din, qohumluq \u0259laq\u0259l\u0259ri. \u00a0Bunlar ham\u0131s\u0131 d\u00fcnyada eyni \u0259razid\u0259 (v\u0259t\u0259n, ail\u0259) b\u0259z\u0259n d\u0259 f\u0259rqli v\u0259 biri-birind\u0259n uzaq yerl\u0259rd\u0259 (din, mill\u0259t, m\u0259d\u0259niyy\u0259t) ya\u015fayan insanlar\u0131 bir araya g\u0259tir\u0259n d\u0259y\u0259rl\u0259rdir.\n<\/p>\n<p>\n  Kollektivizm yaln\u0131z birg\u0259 \u00e7al\u0131\u015fmaq, birg\u0259 ya\u015famaq, payla\u015fmaq dem\u0259k\u00a0 deyil. \u00a0Kollektivizm h\u0259m d\u0259 birg\u0259 m\u0259suliyy\u0259t da\u015f\u0131maqd\u0131r. \u00a0V\u0259 paradoksal olan budur ki, kollektivist olan\u00a0 xalqlar diktaturaya qar\u015f\u0131, \u0259dal\u0259tsizliy\u0259 qar\u015f\u0131, f\u0259rdiyy\u0259t\u00e7i xalqlardan f\u0259rqli olaraq, daha az kollektiv \u015f\u0259kild\u0259 etiraz ed\u0259 bilirl\u0259r. Bu da onlar\u0131n m\u0259suliyy\u0259i payla\u015fma (bir n\u00f6v ham\u0131 etiraz ets\u0259, m\u0259n d\u0259 qo\u015fularam) m\u0259d\u0259niyy\u0259tind\u0259n ir\u0259li g\u0259lir.\n<\/p>\n<p>\n  <b><br \/>\n    Az\u0259rbaycan kollektivist c\u0259miyy\u0259t kimi<br \/>\n  <\/b>\n<\/p>\n<p>\n  Son zamanlar d\u00fcnyada h\u0259m\u00e7inin Az\u0259rbaycanda ba\u015f ver\u0259n hadis\u0259l\u0259r\u0259 insanlar\u0131n yana\u015fmas\u0131ndan onlar\u0131n f\u0259rdiyy\u0259t\u00e7i yoxsa kollektivist olmas\u0131n\u0131 anlamaq olar. Misal olaraq, Q\u0259zzada t\u00f6r\u0259dil\u0259n q\u0259tliama biz az\u0259rbaycanl\u0131lar\u0131n kellektivist xalq olaraq iki qrupa ayr\u0131l\u0131b m\u00fcnasib\u0259t bildirirdik. Bir qrup \u00a0Q\u0259zzada g\u00fcnahs\u0131z insanlar\u0131n m\u00fcs\u0259lman olduqlar\u0131n\u0131 vur\u011fulay\u0131b, eyni anda da yahudil\u0259r\u0259 nift\u0259t etm\u0259si bu insanlar\u0131n din d\u0259y\u0259rini \u00f6n\u0259ms\u0259m\u0259sind\u0259n ir\u0259li g\u0259lir. Dig\u0259r t\u0259r\u0259fd\u0259 is\u0259 ba\u015fqa bir qrupun Yaser Arafat\u0131 erm\u0259nil\u0259r\u0259 d\u0259st\u0259kd\u0259 g\u00fcnahland\u0131raraq Q\u0259zzada g\u00fcnahs\u0131z u\u015faqlar\u0131n \u00f6l\u00fcm\u00fcn\u0259 b\u0259ray\u0259t qazand\u0131rmas\u0131 bu qrupun mill\u0259t v\u0259 v\u0259t\u0259n d\u0259y\u0259rl\u0259rini \u00f6n\u0259ms\u0259m\u0259sini g\u00f6st\u0259rir. H\u0259r iki halda toplumcu d\u0259y\u0259ri \u00fcst\u00fcn tutan insan d\u00fcnyada ba\u015f ver\u0259n hadis\u0259l\u0259rd\u0259 yen\u0259 d\u0259 ortaq d\u0259y\u0259rl\u0259rd\u0259n \u00e7\u0131x\u0131\u015f ed\u0259r\u0259k m\u00fcdaxil\u0259 edir (haz\u0131rda: ya \u00f6l\u0259nl\u0259rin m\u0259hz m\u00fcs\u0259lman olmas\u0131na g\u00f6r\u0259, ya da Yaser Arafat\u0131n erm\u0259nil\u0259r\u0259 d\u0259st\u0259k verm\u0259sin\u0259 g\u00f6r\u0259). Bir Yaser Arafat\u0131n\u00a0 m\u0259suliyy\u0259tini b\u00fct\u00fcn f\u0259l\u0259stinlil\u0259r da\u015f\u0131mal\u0131d\u0131r dey\u0259 m\u00fcdaxil\u0259 ed\u0259n toplumcu insanlar Yaser Arafat\u0131n m\u0259suliyy\u0259tini b\u00fct\u00fcn toplumun aras\u0131nda payla\u015fd\u0131r\u0131r. V\u0259 ya dig\u0259rl\u0259rinin \u0130srail rejiminin iyr\u0259ncliyini b\u00fct\u00fcn yahudil\u0259r aras\u0131nda payla\u015fd\u0131r\u0131r. N\u0259tic\u0259d\u0259 kollektivizm varsa o zaman orda m\u00fctl\u0259q milliy\u0259t\u00e7ilik, irq\u00e7ilik din\u00e7ilik yaran\u0131r. Art\u0131q bir siyasi rejim\u0259, bir liderin h\u0259r\u0259k\u0259tin\u0259 g\u00f6r\u0259 b\u00fct\u00fcn xalq g\u00fcnahland\u0131r\u0131l\u0131r, a\u015fa\u011f\u0131lan\u0131r. \u00a0Eyni anda insan insan oldu\u011fu \u00fc\u00e7\u00fcn g\u00f6zd\u0259n d\u00fc\u015f\u00fcr ortaq d\u0259y\u0259r payla\u015fan oldu\u011fu \u00fc\u00e7\u00fcn (eyni mill\u0259t eyni din) \u00a0\u00f6n\u0259ms\u0259nir.\n<\/p>\n<p>\n  Biz Az\u0259rbaycanl\u0131lar\u0131n kollektivist olmas\u0131na bizim v\u0259t\u0259n anlay\u0131\u015f\u0131m\u0131zdan da g\u00f6rm\u0259k olar. D\u0259y\u0259ri \u00fcst\u00fcn tutdu\u011fumuz \u00fc\u00e7\u00fcn d\u00fcnyada ba\u015f ver\u0259n hadis\u0259l\u0259r\u0259 d\u0259y\u0259r prizmas\u0131ndan m\u00fcdaxil\u0259 etdiyimiz kimi, \u00f6lk\u0259nin i\u00e7ind\u0259 ba\u015f ver\u0259n hadis\u0259l\u0259r\u0259 d\u0259 bu prizmadan bax\u0131r\u0131q. Bizim \u00fc\u00e7\u00fcn v\u0259t\u0259n anlay\u0131\u015f\u0131 torpaqdan v\u0259 d\u00f6vl\u0259t maraqlar\u0131ndan ibar\u0259tdir.\u00a0 Biz az\u0259rbaycanl\u0131lar \u00e7oxluq etibar\u0131 il\u0259 torpa\u011fa onun u\u011frunda \u015f\u0259hid olan insandan daha \u00e7ox \u00f6n\u0259m veririk. Bir \u00e7oxumuz h\u0259tta kollektivist eqoistlik edirik. \u00d6z yax\u0131nlar\u0131m\u0131z\u0131n \u00f6lm\u0259sini ist\u0259m\u0259s\u0259k d\u0259, torpaq u\u011frunda ba\u015fqas\u0131n\u0131n atas\u0131n\u0131, o\u011flunu, qarda\u015f\u0131n\u0131 qurban verm\u0259y\u0259 haz\u0131r\u0131q ki, t\u0259ki o torpaq (y\u0259ni bizim ortaq d\u0259y\u0259rimiz), bir n\u00f6v bizim namusumuz, \u015f\u0259r\u0259fimiz geri qay\u0131ts\u0131n. O torpa\u011f\u0131n \u00fcst\u00fcnd\u0259 ya\u015fayan insan\u0131n aqib\u0259ti, onun u\u011frunda sava\u015fan insan\u0131n aqib\u0259ti bizi maraqland\u0131rm\u0131r. Vacib olan o d\u0259y\u0259rdir ki, onu qaytarmaq bizim \u00fc\u00e7\u00fcn insan itirm\u0259kd\u0259n daha \u00f6n\u0259mlidir.\n<\/p>\n<p>\n  <b><br \/>\n    Kollektivizmin b\u0259\u015f\u0259riyy\u0259t\u0259 verdiyi ziyan<br \/>\n  <\/b>\n<\/p>\n<p>\n  Kollektivist y\u0259ni d\u0259y\u0259ri \u00fcst\u00fcn tutan insan daima ayr\u0131se\u00e7kilik edir. Onun d\u0259y\u0259rini (mill\u0259t, v\u0259t\u0259n, din, qohumluq \u0259laq\u0259l\u0259ri) da\u015f\u0131mayan insana qar\u015f\u0131 diskriminativ yana\u015f\u0131r. \u018fg\u0259r f\u0259rdiyy\u0259t\u00e7i \u201cm\u0259n\u201d deyib \u00f6z\u00fcn\u00fc daha \u00f6n\u0259ms\u0259diyi zaman dig\u0259rl\u0259r h\u0259r bir k\u0259si b\u0259rab\u0259r g\u00f6r\u00fcrs\u0259, toplumcu \u201cbiz\u201d v\u0259 \u201conlar\u201d dey\u0259r\u0259k dig\u0259rl\u0259rin\u0259 qar\u015f\u0131 diskriminativ yana\u015f\u0131r. \u00a0\u201cBiz\u201d s\u00f6z\u00fcn\u00fcn alt\u0131nda do\u011frular,\u00a0 \u00a0haqql\u0131lar \u201conlar\u201d s\u00f6z\u00fcn\u00fcn alt\u0131nda is\u0259 haqqs\u0131zlar dayan\u0131r ki, \u201cbiz\u201d alt\u0131nda birl\u0259\u015f\u0259n insanlara xeyir verdiyini z\u0259nn ed\u0259rk\u0259n \u201conlar\u201da m\u00fctl\u0259q ziyan vermi\u015f olur. \u0130st\u0259r bu \u201cbiz\u201d \u201conlar\u201d ail\u0259 m\u00fcnasib\u0259tl\u0259rind\u0259 olsun ki, n\u0259tic\u0259d\u0259 qohumbazl\u0131q, dig\u0259rin\u0259 qar\u015f\u0131 \u0259dal\u0259tsizlik olsun, monopoliya yarats\u0131n. \u0130st\u0259rs\u0259 d\u0259 \u201cbiz\u201d bir mill\u0259t olsun ki, dig\u0259rind\u0259 qar\u015f\u0131 m\u00fcharib\u0259 edib q\u0259tliam etsin. H\u0259r bir halda insan\u0131n ist\u0259r \u00f6z\u00fcn\u0259, ist\u0259r \u201cbiz\u201d dediyi\u00a0 ki\u00e7ik d\u00fcnyas\u0131na, c\u0259miyy\u0259tin\u0259, ist\u0259rs\u0259 d\u0259 b\u0259\u015f\u0259riyy\u0259t\u0259 ver\u0259c\u0259yi ziyanl\u0131 fikirl\u0259rin arxas\u0131nda ayr\u0131-se\u00e7kilik dayan\u0131r.<\/p>\n","protected":false},"excerpt":{"rendered":"<p>Kollektivizmin b\u0259\u015f\u0259riyy\u0259t\u0259 verdiyi ziyan<\/p>\n","protected":false},"author":11,"featured_media":13364,"comment_status":"closed","ping_status":"open","sticky":false,"template":"","format":"standard","meta":{"_acf_changed":false,"_sitemap_exclude":false,"_sitemap_priority":"","_sitemap_frequency":"","footnotes":""},"categories":[57],"tags":[],"class_list":["post-165049","post","type-post","status-publish","format-standard","has-post-thumbnail","hentry","category-menim-fikrimce","infinite-scroll-item","generate-columns","tablet-grid-50","mobile-grid-100","grid-parent","grid-33","no-featured-image-padding"],"acf":[],"yoast_head":"<!-- This site is optimized with the Yoast SEO plugin v27.4 - https:\/\/yoast.com\/product\/yoast-seo-wordpress\/ -->\n<title>F\u0259rdiyy\u0259t\u00e7ilik yoxsa kollektivizm?! - MEYDAN.TV<\/title>\n<meta name=\"robots\" content=\"index, follow, max-snippet:-1, max-image-preview:large, max-video-preview:-1\" \/>\n<link rel=\"canonical\" href=\"https:\/\/www.meydan.tv\/az\/article\/ferdiyyetcilik-yoxsa-kollektivizm\/\" \/>\n<meta property=\"og:locale\" content=\"az_AZ\" \/>\n<meta property=\"og:type\" content=\"article\" \/>\n<meta property=\"og:title\" content=\"F\u0259rdiyy\u0259t\u00e7ilik yoxsa kollektivizm?! - MEYDAN.TV\" \/>\n<meta property=\"og:description\" content=\"Kollektivizmin b\u0259\u015f\u0259riyy\u0259t\u0259 verdiyi ziyan\" \/>\n<meta property=\"og:url\" content=\"https:\/\/www.meydan.tv\/az\/article\/ferdiyyetcilik-yoxsa-kollektivizm\/\" \/>\n<meta property=\"og:site_name\" content=\"MEYDAN.TV\" \/>\n<meta property=\"article:published_time\" content=\"2014-08-22T04:24:45+00:00\" \/>\n<meta property=\"og:image\" content=\"https:\/\/www.meydan.tv\/wp-content\/uploads\/4578.jpg\" \/>\n\t<meta property=\"og:image:width\" content=\"500\" \/>\n\t<meta property=\"og:image:height\" content=\"500\" \/>\n\t<meta property=\"og:image:type\" content=\"image\/jpeg\" \/>\n<meta name=\"author\" content=\"user-manager\" \/>\n<meta name=\"twitter:card\" content=\"summary_large_image\" \/>\n<script type=\"application\/ld+json\" class=\"yoast-schema-graph\">{\"@context\":\"https:\\\/\\\/schema.org\",\"@graph\":[{\"@type\":\"Article\",\"@id\":\"https:\\\/\\\/www.meydan.tv\\\/az\\\/article\\\/ferdiyyetcilik-yoxsa-kollektivizm\\\/#article\",\"isPartOf\":{\"@id\":\"https:\\\/\\\/www.meydan.tv\\\/az\\\/article\\\/ferdiyyetcilik-yoxsa-kollektivizm\\\/\"},\"author\":{\"name\":\"user-manager\",\"@id\":\"https:\\\/\\\/www.meydan.tv\\\/az\\\/#\\\/schema\\\/person\\\/10d11eccf6da3662cf5fdab9806ea91a\"},\"headline\":\"F\u0259rdiyy\u0259t\u00e7ilik yoxsa kollektivizm?!\",\"datePublished\":\"2014-08-22T04:24:45+00:00\",\"mainEntityOfPage\":{\"@id\":\"https:\\\/\\\/www.meydan.tv\\\/az\\\/article\\\/ferdiyyetcilik-yoxsa-kollektivizm\\\/\"},\"wordCount\":2780,\"publisher\":{\"@id\":\"https:\\\/\\\/www.meydan.tv\\\/az\\\/#organization\"},\"image\":{\"@id\":\"https:\\\/\\\/www.meydan.tv\\\/az\\\/article\\\/ferdiyyetcilik-yoxsa-kollektivizm\\\/#primaryimage\"},\"thumbnailUrl\":\"https:\\\/\\\/www.meydan.tv\\\/wp-content\\\/uploads\\\/4578.jpg\",\"articleSection\":[\"M\u0259nim Fikrimc\u0259\"],\"inLanguage\":\"az\"},{\"@type\":\"WebPage\",\"@id\":\"https:\\\/\\\/www.meydan.tv\\\/az\\\/article\\\/ferdiyyetcilik-yoxsa-kollektivizm\\\/\",\"url\":\"https:\\\/\\\/www.meydan.tv\\\/az\\\/article\\\/ferdiyyetcilik-yoxsa-kollektivizm\\\/\",\"name\":\"F\u0259rdiyy\u0259t\u00e7ilik yoxsa kollektivizm?! - MEYDAN.TV\",\"isPartOf\":{\"@id\":\"https:\\\/\\\/www.meydan.tv\\\/az\\\/#website\"},\"primaryImageOfPage\":{\"@id\":\"https:\\\/\\\/www.meydan.tv\\\/az\\\/article\\\/ferdiyyetcilik-yoxsa-kollektivizm\\\/#primaryimage\"},\"image\":{\"@id\":\"https:\\\/\\\/www.meydan.tv\\\/az\\\/article\\\/ferdiyyetcilik-yoxsa-kollektivizm\\\/#primaryimage\"},\"thumbnailUrl\":\"https:\\\/\\\/www.meydan.tv\\\/wp-content\\\/uploads\\\/4578.jpg\",\"datePublished\":\"2014-08-22T04:24:45+00:00\",\"breadcrumb\":{\"@id\":\"https:\\\/\\\/www.meydan.tv\\\/az\\\/article\\\/ferdiyyetcilik-yoxsa-kollektivizm\\\/#breadcrumb\"},\"inLanguage\":\"az\",\"potentialAction\":[{\"@type\":\"ReadAction\",\"target\":[\"https:\\\/\\\/www.meydan.tv\\\/az\\\/article\\\/ferdiyyetcilik-yoxsa-kollektivizm\\\/\"]}]},{\"@type\":\"ImageObject\",\"inLanguage\":\"az\",\"@id\":\"https:\\\/\\\/www.meydan.tv\\\/az\\\/article\\\/ferdiyyetcilik-yoxsa-kollektivizm\\\/#primaryimage\",\"url\":\"https:\\\/\\\/www.meydan.tv\\\/wp-content\\\/uploads\\\/4578.jpg\",\"contentUrl\":\"https:\\\/\\\/www.meydan.tv\\\/wp-content\\\/uploads\\\/4578.jpg\",\"width\":500,\"height\":500,\"caption\":\"Source:\"},{\"@type\":\"BreadcrumbList\",\"@id\":\"https:\\\/\\\/www.meydan.tv\\\/az\\\/article\\\/ferdiyyetcilik-yoxsa-kollektivizm\\\/#breadcrumb\",\"itemListElement\":[{\"@type\":\"ListItem\",\"position\":1,\"name\":\"Ana s\u0259hif\u0259\",\"item\":\"https:\\\/\\\/www.meydan.tv\\\/az\\\/\"},{\"@type\":\"ListItem\",\"position\":2,\"name\":\"M\u0259nim Fikrimc\u0259\",\"item\":\"https:\\\/\\\/www.meydan.tv\\\/az\\\/section\\\/menim-fikrimce\\\/\"},{\"@type\":\"ListItem\",\"position\":3,\"name\":\"F\u0259rdiyy\u0259t\u00e7ilik yoxsa kollektivizm?!\"}]},{\"@type\":\"WebSite\",\"@id\":\"https:\\\/\\\/www.meydan.tv\\\/az\\\/#website\",\"url\":\"https:\\\/\\\/www.meydan.tv\\\/az\\\/\",\"name\":\"MEYDAN.TV\",\"description\":\"Meydan TV Az\u0259rbaycan\u0131n media m\u0259kan\u0131ndak\u0131 alternativ s\u0259sidir\",\"publisher\":{\"@id\":\"https:\\\/\\\/www.meydan.tv\\\/az\\\/#organization\"},\"potentialAction\":[{\"@type\":\"SearchAction\",\"target\":{\"@type\":\"EntryPoint\",\"urlTemplate\":\"https:\\\/\\\/www.meydan.tv\\\/az\\\/?s={search_term_string}\"},\"query-input\":{\"@type\":\"PropertyValueSpecification\",\"valueRequired\":true,\"valueName\":\"search_term_string\"}}],\"inLanguage\":\"az\"},{\"@type\":\"Organization\",\"@id\":\"https:\\\/\\\/www.meydan.tv\\\/az\\\/#organization\",\"name\":\"Meydan TV\",\"url\":\"https:\\\/\\\/www.meydan.tv\\\/az\\\/\",\"logo\":{\"@type\":\"ImageObject\",\"inLanguage\":\"az\",\"@id\":\"https:\\\/\\\/www.meydan.tv\\\/az\\\/#\\\/schema\\\/logo\\\/image\\\/\",\"url\":\"https:\\\/\\\/www.meydan.tv\\\/wp-content\\\/uploads\\\/2021\\\/07\\\/meydan-logo.svg\",\"contentUrl\":\"https:\\\/\\\/www.meydan.tv\\\/wp-content\\\/uploads\\\/2021\\\/07\\\/meydan-logo.svg\",\"width\":195,\"height\":46,\"caption\":\"Meydan TV\"},\"image\":{\"@id\":\"https:\\\/\\\/www.meydan.tv\\\/az\\\/#\\\/schema\\\/logo\\\/image\\\/\"}},{\"@type\":\"Person\",\"@id\":\"https:\\\/\\\/www.meydan.tv\\\/az\\\/#\\\/schema\\\/person\\\/10d11eccf6da3662cf5fdab9806ea91a\",\"name\":\"user-manager\"}]}<\/script>\n<!-- \/ Yoast SEO plugin. -->","yoast_head_json":{"title":"F\u0259rdiyy\u0259t\u00e7ilik yoxsa kollektivizm?! - MEYDAN.TV","robots":{"index":"index","follow":"follow","max-snippet":"max-snippet:-1","max-image-preview":"max-image-preview:large","max-video-preview":"max-video-preview:-1"},"canonical":"https:\/\/www.meydan.tv\/az\/article\/ferdiyyetcilik-yoxsa-kollektivizm\/","og_locale":"az_AZ","og_type":"article","og_title":"F\u0259rdiyy\u0259t\u00e7ilik yoxsa kollektivizm?! - MEYDAN.TV","og_description":"Kollektivizmin b\u0259\u015f\u0259riyy\u0259t\u0259 verdiyi ziyan","og_url":"https:\/\/www.meydan.tv\/az\/article\/ferdiyyetcilik-yoxsa-kollektivizm\/","og_site_name":"MEYDAN.TV","article_published_time":"2014-08-22T04:24:45+00:00","og_image":[{"width":500,"height":500,"url":"https:\/\/www.meydan.tv\/wp-content\/uploads\/4578.jpg","type":"image\/jpeg"}],"author":"user-manager","twitter_card":"summary_large_image","schema":{"@context":"https:\/\/schema.org","@graph":[{"@type":"Article","@id":"https:\/\/www.meydan.tv\/az\/article\/ferdiyyetcilik-yoxsa-kollektivizm\/#article","isPartOf":{"@id":"https:\/\/www.meydan.tv\/az\/article\/ferdiyyetcilik-yoxsa-kollektivizm\/"},"author":{"name":"user-manager","@id":"https:\/\/www.meydan.tv\/az\/#\/schema\/person\/10d11eccf6da3662cf5fdab9806ea91a"},"headline":"F\u0259rdiyy\u0259t\u00e7ilik yoxsa kollektivizm?!","datePublished":"2014-08-22T04:24:45+00:00","mainEntityOfPage":{"@id":"https:\/\/www.meydan.tv\/az\/article\/ferdiyyetcilik-yoxsa-kollektivizm\/"},"wordCount":2780,"publisher":{"@id":"https:\/\/www.meydan.tv\/az\/#organization"},"image":{"@id":"https:\/\/www.meydan.tv\/az\/article\/ferdiyyetcilik-yoxsa-kollektivizm\/#primaryimage"},"thumbnailUrl":"https:\/\/www.meydan.tv\/wp-content\/uploads\/4578.jpg","articleSection":["M\u0259nim Fikrimc\u0259"],"inLanguage":"az"},{"@type":"WebPage","@id":"https:\/\/www.meydan.tv\/az\/article\/ferdiyyetcilik-yoxsa-kollektivizm\/","url":"https:\/\/www.meydan.tv\/az\/article\/ferdiyyetcilik-yoxsa-kollektivizm\/","name":"F\u0259rdiyy\u0259t\u00e7ilik yoxsa kollektivizm?! - MEYDAN.TV","isPartOf":{"@id":"https:\/\/www.meydan.tv\/az\/#website"},"primaryImageOfPage":{"@id":"https:\/\/www.meydan.tv\/az\/article\/ferdiyyetcilik-yoxsa-kollektivizm\/#primaryimage"},"image":{"@id":"https:\/\/www.meydan.tv\/az\/article\/ferdiyyetcilik-yoxsa-kollektivizm\/#primaryimage"},"thumbnailUrl":"https:\/\/www.meydan.tv\/wp-content\/uploads\/4578.jpg","datePublished":"2014-08-22T04:24:45+00:00","breadcrumb":{"@id":"https:\/\/www.meydan.tv\/az\/article\/ferdiyyetcilik-yoxsa-kollektivizm\/#breadcrumb"},"inLanguage":"az","potentialAction":[{"@type":"ReadAction","target":["https:\/\/www.meydan.tv\/az\/article\/ferdiyyetcilik-yoxsa-kollektivizm\/"]}]},{"@type":"ImageObject","inLanguage":"az","@id":"https:\/\/www.meydan.tv\/az\/article\/ferdiyyetcilik-yoxsa-kollektivizm\/#primaryimage","url":"https:\/\/www.meydan.tv\/wp-content\/uploads\/4578.jpg","contentUrl":"https:\/\/www.meydan.tv\/wp-content\/uploads\/4578.jpg","width":500,"height":500,"caption":"Source:"},{"@type":"BreadcrumbList","@id":"https:\/\/www.meydan.tv\/az\/article\/ferdiyyetcilik-yoxsa-kollektivizm\/#breadcrumb","itemListElement":[{"@type":"ListItem","position":1,"name":"Ana s\u0259hif\u0259","item":"https:\/\/www.meydan.tv\/az\/"},{"@type":"ListItem","position":2,"name":"M\u0259nim Fikrimc\u0259","item":"https:\/\/www.meydan.tv\/az\/section\/menim-fikrimce\/"},{"@type":"ListItem","position":3,"name":"F\u0259rdiyy\u0259t\u00e7ilik yoxsa kollektivizm?!"}]},{"@type":"WebSite","@id":"https:\/\/www.meydan.tv\/az\/#website","url":"https:\/\/www.meydan.tv\/az\/","name":"MEYDAN.TV","description":"Meydan TV Az\u0259rbaycan\u0131n media m\u0259kan\u0131ndak\u0131 alternativ s\u0259sidir","publisher":{"@id":"https:\/\/www.meydan.tv\/az\/#organization"},"potentialAction":[{"@type":"SearchAction","target":{"@type":"EntryPoint","urlTemplate":"https:\/\/www.meydan.tv\/az\/?s={search_term_string}"},"query-input":{"@type":"PropertyValueSpecification","valueRequired":true,"valueName":"search_term_string"}}],"inLanguage":"az"},{"@type":"Organization","@id":"https:\/\/www.meydan.tv\/az\/#organization","name":"Meydan TV","url":"https:\/\/www.meydan.tv\/az\/","logo":{"@type":"ImageObject","inLanguage":"az","@id":"https:\/\/www.meydan.tv\/az\/#\/schema\/logo\/image\/","url":"https:\/\/www.meydan.tv\/wp-content\/uploads\/2021\/07\/meydan-logo.svg","contentUrl":"https:\/\/www.meydan.tv\/wp-content\/uploads\/2021\/07\/meydan-logo.svg","width":195,"height":46,"caption":"Meydan TV"},"image":{"@id":"https:\/\/www.meydan.tv\/az\/#\/schema\/logo\/image\/"}},{"@type":"Person","@id":"https:\/\/www.meydan.tv\/az\/#\/schema\/person\/10d11eccf6da3662cf5fdab9806ea91a","name":"user-manager"}]}},"_links":{"self":[{"href":"https:\/\/www.meydan.tv\/az\/wp-json\/wp\/v2\/posts\/165049","targetHints":{"allow":["GET"]}}],"collection":[{"href":"https:\/\/www.meydan.tv\/az\/wp-json\/wp\/v2\/posts"}],"about":[{"href":"https:\/\/www.meydan.tv\/az\/wp-json\/wp\/v2\/types\/post"}],"author":[{"embeddable":true,"href":"https:\/\/www.meydan.tv\/az\/wp-json\/wp\/v2\/users\/11"}],"replies":[{"embeddable":true,"href":"https:\/\/www.meydan.tv\/az\/wp-json\/wp\/v2\/comments?post=165049"}],"version-history":[{"count":0,"href":"https:\/\/www.meydan.tv\/az\/wp-json\/wp\/v2\/posts\/165049\/revisions"}],"wp:featuredmedia":[{"embeddable":true,"href":"https:\/\/www.meydan.tv\/az\/wp-json\/wp\/v2\/media\/13364"}],"wp:attachment":[{"href":"https:\/\/www.meydan.tv\/az\/wp-json\/wp\/v2\/media?parent=165049"}],"wp:term":[{"taxonomy":"category","embeddable":true,"href":"https:\/\/www.meydan.tv\/az\/wp-json\/wp\/v2\/categories?post=165049"},{"taxonomy":"post_tag","embeddable":true,"href":"https:\/\/www.meydan.tv\/az\/wp-json\/wp\/v2\/tags?post=165049"}],"curies":[{"name":"wp","href":"https:\/\/api.w.org\/{rel}","templated":true}]}}