{"id":165033,"date":"2014-08-20T18:28:58","date_gmt":"2014-08-20T18:28:58","guid":{"rendered":"https:\/\/www.meydan.tv\/article\/demokratik-unsurler\/"},"modified":"2014-08-20T18:28:58","modified_gmt":"2014-08-20T18:28:58","slug":"demokratik-unsurler","status":"publish","type":"post","link":"https:\/\/www.meydan.tv\/az\/article\/demokratik-unsurler\/","title":{"rendered":"Demokratik \u00fcns\u00fcrl\u0259r"},"content":{"rendered":"<figure class=\"wp-block-image size-large\">\n  <img decoding=\"async\" src=\"https:\/\/www.meydan.tv\/az\/13322\/\" alt=\"\" class=\"wp-image-13322\"\/><figcaption><\/figcaption><\/figure>\n<figure class=\"wp-block-image size-large\">\n  <img decoding=\"async\" src=\"https:\/\/www.meydan.tv\/az\/13325\/\" alt=\"\" class=\"wp-image-13325\"\/><figcaption><\/figcaption><\/figure>\n<p>\n  H\u0259r zaman insanlar\u0131n dediyi b\u0259zi s\u00f6zl\u0259r var ki, onlar &#8220;m\u00fctl\u0259q qayda&#8221; kimdi d\u0259y\u0259rl\u0259ndirilir. H\u0259tta el\u0259 h\u0259r\u0259k\u0259tl\u0259r var ki, c\u0259miyy\u0259t t\u0259r\u0259find\u0259n \u00f6z ad\u0131n\u0131 art\u0131q al\u0131b. M\u0259s\u0259l\u0259n, biri \u0259g\u0259r ticar\u0259t m\u0259rk\u0259zl\u0259rini yand\u0131rmaqdan z\u00f6vq al\u0131rsa, q\u0131z\u0131 qa\u00e7\u0131r\u0131b zorlay\u0131rsa, \u0259lin\u0259 silah al\u0131b g\u00fcnahs\u0131z t\u0259l\u0259b\u0259l\u0259ri universitetd\u0259 \u00f6ld\u00fcr\u00fcrs\u0259, bu &#8220;insanl\u0131qdan k\u0259nar&#8221; v\u0259h\u015filik adland\u0131r\u0131l\u0131r. Amma ki bu g\u00fcn\u0259 q\u0259d\u0259r insandan k\u0259nar h\u0259r hans\u0131 bir canl\u0131n\u0131n bel\u0259 \u015feyl\u0259r etdiyin\u0259 he\u00e7 rast g\u0259linm\u0259yib. O zaman bel\u0259 \u00e7\u0131x\u0131r ki, bunlar ham\u0131s\u0131 &#8220;g\u00fcl kimi&#8221; &#8220;insanl\u0131\u011fa aid&#8221; v\u0259h\u015filikdir.\n<\/p>\n<p>\n  \u00dcmumiyy\u0259tl\u0259, bel\u0259 olduqda bir tan\u0131ma problemi yaran\u0131r. Hal-haz\u0131rki anlay\u0131\u015flar milyonlarla insanlar t\u0259r\u0259find\u0259n ortaya at\u0131lan &#8220;s\u00f6zl\u0259rin&#8221; bir d\u00fcz\u0259n veril\u0259r\u0259k ictimai n\u0259z\u0259riyy\u0259y\u0259 \u00e7evrilm\u0259si n\u0259tic\u0259sind\u0259 yaran\u0131b. Buna g\u00f6r\u0259 d\u0259 c\u0259miyy\u0259t \u00fc\u00e7\u00fcn bu anlay\u0131\u015flar ideal olmaq m\u0259cburiyy\u0259tind\u0259dir: &#8220;Atalar\u0131m\u0131z bel\u0259 deyib&#8221;, &#8220;Biz bel\u0259 g\u00f6rm\u00fc\u015f\u00fck&#8221; dem\u0259kl\u0259 d\u0259, bunu t\u0259sdiql\u0259yirl\u0259r. M\u0259hz el\u0259 bu s\u0259b\u0259bd\u0259n d\u0259, insanl\u0131q anlay\u0131\u015f\u0131 &#8220;bu x\u00fcsusiyy\u0259tl\u0259r\u0259 g\u00fcr\u0259 insan\u0131 tan\u0131maq&#8221; anlay\u0131\u015flar\u0131n\u0131n t\u0259snifat\u0131 il\u0259 formala\u015f\u0131r. N\u0259tic\u0259d\u0259, \u0259sl insana aid olanlar &#8220;insanl\u0131qdan k\u0259nar&#8221; adland\u0131r\u0131laraq maraql\u0131 bir paradoks yarad\u0131r.\n<\/p>\n<p>\n  \u0130st\u0259nil\u0259n n\u00fcmun\u0259 g\u00f6t\u00fcrs\u0259k, anlay\u0131\u015flar\u0131n \u0259ks\u0259riyy\u0259ti q\u0259rib\u0259 bir paradoks yarad\u0131r. V\u0259 \u00e7ox t\u0259\u0259ss\u00fcf ki demokratiya anlay\u0131\u015f\u0131 il\u0259 se\u00e7ki aras\u0131ndak\u0131 \u0259laq\u0259 d\u0259 bel\u0259dir, q\u0259rib\u0259 bir paradoksdur.\n<\/p>\n<p>\n  Demokratiya t\u0259tbiq olunacaq \u0259n \u00e7\u0259tin anlay\u0131\u015flardan biridir. Anlay\u0131\u015f olaraq min ill\u0259r boyu var olmas\u0131na baxmayaraq, bir qurum, institut kimi t\u0259xmin\u0259n 400 ildir ki, geni\u015fl\u0259nm\u0259kd\u0259, inki\u015faf etm\u0259kd\u0259dir. Amma h\u0259l\u0259 d\u0259 h\u0259r k\u0259sin eyni \u015feyi anlaya bil\u0259c\u0259yi bir d\u0259qiqliy\u0259 \u00e7atmay\u0131b. D\u00fc\u015f\u00fcnm\u00fcr\u0259m ki, g\u0259l\u0259c\u0259kd\u0259 d\u0259 \u00e7ata bilsin.\n<\/p>\n<p>\n  Durum bel\u0259 olduqda is\u0259 demokratiya haqq\u0131nda dan\u0131\u015fanlar, ehkam k\u0259s\u0259nl\u0259r, demokratiyadan m\u0259nf\u0259\u0259t \u0259ld\u0259 etm\u0259k fikrind\u0259 olanlar\u0131n b\u00f6y\u00fck bir \u0259ks\u0259riyy\u0259ti v\u0259 onlar\u0131n sald\u0131\u011f\u0131 m\u0259rm\u0259r da\u015flar \u00fcz\u0259rind\u0259 g\u0259z\u0259nl\u0259r demokratiyan\u0131 se\u00e7kiy\u0259 ba\u011flay\u0131rlar. Sad\u0259 dild\u0259 des\u0259k: Xalq h\u0259r \u015feyi bilir, t\u0259msil\u00e7isini se\u00e7ir, bel\u0259likl\u0259 d\u0259, milli irad\u0259 t\u0259c\u0259lli edir, iqtidar\u0131 t\u0259\u015fkil ed\u0259nl\u0259r milli irad\u0259ni d\u0259 t\u0259msil etdikl\u0259ri \u00fc\u00e7\u00fcn \u00f6z fikirl\u0259rini, h\u0259r\u0259k\u0259tl\u0259rini xalq\u0131n, toplumun h\u0259r\u0259k\u0259ti, fikri olaraq q\u0259l\u0259m\u0259 verm\u0259 haqq\u0131na malik olurlar.\n<\/p>\n<p>\n  Qurulan mexanizm\u0259 n\u00fcmun\u0259l\u0259rd\u0259 baxaq: Fransa prezident v\u0259 parlament se\u00e7kil\u0259rind\u0259 Le Pen v\u0259 onun partiyas\u0131 iqtidara g\u0259ls\u0259ydi, etnik olaraq Fransa \u0259silli olmayanlar, Fransa v\u0259t\u0259nda\u015f\u0131 olmalar\u0131na baxmayaraq \u00e7ox ciddi \u015f\u0259kild\u0259 haqlar\u0131n\u0131 itir\u0259c\u0259kdil\u0259r, h\u0259tta Fransadan \u00e7\u0131xar\u0131lacaqd\u0131lar. Bu bax\u0131mdan v\u0259ziyy\u0259ti d\u0259y\u0259rl\u0259ndirs\u0259k, se\u00e7ki il\u0259 demokratiyan\u0131 eynil\u0259\u015fdirm\u0259yi at\u0131n bir k\u0259nara, ziddiyy\u0259tli bir duruma g\u0259tir\u0259n paradoks yaran\u0131r. \u00c7\u00fcnki demokratiya bir \u00f6lk\u0259nin siyasi toplumunu yaradan b\u00fct\u00fcn v\u0259t\u0259nda\u015flar\u0131n b\u0259rab\u0259rliyin\u0259 s\u00f6yk\u0259nir. \u018fg\u0259r b\u0259rab\u0259rlik m\u00fcbahis\u0259 m\u00f6vzusu deyils\u0259, se\u00e7kil\u0259r d\u0259 m\u0259nas\u0131zla\u015far. Ancaq s\u0259s \u00e7oxlu\u011fu bu qanunu h\u0259r zaman h\u0259r yerd\u0259 pozub. O halda se\u00e7kinin anti-demokratik x\u00fcsusiyy\u0259tl\u0259r da\u015f\u0131d\u0131\u011f\u0131n\u0131 dem\u0259k v\u0259 s\u00fcbut etm\u0259k m\u00fcmk\u00fcnd\u00fcr. T\u0259k bir s\u00fcbut yet\u0259rli olar, z\u0259nnimc\u0259I AB\u015e prezidenti Amerikan xalq\u0131n\u0131n se\u00e7kid\u0259 onu d\u0259st\u0259kl\u0259m\u0259si, s\u0259s \u00e7oxlu\u011fu il\u0259iqtidara g\u0259lir, amma ona he\u00e7 s\u0259s verm\u0259y\u0259n iraql\u0131lar\u0131n \u0259leyhin\u0259 v\u0259 ya lehin\u0259 q\u0259rar q\u0259bul ed\u0259 bilir.\n<\/p>\n<p>\n  Ba\u015fqa bir m\u00fch\u00fcm m\u0259s\u0259l\u0259 is\u0259 budur: Deyil\u0259nin \u0259ksin\u0259, se\u00e7ki milli irad\u0259ni t\u0259c\u0259lli etdirm\u0259z. \u018fksin\u0259 bir partiyan\u0131n, bu partiya i\u00e7ind\u0259ki dominant siyas\u0259t\u00e7inin v\u0259 bir liderin irad\u0259sini h\u0259yata ke\u00e7irm\u0259sini s\u0259b\u0259b olur. Bunun milli irad\u0259 il\u0259 he\u00e7 bir \u0259laq\u0259si yoxdur.\n<\/p>\n<p>\n  Se\u00e7kid\u0259 s\u0259s ver\u0259nl\u0259r c\u0259miyy\u0259t etibar\u0131 il\u0259 milli irad\u0259nin yaranmas\u0131 y\u00f6n\u00fcnd\u0259 deyil, f\u0259rdi, regional, iqtisadi m\u0259nf\u0259\u0259tl\u0259rin, dig\u0259r bir etnik icman\u0131n \u0259leyhin\u0259 h\u0259yata ke\u00e7ir\u0259r\u0259k h\u0259r\u0259k\u0259t edir. Bu durumda v\u0259t\u0259nda\u015flar\u0131n h\u00fcquq b\u0259rab\u0259rliyi qanunu k\u00f6k\u00fcnd\u0259n sars\u0131l\u0131r.\n<\/p>\n<p>\n  \u0130ndi bizim \u00f6lk\u0259y\u0259 g\u0259ls\u0259k, c\u0259miyy\u0259tin \u0259ks\u0259r hiss\u0259si, b\u00fct\u00fcn \u0259halini \u0259hat\u0259 ed\u0259n Az\u0259rbaycan\u0131n probleml\u0259rinin h\u0259lli \u00fc\u00e7\u00fcn deyil, f\u0259rdi olaraq dolan\u0131\u015f\u0131qlar\u0131 \u00fc\u00e7\u00fcn s\u0259s verir. &#8220;Bird\u0259n ba\u015fqas\u0131na s\u0259s verdiyimi g\u00f6r\u00fcb, i\u015fd\u0259n atarlar&#8221;. &#8220;Pensiyam\u0131 k\u0259s\u0259rl\u0259r ba\u015fqas\u0131na s\u0259s vers\u0259m&#8221;. &#8220;M\u0259n\u0259 laz\u0131md\u0131 problem yarans\u0131n sonra?&#8221; &#8220;G\u00fcl kimi \u00f6lk\u0259d\u0259 ya\u015fay\u0131ram da&#8221;. &#8220;G\u0259l\u0259n guya daha yax\u015f\u0131 olacaq?!&#8221; &#8220;Bu yen\u0259 yeyib-doyub&#8221;. \u00dcmumiyy\u0259tl\u0259, se\u00e7ki v\u0259 demokratiyan\u0131n ad\u0259t\u0259n zidd g\u0259lm\u0259sinin \u0259n b\u00f6y\u00fck s\u0259b\u0259bkarlar\u0131 Az\u0259rbaycandak\u0131 partiyalard\u0131r. Haz\u0131rki hakimiyy\u0259tin t\u0259qsiri is\u0259 daha \u00e7oxdur. M\u00fcxt\u0259lif imtiyazlar, f\u0259rqli yana\u015fmalar, insan haqlar\u0131n\u0131n tapdalanmas\u0131, oliqarxiya, ail\u0259 m\u0259nf\u0259\u0259ti, qohum v\u0259 yax\u0131nlar\u0131n yax\u015f\u0131 v\u0259zif\u0259d\u0259 \u00e7al\u0131\u015fmas\u0131, korrupsiya v\u0259 s. kimi s\u0259b\u0259bl\u0259r v\u0259t\u0259nda\u015flar aras\u0131nda ayr\u0131-se\u00e7kilik yarad\u0131r. Bu q\u0259d\u0259r s\u00f6zd\u0259n sonra bel\u0259 bir sual yarana bil\u0259r: Se\u00e7kil\u0259r l\u0259\u011fv olunsun? \u018flb\u0259tt\u0259 ki, yox. t\u0259klifim se\u00e7kil\u0259rin demokratikl\u0259\u015fdirilm\u0259sidir.\n<\/p>\n<p>\n  Se\u00e7kil\u0259rin demokratik ola bilm\u0259si \u00fc\u00e7\u00fcn h\u0259r \u015feyd\u0259n \u0259vv\u0259l v\u0259t\u0259nda\u015flar b\u0259rab\u0259r \u015f\u0259rtl\u0259rd\u0259 olmal\u0131d\u0131r. Se\u00e7kini anti-demokratik hala g\u0259tir\u0259n imtiyazlar l\u0259\u011fv olunmal\u0131d\u0131r, aradan qald\u0131r\u0131lmal\u0131d\u0131r. F\u0259rdi, etnik, dini, iqtisadi maraqlar he\u00e7 bir \u015f\u0259kild\u0259 c\u0259miyy\u0259tin qurulu\u015funu z\u0259d\u0259l\u0259y\u0259c\u0259k \u015f\u0259kild\u0259 olmamal\u0131d\u0131r, b\u00fct\u00fcn imtiyazlar l\u0259\u011fv edilm\u0259lidir.<br \/>\n  <br \/>\n  V\u0259t\u0259nda\u015flar\u0131 b\u0259rab\u0259r olmayan bir c\u0259miyy\u0259td\u0259 se\u00e7kil\u0259r d\u0259 anti-demokratik olacaq. Bunu t\u0259min etm\u0259k \u00fc\u00e7\u00fcn b\u00fct\u00fcn f\u0259rqlilikl\u0259ri \u0259hat\u0259 ed\u0259n bir konstitusiya v\u0259 bunlara z\u0259man\u0259t ver\u0259n qanunlar sistemi t\u0259rtib olunmal\u0131d\u0131r.\n<\/p>\n<p>\n  B\u00fct\u00fcn bu &#8220;demokratik \u00fcns\u00fcrl\u0259r&#8221; t\u0259kc\u0259 Az\u0259rbaycanda deyil, d\u00fcnyan\u0131n \u00e7ox yerind\u0259 var. Bu s\u0259b\u0259bd\u0259n d\u0259 se\u00e7kil\u0259r demokratiyan\u0131n qar\u015f\u0131s\u0131ndak\u0131 \u0259ng\u0259ll\u0259rd\u0259n biri kimi qiym\u0259tl\u0259ndirilir. Se\u00e7kid\u0259n \u0259vv\u0259l m\u00fcxt\u0259lif video\u00e7arxlar haz\u0131rlan\u0131r, insanlar\u0131 se\u00e7kiy\u0259 getm\u0259y\u0259 s\u0259sl\u0259yirik, bunun onlar\u0131n h\u00fcququ oldu\u011funu dem\u0259y\u0259 m\u0259cbur qal\u0131r\u0131q. He\u00e7 Q\u0259rb \u00f6lk\u0259l\u0259rind\u0259 bel\u0259 bir \u015feyl\u0259 \u00fczl\u0259\u015fm\u0259rik. \u00c7\u00fcnki orda se\u00e7kiy\u0259 ged\u0259n rahat gedib ist\u0259diyi namiz\u0259di se\u00e7ir, getm\u0259y\u0259n is\u0259 \u0259mindir ki, ba\u015fqas\u0131 g\u0259lib onun yerin\u0259 s\u0259s verm\u0259y\u0259c\u0259k. Bu d\u0259y\u0259rl\u0259ri qurmaq \u00fc\u00e7\u00fcn \u00e7al\u0131\u015fmal\u0131y\u0131q, insanlar\u0131 demokratik se\u00e7kiy\u0259 deyil, demokratik davran\u0131\u015fa \u00e7a\u011f\u0131rmal\u0131y\u0131q. \u00d6t\u0259n il prezident se\u00e7kil\u0259ri oldu, h\u0259r c\u00fcr \u015feyin \u015fahidi olduq. T\u0259qsirkar is\u0259 c\u0259miyy\u0259tdir, y\u0259ni bizik. X\u00fcsusil\u0259 d\u0259, aktivistl\u0259r. \u0130nsanlar\u0131 se\u00e7kiy\u0259 s\u0259sl\u0259m\u0259k, h\u00fcquqdan falan dan\u0131\u015fmaq Az\u0259rbaycan kimi \u00f6lk\u0259l\u0259rd\u0259 \u00e7ox u\u011fursuz al\u0131n\u0131r. \u0130nsanlar\u0131 vicdanl\u0131, \u015f\u0259r\u0259fli olma\u011fa \u00e7a\u011f\u0131rmaq laz\u0131md\u0131r. Ba\u015fqas\u0131n\u0131n yerin\u0259 s\u0259s verm\u0259yin t\u0259rbiy\u0259sizlik oldu\u011funu \u00f6yr\u0259tm\u0259k laz\u0131md\u0131r.\n<\/p>\n<p>\n  \u00d6z davran\u0131\u015flar\u0131m\u0131z\u0131 demokratikl\u0259\u015fdirs\u0259k \u0259g\u0259r, sistem demokratik olmasa bel\u0259, daha rahat ya\u015famaq olar. Guya hans\u0131 inki\u015faf etmi\u015f d\u00f6vl\u0259tin idar\u0259etm\u0259 sistemi tam demokratikdir ki?! H\u0259tta b\u0259zil\u0259rind\u0259 se\u00e7ki ancaq parlament\u0259 aiddir. X\u0259yal\u0131nda oldu\u011fumuz \u00f6lk\u0259l\u0259rin \u0259ks\u0259riyy\u0259ti monarxiyad\u0131r h\u0259tta. Odur ki, davran\u0131\u015flar\u0131m\u0131z\u0131 demokratikl\u0259\u015fdir\u0259k.<\/p>\n","protected":false},"excerpt":{"rendered":"<p>X\u0259yal\u0131nda oldu\u011fumuz \u00f6lk\u0259l\u0259rin \u0259ks\u0259riyy\u0259ti monarxiyad\u0131r&#8230;<\/p>\n","protected":false},"author":11,"featured_media":13322,"comment_status":"closed","ping_status":"open","sticky":false,"template":"","format":"standard","meta":{"_acf_changed":false,"_sitemap_exclude":false,"_sitemap_priority":"","_sitemap_frequency":"","footnotes":""},"categories":[57],"tags":[],"class_list":["post-165033","post","type-post","status-publish","format-standard","has-post-thumbnail","hentry","category-menim-fikrimce","infinite-scroll-item","generate-columns","tablet-grid-50","mobile-grid-100","grid-parent","grid-33","no-featured-image-padding"],"acf":[],"yoast_head":"<!-- This site is optimized with the Yoast SEO plugin v27.4 - https:\/\/yoast.com\/product\/yoast-seo-wordpress\/ -->\n<title>Demokratik \u00fcns\u00fcrl\u0259r - MEYDAN.TV<\/title>\n<meta name=\"robots\" content=\"index, follow, max-snippet:-1, max-image-preview:large, max-video-preview:-1\" \/>\n<link rel=\"canonical\" href=\"https:\/\/www.meydan.tv\/az\/article\/demokratik-unsurler\/\" \/>\n<meta property=\"og:locale\" content=\"az_AZ\" \/>\n<meta property=\"og:type\" content=\"article\" \/>\n<meta property=\"og:title\" content=\"Demokratik \u00fcns\u00fcrl\u0259r - MEYDAN.TV\" \/>\n<meta property=\"og:description\" content=\"X\u0259yal\u0131nda oldu\u011fumuz \u00f6lk\u0259l\u0259rin \u0259ks\u0259riyy\u0259ti monarxiyad\u0131r...\" \/>\n<meta property=\"og:url\" content=\"https:\/\/www.meydan.tv\/az\/article\/demokratik-unsurler\/\" \/>\n<meta property=\"og:site_name\" content=\"MEYDAN.TV\" \/>\n<meta property=\"article:published_time\" content=\"2014-08-20T18:28:58+00:00\" \/>\n<meta property=\"og:image\" content=\"https:\/\/www.meydan.tv\/wp-content\/uploads\/4561.jpg\" \/>\n\t<meta property=\"og:image:width\" content=\"500\" \/>\n\t<meta property=\"og:image:height\" content=\"500\" \/>\n\t<meta property=\"og:image:type\" content=\"image\/jpeg\" \/>\n<meta name=\"author\" content=\"user-manager\" \/>\n<meta name=\"twitter:card\" content=\"summary_large_image\" \/>\n<script type=\"application\/ld+json\" class=\"yoast-schema-graph\">{\"@context\":\"https:\\\/\\\/schema.org\",\"@graph\":[{\"@type\":\"Article\",\"@id\":\"https:\\\/\\\/www.meydan.tv\\\/az\\\/article\\\/demokratik-unsurler\\\/#article\",\"isPartOf\":{\"@id\":\"https:\\\/\\\/www.meydan.tv\\\/az\\\/article\\\/demokratik-unsurler\\\/\"},\"author\":{\"name\":\"user-manager\",\"@id\":\"https:\\\/\\\/www.meydan.tv\\\/az\\\/#\\\/schema\\\/person\\\/10d11eccf6da3662cf5fdab9806ea91a\"},\"headline\":\"Demokratik \u00fcns\u00fcrl\u0259r\",\"datePublished\":\"2014-08-20T18:28:58+00:00\",\"mainEntityOfPage\":{\"@id\":\"https:\\\/\\\/www.meydan.tv\\\/az\\\/article\\\/demokratik-unsurler\\\/\"},\"wordCount\":1473,\"publisher\":{\"@id\":\"https:\\\/\\\/www.meydan.tv\\\/az\\\/#organization\"},\"image\":{\"@id\":\"https:\\\/\\\/www.meydan.tv\\\/az\\\/article\\\/demokratik-unsurler\\\/#primaryimage\"},\"thumbnailUrl\":\"https:\\\/\\\/www.meydan.tv\\\/wp-content\\\/uploads\\\/4561.jpg\",\"articleSection\":[\"M\u0259nim Fikrimc\u0259\"],\"inLanguage\":\"az\"},{\"@type\":\"WebPage\",\"@id\":\"https:\\\/\\\/www.meydan.tv\\\/az\\\/article\\\/demokratik-unsurler\\\/\",\"url\":\"https:\\\/\\\/www.meydan.tv\\\/az\\\/article\\\/demokratik-unsurler\\\/\",\"name\":\"Demokratik \u00fcns\u00fcrl\u0259r - MEYDAN.TV\",\"isPartOf\":{\"@id\":\"https:\\\/\\\/www.meydan.tv\\\/az\\\/#website\"},\"primaryImageOfPage\":{\"@id\":\"https:\\\/\\\/www.meydan.tv\\\/az\\\/article\\\/demokratik-unsurler\\\/#primaryimage\"},\"image\":{\"@id\":\"https:\\\/\\\/www.meydan.tv\\\/az\\\/article\\\/demokratik-unsurler\\\/#primaryimage\"},\"thumbnailUrl\":\"https:\\\/\\\/www.meydan.tv\\\/wp-content\\\/uploads\\\/4561.jpg\",\"datePublished\":\"2014-08-20T18:28:58+00:00\",\"breadcrumb\":{\"@id\":\"https:\\\/\\\/www.meydan.tv\\\/az\\\/article\\\/demokratik-unsurler\\\/#breadcrumb\"},\"inLanguage\":\"az\",\"potentialAction\":[{\"@type\":\"ReadAction\",\"target\":[\"https:\\\/\\\/www.meydan.tv\\\/az\\\/article\\\/demokratik-unsurler\\\/\"]}]},{\"@type\":\"ImageObject\",\"inLanguage\":\"az\",\"@id\":\"https:\\\/\\\/www.meydan.tv\\\/az\\\/article\\\/demokratik-unsurler\\\/#primaryimage\",\"url\":\"https:\\\/\\\/www.meydan.tv\\\/wp-content\\\/uploads\\\/4561.jpg\",\"contentUrl\":\"https:\\\/\\\/www.meydan.tv\\\/wp-content\\\/uploads\\\/4561.jpg\",\"width\":500,\"height\":500,\"caption\":\"Source:\"},{\"@type\":\"BreadcrumbList\",\"@id\":\"https:\\\/\\\/www.meydan.tv\\\/az\\\/article\\\/demokratik-unsurler\\\/#breadcrumb\",\"itemListElement\":[{\"@type\":\"ListItem\",\"position\":1,\"name\":\"Ana s\u0259hif\u0259\",\"item\":\"https:\\\/\\\/www.meydan.tv\\\/az\\\/\"},{\"@type\":\"ListItem\",\"position\":2,\"name\":\"M\u0259nim Fikrimc\u0259\",\"item\":\"https:\\\/\\\/www.meydan.tv\\\/az\\\/section\\\/menim-fikrimce\\\/\"},{\"@type\":\"ListItem\",\"position\":3,\"name\":\"Demokratik \u00fcns\u00fcrl\u0259r\"}]},{\"@type\":\"WebSite\",\"@id\":\"https:\\\/\\\/www.meydan.tv\\\/az\\\/#website\",\"url\":\"https:\\\/\\\/www.meydan.tv\\\/az\\\/\",\"name\":\"MEYDAN.TV\",\"description\":\"Meydan TV Az\u0259rbaycan\u0131n media m\u0259kan\u0131ndak\u0131 alternativ s\u0259sidir\",\"publisher\":{\"@id\":\"https:\\\/\\\/www.meydan.tv\\\/az\\\/#organization\"},\"potentialAction\":[{\"@type\":\"SearchAction\",\"target\":{\"@type\":\"EntryPoint\",\"urlTemplate\":\"https:\\\/\\\/www.meydan.tv\\\/az\\\/?s={search_term_string}\"},\"query-input\":{\"@type\":\"PropertyValueSpecification\",\"valueRequired\":true,\"valueName\":\"search_term_string\"}}],\"inLanguage\":\"az\"},{\"@type\":\"Organization\",\"@id\":\"https:\\\/\\\/www.meydan.tv\\\/az\\\/#organization\",\"name\":\"Meydan TV\",\"url\":\"https:\\\/\\\/www.meydan.tv\\\/az\\\/\",\"logo\":{\"@type\":\"ImageObject\",\"inLanguage\":\"az\",\"@id\":\"https:\\\/\\\/www.meydan.tv\\\/az\\\/#\\\/schema\\\/logo\\\/image\\\/\",\"url\":\"https:\\\/\\\/www.meydan.tv\\\/wp-content\\\/uploads\\\/2021\\\/07\\\/meydan-logo.svg\",\"contentUrl\":\"https:\\\/\\\/www.meydan.tv\\\/wp-content\\\/uploads\\\/2021\\\/07\\\/meydan-logo.svg\",\"width\":195,\"height\":46,\"caption\":\"Meydan TV\"},\"image\":{\"@id\":\"https:\\\/\\\/www.meydan.tv\\\/az\\\/#\\\/schema\\\/logo\\\/image\\\/\"}},{\"@type\":\"Person\",\"@id\":\"https:\\\/\\\/www.meydan.tv\\\/az\\\/#\\\/schema\\\/person\\\/10d11eccf6da3662cf5fdab9806ea91a\",\"name\":\"user-manager\"}]}<\/script>\n<!-- \/ Yoast SEO plugin. -->","yoast_head_json":{"title":"Demokratik \u00fcns\u00fcrl\u0259r - MEYDAN.TV","robots":{"index":"index","follow":"follow","max-snippet":"max-snippet:-1","max-image-preview":"max-image-preview:large","max-video-preview":"max-video-preview:-1"},"canonical":"https:\/\/www.meydan.tv\/az\/article\/demokratik-unsurler\/","og_locale":"az_AZ","og_type":"article","og_title":"Demokratik \u00fcns\u00fcrl\u0259r - MEYDAN.TV","og_description":"X\u0259yal\u0131nda oldu\u011fumuz \u00f6lk\u0259l\u0259rin \u0259ks\u0259riyy\u0259ti monarxiyad\u0131r...","og_url":"https:\/\/www.meydan.tv\/az\/article\/demokratik-unsurler\/","og_site_name":"MEYDAN.TV","article_published_time":"2014-08-20T18:28:58+00:00","og_image":[{"width":500,"height":500,"url":"https:\/\/www.meydan.tv\/wp-content\/uploads\/4561.jpg","type":"image\/jpeg"}],"author":"user-manager","twitter_card":"summary_large_image","schema":{"@context":"https:\/\/schema.org","@graph":[{"@type":"Article","@id":"https:\/\/www.meydan.tv\/az\/article\/demokratik-unsurler\/#article","isPartOf":{"@id":"https:\/\/www.meydan.tv\/az\/article\/demokratik-unsurler\/"},"author":{"name":"user-manager","@id":"https:\/\/www.meydan.tv\/az\/#\/schema\/person\/10d11eccf6da3662cf5fdab9806ea91a"},"headline":"Demokratik \u00fcns\u00fcrl\u0259r","datePublished":"2014-08-20T18:28:58+00:00","mainEntityOfPage":{"@id":"https:\/\/www.meydan.tv\/az\/article\/demokratik-unsurler\/"},"wordCount":1473,"publisher":{"@id":"https:\/\/www.meydan.tv\/az\/#organization"},"image":{"@id":"https:\/\/www.meydan.tv\/az\/article\/demokratik-unsurler\/#primaryimage"},"thumbnailUrl":"https:\/\/www.meydan.tv\/wp-content\/uploads\/4561.jpg","articleSection":["M\u0259nim Fikrimc\u0259"],"inLanguage":"az"},{"@type":"WebPage","@id":"https:\/\/www.meydan.tv\/az\/article\/demokratik-unsurler\/","url":"https:\/\/www.meydan.tv\/az\/article\/demokratik-unsurler\/","name":"Demokratik \u00fcns\u00fcrl\u0259r - MEYDAN.TV","isPartOf":{"@id":"https:\/\/www.meydan.tv\/az\/#website"},"primaryImageOfPage":{"@id":"https:\/\/www.meydan.tv\/az\/article\/demokratik-unsurler\/#primaryimage"},"image":{"@id":"https:\/\/www.meydan.tv\/az\/article\/demokratik-unsurler\/#primaryimage"},"thumbnailUrl":"https:\/\/www.meydan.tv\/wp-content\/uploads\/4561.jpg","datePublished":"2014-08-20T18:28:58+00:00","breadcrumb":{"@id":"https:\/\/www.meydan.tv\/az\/article\/demokratik-unsurler\/#breadcrumb"},"inLanguage":"az","potentialAction":[{"@type":"ReadAction","target":["https:\/\/www.meydan.tv\/az\/article\/demokratik-unsurler\/"]}]},{"@type":"ImageObject","inLanguage":"az","@id":"https:\/\/www.meydan.tv\/az\/article\/demokratik-unsurler\/#primaryimage","url":"https:\/\/www.meydan.tv\/wp-content\/uploads\/4561.jpg","contentUrl":"https:\/\/www.meydan.tv\/wp-content\/uploads\/4561.jpg","width":500,"height":500,"caption":"Source:"},{"@type":"BreadcrumbList","@id":"https:\/\/www.meydan.tv\/az\/article\/demokratik-unsurler\/#breadcrumb","itemListElement":[{"@type":"ListItem","position":1,"name":"Ana s\u0259hif\u0259","item":"https:\/\/www.meydan.tv\/az\/"},{"@type":"ListItem","position":2,"name":"M\u0259nim Fikrimc\u0259","item":"https:\/\/www.meydan.tv\/az\/section\/menim-fikrimce\/"},{"@type":"ListItem","position":3,"name":"Demokratik \u00fcns\u00fcrl\u0259r"}]},{"@type":"WebSite","@id":"https:\/\/www.meydan.tv\/az\/#website","url":"https:\/\/www.meydan.tv\/az\/","name":"MEYDAN.TV","description":"Meydan TV Az\u0259rbaycan\u0131n media m\u0259kan\u0131ndak\u0131 alternativ s\u0259sidir","publisher":{"@id":"https:\/\/www.meydan.tv\/az\/#organization"},"potentialAction":[{"@type":"SearchAction","target":{"@type":"EntryPoint","urlTemplate":"https:\/\/www.meydan.tv\/az\/?s={search_term_string}"},"query-input":{"@type":"PropertyValueSpecification","valueRequired":true,"valueName":"search_term_string"}}],"inLanguage":"az"},{"@type":"Organization","@id":"https:\/\/www.meydan.tv\/az\/#organization","name":"Meydan TV","url":"https:\/\/www.meydan.tv\/az\/","logo":{"@type":"ImageObject","inLanguage":"az","@id":"https:\/\/www.meydan.tv\/az\/#\/schema\/logo\/image\/","url":"https:\/\/www.meydan.tv\/wp-content\/uploads\/2021\/07\/meydan-logo.svg","contentUrl":"https:\/\/www.meydan.tv\/wp-content\/uploads\/2021\/07\/meydan-logo.svg","width":195,"height":46,"caption":"Meydan TV"},"image":{"@id":"https:\/\/www.meydan.tv\/az\/#\/schema\/logo\/image\/"}},{"@type":"Person","@id":"https:\/\/www.meydan.tv\/az\/#\/schema\/person\/10d11eccf6da3662cf5fdab9806ea91a","name":"user-manager"}]}},"_links":{"self":[{"href":"https:\/\/www.meydan.tv\/az\/wp-json\/wp\/v2\/posts\/165033","targetHints":{"allow":["GET"]}}],"collection":[{"href":"https:\/\/www.meydan.tv\/az\/wp-json\/wp\/v2\/posts"}],"about":[{"href":"https:\/\/www.meydan.tv\/az\/wp-json\/wp\/v2\/types\/post"}],"author":[{"embeddable":true,"href":"https:\/\/www.meydan.tv\/az\/wp-json\/wp\/v2\/users\/11"}],"replies":[{"embeddable":true,"href":"https:\/\/www.meydan.tv\/az\/wp-json\/wp\/v2\/comments?post=165033"}],"version-history":[{"count":0,"href":"https:\/\/www.meydan.tv\/az\/wp-json\/wp\/v2\/posts\/165033\/revisions"}],"wp:featuredmedia":[{"embeddable":true,"href":"https:\/\/www.meydan.tv\/az\/wp-json\/wp\/v2\/media\/13322"}],"wp:attachment":[{"href":"https:\/\/www.meydan.tv\/az\/wp-json\/wp\/v2\/media?parent=165033"}],"wp:term":[{"taxonomy":"category","embeddable":true,"href":"https:\/\/www.meydan.tv\/az\/wp-json\/wp\/v2\/categories?post=165033"},{"taxonomy":"post_tag","embeddable":true,"href":"https:\/\/www.meydan.tv\/az\/wp-json\/wp\/v2\/tags?post=165033"}],"curies":[{"name":"wp","href":"https:\/\/api.w.org\/{rel}","templated":true}]}}