{"id":165020,"date":"2014-08-19T18:42:56","date_gmt":"2014-08-19T18:42:56","guid":{"rendered":"https:\/\/www.meydan.tv\/article\/intiqam-eliyevin-son-sozu\/"},"modified":"2014-08-19T18:42:56","modified_gmt":"2014-08-19T18:42:56","slug":"intiqam-eliyevin-son-sozu","status":"publish","type":"post","link":"https:\/\/www.meydan.tv\/az\/article\/intiqam-eliyevin-son-sozu\/","title":{"rendered":"\u0130ntiqam \u018fliyevin son s\u00f6z\u00fc!"},"content":{"rendered":"<figure class=\"wp-block-image size-large\">\n  <img decoding=\"async\" src=\"https:\/\/www.meydan.tv\/az\/11503\/\" alt=\"\" class=\"wp-image-11503\"\/><figcaption><\/figcaption><\/figure>\n<figure class=\"wp-block-image size-large\">\n  <img decoding=\"async\" src=\"https:\/\/www.meydan.tv\/az\/11506\/\" alt=\"\" class=\"wp-image-11506\"\/><figcaption><\/figcaption><\/figure>\n<p>\n  -Ad\u0131n\u0131z?<br \/>\n  <br \/>\n  -\u0130ntiqam<br \/>\n  <br \/>\n  Soyad\u0131n\u0131z?<br \/>\n  <br \/>\n  -\u018fliyev<br \/>\n  <br \/>\n  &#8211; Buyurun<br \/>\n  <br \/>\n  H\u00f6rm\u0259tli i\u015ftirak\u00e7\u0131lar, m\u0259ni ittiham edirl\u0259r ki, g\u00fcya m\u0259n Az\u0259rbaycan v\u0259t\u0259nda\u015flar\u0131n\u0131n h\u00fcquqlar\u0131n\u0131 m\u00fcdafi\u0259 etmi\u015f\u0259m. Bu, \u00e7ox c\u0259f\u0259ng iddiad\u0131r. M\u0259g\u0259r, az\u0259rbaycanl\u0131lar\u0131n h\u00fcquqlar\u0131 varm\u0131?<br \/>\n  <br \/>\n  &#8211; Siz h\u00fcquq\u015f\u00fcnass\u0131n\u0131z, bilm\u0259lisiniz ki, Az\u0259rbaycan v\u0259t\u0259nda\u015flar\u0131n\u0131n h\u0259r c\u00fcr h\u00fcquqlar\u0131 var.\n<\/p>\n<p>\n  H\u00f6rm\u0259tli i\u015ftirak\u00e7\u0131lar, az\u0259rbaycanl\u0131lar\u0131n ka\u011f\u0131z \u00fcst\u00fcnd\u0259ki h\u00fcquqlar\u0131ndan dan\u0131\u015fsaq, h\u0259m d\u0259 yalan dan\u0131\u015fm\u0131\u015f olar\u0131q. M\u0259n sizi he\u00e7 n\u0259y\u0259 inand\u0131rmaq ist\u0259mir\u0259m, ona g\u00f6r\u0259 d\u0259 h\u0259yatda rastla\u015fd\u0131\u011f\u0131m\u0131z v\u0259 he\u00e7 bir mane\u0259siz ya\u015fad\u0131\u011f\u0131m\u0131z, h\u0259yata ke\u00e7irm\u0259y\u0259 t\u0259hrik edildiyimiz h\u00fcquqlar\u0131m\u0131zdan dan\u0131\u015fmaq ist\u0259yir\u0259m. Az\u0259rbaycanl\u0131lar\u0131n \u00e7\u00f6r\u0259yi nisy\u0259 almaq, d\u00fckanlara q\u0259pikl\u0259rl\u0259 toplan\u0131b minl\u0259r\u0259 \u00e7evril\u0259n m\u0259bl\u0259\u011fd\u0259 borclu olmaq, ac qal\u0131b s\u0259fil olaca\u011f\u0131ndan qorxdu\u011fu \u00fc\u00e7\u00fcn u\u015faqlar\u0131n\u0131n \u0259lind\u0259n tutub intihar etm\u0259k h\u00fcququ var. Amma bu h\u00fcquqlar\u0131 qoruma\u011fa ehtiyac varm\u0131 ki, m\u0259n onu qoruyum?!\n<\/p>\n<p>\n  M\u0259ni ittiham edirl\u0259r ki, m\u0259n Avropa \u0130nsan Haqlar\u0131 M\u0259hk\u0259m\u0259sin\u0259 \u015fikay\u0259t ed\u0259nl\u0259r\u0259 k\u00f6m\u0259k etmi\u015f\u0259m. Amma m\u0259nim \u00fc\u00e7\u00fcn d\u0259 maraql\u0131d\u0131r ki, bu g\u00fcn o \u015fikay\u0259tl\u0259rin \u0259sl m\u00fc\u0259llifl\u0259ri niy\u0259 qanun v\u0259 m\u0259hk\u0259m\u0259 qar\u015f\u0131s\u0131nda cavab vermir? Onlar kimdir? Q\u0131\u015f bulvar\u0131nda, \u201cSovetski\u201dd\u0259 insanlar\u0131n evl\u0259rini ba\u015flar\u0131na u\u00e7uranlar, \u201cBayraq Meydan\u0131\u201d tikm\u0259k \u00fc\u00e7\u00fcn Az\u0259rbaycan bayra\u011f\u0131 u\u011frunda can\u0131ndan ke\u00e7\u0259n, can\u0131ndan ke\u00e7m\u0259y\u0259 haz\u0131r olan h\u0259rb\u00e7il\u0259rin qad\u0131nlar\u0131n\u0131 v\u0259 u\u015faqlar\u0131n\u0131 t\u0259hqiramiz formada s\u00fcr\u00fcy\u00fcb \u00e7\u00f6l\u0259 atanlar. O\u011flu \u00f6l\u00fcb, q\u0131z\u0131 yoxdur dey\u0259 ya\u015fl\u0131 insanlar\u0131n m\u00fclkl\u0259rini \u0259lind\u0259n almaq \u00fc\u00e7\u00fcn f\u0131r\u0131ldaq\u00e7\u0131larla \u0259lbir olan m\u0259hk\u0259m\u0259 hakiml\u0259ri. \u015e\u0259hid ail\u0259l\u0259rini kims\u0259siz ail\u0259 kimi ictimai fikr\u0259 tan\u0131d\u0131b, onlar\u0131n b\u00fct\u00fcn haqlar\u0131n\u0131 tapdayan d\u00f6vl\u0259t m\u0259murlar\u0131d\u0131r o \u015fikay\u0259tl\u0259rin \u0259sl m\u00fc\u0259llifl\u0259ri.\n<\/p>\n<p>\n  Siz he\u00e7 bilirsinizmi, ya\u015fl\u0131 bir qad\u0131n\u0131n \u201co\u011ful, he\u00e7 kimim yoxdur dey\u0259 m\u0259ni evimd\u0259n \u00e7\u00f6l\u0259 at\u0131rlar, k\u00f6m\u0259k el\u0259 k\u00fc\u00e7\u0259l\u0259rd\u0259 \u00f6lm\u0259k ist\u0259mir\u0259m\u201d &#8211; deyib g\u00f6z ya\u015f\u0131 t\u00f6km\u0259si n\u0259 dem\u0259kdir? Bu, d\u00f6vl\u0259tin, qanuni hakimiyy\u0259tin, m\u0259hk\u0259m\u0259l\u0259rin \u00f6lm\u0259si dem\u0259kdir. \u00c7\u00fcnki h\u00fcquqi d\u00f6vl\u0259td\u0259 v\u0259t\u0259nda\u015f\u0131n \u0259n b\u00f6y\u00fck sahibi onu qanunlarla qoruyan d\u00f6vl\u0259tidir. Bu is\u0259 \u0259slind\u0259 m\u0259nim m\u0259hk\u0259m\u0259m deyil, bu v\u0259 buna ox\u015fayan b\u00fct\u00fcn toplant\u0131lar Az\u0259rbaycanda h\u00fcquqi d\u00f6vl\u0259tin r\u0259smi yas m\u0259rasiml\u0259ridir. Biz \u00f6z d\u00f6vl\u0259timizi itiririk.\n<\/p>\n<p>\n  He\u00e7 kim tarix \u00fcz\u0259rind\u0259 q\u0259l\u0259b\u0259 \u00e7ala bilm\u0259y\u0259c\u0259k. He\u00e7 kim, ba\u015fqas\u0131n\u0131n m\u00fclkiyy\u0259tinin daimi sahibi ola bilm\u0259y\u0259c\u0259k. Ba\u015fqalar\u0131n\u0131n g\u00f6z ya\u015flar\u0131ndan sel d\u00fcz\u0259ltm\u0259k olar, amma bu, yaln\u0131z sizin \u00f6z\u00fcn\u00fcz\u00fc bo\u011facaq. Siz \u00e7\u0131xard\u0131\u011f\u0131n\u0131z q\u0259rarlar\u0131n n\u0259 dem\u0259k oldu\u011funu anlam\u0131rs\u0131n\u0131z. Bu anlaqs\u0131z q\u0259rarlar\u0131n\u0131z toplumu q\u0259ddarla\u015fd\u0131r\u0131r v\u0259 d\u00fc\u015fm\u0259n\u00e7iliyi d\u0259rinl\u0259\u015fdirir.\n<\/p>\n<p>\n  D\u00fc\u015f\u00fcn\u00fcn ki, bu \u00f6lk\u0259d\u0259 n\u0259 q\u0259d\u0259r g\u00fcnahs\u0131z adama qatil, n\u0259 q\u0259d\u0259r ziyal\u0131ya narkoman, n\u0259 q\u0259d\u0259r siyasi f\u0259ala d\u0259l\u0259duz v\u0259 ya xuliqan dam\u011fas\u0131 vurmusunuz. N\u0259 q\u0259d\u0259r insan sizin \u0259dal\u0259tsiz q\u0259rarlar\u0131n\u0131zdan \u0259lini yerd\u0259n \u00fcz\u00fcb v\u0259 g\u00f6y\u0259 tutub. Siz bu m\u0259ml\u0259k\u0259td\u0259 terrorun v\u0259 fundamentalizmin k\u00f6r\u00fckl\u0259yicisi, d\u0259st\u0259k\u00e7isi v\u0259 t\u0259kanvericisisiniz. Bu \u00f6lk\u0259d\u0259 reall\u0131\u011fa inam\u0131n\u0131 itirib, ilahi \u0259dal\u0259t axtaran h\u0259r k\u0259sin t\u00f6r\u0259tdiyi cinay\u0259tin arxas\u0131nda sizin qanunsuz v\u0259 \u0259dal\u0259tsiz q\u0259rarlar\u0131n\u0131z dayan\u0131r. Siz Somalid\u0259 ac\u0131ndan, \u0130raqda v\u0259 F\u0259l\u0259stind\u0259 zorak\u0131l\u0131qdan, m\u00fcharib\u0259d\u0259n \u00f6l\u0259n u\u015faqlar\u0131n qatill\u0259rind\u0259n sad\u0259c\u0259 metodunuza g\u00f6r\u0259 f\u0259rql\u0259nirsiniz. Siz onlardan daha q\u0259ddars\u0131n\u0131z, \u00e7\u00fcnki bu \u00f6lk\u0259ni c\u0259ng\u0259lliy\u0259 \u00e7evirirsiniz v\u0259 bu, t\u0259kc\u0259 bizim k\u00f6rp\u0259l\u0259rimizin deyil, sizin \u00f6z \u00f6vladlar\u0131n\u0131z\u0131n sabah\u0131 \u00fc\u00e7\u00fcn d\u0259 qorxuludur. Siz \u00f6z \u00f6vladlar\u0131n\u0131z\u0131n, n\u0259v\u0259l\u0259rinizin g\u0259l\u0259c\u0259yinin qatill\u0259risiniz. Sizin h\u0259r bir \u0259dal\u0259tsiz h\u00f6km\u00fcn\u00fcz \u00f6z miqyas\u0131nda bizim c\u0259miyy\u0259timiz \u00fc\u00e7\u00fcn radioaktiv n\u00fcv\u0259 z\u0259rb\u0259sidir. \u00c7\u00fcnki bu, t\u0259kc\u0259 indi olan\u0131 m\u0259hv etm\u0259k deyil, h\u0259m d\u0259 g\u0259l\u0259c\u0259yi z\u0259h\u0259rl\u0259m\u0259kdir.\n<\/p>\n<p>\n  H\u00f6rm\u0259tli i\u015ftirak\u00e7\u0131lar, m\u0259n \u00e7ox pe\u015fimanam! Bunu dil\u0259 g\u0259tirm\u0259yim sizi incid\u0259 bil\u0259r, amma inan\u0131n ki, pe\u015fman\u00e7\u0131l\u0131\u011f\u0131m\u0131n h\u0259ddi-h\u00fcdudu yoxdur. Siz d\u00fc\u015f\u00fcnm\u0259yin ki, m\u0259n bu d\u0259mir barmaql\u0131qlar arxas\u0131nda oldu\u011fum \u00fc\u00e7\u00fcn bu hissl\u0259ri ke\u00e7irir\u0259m, \u0259sla! M\u0259n sad\u0259c\u0259, bu g\u00fcn r\u0259smi ad\u0131 h\u0259bsxana olan yerd\u0259n \u0259sl h\u0259bsxanada ba\u015f ver\u0259nl\u0259r\u0259 m\u00fcdaxil\u0259 ed\u0259 bilm\u0259diyim \u00fc\u00e7\u00fcn pe\u015fmanam. V\u0259 bir g\u00fcn siz d\u0259 bu barmaql\u0131lar arxas\u0131na ke\u00e7m\u0259k \u00fc\u00e7\u00fcn n\u0259s\u0259 etmisinizs\u0259, \u00e7al\u0131\u015f\u0131n bura g\u0259lm\u0259d\u0259n \u00f6nc\u0259 \u00e7ox i\u015f g\u00f6r\u0259siniz. \u0130\u015finizi yar\u0131m\u00e7\u0131q qoydu\u011funuz hissi il\u0259 burada pe\u015fman olmayas\u0131n\u0131z. \u018fg\u0259r bir g\u00fcn n\u0259v\u0259nizin, k\u00f6rp\u0259 \u00f6vlad\u0131n\u0131z\u0131n g\u00f6z\u00fcn\u00fcn i\u00e7in\u0259 dik baxa bilm\u0259y\u0259c\u0259ksinizs\u0259, ya\u015fama\u011fa d\u0259y\u0259rmi? Bu sual\u0131 \u00f6z\u00fcn\u00fcz\u0259 verin. M\u0259n sizd\u0259n \u0259n y\u00fcks\u0259k c\u0259zan\u0131 ist\u0259yir\u0259m, g\u00fcnah\u0131m\u0131 boynuma al\u0131ram. M\u0259n g\u00fcnahkaram ki, bizim toplumun bu c\u00fcr idar\u0259\u00e7il\u0259ri var! T\u0259\u015f\u0259kk\u00fcr edir\u0259m!\n<\/p>\n<p>\n  <b><br \/>\n    Yaz\u0131dak\u0131 fikirl\u0259r m\u00fc\u0259llif\u0259 m\u0259xsusdur v\u0259 onlara g\u00f6r\u0259 Meydan TV m\u0259suliyy\u0259t da\u015f\u0131m\u0131r.<br \/>\n  <\/b><\/p>\n","protected":false},"excerpt":{"rendered":"<p>H\u00f6rm\u0259tli i\u015ftirak\u00e7\u0131lar, m\u0259n \u00e7ox pe\u015fimanam!<\/p>\n","protected":false},"author":11,"featured_media":11503,"comment_status":"closed","ping_status":"open","sticky":false,"template":"","format":"standard","meta":{"_acf_changed":false,"_sitemap_exclude":false,"_sitemap_priority":"","_sitemap_frequency":"","footnotes":""},"categories":[57],"tags":[],"class_list":["post-165020","post","type-post","status-publish","format-standard","has-post-thumbnail","hentry","category-menim-fikrimce","infinite-scroll-item","generate-columns","tablet-grid-50","mobile-grid-100","grid-parent","grid-33","no-featured-image-padding"],"acf":[],"yoast_head":"<!-- This site is optimized with the Yoast SEO plugin v27.4 - https:\/\/yoast.com\/product\/yoast-seo-wordpress\/ -->\n<title>\u0130ntiqam \u018fliyevin son s\u00f6z\u00fc! - MEYDAN.TV<\/title>\n<meta name=\"robots\" content=\"index, follow, max-snippet:-1, max-image-preview:large, max-video-preview:-1\" \/>\n<link rel=\"canonical\" href=\"https:\/\/www.meydan.tv\/az\/article\/intiqam-eliyevin-son-sozu\/\" \/>\n<meta property=\"og:locale\" content=\"az_AZ\" \/>\n<meta property=\"og:type\" content=\"article\" \/>\n<meta property=\"og:title\" content=\"\u0130ntiqam \u018fliyevin son s\u00f6z\u00fc! - MEYDAN.TV\" \/>\n<meta property=\"og:description\" content=\"H\u00f6rm\u0259tli i\u015ftirak\u00e7\u0131lar, m\u0259n \u00e7ox pe\u015fimanam!\" \/>\n<meta property=\"og:url\" content=\"https:\/\/www.meydan.tv\/az\/article\/intiqam-eliyevin-son-sozu\/\" \/>\n<meta property=\"og:site_name\" content=\"MEYDAN.TV\" \/>\n<meta property=\"article:published_time\" content=\"2014-08-19T18:42:56+00:00\" \/>\n<meta property=\"og:image\" content=\"https:\/\/www.meydan.tv\/wp-content\/uploads\/3757.jpg\" \/>\n\t<meta property=\"og:image:width\" content=\"400\" \/>\n\t<meta property=\"og:image:height\" content=\"400\" \/>\n\t<meta property=\"og:image:type\" content=\"image\/jpeg\" \/>\n<meta name=\"author\" content=\"user-manager\" \/>\n<meta name=\"twitter:card\" content=\"summary_large_image\" \/>\n<script type=\"application\/ld+json\" class=\"yoast-schema-graph\">{\"@context\":\"https:\\\/\\\/schema.org\",\"@graph\":[{\"@type\":\"Article\",\"@id\":\"https:\\\/\\\/www.meydan.tv\\\/az\\\/article\\\/intiqam-eliyevin-son-sozu\\\/#article\",\"isPartOf\":{\"@id\":\"https:\\\/\\\/www.meydan.tv\\\/az\\\/article\\\/intiqam-eliyevin-son-sozu\\\/\"},\"author\":{\"name\":\"user-manager\",\"@id\":\"https:\\\/\\\/www.meydan.tv\\\/az\\\/#\\\/schema\\\/person\\\/10d11eccf6da3662cf5fdab9806ea91a\"},\"headline\":\"\u0130ntiqam \u018fliyevin son s\u00f6z\u00fc!\",\"datePublished\":\"2014-08-19T18:42:56+00:00\",\"mainEntityOfPage\":{\"@id\":\"https:\\\/\\\/www.meydan.tv\\\/az\\\/article\\\/intiqam-eliyevin-son-sozu\\\/\"},\"wordCount\":1089,\"publisher\":{\"@id\":\"https:\\\/\\\/www.meydan.tv\\\/az\\\/#organization\"},\"image\":{\"@id\":\"https:\\\/\\\/www.meydan.tv\\\/az\\\/article\\\/intiqam-eliyevin-son-sozu\\\/#primaryimage\"},\"thumbnailUrl\":\"https:\\\/\\\/www.meydan.tv\\\/wp-content\\\/uploads\\\/3757.jpg\",\"articleSection\":[\"M\u0259nim Fikrimc\u0259\"],\"inLanguage\":\"az\"},{\"@type\":\"WebPage\",\"@id\":\"https:\\\/\\\/www.meydan.tv\\\/az\\\/article\\\/intiqam-eliyevin-son-sozu\\\/\",\"url\":\"https:\\\/\\\/www.meydan.tv\\\/az\\\/article\\\/intiqam-eliyevin-son-sozu\\\/\",\"name\":\"\u0130ntiqam \u018fliyevin son s\u00f6z\u00fc! - MEYDAN.TV\",\"isPartOf\":{\"@id\":\"https:\\\/\\\/www.meydan.tv\\\/az\\\/#website\"},\"primaryImageOfPage\":{\"@id\":\"https:\\\/\\\/www.meydan.tv\\\/az\\\/article\\\/intiqam-eliyevin-son-sozu\\\/#primaryimage\"},\"image\":{\"@id\":\"https:\\\/\\\/www.meydan.tv\\\/az\\\/article\\\/intiqam-eliyevin-son-sozu\\\/#primaryimage\"},\"thumbnailUrl\":\"https:\\\/\\\/www.meydan.tv\\\/wp-content\\\/uploads\\\/3757.jpg\",\"datePublished\":\"2014-08-19T18:42:56+00:00\",\"breadcrumb\":{\"@id\":\"https:\\\/\\\/www.meydan.tv\\\/az\\\/article\\\/intiqam-eliyevin-son-sozu\\\/#breadcrumb\"},\"inLanguage\":\"az\",\"potentialAction\":[{\"@type\":\"ReadAction\",\"target\":[\"https:\\\/\\\/www.meydan.tv\\\/az\\\/article\\\/intiqam-eliyevin-son-sozu\\\/\"]}]},{\"@type\":\"ImageObject\",\"inLanguage\":\"az\",\"@id\":\"https:\\\/\\\/www.meydan.tv\\\/az\\\/article\\\/intiqam-eliyevin-son-sozu\\\/#primaryimage\",\"url\":\"https:\\\/\\\/www.meydan.tv\\\/wp-content\\\/uploads\\\/3757.jpg\",\"contentUrl\":\"https:\\\/\\\/www.meydan.tv\\\/wp-content\\\/uploads\\\/3757.jpg\",\"width\":400,\"height\":400,\"caption\":\"Source:\"},{\"@type\":\"BreadcrumbList\",\"@id\":\"https:\\\/\\\/www.meydan.tv\\\/az\\\/article\\\/intiqam-eliyevin-son-sozu\\\/#breadcrumb\",\"itemListElement\":[{\"@type\":\"ListItem\",\"position\":1,\"name\":\"Ana s\u0259hif\u0259\",\"item\":\"https:\\\/\\\/www.meydan.tv\\\/az\\\/\"},{\"@type\":\"ListItem\",\"position\":2,\"name\":\"M\u0259nim Fikrimc\u0259\",\"item\":\"https:\\\/\\\/www.meydan.tv\\\/az\\\/section\\\/menim-fikrimce\\\/\"},{\"@type\":\"ListItem\",\"position\":3,\"name\":\"\u0130ntiqam \u018fliyevin son s\u00f6z\u00fc!\"}]},{\"@type\":\"WebSite\",\"@id\":\"https:\\\/\\\/www.meydan.tv\\\/az\\\/#website\",\"url\":\"https:\\\/\\\/www.meydan.tv\\\/az\\\/\",\"name\":\"MEYDAN.TV\",\"description\":\"Meydan TV Az\u0259rbaycan\u0131n media m\u0259kan\u0131ndak\u0131 alternativ s\u0259sidir\",\"publisher\":{\"@id\":\"https:\\\/\\\/www.meydan.tv\\\/az\\\/#organization\"},\"potentialAction\":[{\"@type\":\"SearchAction\",\"target\":{\"@type\":\"EntryPoint\",\"urlTemplate\":\"https:\\\/\\\/www.meydan.tv\\\/az\\\/?s={search_term_string}\"},\"query-input\":{\"@type\":\"PropertyValueSpecification\",\"valueRequired\":true,\"valueName\":\"search_term_string\"}}],\"inLanguage\":\"az\"},{\"@type\":\"Organization\",\"@id\":\"https:\\\/\\\/www.meydan.tv\\\/az\\\/#organization\",\"name\":\"Meydan TV\",\"url\":\"https:\\\/\\\/www.meydan.tv\\\/az\\\/\",\"logo\":{\"@type\":\"ImageObject\",\"inLanguage\":\"az\",\"@id\":\"https:\\\/\\\/www.meydan.tv\\\/az\\\/#\\\/schema\\\/logo\\\/image\\\/\",\"url\":\"https:\\\/\\\/www.meydan.tv\\\/wp-content\\\/uploads\\\/2021\\\/07\\\/meydan-logo.svg\",\"contentUrl\":\"https:\\\/\\\/www.meydan.tv\\\/wp-content\\\/uploads\\\/2021\\\/07\\\/meydan-logo.svg\",\"width\":195,\"height\":46,\"caption\":\"Meydan TV\"},\"image\":{\"@id\":\"https:\\\/\\\/www.meydan.tv\\\/az\\\/#\\\/schema\\\/logo\\\/image\\\/\"}},{\"@type\":\"Person\",\"@id\":\"https:\\\/\\\/www.meydan.tv\\\/az\\\/#\\\/schema\\\/person\\\/10d11eccf6da3662cf5fdab9806ea91a\",\"name\":\"user-manager\"}]}<\/script>\n<!-- \/ Yoast SEO plugin. -->","yoast_head_json":{"title":"\u0130ntiqam \u018fliyevin son s\u00f6z\u00fc! - MEYDAN.TV","robots":{"index":"index","follow":"follow","max-snippet":"max-snippet:-1","max-image-preview":"max-image-preview:large","max-video-preview":"max-video-preview:-1"},"canonical":"https:\/\/www.meydan.tv\/az\/article\/intiqam-eliyevin-son-sozu\/","og_locale":"az_AZ","og_type":"article","og_title":"\u0130ntiqam \u018fliyevin son s\u00f6z\u00fc! - MEYDAN.TV","og_description":"H\u00f6rm\u0259tli i\u015ftirak\u00e7\u0131lar, m\u0259n \u00e7ox pe\u015fimanam!","og_url":"https:\/\/www.meydan.tv\/az\/article\/intiqam-eliyevin-son-sozu\/","og_site_name":"MEYDAN.TV","article_published_time":"2014-08-19T18:42:56+00:00","og_image":[{"width":400,"height":400,"url":"https:\/\/www.meydan.tv\/wp-content\/uploads\/3757.jpg","type":"image\/jpeg"}],"author":"user-manager","twitter_card":"summary_large_image","schema":{"@context":"https:\/\/schema.org","@graph":[{"@type":"Article","@id":"https:\/\/www.meydan.tv\/az\/article\/intiqam-eliyevin-son-sozu\/#article","isPartOf":{"@id":"https:\/\/www.meydan.tv\/az\/article\/intiqam-eliyevin-son-sozu\/"},"author":{"name":"user-manager","@id":"https:\/\/www.meydan.tv\/az\/#\/schema\/person\/10d11eccf6da3662cf5fdab9806ea91a"},"headline":"\u0130ntiqam \u018fliyevin son s\u00f6z\u00fc!","datePublished":"2014-08-19T18:42:56+00:00","mainEntityOfPage":{"@id":"https:\/\/www.meydan.tv\/az\/article\/intiqam-eliyevin-son-sozu\/"},"wordCount":1089,"publisher":{"@id":"https:\/\/www.meydan.tv\/az\/#organization"},"image":{"@id":"https:\/\/www.meydan.tv\/az\/article\/intiqam-eliyevin-son-sozu\/#primaryimage"},"thumbnailUrl":"https:\/\/www.meydan.tv\/wp-content\/uploads\/3757.jpg","articleSection":["M\u0259nim Fikrimc\u0259"],"inLanguage":"az"},{"@type":"WebPage","@id":"https:\/\/www.meydan.tv\/az\/article\/intiqam-eliyevin-son-sozu\/","url":"https:\/\/www.meydan.tv\/az\/article\/intiqam-eliyevin-son-sozu\/","name":"\u0130ntiqam \u018fliyevin son s\u00f6z\u00fc! - MEYDAN.TV","isPartOf":{"@id":"https:\/\/www.meydan.tv\/az\/#website"},"primaryImageOfPage":{"@id":"https:\/\/www.meydan.tv\/az\/article\/intiqam-eliyevin-son-sozu\/#primaryimage"},"image":{"@id":"https:\/\/www.meydan.tv\/az\/article\/intiqam-eliyevin-son-sozu\/#primaryimage"},"thumbnailUrl":"https:\/\/www.meydan.tv\/wp-content\/uploads\/3757.jpg","datePublished":"2014-08-19T18:42:56+00:00","breadcrumb":{"@id":"https:\/\/www.meydan.tv\/az\/article\/intiqam-eliyevin-son-sozu\/#breadcrumb"},"inLanguage":"az","potentialAction":[{"@type":"ReadAction","target":["https:\/\/www.meydan.tv\/az\/article\/intiqam-eliyevin-son-sozu\/"]}]},{"@type":"ImageObject","inLanguage":"az","@id":"https:\/\/www.meydan.tv\/az\/article\/intiqam-eliyevin-son-sozu\/#primaryimage","url":"https:\/\/www.meydan.tv\/wp-content\/uploads\/3757.jpg","contentUrl":"https:\/\/www.meydan.tv\/wp-content\/uploads\/3757.jpg","width":400,"height":400,"caption":"Source:"},{"@type":"BreadcrumbList","@id":"https:\/\/www.meydan.tv\/az\/article\/intiqam-eliyevin-son-sozu\/#breadcrumb","itemListElement":[{"@type":"ListItem","position":1,"name":"Ana s\u0259hif\u0259","item":"https:\/\/www.meydan.tv\/az\/"},{"@type":"ListItem","position":2,"name":"M\u0259nim Fikrimc\u0259","item":"https:\/\/www.meydan.tv\/az\/section\/menim-fikrimce\/"},{"@type":"ListItem","position":3,"name":"\u0130ntiqam \u018fliyevin son s\u00f6z\u00fc!"}]},{"@type":"WebSite","@id":"https:\/\/www.meydan.tv\/az\/#website","url":"https:\/\/www.meydan.tv\/az\/","name":"MEYDAN.TV","description":"Meydan TV Az\u0259rbaycan\u0131n media m\u0259kan\u0131ndak\u0131 alternativ s\u0259sidir","publisher":{"@id":"https:\/\/www.meydan.tv\/az\/#organization"},"potentialAction":[{"@type":"SearchAction","target":{"@type":"EntryPoint","urlTemplate":"https:\/\/www.meydan.tv\/az\/?s={search_term_string}"},"query-input":{"@type":"PropertyValueSpecification","valueRequired":true,"valueName":"search_term_string"}}],"inLanguage":"az"},{"@type":"Organization","@id":"https:\/\/www.meydan.tv\/az\/#organization","name":"Meydan TV","url":"https:\/\/www.meydan.tv\/az\/","logo":{"@type":"ImageObject","inLanguage":"az","@id":"https:\/\/www.meydan.tv\/az\/#\/schema\/logo\/image\/","url":"https:\/\/www.meydan.tv\/wp-content\/uploads\/2021\/07\/meydan-logo.svg","contentUrl":"https:\/\/www.meydan.tv\/wp-content\/uploads\/2021\/07\/meydan-logo.svg","width":195,"height":46,"caption":"Meydan TV"},"image":{"@id":"https:\/\/www.meydan.tv\/az\/#\/schema\/logo\/image\/"}},{"@type":"Person","@id":"https:\/\/www.meydan.tv\/az\/#\/schema\/person\/10d11eccf6da3662cf5fdab9806ea91a","name":"user-manager"}]}},"_links":{"self":[{"href":"https:\/\/www.meydan.tv\/az\/wp-json\/wp\/v2\/posts\/165020","targetHints":{"allow":["GET"]}}],"collection":[{"href":"https:\/\/www.meydan.tv\/az\/wp-json\/wp\/v2\/posts"}],"about":[{"href":"https:\/\/www.meydan.tv\/az\/wp-json\/wp\/v2\/types\/post"}],"author":[{"embeddable":true,"href":"https:\/\/www.meydan.tv\/az\/wp-json\/wp\/v2\/users\/11"}],"replies":[{"embeddable":true,"href":"https:\/\/www.meydan.tv\/az\/wp-json\/wp\/v2\/comments?post=165020"}],"version-history":[{"count":0,"href":"https:\/\/www.meydan.tv\/az\/wp-json\/wp\/v2\/posts\/165020\/revisions"}],"wp:featuredmedia":[{"embeddable":true,"href":"https:\/\/www.meydan.tv\/az\/wp-json\/wp\/v2\/media\/11503"}],"wp:attachment":[{"href":"https:\/\/www.meydan.tv\/az\/wp-json\/wp\/v2\/media?parent=165020"}],"wp:term":[{"taxonomy":"category","embeddable":true,"href":"https:\/\/www.meydan.tv\/az\/wp-json\/wp\/v2\/categories?post=165020"},{"taxonomy":"post_tag","embeddable":true,"href":"https:\/\/www.meydan.tv\/az\/wp-json\/wp\/v2\/tags?post=165020"}],"curies":[{"name":"wp","href":"https:\/\/api.w.org\/{rel}","templated":true}]}}