{"id":164944,"date":"2014-08-12T17:38:35","date_gmt":"2014-08-12T17:38:35","guid":{"rendered":"https:\/\/www.meydan.tv\/article\/yaziklar-olsun-turk-sekulyarlarina\/"},"modified":"2014-08-12T17:38:35","modified_gmt":"2014-08-12T17:38:35","slug":"yaziklar-olsun-turk-sekulyarlarina","status":"publish","type":"post","link":"https:\/\/www.meydan.tv\/az\/article\/yaziklar-olsun-turk-sekulyarlarina\/","title":{"rendered":"Yaz\u0131klar olsun t\u00fcrk sekulyarlar\u0131na!"},"content":{"rendered":"<figure class=\"wp-block-image size-large\">\n  <img decoding=\"async\" src=\"https:\/\/www.meydan.tv\/az\/12953\/\" alt=\"\" class=\"wp-image-12953\"\/><figcaption><\/figcaption><\/figure>\n<figure class=\"wp-block-image size-large\">\n  <img decoding=\"async\" src=\"https:\/\/www.meydan.tv\/az\/12956\/\" alt=\"\" class=\"wp-image-12956\"\/><figcaption><\/figcaption><\/figure>\n<p>\n  Bir nec\u0259 g\u00fcn \u0259vv\u0259l T\u00fcrkiy\u0259 secimleriyl\u0259 ba\u011fl\u0131 TRT kanal\u0131n\u0131n t\u0259\u015fkil etdiyi cumhurbashkan\u0131l\u0131\u011f\u0131na namiz\u0259dl\u0259rin propaqanda verli\u015fl\u0259rinin videolar\u0131n\u0131 izl\u0259dim. D\u00fcz\u00fcn\u00fc deyim, \u00f6z\u00fcm 5 il T\u00fcrkiy\u0259d\u0259 ya\u015fam\u0131\u015f v\u0259 oxumu\u015f bir insan olaraq bu videolardan sonra \u00e7ox m\u0259yus oldum. A\u011fl\u0131mdan f\u0259rqli-f\u0259rqli fkirl\u0259r ke\u00e7di. Bu fikirl\u0259ri sizinl\u0259 payla\u015fmaq ist\u0259yir\u0259m.\n<\/p>\n<p>\n  Orada ya\u015fad\u0131\u011f\u0131m vaxt, x\u00fcsusil\u0259 d\u0259 t\u0259l\u0259b\u0259lik d\u00f6n\u0259mi \u00e7oxlu sol\u00e7u, devrim\u00e7i, feodal \u0259n\u0259n\u0259l\u0259r\u0259 qar\u015f\u0131 m\u00fcbariz\u0259 aparanlar g\u00f6rd\u00fcm. El\u0259 m\u00fc\u0259llim hey\u0259tind\u0259 d\u0259 ulusal\u00e7\u0131, sol\u00e7u, sa\u011f\u00e7\u0131 mill\u0259t\u00e7i v\u0259 daha n\u0259l\u0259r, kiml\u0259r vard\u0131. El\u0259 bilirdim, T\u00fcrkiy\u0259 \u00e7ox r\u0259ngar\u0259ng c\u0259miyy\u0259t\u0259 sahibdir. El\u0259 bilirdim, bu h\u0259rakatlar\u0131n ham\u0131s\u0131n\u0131n ayd\u0131n\u0131, publisiti, yazar\u0131 \u0259qid\u0259li i\u015f adamlar\u0131 v\u0259.s var. Amma \u018frdo\u011fan h\u0259r d\u0259f\u0259 se\u00e7iml\u0259ri qazananda, T\u00fcrkiy\u0259 c\u0259miyy\u0259tini \u00f6z m\u0259lum, m\u0259\u015fum ideyalar\u0131n\u0131n \u0259siri etdik\u00e7\u0259, t\u00fcrkl\u0259r \u018frdo\u011fan\u0131n \u015feirl\u0259ri v\u0259 ya \u201cone minute\u201d pafosu arxas\u0131nca qa\u00e7anda anlad\u0131m ki,T\u00fcrkiy\u0259d\u0259 \u0259slind\u0259 bir t\u0259b\u0259q\u0259, bir r\u0259ng var. Onun da ad\u0131 \u201cdin\u00e7i\u201d, \u201ccemaat\u00e7\u0131\u201d, ya da \u201cosmanl\u0131\u00e7\u0131\u201dd\u0131.\n<\/p>\n<p>\n  Nec\u0259 ist\u0259yirsiniz, adland\u0131r\u0131n, amma r\u0259ngl\u0259r yoxdur art\u0131q T\u00fcrkiy\u0259d\u0259. T\u00fcrkiy\u0259d\u0259 art\u0131q sad\u0259c\u0259 \u018frdo\u011fan var, ona ita\u0259t ed\u0259nl\u0259r var, onunla bar\u0131\u015fanlar var, onun g\u00fcc\u00fc qar\u015f\u0131s\u0131nda \u00f6z g\u00fccs\u00fczl\u00fcy\u00fcn\u00fc qebul ed\u0259nl\u0259r var&#8230;\n<\/p>\n<p>\n  Cumhurba\u015fhkanl\u0131\u011f\u0131na namiz\u0259dl\u0259rin se\u00e7im videolar\u0131ndak\u0131 \u00e7\u0131x\u0131\u015flar\u0131na baxd\u0131qca d\u00fc\u015f\u00fcn\u00fcr\u0259m: nec\u0259 oldu ki, \u018frdo\u011fan bu q\u0259d\u0259r r\u0259ngi t\u0259k r\u0259ngd\u0259, t\u0259k fikird\u0259 birl\u0259\u015fdirdi? \u018fkm\u0259l\u0259ddin Ihsano\u011flu nitqind\u0259 deyir: \u201cM\u0259n Yozqatl\u0131 Hac\u0131 filank\u0259s \u0259f\u0259ndinin evind\u0259 do\u011fulmu\u015fam v\u0259 Hac\u0131 filank\u0259sin torunuyam. \u0130smim Ekmel\u0259ddin &#8211; yani dini \u0259n yax\u015f\u0131 bil\u0259n adam dem\u0259kdir. Bu ismi milli mar\u015f\u0131m\u0131z\u0131n s\u00f6zl\u0259rini yazan r\u0259hm\u0259tlik Mehmet Akif Ersoy h\u0259l\u0259 m\u0259n do\u011fmadan \u00f6nc\u0259 qoyub. Ail\u0259ml\u0259 Misird\u0259, y\u0259ni Osmanl\u0131 torpaqlar\u0131nda ya\u015fay\u0131rd\u0131m. Sonra Misir ayr\u0131 d\u00f6vl\u0259t oldu, amma \u0259slind\u0259 \u00f6nc\u0259l\u0259ri oras\u0131 da Konya, Sivas kimi Osmanl\u0131 torpaqlar\u0131yd\u0131. Misird\u0259 k\u00fc\u00e7\u0259d\u0259 bel\u0259 t\u00fcrkc\u0259 dan\u0131\u015fa bilmirdik, amma evimizd\u0259 dan\u0131\u015f\u0131rd\u0131q. Bel\u0259likl\u0259, \u00f6z kimliyimizi saxlad\u0131q. Babam\u0131 (atam\u0131-red.) tez itirmi\u015f\u0259m, amma m\u0259n\u0259 yetimlik maa\u015f\u0131 verm\u0259dil\u0259r\u201d.\n<\/p>\n<p>\n  G\u0259lin, bu s\u00f6hb\u0259tl\u0259ri analiz ed\u0259k. \u018frdo\u011fan h\u0259mi\u015f\u0259 \u201c\u0259cdad\u0131m\u201d dey\u0259-dey\u0259 xalq\u0131 \u201c\u0259cdad\u201d, \u201cosmanl\u0131\u201d x\u0259st\u0259liyin\u0259 yoluxdurub. H\u0259mi\u015f\u0259 d\u0259 \u00f6z babalar\u0131n\u0131n namaz q\u0131lan, Haci \u0259f\u0259ndil\u0259r oldu\u011funu deyir. Dindar ail\u0259d\u0259 b\u00f6y\u00fcd\u00fcy\u00fcn\u00fc bildirir. \u018frdo\u011fan\u0131n bu obraz\u0131 T\u00fcrkiy\u0259d\u0259 artlq siyas\u0259td\u0259 u\u011fur qazanmaq ist\u0259y\u0259nl\u0259rin \u00f6rn\u0259k obraz\u0131 olub. Adam deyir, ad\u0131m \u018fkm\u0259l\u0259ddindir, y\u0259ni dini \u0259n yax\u015f\u0131 bil\u0259n adam, \u00f6z\u00fc d\u0259 m\u0259n\u0259 bu ad\u0131 Mehmet Akif Ersoy verib.\n<\/p>\n<p>\n  Y\u0259ni art\u0131q T\u00fcrkiy\u0259d\u0259 g\u0259r\u0259k ham\u0131 \u00f6z\u00fcn\u0259 islami ad qoya, \u00f6z\u00fc d\u0259 bu ad g\u0259r\u0259k hans\u0131sa dindar-islami bir \u015f\u0259xs t\u0259r\u0259find\u0259n qoyula. Adam \u018frdo\u011fan\u0131n mill\u0259t\u00e7ilik oynunu da unutmur. Deyir ki, t\u00fcrkc\u0259 dan\u0131\u015fmaq Misird\u0259 \u00e7\u0259tin olsa da, amma biz dilimizi qoruduq. Namiz\u0259d \u018frdo\u011fan\u0131n h\u0259p topluma oynad\u0131g\u0131 m\u0259zlum siyas\u0259t\u00e7i oyununu da unutmur. Deyir ki, m\u0259n\u0259 yetim maa\u015f\u0131 baglanmad\u0131, \u00e7ox zorluklar \u00e7\u0259kdim, yetim b\u00f6y\u00fcd\u00fcm v\u0259 s&#8230;\n<\/p>\n<p>\n  \u018frdo\u011fan\u0131n t\u00fcrk toplumunun imperial ke\u00e7mi\u015fini istifad\u0259 ed\u0259r\u0259k, \u201cosmanl\u0131\u201d, \u201c\u0259cdad\u201d v\u0259 s s\u00f6hb\u0259tl\u0259ri d\u0259 unutmam\u0131\u015fd\u0131r \u00e7\u0131x\u0131\u015f\u0131nda. \u018fn vacib durum budur ki, \u018frdo\u011fan\u0131n oynuna g\u0259l\u0259n T\u00fcrk siyas\u0259ti art\u0131q F\u0259l\u0259stin\u0259 sevginin \u0130srail\u0259 is\u0259 nifr\u0259tin, l\u0259n\u0259tin yar\u0131\u015fmas\u0131yla qurulub. .\n<\/p>\n<p>\n  M\u0259nim \u00fc\u00e7\u00fcn \u0259n maraql\u0131 m\u0259s\u0259l\u0259 \u018fkmeleddin \u0130hsano\u011flunun \u00e7at\u0131 namiz\u0259d, y\u0259ni \u018frdo\u011fana qar\u015f\u0131 olan insanlar\u0131n namiz\u0259di olmas\u0131d\u0131. D\u00fc\u015f\u00fcn\u00fcn, dindar v\u0259 osmanl\u0131c\u0131 \u018frdo\u011fan\u0131n opponenti el\u0259 \u018frdo\u011fan g\u0259d\u0259r dindar v\u0259 imperial d\u00fc\u015f\u00fcnc\u0259lidir. T\u00fcrkiy\u0259nin sekulyar d\u00fc\u015f\u00fcn\u0259nl\u0259rinin sol\u00e7usunun, sa\u011f\u00e7\u0131s\u0131n\u0131n, devrim\u00e7isinin, evrim\u00e7isinin namiz\u0259di budurmu? Yoxsa art\u0131q T\u00fcrkiy\u0259d\u0259 sad\u0259c\u0259 bir c\u0259miyy\u0259t var, o da dincil\u0259rdi? Harda qald\u0131 sabahdan ax\u015fama kimi imperializm\u0259 ,feodal geriliy\u0259 qar\u015f\u0131 m\u00fcbariz\u0259 aparan sol\u00e7ular? Harda qald\u0131 Atat\u00fcrk\u00fc dilind\u0259n d\u00fc\u015f\u00fcrm\u0259yib, layikliyi \u00f6z h\u0259yat t\u0259rzi ed\u0259n ayd\u0131nlar? Hardad\u0131r G\u0259zi park\u0131nda d\u00fcnyaya meydan oxuyan devrimci g\u0259ncl\u0259r? Nec\u0259 oldu, ham\u0131n\u0131z \u018frdo\u011fan\u0131n oyununa g\u0259ldiniz? B\u0259lk\u0259 el\u0259 siz \u0259slind\u0259 dan\u0131\u015fd\u0131\u011fn\u0131z, ba\u011f\u0131rd\u0131\u011fn\u0131z q\u0259d\u0259r yox idiniz, sad\u0259c\u0259 \u018frdo\u011fan kimi birisi olmad\u0131\u011f\u0131 \u00fc\u00e7\u00fcn s\u0259siniz c\u0131x\u0131rd\u0131, r\u0259nginiz g\u00f6r\u00fcn\u00fcrd\u00fc?<\/p>\n<p>  Sekulyarl\u0131\u011f\u0131 qorumaq sad\u0259c\u0259 ordununmu i\u015fidir? Y\u0259ni bu \u00f6lk\u0259d\u0259 ordu bu durumlarda ortaya \u00e7\u0131x\u0131b, Atat\u00fcrk\u00fcn laik sistemini qorumazsa, ayd\u0131nlar, savadl\u0131 k\u0259sim bir \u015fey ed\u0259 bilm\u0259zmi?\n<\/p>\n<p>\n  Ed\u0259 bilm\u0259z, \u00e7\u00fcnki, se\u00e7kid\u0259n \u00f6nc\u0259 Ekmel\u0259ddin \u0130hsanoglunun namiz\u0259d g\u00f6st\u0259rilm\u0259si bunu g\u00f6st\u0259rdi. \u00dcmidiniz dincil\u0259rd\u0259n s\u0259s alaraq n\u0259s\u0259 elde etm\u0259kdirs\u0259, onda, t\u00fcrkl\u0259r demi\u015fk\u0259n, yaz\u0131klar olsun t\u00fcrk sekulyarlar\u0131na!\n<\/p>\n<p>\n  Sovet \u0130ttifaq\u0131 da\u011f\u0131ld\u0131qdan sonra yeni yaranan T\u00fcrkdilli cumhuriyy\u0259tl\u0259rin ham\u0131s\u0131nda bel\u0259 bir fikir vard\u0131 ki, onlar\u0131n Avropaya, m\u0259d\u0259niyy\u0259t\u0259, demokratiyaya do\u011fru inki\u015faf\u0131 T\u00fcrkiy\u0259ni \u00f6rn\u0259k alaraq ba\u015f tutacaq. Amma 25 illik sovetl\u0259rin da\u011f\u0131lmas\u0131ndan sonra tam t\u0259rsi ba\u015f verdi, t\u00fcrkdilli \u00f6lk\u0259l\u0259r T\u00fcrkiy\u0259 s\u0259viyy\u0259sin\u0259 \u00e7atmaqdansa, T\u00fcrkiy\u0259 onlar\u0131n s\u0259viyy\u0259sin\u0259 endi. \u018frdo\u011fan\u0131 Orta Asya liderl\u0259rind\u0259n he\u00e7 n\u0259 ay\u0131rm\u0131r, getdikc\u0259 onlar\u0131n s\u0259viyy\u0259sin\u0259 enir \u018frdo\u011fan. Orta Asiya lideri jurnalistin q\u0131z\u0131l di\u015fin\u0259 qar\u0131\u015f\u0131r, \u018frdo\u011fan da futbol\u00e7unun b\u0259d\u0259nind\u0259ki tatuaja irad tutur. Orta Asiya \u00f6lk\u0259l\u0259rind\u0259 getdikc\u0259 demokratiya tamamil\u0259 yox olub, prezidentl\u0259r \u00f6m\u00fcrl\u00fck olmaq ist\u0259yirs\u0259, \u018frdo\u011fan da t\u0259dric\u0259n b\u00fct\u00fcn \u00f6lk\u0259d\u0259 h\u0259r \u015feyi \u0259l\u0259 almaq ist\u0259yir&#8230;\n<\/p>\n<p>\n  Amma bir f\u0259rq var ax\u0131. T\u00fcrkiy\u0259nin azad se\u00e7ki, m\u00fcst\u0259qillik, laik cumhuriyy\u0259t ke\u00e7mi\u015fi var. Hardad\u0131r ne\u00e7\u0259 ill\u0259rin potensial\u0131? B\u0259lk\u0259, o potensial he\u00e7 yox imi\u015f? T\u00fcrkiy\u0259nin o m\u0259d\u0259ni s\u0259viyy\u0259si b\u0259lk\u0259 he\u00e7 yox imi\u015f? O demokratiya t\u0259f\u0259kk\u00fcr\u00fc yox imi\u015f? Bunlar\u0131n ham\u0131s\u0131 sad\u0259c\u0259 \u018frdo\u011fan kimi birinin meydanda olmamas\u0131 imi\u015f?\n<\/p>\n<p>\n  T\u00fcrkiy\u0259 art\u0131q T\u00fcrkdilli \u00f6lk\u0259l\u0259rin progressiv d\u00fc\u015f\u00fcn\u0259n k\u0259simi \u00fc\u00e7\u00fcn \u00f6rn\u0259k \u00f6lk\u0259 olmaqdan c\u0131x\u0131b. \u018fksin\u0259, \u00f6z\u00fc getdikc\u0259 3-c\u00fc d\u00fcnya \u00f6lk\u0259l\u0259rin\u0259 xas b\u00fct\u00fcn x\u00fcsusiy\u0259tl\u0259r\u0259 qay\u0131daraq, \u0259traf\u0131nda demokratyaya can atan c\u0259miyy\u0259tl\u0259r, xalqlara m\u0259nfi t\u0259sir ed\u0259n \u00f6lk\u0259 obraz\u0131n\u0131 sahibl\u0259nir.\n<\/p>\n<p>\n  Fikrimi bel\u0259 tamamlamaq ist\u0259yir\u0259m. Se\u00e7kil\u0259ri \u018frdo\u011fan uddu, amma uduzsayd\u0131 da, T\u00fcrkiy\u0259nin intelektual k\u0259simi anlamal\u0131d\u0131r ki, T\u00fcrkiy\u0259 sad\u0259c\u0259 \u018frdo\u011fandan can\u0131n\u0131 qurtarmal\u0131 deyil. H\u0259m d\u0259 \u018frdo\u011fan\u0131n yaratd\u0131g\u0131 obraz v\u0259 t\u0259f\u0259kk\u00fcrd\u0259n can\u0131n\u0131 qurtarmal\u0131d\u0131r.\n<\/p>\n<p>\n  O obrazdan ki, h\u0259tta muxalif\u0259tin vahid namiz\u0259dind\u0259 \u00f6z\u00fcn\u00fc biruz\u0259 verdi.\n<\/p>\n<p>\n  <b><br \/>\n    Yaz\u0131dak\u0131 fikirl\u0259r m\u00fc\u0259llif\u0259 m\u0259xsusdur v\u0259 onlara g\u00f6r\u0259 Meydan TV m\u0259suliyy\u0259t da\u015f\u0131m\u0131r.<br \/>\n  <\/b><\/p>\n","protected":false},"excerpt":{"rendered":"<p>T\u00fcrkiy\u0259- c\u0259hal\u0259t\u0259 do\u011fru iri add\u0131mlarla\u2026<\/p>\n","protected":false},"author":11,"featured_media":12953,"comment_status":"closed","ping_status":"open","sticky":false,"template":"","format":"standard","meta":{"_acf_changed":false,"_sitemap_exclude":false,"_sitemap_priority":"","_sitemap_frequency":"","footnotes":""},"categories":[57],"tags":[],"class_list":["post-164944","post","type-post","status-publish","format-standard","has-post-thumbnail","hentry","category-menim-fikrimce","infinite-scroll-item","generate-columns","tablet-grid-50","mobile-grid-100","grid-parent","grid-33","no-featured-image-padding"],"acf":[],"yoast_head":"<!-- This site is optimized with the Yoast SEO plugin v27.4 - https:\/\/yoast.com\/product\/yoast-seo-wordpress\/ -->\n<title>Yaz\u0131klar olsun t\u00fcrk sekulyarlar\u0131na! - MEYDAN.TV<\/title>\n<meta name=\"robots\" content=\"index, follow, max-snippet:-1, max-image-preview:large, max-video-preview:-1\" \/>\n<link rel=\"canonical\" href=\"https:\/\/www.meydan.tv\/az\/article\/yaziklar-olsun-turk-sekulyarlarina\/\" \/>\n<meta property=\"og:locale\" content=\"az_AZ\" \/>\n<meta property=\"og:type\" content=\"article\" \/>\n<meta property=\"og:title\" content=\"Yaz\u0131klar olsun t\u00fcrk sekulyarlar\u0131na! - MEYDAN.TV\" \/>\n<meta property=\"og:description\" content=\"T\u00fcrkiy\u0259- c\u0259hal\u0259t\u0259 do\u011fru iri add\u0131mlarla\u2026\" \/>\n<meta property=\"og:url\" content=\"https:\/\/www.meydan.tv\/az\/article\/yaziklar-olsun-turk-sekulyarlarina\/\" \/>\n<meta property=\"og:site_name\" content=\"MEYDAN.TV\" \/>\n<meta property=\"article:published_time\" content=\"2014-08-12T17:38:35+00:00\" \/>\n<meta property=\"og:image\" content=\"https:\/\/www.meydan.tv\/wp-content\/uploads\/4422.jpg\" \/>\n\t<meta property=\"og:image:width\" content=\"500\" \/>\n\t<meta property=\"og:image:height\" content=\"500\" \/>\n\t<meta property=\"og:image:type\" content=\"image\/jpeg\" \/>\n<meta name=\"author\" content=\"user-manager\" \/>\n<meta name=\"twitter:card\" content=\"summary_large_image\" \/>\n<script type=\"application\/ld+json\" class=\"yoast-schema-graph\">{\"@context\":\"https:\\\/\\\/schema.org\",\"@graph\":[{\"@type\":\"Article\",\"@id\":\"https:\\\/\\\/www.meydan.tv\\\/az\\\/article\\\/yaziklar-olsun-turk-sekulyarlarina\\\/#article\",\"isPartOf\":{\"@id\":\"https:\\\/\\\/www.meydan.tv\\\/az\\\/article\\\/yaziklar-olsun-turk-sekulyarlarina\\\/\"},\"author\":{\"name\":\"user-manager\",\"@id\":\"https:\\\/\\\/www.meydan.tv\\\/az\\\/#\\\/schema\\\/person\\\/10d11eccf6da3662cf5fdab9806ea91a\"},\"headline\":\"Yaz\u0131klar olsun t\u00fcrk sekulyarlar\u0131na!\",\"datePublished\":\"2014-08-12T17:38:35+00:00\",\"mainEntityOfPage\":{\"@id\":\"https:\\\/\\\/www.meydan.tv\\\/az\\\/article\\\/yaziklar-olsun-turk-sekulyarlarina\\\/\"},\"wordCount\":1348,\"publisher\":{\"@id\":\"https:\\\/\\\/www.meydan.tv\\\/az\\\/#organization\"},\"image\":{\"@id\":\"https:\\\/\\\/www.meydan.tv\\\/az\\\/article\\\/yaziklar-olsun-turk-sekulyarlarina\\\/#primaryimage\"},\"thumbnailUrl\":\"https:\\\/\\\/www.meydan.tv\\\/wp-content\\\/uploads\\\/4422.jpg\",\"articleSection\":[\"M\u0259nim Fikrimc\u0259\"],\"inLanguage\":\"az\"},{\"@type\":\"WebPage\",\"@id\":\"https:\\\/\\\/www.meydan.tv\\\/az\\\/article\\\/yaziklar-olsun-turk-sekulyarlarina\\\/\",\"url\":\"https:\\\/\\\/www.meydan.tv\\\/az\\\/article\\\/yaziklar-olsun-turk-sekulyarlarina\\\/\",\"name\":\"Yaz\u0131klar olsun t\u00fcrk sekulyarlar\u0131na! - MEYDAN.TV\",\"isPartOf\":{\"@id\":\"https:\\\/\\\/www.meydan.tv\\\/az\\\/#website\"},\"primaryImageOfPage\":{\"@id\":\"https:\\\/\\\/www.meydan.tv\\\/az\\\/article\\\/yaziklar-olsun-turk-sekulyarlarina\\\/#primaryimage\"},\"image\":{\"@id\":\"https:\\\/\\\/www.meydan.tv\\\/az\\\/article\\\/yaziklar-olsun-turk-sekulyarlarina\\\/#primaryimage\"},\"thumbnailUrl\":\"https:\\\/\\\/www.meydan.tv\\\/wp-content\\\/uploads\\\/4422.jpg\",\"datePublished\":\"2014-08-12T17:38:35+00:00\",\"breadcrumb\":{\"@id\":\"https:\\\/\\\/www.meydan.tv\\\/az\\\/article\\\/yaziklar-olsun-turk-sekulyarlarina\\\/#breadcrumb\"},\"inLanguage\":\"az\",\"potentialAction\":[{\"@type\":\"ReadAction\",\"target\":[\"https:\\\/\\\/www.meydan.tv\\\/az\\\/article\\\/yaziklar-olsun-turk-sekulyarlarina\\\/\"]}]},{\"@type\":\"ImageObject\",\"inLanguage\":\"az\",\"@id\":\"https:\\\/\\\/www.meydan.tv\\\/az\\\/article\\\/yaziklar-olsun-turk-sekulyarlarina\\\/#primaryimage\",\"url\":\"https:\\\/\\\/www.meydan.tv\\\/wp-content\\\/uploads\\\/4422.jpg\",\"contentUrl\":\"https:\\\/\\\/www.meydan.tv\\\/wp-content\\\/uploads\\\/4422.jpg\",\"width\":500,\"height\":500,\"caption\":\"Source:\"},{\"@type\":\"BreadcrumbList\",\"@id\":\"https:\\\/\\\/www.meydan.tv\\\/az\\\/article\\\/yaziklar-olsun-turk-sekulyarlarina\\\/#breadcrumb\",\"itemListElement\":[{\"@type\":\"ListItem\",\"position\":1,\"name\":\"Ana s\u0259hif\u0259\",\"item\":\"https:\\\/\\\/www.meydan.tv\\\/az\\\/\"},{\"@type\":\"ListItem\",\"position\":2,\"name\":\"M\u0259nim Fikrimc\u0259\",\"item\":\"https:\\\/\\\/www.meydan.tv\\\/az\\\/section\\\/menim-fikrimce\\\/\"},{\"@type\":\"ListItem\",\"position\":3,\"name\":\"Yaz\u0131klar olsun t\u00fcrk sekulyarlar\u0131na!\"}]},{\"@type\":\"WebSite\",\"@id\":\"https:\\\/\\\/www.meydan.tv\\\/az\\\/#website\",\"url\":\"https:\\\/\\\/www.meydan.tv\\\/az\\\/\",\"name\":\"MEYDAN.TV\",\"description\":\"Meydan TV Az\u0259rbaycan\u0131n media m\u0259kan\u0131ndak\u0131 alternativ s\u0259sidir\",\"publisher\":{\"@id\":\"https:\\\/\\\/www.meydan.tv\\\/az\\\/#organization\"},\"potentialAction\":[{\"@type\":\"SearchAction\",\"target\":{\"@type\":\"EntryPoint\",\"urlTemplate\":\"https:\\\/\\\/www.meydan.tv\\\/az\\\/?s={search_term_string}\"},\"query-input\":{\"@type\":\"PropertyValueSpecification\",\"valueRequired\":true,\"valueName\":\"search_term_string\"}}],\"inLanguage\":\"az\"},{\"@type\":\"Organization\",\"@id\":\"https:\\\/\\\/www.meydan.tv\\\/az\\\/#organization\",\"name\":\"Meydan TV\",\"url\":\"https:\\\/\\\/www.meydan.tv\\\/az\\\/\",\"logo\":{\"@type\":\"ImageObject\",\"inLanguage\":\"az\",\"@id\":\"https:\\\/\\\/www.meydan.tv\\\/az\\\/#\\\/schema\\\/logo\\\/image\\\/\",\"url\":\"https:\\\/\\\/www.meydan.tv\\\/wp-content\\\/uploads\\\/2021\\\/07\\\/meydan-logo.svg\",\"contentUrl\":\"https:\\\/\\\/www.meydan.tv\\\/wp-content\\\/uploads\\\/2021\\\/07\\\/meydan-logo.svg\",\"width\":195,\"height\":46,\"caption\":\"Meydan TV\"},\"image\":{\"@id\":\"https:\\\/\\\/www.meydan.tv\\\/az\\\/#\\\/schema\\\/logo\\\/image\\\/\"}},{\"@type\":\"Person\",\"@id\":\"https:\\\/\\\/www.meydan.tv\\\/az\\\/#\\\/schema\\\/person\\\/10d11eccf6da3662cf5fdab9806ea91a\",\"name\":\"user-manager\"}]}<\/script>\n<!-- \/ Yoast SEO plugin. -->","yoast_head_json":{"title":"Yaz\u0131klar olsun t\u00fcrk sekulyarlar\u0131na! - MEYDAN.TV","robots":{"index":"index","follow":"follow","max-snippet":"max-snippet:-1","max-image-preview":"max-image-preview:large","max-video-preview":"max-video-preview:-1"},"canonical":"https:\/\/www.meydan.tv\/az\/article\/yaziklar-olsun-turk-sekulyarlarina\/","og_locale":"az_AZ","og_type":"article","og_title":"Yaz\u0131klar olsun t\u00fcrk sekulyarlar\u0131na! - MEYDAN.TV","og_description":"T\u00fcrkiy\u0259- c\u0259hal\u0259t\u0259 do\u011fru iri add\u0131mlarla\u2026","og_url":"https:\/\/www.meydan.tv\/az\/article\/yaziklar-olsun-turk-sekulyarlarina\/","og_site_name":"MEYDAN.TV","article_published_time":"2014-08-12T17:38:35+00:00","og_image":[{"width":500,"height":500,"url":"https:\/\/www.meydan.tv\/wp-content\/uploads\/4422.jpg","type":"image\/jpeg"}],"author":"user-manager","twitter_card":"summary_large_image","schema":{"@context":"https:\/\/schema.org","@graph":[{"@type":"Article","@id":"https:\/\/www.meydan.tv\/az\/article\/yaziklar-olsun-turk-sekulyarlarina\/#article","isPartOf":{"@id":"https:\/\/www.meydan.tv\/az\/article\/yaziklar-olsun-turk-sekulyarlarina\/"},"author":{"name":"user-manager","@id":"https:\/\/www.meydan.tv\/az\/#\/schema\/person\/10d11eccf6da3662cf5fdab9806ea91a"},"headline":"Yaz\u0131klar olsun t\u00fcrk sekulyarlar\u0131na!","datePublished":"2014-08-12T17:38:35+00:00","mainEntityOfPage":{"@id":"https:\/\/www.meydan.tv\/az\/article\/yaziklar-olsun-turk-sekulyarlarina\/"},"wordCount":1348,"publisher":{"@id":"https:\/\/www.meydan.tv\/az\/#organization"},"image":{"@id":"https:\/\/www.meydan.tv\/az\/article\/yaziklar-olsun-turk-sekulyarlarina\/#primaryimage"},"thumbnailUrl":"https:\/\/www.meydan.tv\/wp-content\/uploads\/4422.jpg","articleSection":["M\u0259nim Fikrimc\u0259"],"inLanguage":"az"},{"@type":"WebPage","@id":"https:\/\/www.meydan.tv\/az\/article\/yaziklar-olsun-turk-sekulyarlarina\/","url":"https:\/\/www.meydan.tv\/az\/article\/yaziklar-olsun-turk-sekulyarlarina\/","name":"Yaz\u0131klar olsun t\u00fcrk sekulyarlar\u0131na! - MEYDAN.TV","isPartOf":{"@id":"https:\/\/www.meydan.tv\/az\/#website"},"primaryImageOfPage":{"@id":"https:\/\/www.meydan.tv\/az\/article\/yaziklar-olsun-turk-sekulyarlarina\/#primaryimage"},"image":{"@id":"https:\/\/www.meydan.tv\/az\/article\/yaziklar-olsun-turk-sekulyarlarina\/#primaryimage"},"thumbnailUrl":"https:\/\/www.meydan.tv\/wp-content\/uploads\/4422.jpg","datePublished":"2014-08-12T17:38:35+00:00","breadcrumb":{"@id":"https:\/\/www.meydan.tv\/az\/article\/yaziklar-olsun-turk-sekulyarlarina\/#breadcrumb"},"inLanguage":"az","potentialAction":[{"@type":"ReadAction","target":["https:\/\/www.meydan.tv\/az\/article\/yaziklar-olsun-turk-sekulyarlarina\/"]}]},{"@type":"ImageObject","inLanguage":"az","@id":"https:\/\/www.meydan.tv\/az\/article\/yaziklar-olsun-turk-sekulyarlarina\/#primaryimage","url":"https:\/\/www.meydan.tv\/wp-content\/uploads\/4422.jpg","contentUrl":"https:\/\/www.meydan.tv\/wp-content\/uploads\/4422.jpg","width":500,"height":500,"caption":"Source:"},{"@type":"BreadcrumbList","@id":"https:\/\/www.meydan.tv\/az\/article\/yaziklar-olsun-turk-sekulyarlarina\/#breadcrumb","itemListElement":[{"@type":"ListItem","position":1,"name":"Ana s\u0259hif\u0259","item":"https:\/\/www.meydan.tv\/az\/"},{"@type":"ListItem","position":2,"name":"M\u0259nim Fikrimc\u0259","item":"https:\/\/www.meydan.tv\/az\/section\/menim-fikrimce\/"},{"@type":"ListItem","position":3,"name":"Yaz\u0131klar olsun t\u00fcrk sekulyarlar\u0131na!"}]},{"@type":"WebSite","@id":"https:\/\/www.meydan.tv\/az\/#website","url":"https:\/\/www.meydan.tv\/az\/","name":"MEYDAN.TV","description":"Meydan TV Az\u0259rbaycan\u0131n media m\u0259kan\u0131ndak\u0131 alternativ s\u0259sidir","publisher":{"@id":"https:\/\/www.meydan.tv\/az\/#organization"},"potentialAction":[{"@type":"SearchAction","target":{"@type":"EntryPoint","urlTemplate":"https:\/\/www.meydan.tv\/az\/?s={search_term_string}"},"query-input":{"@type":"PropertyValueSpecification","valueRequired":true,"valueName":"search_term_string"}}],"inLanguage":"az"},{"@type":"Organization","@id":"https:\/\/www.meydan.tv\/az\/#organization","name":"Meydan TV","url":"https:\/\/www.meydan.tv\/az\/","logo":{"@type":"ImageObject","inLanguage":"az","@id":"https:\/\/www.meydan.tv\/az\/#\/schema\/logo\/image\/","url":"https:\/\/www.meydan.tv\/wp-content\/uploads\/2021\/07\/meydan-logo.svg","contentUrl":"https:\/\/www.meydan.tv\/wp-content\/uploads\/2021\/07\/meydan-logo.svg","width":195,"height":46,"caption":"Meydan TV"},"image":{"@id":"https:\/\/www.meydan.tv\/az\/#\/schema\/logo\/image\/"}},{"@type":"Person","@id":"https:\/\/www.meydan.tv\/az\/#\/schema\/person\/10d11eccf6da3662cf5fdab9806ea91a","name":"user-manager"}]}},"_links":{"self":[{"href":"https:\/\/www.meydan.tv\/az\/wp-json\/wp\/v2\/posts\/164944","targetHints":{"allow":["GET"]}}],"collection":[{"href":"https:\/\/www.meydan.tv\/az\/wp-json\/wp\/v2\/posts"}],"about":[{"href":"https:\/\/www.meydan.tv\/az\/wp-json\/wp\/v2\/types\/post"}],"author":[{"embeddable":true,"href":"https:\/\/www.meydan.tv\/az\/wp-json\/wp\/v2\/users\/11"}],"replies":[{"embeddable":true,"href":"https:\/\/www.meydan.tv\/az\/wp-json\/wp\/v2\/comments?post=164944"}],"version-history":[{"count":0,"href":"https:\/\/www.meydan.tv\/az\/wp-json\/wp\/v2\/posts\/164944\/revisions"}],"wp:featuredmedia":[{"embeddable":true,"href":"https:\/\/www.meydan.tv\/az\/wp-json\/wp\/v2\/media\/12953"}],"wp:attachment":[{"href":"https:\/\/www.meydan.tv\/az\/wp-json\/wp\/v2\/media?parent=164944"}],"wp:term":[{"taxonomy":"category","embeddable":true,"href":"https:\/\/www.meydan.tv\/az\/wp-json\/wp\/v2\/categories?post=164944"},{"taxonomy":"post_tag","embeddable":true,"href":"https:\/\/www.meydan.tv\/az\/wp-json\/wp\/v2\/tags?post=164944"}],"curies":[{"name":"wp","href":"https:\/\/api.w.org\/{rel}","templated":true}]}}