{"id":164913,"date":"2014-08-09T18:11:36","date_gmt":"2014-08-09T18:11:36","guid":{"rendered":"https:\/\/www.meydan.tv\/article\/her-seyin-zamana-ehtiyaci-var\/"},"modified":"2014-08-09T18:11:36","modified_gmt":"2014-08-09T18:11:36","slug":"her-seyin-zamana-ehtiyaci-var","status":"publish","type":"post","link":"https:\/\/www.meydan.tv\/az\/article\/her-seyin-zamana-ehtiyaci-var\/","title":{"rendered":"H\u0259r \u015feyin zamana ehtiyac\u0131 var?"},"content":{"rendered":"<figure class=\"wp-block-image size-large\">\n  <img decoding=\"async\" src=\"https:\/\/www.meydan.tv\/az\/12827\/\" alt=\"\" class=\"wp-image-12827\"\/><figcaption><\/figcaption><\/figure>\n<figure class=\"wp-block-image size-large\">\n  <img decoding=\"async\" src=\"https:\/\/www.meydan.tv\/az\/12830\/\" alt=\"\" class=\"wp-image-12830\"\/><figcaption><\/figcaption><\/figure>\n<p>\n  <b><br \/>\n    B\u0259ri ba\u015fdan etiraf edim ki, Mehriban V\u0259zirin yaz\u0131s\u0131na t\u0259\u0259cc\u00fcbl\u0259ndim. Mehriban xan\u0131mla aram\u0131zda \u00e7ox s\u0259mimi bir m\u00fcnasib\u0259t var. Bu s\u0259mimi m\u00fcnasib\u0259tin nec\u0259 yaranmas\u0131, n\u0259d\u0259n b\u0259hr\u0259l\u0259nm\u0259si haqq\u0131nda dan\u0131\u015fmayacam. H\u0259r\u00e7\u0259nd yaza bil\u0259c\u0259yim bir \u00e7ox m\u0259qamlar var. Mehriban xan\u0131m ona nec\u0259 bir s\u0259mimi h\u00f6rm\u0259t b\u0259sl\u0259diyimi yax\u015f\u0131 bilir. Biz m\u00fcxt\u0259lif m\u00f6vzularda \u00e7ox s\u00f6hb\u0259t etmi\u015fik.<br \/>\n  <\/b><\/p>\n<p>  Bir g\u00fcn\u00fc is\u0259 he\u00e7 unutmaram. R\u0259hm\u0259tlik Sabir \u018fhm\u0259dlinin sonuncu kitab\u0131n\u0131n t\u0259qdimat m\u0259rasimi idi. T\u0259qdimat m\u0259rasimi kitab evind\u0259 ke\u00e7irilirdi. Mehriban xan\u0131m \u00e7\u0131x\u0131\u015f etdiyi zaman bird\u0259n b\u0259nd\u0259nizi g\u00f6st\u0259rib dedi: &#8220;o cavan o\u011flan h\u0259mi\u015f\u0259 m\u0259nim xatirimd\u0259di, onun taleyi h\u0259mi\u015f\u0259 m\u0259ni narahat edir&#8221;.<\/p>\n<p>  Bu q\u0259fild\u0259n deyilmi\u015f s\u00f6zd\u0259n \u00e7ox t\u0259sirl\u0259ndim. Bildim ki, bu xan\u0131m h\u0259qiq\u0259t\u0259n d\u0259 m\u0259ni hiss edir. Ba\u015fqa bir g\u00fcn\u00fc d\u0259 xat\u0131rlaya bil\u0259r\u0259m. Bak\u0131ya \u00e7oxlu qar ya\u011fm\u0131\u015fd\u0131. B\u0259rk k\u00fcl\u0259k \u0259sirdi. H\u0259min o qarl\u0131-k\u00fcl\u0259kli, soyuq g\u00fcnd\u0259 Mehriban xan\u0131m z\u0259ng edib hal\u0131m\u0131-\u0259hval\u0131m\u0131, harda oldu\u011fumu soru\u015fdu. O qarl\u0131-k\u00fcl\u0259kli, soyuq havada harda oldu\u011fumu soru\u015fmas\u0131 do\u011furdan da m\u0259ni b\u0259rk t\u0259sirl\u0259ndirdi. Biz insan\u0131q. \u018ftd\u0259n, qandan ibar\u0259tik. Bizi d\u0259mird\u0259n d\u00fcz\u0259ltm\u0259yibl\u0259r. Bu kimi m\u0259qamlardan t\u0259sirl\u0259nm\u0259yimiz, bu kimi m\u0259qamlar\u0131 yadda\u015f\u0131m\u0131zda saxlama\u011f\u0131m\u0131z t\u0259biidir. T\u0259biilikd\u0259n daha \u00e7ox, bu, bir insan kimi bizim m\u0259n\u0259vi borcumuzdur. &#8220;Quqark&#8221; roman\u0131 n\u0259\u015fr olunanda Mehriban xan\u0131m roman haqq\u0131nda b\u00f6y\u00fck bir m\u0259qal\u0259 yazd\u0131 v\u0259 el\u0259 m\u0259qamlara toxundu ki, o m\u0259qamlar ba\u015fqalar\u0131n\u0131n diqq\u0259tini \u00fcmumiyy\u0259tl\u0259 \u00e7\u0259km\u0259mi\u015fdi. Biz bulvarda g\u0259z\u0259-g\u0259z\u0259, \u00e7ay i\u00e7\u0259-i\u00e7\u0259 h\u0259yat, \u0259d\u0259biyyat haqq\u0131nda \u00e7ox s\u00f6hb\u0259t etmi\u015fik. O h\u0259mi\u015f\u0259 yax\u015f\u0131l\u0131\u011f\u0131m\u0131, inki\u015faf etm\u0259yimi, u\u011fur qazanma\u011f\u0131m\u0131 s\u0259mimi q\u0259lbd\u0259n ist\u0259yib.<\/p>\n<p>  Yazd\u0131\u011f\u0131m n\u0259srin intellektual, texnika c\u0259h\u0259td\u0259n nec\u0259 kasad oldu\u011funu bilir\u0259m. Yazd\u0131qlar\u0131mda y\u00fcks\u0259k hissl\u0259r var. M\u0259nim \u00fc\u00e7\u00fcn bu g\u00fcn\u00fcn v\u0259 g\u0259l\u0259c\u0259yin he\u00e7 bir \u0259h\u0259miyy\u0259ti yoxdu. G\u0259l\u0259c\u0259kd\u0259n he\u00e7 n\u0259 g\u00f6zl\u0259mir\u0259m. Bir \u00e7ox yazarlar kimi g\u0259l\u0259c\u0259kd\u0259 ba\u015fa d\u00fc\u015f\u0259rl\u0259r dey\u0259r\u0259k \u00f6z\u00fcm\u0259 aciz t\u0259s\u0259lli vermir\u0259m. H\u0259ssas v\u0259 hissiyyatl\u0131 adamlar n\u0259 yazd\u0131qlar\u0131m\u0131n f\u0259rqind\u0259dirl\u0259r. N\u0259srd\u0259 intellekt, texnika, oyun axtaranlar yazd\u0131qlar\u0131m\u0131 oxumasalar yax\u015f\u0131d\u0131. Onsuz da onlar orda he\u00e7 n\u0259 tapmayacaqlar. Onlar\u0131n t\u0259nqidl\u0259rind\u0259n, iradlar\u0131ndan bir qram da incimir\u0259m. D\u00fcstur \u00e7ox sad\u0259di. Hissiyatl\u0131 adamlar ba\u015fa d\u00fc\u015f\u00fcrl\u0259r. Mehriban xan\u0131m h\u0259ssas v\u0259 hissiyyatl\u0131 bir insan oldu\u011fu \u00fc\u00e7\u00fcn n\u0259 yazd\u0131\u011f\u0131m\u0131n f\u0259rqind\u0259di. M\u0259hz bu kimi s\u0259b\u0259bl\u0259rd\u0259n Mehriban xan\u0131m\u0131n yaz\u0131s\u0131na xeyli t\u0259\u0259cc\u00fcbl\u0259ndim. O m\u0259n\u0259 m\u0259ktub da yaza bil\u0259rdi. G\u00f6r\u00fc\u015f\u00fcb s\u00f6hb\u0259t d\u0259 ed\u0259 bil\u0259rdik v\u0259 Mehriban xan\u0131m iradlar\u0131n\u0131 birba\u015fa \u00fcz\u00fcm\u0259 dey\u0259 bil\u0259rdi. Rast ki, Mehriban xan\u0131m iradlar\u0131n\u0131 yaz\u0131 formas\u0131nda ifad\u0259 edib, o zaman m\u0259n d\u0259 \u00f6z fikirl\u0259rimi yaz\u0131 formas\u0131nda ifad\u0259 etm\u0259k q\u0259rar\u0131na g\u0259ldim.<\/p>\n<p>  \u018fvv\u0259la Mehriban xan\u0131m\u0131n dediyi kimi g\u00fcc\u00fcn xidm\u0259tind\u0259 dayanmam\u0131\u015fam. Yaz\u0131lar\u0131m\u0131n hans\u0131 saytlarda yerl\u0259\u015fdirilm\u0259si bu c\u00fcr ittihama s\u0259b\u0259b ola bilm\u0259z. H\u0259r k\u0259s \u00f6z yaz\u0131s\u0131na cavabdehdi. O saytlarda n\u0259 yaz\u0131rlar, n\u0259 pozurlar \u00f6zl\u0259ri bil\u0259rl\u0259r. Mehriban xan\u0131m\u0131n s\u00f6z\u00fcnd\u0259n bel\u0259 \u00e7\u0131x\u0131r ki, h\u0259yatda \u0259ziyy\u0259t \u00e7\u0259kdiyim \u00fc\u00e7\u00fcn El\u00e7ib\u0259y haqq\u0131nda t\u0259nqidi yaz\u0131 yazm\u0131\u015fam. H\u0259yatda \u00e7\u0259kdiyim \u0259zablar\u0131, \u0259ziyy\u0259tl\u0259ri bir n\u00f6v t\u00f6hm\u0259t kimi s\u0259sl\u0259ndirir. B\u0259s yax\u015f\u0131, \u00f6z h\u0259yat\u0131m\u0131 da yazmay\u0131b n\u0259d\u0259n yazmal\u0131 idim? Dig\u0259rl\u0259ri kimi g\u00fcld\u0259n, b\u00fclb\u00fcld\u0259n, dov\u015fandan, t\u00fclk\u00fcd\u0259n b\u0259hs ed\u0259n na\u011f\u0131llar yazmal\u0131 idim? Yoxsa s\u00fcni, dekorativ, reall\u0131qdan uzaq, saxta hekay\u0259l\u0259r uydurmal\u0131 idim? \u00d6z yaz\u0131ma cavabdeh\u0259m v\u0259 h\u0259r bir tribunadan s\u00f6z\u00fcm\u00fc dem\u0259yin t\u0259r\u0259fdar\u0131yam. \u0130kincisi, lap \u0259g\u0259r tutaq ki, g\u00fccd\u0259n qorxub g\u00fcc\u0259 xidm\u0259t edir\u0259ms\u0259, bu he\u00e7 d\u0259 \u018fb\u00fclf\u0259z El\u00e7ib\u0259yi siyas\u0259t meydan\u0131ndan do\u011fuldu\u011fu k\u0259nd\u0259 qa\u00e7mas\u0131na haqq qazand\u0131ra bilm\u0259z. Lap \u0259g\u0259r g\u00fcc\u0259 xidm\u0259t g\u00f6st\u0259rir\u0259ms\u0259, bu El\u00e7ib\u0259yi m\u0259suliyy\u0259td\u0259n xilas etmir. Xalq h\u0259r\u0259kat\u0131n\u0131n lideri d\u0259 k\u0259ndin\u0259 qa\u00e7arm\u0131? B\u0259li, bir daha t\u0259krar edir\u0259m, El\u00e7ib\u0259y \u00f6z\u00fcn\u00fc v\u0259 davam\u00e7\u0131lar\u0131n\u0131 biab\u0131r\u00e7\u0131l\u0131qdan x\u0259cal\u0259td\u0259n xilas etm\u0259si \u00fc\u00e7\u00fcn intihar etm\u0259li idi. H\u0259yat\u0131n el\u0259 anlar\u0131 var ki, insan \u00f6z yolunun h\u0259qiqiliyini \u00f6l\u00fcm\u00fc il\u0259 s\u00fcbut etm\u0259lidi. Belinskinin t\u0259birinc\u0259 des\u0259m, \u0130sa pey\u011f\u0259m\u0259r \u00f6z h\u0259qiq\u0259tini \u00f6z iztirablar\u0131 il\u0259 m\u00f6h\u00fcrl\u0259di. Bu nec\u0259 lider, nec\u0259 \u015f\u0259xsiyy\u0259t, nec\u0259 m\u00fct\u0259f\u0259kkirdi ki, onun \u0259traf\u0131ndak\u0131lar\u0131n\u0131n, davam\u00e7\u0131lar\u0131n\u0131n \u00e7oxu m\u00f6vcud g\u00fcc\u00fcn t\u0259r\u0259nn\u00fcm\u00e7\u00fcl\u0259rin\u0259 \u00e7evrildil\u0259r. Mehriban xan\u0131m\u0131n s\u00f6z\u00fcnd\u0259n bel\u0259 \u00e7\u0131x\u0131r ki, hakimiyy\u0259td\u0259n qorxuram v\u0259 buna g\u00f6r\u0259 d\u0259 m\u00fcxalif\u0259ti t\u0259nqid etm\u0259kd\u0259y\u0259m. B\u0259li, hakimiyy\u0259td\u0259n qorxuram. Bunu etiraf edir\u0259m. \u0130dar\u0259 ed\u0259nl\u0259rin kiml\u0259r oldu\u011funu yax\u015f\u0131 ba\u015fa d\u00fc\u015f\u00fcr\u0259m. \u0130nsanlar\u0131 \u00e7\u00f6r\u0259kl\u0259 imtahana \u00e7\u0259k\u0259nl\u0259rd\u0259n qorxmaqda g\u00fcnah i\u015f tutdu\u011fumu d\u00fc\u015f\u00fcnm\u00fcr\u0259m. He\u00e7 kim m\u0259nd\u0259n q\u0259hr\u0259manl\u0131q g\u00f6zl\u0259m\u0259sin. \u018fg\u0259r sabah n\u0259s\u0259 s\u0259hv\u0259 yol vers\u0259m v\u0259 bu s\u0259hv kiml\u0259rins\u0259 xo\u015funa g\u0259lm\u0259s\u0259 y\u0259qin ki, \u00f6lk\u0259 tarixind\u0259 \u0259n yaltaq m\u00fcraci\u0259tl\u0259r yazaraq, \u0259fv olunma\u011f\u0131m, ba\u011f\u0131\u015flan\u0131lma\u011f\u0131m \u00fc\u00e7\u00fcn g\u00f6z ya\u015flar\u0131 ax\u0131dacam.<\/p>\n<p>  Az\u0259rbaycanl\u0131lar\u0131n h\u0259qiq\u0259t\u0259n d\u0259 s\u0259mimiyy\u0259t problemi var. Soru\u015fanda ki, filank\u0259sl\u0259rin ad\u0131n\u0131 yaz\u0131nda niy\u0259 \u00e7\u0259kmirs\u0259n, deyir\u0259m, qorxuram. \u0130nanm\u0131rlar. Deyirl\u0259r, niy\u0259 Avropaya getmirs\u0259n. Deyir\u0259m, Avropa m\u0259n\u0259 maraql\u0131 deyil, postsovet \u00f6lk\u0259l\u0259rind\u0259 g\u0259zm\u0259k daha maraql\u0131d\u0131. \u0130nanm\u0131rlar. Bir h\u0259ft\u0259 \u0259vv\u0259l kafed\u0259 oturmu\u015fdum. Ofisiant soru\u015fdu:<\/p>\n<p>  &#8211; Yem\u0259k xo\u015funa g\u0259lm\u0259di?<\/p>\n<p>  &#8211; G\u0259ldi<\/p>\n<p>  &#8211; Hiss olunmur.<\/p>\n<p>  &#8211; Yox, sad\u0259c\u0259 k\u0259d\u0259rliy\u0259m. H\u0259yat al\u0131nm\u0131r.<\/p>\n<p>  &#8211; \u0130nanm\u0131ram. Zarafat edirs\u0259n.<\/p>\n<p>  Bel\u0259di, adamlara s\u00f6z\u00fcn d\u00fcz\u00fcn\u00fc deyirs\u0259n, el\u0259 bilirl\u0259r zarafat edirs\u0259n. S\u0259mimiyy\u0259t haqq\u0131nda monoloqumuzu bitirib m\u00f6vzumuza qay\u0131daq. B\u0259li, hakimiyy\u0259td\u0259n qorxuram, amma bu qorxu m\u00fcxalif\u0259ti m\u0259suliyy\u0259td\u0259n azad etmir. M\u00f6vcud hakimiyy\u0259tin \u00f6mr\u00fcn\u00fcn uzanmas\u0131nda m\u00fcxalif\u0259tin m\u00fcst\u0259sna xidm\u0259tl\u0259ri var. Onlar xalq\u0131n maraqlar\u0131n\u0131 \u00f6z c\u0131l\u0131z ist\u0259kl\u0259rind\u0259n \u00fcst\u00fcn tuta bilm\u0259dil\u0259r. Onlar bir-birl\u0259rin\u0259 g\u00f6st\u0259rdikl\u0259ri nifr\u0259ti hakimiyy\u0259t\u0259 qar\u015f\u0131 g\u00f6st\u0259r\u0259 bilm\u0259dil\u0259r. C\u0259bh\u0259\u00e7il\u0259rin m\u00fcsavat\u00e7\u0131lara, \u018fli K\u0259rimlinin \u0130sa Q\u0259mb\u0259r\u0259, yaxud m\u00fcsavat\u00e7\u0131lar\u0131n c\u0259bh\u0259\u00e7il\u0259r\u0259, \u0130sa Q\u0259mb\u0259rin \u018fli K\u0259rimliy\u0259 daxili nifr\u0259ti hakimiyy\u0259t\u0259 qar\u015f\u0131 nifr\u0259tl\u0259rind\u0259n daha d\u0259rin v\u0259 daha s\u0259mimidi. Onlar partiyalar\u0131 firma kimi idar\u0259 etdil\u0259r v\u0259 etm\u0259kd\u0259dirl\u0259r. H\u0259r \u015feyi qoyuram bir k\u0259nara, \u0259g\u0259r onlar xalq\u0131n m\u0259nafeyini \u00fcst\u00fcn tutaraq birl\u0259\u015f\u0259 bilmirl\u0259rs\u0259, dem\u0259li onlar \u00fc\u00e7\u00fcn \u00f6z \u015f\u0259xsi m\u0259nafel\u0259ri xalq\u0131n m\u0259nafel\u0259rind\u0259n daha \u00fcst\u00fcnd\u00fc. Bu zaman nec\u0259 onlar\u0131n s\u0259mimiyy\u0259tin\u0259 inanmaq olar? Bizim m\u00fcxalif\u0259t liderinin verdiyi ba\u015fsa\u011fl\u0131\u011f\u0131 ona yax\u0131n q\u0259zetd\u0259 ba\u015fqalar\u0131n\u0131n ba\u015fsa\u011fl\u0131\u011f\u0131ndan b\u00f6y\u00fck \u015friftl\u0259 d\u0259rc olunur. Yax\u015f\u0131, tutaq ki, ona p\u0259r\u0259sti\u015f ed\u0259nl\u0259r h\u0259r f\u00fcrs\u0259td\u0259 \u00f6z p\u0259r\u0259sti\u015fini n\u00fcmayi\u015f etdirm\u0259k ist\u0259yirl\u0259r, b\u0259s o adam \u00f6z\u00fc niy\u0259 bunun qar\u015f\u0131s\u0131n\u0131 alm\u0131r? Niy\u0259 demir ki, bel\u0259 olmaz. B\u00fctp\u0259r\u0259stlik etm\u0259yin. Niy\u0259 demirl\u0259r ki, b\u0259sdirin m\u0259n\u0259 p\u0259r\u0259sti\u015f etdiniz. Bizim m\u00fcxalif\u0259t liderinin d\u0259 \u00f6vlad\u0131 Londonda d\u00fcnyaya g\u0259lir, oliqarxlar\u0131m\u0131z\u0131n da. F\u0259rq var? F\u0259rq yoxdursa o zaman n\u0259yin davas\u0131n\u0131 apar\u0131rlar? Niy\u0259 adamlar\u0131 iyirmi ildi avara edib \u00e7\u00f6ll\u0259r\u0259 sal\u0131blar? Bu g\u00fcn\u0259 q\u0259d\u0259r v\u0259ziyy\u0259t a\u011f\u0131rd\u0131, ay se\u00e7ki ilidi, ay h\u0259ssas m\u0259qamd\u0131 deyib susmu\u015fuq, onlar\u0131n hoqqalar\u0131na d\u00f6zm\u00fc\u015f\u00fck. Susanda da bel\u0259 olur. Onlar arxay\u0131nla\u015f\u0131rlar. M\u00fcxalif\u0259tin vahid namiz\u0259di C\u0259mil H\u0259s\u0259nli utanmadan deyir ki, Anar m\u0259nim \u00fc\u00e7\u00fcn d\u0259y\u0259rdi, Anar m\u0259nim dostumdu. \u018fg\u0259r Anar C\u0259mil H\u0259s\u0259nli \u00fc\u00e7\u00fcn d\u0259y\u0259rdis\u0259 b\u0259s o zaman n\u0259yin davas\u0131 gedir? C\u0259mil H\u0259s\u0259nli harda daha s\u0259mimidi? Monarxiyaya qar\u015f\u0131 m\u00fcbariz\u0259 aparmaqda yoxsa d\u00f6vl\u0259t b\u00fcdc\u0259sind\u0259n maliyy\u0259l\u0259\u015f\u0259n bir t\u0259\u015fkilat\u0131 \u00f6z firmas\u0131 kimi idar\u0259 ed\u0259n Anar\u0131 d\u0259y\u0259r hesab etm\u0259kd\u0259? Hardan bilim ki, \u0259g\u0259r sabah bird\u0259n Allah el\u0259m\u0259mi\u015f kimi C\u0259mil H\u0259s\u0259nli hakimiyy\u0259t\u0259 g\u0259ls\u0259, dostu Anar\u0131n bir xahi\u015fi il\u0259 m\u0259ni s\u00fcrg\u00fcn etdirm\u0259y\u0259c\u0259k. M\u00fcxalif\u0259tin vahid lideri hakimiyy\u0259tin s\u00fctunlar\u0131ndan biri olan t\u0259\u015fkilat\u0131n r\u0259hb\u0259rin\u0259 dostum, d\u0259y\u0259rim deyirs\u0259, bu qorxunun yaranmas\u0131n\u0131 t\u0259bii qar\u015f\u0131lamal\u0131s\u0131n\u0131z.<\/p>\n<p>  Haqq\u0131mda \u0259n pis yaz\u0131lar\u0131 m\u00fcxalif\u0259t yazarlar\u0131 yaz\u0131blar. He\u00e7 kimd\u0259n qisas alm\u0131ram. Sad\u0259c\u0259 h\u0259rd\u0259n g\u00f6st\u0259rir\u0259m ki, siz siyas\u0259t\u00e7i deyilsiniz. Siz prinsipsiz, t\u0259nb\u0259l, molladan, meyxanadan, xal\u00e7adan, mu\u011famdan, mentalitetd\u0259n qorxan adamlars\u0131n\u0131z. Qoy indi d\u0259y\u0259r hesab etdikl\u0259ri Anar onlar\u0131 qorusun. Bu adamlarin hakimiyy\u0259t\u0259 g\u0259l\u0259 bilm\u0259dikl\u0259rini ba\u015fa d\u00fc\u015fd\u00fck, he\u00e7 olmasa \u0259ll\u0259rind\u0259 olan imkanlarla s\u00fcbut etsinl\u0259r ki, b\u0259li, neft \u00f6lk\u0259sind\u0259 ya\u015fay\u0131r\u0131q, Avropa nefti al\u0131b demokratiyaya t\u00fcp\u00fcr\u00fcb, ziyal\u0131lar t\u0259qa\u00fcd al\u0131b susub, xalq yat\u0131b, amma bax\u0131n biz do\u011furdan da demokrat\u0131q. N\u0259 g\u00fcnd\u0259di onlar\u0131n q\u0259zetl\u0259ri? Zat\u0259n o q\u0259zetl\u0259ri v\u0259r\u0259ql\u0259y\u0259nd\u0259 bu adamlar\u0131n hans\u0131 t\u0259f\u0259kk\u00fcr yiy\u0259si olduqlar\u0131 ortaya \u00e7\u0131x\u0131r. Siz m\u0259n\u0259 t\u0259f\u0259kk\u00fcr\u00fc Siyavu\u015f Novruzovun t\u0259f\u0259kk\u00fcr\u00fcnd\u0259n f\u0259rql\u0259n\u0259n on m\u00fcxalif\u0259t\u00e7i ad\u0131 sadalay\u0131n bu s\u00f6hb\u0259ti bitir\u0259k. Yoxdu. \u018fg\u0259r t\u0259f\u0259kk\u00fcr\u00fc Siyavu\u015f Novruzovun t\u0259f\u0259kk\u00fcr\u00fcnd\u0259n f\u0259rql\u0259n\u0259n on m\u00fcxalif\u0259t\u00e7i yoxdursa o zaman b\u00fct\u00fcn bu davalar n\u0259 \u00fc\u00e7\u00fcnd\u00fc? Bu bar\u0259d\u0259<br \/>\n  <b><br \/>\n    <i><br \/>\n      <a href=\"\/az\/article\/edebiyyatimizin-ve-siyasetimizin-seyx-nesrullahlari\/\" target=\"_blank\" rel=\"noopener\"><br \/>\n        \u201c\u018fd\u0259biyat\u0131m\u0131z\u0131n v\u0259 siyas\u0259timizin \u015eeyx N\u0259srullahlar\u0131\u201d<br \/>\n      <\/a><br \/>\n      ,<br \/>\n      <a href=\"http:\/\/kultura.az\/articles.php?item_id=20131203045325690&amp;sec_id=25\" target=\"_blank\" rel=\"noopener\"><br \/>\n        \u201cKlassik m\u00fcxalif\u0259tin sonu\u201d<br \/>\n      <\/a><br \/>\n      ,<br \/>\n      <a href=\"http:\/\/www.reytinqinfo.az\/component\/k2\/item\/7-m%C3%BCxalif%C9%99tin-q%C4%B1%C5%9F,-yaz,-yay,-pay%C4%B1z-yuxusu.html\" target=\"_blank\" rel=\"noopener\"><br \/>\n        \u201cM\u00fcxalif\u0259tin q\u0131\u015f yuxusu\u201d<br \/>\n      <\/a><br \/>\n    <\/i><br \/>\n  <\/b><br \/>\n  adl\u0131 yaz\u0131lar yazm\u0131\u015fam. T\u0259z\u0259d\u0259n dastan a\u00e7maq ist\u0259mir\u0259m&#8230;<\/p>\n<p>  \u018fb\u00fclf\u0259z El\u00e7ib\u0259yin \u015f\u00fcbh\u0259li v\u0259 qaranl\u0131q ke\u00e7mi\u015fi haqda dan\u0131\u015fmasaq yax\u015f\u0131d\u0131. Sad\u0259liyi (lap tutaq ki, bel\u0259 olub) v\u0259 yax\u015f\u0131 adam olmas\u0131 El\u00e7ib\u0259yi he\u00e7 c\u00fcr m\u0259suliyy\u0259td\u0259n azad etmir. Bizim m\u0259h\u0259ll\u0259d\u0259 d\u0259 xeyli yax\u015f\u0131 o\u011flan var. \u00d6lk\u0259miz yax\u015f\u0131 o\u011flanlarla z\u0259ngindir. Qara kurtka geyinib, &#8220;Kurtlar Vadisi&#8221; serial\u0131ndan v\u0259cd\u0259 g\u0259l\u0259nl\u0259r d\u0259 \u00f6z\u00fcn\u00fc yax\u015f\u0131 o\u011flanlar hesab edirl\u0259r. Lap tataq ki, El\u00e7ib\u0259y h\u0259dsiz d\u0259r\u0259c\u0259d\u0259 yax\u015f\u0131 insan idi. Bunun m\u0259s\u0259l\u0259y\u0259 n\u0259 d\u0259xli var? Adam \u0259traf\u0131n\u0131, d\u00f6vl\u0259ti, xalq\u0131 taleyin \u00fcmidin\u0259 buraxaraq, siyas\u0259t meydan\u0131ndan k\u0259ndin\u0259 qa\u00e7\u0131b. Biz bu haqda dan\u0131\u015f\u0131r\u0131q, s\u00f6hb\u0259t bundan gedir. Ay El\u00e7ib\u0259y i\u015f\u0131\u011f\u0131 bel\u0259 getdi, El\u00e7ib\u0259y z\u0259kas\u0131 el\u0259 getdi&#8230; \u015e\u0259xs\u0259n m\u0259n bu c\u00fcr s\u00f6hb\u0259tl\u0259rd\u0259n kifay\u0259t q\u0259d\u0259r doymu\u015fam. Zaman\u0131nda \u00e7ox b\u0259sit, baya\u011f\u0131 yaz\u0131lar yazm\u0131\u015fam. Utanm\u0131ram o yaz\u0131lardan. \u0130nsan inki\u015faf edir. Oxuyur, t\u0259cr\u00fcb\u0259 qazan\u0131r, q\u0259l\u0259mi p\u00fcxt\u0259l\u0259\u015fir. B\u00fct\u00fcn bunlar onun yazd\u0131qlar\u0131na t\u0259sir edir. O adam ki, tam olaraq yaratd\u0131\u011f\u0131ndan, \u00e7\u0259kdiyind\u0259n, b\u0259st\u0259l\u0259diyind\u0259n, yazd\u0131\u011f\u0131ndan raz\u0131d\u0131r, o adam\u0131n dem\u0259li ba\u015f\u0131 xarab olub. \u0130talyan rejissoru Paolo Pozzalinin s\u0259hv etmir\u0259ms\u0259 \u201cDekameron\u201d filmind\u0259 bu m\u0259s\u0259l\u0259y\u0259 g\u00f6z\u0259l ayd\u0131nl\u0131q g\u0259tirilib. \u015eagirdl\u0259ri, adamlar r\u0259ssam\u0131, bel\u0259 dey\u0259k masteri i\u015fini bitirdiyin\u0259 g\u00f6r\u0259 t\u0259brik edirl\u0259r. \u00c7ax\u0131r s\u00fcz\u00fcrl\u0259r bad\u0259l\u0259r\u0259. Lakin r\u0259ssam \u00f6z\u00fc k\u0259d\u0259rlidi. O \u00f6z\u00fc bilir ki, i\u015fi ist\u0259diyi kimi al\u0131nmay\u0131b. Vaxt\u0131nda yazd\u0131\u011f\u0131m baya\u011f\u0131 yaz\u0131lardan utanm\u0131ram. Bel\u0259 d\u0259 olmal\u0131 idi. O vaxtdan \u00e7ox \u015fey d\u0259yi\u015fib. Lakin El\u00e7ib\u0259y haqq\u0131nda yazd\u0131\u011f\u0131m<br \/>\n  <i><br \/>\n    <b><br \/>\n      <a href=\"http:\/\/www.azadliq.org\/content\/article\/24275827.html\" target=\"_blank\" rel=\"noopener\"><br \/>\n        \u201cDon Kixot\u201d<br \/>\n      <\/a><br \/>\n    <\/b><br \/>\n  <\/i><br \/>\n  yaz\u0131s\u0131na g\u00f6r\u0259 pe\u015fmanam. \u00d6z\u00fc d\u0259 h\u0259dsiz d\u0259r\u0259c\u0259d\u0259 pe\u015fmanam.<\/p>\n<p>  Deyirsiniz ki, xalq h\u0259r\u0259kat\u0131 zaman\u0131 \u018fkr\u0259m \u018fylisli k\u0259narda dayanm\u0131\u015fd\u0131. Niy\u0259 bunu laqeydlik kimi yozursunuz, laqeydlik kimi q\u0259bul edirsiniz? B\u0259lk\u0259 \u018fkr\u0259m \u018fylisli bir ay\u0131q adam kimi b\u00fct\u00fcn o mitinql\u0259rin, \u00e7\u0131x\u0131\u015flar\u0131n, \u015f\u00fcarlar\u0131n m\u0259nas\u0131zl\u0131\u011f\u0131n\u0131 anlay\u0131rd\u0131? B\u0259y\u0259m \u018fkr\u0259m \u018fylisli d\u0259 m\u00fctl\u0259q ba\u015f\u0131na bint ba\u011flay\u0131b tribunaya \u00e7\u0131xaraq camaata na\u011f\u0131llar dan\u0131\u015fmal\u0131 idi?<\/p>\n<p>  El\u00e7ib\u0259y k\u00fctl\u0259ni son d\u0259r\u0259c\u0259 q\u0131z\u0131\u015fd\u0131rm\u0131\u015f, k\u00fctl\u0259ni arzularla co\u015fdurmu\u015f v\u0259 \u00f6z\u00fcn\u00fc bu arzular\u0131 h\u0259yata ke\u00e7ir\u0259 bil\u0259c\u0259k adam kimi g\u00f6st\u0259rmi\u015fdi. Onun \u015f\u00f6hr\u0259tini yaradan onun q\u0259hr\u0259manl\u0131\u011f\u0131 deyildi, daha \u00e7ox \u0259traf\u0131ndak\u0131 adamlar\u0131n ona korkoran\u0259 inam\u0131 idi. B\u00f6y\u00fck \u015f\u00f6hr\u0259t qazanmaq \u00fc\u00e7\u00fcn t\u0259kc\u0259 b\u00f6y\u00fck v\u0259 parlaq i\u015fl\u0259r g\u00f6rm\u0259k kifay\u0259t el\u0259mir. Daimi car\u00e7\u0131lar, korkoran\u0259 s\u0259daq\u0259t g\u00f6st\u0259r\u0259n adamlar da laz\u0131md\u0131. G\u0259r\u0259k onlar s\u0259nin b\u00f6y\u00fckl\u00fcy\u00fcn\u0259 inans\u0131nlar, s\u0259nin na\u011f\u0131llar\u0131n onlar\u0131n g\u00f6zl\u0259rini ba\u011flas\u0131n. Bu car\u00e7\u0131lar q\u0259hr\u0259man\u0131 t\u0259rifl\u0259dikd\u0259 bir sevinc duyurlar. \u00c7\u00fcnki q\u0259hr\u0259man\u0131 parladan \u015f\u00f6hr\u0259tin i\u015f\u0131\u011f\u0131 onlar\u0131n da \u00fcst\u00fcn\u0259 d\u00fc\u015f\u00fcr. Q\u0259hr\u0259man s\u00f6z\u00fcnd\u0259n qorxmuram, q\u0259hr\u0259man s\u00f6z\u00fc ya\u015famaq \u00fc\u00e7\u00fcn tam h\u00fcquqa malikdi. \u00d6z\u00fc d\u0259 b\u00fct\u00fcn zamanlarda. Sevgi, m\u0259h\u0259bb\u0259t, m\u0259rh\u0259m\u0259t, yax\u015f\u0131l\u0131q, ki\u015filik, q\u0259hr\u0259manl\u0131q h\u0259r zaman olub, indi d\u0259 var v\u0259 h\u0259r zaman da olacaq. B\u0259zi naqis adamlar \u00fcz\u0259rl\u0259rin\u0259 d\u00fc\u015f\u0259n insani m\u0259suliyy\u0259tl\u0259rd\u0259n yaxa qurtarmaqdan \u00f6tr\u00fc deyirl\u0259r ki, indi sevgi yoxdu, indi dostluq yoxdu, indi yax\u015f\u0131l\u0131q yoxdu. Var. Sev\u0259 bilmirs\u0259ns\u0259, dostluq ed\u0259 bilmirs\u0259ns\u0259, yax\u015f\u0131l\u0131q ed\u0259 bilmirs\u0259ns\u0259, bu s\u0259nin problemindi, sevginin problemi deyil. G\u00fcnah\u0131 \u00f6z\u00fcnd\u0259 axtar. \u00d6z naqislikl\u0259rin\u0259 g\u00f6r\u0259 insani d\u0259y\u0259rl\u0259r\u0259 \u015f\u0259r atma. Lakin biz q\u0259hr\u0259manl\u0131q, sevgi, yax\u015f\u0131l\u0131q s\u00f6zl\u0259rinin h\u0259qiqi m\u0259nas\u0131n\u0131n n\u0259d\u0259n ibar\u0259t oldu\u011funu d\u0259qiq bilm\u0259liyik. Camaat\u0131, d\u00f6vl\u0259ti, \u0259traf\u0131ndak\u0131lar\u0131 taleyin \u00fcmidin\u0259 burax\u0131b gedib k\u0259ndd\u0259 Y\u0259m\u0259n t\u00fcrk\u00fcs\u00fc oxuyub a\u011flamaq, adamlara na\u011f\u0131llar dan\u0131\u015fmaq sevgi v\u0259 q\u0259hr\u0259manl\u0131q dem\u0259k deyil. El\u00e7ib\u0259y \u00f6z \u0259fsan\u0259l\u0259rin\u0259 inan\u0131rd\u0131. \u00c7\u00fcnki bu \u0259fsan\u0259l\u0259ri \u00f6z\u00fc yarad\u0131rd\u0131, \u00f6z\u00fc qura\u015fd\u0131r\u0131rd\u0131, \u00f6z\u00fc b\u0259z\u0259yirdi. Kimd\u0259 o g\u00fcc var ki, \u00f6z qura\u015fd\u0131rd\u0131\u011f\u0131 \u0259fsan\u0259l\u0259r\u0259, na\u011f\u0131llara inanmas\u0131n. Onun o vaxt dan\u015f\u0131d\u0131qlar\u0131n\u0131 indi u\u015fa\u011fa dan\u0131\u015fsan, u\u015faq yer\u0259 y\u0131x\u0131l\u0131b qarn\u0131n tutub g\u00fclm\u0259kd\u0259n \u00f6l\u0259r. Halbuki adamlar o vaxt bu s\u00f6zl\u0259rd\u0259n h\u0259dsiz d\u0259r\u0259c\u0259d\u0259 v\u0259cd\u0259 g\u0259l\u0259r\u0259k co\u015furdular. \u0130ndi balaca bir u\u015fa\u011fa des\u0259n ki, biz gedib \u00c7in\u0259 t\u00fcrk bayra\u011f\u0131 taxacay\u0131q, u\u015fa\u011f\u0131n g\u00fclm\u0259kd\u0259n \u00fcr\u0259yi ged\u0259r. \u00c7\u00fcnki indi h\u0259tta balaca u\u015faq da bilir ki, b\u00fct\u00fcn d\u00fcnya \u00c7inin qar\u015f\u0131s\u0131nda aciz v\u0259ziyy\u0259td\u0259 qal\u0131b. Bu kimi \u00e7ox misallar \u00e7\u0259km\u0259k olar. Eyni na\u011f\u0131llar\u0131 Qamsaxurdiya da G\u00fcrc\u00fcstanda g\u00fcrc\u00fc xalq\u0131na dan\u0131\u015f\u0131rd\u0131. N\u0259tic\u0259si m\u0259lumdu. Qamsaxurdiya bu na\u011f\u0131llarla g\u00fcrc\u00fc xalq\u0131n\u0131 el\u0259 bir b\u0259laya soxdu ki, n\u0259 vaxt \u00e7\u0131xacaqlar\u0131n\u0131 t\u0259k olan Allah bilir. M\u0259\u015fhur g\u00fcrc\u00fc filosofu Merab Mamarda\u015fvili demi\u015fdi- \u201c\u0435\u0441\u043b\u0438 \u043c\u043e\u0439 \u043d\u0430\u0440\u043e\u0434 \u0432\u044b\u0431\u0435\u0440\u0435\u0442 \u0413\u0430\u043c\u0441\u0430\u0445\u0443\u0440\u0434\u0438\u044f, \u0442\u043e \u044f \u0431\u0443\u0434\u0443 \u043f\u0440\u043e\u0442\u0438\u0432 \u0441\u0432\u043e\u0435\u0433\u043e \u043d\u0430\u0440\u043e\u0434\u0430\u201d (&#8220;\u018fg\u0259r m\u0259nim xalq\u0131m Qamsaxurdiyan\u0131 se\u00e7s\u0259, onda m\u0259n xalq\u0131ma qar\u015f\u0131 olacam&#8221; &#8211; t\u0259r). Onda bel\u0259 \u00e7\u0131x\u0131r ki, o boyda filosofu \u00f6z xalq\u0131n\u0131n azadl\u0131q h\u0259r\u0259kat\u0131na qo\u015fulmad\u0131\u011f\u0131na g\u00f6r\u0259 k\u0259skin \u015f\u0259kild\u0259 q\u0131namaq laz\u0131m idi. Xeyr, Mamarda\u015fvili b\u00fct\u00fcn bu h\u0259ngam\u0259l\u0259rin n\u0259yl\u0259 n\u0259tic\u0259l\u0259n\u0259c\u0259yini t\u0259xmin edirdi. Yeri g\u0259lmi\u015fk\u0259n, Qamsaxurdiya da sovet d\u00f6vr\u00fcnd\u0259 El\u00e7ib\u0259y kimi h\u0259bs olunmu\u015fdu v\u0259 televiziyaya \u00e7\u0131x\u0131b \u00f6z h\u0259r\u0259k\u0259tl\u0259rin\u0259 g\u00f6r\u0259 pe\u015fman oldu\u011funu bildirmi\u015fdi.<\/p>\n<p>  B\u0259zi adamlarda cazib\u0259 q\u00fcvv\u0259si b\u00f6y\u00fck olur. \u00c7ox adam bu cazib\u0259 q\u00fcvv\u0259sinin t\u0259siri alt\u0131na d\u00fc\u015f\u00fcr. Bununla bel\u0259 bu t\u0259sirin \u00f6mr\u00fc o q\u0259d\u0259r az olur ki, sonradan ondan dem\u0259k olar ki, he\u00e7 bir iz qalm\u0131r. H\u0259min adamlar d\u00fcnyadan k\u00f6\u00e7\u00fcb ged\u0259nd\u0259n sonra ham\u0131 t\u0259\u0259cc\u00fcbl\u0259nir ki, n\u0259 \u00fc\u00e7\u00fcn onlar sa\u011fl\u0131qlar\u0131nda bel\u0259 qeyri-adi m\u00fcv\u0259ff\u0259qiyy\u0259t qazanm\u0131\u015fd\u0131lar.<\/p>\n<p>  El\u00e7ib\u0259yd\u0259 d\u0259 bel\u0259 m\u00fcv\u0259qq\u0259ti cazib\u0259 q\u00fcvv\u0259si vard\u0131. Bu cazib\u0259 q\u00fcvv\u0259sinin \u00f6mr\u00fc onun \u00f6mr\u00fc q\u0259d\u0259r oldu. M\u0259hz bu s\u0259b\u0259bd\u0259n El\u00e7ib\u0259y \u00f6l\u0259nd\u0259n sonra onun cazib\u0259 q\u00fcvv\u0259sind\u0259n \u00e7\u0131xan adamlar\u0131n \u00e7oxu m\u00f6vcud hakimiyy\u0259tin t\u0259r\u0259nn\u00fcm\u00e7\u00fcl\u0259rin\u0259, s\u00f6z\u00e7\u00fcs\u00fcn\u0259, t\u0259bli\u011fat\u00e7\u0131lar\u0131na \u00e7evrildil\u0259r. \u018fslind\u0259 bu q\u0259d\u0259r s\u00f6z\u00fc yazma\u011fa b\u0259lk\u0259 d\u0259 he\u00e7 ehtiyac yox idi. Xahi\u015f edir\u0259m<br \/>\n  <i><br \/>\n    <b><br \/>\n      <a href=\"https:\/\/www.youtube.com\/watch?v=hdvRRXyLe78\" target=\"_blank\" rel=\"noopener\"><br \/>\n        bu kadrlara<br \/>\n      <\/a><br \/>\n    <\/b><br \/>\n  <\/i><br \/>\n  diqq\u0259tl\u0259 bax\u0131n. Burda h\u0259r \u015fey a\u00e7\u0131q-ayd\u0131n deyilir. \u00d6z\u00fc d\u0259 El\u00e7ib\u0259yin \u00f6z\u00fcn\u00fcn dilind\u0259n.\n<\/p>\n<p>\n  <a href=\"http:\/\/kultura.az\/articles.php?item_id=20140808090414209&amp;sec_id=25\" target=\"_blank\" rel=\"noopener\"><br \/>\n    Kultura.az<br \/>\n  <\/a>\n<\/p>\n<p>\n  <b><br \/>\n    Yaz\u0131dak\u0131 fikirl\u0259r m\u00fc\u0259llif\u0259 m\u0259xsusdur v\u0259 onlara g\u00f6r\u0259 Meydan TV m\u0259suliyy\u0259t da\u015f\u0131m\u0131r.<br \/>\n  <\/b><\/p>\n","protected":false},"excerpt":{"rendered":"<p>Xalq h\u0259r\u0259kat\u0131n\u0131n lideri d\u0259 k\u0259ndin\u0259 qa\u00e7arm\u0131?<\/p>\n","protected":false},"author":11,"featured_media":12827,"comment_status":"closed","ping_status":"open","sticky":false,"template":"","format":"standard","meta":{"_acf_changed":false,"_sitemap_exclude":false,"_sitemap_priority":"","_sitemap_frequency":"","footnotes":""},"categories":[57],"tags":[],"class_list":["post-164913","post","type-post","status-publish","format-standard","has-post-thumbnail","hentry","category-menim-fikrimce","infinite-scroll-item","generate-columns","tablet-grid-50","mobile-grid-100","grid-parent","grid-33","no-featured-image-padding"],"acf":[],"yoast_head":"<!-- This site is optimized with the Yoast SEO plugin v27.4 - https:\/\/yoast.com\/product\/yoast-seo-wordpress\/ -->\n<title>H\u0259r \u015feyin zamana ehtiyac\u0131 var? - MEYDAN.TV<\/title>\n<meta name=\"robots\" content=\"index, follow, max-snippet:-1, max-image-preview:large, max-video-preview:-1\" \/>\n<link rel=\"canonical\" href=\"https:\/\/www.meydan.tv\/az\/article\/her-seyin-zamana-ehtiyaci-var\/\" \/>\n<meta property=\"og:locale\" content=\"az_AZ\" \/>\n<meta property=\"og:type\" content=\"article\" \/>\n<meta property=\"og:title\" content=\"H\u0259r \u015feyin zamana ehtiyac\u0131 var? - MEYDAN.TV\" \/>\n<meta property=\"og:description\" content=\"Xalq h\u0259r\u0259kat\u0131n\u0131n lideri d\u0259 k\u0259ndin\u0259 qa\u00e7arm\u0131?\" \/>\n<meta property=\"og:url\" content=\"https:\/\/www.meydan.tv\/az\/article\/her-seyin-zamana-ehtiyaci-var\/\" \/>\n<meta property=\"og:site_name\" content=\"MEYDAN.TV\" \/>\n<meta property=\"article:published_time\" content=\"2014-08-09T18:11:36+00:00\" \/>\n<meta property=\"og:image\" content=\"https:\/\/www.meydan.tv\/wp-content\/uploads\/4359.jpg\" \/>\n\t<meta property=\"og:image:width\" content=\"500\" \/>\n\t<meta property=\"og:image:height\" content=\"500\" \/>\n\t<meta property=\"og:image:type\" content=\"image\/jpeg\" \/>\n<meta name=\"author\" content=\"user-manager\" \/>\n<meta name=\"twitter:card\" content=\"summary_large_image\" \/>\n<script type=\"application\/ld+json\" class=\"yoast-schema-graph\">{\"@context\":\"https:\\\/\\\/schema.org\",\"@graph\":[{\"@type\":\"Article\",\"@id\":\"https:\\\/\\\/www.meydan.tv\\\/az\\\/article\\\/her-seyin-zamana-ehtiyaci-var\\\/#article\",\"isPartOf\":{\"@id\":\"https:\\\/\\\/www.meydan.tv\\\/az\\\/article\\\/her-seyin-zamana-ehtiyaci-var\\\/\"},\"author\":{\"name\":\"user-manager\",\"@id\":\"https:\\\/\\\/www.meydan.tv\\\/az\\\/#\\\/schema\\\/person\\\/10d11eccf6da3662cf5fdab9806ea91a\"},\"headline\":\"H\u0259r \u015feyin zamana ehtiyac\u0131 var?\",\"datePublished\":\"2014-08-09T18:11:36+00:00\",\"mainEntityOfPage\":{\"@id\":\"https:\\\/\\\/www.meydan.tv\\\/az\\\/article\\\/her-seyin-zamana-ehtiyaci-var\\\/\"},\"wordCount\":3819,\"publisher\":{\"@id\":\"https:\\\/\\\/www.meydan.tv\\\/az\\\/#organization\"},\"image\":{\"@id\":\"https:\\\/\\\/www.meydan.tv\\\/az\\\/article\\\/her-seyin-zamana-ehtiyaci-var\\\/#primaryimage\"},\"thumbnailUrl\":\"https:\\\/\\\/www.meydan.tv\\\/wp-content\\\/uploads\\\/4359.jpg\",\"articleSection\":[\"M\u0259nim Fikrimc\u0259\"],\"inLanguage\":\"az\"},{\"@type\":\"WebPage\",\"@id\":\"https:\\\/\\\/www.meydan.tv\\\/az\\\/article\\\/her-seyin-zamana-ehtiyaci-var\\\/\",\"url\":\"https:\\\/\\\/www.meydan.tv\\\/az\\\/article\\\/her-seyin-zamana-ehtiyaci-var\\\/\",\"name\":\"H\u0259r \u015feyin zamana ehtiyac\u0131 var? - MEYDAN.TV\",\"isPartOf\":{\"@id\":\"https:\\\/\\\/www.meydan.tv\\\/az\\\/#website\"},\"primaryImageOfPage\":{\"@id\":\"https:\\\/\\\/www.meydan.tv\\\/az\\\/article\\\/her-seyin-zamana-ehtiyaci-var\\\/#primaryimage\"},\"image\":{\"@id\":\"https:\\\/\\\/www.meydan.tv\\\/az\\\/article\\\/her-seyin-zamana-ehtiyaci-var\\\/#primaryimage\"},\"thumbnailUrl\":\"https:\\\/\\\/www.meydan.tv\\\/wp-content\\\/uploads\\\/4359.jpg\",\"datePublished\":\"2014-08-09T18:11:36+00:00\",\"breadcrumb\":{\"@id\":\"https:\\\/\\\/www.meydan.tv\\\/az\\\/article\\\/her-seyin-zamana-ehtiyaci-var\\\/#breadcrumb\"},\"inLanguage\":\"az\",\"potentialAction\":[{\"@type\":\"ReadAction\",\"target\":[\"https:\\\/\\\/www.meydan.tv\\\/az\\\/article\\\/her-seyin-zamana-ehtiyaci-var\\\/\"]}]},{\"@type\":\"ImageObject\",\"inLanguage\":\"az\",\"@id\":\"https:\\\/\\\/www.meydan.tv\\\/az\\\/article\\\/her-seyin-zamana-ehtiyaci-var\\\/#primaryimage\",\"url\":\"https:\\\/\\\/www.meydan.tv\\\/wp-content\\\/uploads\\\/4359.jpg\",\"contentUrl\":\"https:\\\/\\\/www.meydan.tv\\\/wp-content\\\/uploads\\\/4359.jpg\",\"width\":500,\"height\":500,\"caption\":\"Source:\"},{\"@type\":\"BreadcrumbList\",\"@id\":\"https:\\\/\\\/www.meydan.tv\\\/az\\\/article\\\/her-seyin-zamana-ehtiyaci-var\\\/#breadcrumb\",\"itemListElement\":[{\"@type\":\"ListItem\",\"position\":1,\"name\":\"Ana s\u0259hif\u0259\",\"item\":\"https:\\\/\\\/www.meydan.tv\\\/az\\\/\"},{\"@type\":\"ListItem\",\"position\":2,\"name\":\"M\u0259nim Fikrimc\u0259\",\"item\":\"https:\\\/\\\/www.meydan.tv\\\/az\\\/section\\\/menim-fikrimce\\\/\"},{\"@type\":\"ListItem\",\"position\":3,\"name\":\"H\u0259r \u015feyin zamana ehtiyac\u0131 var?\"}]},{\"@type\":\"WebSite\",\"@id\":\"https:\\\/\\\/www.meydan.tv\\\/az\\\/#website\",\"url\":\"https:\\\/\\\/www.meydan.tv\\\/az\\\/\",\"name\":\"MEYDAN.TV\",\"description\":\"Meydan TV Az\u0259rbaycan\u0131n media m\u0259kan\u0131ndak\u0131 alternativ s\u0259sidir\",\"publisher\":{\"@id\":\"https:\\\/\\\/www.meydan.tv\\\/az\\\/#organization\"},\"potentialAction\":[{\"@type\":\"SearchAction\",\"target\":{\"@type\":\"EntryPoint\",\"urlTemplate\":\"https:\\\/\\\/www.meydan.tv\\\/az\\\/?s={search_term_string}\"},\"query-input\":{\"@type\":\"PropertyValueSpecification\",\"valueRequired\":true,\"valueName\":\"search_term_string\"}}],\"inLanguage\":\"az\"},{\"@type\":\"Organization\",\"@id\":\"https:\\\/\\\/www.meydan.tv\\\/az\\\/#organization\",\"name\":\"Meydan TV\",\"url\":\"https:\\\/\\\/www.meydan.tv\\\/az\\\/\",\"logo\":{\"@type\":\"ImageObject\",\"inLanguage\":\"az\",\"@id\":\"https:\\\/\\\/www.meydan.tv\\\/az\\\/#\\\/schema\\\/logo\\\/image\\\/\",\"url\":\"https:\\\/\\\/www.meydan.tv\\\/wp-content\\\/uploads\\\/2021\\\/07\\\/meydan-logo.svg\",\"contentUrl\":\"https:\\\/\\\/www.meydan.tv\\\/wp-content\\\/uploads\\\/2021\\\/07\\\/meydan-logo.svg\",\"width\":195,\"height\":46,\"caption\":\"Meydan TV\"},\"image\":{\"@id\":\"https:\\\/\\\/www.meydan.tv\\\/az\\\/#\\\/schema\\\/logo\\\/image\\\/\"}},{\"@type\":\"Person\",\"@id\":\"https:\\\/\\\/www.meydan.tv\\\/az\\\/#\\\/schema\\\/person\\\/10d11eccf6da3662cf5fdab9806ea91a\",\"name\":\"user-manager\"}]}<\/script>\n<!-- \/ Yoast SEO plugin. -->","yoast_head_json":{"title":"H\u0259r \u015feyin zamana ehtiyac\u0131 var? - MEYDAN.TV","robots":{"index":"index","follow":"follow","max-snippet":"max-snippet:-1","max-image-preview":"max-image-preview:large","max-video-preview":"max-video-preview:-1"},"canonical":"https:\/\/www.meydan.tv\/az\/article\/her-seyin-zamana-ehtiyaci-var\/","og_locale":"az_AZ","og_type":"article","og_title":"H\u0259r \u015feyin zamana ehtiyac\u0131 var? - MEYDAN.TV","og_description":"Xalq h\u0259r\u0259kat\u0131n\u0131n lideri d\u0259 k\u0259ndin\u0259 qa\u00e7arm\u0131?","og_url":"https:\/\/www.meydan.tv\/az\/article\/her-seyin-zamana-ehtiyaci-var\/","og_site_name":"MEYDAN.TV","article_published_time":"2014-08-09T18:11:36+00:00","og_image":[{"width":500,"height":500,"url":"https:\/\/www.meydan.tv\/wp-content\/uploads\/4359.jpg","type":"image\/jpeg"}],"author":"user-manager","twitter_card":"summary_large_image","schema":{"@context":"https:\/\/schema.org","@graph":[{"@type":"Article","@id":"https:\/\/www.meydan.tv\/az\/article\/her-seyin-zamana-ehtiyaci-var\/#article","isPartOf":{"@id":"https:\/\/www.meydan.tv\/az\/article\/her-seyin-zamana-ehtiyaci-var\/"},"author":{"name":"user-manager","@id":"https:\/\/www.meydan.tv\/az\/#\/schema\/person\/10d11eccf6da3662cf5fdab9806ea91a"},"headline":"H\u0259r \u015feyin zamana ehtiyac\u0131 var?","datePublished":"2014-08-09T18:11:36+00:00","mainEntityOfPage":{"@id":"https:\/\/www.meydan.tv\/az\/article\/her-seyin-zamana-ehtiyaci-var\/"},"wordCount":3819,"publisher":{"@id":"https:\/\/www.meydan.tv\/az\/#organization"},"image":{"@id":"https:\/\/www.meydan.tv\/az\/article\/her-seyin-zamana-ehtiyaci-var\/#primaryimage"},"thumbnailUrl":"https:\/\/www.meydan.tv\/wp-content\/uploads\/4359.jpg","articleSection":["M\u0259nim Fikrimc\u0259"],"inLanguage":"az"},{"@type":"WebPage","@id":"https:\/\/www.meydan.tv\/az\/article\/her-seyin-zamana-ehtiyaci-var\/","url":"https:\/\/www.meydan.tv\/az\/article\/her-seyin-zamana-ehtiyaci-var\/","name":"H\u0259r \u015feyin zamana ehtiyac\u0131 var? - MEYDAN.TV","isPartOf":{"@id":"https:\/\/www.meydan.tv\/az\/#website"},"primaryImageOfPage":{"@id":"https:\/\/www.meydan.tv\/az\/article\/her-seyin-zamana-ehtiyaci-var\/#primaryimage"},"image":{"@id":"https:\/\/www.meydan.tv\/az\/article\/her-seyin-zamana-ehtiyaci-var\/#primaryimage"},"thumbnailUrl":"https:\/\/www.meydan.tv\/wp-content\/uploads\/4359.jpg","datePublished":"2014-08-09T18:11:36+00:00","breadcrumb":{"@id":"https:\/\/www.meydan.tv\/az\/article\/her-seyin-zamana-ehtiyaci-var\/#breadcrumb"},"inLanguage":"az","potentialAction":[{"@type":"ReadAction","target":["https:\/\/www.meydan.tv\/az\/article\/her-seyin-zamana-ehtiyaci-var\/"]}]},{"@type":"ImageObject","inLanguage":"az","@id":"https:\/\/www.meydan.tv\/az\/article\/her-seyin-zamana-ehtiyaci-var\/#primaryimage","url":"https:\/\/www.meydan.tv\/wp-content\/uploads\/4359.jpg","contentUrl":"https:\/\/www.meydan.tv\/wp-content\/uploads\/4359.jpg","width":500,"height":500,"caption":"Source:"},{"@type":"BreadcrumbList","@id":"https:\/\/www.meydan.tv\/az\/article\/her-seyin-zamana-ehtiyaci-var\/#breadcrumb","itemListElement":[{"@type":"ListItem","position":1,"name":"Ana s\u0259hif\u0259","item":"https:\/\/www.meydan.tv\/az\/"},{"@type":"ListItem","position":2,"name":"M\u0259nim Fikrimc\u0259","item":"https:\/\/www.meydan.tv\/az\/section\/menim-fikrimce\/"},{"@type":"ListItem","position":3,"name":"H\u0259r \u015feyin zamana ehtiyac\u0131 var?"}]},{"@type":"WebSite","@id":"https:\/\/www.meydan.tv\/az\/#website","url":"https:\/\/www.meydan.tv\/az\/","name":"MEYDAN.TV","description":"Meydan TV Az\u0259rbaycan\u0131n media m\u0259kan\u0131ndak\u0131 alternativ s\u0259sidir","publisher":{"@id":"https:\/\/www.meydan.tv\/az\/#organization"},"potentialAction":[{"@type":"SearchAction","target":{"@type":"EntryPoint","urlTemplate":"https:\/\/www.meydan.tv\/az\/?s={search_term_string}"},"query-input":{"@type":"PropertyValueSpecification","valueRequired":true,"valueName":"search_term_string"}}],"inLanguage":"az"},{"@type":"Organization","@id":"https:\/\/www.meydan.tv\/az\/#organization","name":"Meydan TV","url":"https:\/\/www.meydan.tv\/az\/","logo":{"@type":"ImageObject","inLanguage":"az","@id":"https:\/\/www.meydan.tv\/az\/#\/schema\/logo\/image\/","url":"https:\/\/www.meydan.tv\/wp-content\/uploads\/2021\/07\/meydan-logo.svg","contentUrl":"https:\/\/www.meydan.tv\/wp-content\/uploads\/2021\/07\/meydan-logo.svg","width":195,"height":46,"caption":"Meydan TV"},"image":{"@id":"https:\/\/www.meydan.tv\/az\/#\/schema\/logo\/image\/"}},{"@type":"Person","@id":"https:\/\/www.meydan.tv\/az\/#\/schema\/person\/10d11eccf6da3662cf5fdab9806ea91a","name":"user-manager"}]}},"_links":{"self":[{"href":"https:\/\/www.meydan.tv\/az\/wp-json\/wp\/v2\/posts\/164913","targetHints":{"allow":["GET"]}}],"collection":[{"href":"https:\/\/www.meydan.tv\/az\/wp-json\/wp\/v2\/posts"}],"about":[{"href":"https:\/\/www.meydan.tv\/az\/wp-json\/wp\/v2\/types\/post"}],"author":[{"embeddable":true,"href":"https:\/\/www.meydan.tv\/az\/wp-json\/wp\/v2\/users\/11"}],"replies":[{"embeddable":true,"href":"https:\/\/www.meydan.tv\/az\/wp-json\/wp\/v2\/comments?post=164913"}],"version-history":[{"count":0,"href":"https:\/\/www.meydan.tv\/az\/wp-json\/wp\/v2\/posts\/164913\/revisions"}],"wp:featuredmedia":[{"embeddable":true,"href":"https:\/\/www.meydan.tv\/az\/wp-json\/wp\/v2\/media\/12827"}],"wp:attachment":[{"href":"https:\/\/www.meydan.tv\/az\/wp-json\/wp\/v2\/media?parent=164913"}],"wp:term":[{"taxonomy":"category","embeddable":true,"href":"https:\/\/www.meydan.tv\/az\/wp-json\/wp\/v2\/categories?post=164913"},{"taxonomy":"post_tag","embeddable":true,"href":"https:\/\/www.meydan.tv\/az\/wp-json\/wp\/v2\/tags?post=164913"}],"curies":[{"name":"wp","href":"https:\/\/api.w.org\/{rel}","templated":true}]}}