{"id":164909,"date":"2014-08-09T02:08:51","date_gmt":"2014-08-09T02:08:51","guid":{"rendered":"https:\/\/www.meydan.tv\/article\/arxa-cebhede-ve-on-cebhede-bas-verenler\/"},"modified":"2014-08-09T02:08:51","modified_gmt":"2014-08-09T02:08:51","slug":"arxa-cebhede-ve-on-cebhede-bas-verenler","status":"publish","type":"post","link":"https:\/\/www.meydan.tv\/az\/article\/arxa-cebhede-ve-on-cebhede-bas-verenler\/","title":{"rendered":"Arxa c\u0259bh\u0259d\u0259 v\u0259 \u00f6n c\u0259bh\u0259d\u0259 ba\u015f ver\u0259nl\u0259r"},"content":{"rendered":"<figure class=\"wp-block-image size-large\">\n  <img decoding=\"async\" src=\"https:\/\/www.meydan.tv\/az\/12551\/\" alt=\"\" class=\"wp-image-12551\"\/><figcaption><\/figcaption><\/figure>\n<figure class=\"wp-block-image size-large\">\n  <img decoding=\"async\" src=\"https:\/\/www.meydan.tv\/az\/12803\/\" alt=\"\" class=\"wp-image-12803\"\/><figcaption><\/figcaption><\/figure>\n<p>\n  On c\u0259bh\u0259d\u0259 g\u0259rginlik, \u015f\u0259hid c\u0259naz\u0259l\u0259ri, narahat\u00e7\u0131l\u0131q, s\u0259f\u0259rb\u0259rlik v\u0259 m\u00fcharib\u0259 t\u0259la\u015f\u0131 ged\u0259n \u0259r\u0259f\u0259d\u0259 arxa c\u0259bh\u0259d\u0259 n\u0259l\u0259r ba\u015f verirdi, bilirsinizmi?\n<\/p>\n<p>\n  1. Daha bir h\u00fcquq m\u00fcdafi\u0259\u00e7isi R\u0259sul C\u0259f\u0259rov \u015f\u0259rl\u0259n\u0259r\u0259k h\u0259bs olundu.<br \/>\n  <br \/>\n  2. Politoloq Arif Yunus &#8220;v\u0259t\u0259n xainliyi&#8221; il\u0259 \u015f\u0259rl\u0259n\u0259r\u0259k h\u0259bs olundu.<br \/>\n  <br \/>\n  3. H\u00fcquq m\u00fcdafi\u0259\u00e7isi Emil M\u0259mm\u0259dov v\u0259 maarif\u00e7i H\u0259s\u0259n H\u00fcseynlini h\u0259bs edib, \u0130lham \u018fliyev\u0259 \u00fczrxahl\u0131q m\u0259ktubu yazd\u0131rd\u0131lar. V\u0259kili v\u0259 ail\u0259si t\u0259kzib etdiyi halda.<br \/>\n  <br \/>\n  4. M\u00fcsavat Partiyas\u0131n\u0131n T\u0259rt\u0259r rayon t\u0259\u015fkilat\u0131n\u0131n ke\u00e7mi\u015f s\u0259dri, haz\u0131rda partiyan\u0131n \u00fczv\u00fc X\u0259qani M\u0259mm\u0259dov h\u0259bs olundu.<br \/>\n  <br \/>\n  5. Benzinin qiym\u0259tini qald\u0131rd\u0131lar. \u201cPremium Euro-95\u201d markal\u0131 benzinin qiym\u0259ti 97 q\u0259pik oldu.<br \/>\n  <br \/>\n  6. N\u04d9qliyyat sektorunda y\u00fckda\u015f\u0131ma tarifl\u04d9ri 0,6 %, s\u04d9rni\u015finda\u015f\u0131ma tarifl\u04d9ri is\u04d9 2,3% bahala\u015fd\u0131. Y\u04d9ni avtobus, mar\u015frut v\u04d9 metro gedi\u015f haqlar\u0131na t\u04d9sir ed\u04d9c\u04d9k.<br \/>\n  <br \/>\n  7. Hava n\u04d9qliyyat\u0131nda s\u04d9rni\u015finda\u015f\u0131ma tarifl\u04d9rind\u04d9 MDB \u00fczr\u04d9 8,2%, dig\u04d9r xarici \u00f6lk\u04d9l\u04d9r is\u04d9 13,8% bahala\u015fd\u0131. Bir s\u00f6zl\u04d9 t\u04d9yyar\u04d9 biletl\u04d9rinin qiym\u04d9tini \u04d9m\u04d9llic\u04d9 qald\u0131rd\u0131lar.<br \/>\n  <br \/>\n  8. S\u04d9kkiz qeyri h\u00f6k\u00fcm\u0259t t\u0259\u015fkilat\u0131n\u0131n bank hesablar\u0131na qada\u011fa qoyuldu.<br \/>\n  <br \/>\n  9. &#8220;V\u0259t\u0259n, ba\u015f\u0131n sa\u011f olsun&#8221; adl\u0131 event yaradaraq ham\u0131n\u0131 \u015f\u0259hidl\u0259ri anma\u011fa d\u0259v\u0259t ed\u0259n g\u0259nc \u00abFacebook\u00bb f\u0259al\u0131 Kamran \u0130smay\u0131lzad\u0259 10 sutka h\u0259bs olundu.<br \/>\n  <br \/>\n  10. &#8220;Ali Ba\u015f Komandan Xalqa Cavab Ver&#8221; adl\u0131 event yaradan Ruslan N\u0259sirli h\u0259bs olundu.<br \/>\n  <br \/>\n  11. Az\u0259rbaycandan G\u00fcrc\u00fcstana ke\u00e7iril\u0259n 3 ton heroin haqq\u0131nda h\u00fcquq m\u00fchafiz\u0259 orqanlar\u0131 birc\u0259 k\u0259lm\u0259 d\u0259 hesabat verm\u0259dil\u0259r.<br \/>\n  <br \/>\n  12. M\u00fcdafi\u0259 Nazirliyinin v\u0259saiti il\u0259 T\u00fcrkiy\u0259y\u0259 m\u00fcalic\u0259y\u0259 g\u00f6nd\u0259ril\u0259n, daha sonra is\u0259 m\u00fcalic\u0259 v\u0259saitinin \u00f6d\u0259nm\u0259m\u0259si s\u0259b\u0259bi il\u0259 geri qaytar\u0131lan Az\u0259rbaycan Ordusunun mayoru R\u0259\u015fid N\u0259bi o\u011flu M\u0259mm\u0259dov d\u00fcnyas\u0131n\u0131 d\u0259yi\u015fdi..<br \/>\n  <br \/>\n  13. Tan\u0131nm\u0131\u015f h\u00fcquq m\u00fcdafi\u0259\u00e7isi \u0130ntiqam \u018fliyev h\u0259bs olundu.<br \/>\n  <br \/>\n  14. Reportyorlar\u0131n Azadl\u0131\u011f\u0131 v\u0259 T\u0259hl\u00fck\u0259sizliyi \u0130nstitutu m\u00fchasir\u0259y\u0259 al\u0131nd\u0131, r\u0259hb\u0259ri Emin H\u00fcseynovun bank hesablar\u0131na v\u0259 \u00f6lk\u0259d\u0259n \u00e7\u0131x\u0131\u015f\u0131na da qada\u011fa qoyuldu.\n<\/p>\n<p>\n  N\u0259tic\u0259? Son hadis\u0259l\u0259rd\u0259 18 h\u0259rb\u00e7imizi itirdik, onlar\u0131n 14-\u00fc \u015f\u0259hid oldu. Amma \u00f6n c\u0259bh\u0259d\u0259 bir metr torpaq da qazanmad\u0131q, adic\u0259 post bel\u0259 almad\u0131q. Arxa c\u0259bh\u0259d\u0259 is\u0259 n\u0259tic\u0259 kifay\u0259t q\u0259d\u0259rdir. H\u0259l\u0259 d\u0259 \u015f\u0259hidl\u0259rimizin \u00fcz\u0259rind\u0259n oynanan bu iyr\u0259nc &#8220;dava-dava&#8221; oyunbazl\u0131\u011f\u0131na inan\u0131rs\u0131n\u0131z?\n<\/p>\n<p>\n  <b><br \/>\n    Yaz\u0131dak\u0131 fikirl\u0259r m\u00fc\u0259llif\u0259 m\u0259xsusdur v\u0259 onlara g\u00f6r\u0259 Meydan TV m\u0259suliyy\u0259t da\u015f\u0131m\u0131r.<br \/>\n  <\/b>\n<\/p>\n<figure class=\"wp-block-image size-large\">\n  <img decoding=\"async\" src=\"https:\/\/www.meydan.tv\/az\/12812\/\" alt=\"\" class=\"wp-image-12812\"\/><figcaption><\/figcaption><\/figure>\n","protected":false},"excerpt":{"rendered":"<p>S\u0259n \u00f6n c\u0259bh\u0259 \u00fc\u00e7\u00fcn a\u011flayark\u0259n, onlar arxa c\u0259bh\u0259d\u0259 i\u015fl\u0259rini g\u00f6r\u00fcrd\u00fcl\u0259r<\/p>\n","protected":false},"author":11,"featured_media":12551,"comment_status":"closed","ping_status":"open","sticky":false,"template":"","format":"standard","meta":{"_acf_changed":false,"_sitemap_exclude":false,"_sitemap_priority":"","_sitemap_frequency":"","footnotes":""},"categories":[57],"tags":[],"class_list":["post-164909","post","type-post","status-publish","format-standard","has-post-thumbnail","hentry","category-menim-fikrimce","infinite-scroll-item","generate-columns","tablet-grid-50","mobile-grid-100","grid-parent","grid-33","no-featured-image-padding"],"acf":[],"yoast_head":"<!-- This site is optimized with the Yoast SEO plugin v27.4 - https:\/\/yoast.com\/product\/yoast-seo-wordpress\/ -->\n<title>Arxa c\u0259bh\u0259d\u0259 v\u0259 \u00f6n c\u0259bh\u0259d\u0259 ba\u015f ver\u0259nl\u0259r - MEYDAN.TV<\/title>\n<meta name=\"robots\" content=\"index, follow, max-snippet:-1, max-image-preview:large, max-video-preview:-1\" \/>\n<link rel=\"canonical\" href=\"https:\/\/www.meydan.tv\/az\/article\/arxa-cebhede-ve-on-cebhede-bas-verenler\/\" \/>\n<meta property=\"og:locale\" content=\"az_AZ\" \/>\n<meta property=\"og:type\" content=\"article\" \/>\n<meta property=\"og:title\" content=\"Arxa c\u0259bh\u0259d\u0259 v\u0259 \u00f6n c\u0259bh\u0259d\u0259 ba\u015f ver\u0259nl\u0259r - MEYDAN.TV\" \/>\n<meta property=\"og:description\" content=\"S\u0259n \u00f6n c\u0259bh\u0259 \u00fc\u00e7\u00fcn a\u011flayark\u0259n, onlar arxa c\u0259bh\u0259d\u0259 i\u015fl\u0259rini g\u00f6r\u00fcrd\u00fcl\u0259r\" \/>\n<meta property=\"og:url\" content=\"https:\/\/www.meydan.tv\/az\/article\/arxa-cebhede-ve-on-cebhede-bas-verenler\/\" \/>\n<meta property=\"og:site_name\" content=\"MEYDAN.TV\" \/>\n<meta property=\"article:published_time\" content=\"2014-08-09T02:08:51+00:00\" \/>\n<meta property=\"og:image\" content=\"https:\/\/www.meydan.tv\/wp-content\/uploads\/4244.jpg\" \/>\n\t<meta property=\"og:image:width\" content=\"400\" \/>\n\t<meta property=\"og:image:height\" content=\"400\" \/>\n\t<meta property=\"og:image:type\" content=\"image\/jpeg\" \/>\n<meta name=\"author\" content=\"user-manager\" \/>\n<meta name=\"twitter:card\" content=\"summary_large_image\" \/>\n<script type=\"application\/ld+json\" class=\"yoast-schema-graph\">{\"@context\":\"https:\\\/\\\/schema.org\",\"@graph\":[{\"@type\":\"Article\",\"@id\":\"https:\\\/\\\/www.meydan.tv\\\/az\\\/article\\\/arxa-cebhede-ve-on-cebhede-bas-verenler\\\/#article\",\"isPartOf\":{\"@id\":\"https:\\\/\\\/www.meydan.tv\\\/az\\\/article\\\/arxa-cebhede-ve-on-cebhede-bas-verenler\\\/\"},\"author\":{\"name\":\"user-manager\",\"@id\":\"https:\\\/\\\/www.meydan.tv\\\/az\\\/#\\\/schema\\\/person\\\/10d11eccf6da3662cf5fdab9806ea91a\"},\"headline\":\"Arxa c\u0259bh\u0259d\u0259 v\u0259 \u00f6n c\u0259bh\u0259d\u0259 ba\u015f ver\u0259nl\u0259r\",\"datePublished\":\"2014-08-09T02:08:51+00:00\",\"mainEntityOfPage\":{\"@id\":\"https:\\\/\\\/www.meydan.tv\\\/az\\\/article\\\/arxa-cebhede-ve-on-cebhede-bas-verenler\\\/\"},\"wordCount\":505,\"publisher\":{\"@id\":\"https:\\\/\\\/www.meydan.tv\\\/az\\\/#organization\"},\"image\":{\"@id\":\"https:\\\/\\\/www.meydan.tv\\\/az\\\/article\\\/arxa-cebhede-ve-on-cebhede-bas-verenler\\\/#primaryimage\"},\"thumbnailUrl\":\"https:\\\/\\\/www.meydan.tv\\\/wp-content\\\/uploads\\\/4244.jpg\",\"articleSection\":[\"M\u0259nim Fikrimc\u0259\"],\"inLanguage\":\"az\"},{\"@type\":\"WebPage\",\"@id\":\"https:\\\/\\\/www.meydan.tv\\\/az\\\/article\\\/arxa-cebhede-ve-on-cebhede-bas-verenler\\\/\",\"url\":\"https:\\\/\\\/www.meydan.tv\\\/az\\\/article\\\/arxa-cebhede-ve-on-cebhede-bas-verenler\\\/\",\"name\":\"Arxa c\u0259bh\u0259d\u0259 v\u0259 \u00f6n c\u0259bh\u0259d\u0259 ba\u015f ver\u0259nl\u0259r - MEYDAN.TV\",\"isPartOf\":{\"@id\":\"https:\\\/\\\/www.meydan.tv\\\/az\\\/#website\"},\"primaryImageOfPage\":{\"@id\":\"https:\\\/\\\/www.meydan.tv\\\/az\\\/article\\\/arxa-cebhede-ve-on-cebhede-bas-verenler\\\/#primaryimage\"},\"image\":{\"@id\":\"https:\\\/\\\/www.meydan.tv\\\/az\\\/article\\\/arxa-cebhede-ve-on-cebhede-bas-verenler\\\/#primaryimage\"},\"thumbnailUrl\":\"https:\\\/\\\/www.meydan.tv\\\/wp-content\\\/uploads\\\/4244.jpg\",\"datePublished\":\"2014-08-09T02:08:51+00:00\",\"breadcrumb\":{\"@id\":\"https:\\\/\\\/www.meydan.tv\\\/az\\\/article\\\/arxa-cebhede-ve-on-cebhede-bas-verenler\\\/#breadcrumb\"},\"inLanguage\":\"az\",\"potentialAction\":[{\"@type\":\"ReadAction\",\"target\":[\"https:\\\/\\\/www.meydan.tv\\\/az\\\/article\\\/arxa-cebhede-ve-on-cebhede-bas-verenler\\\/\"]}]},{\"@type\":\"ImageObject\",\"inLanguage\":\"az\",\"@id\":\"https:\\\/\\\/www.meydan.tv\\\/az\\\/article\\\/arxa-cebhede-ve-on-cebhede-bas-verenler\\\/#primaryimage\",\"url\":\"https:\\\/\\\/www.meydan.tv\\\/wp-content\\\/uploads\\\/4244.jpg\",\"contentUrl\":\"https:\\\/\\\/www.meydan.tv\\\/wp-content\\\/uploads\\\/4244.jpg\",\"width\":400,\"height\":400,\"caption\":\"Source:\"},{\"@type\":\"BreadcrumbList\",\"@id\":\"https:\\\/\\\/www.meydan.tv\\\/az\\\/article\\\/arxa-cebhede-ve-on-cebhede-bas-verenler\\\/#breadcrumb\",\"itemListElement\":[{\"@type\":\"ListItem\",\"position\":1,\"name\":\"Ana s\u0259hif\u0259\",\"item\":\"https:\\\/\\\/www.meydan.tv\\\/az\\\/\"},{\"@type\":\"ListItem\",\"position\":2,\"name\":\"M\u0259nim Fikrimc\u0259\",\"item\":\"https:\\\/\\\/www.meydan.tv\\\/az\\\/section\\\/menim-fikrimce\\\/\"},{\"@type\":\"ListItem\",\"position\":3,\"name\":\"Arxa c\u0259bh\u0259d\u0259 v\u0259 \u00f6n c\u0259bh\u0259d\u0259 ba\u015f ver\u0259nl\u0259r\"}]},{\"@type\":\"WebSite\",\"@id\":\"https:\\\/\\\/www.meydan.tv\\\/az\\\/#website\",\"url\":\"https:\\\/\\\/www.meydan.tv\\\/az\\\/\",\"name\":\"MEYDAN.TV\",\"description\":\"Meydan TV Az\u0259rbaycan\u0131n media m\u0259kan\u0131ndak\u0131 alternativ s\u0259sidir\",\"publisher\":{\"@id\":\"https:\\\/\\\/www.meydan.tv\\\/az\\\/#organization\"},\"potentialAction\":[{\"@type\":\"SearchAction\",\"target\":{\"@type\":\"EntryPoint\",\"urlTemplate\":\"https:\\\/\\\/www.meydan.tv\\\/az\\\/?s={search_term_string}\"},\"query-input\":{\"@type\":\"PropertyValueSpecification\",\"valueRequired\":true,\"valueName\":\"search_term_string\"}}],\"inLanguage\":\"az\"},{\"@type\":\"Organization\",\"@id\":\"https:\\\/\\\/www.meydan.tv\\\/az\\\/#organization\",\"name\":\"Meydan TV\",\"url\":\"https:\\\/\\\/www.meydan.tv\\\/az\\\/\",\"logo\":{\"@type\":\"ImageObject\",\"inLanguage\":\"az\",\"@id\":\"https:\\\/\\\/www.meydan.tv\\\/az\\\/#\\\/schema\\\/logo\\\/image\\\/\",\"url\":\"https:\\\/\\\/www.meydan.tv\\\/wp-content\\\/uploads\\\/2021\\\/07\\\/meydan-logo.svg\",\"contentUrl\":\"https:\\\/\\\/www.meydan.tv\\\/wp-content\\\/uploads\\\/2021\\\/07\\\/meydan-logo.svg\",\"width\":195,\"height\":46,\"caption\":\"Meydan TV\"},\"image\":{\"@id\":\"https:\\\/\\\/www.meydan.tv\\\/az\\\/#\\\/schema\\\/logo\\\/image\\\/\"}},{\"@type\":\"Person\",\"@id\":\"https:\\\/\\\/www.meydan.tv\\\/az\\\/#\\\/schema\\\/person\\\/10d11eccf6da3662cf5fdab9806ea91a\",\"name\":\"user-manager\"}]}<\/script>\n<!-- \/ Yoast SEO plugin. -->","yoast_head_json":{"title":"Arxa c\u0259bh\u0259d\u0259 v\u0259 \u00f6n c\u0259bh\u0259d\u0259 ba\u015f ver\u0259nl\u0259r - MEYDAN.TV","robots":{"index":"index","follow":"follow","max-snippet":"max-snippet:-1","max-image-preview":"max-image-preview:large","max-video-preview":"max-video-preview:-1"},"canonical":"https:\/\/www.meydan.tv\/az\/article\/arxa-cebhede-ve-on-cebhede-bas-verenler\/","og_locale":"az_AZ","og_type":"article","og_title":"Arxa c\u0259bh\u0259d\u0259 v\u0259 \u00f6n c\u0259bh\u0259d\u0259 ba\u015f ver\u0259nl\u0259r - MEYDAN.TV","og_description":"S\u0259n \u00f6n c\u0259bh\u0259 \u00fc\u00e7\u00fcn a\u011flayark\u0259n, onlar arxa c\u0259bh\u0259d\u0259 i\u015fl\u0259rini g\u00f6r\u00fcrd\u00fcl\u0259r","og_url":"https:\/\/www.meydan.tv\/az\/article\/arxa-cebhede-ve-on-cebhede-bas-verenler\/","og_site_name":"MEYDAN.TV","article_published_time":"2014-08-09T02:08:51+00:00","og_image":[{"width":400,"height":400,"url":"https:\/\/www.meydan.tv\/wp-content\/uploads\/4244.jpg","type":"image\/jpeg"}],"author":"user-manager","twitter_card":"summary_large_image","schema":{"@context":"https:\/\/schema.org","@graph":[{"@type":"Article","@id":"https:\/\/www.meydan.tv\/az\/article\/arxa-cebhede-ve-on-cebhede-bas-verenler\/#article","isPartOf":{"@id":"https:\/\/www.meydan.tv\/az\/article\/arxa-cebhede-ve-on-cebhede-bas-verenler\/"},"author":{"name":"user-manager","@id":"https:\/\/www.meydan.tv\/az\/#\/schema\/person\/10d11eccf6da3662cf5fdab9806ea91a"},"headline":"Arxa c\u0259bh\u0259d\u0259 v\u0259 \u00f6n c\u0259bh\u0259d\u0259 ba\u015f ver\u0259nl\u0259r","datePublished":"2014-08-09T02:08:51+00:00","mainEntityOfPage":{"@id":"https:\/\/www.meydan.tv\/az\/article\/arxa-cebhede-ve-on-cebhede-bas-verenler\/"},"wordCount":505,"publisher":{"@id":"https:\/\/www.meydan.tv\/az\/#organization"},"image":{"@id":"https:\/\/www.meydan.tv\/az\/article\/arxa-cebhede-ve-on-cebhede-bas-verenler\/#primaryimage"},"thumbnailUrl":"https:\/\/www.meydan.tv\/wp-content\/uploads\/4244.jpg","articleSection":["M\u0259nim Fikrimc\u0259"],"inLanguage":"az"},{"@type":"WebPage","@id":"https:\/\/www.meydan.tv\/az\/article\/arxa-cebhede-ve-on-cebhede-bas-verenler\/","url":"https:\/\/www.meydan.tv\/az\/article\/arxa-cebhede-ve-on-cebhede-bas-verenler\/","name":"Arxa c\u0259bh\u0259d\u0259 v\u0259 \u00f6n c\u0259bh\u0259d\u0259 ba\u015f ver\u0259nl\u0259r - MEYDAN.TV","isPartOf":{"@id":"https:\/\/www.meydan.tv\/az\/#website"},"primaryImageOfPage":{"@id":"https:\/\/www.meydan.tv\/az\/article\/arxa-cebhede-ve-on-cebhede-bas-verenler\/#primaryimage"},"image":{"@id":"https:\/\/www.meydan.tv\/az\/article\/arxa-cebhede-ve-on-cebhede-bas-verenler\/#primaryimage"},"thumbnailUrl":"https:\/\/www.meydan.tv\/wp-content\/uploads\/4244.jpg","datePublished":"2014-08-09T02:08:51+00:00","breadcrumb":{"@id":"https:\/\/www.meydan.tv\/az\/article\/arxa-cebhede-ve-on-cebhede-bas-verenler\/#breadcrumb"},"inLanguage":"az","potentialAction":[{"@type":"ReadAction","target":["https:\/\/www.meydan.tv\/az\/article\/arxa-cebhede-ve-on-cebhede-bas-verenler\/"]}]},{"@type":"ImageObject","inLanguage":"az","@id":"https:\/\/www.meydan.tv\/az\/article\/arxa-cebhede-ve-on-cebhede-bas-verenler\/#primaryimage","url":"https:\/\/www.meydan.tv\/wp-content\/uploads\/4244.jpg","contentUrl":"https:\/\/www.meydan.tv\/wp-content\/uploads\/4244.jpg","width":400,"height":400,"caption":"Source:"},{"@type":"BreadcrumbList","@id":"https:\/\/www.meydan.tv\/az\/article\/arxa-cebhede-ve-on-cebhede-bas-verenler\/#breadcrumb","itemListElement":[{"@type":"ListItem","position":1,"name":"Ana s\u0259hif\u0259","item":"https:\/\/www.meydan.tv\/az\/"},{"@type":"ListItem","position":2,"name":"M\u0259nim Fikrimc\u0259","item":"https:\/\/www.meydan.tv\/az\/section\/menim-fikrimce\/"},{"@type":"ListItem","position":3,"name":"Arxa c\u0259bh\u0259d\u0259 v\u0259 \u00f6n c\u0259bh\u0259d\u0259 ba\u015f ver\u0259nl\u0259r"}]},{"@type":"WebSite","@id":"https:\/\/www.meydan.tv\/az\/#website","url":"https:\/\/www.meydan.tv\/az\/","name":"MEYDAN.TV","description":"Meydan TV Az\u0259rbaycan\u0131n media m\u0259kan\u0131ndak\u0131 alternativ s\u0259sidir","publisher":{"@id":"https:\/\/www.meydan.tv\/az\/#organization"},"potentialAction":[{"@type":"SearchAction","target":{"@type":"EntryPoint","urlTemplate":"https:\/\/www.meydan.tv\/az\/?s={search_term_string}"},"query-input":{"@type":"PropertyValueSpecification","valueRequired":true,"valueName":"search_term_string"}}],"inLanguage":"az"},{"@type":"Organization","@id":"https:\/\/www.meydan.tv\/az\/#organization","name":"Meydan TV","url":"https:\/\/www.meydan.tv\/az\/","logo":{"@type":"ImageObject","inLanguage":"az","@id":"https:\/\/www.meydan.tv\/az\/#\/schema\/logo\/image\/","url":"https:\/\/www.meydan.tv\/wp-content\/uploads\/2021\/07\/meydan-logo.svg","contentUrl":"https:\/\/www.meydan.tv\/wp-content\/uploads\/2021\/07\/meydan-logo.svg","width":195,"height":46,"caption":"Meydan TV"},"image":{"@id":"https:\/\/www.meydan.tv\/az\/#\/schema\/logo\/image\/"}},{"@type":"Person","@id":"https:\/\/www.meydan.tv\/az\/#\/schema\/person\/10d11eccf6da3662cf5fdab9806ea91a","name":"user-manager"}]}},"_links":{"self":[{"href":"https:\/\/www.meydan.tv\/az\/wp-json\/wp\/v2\/posts\/164909","targetHints":{"allow":["GET"]}}],"collection":[{"href":"https:\/\/www.meydan.tv\/az\/wp-json\/wp\/v2\/posts"}],"about":[{"href":"https:\/\/www.meydan.tv\/az\/wp-json\/wp\/v2\/types\/post"}],"author":[{"embeddable":true,"href":"https:\/\/www.meydan.tv\/az\/wp-json\/wp\/v2\/users\/11"}],"replies":[{"embeddable":true,"href":"https:\/\/www.meydan.tv\/az\/wp-json\/wp\/v2\/comments?post=164909"}],"version-history":[{"count":0,"href":"https:\/\/www.meydan.tv\/az\/wp-json\/wp\/v2\/posts\/164909\/revisions"}],"wp:featuredmedia":[{"embeddable":true,"href":"https:\/\/www.meydan.tv\/az\/wp-json\/wp\/v2\/media\/12551"}],"wp:attachment":[{"href":"https:\/\/www.meydan.tv\/az\/wp-json\/wp\/v2\/media?parent=164909"}],"wp:term":[{"taxonomy":"category","embeddable":true,"href":"https:\/\/www.meydan.tv\/az\/wp-json\/wp\/v2\/categories?post=164909"},{"taxonomy":"post_tag","embeddable":true,"href":"https:\/\/www.meydan.tv\/az\/wp-json\/wp\/v2\/tags?post=164909"}],"curies":[{"name":"wp","href":"https:\/\/api.w.org\/{rel}","templated":true}]}}