{"id":164886,"date":"2014-08-08T09:21:23","date_gmt":"2014-08-08T09:21:23","guid":{"rendered":"https:\/\/www.meydan.tv\/article\/emimden-uzr-isteyirem\/"},"modified":"2014-08-08T09:21:23","modified_gmt":"2014-08-08T09:21:23","slug":"emimden-uzr-isteyirem","status":"publish","type":"post","link":"https:\/\/www.meydan.tv\/az\/article\/emimden-uzr-isteyirem\/","title":{"rendered":"\u018fmimd\u0259n \u00fczr ist\u0259yir\u0259m"},"content":{"rendered":"<figure class=\"wp-block-image size-large\">\n  <img decoding=\"async\" src=\"https:\/\/www.meydan.tv\/az\/12530\/\" alt=\"\" class=\"wp-image-12530\"\/><figcaption><\/figcaption><\/figure>\n<figure class=\"wp-block-image size-large\">\n  <img decoding=\"async\" src=\"https:\/\/www.meydan.tv\/az\/12538\/\" alt=\"\" class=\"wp-image-12538\"\/><figcaption><\/figcaption><\/figure>\n<p>\n  Sra\u011fag\u00fcn musavat.com sayt\u0131nda \u201cOrdumuz F\u00fczuli v\u0259 A\u011fdam istiqam\u0259tind\u0259 bir xeyli ir\u0259lil\u0259yib\u201d ba\u015fl\u0131\u011f\u0131n\u0131 g\u00f6r\u0259nd\u0259 \u00fcr\u0259yim da\u011fa d\u00f6nd\u00fc, eyni zamanda bir \u0259hvalat\u0131 xat\u0131rlad\u0131m. Rayonlardan birind\u0259 yol gedirdik, ancaq ged\u0259c\u0259yimiz yeri tan\u0131m\u0131rd\u0131q. Qar\u015f\u0131m\u0131za \u00e7\u0131xan cavan o\u011flandan \u00fcnvan\u0131 soru\u015fduq. Cavab\u0131 zor idi: \u201cH\u0259l\u0259 bir q\u0259d\u0259r var\u201d. T\u0259krar soru\u015fduq ki, bu \u201cbir q\u0259d\u0259r\u201d n\u0259yi ifad\u0259 el\u0259yir, 1 kilometr, 10 kilometr, yoxsa \u00fcmumiyy\u0259tl\u0259 ekvatoru f\u0131rlan\u0131b qay\u0131tmal\u0131y\u0131q. Yen\u0259 dediyind\u0259 durdu: \u201cBir q\u0259d\u0259r\u201d.<\/p>\n<p>  D\u00fcn\u0259nd\u0259n b\u0259ri m\u0259n \u201cbir xeyli\u201d torpa\u011f\u0131 i\u015f\u011faldan azad el\u0259m\u0259yimizi d\u00fc\u015f\u00fcn\u00fcb \u0259mim Vahidi xat\u0131rlay\u0131ram. Vahid \u018flifo\u011flu F\u00fczuli rayonunda, el\u0259 respublikada da \u015feirl\u0259ri il\u0259 tan\u0131nan adam idi. \u018fmim oldu\u011fu \u00fc\u00e7\u00fcn yazm\u0131ram, ancaq k\u0259ndd\u0259 s\u00f6z\u00fc ke\u00e7\u0259n ki\u015fil\u0259rd\u0259n biri idi. Ancaq 89-90-c\u0131 ill\u0259rd\u0259 Xalq C\u0259bh\u0259si yarad\u0131landa prosesl\u0259r\u0259 qar\u0131\u015fmad\u0131, h\u0259l\u0259 \u0259ksin\u0259, c\u0259bh\u0259\u00e7il\u0259r\u0259 la\u011f el\u0259y\u0259rdi. Bizim k\u0259ndd\u0259 AXC-ni quranlar b\u0259d\u0259n t\u0259rbiy\u0259si m\u00fc\u0259llimi tipli adamlar idi. Demir\u0259m pis adamlar idil\u0259r, \u0259ksin\u0259, o a\u011f\u0131r vaxtlarda qaba\u011fa durmu\u015fdular, sa\u011f olsunlar, ancaq h\u0259r halda, b\u0259d\u0259n t\u0259rbiy\u0259si m\u00fc\u0259llimi idil\u0259r. \u018fmiml\u0259 s\u00f6hb\u0259tl\u0259rimizd\u0259 h\u0259mi\u015f\u0259 ona deyirdim ki, s\u0259nin kimi ziyal\u0131lar mill\u0259tin \u00f6n\u00fcn\u0259 \u00e7\u0131xmayanda, ona yol g\u00f6st\u0259rm\u0259y\u0259nd\u0259 t\u0259\u015f\u0259bb\u00fcs\u00fc \u201cmatroslar\u0131n\u201d \u0259l\u0259 almas\u0131 t\u0259biidir. Dolay\u0131s\u0131 il\u0259 onu qorxaq adland\u0131r\u0131rd\u0131m. Sonra k\u0259ndimiz i\u015f\u011fal edildi. \u018fmim he\u00e7 60 ya\u015fa \u00e7atmadan \u00f6ld\u00fc. \u0130ndi m\u0259n burdan, q\u0259zet s\u0259hif\u0259sind\u0259n ondan \u00fczr ist\u0259yir\u0259m, indi ba\u015fa d\u00fc\u015f\u00fcr\u0259m ki, n\u0259 \u00fc\u00e7\u00fcn o, h\u0259min vaxt qaba\u011fa \u00e7\u0131xmay\u0131b, k\u00fctl\u0259ni y\u00f6nl\u0259ndirm\u0259yib. Onu el\u0259 g\u00f6z\u0259l anlay\u0131ram ki, h\u0259yat\u0131mda he\u00e7 n\u0259yi indiy\u0259c\u0259n bel\u0259 anlamam\u0131\u015fd\u0131m. K\u00fctl\u0259 s\u0259n\u0259 qulaq asmayanda \u00e7ox \u00e7\u0259tindir. K\u00fctl\u0259y\u0259 qaraq\u0131\u015fq\u0131r\u0131q, h\u0131rrapatriotizm, gop, emosiya daha vacibdir, n\u0259inki bir a\u011f\u0131ll\u0131 s\u00f6z, fikir.<br \/>\n  <br \/>\n  S\u00f6z d\u00fc\u015fm\u00fc\u015fk\u0259n, biz indiki h\u0131rraxana d\u00f6vr\u00fcnd\u0259 yenid\u0259n \u201cplanetin xalq\u0131\u201d olmaq imkan\u0131nday\u0131q. Ax\u0131 88-89-cu ill\u0259r haqda he\u00e7 bir yerd\u0259 t\u0259sdiql\u0259nm\u0259y\u0259n, m\u0259nb\u0259yi nam\u0259lum bel\u0259 mif vard\u0131. \u0130ndi d\u0259 komplekt tam d\u00fcz\u0259lir. Gop deyirs\u0259n var &#8211; xirtd\u0259y\u0259 q\u0259d\u0259r. Emosiya, k\u0259ndd\u0259n dana k\u0259sib meydana g\u00f6nd\u0259rm\u0259k, Qaraba\u011fa y\u00fcr\u00fc\u015f ed\u0259n v\u0259 qaba\u011f\u0131na Xuraman xan\u0131m\u0131n yayl\u0131q atd\u0131\u011f\u0131 g\u0259ncl\u0259r\u0259 q\u0259d\u0259r h\u0259r \u015fey yerind\u0259dir. ADR-\u0259: Az\u0259rbaycan Dejavyu Respublikas\u0131na xo\u015f g\u0259lmisiniz!<\/p>\n<p>  Bu hay-k\u00fcyd\u0259 kimin n\u0259yin\u0259 g\u0259r\u0259kdir ki, son 3 g\u00fcnd\u0259 daha 3 \u0259sg\u0259rimiz \u00f6z g\u00fcll\u0259mizd\u0259n, MN demi\u015fk\u0259n, \u201cehtiyats\u0131zl\u0131qdan\u201d h\u0259lak olub? Bel\u0259 suallar verm\u0259k erm\u0259ni d\u0259yirman\u0131na su t\u00f6km\u0259k say\u0131l\u0131r. \u00d6l\u00fcbl\u0259r &#8211; Allah r\u0259hm\u0259t el\u0259sin. \u00d6n\u00fcm\u00fcz\u0259 baxmal\u0131y\u0131q. Bayraml\u0131 k\u0259ndini alm\u0131\u015f\u0131q, indi \u015eotlanl\u0131ya girm\u0259liyik. V\u0259t\u0259n \u00e7a\u011f\u0131r\u0131r! Benzinin qiym\u0259tini d\u0259 \u201cSOKAR\u201d o \u00fczd\u0259n qald\u0131rd\u0131, ax\u0131 biz indi tanklara benzin t\u00f6km\u0259liyik! \u018fy\u0259, bir az v\u0259t\u0259np\u0259rv\u0259r olun, susun, imkan verin \u0259m\u0259liyyatlar\u0131 davam ed\u0259k! \u201c\u015eeyx, h\u0259y\u0259, lotusan, \u0259l ver!\u201d S\u00f6z d\u00fc\u015fm\u00fc\u015fk\u0259n, Kefli \u0130sg\u0259nd\u0259ri d\u0259 q\u0131nay\u0131r\u0131q. Camaat M\u0259z\u0259md\u0259 d\u00fc\u015fm\u0259n\u0259 sin\u0259 g\u0259rir, bu is\u0259 m\u0259z\u0259 il\u0259 mey i\u00e7ir, s\u0259rxo\u015f olur. Ta m\u00f6vzuya d\u0259rind\u0259n girmi\u015fik, el\u0259 xalq artistimiz, d\u0259y\u0259rli ziyal\u0131m\u0131z, el anas\u0131 R\u00f6ya Ayxan\u0131 da q\u0131nayaq. Bu vurhavurda o, \u0259rind\u0259n bo\u015fanm\u0131\u015fd\u0131r. Ay\u0131b deyilmi?! Utanm\u0131rsanm\u0131?! V\u0259t\u0259n\u0259 o\u011fullar g\u0259r\u0259kdir, bu is\u0259 bo\u015fan\u0131r! B\u0259s o\u011fullar\u0131 hardan alaca\u011f\u0131q!?<br \/>\n  <br \/>\n  Ke\u00e7\u0259n ilin dekabr\u0131nda M\u00fcdafi\u0259 Nazirliyind\u0259 yeni v\u0259 q\u0259rib\u0259 bir t\u0259yinat haqda m\u0259lumat alm\u0131\u015fd\u0131q. Zakir H\u0259s\u0259novun \u0259mri il\u0259 \u201cXalq Bank\u201d m\u00fchafiz\u0259 xidm\u0259tinin r\u0259isi \u0130lqar Mazanov K\u0259\u015ffiyyat \u0130dar\u0259sin\u0259 r\u0259is qoyulmu\u015fdu. \u0130ndi ordumuzun d\u00fc\u015fm\u0259n\u0259 nisb\u0259td\u0259 daha \u00e7ox itki verm\u0259sind\u0259 bu t\u0259yinat\u0131n hans\u0131sa rolu varm\u0131? M\u0259n yazsam dey\u0259c\u0259kl\u0259r d\u00fc\u015fm\u0259n\u0259 inanma, onlardan 71 \u0259sg\u0259r \u00f6ld\u00fcrm\u00fc\u015f\u00fck, meyitl\u0259ri gizl\u0259dirl\u0259r. Ona g\u00f6r\u0259 d\u0259 he\u00e7 zad yazm\u0131ram. Pullar\u0131 qoruyan adam \u0259n yax\u015f\u0131 k\u0259\u015ffiyyat\u00e7\u0131d\u0131r. \u018fn b\u00f6y\u00fck general Zakir m\u00fc\u0259llimdir. Ali Ba\u015f Komandan \u0259mr vers\u0259ydi, K\u00fcrd\u0259xan\u0131 dustaqlar\u0131ndan t\u0259z\u0259 bir batalyon yarad\u0131b G\u0259nc\u0259 istiqam\u0259tin\u0259 basard\u0131q.<\/p>\n<p>  \u018fmimd\u0259n bir daha \u00fczr ist\u0259yir\u0259m.\n<\/p>\n<p>\n  M\u0259nb\u0259:<br \/>\n  <a href=\"http:\/\/musavat.com\/news\/yazarlar\/%C6%8Fmimd%C9%99n-%C3%BCzr-ist%C9%99yir%C9%99m_208116.html\" target=\"_blank\" rel=\"noopener\"><br \/>\n    M\u00fcsavat<br \/>\n  <\/a>\n<\/p>\n<p>\n  <b><br \/>\n    Yaz\u0131dak\u0131 fikirl\u0259r m\u00fc\u0259llif\u0259 m\u0259xsusdur v\u0259 onlara g\u00f6r\u0259 Meydan TV m\u0259suliyy\u0259t da\u015f\u0131m\u0131r.<br \/>\n  <\/b><\/p>\n","protected":false},"excerpt":{"rendered":"<p>D\u00fcn\u0259nd\u0259n b\u0259ri m\u0259n \u201cbir xeyli\u201d torpa\u011f\u0131 i\u015f\u011faldan azad el\u0259m\u0259yimizi d\u00fc\u015f\u00fcn\u00fcb \u0259mim Vahidi xat\u0131rlay\u0131ram&#8230;<\/p>\n","protected":false},"author":11,"featured_media":12530,"comment_status":"closed","ping_status":"open","sticky":false,"template":"","format":"standard","meta":{"_acf_changed":false,"_sitemap_exclude":false,"_sitemap_priority":"","_sitemap_frequency":"","footnotes":""},"categories":[57],"tags":[],"class_list":["post-164886","post","type-post","status-publish","format-standard","has-post-thumbnail","hentry","category-menim-fikrimce","infinite-scroll-item","generate-columns","tablet-grid-50","mobile-grid-100","grid-parent","grid-33","no-featured-image-padding"],"acf":[],"yoast_head":"<!-- This site is optimized with the Yoast SEO plugin v27.4 - https:\/\/yoast.com\/product\/yoast-seo-wordpress\/ -->\n<title>\u018fmimd\u0259n \u00fczr ist\u0259yir\u0259m - MEYDAN.TV<\/title>\n<meta name=\"robots\" content=\"index, follow, max-snippet:-1, max-image-preview:large, max-video-preview:-1\" \/>\n<link rel=\"canonical\" href=\"https:\/\/www.meydan.tv\/az\/article\/emimden-uzr-isteyirem\/\" \/>\n<meta property=\"og:locale\" content=\"az_AZ\" \/>\n<meta property=\"og:type\" content=\"article\" \/>\n<meta property=\"og:title\" content=\"\u018fmimd\u0259n \u00fczr ist\u0259yir\u0259m - MEYDAN.TV\" \/>\n<meta property=\"og:description\" content=\"D\u00fcn\u0259nd\u0259n b\u0259ri m\u0259n \u201cbir xeyli\u201d torpa\u011f\u0131 i\u015f\u011faldan azad el\u0259m\u0259yimizi d\u00fc\u015f\u00fcn\u00fcb \u0259mim Vahidi xat\u0131rlay\u0131ram...\" \/>\n<meta property=\"og:url\" content=\"https:\/\/www.meydan.tv\/az\/article\/emimden-uzr-isteyirem\/\" \/>\n<meta property=\"og:site_name\" content=\"MEYDAN.TV\" \/>\n<meta property=\"article:published_time\" content=\"2014-08-08T09:21:23+00:00\" \/>\n<meta property=\"og:image\" content=\"https:\/\/www.meydan.tv\/wp-content\/uploads\/4323.jpg\" \/>\n\t<meta property=\"og:image:width\" content=\"500\" \/>\n\t<meta property=\"og:image:height\" content=\"500\" \/>\n\t<meta property=\"og:image:type\" content=\"image\/jpeg\" \/>\n<meta name=\"author\" content=\"user-manager\" \/>\n<meta name=\"twitter:card\" content=\"summary_large_image\" \/>\n<script type=\"application\/ld+json\" class=\"yoast-schema-graph\">{\"@context\":\"https:\\\/\\\/schema.org\",\"@graph\":[{\"@type\":\"Article\",\"@id\":\"https:\\\/\\\/www.meydan.tv\\\/az\\\/article\\\/emimden-uzr-isteyirem\\\/#article\",\"isPartOf\":{\"@id\":\"https:\\\/\\\/www.meydan.tv\\\/az\\\/article\\\/emimden-uzr-isteyirem\\\/\"},\"author\":{\"name\":\"user-manager\",\"@id\":\"https:\\\/\\\/www.meydan.tv\\\/az\\\/#\\\/schema\\\/person\\\/10d11eccf6da3662cf5fdab9806ea91a\"},\"headline\":\"\u018fmimd\u0259n \u00fczr ist\u0259yir\u0259m\",\"datePublished\":\"2014-08-08T09:21:23+00:00\",\"mainEntityOfPage\":{\"@id\":\"https:\\\/\\\/www.meydan.tv\\\/az\\\/article\\\/emimden-uzr-isteyirem\\\/\"},\"wordCount\":882,\"publisher\":{\"@id\":\"https:\\\/\\\/www.meydan.tv\\\/az\\\/#organization\"},\"image\":{\"@id\":\"https:\\\/\\\/www.meydan.tv\\\/az\\\/article\\\/emimden-uzr-isteyirem\\\/#primaryimage\"},\"thumbnailUrl\":\"https:\\\/\\\/www.meydan.tv\\\/wp-content\\\/uploads\\\/4323.jpg\",\"articleSection\":[\"M\u0259nim Fikrimc\u0259\"],\"inLanguage\":\"az\"},{\"@type\":\"WebPage\",\"@id\":\"https:\\\/\\\/www.meydan.tv\\\/az\\\/article\\\/emimden-uzr-isteyirem\\\/\",\"url\":\"https:\\\/\\\/www.meydan.tv\\\/az\\\/article\\\/emimden-uzr-isteyirem\\\/\",\"name\":\"\u018fmimd\u0259n \u00fczr ist\u0259yir\u0259m - MEYDAN.TV\",\"isPartOf\":{\"@id\":\"https:\\\/\\\/www.meydan.tv\\\/az\\\/#website\"},\"primaryImageOfPage\":{\"@id\":\"https:\\\/\\\/www.meydan.tv\\\/az\\\/article\\\/emimden-uzr-isteyirem\\\/#primaryimage\"},\"image\":{\"@id\":\"https:\\\/\\\/www.meydan.tv\\\/az\\\/article\\\/emimden-uzr-isteyirem\\\/#primaryimage\"},\"thumbnailUrl\":\"https:\\\/\\\/www.meydan.tv\\\/wp-content\\\/uploads\\\/4323.jpg\",\"datePublished\":\"2014-08-08T09:21:23+00:00\",\"breadcrumb\":{\"@id\":\"https:\\\/\\\/www.meydan.tv\\\/az\\\/article\\\/emimden-uzr-isteyirem\\\/#breadcrumb\"},\"inLanguage\":\"az\",\"potentialAction\":[{\"@type\":\"ReadAction\",\"target\":[\"https:\\\/\\\/www.meydan.tv\\\/az\\\/article\\\/emimden-uzr-isteyirem\\\/\"]}]},{\"@type\":\"ImageObject\",\"inLanguage\":\"az\",\"@id\":\"https:\\\/\\\/www.meydan.tv\\\/az\\\/article\\\/emimden-uzr-isteyirem\\\/#primaryimage\",\"url\":\"https:\\\/\\\/www.meydan.tv\\\/wp-content\\\/uploads\\\/4323.jpg\",\"contentUrl\":\"https:\\\/\\\/www.meydan.tv\\\/wp-content\\\/uploads\\\/4323.jpg\",\"width\":500,\"height\":500,\"caption\":\"Source:\"},{\"@type\":\"BreadcrumbList\",\"@id\":\"https:\\\/\\\/www.meydan.tv\\\/az\\\/article\\\/emimden-uzr-isteyirem\\\/#breadcrumb\",\"itemListElement\":[{\"@type\":\"ListItem\",\"position\":1,\"name\":\"Ana s\u0259hif\u0259\",\"item\":\"https:\\\/\\\/www.meydan.tv\\\/az\\\/\"},{\"@type\":\"ListItem\",\"position\":2,\"name\":\"M\u0259nim Fikrimc\u0259\",\"item\":\"https:\\\/\\\/www.meydan.tv\\\/az\\\/section\\\/menim-fikrimce\\\/\"},{\"@type\":\"ListItem\",\"position\":3,\"name\":\"\u018fmimd\u0259n \u00fczr ist\u0259yir\u0259m\"}]},{\"@type\":\"WebSite\",\"@id\":\"https:\\\/\\\/www.meydan.tv\\\/az\\\/#website\",\"url\":\"https:\\\/\\\/www.meydan.tv\\\/az\\\/\",\"name\":\"MEYDAN.TV\",\"description\":\"Meydan TV Az\u0259rbaycan\u0131n media m\u0259kan\u0131ndak\u0131 alternativ s\u0259sidir\",\"publisher\":{\"@id\":\"https:\\\/\\\/www.meydan.tv\\\/az\\\/#organization\"},\"potentialAction\":[{\"@type\":\"SearchAction\",\"target\":{\"@type\":\"EntryPoint\",\"urlTemplate\":\"https:\\\/\\\/www.meydan.tv\\\/az\\\/?s={search_term_string}\"},\"query-input\":{\"@type\":\"PropertyValueSpecification\",\"valueRequired\":true,\"valueName\":\"search_term_string\"}}],\"inLanguage\":\"az\"},{\"@type\":\"Organization\",\"@id\":\"https:\\\/\\\/www.meydan.tv\\\/az\\\/#organization\",\"name\":\"Meydan TV\",\"url\":\"https:\\\/\\\/www.meydan.tv\\\/az\\\/\",\"logo\":{\"@type\":\"ImageObject\",\"inLanguage\":\"az\",\"@id\":\"https:\\\/\\\/www.meydan.tv\\\/az\\\/#\\\/schema\\\/logo\\\/image\\\/\",\"url\":\"https:\\\/\\\/www.meydan.tv\\\/wp-content\\\/uploads\\\/2021\\\/07\\\/meydan-logo.svg\",\"contentUrl\":\"https:\\\/\\\/www.meydan.tv\\\/wp-content\\\/uploads\\\/2021\\\/07\\\/meydan-logo.svg\",\"width\":195,\"height\":46,\"caption\":\"Meydan TV\"},\"image\":{\"@id\":\"https:\\\/\\\/www.meydan.tv\\\/az\\\/#\\\/schema\\\/logo\\\/image\\\/\"}},{\"@type\":\"Person\",\"@id\":\"https:\\\/\\\/www.meydan.tv\\\/az\\\/#\\\/schema\\\/person\\\/10d11eccf6da3662cf5fdab9806ea91a\",\"name\":\"user-manager\"}]}<\/script>\n<!-- \/ Yoast SEO plugin. -->","yoast_head_json":{"title":"\u018fmimd\u0259n \u00fczr ist\u0259yir\u0259m - MEYDAN.TV","robots":{"index":"index","follow":"follow","max-snippet":"max-snippet:-1","max-image-preview":"max-image-preview:large","max-video-preview":"max-video-preview:-1"},"canonical":"https:\/\/www.meydan.tv\/az\/article\/emimden-uzr-isteyirem\/","og_locale":"az_AZ","og_type":"article","og_title":"\u018fmimd\u0259n \u00fczr ist\u0259yir\u0259m - MEYDAN.TV","og_description":"D\u00fcn\u0259nd\u0259n b\u0259ri m\u0259n \u201cbir xeyli\u201d torpa\u011f\u0131 i\u015f\u011faldan azad el\u0259m\u0259yimizi d\u00fc\u015f\u00fcn\u00fcb \u0259mim Vahidi xat\u0131rlay\u0131ram...","og_url":"https:\/\/www.meydan.tv\/az\/article\/emimden-uzr-isteyirem\/","og_site_name":"MEYDAN.TV","article_published_time":"2014-08-08T09:21:23+00:00","og_image":[{"width":500,"height":500,"url":"https:\/\/www.meydan.tv\/wp-content\/uploads\/4323.jpg","type":"image\/jpeg"}],"author":"user-manager","twitter_card":"summary_large_image","schema":{"@context":"https:\/\/schema.org","@graph":[{"@type":"Article","@id":"https:\/\/www.meydan.tv\/az\/article\/emimden-uzr-isteyirem\/#article","isPartOf":{"@id":"https:\/\/www.meydan.tv\/az\/article\/emimden-uzr-isteyirem\/"},"author":{"name":"user-manager","@id":"https:\/\/www.meydan.tv\/az\/#\/schema\/person\/10d11eccf6da3662cf5fdab9806ea91a"},"headline":"\u018fmimd\u0259n \u00fczr ist\u0259yir\u0259m","datePublished":"2014-08-08T09:21:23+00:00","mainEntityOfPage":{"@id":"https:\/\/www.meydan.tv\/az\/article\/emimden-uzr-isteyirem\/"},"wordCount":882,"publisher":{"@id":"https:\/\/www.meydan.tv\/az\/#organization"},"image":{"@id":"https:\/\/www.meydan.tv\/az\/article\/emimden-uzr-isteyirem\/#primaryimage"},"thumbnailUrl":"https:\/\/www.meydan.tv\/wp-content\/uploads\/4323.jpg","articleSection":["M\u0259nim Fikrimc\u0259"],"inLanguage":"az"},{"@type":"WebPage","@id":"https:\/\/www.meydan.tv\/az\/article\/emimden-uzr-isteyirem\/","url":"https:\/\/www.meydan.tv\/az\/article\/emimden-uzr-isteyirem\/","name":"\u018fmimd\u0259n \u00fczr ist\u0259yir\u0259m - MEYDAN.TV","isPartOf":{"@id":"https:\/\/www.meydan.tv\/az\/#website"},"primaryImageOfPage":{"@id":"https:\/\/www.meydan.tv\/az\/article\/emimden-uzr-isteyirem\/#primaryimage"},"image":{"@id":"https:\/\/www.meydan.tv\/az\/article\/emimden-uzr-isteyirem\/#primaryimage"},"thumbnailUrl":"https:\/\/www.meydan.tv\/wp-content\/uploads\/4323.jpg","datePublished":"2014-08-08T09:21:23+00:00","breadcrumb":{"@id":"https:\/\/www.meydan.tv\/az\/article\/emimden-uzr-isteyirem\/#breadcrumb"},"inLanguage":"az","potentialAction":[{"@type":"ReadAction","target":["https:\/\/www.meydan.tv\/az\/article\/emimden-uzr-isteyirem\/"]}]},{"@type":"ImageObject","inLanguage":"az","@id":"https:\/\/www.meydan.tv\/az\/article\/emimden-uzr-isteyirem\/#primaryimage","url":"https:\/\/www.meydan.tv\/wp-content\/uploads\/4323.jpg","contentUrl":"https:\/\/www.meydan.tv\/wp-content\/uploads\/4323.jpg","width":500,"height":500,"caption":"Source:"},{"@type":"BreadcrumbList","@id":"https:\/\/www.meydan.tv\/az\/article\/emimden-uzr-isteyirem\/#breadcrumb","itemListElement":[{"@type":"ListItem","position":1,"name":"Ana s\u0259hif\u0259","item":"https:\/\/www.meydan.tv\/az\/"},{"@type":"ListItem","position":2,"name":"M\u0259nim Fikrimc\u0259","item":"https:\/\/www.meydan.tv\/az\/section\/menim-fikrimce\/"},{"@type":"ListItem","position":3,"name":"\u018fmimd\u0259n \u00fczr ist\u0259yir\u0259m"}]},{"@type":"WebSite","@id":"https:\/\/www.meydan.tv\/az\/#website","url":"https:\/\/www.meydan.tv\/az\/","name":"MEYDAN.TV","description":"Meydan TV Az\u0259rbaycan\u0131n media m\u0259kan\u0131ndak\u0131 alternativ s\u0259sidir","publisher":{"@id":"https:\/\/www.meydan.tv\/az\/#organization"},"potentialAction":[{"@type":"SearchAction","target":{"@type":"EntryPoint","urlTemplate":"https:\/\/www.meydan.tv\/az\/?s={search_term_string}"},"query-input":{"@type":"PropertyValueSpecification","valueRequired":true,"valueName":"search_term_string"}}],"inLanguage":"az"},{"@type":"Organization","@id":"https:\/\/www.meydan.tv\/az\/#organization","name":"Meydan TV","url":"https:\/\/www.meydan.tv\/az\/","logo":{"@type":"ImageObject","inLanguage":"az","@id":"https:\/\/www.meydan.tv\/az\/#\/schema\/logo\/image\/","url":"https:\/\/www.meydan.tv\/wp-content\/uploads\/2021\/07\/meydan-logo.svg","contentUrl":"https:\/\/www.meydan.tv\/wp-content\/uploads\/2021\/07\/meydan-logo.svg","width":195,"height":46,"caption":"Meydan TV"},"image":{"@id":"https:\/\/www.meydan.tv\/az\/#\/schema\/logo\/image\/"}},{"@type":"Person","@id":"https:\/\/www.meydan.tv\/az\/#\/schema\/person\/10d11eccf6da3662cf5fdab9806ea91a","name":"user-manager"}]}},"_links":{"self":[{"href":"https:\/\/www.meydan.tv\/az\/wp-json\/wp\/v2\/posts\/164886","targetHints":{"allow":["GET"]}}],"collection":[{"href":"https:\/\/www.meydan.tv\/az\/wp-json\/wp\/v2\/posts"}],"about":[{"href":"https:\/\/www.meydan.tv\/az\/wp-json\/wp\/v2\/types\/post"}],"author":[{"embeddable":true,"href":"https:\/\/www.meydan.tv\/az\/wp-json\/wp\/v2\/users\/11"}],"replies":[{"embeddable":true,"href":"https:\/\/www.meydan.tv\/az\/wp-json\/wp\/v2\/comments?post=164886"}],"version-history":[{"count":0,"href":"https:\/\/www.meydan.tv\/az\/wp-json\/wp\/v2\/posts\/164886\/revisions"}],"wp:featuredmedia":[{"embeddable":true,"href":"https:\/\/www.meydan.tv\/az\/wp-json\/wp\/v2\/media\/12530"}],"wp:attachment":[{"href":"https:\/\/www.meydan.tv\/az\/wp-json\/wp\/v2\/media?parent=164886"}],"wp:term":[{"taxonomy":"category","embeddable":true,"href":"https:\/\/www.meydan.tv\/az\/wp-json\/wp\/v2\/categories?post=164886"},{"taxonomy":"post_tag","embeddable":true,"href":"https:\/\/www.meydan.tv\/az\/wp-json\/wp\/v2\/tags?post=164886"}],"curies":[{"name":"wp","href":"https:\/\/api.w.org\/{rel}","templated":true}]}}